{"id":42137,"date":"2025-01-21T08:51:57","date_gmt":"2025-01-21T11:51:57","guid":{"rendered":"https:\/\/www.vagadeempregorj.com.br\/?p=42137"},"modified":"2025-06-15T14:46:42","modified_gmt":"2025-06-15T17:46:42","slug":"cursos-gratuitos-tecnologia-sorocaba","status":"publish","type":"post","link":"https:\/\/www.vagadeempregorj.com.br\/ar\/cursos-gratuitos-tecnologia-sorocaba\/","title":{"rendered":"Cursos Gratuitos de Tecnologia em Sorocaba pelo Metareciclagem"},"content":{"rendered":"<p class=\"has-medium-font-size\">O projeto Metareciclagem, em colabora\u00e7\u00e3o com o Servi\u00e7o Nacional de Aprendizagem Comercial (Senac) de Sorocaba, est\u00e1 oferecendo cursos gratuitos de tecnologia em Sorocaba. Esta \u00e9 uma grande oportunidade para quem deseja ingressar na \u00e1rea de tecnologia. Com quatro cursos gratuitos dispon\u00edveis, a iniciativa busca capacitar profissionais para atender \u00e0 crescente demanda do mercado de Tecnologia da Informa\u00e7\u00e3o (TI).<\/p>\n\n\n\n<p class=\"has-medium-font-size\">As inscri\u00e7\u00f5es, que come\u00e7aram no dia 20 de janeiro, seguem abertas at\u00e9 31 de janeiro. As aulas iniciar\u00e3o no dia 17 de fevereiro e ser\u00e3o realizadas presencialmente na sede do Senac Sorocaba, na Vila Hort\u00eancia. Os cursos s\u00e3o voltados para jovens e adultos que desejam se qualificar em uma das \u00e1reas mais promissoras do mercado atual.<\/p>\n\n\n\n<h2 class=\"wp-block-heading\">Cursos Gratuitos de Tecnologia Dispon\u00edveis<\/h2>\n\n\n\n<p class=\"has-medium-font-size\">Os cursos oferecidos abrangem \u00e1reas estrat\u00e9gicas para quem busca se especializar em TI. Confira as op\u00e7\u00f5es:<\/p>\n\n\n\n<h2 class=\"wp-block-heading\">Assistente de TI<\/h2>\n\n\n\n<ul class=\"wp-block-list\">\n<li class=\"has-medium-font-size\"><strong>Carga hor\u00e1ria:<\/strong> 200 horas<\/li>\n\n\n\n<li class=\"has-medium-font-size\"><strong>Pr\u00e9-requisito:<\/strong> Ensino Fundamental II conclu\u00eddo<\/li>\n\n\n\n<li class=\"has-medium-font-size\"><strong>Hor\u00e1rio:<\/strong> Segundas, quartas e sextas, das 13h30 \u00e0s 17h30<\/li>\n<\/ul>\n\n\n\n<h2 class=\"wp-block-heading\">Forma\u00e7\u00e3o de Hardware<\/h2>\n\n\n\n<ul class=\"wp-block-list\">\n<li class=\"has-medium-font-size\"><strong>Carga hor\u00e1ria:<\/strong> 80 horas<\/li>\n\n\n\n<li class=\"has-medium-font-size\"><strong>Pr\u00e9-requisito:<\/strong> Ensino Fundamental II conclu\u00eddo ou cursando, com idade m\u00ednima de 16 anos<\/li>\n\n\n\n<li class=\"has-medium-font-size\"><strong>Hor\u00e1rio:<\/strong> Segundas, ter\u00e7as e sextas, das 19h \u00e0s 22h30<\/li>\n<\/ul>\n\n\n\n<h2 class=\"wp-block-heading\">Manuten\u00e7\u00e3o de Impressoras \u00e0 Tinta<\/h2>\n\n\n\n<ul class=\"wp-block-list\">\n<li class=\"has-medium-font-size\"><strong>Carga hor\u00e1ria:<\/strong> 20 horas<\/li>\n\n\n\n<li class=\"has-medium-font-size\"><strong>Pr\u00e9-requisito:<\/strong> Ensino Fundamental II conclu\u00eddo ou cursando, com idade m\u00ednima de 16 anos<\/li>\n\n\n\n<li class=\"has-medium-font-size\"><strong>Hor\u00e1rio:<\/strong> Ter\u00e7as e quintas, das 13h30 \u00e0s 17h30<\/li>\n<\/ul>\n\n\n\n<h2 class=\"wp-block-heading\">Criando seu Primeiro Game<\/h2>\n\n\n\n<ul class=\"wp-block-list\">\n<li class=\"has-medium-font-size\"><strong>Carga hor\u00e1ria:<\/strong> 14 horas<\/li>\n\n\n\n<li class=\"has-medium-font-size\"><strong>Pr\u00e9-requisito:<\/strong> Ensino M\u00e9dio cursando e idade m\u00ednima de 15 anos<\/li>\n\n\n\n<li class=\"has-medium-font-size\"><strong>Hor\u00e1rio:<\/strong> Segundas, quartas e sextas, das 13h30 \u00e0s 17h30<\/li>\n<\/ul>\n\n\n\n<p class=\"has-medium-font-size\">Os cursos foram projetados para atender tanto iniciantes quanto aqueles que buscam se aperfei\u00e7oar em habilidades espec\u00edficas, como manuten\u00e7\u00e3o de hardware e cria\u00e7\u00e3o de jogos. Com uma abordagem pr\u00e1tica e acess\u00edvel, os participantes t\u00eam a chance de adquirir compet\u00eancias que fazem a diferen\u00e7a no mercado.<\/p>\n\n\n\n<h2 class=\"wp-block-heading\">Objetivo da Iniciativa<\/h2>\n\n\n\n<p class=\"has-medium-font-size\">De acordo com N\u00e1dia Teixeira, coordenadora do Metareciclagem, o principal objetivo \u00e9 capacitar jovens e adultos para o mercado de trabalho. &#8220;Nada melhor do que oferecer cursos gratuitos em \u00e1reas com alta demanda por contrata\u00e7\u00e3o&#8221;, destaca.<\/p>\n\n\n\n<p class=\"has-medium-font-size\">Por outro lado, Whisttila Munhoz, coordenadora de cursos de TI do Senac Sorocaba, destaca que a parceria n\u00e3o apenas promove o acesso \u00e0 educa\u00e7\u00e3o, mas tamb\u00e9m refor\u00e7a valores como empreendedorismo, inova\u00e7\u00e3o e sustentabilidade, que s\u00e3o essenciais para um mercado em constante evolu\u00e7\u00e3o. Al\u00e9m disso, essas iniciativas s\u00e3o fundamentais para formar profissionais com uma vis\u00e3o ampla e preparada para atender tanto \u00e0s necessidades atuais quanto \u00e0s demandas futuras do setor. Portanto, investir nessa capacita\u00e7\u00e3o pode ser um grande diferencial para quem busca se destacar.<\/p>\n\n\n\n<h2 class=\"wp-block-heading\">Como Participar<\/h2>\n\n\n\n<p class=\"has-medium-font-size\">Os interessados devem se inscrever atrav\u00e9s dos links disponibilizados abaixo. Ap\u00f3s o preenchimento do formul\u00e1rio, a Secretaria de Desenvolvimento Econ\u00f4mico e Turismo (Sedetur) entrar\u00e1 em contato para confirmar a inscri\u00e7\u00e3o. Em seguida, os candidatos ser\u00e3o orientados sobre a matr\u00edcula, que ocorrer\u00e1 entre os dias 3 e 15 de fevereiro. Portanto, fique atento aos prazos e garanta sua participa\u00e7\u00e3o nesse programa. Al\u00e9m disso, n\u00e3o deixe de conferir todos os detalhes para evitar imprevistos.<\/p>\n\n\n\n<ul class=\"wp-block-list\">\n<li class=\"has-medium-font-size\"><a href=\"https:\/\/tinyurl.com\/ASSISTENTE-DE-TI\">Assistente de TI<\/a><\/li>\n\n\n\n<li class=\"has-medium-font-size\"><a href=\"https:\/\/tinyurl.com\/FORMACAO-DE-HARDWARE\">Forma\u00e7\u00e3o de Hardware<\/a><\/li>\n\n\n\n<li class=\"has-medium-font-size\"><a href=\"https:\/\/tinyurl.com\/MANUTENCAO-DE-IMPRESSORAS\">Manuten\u00e7\u00e3o de Impressoras \u00e0 Tinta<\/a><\/li>\n\n\n\n<li class=\"has-medium-font-size\"><a href=\"https:\/\/tinyurl.com\/CRIANDO-O-SEU-PRIMEIRO-GAME\">Criando seu Primeiro Game<\/a><\/li>\n<\/ul>\n\n\n\n<p class=\"has-medium-font-size\">As aulas ser\u00e3o realizadas presencialmente na sede do Senac Sorocaba, localizada na rua Cel. Nogueira Padilha, Vila Hort\u00eancia. Mais informa\u00e7\u00f5es podem ser obtidas pelo WhatsApp (15) 3417-3825.<\/p>\n\n\n\n<h2 class=\"wp-block-heading\">Benef\u00edcios para os Participantes<\/h2>\n\n\n\n<p class=\"has-medium-font-size\">Al\u00e9m de aprenderem conceitos fundamentais de tecnologia, os participantes ter\u00e3o a chance de:<\/p>\n\n\n\n<ul class=\"wp-block-list\">\n<li class=\"has-medium-font-size\">Ampliar suas compet\u00eancias t\u00e9cnicas;<\/li>\n\n\n\n<li class=\"has-medium-font-size\">Estabelecer networking com outros profissionais da \u00e1rea;<\/li>\n\n\n\n<li class=\"has-medium-font-size\">Obter certifica\u00e7\u00f5es reconhecidas pelo mercado;<\/li>\n\n\n\n<li class=\"has-medium-font-size\">Ganhar confian\u00e7a para atuar em projetos reais.<\/li>\n<\/ul>\n\n\n\n<p class=\"has-medium-font-size\">Esses cursos gratuitos representam uma oportunidade \u00fanica de aprendizado e crescimento profissional. Al\u00e9m disso, a parceria entre o Metareciclagem e o Senac n\u00e3o apenas refor\u00e7a a import\u00e2ncia de unir iniciativas p\u00fablico-privadas, mas tamb\u00e9m destaca o compromisso com a democratiza\u00e7\u00e3o do acesso \u00e0 educa\u00e7\u00e3o de qualidade. Portanto, participar dessa iniciativa pode ser o diferencial necess\u00e1rio para impulsionar sua carreira. Por fim, n\u00e3o perca a chance de fazer parte desse projeto transformador.<\/p>\n\n\n\n<h2 class=\"wp-block-heading\">Conclus\u00e3o<\/h2>\n\n\n\n<p class=\"has-medium-font-size\">Os cursos gratuitos de tecnologia em Sorocaba, oferecidos pelo Metareciclagem em parceria com o Senac, s\u00e3o uma excelente oportunidade para quem busca se capacitar em \u00e1reas de alta demanda. Al\u00e9m disso, as inscri\u00e7\u00f5es est\u00e3o abertas at\u00e9 o dia 31 de janeiro, o que garante tempo suficiente para planejar sua participa\u00e7\u00e3o. Portanto, aproveite essa chance e comece a investir no seu futuro! Afinal, a capacita\u00e7\u00e3o profissional pode ser o primeiro passo para transformar sua carreira. Por fim, n\u00e3o deixe essa oportunidade passar e inscreva-se agora mesmo.<\/p>\n\n\n\n<hr class=\"wp-block-separator has-alpha-channel-opacity\"\/>\n\n\n\n<p class=\"has-medium-font-size\"><a href=\"https:\/\/www.vagadeempregorj.com.br\/ar\/cursos\/\">Saiba mais sobre <strong>programas de capacita\u00e7\u00e3o gratuita em tecnologia<\/strong> acessando nosso guia completo.<\/a><\/p>","protected":false},"excerpt":{"rendered":"<p>O projeto Metareciclagem, em colabora\u00e7\u00e3o com o Servi\u00e7o Nacional de Aprendizagem Comercial (Senac) de Sorocaba, est\u00e1 oferecendo cursos gratuitos de tecnologia em Sorocaba. Esta \u00e9 uma grande oportunidade para quem deseja ingressar na \u00e1rea de tecnologia. Com quatro cursos gratuitos dispon\u00edveis, a iniciativa busca capacitar profissionais para atender \u00e0 crescente demanda do mercado de Tecnologia&hellip;&nbsp;<\/p>","protected":false},"author":1,"featured_media":42138,"comment_status":"closed","ping_status":"closed","sticky":false,"template":"","format":"standard","meta":{"neve_meta_sidebar":"","neve_meta_container":"","neve_meta_enable_content_width":"","neve_meta_content_width":0,"neve_meta_title_alignment":"","neve_meta_author_avatar":"","neve_post_elements_order":"","neve_meta_disable_header":"","neve_meta_disable_footer":"","neve_meta_disable_title":"","footnotes":""},"categories":[703],"tags":[944,882,945,942,943],"class_list":["post-42137","post","type-post","status-publish","format-standard","has-post-thumbnail","hentry","category-informacao-tecnologica-e-curiosidades","tag-capacitacao-gratuita","tag-cursos-gratuitos","tag-formacao-em-ti","tag-tecnologia-da-informacao","tag-ti-sorocaba"],"yoast_head":"<!-- This site is optimized with the Yoast SEO plugin v27.5 - https:\/\/yoast.com\/product\/yoast-seo-wordpress\/ -->\n<title>Cursos Gratuitos de Tecnologia em Sorocaba pelo Metareciclagem -<\/title>\n<meta name=\"description\" content=\"Inscreva-se nos cursos gratuitos de tecnologia do Metareciclagem e Senac Sorocaba. Forma\u00e7\u00e3o de TI, hardware e mais at\u00e9 31 de janeiro.\" \/>\n<meta name=\"robots\" content=\"index, follow, max-snippet:-1, max-image-preview:large, max-video-preview:-1\" \/>\n<link rel=\"canonical\" href=\"https:\/\/www.vagadeempregorj.com.br\/ar\/cursos-gratuitos-tecnologia-sorocaba\/\" \/>\n<meta property=\"og:locale\" content=\"ar_AR\" \/>\n<meta property=\"og:type\" content=\"article\" \/>\n<meta property=\"og:title\" content=\"Cursos Gratuitos de Tecnologia em Sorocaba pelo Metareciclagem -\" \/>\n<meta property=\"og:description\" content=\"Inscreva-se nos cursos gratuitos de tecnologia do Metareciclagem e Senac Sorocaba. Forma\u00e7\u00e3o de TI, hardware e mais at\u00e9 31 de janeiro.\" \/>\n<meta property=\"og:url\" content=\"https:\/\/www.vagadeempregorj.com.br\/ar\/cursos-gratuitos-tecnologia-sorocaba\/\" \/>\n<meta property=\"article:publisher\" content=\"https:\/\/www.facebook.com\/empregobrasiloficial\" \/>\n<meta property=\"article:published_time\" content=\"2025-01-21T11:51:57+00:00\" \/>\n<meta property=\"article:modified_time\" content=\"2025-06-15T17:46:42+00:00\" \/>\n<meta property=\"og:image\" content=\"https:\/\/www.vagadeempregorj.com.br\/wp-content\/uploads\/2025\/01\/ti.jpg\" \/>\n\t<meta property=\"og:image:width\" content=\"1903\" \/>\n\t<meta property=\"og:image:height\" content=\"1263\" \/>\n\t<meta property=\"og:image:type\" content=\"image\/jpeg\" \/>\n<meta name=\"author\" content=\"Ana B.\" \/>\n<meta name=\"twitter:card\" content=\"summary_large_image\" \/>\n<meta name=\"twitter:label1\" content=\"Written by\" \/>\n\t<meta name=\"twitter:data1\" content=\"Ana B.\" \/>\n\t<meta name=\"twitter:label2\" content=\"Est. reading time\" \/>\n\t<meta name=\"twitter:data2\" content=\"4 \u062f\u0642\u0627\u0626\u0642\" \/>\n<script type=\"application\/ld+json\" class=\"yoast-schema-graph\">{\"@context\":\"https:\\\/\\\/schema.org\",\"@graph\":[{\"@type\":\"Article\",\"@id\":\"https:\\\/\\\/www.vagadeempregorj.com.br\\\/cursos-gratuitos-tecnologia-sorocaba\\\/#article\",\"isPartOf\":{\"@id\":\"https:\\\/\\\/www.vagadeempregorj.com.br\\\/cursos-gratuitos-tecnologia-sorocaba\\\/\"},\"author\":{\"name\":\"Ana B.\",\"@id\":\"https:\\\/\\\/www.vagadeempregorj.com.br\\\/#\\\/schema\\\/person\\\/c0c38d5d765e86c3b7c8f12fb1ae6477\"},\"headline\":\"Cursos Gratuitos de Tecnologia em Sorocaba pelo Metareciclagem\",\"datePublished\":\"2025-01-21T11:51:57+00:00\",\"dateModified\":\"2025-06-15T17:46:42+00:00\",\"mainEntityOfPage\":{\"@id\":\"https:\\\/\\\/www.vagadeempregorj.com.br\\\/cursos-gratuitos-tecnologia-sorocaba\\\/\"},\"wordCount\":820,\"image\":{\"@id\":\"https:\\\/\\\/www.vagadeempregorj.com.br\\\/cursos-gratuitos-tecnologia-sorocaba\\\/#primaryimage\"},\"thumbnailUrl\":\"https:\\\/\\\/www.vagadeempregorj.com.br\\\/wp-content\\\/uploads\\\/2025\\\/01\\\/ti.jpg\",\"keywords\":[\"capacita\u00e7\u00e3o gratuita\",\"cursos gratuitos\",\"forma\u00e7\u00e3o em TI\",\"tecnologia da informa\u00e7\u00e3o\",\"TI Sorocaba\"],\"articleSection\":[\"Informa\u00e7\u00e3o Tecnol\u00f3gica, Curiosidades e Cursos\"],\"inLanguage\":\"ar\"},{\"@type\":\"WebPage\",\"@id\":\"https:\\\/\\\/www.vagadeempregorj.com.br\\\/cursos-gratuitos-tecnologia-sorocaba\\\/\",\"url\":\"https:\\\/\\\/www.vagadeempregorj.com.br\\\/cursos-gratuitos-tecnologia-sorocaba\\\/\",\"name\":\"Cursos Gratuitos de Tecnologia em Sorocaba pelo Metareciclagem -\",\"isPartOf\":{\"@id\":\"https:\\\/\\\/www.vagadeempregorj.com.br\\\/#website\"},\"primaryImageOfPage\":{\"@id\":\"https:\\\/\\\/www.vagadeempregorj.com.br\\\/cursos-gratuitos-tecnologia-sorocaba\\\/#primaryimage\"},\"image\":{\"@id\":\"https:\\\/\\\/www.vagadeempregorj.com.br\\\/cursos-gratuitos-tecnologia-sorocaba\\\/#primaryimage\"},\"thumbnailUrl\":\"https:\\\/\\\/www.vagadeempregorj.com.br\\\/wp-content\\\/uploads\\\/2025\\\/01\\\/ti.jpg\",\"datePublished\":\"2025-01-21T11:51:57+00:00\",\"dateModified\":\"2025-06-15T17:46:42+00:00\",\"author\":{\"@id\":\"https:\\\/\\\/www.vagadeempregorj.com.br\\\/#\\\/schema\\\/person\\\/c0c38d5d765e86c3b7c8f12fb1ae6477\"},\"description\":\"Inscreva-se nos cursos gratuitos de tecnologia do Metareciclagem e Senac Sorocaba. Forma\u00e7\u00e3o de TI, hardware e mais at\u00e9 31 de janeiro.\",\"breadcrumb\":{\"@id\":\"https:\\\/\\\/www.vagadeempregorj.com.br\\\/cursos-gratuitos-tecnologia-sorocaba\\\/#breadcrumb\"},\"inLanguage\":\"ar\",\"potentialAction\":[{\"@type\":\"ReadAction\",\"target\":[\"https:\\\/\\\/www.vagadeempregorj.com.br\\\/cursos-gratuitos-tecnologia-sorocaba\\\/\"]}]},{\"@type\":\"ImageObject\",\"inLanguage\":\"ar\",\"@id\":\"https:\\\/\\\/www.vagadeempregorj.com.br\\\/cursos-gratuitos-tecnologia-sorocaba\\\/#primaryimage\",\"url\":\"https:\\\/\\\/www.vagadeempregorj.com.br\\\/wp-content\\\/uploads\\\/2025\\\/01\\\/ti.jpg\",\"contentUrl\":\"https:\\\/\\\/www.vagadeempregorj.com.br\\\/wp-content\\\/uploads\\\/2025\\\/01\\\/ti.jpg\",\"width\":1903,\"height\":1263,\"caption\":\"Cursos gratuitos de tecnologia em Sorocaba\"},{\"@type\":\"BreadcrumbList\",\"@id\":\"https:\\\/\\\/www.vagadeempregorj.com.br\\\/cursos-gratuitos-tecnologia-sorocaba\\\/#breadcrumb\",\"itemListElement\":[{\"@type\":\"ListItem\",\"position\":1,\"name\":\"In\u00edcio\",\"item\":\"https:\\\/\\\/www.vagadeempregorj.com.br\\\/\"},{\"@type\":\"ListItem\",\"position\":2,\"name\":\"Cursos Gratuitos de Tecnologia em Sorocaba pelo Metareciclagem\"}]},{\"@type\":\"WebSite\",\"@id\":\"https:\\\/\\\/www.vagadeempregorj.com.br\\\/#website\",\"url\":\"https:\\\/\\\/www.vagadeempregorj.com.br\\\/\",\"name\":\"\",\"description\":\"Conquiste Sonhos: Vagas, Benef\u00edcios e Economia para Transformar Vidas e Alcan\u00e7ar Melhorias Cotidianas\",\"potentialAction\":[{\"@type\":\"SearchAction\",\"target\":{\"@type\":\"EntryPoint\",\"urlTemplate\":\"https:\\\/\\\/www.vagadeempregorj.com.br\\\/?s={search_term_string}\"},\"query-input\":{\"@type\":\"PropertyValueSpecification\",\"valueRequired\":true,\"valueName\":\"search_term_string\"}}],\"inLanguage\":\"ar\"},{\"@type\":\"Person\",\"@id\":\"https:\\\/\\\/www.vagadeempregorj.com.br\\\/#\\\/schema\\\/person\\\/c0c38d5d765e86c3b7c8f12fb1ae6477\",\"name\":\"Ana B.\",\"image\":{\"@type\":\"ImageObject\",\"inLanguage\":\"ar\",\"@id\":\"https:\\\/\\\/secure.gravatar.com\\\/avatar\\\/f5efa58599e07f8dd92f26c7cfbc442fd115582bc681245452e503c2ef2334f3?s=96&r=g\",\"url\":\"https:\\\/\\\/secure.gravatar.com\\\/avatar\\\/f5efa58599e07f8dd92f26c7cfbc442fd115582bc681245452e503c2ef2334f3?s=96&r=g\",\"contentUrl\":\"https:\\\/\\\/secure.gravatar.com\\\/avatar\\\/f5efa58599e07f8dd92f26c7cfbc442fd115582bc681245452e503c2ef2334f3?s=96&r=g\",\"caption\":\"Ana B.\"},\"description\":\"Meu nome \u00e9 Ana e sou apaixonada em escrever. Dedico meu tempo escrevendo not\u00edcias e vagas de emprego diariamente no portal Vaga de Emprego RJ.\",\"url\":\"https:\\\/\\\/www.vagadeempregorj.com.br\\\/ar\\\/author\\\/vgrj\\\/\"}]}<\/script>\n<!-- \/ Yoast SEO plugin. -->","yoast_head_json":{"title":"Cursos Gratuitos de Tecnologia em Sorocaba pelo Metareciclagem -","description":"Inscreva-se nos cursos gratuitos de tecnologia do Metareciclagem e Senac Sorocaba. Forma\u00e7\u00e3o de TI, hardware e mais at\u00e9 31 de janeiro.","robots":{"index":"index","follow":"follow","max-snippet":"max-snippet:-1","max-image-preview":"max-image-preview:large","max-video-preview":"max-video-preview:-1"},"canonical":"https:\/\/www.vagadeempregorj.com.br\/ar\/cursos-gratuitos-tecnologia-sorocaba\/","og_locale":"ar_AR","og_type":"article","og_title":"Cursos Gratuitos de Tecnologia em Sorocaba pelo Metareciclagem -","og_description":"Inscreva-se nos cursos gratuitos de tecnologia do Metareciclagem e Senac Sorocaba. Forma\u00e7\u00e3o de TI, hardware e mais at\u00e9 31 de janeiro.","og_url":"https:\/\/www.vagadeempregorj.com.br\/ar\/cursos-gratuitos-tecnologia-sorocaba\/","article_publisher":"https:\/\/www.facebook.com\/empregobrasiloficial","article_published_time":"2025-01-21T11:51:57+00:00","article_modified_time":"2025-06-15T17:46:42+00:00","og_image":[{"width":1903,"height":1263,"url":"https:\/\/www.vagadeempregorj.com.br\/wp-content\/uploads\/2025\/01\/ti.jpg","type":"image\/jpeg"}],"author":"Ana B.","twitter_card":"summary_large_image","twitter_misc":{"Written by":"Ana B.","Est. reading time":"4 \u062f\u0642\u0627\u0626\u0642"},"schema":{"@context":"https:\/\/schema.org","@graph":[{"@type":"Article","@id":"https:\/\/www.vagadeempregorj.com.br\/cursos-gratuitos-tecnologia-sorocaba\/#article","isPartOf":{"@id":"https:\/\/www.vagadeempregorj.com.br\/cursos-gratuitos-tecnologia-sorocaba\/"},"author":{"name":"Ana B.","@id":"https:\/\/www.vagadeempregorj.com.br\/#\/schema\/person\/c0c38d5d765e86c3b7c8f12fb1ae6477"},"headline":"Cursos Gratuitos de Tecnologia em Sorocaba pelo Metareciclagem","datePublished":"2025-01-21T11:51:57+00:00","dateModified":"2025-06-15T17:46:42+00:00","mainEntityOfPage":{"@id":"https:\/\/www.vagadeempregorj.com.br\/cursos-gratuitos-tecnologia-sorocaba\/"},"wordCount":820,"image":{"@id":"https:\/\/www.vagadeempregorj.com.br\/cursos-gratuitos-tecnologia-sorocaba\/#primaryimage"},"thumbnailUrl":"https:\/\/www.vagadeempregorj.com.br\/wp-content\/uploads\/2025\/01\/ti.jpg","keywords":["capacita\u00e7\u00e3o gratuita","cursos gratuitos","forma\u00e7\u00e3o em TI","tecnologia da informa\u00e7\u00e3o","TI Sorocaba"],"articleSection":["Informa\u00e7\u00e3o Tecnol\u00f3gica, Curiosidades e Cursos"],"inLanguage":"ar"},{"@type":"WebPage","@id":"https:\/\/www.vagadeempregorj.com.br\/cursos-gratuitos-tecnologia-sorocaba\/","url":"https:\/\/www.vagadeempregorj.com.br\/cursos-gratuitos-tecnologia-sorocaba\/","name":"Cursos Gratuitos de Tecnologia em Sorocaba pelo Metareciclagem -","isPartOf":{"@id":"https:\/\/www.vagadeempregorj.com.br\/#website"},"primaryImageOfPage":{"@id":"https:\/\/www.vagadeempregorj.com.br\/cursos-gratuitos-tecnologia-sorocaba\/#primaryimage"},"image":{"@id":"https:\/\/www.vagadeempregorj.com.br\/cursos-gratuitos-tecnologia-sorocaba\/#primaryimage"},"thumbnailUrl":"https:\/\/www.vagadeempregorj.com.br\/wp-content\/uploads\/2025\/01\/ti.jpg","datePublished":"2025-01-21T11:51:57+00:00","dateModified":"2025-06-15T17:46:42+00:00","author":{"@id":"https:\/\/www.vagadeempregorj.com.br\/#\/schema\/person\/c0c38d5d765e86c3b7c8f12fb1ae6477"},"description":"Inscreva-se nos cursos gratuitos de tecnologia do Metareciclagem e Senac Sorocaba. Forma\u00e7\u00e3o de TI, hardware e mais at\u00e9 31 de janeiro.","breadcrumb":{"@id":"https:\/\/www.vagadeempregorj.com.br\/cursos-gratuitos-tecnologia-sorocaba\/#breadcrumb"},"inLanguage":"ar","potentialAction":[{"@type":"ReadAction","target":["https:\/\/www.vagadeempregorj.com.br\/cursos-gratuitos-tecnologia-sorocaba\/"]}]},{"@type":"ImageObject","inLanguage":"ar","@id":"https:\/\/www.vagadeempregorj.com.br\/cursos-gratuitos-tecnologia-sorocaba\/#primaryimage","url":"https:\/\/www.vagadeempregorj.com.br\/wp-content\/uploads\/2025\/01\/ti.jpg","contentUrl":"https:\/\/www.vagadeempregorj.com.br\/wp-content\/uploads\/2025\/01\/ti.jpg","width":1903,"height":1263,"caption":"Cursos gratuitos de tecnologia em Sorocaba"},{"@type":"BreadcrumbList","@id":"https:\/\/www.vagadeempregorj.com.br\/cursos-gratuitos-tecnologia-sorocaba\/#breadcrumb","itemListElement":[{"@type":"ListItem","position":1,"name":"In\u00edcio","item":"https:\/\/www.vagadeempregorj.com.br\/"},{"@type":"ListItem","position":2,"name":"Cursos Gratuitos de Tecnologia em Sorocaba pelo Metareciclagem"}]},{"@type":"WebSite","@id":"https:\/\/www.vagadeempregorj.com.br\/#website","url":"https:\/\/www.vagadeempregorj.com.br\/","name":"","description":"Conquiste Sonhos: Vagas, Benef\u00edcios e Economia para Transformar Vidas e Alcan\u00e7ar Melhorias Cotidianas","potentialAction":[{"@type":"SearchAction","target":{"@type":"EntryPoint","urlTemplate":"https:\/\/www.vagadeempregorj.com.br\/?s={search_term_string}"},"query-input":{"@type":"PropertyValueSpecification","valueRequired":true,"valueName":"search_term_string"}}],"inLanguage":"ar"},{"@type":"Person","@id":"https:\/\/www.vagadeempregorj.com.br\/#\/schema\/person\/c0c38d5d765e86c3b7c8f12fb1ae6477","name":"Ana B.","image":{"@type":"ImageObject","inLanguage":"ar","@id":"https:\/\/secure.gravatar.com\/avatar\/f5efa58599e07f8dd92f26c7cfbc442fd115582bc681245452e503c2ef2334f3?s=96&r=g","url":"https:\/\/secure.gravatar.com\/avatar\/f5efa58599e07f8dd92f26c7cfbc442fd115582bc681245452e503c2ef2334f3?s=96&r=g","contentUrl":"https:\/\/secure.gravatar.com\/avatar\/f5efa58599e07f8dd92f26c7cfbc442fd115582bc681245452e503c2ef2334f3?s=96&r=g","caption":"Ana B."},"description":"Meu nome \u00e9 Ana e sou apaixonada em escrever. Dedico meu tempo escrevendo not\u00edcias e vagas de emprego diariamente no portal Vaga de Emprego RJ.","url":"https:\/\/www.vagadeempregorj.com.br\/ar\/author\/vgrj\/"}]}},"_links":{"self":[{"href":"https:\/\/www.vagadeempregorj.com.br\/ar\/wp-json\/wp\/v2\/posts\/42137","targetHints":{"allow":["GET"]}}],"collection":[{"href":"https:\/\/www.vagadeempregorj.com.br\/ar\/wp-json\/wp\/v2\/posts"}],"about":[{"href":"https:\/\/www.vagadeempregorj.com.br\/ar\/wp-json\/wp\/v2\/types\/post"}],"author":[{"embeddable":true,"href":"https:\/\/www.vagadeempregorj.com.br\/ar\/wp-json\/wp\/v2\/users\/1"}],"replies":[{"embeddable":true,"href":"https:\/\/www.vagadeempregorj.com.br\/ar\/wp-json\/wp\/v2\/comments?post=42137"}],"version-history":[{"count":1,"href":"https:\/\/www.vagadeempregorj.com.br\/ar\/wp-json\/wp\/v2\/posts\/42137\/revisions"}],"predecessor-version":[{"id":43614,"href":"https:\/\/www.vagadeempregorj.com.br\/ar\/wp-json\/wp\/v2\/posts\/42137\/revisions\/43614"}],"wp:featuredmedia":[{"embeddable":true,"href":"https:\/\/www.vagadeempregorj.com.br\/ar\/wp-json\/wp\/v2\/media\/42138"}],"wp:attachment":[{"href":"https:\/\/www.vagadeempregorj.com.br\/ar\/wp-json\/wp\/v2\/media?parent=42137"}],"wp:term":[{"taxonomy":"category","embeddable":true,"href":"https:\/\/www.vagadeempregorj.com.br\/ar\/wp-json\/wp\/v2\/categories?post=42137"},{"taxonomy":"post_tag","embeddable":true,"href":"https:\/\/www.vagadeempregorj.com.br\/ar\/wp-json\/wp\/v2\/tags?post=42137"}],"curies":[{"name":"wp","href":"https:\/\/api.w.org\/{rel}","templated":true}]}}