{"id":42142,"date":"2025-01-27T06:00:00","date_gmt":"2025-01-27T09:00:00","guid":{"rendered":"https:\/\/www.vagadeempregorj.com.br\/?p=42142"},"modified":"2025-01-21T16:54:10","modified_gmt":"2025-01-21T19:54:10","slug":"salario-minimo-em-2025-qual-o-valor-atualizado-e-mudancas","status":"publish","type":"post","link":"https:\/\/www.vagadeempregorj.com.br\/ar\/salario-minimo-em-2025-qual-o-valor-atualizado-e-mudancas\/","title":{"rendered":"Sal\u00e1rio m\u00ednimo em 2025: Qual o valor atualizado e mudan\u00e7as"},"content":{"rendered":"<p>O sal\u00e1rio m\u00ednimo em 2025 j\u00e1 \u00e9 um tema de grande interesse para milh\u00f5es de brasileiros. Afinal, ele impacta diretamente o or\u00e7amento de trabalhadores, aposentados e diversos programas sociais no pa\u00eds. Saber o valor atualizado e as mudan\u00e7as previstas \u00e9 essencial para organizar as finan\u00e7as e entender o cen\u00e1rio econ\u00f4mico.<\/p>\n\n\n\n<figure class=\"wp-block-image size-large\"><img loading=\"lazy\" decoding=\"async\" width=\"1024\" height=\"683\" src=\"https:\/\/www.vagadeempregorj.com.br\/wp-content\/uploads\/2025\/01\/image-15-1024x683.png\" alt=\"\" class=\"wp-image-42157\" srcset=\"https:\/\/www.vagadeempregorj.com.br\/wp-content\/uploads\/2025\/01\/image-15-1024x683.png 1024w, https:\/\/www.vagadeempregorj.com.br\/wp-content\/uploads\/2025\/01\/image-15-300x200.png 300w, https:\/\/www.vagadeempregorj.com.br\/wp-content\/uploads\/2025\/01\/image-15-768x512.png 768w, https:\/\/www.vagadeempregorj.com.br\/wp-content\/uploads\/2025\/01\/image-15-150x100.png 150w, https:\/\/www.vagadeempregorj.com.br\/wp-content\/uploads\/2025\/01\/image-15.png 1125w\" sizes=\"auto, (max-width: 1024px) 100vw, 1024px\" \/><\/figure>\n\n\n\n<h2 class=\"wp-block-heading\">Qual \u00e9 o valor do sal\u00e1rio m\u00ednimo em 2025?<\/h2>\n\n\n\n<p>O sal\u00e1rio m\u00ednimo em 2025 foi reajustado para <strong>R$ 1.391,00<\/strong>. Esse aumento \u00e9 resultado de um c\u00e1lculo que considera a infla\u00e7\u00e3o medida pelo \u00cdndice Nacional de Pre\u00e7os ao Consumidor (INPC) e, em alguns casos, o crescimento do Produto Interno Bruto (PIB) de dois anos anteriores.<\/p>\n\n\n\n<p>Essa pol\u00edtica de valoriza\u00e7\u00e3o visa garantir que o sal\u00e1rio m\u00ednimo mantenha o poder de compra da popula\u00e7\u00e3o, especialmente em um cen\u00e1rio de altas nos pre\u00e7os de bens essenciais, como alimentos e transporte.<\/p>\n\n\n\n<p>Mas o que isso significa no dia a dia? O aumento, apesar de parecer pequeno, faz diferen\u00e7a para quem vive com um or\u00e7amento apertado. No entanto, \u00e9 importante entender que, mesmo com o reajuste, a renda b\u00e1sica ainda apresenta limita\u00e7\u00f5es em termos de atender todas as necessidades de uma fam\u00edlia brasileira.<\/p>\n\n\n\n<h2 class=\"wp-block-heading\">Como o sal\u00e1rio m\u00ednimo \u00e9 reajustado?<\/h2>\n\n\n\n<p>O reajuste do sal\u00e1rio m\u00ednimo no Brasil segue crit\u00e9rios espec\u00edficos. O governo utiliza uma f\u00f3rmula que combina dois fatores principais:<\/p>\n\n\n\n<p>1# <strong>Infla\u00e7\u00e3o<\/strong>: O INPC mede a varia\u00e7\u00e3o de pre\u00e7os e busca proteger o poder de compra do sal\u00e1rio m\u00ednimo contra a alta dos custos no mercado.<\/p>\n\n\n\n<p>2# <strong>Crescimento econ\u00f4mico<\/strong>: Em anos passados, o crescimento do PIB foi inclu\u00eddo como um segundo elemento da f\u00f3rmula. Em 2025, o reajuste considerou os \u00edndices de crescimento econ\u00f4mico de 2023.<\/p>\n\n\n\n<p>Essa pol\u00edtica de reajuste tem gerado discuss\u00f5es. Enquanto alguns defendem a f\u00f3rmula atual como justa, outros acreditam que ela deveria ser revisada para proporcionar um ganho real maior aos trabalhadores.<\/p>\n\n\n\n<h2 class=\"wp-block-heading\">Quem \u00e9 beneficiado pelo sal\u00e1rio m\u00ednimo?<\/h2>\n\n\n\n<p>O sal\u00e1rio m\u00ednimo n\u00e3o afeta apenas os trabalhadores formais. Ele tem um alcance muito maior, beneficiando diferentes grupos na sociedade. Confira alguns exemplos:<\/p>\n\n\n\n<p>1# <strong>Trabalhadores formais<\/strong>: Milh\u00f5es de brasileiros que t\u00eam carteira assinada recebem pelo menos o valor do sal\u00e1rio m\u00ednimo.<\/p>\n\n\n\n<p>2# <strong>Aposentados e pensionistas<\/strong>: Benefici\u00e1rios do INSS que recebem o piso previdenci\u00e1rio t\u00eam seus pagamentos vinculados ao sal\u00e1rio m\u00ednimo.<\/p>\n\n\n\n<p>3# <strong>Benefici\u00e1rios de programas sociais<\/strong>: Aux\u00edlios como o Benef\u00edcio de Presta\u00e7\u00e3o Continuada (BPC) tamb\u00e9m s\u00e3o atrelados ao sal\u00e1rio m\u00ednimo.<\/p>\n\n\n\n<p>Essa rela\u00e7\u00e3o entre o sal\u00e1rio m\u00ednimo e outros pagamentos \u00e9 essencial para garantir uma base de sustento para muitos brasileiros. Qualquer mudan\u00e7a no valor afeta diretamente esses grupos.<\/p>\n\n\n\n<h2 class=\"wp-block-heading\">Mudan\u00e7as previstas para 2025<\/h2>\n\n\n\n<p>Al\u00e9m do reajuste no valor, o sal\u00e1rio m\u00ednimo de 2025 trouxe algumas mudan\u00e7as importantes que merecem aten\u00e7\u00e3o:<\/p>\n\n\n\n<p>1# <strong>Nova pol\u00edtica de valoriza\u00e7\u00e3o<\/strong>: O governo retomou a pol\u00edtica que considera o crescimento econ\u00f4mico como parte do c\u00e1lculo do sal\u00e1rio m\u00ednimo. Isso significa que, al\u00e9m de corrigir a infla\u00e7\u00e3o, h\u00e1 uma possibilidade de ganhos reais para os trabalhadores.<\/p>\n\n\n\n<p>2# <strong>Impacto no INSS e programas sociais<\/strong>: Como o sal\u00e1rio m\u00ednimo \u00e9 usado como base para benef\u00edcios do INSS e programas sociais, o reajuste implica um aumento autom\u00e1tico nos valores pagos. Por exemplo, aposentadorias e pens\u00f5es com o piso previdenci\u00e1rio tamb\u00e9m passam a ser de R$ 1.391,00.<\/p>\n\n\n\n<p>3# <strong>Press\u00e3o sobre as empresas<\/strong>: O aumento no sal\u00e1rio m\u00ednimo representa um desafio para empresas, especialmente pequenas e m\u00e9dias, que precisam ajustar suas folhas de pagamento. Essa mudan\u00e7a pode refletir na economia como um todo, seja em pre\u00e7os ou na contrata\u00e7\u00e3o de m\u00e3o de obra.<\/p>\n\n\n\n<p>Essas mudan\u00e7as mostram como o reajuste vai al\u00e9m de um simples n\u00famero. Ele traz efeitos para toda a economia, tanto positivos quanto desafiadores.<\/p>\n\n\n\n<h2 class=\"wp-block-heading\">O sal\u00e1rio m\u00ednimo \u00e9 suficiente para viver no Brasil?<\/h2>\n\n\n\n<p>Apesar do reajuste, o sal\u00e1rio m\u00ednimo ainda est\u00e1 longe de ser suficiente para cobrir todos os custos de vida no Brasil. Segundo o Departamento Intersindical de Estat\u00edstica e Estudos Socioecon\u00f4micos (DIEESE), o valor ideal para atender as necessidades b\u00e1sicas de uma fam\u00edlia seria superior a R$ 6.000,00.<\/p>\n\n\n\n<p>Isso significa que o sal\u00e1rio m\u00ednimo cobre apenas uma pequena parte das despesas, como:<\/p>\n\n\n\n<p>1# Alimenta\u00e7\u00e3o<br>2# Transporte<br>3# Moradia<br>4# Educa\u00e7\u00e3o<\/p>\n\n\n\n<p>Essa realidade faz com que muitas fam\u00edlias precisem recorrer a trabalhos extras, cr\u00e9ditos ou at\u00e9 mesmo programas sociais para complementar a renda. A discuss\u00e3o sobre o aumento do sal\u00e1rio m\u00ednimo \u00e9 importante, mas tamb\u00e9m precisa estar alinhada a pol\u00edticas que combatam as desigualdades.<\/p>\n\n\n\n<h2 class=\"wp-block-heading\">O que esperar do futuro?<\/h2>\n\n\n\n<p>O sal\u00e1rio m\u00ednimo sempre ser\u00e1 um tema central para a economia brasileira. Em 2025, o aumento trouxe algum al\u00edvio, mas ainda existem desafios para que ele seja realmente suficiente. A press\u00e3o por pol\u00edticas p\u00fablicas que melhorem a qualidade de vida e reduzam as desigualdades deve continuar.<\/p>\n\n\n\n<p>Como cidad\u00e3o, \u00e9 essencial acompanhar essas mudan\u00e7as e entender como elas afetam seu dia a dia. O sal\u00e1rio m\u00ednimo vai al\u00e9m de um valor: ele \u00e9 um reflexo das condi\u00e7\u00f5es sociais e econ\u00f4micas do Brasil.<\/p>\n\n\n\n<p><strong>Veja tamb\u00e9m: <a href=\"https:\/\/www.vagadeempregorj.com.br\/ar\/bolsa-do-povo-tudo-o-que-voce-precisa-saber-sobre-o-programa-e-como-acessa-lo\/\">Bolsa do Povo: Tudo o Que Voc\u00ea Precisa Saber Sobre o Programa e Como Acess\u00e1-lo<\/a><\/strong><\/p>\n\n\n\n<p>27 de janeiro de 2025<\/p>","protected":false},"excerpt":{"rendered":"<p>O sal\u00e1rio m\u00ednimo em 2025 j\u00e1 \u00e9 um tema de grande interesse para milh\u00f5es de brasileiros. Afinal, ele impacta diretamente o or\u00e7amento de trabalhadores, aposentados e diversos programas sociais no pa\u00eds. Saber o valor atualizado e as mudan\u00e7as previstas \u00e9 essencial para organizar as finan\u00e7as e entender o cen\u00e1rio econ\u00f4mico. Qual \u00e9 o valor do&hellip;&nbsp;<\/p>","protected":false},"author":16,"featured_media":42157,"comment_status":"closed","ping_status":"closed","sticky":false,"template":"","format":"standard","meta":{"neve_meta_sidebar":"","neve_meta_container":"","neve_meta_enable_content_width":"","neve_meta_content_width":0,"neve_meta_title_alignment":"","neve_meta_author_avatar":"","neve_post_elements_order":"","neve_meta_disable_header":"","neve_meta_disable_footer":"","neve_meta_disable_title":"","footnotes":""},"categories":[804],"tags":[],"class_list":["post-42142","post","type-post","status-publish","format-standard","has-post-thumbnail","hentry","category-economia"],"yoast_head":"<!-- This site is optimized with the Yoast SEO plugin v27.5 - https:\/\/yoast.com\/product\/yoast-seo-wordpress\/ -->\n<title>Sal\u00e1rio m\u00ednimo em 2025: Qual o valor atualizado e mudan\u00e7as -<\/title>\n<meta name=\"description\" content=\"Veja em Vagas de Emprego RJ as vagas de emprego com e sem experi\u00eancia no seu Estado e Regi\u00e3o!\" \/>\n<meta name=\"robots\" content=\"index, follow, max-snippet:-1, max-image-preview:large, max-video-preview:-1\" \/>\n<link rel=\"canonical\" href=\"https:\/\/www.vagadeempregorj.com.br\/ar\/salario-minimo-em-2025-qual-o-valor-atualizado-e-mudancas\/\" \/>\n<meta property=\"og:locale\" content=\"ar_AR\" \/>\n<meta property=\"og:type\" content=\"article\" \/>\n<meta property=\"og:title\" content=\"Sal\u00e1rio m\u00ednimo em 2025: Qual o valor atualizado e mudan\u00e7as -\" \/>\n<meta property=\"og:description\" content=\"Veja em Vagas de Emprego RJ as vagas de emprego com e sem experi\u00eancia no seu Estado e Regi\u00e3o!\" \/>\n<meta property=\"og:url\" content=\"https:\/\/www.vagadeempregorj.com.br\/ar\/salario-minimo-em-2025-qual-o-valor-atualizado-e-mudancas\/\" \/>\n<meta property=\"article:publisher\" content=\"https:\/\/www.facebook.com\/empregobrasiloficial\" \/>\n<meta property=\"article:published_time\" content=\"2025-01-27T09:00:00+00:00\" \/>\n<meta property=\"og:image\" content=\"https:\/\/www.vagadeempregorj.com.br\/wp-content\/uploads\/2025\/01\/image-15.png\" \/>\n\t<meta property=\"og:image:width\" content=\"1125\" \/>\n\t<meta property=\"og:image:height\" content=\"750\" \/>\n\t<meta property=\"og:image:type\" content=\"image\/png\" \/>\n<meta name=\"author\" content=\"Michele\" \/>\n<meta name=\"twitter:card\" content=\"summary_large_image\" \/>\n<meta name=\"twitter:label1\" content=\"Written by\" \/>\n\t<meta name=\"twitter:data1\" content=\"Michele\" \/>\n\t<meta name=\"twitter:label2\" content=\"Est. reading time\" \/>\n\t<meta name=\"twitter:data2\" content=\"5 \u062f\u0642\u0627\u0626\u0642\" \/>\n<script type=\"application\/ld+json\" class=\"yoast-schema-graph\">{\"@context\":\"https:\\\/\\\/schema.org\",\"@graph\":[{\"@type\":\"Article\",\"@id\":\"https:\\\/\\\/www.vagadeempregorj.com.br\\\/salario-minimo-em-2025-qual-o-valor-atualizado-e-mudancas\\\/#article\",\"isPartOf\":{\"@id\":\"https:\\\/\\\/www.vagadeempregorj.com.br\\\/salario-minimo-em-2025-qual-o-valor-atualizado-e-mudancas\\\/\"},\"author\":{\"name\":\"Michele\",\"@id\":\"https:\\\/\\\/www.vagadeempregorj.com.br\\\/#\\\/schema\\\/person\\\/3ddb19fa0539706786e502152f3aae95\"},\"headline\":\"Sal\u00e1rio m\u00ednimo em 2025: Qual o valor atualizado e mudan\u00e7as\",\"datePublished\":\"2025-01-27T09:00:00+00:00\",\"mainEntityOfPage\":{\"@id\":\"https:\\\/\\\/www.vagadeempregorj.com.br\\\/salario-minimo-em-2025-qual-o-valor-atualizado-e-mudancas\\\/\"},\"wordCount\":930,\"image\":{\"@id\":\"https:\\\/\\\/www.vagadeempregorj.com.br\\\/salario-minimo-em-2025-qual-o-valor-atualizado-e-mudancas\\\/#primaryimage\"},\"thumbnailUrl\":\"https:\\\/\\\/www.vagadeempregorj.com.br\\\/wp-content\\\/uploads\\\/2025\\\/01\\\/image-15.png\",\"articleSection\":[\"Economia\"],\"inLanguage\":\"ar\"},{\"@type\":\"WebPage\",\"@id\":\"https:\\\/\\\/www.vagadeempregorj.com.br\\\/salario-minimo-em-2025-qual-o-valor-atualizado-e-mudancas\\\/\",\"url\":\"https:\\\/\\\/www.vagadeempregorj.com.br\\\/salario-minimo-em-2025-qual-o-valor-atualizado-e-mudancas\\\/\",\"name\":\"Sal\u00e1rio m\u00ednimo em 2025: Qual o valor atualizado e mudan\u00e7as -\",\"isPartOf\":{\"@id\":\"https:\\\/\\\/www.vagadeempregorj.com.br\\\/#website\"},\"primaryImageOfPage\":{\"@id\":\"https:\\\/\\\/www.vagadeempregorj.com.br\\\/salario-minimo-em-2025-qual-o-valor-atualizado-e-mudancas\\\/#primaryimage\"},\"image\":{\"@id\":\"https:\\\/\\\/www.vagadeempregorj.com.br\\\/salario-minimo-em-2025-qual-o-valor-atualizado-e-mudancas\\\/#primaryimage\"},\"thumbnailUrl\":\"https:\\\/\\\/www.vagadeempregorj.com.br\\\/wp-content\\\/uploads\\\/2025\\\/01\\\/image-15.png\",\"datePublished\":\"2025-01-27T09:00:00+00:00\",\"author\":{\"@id\":\"https:\\\/\\\/www.vagadeempregorj.com.br\\\/#\\\/schema\\\/person\\\/3ddb19fa0539706786e502152f3aae95\"},\"description\":\"Veja em Vagas de Emprego RJ as vagas de emprego com e sem experi\u00eancia no seu Estado e Regi\u00e3o!\",\"breadcrumb\":{\"@id\":\"https:\\\/\\\/www.vagadeempregorj.com.br\\\/salario-minimo-em-2025-qual-o-valor-atualizado-e-mudancas\\\/#breadcrumb\"},\"inLanguage\":\"ar\",\"potentialAction\":[{\"@type\":\"ReadAction\",\"target\":[\"https:\\\/\\\/www.vagadeempregorj.com.br\\\/salario-minimo-em-2025-qual-o-valor-atualizado-e-mudancas\\\/\"]}]},{\"@type\":\"ImageObject\",\"inLanguage\":\"ar\",\"@id\":\"https:\\\/\\\/www.vagadeempregorj.com.br\\\/salario-minimo-em-2025-qual-o-valor-atualizado-e-mudancas\\\/#primaryimage\",\"url\":\"https:\\\/\\\/www.vagadeempregorj.com.br\\\/wp-content\\\/uploads\\\/2025\\\/01\\\/image-15.png\",\"contentUrl\":\"https:\\\/\\\/www.vagadeempregorj.com.br\\\/wp-content\\\/uploads\\\/2025\\\/01\\\/image-15.png\",\"width\":1125,\"height\":750},{\"@type\":\"BreadcrumbList\",\"@id\":\"https:\\\/\\\/www.vagadeempregorj.com.br\\\/salario-minimo-em-2025-qual-o-valor-atualizado-e-mudancas\\\/#breadcrumb\",\"itemListElement\":[{\"@type\":\"ListItem\",\"position\":1,\"name\":\"In\u00edcio\",\"item\":\"https:\\\/\\\/www.vagadeempregorj.com.br\\\/\"},{\"@type\":\"ListItem\",\"position\":2,\"name\":\"Economia\",\"item\":\"https:\\\/\\\/www.vagadeempregorj.com.br\\\/economia\\\/\"},{\"@type\":\"ListItem\",\"position\":3,\"name\":\"Sal\u00e1rio m\u00ednimo em 2025: Qual o valor atualizado e mudan\u00e7as\"}]},{\"@type\":\"WebSite\",\"@id\":\"https:\\\/\\\/www.vagadeempregorj.com.br\\\/#website\",\"url\":\"https:\\\/\\\/www.vagadeempregorj.com.br\\\/\",\"name\":\"\",\"description\":\"Conquiste Sonhos: Vagas, Benef\u00edcios e Economia para Transformar Vidas e Alcan\u00e7ar Melhorias Cotidianas\",\"potentialAction\":[{\"@type\":\"SearchAction\",\"target\":{\"@type\":\"EntryPoint\",\"urlTemplate\":\"https:\\\/\\\/www.vagadeempregorj.com.br\\\/?s={search_term_string}\"},\"query-input\":{\"@type\":\"PropertyValueSpecification\",\"valueRequired\":true,\"valueName\":\"search_term_string\"}}],\"inLanguage\":\"ar\"},{\"@type\":\"Person\",\"@id\":\"https:\\\/\\\/www.vagadeempregorj.com.br\\\/#\\\/schema\\\/person\\\/3ddb19fa0539706786e502152f3aae95\",\"name\":\"Michele\",\"image\":{\"@type\":\"ImageObject\",\"inLanguage\":\"ar\",\"@id\":\"https:\\\/\\\/secure.gravatar.com\\\/avatar\\\/6b0eb9d22841282815e2cd856a0061c45e1761cd54b22e952d98c4746939aa85?s=96&r=g\",\"url\":\"https:\\\/\\\/secure.gravatar.com\\\/avatar\\\/6b0eb9d22841282815e2cd856a0061c45e1761cd54b22e952d98c4746939aa85?s=96&r=g\",\"contentUrl\":\"https:\\\/\\\/secure.gravatar.com\\\/avatar\\\/6b0eb9d22841282815e2cd856a0061c45e1761cd54b22e952d98c4746939aa85?s=96&r=g\",\"caption\":\"Michele\"},\"description\":\"Formada em Letras - Portugu\u00eas\\\/ Ingl\u00eas, e idealizadora do site Escritora de Sucesso, busca expandir o conhecimento de todos com informa\u00e7\u00f5es relevantes sobre diversos assuntos, enquanto redatora. No Vaga de Emprego RJ, traz oportunidades e dicas sobre o mercado de trabalho.\",\"url\":\"https:\\\/\\\/www.vagadeempregorj.com.br\\\/ar\\\/author\\\/michele\\\/\"}]}<\/script>\n<!-- \/ Yoast SEO plugin. -->","yoast_head_json":{"title":"Sal\u00e1rio m\u00ednimo em 2025: Qual o valor atualizado e mudan\u00e7as -","description":"Veja em Vagas de Emprego RJ as vagas de emprego com e sem experi\u00eancia no seu Estado e Regi\u00e3o!","robots":{"index":"index","follow":"follow","max-snippet":"max-snippet:-1","max-image-preview":"max-image-preview:large","max-video-preview":"max-video-preview:-1"},"canonical":"https:\/\/www.vagadeempregorj.com.br\/ar\/salario-minimo-em-2025-qual-o-valor-atualizado-e-mudancas\/","og_locale":"ar_AR","og_type":"article","og_title":"Sal\u00e1rio m\u00ednimo em 2025: Qual o valor atualizado e mudan\u00e7as -","og_description":"Veja em Vagas de Emprego RJ as vagas de emprego com e sem experi\u00eancia no seu Estado e Regi\u00e3o!","og_url":"https:\/\/www.vagadeempregorj.com.br\/ar\/salario-minimo-em-2025-qual-o-valor-atualizado-e-mudancas\/","article_publisher":"https:\/\/www.facebook.com\/empregobrasiloficial","article_published_time":"2025-01-27T09:00:00+00:00","og_image":[{"width":1125,"height":750,"url":"https:\/\/www.vagadeempregorj.com.br\/wp-content\/uploads\/2025\/01\/image-15.png","type":"image\/png"}],"author":"Michele","twitter_card":"summary_large_image","twitter_misc":{"Written by":"Michele","Est. reading time":"5 \u062f\u0642\u0627\u0626\u0642"},"schema":{"@context":"https:\/\/schema.org","@graph":[{"@type":"Article","@id":"https:\/\/www.vagadeempregorj.com.br\/salario-minimo-em-2025-qual-o-valor-atualizado-e-mudancas\/#article","isPartOf":{"@id":"https:\/\/www.vagadeempregorj.com.br\/salario-minimo-em-2025-qual-o-valor-atualizado-e-mudancas\/"},"author":{"name":"Michele","@id":"https:\/\/www.vagadeempregorj.com.br\/#\/schema\/person\/3ddb19fa0539706786e502152f3aae95"},"headline":"Sal\u00e1rio m\u00ednimo em 2025: Qual o valor atualizado e mudan\u00e7as","datePublished":"2025-01-27T09:00:00+00:00","mainEntityOfPage":{"@id":"https:\/\/www.vagadeempregorj.com.br\/salario-minimo-em-2025-qual-o-valor-atualizado-e-mudancas\/"},"wordCount":930,"image":{"@id":"https:\/\/www.vagadeempregorj.com.br\/salario-minimo-em-2025-qual-o-valor-atualizado-e-mudancas\/#primaryimage"},"thumbnailUrl":"https:\/\/www.vagadeempregorj.com.br\/wp-content\/uploads\/2025\/01\/image-15.png","articleSection":["Economia"],"inLanguage":"ar"},{"@type":"WebPage","@id":"https:\/\/www.vagadeempregorj.com.br\/salario-minimo-em-2025-qual-o-valor-atualizado-e-mudancas\/","url":"https:\/\/www.vagadeempregorj.com.br\/salario-minimo-em-2025-qual-o-valor-atualizado-e-mudancas\/","name":"Sal\u00e1rio m\u00ednimo em 2025: Qual o valor atualizado e mudan\u00e7as -","isPartOf":{"@id":"https:\/\/www.vagadeempregorj.com.br\/#website"},"primaryImageOfPage":{"@id":"https:\/\/www.vagadeempregorj.com.br\/salario-minimo-em-2025-qual-o-valor-atualizado-e-mudancas\/#primaryimage"},"image":{"@id":"https:\/\/www.vagadeempregorj.com.br\/salario-minimo-em-2025-qual-o-valor-atualizado-e-mudancas\/#primaryimage"},"thumbnailUrl":"https:\/\/www.vagadeempregorj.com.br\/wp-content\/uploads\/2025\/01\/image-15.png","datePublished":"2025-01-27T09:00:00+00:00","author":{"@id":"https:\/\/www.vagadeempregorj.com.br\/#\/schema\/person\/3ddb19fa0539706786e502152f3aae95"},"description":"Veja em Vagas de Emprego RJ as vagas de emprego com e sem experi\u00eancia no seu Estado e Regi\u00e3o!","breadcrumb":{"@id":"https:\/\/www.vagadeempregorj.com.br\/salario-minimo-em-2025-qual-o-valor-atualizado-e-mudancas\/#breadcrumb"},"inLanguage":"ar","potentialAction":[{"@type":"ReadAction","target":["https:\/\/www.vagadeempregorj.com.br\/salario-minimo-em-2025-qual-o-valor-atualizado-e-mudancas\/"]}]},{"@type":"ImageObject","inLanguage":"ar","@id":"https:\/\/www.vagadeempregorj.com.br\/salario-minimo-em-2025-qual-o-valor-atualizado-e-mudancas\/#primaryimage","url":"https:\/\/www.vagadeempregorj.com.br\/wp-content\/uploads\/2025\/01\/image-15.png","contentUrl":"https:\/\/www.vagadeempregorj.com.br\/wp-content\/uploads\/2025\/01\/image-15.png","width":1125,"height":750},{"@type":"BreadcrumbList","@id":"https:\/\/www.vagadeempregorj.com.br\/salario-minimo-em-2025-qual-o-valor-atualizado-e-mudancas\/#breadcrumb","itemListElement":[{"@type":"ListItem","position":1,"name":"In\u00edcio","item":"https:\/\/www.vagadeempregorj.com.br\/"},{"@type":"ListItem","position":2,"name":"Economia","item":"https:\/\/www.vagadeempregorj.com.br\/economia\/"},{"@type":"ListItem","position":3,"name":"Sal\u00e1rio m\u00ednimo em 2025: Qual o valor atualizado e mudan\u00e7as"}]},{"@type":"WebSite","@id":"https:\/\/www.vagadeempregorj.com.br\/#website","url":"https:\/\/www.vagadeempregorj.com.br\/","name":"","description":"Conquiste Sonhos: Vagas, Benef\u00edcios e Economia para Transformar Vidas e Alcan\u00e7ar Melhorias Cotidianas","potentialAction":[{"@type":"SearchAction","target":{"@type":"EntryPoint","urlTemplate":"https:\/\/www.vagadeempregorj.com.br\/?s={search_term_string}"},"query-input":{"@type":"PropertyValueSpecification","valueRequired":true,"valueName":"search_term_string"}}],"inLanguage":"ar"},{"@type":"Person","@id":"https:\/\/www.vagadeempregorj.com.br\/#\/schema\/person\/3ddb19fa0539706786e502152f3aae95","name":"Michele","image":{"@type":"ImageObject","inLanguage":"ar","@id":"https:\/\/secure.gravatar.com\/avatar\/6b0eb9d22841282815e2cd856a0061c45e1761cd54b22e952d98c4746939aa85?s=96&r=g","url":"https:\/\/secure.gravatar.com\/avatar\/6b0eb9d22841282815e2cd856a0061c45e1761cd54b22e952d98c4746939aa85?s=96&r=g","contentUrl":"https:\/\/secure.gravatar.com\/avatar\/6b0eb9d22841282815e2cd856a0061c45e1761cd54b22e952d98c4746939aa85?s=96&r=g","caption":"Michele"},"description":"Formada em Letras - Portugu\u00eas\/ Ingl\u00eas, e idealizadora do site Escritora de Sucesso, busca expandir o conhecimento de todos com informa\u00e7\u00f5es relevantes sobre diversos assuntos, enquanto redatora. No Vaga de Emprego RJ, traz oportunidades e dicas sobre o mercado de trabalho.","url":"https:\/\/www.vagadeempregorj.com.br\/ar\/author\/michele\/"}]}},"_links":{"self":[{"href":"https:\/\/www.vagadeempregorj.com.br\/ar\/wp-json\/wp\/v2\/posts\/42142","targetHints":{"allow":["GET"]}}],"collection":[{"href":"https:\/\/www.vagadeempregorj.com.br\/ar\/wp-json\/wp\/v2\/posts"}],"about":[{"href":"https:\/\/www.vagadeempregorj.com.br\/ar\/wp-json\/wp\/v2\/types\/post"}],"author":[{"embeddable":true,"href":"https:\/\/www.vagadeempregorj.com.br\/ar\/wp-json\/wp\/v2\/users\/16"}],"replies":[{"embeddable":true,"href":"https:\/\/www.vagadeempregorj.com.br\/ar\/wp-json\/wp\/v2\/comments?post=42142"}],"version-history":[{"count":0,"href":"https:\/\/www.vagadeempregorj.com.br\/ar\/wp-json\/wp\/v2\/posts\/42142\/revisions"}],"wp:featuredmedia":[{"embeddable":true,"href":"https:\/\/www.vagadeempregorj.com.br\/ar\/wp-json\/wp\/v2\/media\/42157"}],"wp:attachment":[{"href":"https:\/\/www.vagadeempregorj.com.br\/ar\/wp-json\/wp\/v2\/media?parent=42142"}],"wp:term":[{"taxonomy":"category","embeddable":true,"href":"https:\/\/www.vagadeempregorj.com.br\/ar\/wp-json\/wp\/v2\/categories?post=42142"},{"taxonomy":"post_tag","embeddable":true,"href":"https:\/\/www.vagadeempregorj.com.br\/ar\/wp-json\/wp\/v2\/tags?post=42142"}],"curies":[{"name":"wp","href":"https:\/\/api.w.org\/{rel}","templated":true}]}}