{"id":42150,"date":"2025-02-09T06:00:00","date_gmt":"2025-02-09T09:00:00","guid":{"rendered":"https:\/\/www.vagadeempregorj.com.br\/?p=42150"},"modified":"2025-01-21T16:54:17","modified_gmt":"2025-01-21T19:54:17","slug":"8-profissoes-que-vao-ficar-extintas-pela-ia-ate-2030","status":"publish","type":"post","link":"https:\/\/www.vagadeempregorj.com.br\/ar\/8-profissoes-que-vao-ficar-extintas-pela-ia-ate-2030\/","title":{"rendered":"8 profiss\u00f5es que v\u00e3o ficar extintas pela IA at\u00e9 2030"},"content":{"rendered":"<p>A intelig\u00eancia artificial (IA) est\u00e1 transformando o mercado de trabalho. Avan\u00e7os tecnol\u00f3gicos est\u00e3o tornando processos mais r\u00e1pidos e eficientes, mas tamb\u00e9m substituindo fun\u00e7\u00f5es antes desempenhadas por pessoas. Muitas profiss\u00f5es correm o risco de desaparecer at\u00e9 2030, especialmente aquelas que envolvem tarefas repetitivas ou facilmente automatiz\u00e1veis.<\/p>\n\n\n\n<figure class=\"wp-block-image size-large\"><img loading=\"lazy\" decoding=\"async\" width=\"1024\" height=\"683\" src=\"https:\/\/www.vagadeempregorj.com.br\/wp-content\/uploads\/2025\/01\/image-19-1024x683.png\" alt=\"\" class=\"wp-image-42161\" srcset=\"https:\/\/www.vagadeempregorj.com.br\/wp-content\/uploads\/2025\/01\/image-19-1024x683.png 1024w, https:\/\/www.vagadeempregorj.com.br\/wp-content\/uploads\/2025\/01\/image-19-300x200.png 300w, https:\/\/www.vagadeempregorj.com.br\/wp-content\/uploads\/2025\/01\/image-19-768x512.png 768w, https:\/\/www.vagadeempregorj.com.br\/wp-content\/uploads\/2025\/01\/image-19-150x100.png 150w, https:\/\/www.vagadeempregorj.com.br\/wp-content\/uploads\/2025\/01\/image-19.png 1125w\" sizes=\"auto, (max-width: 1024px) 100vw, 1024px\" \/><\/figure>\n\n\n\n<h2 class=\"wp-block-heading\">1# Operadores de telemarketing<\/h2>\n\n\n\n<p>Os operadores de telemarketing est\u00e3o entre os profissionais mais amea\u00e7ados pela IA. Chatbots e sistemas de atendimento automatizados t\u00eam substitu\u00eddo esse papel em diversas empresas. Esses rob\u00f4s s\u00e3o capazes de responder d\u00favidas, registrar reclama\u00e7\u00f5es e at\u00e9 mesmo realizar vendas sem a necessidade de interven\u00e7\u00e3o humana.<\/p>\n\n\n\n<p>Empresas preferem a IA nesse setor devido \u00e0 sua efici\u00eancia e custo reduzido. Para os profissionais dessa \u00e1rea, buscar qualifica\u00e7\u00e3o em atendimento ao cliente mais especializado pode ser uma sa\u00edda.<\/p>\n\n\n\n<h2 class=\"wp-block-heading\">2# Caixas de supermercado<\/h2>\n\n\n\n<p>A automa\u00e7\u00e3o em supermercados j\u00e1 \u00e9 uma realidade em muitos pa\u00edses. Caixas autom\u00e1ticos permitem que os clientes fa\u00e7am o pagamento sem a ajuda de um funcion\u00e1rio. Esse modelo est\u00e1 se expandindo rapidamente, eliminando a necessidade de operadores de caixa.<\/p>\n\n\n\n<p>Embora o contato humano ainda seja valorizado em alguns lugares, a tend\u00eancia \u00e9 que a automa\u00e7\u00e3o continue crescendo, especialmente em redes de grande porte.<\/p>\n\n\n\n<h2 class=\"wp-block-heading\">3# Motoristas de ve\u00edculos de transporte<\/h2>\n\n\n\n<p>Com os avan\u00e7os nos ve\u00edculos aut\u00f4nomos, motoristas de t\u00e1xi, caminh\u00e3o e aplicativos como Uber podem enfrentar uma queda significativa na demanda por seus servi\u00e7os. Grandes empresas como Tesla e Google est\u00e3o investindo pesado em carros aut\u00f4nomos, que prometem ser mais seguros e eficientes.<\/p>\n\n\n\n<p>Embora a substitui\u00e7\u00e3o completa n\u00e3o deva acontecer de imediato, a automa\u00e7\u00e3o no setor de transporte \u00e9 uma amea\u00e7a real para esses profissionais at\u00e9 2030.<\/p>\n\n\n\n<h2 class=\"wp-block-heading\">4# Trabalhadores da \u00e1rea de produ\u00e7\u00e3o industrial<\/h2>\n\n\n\n<p>A ind\u00fastria \u00e9 um dos setores mais afetados pela automa\u00e7\u00e3o. M\u00e1quinas e rob\u00f4s j\u00e1 realizam tarefas como montagem de pe\u00e7as, inspe\u00e7\u00e3o de qualidade e embalagem de produtos. Esses avan\u00e7os reduzem a necessidade de m\u00e3o de obra humana em linhas de produ\u00e7\u00e3o.<\/p>\n\n\n\n<p>Profissionais dessa \u00e1rea podem buscar qualifica\u00e7\u00e3o em manuten\u00e7\u00e3o de m\u00e1quinas ou \u00e1reas relacionadas \u00e0 programa\u00e7\u00e3o de rob\u00f4s industriais, que continuam a ter alta demanda.<\/p>\n\n\n\n<h2 class=\"wp-block-heading\">5# Analistas de dados b\u00e1sicos<\/h2>\n\n\n\n<p>A IA \u00e9 capaz de processar grandes volumes de dados em alta velocidade, tornando muitos analistas de dados b\u00e1sicos desnecess\u00e1rios. Ferramentas de an\u00e1lise automatizada j\u00e1 conseguem identificar padr\u00f5es, gerar relat\u00f3rios e prever tend\u00eancias com precis\u00e3o.<\/p>\n\n\n\n<p>No entanto, analistas especializados, que interpretam dados de forma estrat\u00e9gica, ainda s\u00e3o valorizados. A dica \u00e9 focar em habilidades mais complexas e menos automatiz\u00e1veis.<\/p>\n\n\n\n<h2 class=\"wp-block-heading\">6# Escritur\u00e1rios e auxiliares administrativos<\/h2>\n\n\n\n<p>Tarefas administrativas, como preenchimento de planilhas, controle de arquivos e envio de relat\u00f3rios, est\u00e3o cada vez mais sendo realizadas por softwares baseados em IA. Ferramentas como RPA (Automa\u00e7\u00e3o Rob\u00f3tica de Processos) executam essas fun\u00e7\u00f5es de forma eficiente e sem erros.<\/p>\n\n\n\n<p>Profissionais dessa \u00e1rea podem investir em habilidades relacionadas a an\u00e1lise de processos e gest\u00e3o estrat\u00e9gica, reduzindo a depend\u00eancia de tarefas repetitivas.<\/p>\n\n\n\n<h2 class=\"wp-block-heading\">7# Corretores de seguros<\/h2>\n\n\n\n<p>O setor de seguros tamb\u00e9m est\u00e1 sendo transformado pela IA. Algoritmos avan\u00e7ados conseguem avaliar riscos, calcular pr\u00eamios e at\u00e9 aprovar solicita\u00e7\u00f5es de forma automatizada. Isso reduz a necessidade de corretores humanos para intermediar o processo.<\/p>\n\n\n\n<p>Para continuar relevante, os profissionais dessa \u00e1rea podem se especializar em consultoria personalizada, oferecendo servi\u00e7os que a IA n\u00e3o consegue substituir.<\/p>\n\n\n\n<h2 class=\"wp-block-heading\">8# Trabalhadores de servi\u00e7os de atendimento b\u00e1sico<\/h2>\n\n\n\n<p>Profissionais que trabalham em recep\u00e7\u00f5es, centrais de atendimento e fun\u00e7\u00f5es similares est\u00e3o cada vez mais sendo substitu\u00eddos por assistentes virtuais e quiosques interativos. A IA consegue gerenciar filas, agendamentos e informa\u00e7\u00f5es b\u00e1sicas com agilidade.<\/p>\n\n\n\n<p>Para se destacar, \u00e9 importante focar em habilidades que envolvam empatia e intera\u00e7\u00e3o humana mais complexa, algo que a tecnologia ainda n\u00e3o consegue reproduzir completamente.<\/p>\n\n\n\n<h2 class=\"wp-block-heading\">O que fazer para se adaptar?<\/h2>\n\n\n\n<p>Embora a automa\u00e7\u00e3o ameace essas profiss\u00f5es, isso n\u00e3o significa que o mercado de trabalho ser\u00e1 destru\u00eddo. Pelo contr\u00e1rio, novas oportunidades surgem conforme a tecnologia avan\u00e7a. Para se preparar para o futuro, considere:<\/p>\n\n\n\n<p>1# <strong>Investir em qualifica\u00e7\u00e3o<\/strong>: Cursos em \u00e1reas como tecnologia, programa\u00e7\u00e3o e an\u00e1lise de dados s\u00e3o essenciais.<br>2# <strong>Desenvolver habilidades interpessoais<\/strong>: Compet\u00eancias como lideran\u00e7a, comunica\u00e7\u00e3o e criatividade s\u00e3o menos propensas a serem substitu\u00eddas por m\u00e1quinas.<br>3# <strong>Acompanhar tend\u00eancias<\/strong>: Esteja atento \u00e0s mudan\u00e7as no mercado para identificar novas oportunidades.<\/p>\n\n\n\n<p>A intelig\u00eancia artificial est\u00e1 mudando o mundo, mas aqueles que se adaptam \u00e0s novas exig\u00eancias continuam encontrando espa\u00e7o no mercado. Use essa transi\u00e7\u00e3o como uma oportunidade para evoluir!<\/p>\n\n\n\n<p><strong>Veja tamb\u00e9m: <a href=\"https:\/\/www.vagadeempregorj.com.br\/ar\/bolsa-do-povo-tudo-o-que-voce-precisa-saber-sobre-o-programa-e-como-acessa-lo\/\">Bolsa do Povo: Tudo o Que Voc\u00ea Precisa Saber Sobre o Programa e Como Acess\u00e1-lo<\/a><\/strong><\/p>\n\n\n\n<p>9 de fevereiro de 2025<\/p>","protected":false},"excerpt":{"rendered":"<p>A intelig\u00eancia artificial (IA) est\u00e1 transformando o mercado de trabalho. Avan\u00e7os tecnol\u00f3gicos est\u00e3o tornando processos mais r\u00e1pidos e eficientes, mas tamb\u00e9m substituindo fun\u00e7\u00f5es antes desempenhadas por pessoas. Muitas profiss\u00f5es correm o risco de desaparecer at\u00e9 2030, especialmente aquelas que envolvem tarefas repetitivas ou facilmente automatiz\u00e1veis. 1# Operadores de telemarketing Os operadores de telemarketing est\u00e3o entre&hellip;&nbsp;<\/p>","protected":false},"author":16,"featured_media":42161,"comment_status":"closed","ping_status":"closed","sticky":false,"template":"","format":"standard","meta":{"neve_meta_sidebar":"","neve_meta_container":"","neve_meta_enable_content_width":"","neve_meta_content_width":0,"neve_meta_title_alignment":"","neve_meta_author_avatar":"","neve_post_elements_order":"","neve_meta_disable_header":"","neve_meta_disable_footer":"","neve_meta_disable_title":"","footnotes":""},"categories":[703],"tags":[],"class_list":["post-42150","post","type-post","status-publish","format-standard","has-post-thumbnail","hentry","category-informacao-tecnologica-e-curiosidades"],"yoast_head":"<!-- This site is optimized with the Yoast SEO plugin v27.5 - https:\/\/yoast.com\/product\/yoast-seo-wordpress\/ -->\n<title>8 profiss\u00f5es que v\u00e3o ficar extintas pela IA at\u00e9 2030 -<\/title>\n<meta name=\"description\" content=\"Veja em Vagas de Emprego RJ as vagas de emprego com e sem experi\u00eancia no seu Estado e Regi\u00e3o!\" \/>\n<meta name=\"robots\" content=\"index, follow, max-snippet:-1, max-image-preview:large, max-video-preview:-1\" \/>\n<link rel=\"canonical\" href=\"https:\/\/www.vagadeempregorj.com.br\/ar\/8-profissoes-que-vao-ficar-extintas-pela-ia-ate-2030\/\" \/>\n<meta property=\"og:locale\" content=\"ar_AR\" \/>\n<meta property=\"og:type\" content=\"article\" \/>\n<meta property=\"og:title\" content=\"8 profiss\u00f5es que v\u00e3o ficar extintas pela IA at\u00e9 2030 -\" \/>\n<meta property=\"og:description\" content=\"Veja em Vagas de Emprego RJ as vagas de emprego com e sem experi\u00eancia no seu Estado e Regi\u00e3o!\" \/>\n<meta property=\"og:url\" content=\"https:\/\/www.vagadeempregorj.com.br\/ar\/8-profissoes-que-vao-ficar-extintas-pela-ia-ate-2030\/\" \/>\n<meta property=\"article:publisher\" content=\"https:\/\/www.facebook.com\/empregobrasiloficial\" \/>\n<meta property=\"article:published_time\" content=\"2025-02-09T09:00:00+00:00\" \/>\n<meta property=\"og:image\" content=\"https:\/\/www.vagadeempregorj.com.br\/wp-content\/uploads\/2025\/01\/image-19.png\" \/>\n\t<meta property=\"og:image:width\" content=\"1125\" \/>\n\t<meta property=\"og:image:height\" content=\"750\" \/>\n\t<meta property=\"og:image:type\" content=\"image\/png\" \/>\n<meta name=\"author\" content=\"Michele\" \/>\n<meta name=\"twitter:card\" content=\"summary_large_image\" \/>\n<meta name=\"twitter:label1\" content=\"Written by\" \/>\n\t<meta name=\"twitter:data1\" content=\"Michele\" \/>\n\t<meta name=\"twitter:label2\" content=\"Est. reading time\" \/>\n\t<meta name=\"twitter:data2\" content=\"4 \u062f\u0642\u0627\u0626\u0642\" \/>\n<script type=\"application\/ld+json\" class=\"yoast-schema-graph\">{\"@context\":\"https:\\\/\\\/schema.org\",\"@graph\":[{\"@type\":\"Article\",\"@id\":\"https:\\\/\\\/www.vagadeempregorj.com.br\\\/8-profissoes-que-vao-ficar-extintas-pela-ia-ate-2030\\\/#article\",\"isPartOf\":{\"@id\":\"https:\\\/\\\/www.vagadeempregorj.com.br\\\/8-profissoes-que-vao-ficar-extintas-pela-ia-ate-2030\\\/\"},\"author\":{\"name\":\"Michele\",\"@id\":\"https:\\\/\\\/www.vagadeempregorj.com.br\\\/#\\\/schema\\\/person\\\/3ddb19fa0539706786e502152f3aae95\"},\"headline\":\"8 profiss\u00f5es que v\u00e3o ficar extintas pela IA at\u00e9 2030\",\"datePublished\":\"2025-02-09T09:00:00+00:00\",\"mainEntityOfPage\":{\"@id\":\"https:\\\/\\\/www.vagadeempregorj.com.br\\\/8-profissoes-que-vao-ficar-extintas-pela-ia-ate-2030\\\/\"},\"wordCount\":830,\"image\":{\"@id\":\"https:\\\/\\\/www.vagadeempregorj.com.br\\\/8-profissoes-que-vao-ficar-extintas-pela-ia-ate-2030\\\/#primaryimage\"},\"thumbnailUrl\":\"https:\\\/\\\/www.vagadeempregorj.com.br\\\/wp-content\\\/uploads\\\/2025\\\/01\\\/image-19.png\",\"articleSection\":[\"Informa\u00e7\u00e3o Tecnol\u00f3gica, Curiosidades e Cursos\"],\"inLanguage\":\"ar\"},{\"@type\":\"WebPage\",\"@id\":\"https:\\\/\\\/www.vagadeempregorj.com.br\\\/8-profissoes-que-vao-ficar-extintas-pela-ia-ate-2030\\\/\",\"url\":\"https:\\\/\\\/www.vagadeempregorj.com.br\\\/8-profissoes-que-vao-ficar-extintas-pela-ia-ate-2030\\\/\",\"name\":\"8 profiss\u00f5es que v\u00e3o ficar extintas pela IA at\u00e9 2030 -\",\"isPartOf\":{\"@id\":\"https:\\\/\\\/www.vagadeempregorj.com.br\\\/#website\"},\"primaryImageOfPage\":{\"@id\":\"https:\\\/\\\/www.vagadeempregorj.com.br\\\/8-profissoes-que-vao-ficar-extintas-pela-ia-ate-2030\\\/#primaryimage\"},\"image\":{\"@id\":\"https:\\\/\\\/www.vagadeempregorj.com.br\\\/8-profissoes-que-vao-ficar-extintas-pela-ia-ate-2030\\\/#primaryimage\"},\"thumbnailUrl\":\"https:\\\/\\\/www.vagadeempregorj.com.br\\\/wp-content\\\/uploads\\\/2025\\\/01\\\/image-19.png\",\"datePublished\":\"2025-02-09T09:00:00+00:00\",\"author\":{\"@id\":\"https:\\\/\\\/www.vagadeempregorj.com.br\\\/#\\\/schema\\\/person\\\/3ddb19fa0539706786e502152f3aae95\"},\"description\":\"Veja em Vagas de Emprego RJ as vagas de emprego com e sem experi\u00eancia no seu Estado e Regi\u00e3o!\",\"breadcrumb\":{\"@id\":\"https:\\\/\\\/www.vagadeempregorj.com.br\\\/8-profissoes-que-vao-ficar-extintas-pela-ia-ate-2030\\\/#breadcrumb\"},\"inLanguage\":\"ar\",\"potentialAction\":[{\"@type\":\"ReadAction\",\"target\":[\"https:\\\/\\\/www.vagadeempregorj.com.br\\\/8-profissoes-que-vao-ficar-extintas-pela-ia-ate-2030\\\/\"]}]},{\"@type\":\"ImageObject\",\"inLanguage\":\"ar\",\"@id\":\"https:\\\/\\\/www.vagadeempregorj.com.br\\\/8-profissoes-que-vao-ficar-extintas-pela-ia-ate-2030\\\/#primaryimage\",\"url\":\"https:\\\/\\\/www.vagadeempregorj.com.br\\\/wp-content\\\/uploads\\\/2025\\\/01\\\/image-19.png\",\"contentUrl\":\"https:\\\/\\\/www.vagadeempregorj.com.br\\\/wp-content\\\/uploads\\\/2025\\\/01\\\/image-19.png\",\"width\":1125,\"height\":750},{\"@type\":\"BreadcrumbList\",\"@id\":\"https:\\\/\\\/www.vagadeempregorj.com.br\\\/8-profissoes-que-vao-ficar-extintas-pela-ia-ate-2030\\\/#breadcrumb\",\"itemListElement\":[{\"@type\":\"ListItem\",\"position\":1,\"name\":\"In\u00edcio\",\"item\":\"https:\\\/\\\/www.vagadeempregorj.com.br\\\/\"},{\"@type\":\"ListItem\",\"position\":2,\"name\":\"Informa\u00e7\u00e3o Tecnol\u00f3gica, Curiosidades e Cursos\",\"item\":\"https:\\\/\\\/www.vagadeempregorj.com.br\\\/informacao-tecnologica-e-curiosidades\\\/\"},{\"@type\":\"ListItem\",\"position\":3,\"name\":\"8 profiss\u00f5es que v\u00e3o ficar extintas pela IA at\u00e9 2030\"}]},{\"@type\":\"WebSite\",\"@id\":\"https:\\\/\\\/www.vagadeempregorj.com.br\\\/#website\",\"url\":\"https:\\\/\\\/www.vagadeempregorj.com.br\\\/\",\"name\":\"\",\"description\":\"Conquiste Sonhos: Vagas, Benef\u00edcios e Economia para Transformar Vidas e Alcan\u00e7ar Melhorias Cotidianas\",\"potentialAction\":[{\"@type\":\"SearchAction\",\"target\":{\"@type\":\"EntryPoint\",\"urlTemplate\":\"https:\\\/\\\/www.vagadeempregorj.com.br\\\/?s={search_term_string}\"},\"query-input\":{\"@type\":\"PropertyValueSpecification\",\"valueRequired\":true,\"valueName\":\"search_term_string\"}}],\"inLanguage\":\"ar\"},{\"@type\":\"Person\",\"@id\":\"https:\\\/\\\/www.vagadeempregorj.com.br\\\/#\\\/schema\\\/person\\\/3ddb19fa0539706786e502152f3aae95\",\"name\":\"Michele\",\"image\":{\"@type\":\"ImageObject\",\"inLanguage\":\"ar\",\"@id\":\"https:\\\/\\\/secure.gravatar.com\\\/avatar\\\/6b0eb9d22841282815e2cd856a0061c45e1761cd54b22e952d98c4746939aa85?s=96&r=g\",\"url\":\"https:\\\/\\\/secure.gravatar.com\\\/avatar\\\/6b0eb9d22841282815e2cd856a0061c45e1761cd54b22e952d98c4746939aa85?s=96&r=g\",\"contentUrl\":\"https:\\\/\\\/secure.gravatar.com\\\/avatar\\\/6b0eb9d22841282815e2cd856a0061c45e1761cd54b22e952d98c4746939aa85?s=96&r=g\",\"caption\":\"Michele\"},\"description\":\"Formada em Letras - Portugu\u00eas\\\/ Ingl\u00eas, e idealizadora do site Escritora de Sucesso, busca expandir o conhecimento de todos com informa\u00e7\u00f5es relevantes sobre diversos assuntos, enquanto redatora. No Vaga de Emprego RJ, traz oportunidades e dicas sobre o mercado de trabalho.\",\"url\":\"https:\\\/\\\/www.vagadeempregorj.com.br\\\/ar\\\/author\\\/michele\\\/\"}]}<\/script>\n<!-- \/ Yoast SEO plugin. -->","yoast_head_json":{"title":"8 profiss\u00f5es que v\u00e3o ficar extintas pela IA at\u00e9 2030 -","description":"Veja em Vagas de Emprego RJ as vagas de emprego com e sem experi\u00eancia no seu Estado e Regi\u00e3o!","robots":{"index":"index","follow":"follow","max-snippet":"max-snippet:-1","max-image-preview":"max-image-preview:large","max-video-preview":"max-video-preview:-1"},"canonical":"https:\/\/www.vagadeempregorj.com.br\/ar\/8-profissoes-que-vao-ficar-extintas-pela-ia-ate-2030\/","og_locale":"ar_AR","og_type":"article","og_title":"8 profiss\u00f5es que v\u00e3o ficar extintas pela IA at\u00e9 2030 -","og_description":"Veja em Vagas de Emprego RJ as vagas de emprego com e sem experi\u00eancia no seu Estado e Regi\u00e3o!","og_url":"https:\/\/www.vagadeempregorj.com.br\/ar\/8-profissoes-que-vao-ficar-extintas-pela-ia-ate-2030\/","article_publisher":"https:\/\/www.facebook.com\/empregobrasiloficial","article_published_time":"2025-02-09T09:00:00+00:00","og_image":[{"width":1125,"height":750,"url":"https:\/\/www.vagadeempregorj.com.br\/wp-content\/uploads\/2025\/01\/image-19.png","type":"image\/png"}],"author":"Michele","twitter_card":"summary_large_image","twitter_misc":{"Written by":"Michele","Est. reading time":"4 \u062f\u0642\u0627\u0626\u0642"},"schema":{"@context":"https:\/\/schema.org","@graph":[{"@type":"Article","@id":"https:\/\/www.vagadeempregorj.com.br\/8-profissoes-que-vao-ficar-extintas-pela-ia-ate-2030\/#article","isPartOf":{"@id":"https:\/\/www.vagadeempregorj.com.br\/8-profissoes-que-vao-ficar-extintas-pela-ia-ate-2030\/"},"author":{"name":"Michele","@id":"https:\/\/www.vagadeempregorj.com.br\/#\/schema\/person\/3ddb19fa0539706786e502152f3aae95"},"headline":"8 profiss\u00f5es que v\u00e3o ficar extintas pela IA at\u00e9 2030","datePublished":"2025-02-09T09:00:00+00:00","mainEntityOfPage":{"@id":"https:\/\/www.vagadeempregorj.com.br\/8-profissoes-que-vao-ficar-extintas-pela-ia-ate-2030\/"},"wordCount":830,"image":{"@id":"https:\/\/www.vagadeempregorj.com.br\/8-profissoes-que-vao-ficar-extintas-pela-ia-ate-2030\/#primaryimage"},"thumbnailUrl":"https:\/\/www.vagadeempregorj.com.br\/wp-content\/uploads\/2025\/01\/image-19.png","articleSection":["Informa\u00e7\u00e3o Tecnol\u00f3gica, Curiosidades e Cursos"],"inLanguage":"ar"},{"@type":"WebPage","@id":"https:\/\/www.vagadeempregorj.com.br\/8-profissoes-que-vao-ficar-extintas-pela-ia-ate-2030\/","url":"https:\/\/www.vagadeempregorj.com.br\/8-profissoes-que-vao-ficar-extintas-pela-ia-ate-2030\/","name":"8 profiss\u00f5es que v\u00e3o ficar extintas pela IA at\u00e9 2030 -","isPartOf":{"@id":"https:\/\/www.vagadeempregorj.com.br\/#website"},"primaryImageOfPage":{"@id":"https:\/\/www.vagadeempregorj.com.br\/8-profissoes-que-vao-ficar-extintas-pela-ia-ate-2030\/#primaryimage"},"image":{"@id":"https:\/\/www.vagadeempregorj.com.br\/8-profissoes-que-vao-ficar-extintas-pela-ia-ate-2030\/#primaryimage"},"thumbnailUrl":"https:\/\/www.vagadeempregorj.com.br\/wp-content\/uploads\/2025\/01\/image-19.png","datePublished":"2025-02-09T09:00:00+00:00","author":{"@id":"https:\/\/www.vagadeempregorj.com.br\/#\/schema\/person\/3ddb19fa0539706786e502152f3aae95"},"description":"Veja em Vagas de Emprego RJ as vagas de emprego com e sem experi\u00eancia no seu Estado e Regi\u00e3o!","breadcrumb":{"@id":"https:\/\/www.vagadeempregorj.com.br\/8-profissoes-que-vao-ficar-extintas-pela-ia-ate-2030\/#breadcrumb"},"inLanguage":"ar","potentialAction":[{"@type":"ReadAction","target":["https:\/\/www.vagadeempregorj.com.br\/8-profissoes-que-vao-ficar-extintas-pela-ia-ate-2030\/"]}]},{"@type":"ImageObject","inLanguage":"ar","@id":"https:\/\/www.vagadeempregorj.com.br\/8-profissoes-que-vao-ficar-extintas-pela-ia-ate-2030\/#primaryimage","url":"https:\/\/www.vagadeempregorj.com.br\/wp-content\/uploads\/2025\/01\/image-19.png","contentUrl":"https:\/\/www.vagadeempregorj.com.br\/wp-content\/uploads\/2025\/01\/image-19.png","width":1125,"height":750},{"@type":"BreadcrumbList","@id":"https:\/\/www.vagadeempregorj.com.br\/8-profissoes-que-vao-ficar-extintas-pela-ia-ate-2030\/#breadcrumb","itemListElement":[{"@type":"ListItem","position":1,"name":"In\u00edcio","item":"https:\/\/www.vagadeempregorj.com.br\/"},{"@type":"ListItem","position":2,"name":"Informa\u00e7\u00e3o Tecnol\u00f3gica, Curiosidades e Cursos","item":"https:\/\/www.vagadeempregorj.com.br\/informacao-tecnologica-e-curiosidades\/"},{"@type":"ListItem","position":3,"name":"8 profiss\u00f5es que v\u00e3o ficar extintas pela IA at\u00e9 2030"}]},{"@type":"WebSite","@id":"https:\/\/www.vagadeempregorj.com.br\/#website","url":"https:\/\/www.vagadeempregorj.com.br\/","name":"","description":"Conquiste Sonhos: Vagas, Benef\u00edcios e Economia para Transformar Vidas e Alcan\u00e7ar Melhorias Cotidianas","potentialAction":[{"@type":"SearchAction","target":{"@type":"EntryPoint","urlTemplate":"https:\/\/www.vagadeempregorj.com.br\/?s={search_term_string}"},"query-input":{"@type":"PropertyValueSpecification","valueRequired":true,"valueName":"search_term_string"}}],"inLanguage":"ar"},{"@type":"Person","@id":"https:\/\/www.vagadeempregorj.com.br\/#\/schema\/person\/3ddb19fa0539706786e502152f3aae95","name":"Michele","image":{"@type":"ImageObject","inLanguage":"ar","@id":"https:\/\/secure.gravatar.com\/avatar\/6b0eb9d22841282815e2cd856a0061c45e1761cd54b22e952d98c4746939aa85?s=96&r=g","url":"https:\/\/secure.gravatar.com\/avatar\/6b0eb9d22841282815e2cd856a0061c45e1761cd54b22e952d98c4746939aa85?s=96&r=g","contentUrl":"https:\/\/secure.gravatar.com\/avatar\/6b0eb9d22841282815e2cd856a0061c45e1761cd54b22e952d98c4746939aa85?s=96&r=g","caption":"Michele"},"description":"Formada em Letras - Portugu\u00eas\/ Ingl\u00eas, e idealizadora do site Escritora de Sucesso, busca expandir o conhecimento de todos com informa\u00e7\u00f5es relevantes sobre diversos assuntos, enquanto redatora. No Vaga de Emprego RJ, traz oportunidades e dicas sobre o mercado de trabalho.","url":"https:\/\/www.vagadeempregorj.com.br\/ar\/author\/michele\/"}]}},"_links":{"self":[{"href":"https:\/\/www.vagadeempregorj.com.br\/ar\/wp-json\/wp\/v2\/posts\/42150","targetHints":{"allow":["GET"]}}],"collection":[{"href":"https:\/\/www.vagadeempregorj.com.br\/ar\/wp-json\/wp\/v2\/posts"}],"about":[{"href":"https:\/\/www.vagadeempregorj.com.br\/ar\/wp-json\/wp\/v2\/types\/post"}],"author":[{"embeddable":true,"href":"https:\/\/www.vagadeempregorj.com.br\/ar\/wp-json\/wp\/v2\/users\/16"}],"replies":[{"embeddable":true,"href":"https:\/\/www.vagadeempregorj.com.br\/ar\/wp-json\/wp\/v2\/comments?post=42150"}],"version-history":[{"count":0,"href":"https:\/\/www.vagadeempregorj.com.br\/ar\/wp-json\/wp\/v2\/posts\/42150\/revisions"}],"wp:featuredmedia":[{"embeddable":true,"href":"https:\/\/www.vagadeempregorj.com.br\/ar\/wp-json\/wp\/v2\/media\/42161"}],"wp:attachment":[{"href":"https:\/\/www.vagadeempregorj.com.br\/ar\/wp-json\/wp\/v2\/media?parent=42150"}],"wp:term":[{"taxonomy":"category","embeddable":true,"href":"https:\/\/www.vagadeempregorj.com.br\/ar\/wp-json\/wp\/v2\/categories?post=42150"},{"taxonomy":"post_tag","embeddable":true,"href":"https:\/\/www.vagadeempregorj.com.br\/ar\/wp-json\/wp\/v2\/tags?post=42150"}],"curies":[{"name":"wp","href":"https:\/\/api.w.org\/{rel}","templated":true}]}}