{"id":42342,"date":"2025-01-29T17:00:33","date_gmt":"2025-01-29T20:00:33","guid":{"rendered":"https:\/\/www.vagadeempregorj.com.br\/?p=42342"},"modified":"2025-01-31T09:18:04","modified_gmt":"2025-01-31T12:18:04","slug":"luz-para-todos-energia-eletrica-para-todos-no-brasil","status":"publish","type":"post","link":"https:\/\/www.vagadeempregorj.com.br\/ar\/luz-para-todos-energia-eletrica-para-todos-no-brasil\/","title":{"rendered":"Luz para Todos: Energia El\u00e9trica para Todos no Brasil"},"content":{"rendered":"<h2 class=\"wp-block-heading\"><strong>Introdu\u00e7\u00e3o ao Programa Luz para Todos<\/strong><\/h2>\n\n\n\n<p class=\"has-medium-font-size\">O Programa Nacional de Universaliza\u00e7\u00e3o do Acesso e Uso da Energia El\u00e9trica, mais conhecido como <em>Luz para Todos<\/em>, \u00e9 uma pol\u00edtica p\u00fablica de grande impacto no Brasil. Seu principal objetivo \u00e9 levar energia el\u00e9trica a todas as regi\u00f5es do pa\u00eds, especialmente para \u00e1reas rurais e comunidades isoladas. Com a expans\u00e3o dessa infraestrutura, o programa tem promovido a inclus\u00e3o social, melhorado a qualidade de vida e impulsionado o desenvolvimento econ\u00f4mico de milh\u00f5es de brasileiros.<\/p>\n\n\n\n<h2 class=\"wp-block-heading\"><strong>O Impacto Social do Programa Luz para Todos<\/strong><\/h2>\n\n\n\n<p class=\"has-medium-font-size\">A eletricidade vai muito al\u00e9m de fornecer luz para iluminar a casa. Ela \u00e9 uma ferramenta poderosa que transforma a vida das pessoas, promovendo o desenvolvimento social e econ\u00f4mico. A chegada da energia el\u00e9trica a uma comunidade ou resid\u00eancia pode ser um divisor de \u00e1guas, proporcionando avan\u00e7os significativos na qualidade de vida das fam\u00edlias. Abaixo, destacamos como o programa <em>Luz para Todos<\/em> tem impactado positivamente diversas \u00e1reas da sociedade:<\/p>\n\n\n\n<ol class=\"wp-block-list\">\n<li class=\"has-medium-font-size\"><strong>Melhorando a qualidade de vida:<\/strong> Com o fornecimento de energia el\u00e9trica, as fam\u00edlias passam a ter maior conforto, seguran\u00e7a e sa\u00fade. As tarefas cotidianas, como cozinhar, estudar e trabalhar, tornam-se mais f\u00e1ceis e seguras. Al\u00e9m disso, a eletrifica\u00e7\u00e3o reduz os riscos de acidentes, como os causados por lampi\u00f5es a g\u00e1s ou velas.<\/li>\n\n\n\n<li class=\"has-medium-font-size\"><strong>Aumentando a produtividade no campo:<\/strong> Para os agricultores, o acesso \u00e0 energia el\u00e9trica significa maior produtividade. M\u00e1quinas, sistemas de irriga\u00e7\u00e3o e equipamentos de beneficiamento de produtos s\u00e3o agora acess\u00edveis, permitindo que as pequenas propriedades se tornem mais eficientes e competitivas no mercado. Isso, por sua vez, contribui para um aumento da renda e uma melhora significativa na qualidade de vida das fam\u00edlias no campo.<\/li>\n\n\n\n<li class=\"has-medium-font-size\"><strong>Facilitando o acesso \u00e0 educa\u00e7\u00e3o:<\/strong> A eletricidade tem um papel fundamental na educa\u00e7\u00e3o. O uso de computadores, acesso \u00e0 internet e a possibilidade de assistir a programas educativos na TV ou usar materiais did\u00e1ticos digitais abre novas portas para os estudantes. Al\u00e9m disso, escolas e centros comunit\u00e1rios t\u00eam mais recursos \u00e0 disposi\u00e7\u00e3o para oferecer uma educa\u00e7\u00e3o de melhor qualidade.<\/li>\n\n\n\n<li class=\"has-medium-font-size\"><strong>Fortalecendo a economia local:<\/strong> Quando uma comunidade recebe energia el\u00e9trica, pequenas empresas locais, como mercados, padarias e oficinas, podem expandir suas opera\u00e7\u00f5es. Com o uso de equipamentos el\u00e9tricos, \u00e9 poss\u00edvel aumentar a produ\u00e7\u00e3o e atender mais clientes, o que contribui para o crescimento econ\u00f4mico da regi\u00e3o.<\/li>\n<\/ol>\n\n\n\n<h2 class=\"wp-block-heading\"><strong>Luz para Todos: Resultados e N\u00fameros<\/strong><\/h2>\n\n\n\n<p class=\"has-medium-font-size\">Os n\u00fameros do programa <em>Luz para Todos<\/em> falam por si. Desde o seu lan\u00e7amento, o programa tem alcan\u00e7ado resultados expressivos em termos de cobertura e impacto. Com milh\u00f5es de fam\u00edlias beneficiadas, o programa contribuiu diretamente para a:<\/p>\n\n\n\n<ul class=\"wp-block-list\">\n<li class=\"has-medium-font-size\"><strong>Redu\u00e7\u00e3o da pobreza energ\u00e9tica:<\/strong> A eletrifica\u00e7\u00e3o de comunidades afastadas reduziu o n\u00famero de brasileiros que viviam sem acesso \u00e0 energia el\u00e9trica, melhorando a qualidade de vida e permitindo o desenvolvimento das regi\u00f5es atendidas.<\/li>\n\n\n\n<li class=\"has-medium-font-size\"><strong>Promo\u00e7\u00e3o da inclus\u00e3o social:<\/strong> O acesso \u00e0 eletricidade \u00e9 considerado um direito b\u00e1sico, e o programa tem cumprido um papel fundamental na promo\u00e7\u00e3o da igualdade de oportunidades para todos os brasileiros, sem distin\u00e7\u00e3o de classe ou localiza\u00e7\u00e3o.<\/li>\n\n\n\n<li class=\"has-medium-font-size\"><strong>Desenvolvimento sustent\u00e1vel:<\/strong> A energia el\u00e9trica \u00e9 um facilitador importante para a utiliza\u00e7\u00e3o de tecnologias mais limpas e eficientes, especialmente nas \u00e1reas rurais. Isso contribui para um desenvolvimento mais sustent\u00e1vel, alinhado com os objetivos de preserva\u00e7\u00e3o ambiental.<\/li>\n<\/ul>\n\n\n\n<h2 class=\"wp-block-heading\"><strong>Como Chegar at\u00e9 o Luz para Todos<\/strong><\/h2>\n\n\n\n<p class=\"has-medium-font-size\">Se voc\u00ea deseja obter mais informa\u00e7\u00f5es ou verificar como o programa pode beneficiar voc\u00ea ou sua comunidade, acesse o site oficial do programa <a href=\"https:\/\/www.gov.br\/mme\/pt-br\/destaques\/Programa%20Luz%20para%20Todos\">Luz para Todos<\/a> e descubra os detalhes sobre a ades\u00e3o e as iniciativas em andamento.<\/p>\n\n\n\n<h2 class=\"wp-block-heading\"><strong>Desafios e Perspectivas Futuras<\/strong><\/h2>\n\n\n\n<p class=\"has-medium-font-size\">Embora o <em>Luz para Todos<\/em> tenha trazido benef\u00edcios incontest\u00e1veis, o Brasil ainda enfrenta desafios na universaliza\u00e7\u00e3o do acesso \u00e0 energia el\u00e9trica, especialmente em regi\u00f5es mais remotas ou de dif\u00edcil acesso. A amplia\u00e7\u00e3o da infraestrutura el\u00e9trica continua sendo um dos maiores desafios do programa, sendo necess\u00e1rio investir constantemente em novas tecnologias e em m\u00e9todos mais eficientes de distribui\u00e7\u00e3o de energia.<\/p>\n\n\n\n<p class=\"has-medium-font-size\">No entanto, as perspectivas para o futuro s\u00e3o promissoras. Com a evolu\u00e7\u00e3o da tecnologia e o investimento cont\u00ednuo em energias renov\u00e1veis, como solar e e\u00f3lica, novas solu\u00e7\u00f5es est\u00e3o sendo exploradas para levar eletricidade a \u00e1reas mais isoladas. O objetivo \u00e9 garantir que, at\u00e9 2030, todos os brasileiros tenham acesso \u00e0 energia el\u00e9trica de maneira segura, eficiente e sustent\u00e1vel.<\/p>\n\n\n\n<h2 class=\"wp-block-heading\"><strong>Conclus\u00e3o: O Luz para Todos e o Futuro do Brasil<\/strong><\/h2>\n\n\n\n<p class=\"has-medium-font-size\">O <em>Luz para Todos<\/em> \u00e9 um exemplo claro de como pol\u00edticas p\u00fablicas bem elaboradas podem gerar mudan\u00e7as profundas e duradouras na vida das pessoas. Ao levar energia el\u00e9trica a milh\u00f5es de brasileiros, o programa n\u00e3o apenas transforma a realidade de diversas fam\u00edlias, mas tamb\u00e9m contribui para o desenvolvimento econ\u00f4mico e sustent\u00e1vel do Brasil.<\/p>\n\n\n\n<p class=\"has-medium-font-size\">O acesso \u00e0 energia el\u00e9trica \u00e9, sem d\u00favida, um direito fundamental, e o programa <em>Luz para Todos<\/em> \u00e9 um passo importante para garantir que esse direito seja universal. Com a continuidade e amplia\u00e7\u00e3o do programa, o Brasil est\u00e1 caminhando para um futuro mais iluminado e mais justo para todos os seus cidad\u00e3os.<\/p>\n\n\n\n<hr class=\"wp-block-separator has-alpha-channel-opacity\"\/>\n\n\n\n<p class=\"has-medium-font-size\"><a href=\"https:\/\/www.vagadeempregorj.com.br\/ar\/beneficios-sociais\/\">A Import\u00e2ncia das Energias Renov\u00e1veis no Brasil: Sustentabilidade e Futuro.<\/a><\/p>\n\n\n\n<p><\/p>","protected":false},"excerpt":{"rendered":"<p>Introdu\u00e7\u00e3o ao Programa Luz para Todos O Programa Nacional de Universaliza\u00e7\u00e3o do Acesso e Uso da Energia El\u00e9trica, mais conhecido como Luz para Todos, \u00e9 uma pol\u00edtica p\u00fablica de grande impacto no Brasil. Seu principal objetivo \u00e9 levar energia el\u00e9trica a todas as regi\u00f5es do pa\u00eds, especialmente para \u00e1reas rurais e comunidades isoladas. Com a&hellip;&nbsp;<\/p>","protected":false},"author":1,"featured_media":42343,"comment_status":"closed","ping_status":"closed","sticky":false,"template":"","format":"standard","meta":{"neve_meta_sidebar":"","neve_meta_container":"","neve_meta_enable_content_width":"","neve_meta_content_width":0,"neve_meta_title_alignment":"","neve_meta_author_avatar":"","neve_post_elements_order":"","neve_meta_disable_header":"","neve_meta_disable_footer":"","neve_meta_disable_title":"","footnotes":""},"categories":[1],"tags":[991,993,992,994,995],"class_list":["post-42342","post","type-post","status-publish","format-standard","has-post-thumbnail","hentry","category-beneficios-sociais","tag-desenvolvimento-sustentavel","tag-energia-eletrica","tag-inclusao-social","tag-luz-para-todos","tag-programa-social"],"yoast_head":"<!-- This site is optimized with the Yoast SEO plugin v27.5 - https:\/\/yoast.com\/product\/yoast-seo-wordpress\/ -->\n<title>Luz para Todos: Energia El\u00e9trica para Todos no Brasil -<\/title>\n<meta name=\"description\" content=\"Descubra como o programa Luz para Todos transforma vidas ao levar energia el\u00e9trica a comunidades isoladas e rurais no Brasil.\" \/>\n<meta name=\"robots\" content=\"index, follow, max-snippet:-1, max-image-preview:large, max-video-preview:-1\" \/>\n<link rel=\"canonical\" href=\"https:\/\/www.vagadeempregorj.com.br\/ar\/luz-para-todos-energia-eletrica-para-todos-no-brasil\/\" \/>\n<meta property=\"og:locale\" content=\"ar_AR\" \/>\n<meta property=\"og:type\" content=\"article\" \/>\n<meta property=\"og:title\" content=\"Luz para Todos: Energia El\u00e9trica para Todos no Brasil -\" \/>\n<meta property=\"og:description\" content=\"Descubra como o programa Luz para Todos transforma vidas ao levar energia el\u00e9trica a comunidades isoladas e rurais no Brasil.\" \/>\n<meta property=\"og:url\" content=\"https:\/\/www.vagadeempregorj.com.br\/ar\/luz-para-todos-energia-eletrica-para-todos-no-brasil\/\" \/>\n<meta property=\"article:publisher\" content=\"https:\/\/www.facebook.com\/empregobrasiloficial\" \/>\n<meta property=\"article:published_time\" content=\"2025-01-29T20:00:33+00:00\" \/>\n<meta property=\"article:modified_time\" content=\"2025-01-31T12:18:04+00:00\" \/>\n<meta property=\"og:image\" content=\"https:\/\/www.vagadeempregorj.com.br\/wp-content\/uploads\/2025\/01\/luz-para-todos.jpg\" \/>\n\t<meta property=\"og:image:width\" content=\"1472\" \/>\n\t<meta property=\"og:image:height\" content=\"1265\" \/>\n\t<meta property=\"og:image:type\" content=\"image\/jpeg\" \/>\n<meta name=\"author\" content=\"Ana B.\" \/>\n<meta name=\"twitter:card\" content=\"summary_large_image\" \/>\n<meta name=\"twitter:label1\" content=\"Written by\" \/>\n\t<meta name=\"twitter:data1\" content=\"Ana B.\" \/>\n\t<meta name=\"twitter:label2\" content=\"Est. reading time\" \/>\n\t<meta name=\"twitter:data2\" content=\"5 \u062f\u0642\u0627\u0626\u0642\" \/>\n<script type=\"application\/ld+json\" class=\"yoast-schema-graph\">{\"@context\":\"https:\\\/\\\/schema.org\",\"@graph\":[{\"@type\":\"Article\",\"@id\":\"https:\\\/\\\/www.vagadeempregorj.com.br\\\/luz-para-todos-energia-eletrica-para-todos-no-brasil\\\/#article\",\"isPartOf\":{\"@id\":\"https:\\\/\\\/www.vagadeempregorj.com.br\\\/luz-para-todos-energia-eletrica-para-todos-no-brasil\\\/\"},\"author\":{\"name\":\"Ana B.\",\"@id\":\"https:\\\/\\\/www.vagadeempregorj.com.br\\\/#\\\/schema\\\/person\\\/c0c38d5d765e86c3b7c8f12fb1ae6477\"},\"headline\":\"Luz para Todos: Energia El\u00e9trica para Todos no Brasil\",\"datePublished\":\"2025-01-29T20:00:33+00:00\",\"dateModified\":\"2025-01-31T12:18:04+00:00\",\"mainEntityOfPage\":{\"@id\":\"https:\\\/\\\/www.vagadeempregorj.com.br\\\/luz-para-todos-energia-eletrica-para-todos-no-brasil\\\/\"},\"wordCount\":917,\"image\":{\"@id\":\"https:\\\/\\\/www.vagadeempregorj.com.br\\\/luz-para-todos-energia-eletrica-para-todos-no-brasil\\\/#primaryimage\"},\"thumbnailUrl\":\"https:\\\/\\\/www.vagadeempregorj.com.br\\\/wp-content\\\/uploads\\\/2025\\\/01\\\/luz-para-todos.jpg\",\"keywords\":[\"desenvolvimento sustent\u00e1vel\",\"energia el\u00e9trica\",\"inclus\u00e3o social\",\"luz para todos\",\"programa social\"],\"articleSection\":[\"Benef\u00edcios Sociais\"],\"inLanguage\":\"ar\"},{\"@type\":\"WebPage\",\"@id\":\"https:\\\/\\\/www.vagadeempregorj.com.br\\\/luz-para-todos-energia-eletrica-para-todos-no-brasil\\\/\",\"url\":\"https:\\\/\\\/www.vagadeempregorj.com.br\\\/luz-para-todos-energia-eletrica-para-todos-no-brasil\\\/\",\"name\":\"Luz para Todos: Energia El\u00e9trica para Todos no Brasil -\",\"isPartOf\":{\"@id\":\"https:\\\/\\\/www.vagadeempregorj.com.br\\\/#website\"},\"primaryImageOfPage\":{\"@id\":\"https:\\\/\\\/www.vagadeempregorj.com.br\\\/luz-para-todos-energia-eletrica-para-todos-no-brasil\\\/#primaryimage\"},\"image\":{\"@id\":\"https:\\\/\\\/www.vagadeempregorj.com.br\\\/luz-para-todos-energia-eletrica-para-todos-no-brasil\\\/#primaryimage\"},\"thumbnailUrl\":\"https:\\\/\\\/www.vagadeempregorj.com.br\\\/wp-content\\\/uploads\\\/2025\\\/01\\\/luz-para-todos.jpg\",\"datePublished\":\"2025-01-29T20:00:33+00:00\",\"dateModified\":\"2025-01-31T12:18:04+00:00\",\"author\":{\"@id\":\"https:\\\/\\\/www.vagadeempregorj.com.br\\\/#\\\/schema\\\/person\\\/c0c38d5d765e86c3b7c8f12fb1ae6477\"},\"description\":\"Descubra como o programa Luz para Todos transforma vidas ao levar energia el\u00e9trica a comunidades isoladas e rurais no Brasil.\",\"breadcrumb\":{\"@id\":\"https:\\\/\\\/www.vagadeempregorj.com.br\\\/luz-para-todos-energia-eletrica-para-todos-no-brasil\\\/#breadcrumb\"},\"inLanguage\":\"ar\",\"potentialAction\":[{\"@type\":\"ReadAction\",\"target\":[\"https:\\\/\\\/www.vagadeempregorj.com.br\\\/luz-para-todos-energia-eletrica-para-todos-no-brasil\\\/\"]}]},{\"@type\":\"ImageObject\",\"inLanguage\":\"ar\",\"@id\":\"https:\\\/\\\/www.vagadeempregorj.com.br\\\/luz-para-todos-energia-eletrica-para-todos-no-brasil\\\/#primaryimage\",\"url\":\"https:\\\/\\\/www.vagadeempregorj.com.br\\\/wp-content\\\/uploads\\\/2025\\\/01\\\/luz-para-todos.jpg\",\"contentUrl\":\"https:\\\/\\\/www.vagadeempregorj.com.br\\\/wp-content\\\/uploads\\\/2025\\\/01\\\/luz-para-todos.jpg\",\"width\":1472,\"height\":1265,\"caption\":\"Luz para Todos\"},{\"@type\":\"BreadcrumbList\",\"@id\":\"https:\\\/\\\/www.vagadeempregorj.com.br\\\/luz-para-todos-energia-eletrica-para-todos-no-brasil\\\/#breadcrumb\",\"itemListElement\":[{\"@type\":\"ListItem\",\"position\":1,\"name\":\"In\u00edcio\",\"item\":\"https:\\\/\\\/www.vagadeempregorj.com.br\\\/\"},{\"@type\":\"ListItem\",\"position\":2,\"name\":\"Benef\u00edcios Sociais\",\"item\":\"https:\\\/\\\/www.vagadeempregorj.com.br\\\/beneficios-sociais\\\/\"},{\"@type\":\"ListItem\",\"position\":3,\"name\":\"Luz para Todos: Energia El\u00e9trica para Todos no Brasil\"}]},{\"@type\":\"WebSite\",\"@id\":\"https:\\\/\\\/www.vagadeempregorj.com.br\\\/#website\",\"url\":\"https:\\\/\\\/www.vagadeempregorj.com.br\\\/\",\"name\":\"\",\"description\":\"Conquiste Sonhos: Vagas, Benef\u00edcios e Economia para Transformar Vidas e Alcan\u00e7ar Melhorias Cotidianas\",\"potentialAction\":[{\"@type\":\"SearchAction\",\"target\":{\"@type\":\"EntryPoint\",\"urlTemplate\":\"https:\\\/\\\/www.vagadeempregorj.com.br\\\/?s={search_term_string}\"},\"query-input\":{\"@type\":\"PropertyValueSpecification\",\"valueRequired\":true,\"valueName\":\"search_term_string\"}}],\"inLanguage\":\"ar\"},{\"@type\":\"Person\",\"@id\":\"https:\\\/\\\/www.vagadeempregorj.com.br\\\/#\\\/schema\\\/person\\\/c0c38d5d765e86c3b7c8f12fb1ae6477\",\"name\":\"Ana B.\",\"image\":{\"@type\":\"ImageObject\",\"inLanguage\":\"ar\",\"@id\":\"https:\\\/\\\/secure.gravatar.com\\\/avatar\\\/f5efa58599e07f8dd92f26c7cfbc442fd115582bc681245452e503c2ef2334f3?s=96&r=g\",\"url\":\"https:\\\/\\\/secure.gravatar.com\\\/avatar\\\/f5efa58599e07f8dd92f26c7cfbc442fd115582bc681245452e503c2ef2334f3?s=96&r=g\",\"contentUrl\":\"https:\\\/\\\/secure.gravatar.com\\\/avatar\\\/f5efa58599e07f8dd92f26c7cfbc442fd115582bc681245452e503c2ef2334f3?s=96&r=g\",\"caption\":\"Ana B.\"},\"description\":\"Meu nome \u00e9 Ana e sou apaixonada em escrever. Dedico meu tempo escrevendo not\u00edcias e vagas de emprego diariamente no portal Vaga de Emprego RJ.\",\"url\":\"https:\\\/\\\/www.vagadeempregorj.com.br\\\/ar\\\/author\\\/vgrj\\\/\"}]}<\/script>\n<!-- \/ Yoast SEO plugin. -->","yoast_head_json":{"title":"Luz para Todos: Energia El\u00e9trica para Todos no Brasil -","description":"Descubra como o programa Luz para Todos transforma vidas ao levar energia el\u00e9trica a comunidades isoladas e rurais no Brasil.","robots":{"index":"index","follow":"follow","max-snippet":"max-snippet:-1","max-image-preview":"max-image-preview:large","max-video-preview":"max-video-preview:-1"},"canonical":"https:\/\/www.vagadeempregorj.com.br\/ar\/luz-para-todos-energia-eletrica-para-todos-no-brasil\/","og_locale":"ar_AR","og_type":"article","og_title":"Luz para Todos: Energia El\u00e9trica para Todos no Brasil -","og_description":"Descubra como o programa Luz para Todos transforma vidas ao levar energia el\u00e9trica a comunidades isoladas e rurais no Brasil.","og_url":"https:\/\/www.vagadeempregorj.com.br\/ar\/luz-para-todos-energia-eletrica-para-todos-no-brasil\/","article_publisher":"https:\/\/www.facebook.com\/empregobrasiloficial","article_published_time":"2025-01-29T20:00:33+00:00","article_modified_time":"2025-01-31T12:18:04+00:00","og_image":[{"width":1472,"height":1265,"url":"https:\/\/www.vagadeempregorj.com.br\/wp-content\/uploads\/2025\/01\/luz-para-todos.jpg","type":"image\/jpeg"}],"author":"Ana B.","twitter_card":"summary_large_image","twitter_misc":{"Written by":"Ana B.","Est. reading time":"5 \u062f\u0642\u0627\u0626\u0642"},"schema":{"@context":"https:\/\/schema.org","@graph":[{"@type":"Article","@id":"https:\/\/www.vagadeempregorj.com.br\/luz-para-todos-energia-eletrica-para-todos-no-brasil\/#article","isPartOf":{"@id":"https:\/\/www.vagadeempregorj.com.br\/luz-para-todos-energia-eletrica-para-todos-no-brasil\/"},"author":{"name":"Ana B.","@id":"https:\/\/www.vagadeempregorj.com.br\/#\/schema\/person\/c0c38d5d765e86c3b7c8f12fb1ae6477"},"headline":"Luz para Todos: Energia El\u00e9trica para Todos no Brasil","datePublished":"2025-01-29T20:00:33+00:00","dateModified":"2025-01-31T12:18:04+00:00","mainEntityOfPage":{"@id":"https:\/\/www.vagadeempregorj.com.br\/luz-para-todos-energia-eletrica-para-todos-no-brasil\/"},"wordCount":917,"image":{"@id":"https:\/\/www.vagadeempregorj.com.br\/luz-para-todos-energia-eletrica-para-todos-no-brasil\/#primaryimage"},"thumbnailUrl":"https:\/\/www.vagadeempregorj.com.br\/wp-content\/uploads\/2025\/01\/luz-para-todos.jpg","keywords":["desenvolvimento sustent\u00e1vel","energia el\u00e9trica","inclus\u00e3o social","luz para todos","programa social"],"articleSection":["Benef\u00edcios Sociais"],"inLanguage":"ar"},{"@type":"WebPage","@id":"https:\/\/www.vagadeempregorj.com.br\/luz-para-todos-energia-eletrica-para-todos-no-brasil\/","url":"https:\/\/www.vagadeempregorj.com.br\/luz-para-todos-energia-eletrica-para-todos-no-brasil\/","name":"Luz para Todos: Energia El\u00e9trica para Todos no Brasil -","isPartOf":{"@id":"https:\/\/www.vagadeempregorj.com.br\/#website"},"primaryImageOfPage":{"@id":"https:\/\/www.vagadeempregorj.com.br\/luz-para-todos-energia-eletrica-para-todos-no-brasil\/#primaryimage"},"image":{"@id":"https:\/\/www.vagadeempregorj.com.br\/luz-para-todos-energia-eletrica-para-todos-no-brasil\/#primaryimage"},"thumbnailUrl":"https:\/\/www.vagadeempregorj.com.br\/wp-content\/uploads\/2025\/01\/luz-para-todos.jpg","datePublished":"2025-01-29T20:00:33+00:00","dateModified":"2025-01-31T12:18:04+00:00","author":{"@id":"https:\/\/www.vagadeempregorj.com.br\/#\/schema\/person\/c0c38d5d765e86c3b7c8f12fb1ae6477"},"description":"Descubra como o programa Luz para Todos transforma vidas ao levar energia el\u00e9trica a comunidades isoladas e rurais no Brasil.","breadcrumb":{"@id":"https:\/\/www.vagadeempregorj.com.br\/luz-para-todos-energia-eletrica-para-todos-no-brasil\/#breadcrumb"},"inLanguage":"ar","potentialAction":[{"@type":"ReadAction","target":["https:\/\/www.vagadeempregorj.com.br\/luz-para-todos-energia-eletrica-para-todos-no-brasil\/"]}]},{"@type":"ImageObject","inLanguage":"ar","@id":"https:\/\/www.vagadeempregorj.com.br\/luz-para-todos-energia-eletrica-para-todos-no-brasil\/#primaryimage","url":"https:\/\/www.vagadeempregorj.com.br\/wp-content\/uploads\/2025\/01\/luz-para-todos.jpg","contentUrl":"https:\/\/www.vagadeempregorj.com.br\/wp-content\/uploads\/2025\/01\/luz-para-todos.jpg","width":1472,"height":1265,"caption":"Luz para Todos"},{"@type":"BreadcrumbList","@id":"https:\/\/www.vagadeempregorj.com.br\/luz-para-todos-energia-eletrica-para-todos-no-brasil\/#breadcrumb","itemListElement":[{"@type":"ListItem","position":1,"name":"In\u00edcio","item":"https:\/\/www.vagadeempregorj.com.br\/"},{"@type":"ListItem","position":2,"name":"Benef\u00edcios Sociais","item":"https:\/\/www.vagadeempregorj.com.br\/beneficios-sociais\/"},{"@type":"ListItem","position":3,"name":"Luz para Todos: Energia El\u00e9trica para Todos no Brasil"}]},{"@type":"WebSite","@id":"https:\/\/www.vagadeempregorj.com.br\/#website","url":"https:\/\/www.vagadeempregorj.com.br\/","name":"","description":"Conquiste Sonhos: Vagas, Benef\u00edcios e Economia para Transformar Vidas e Alcan\u00e7ar Melhorias Cotidianas","potentialAction":[{"@type":"SearchAction","target":{"@type":"EntryPoint","urlTemplate":"https:\/\/www.vagadeempregorj.com.br\/?s={search_term_string}"},"query-input":{"@type":"PropertyValueSpecification","valueRequired":true,"valueName":"search_term_string"}}],"inLanguage":"ar"},{"@type":"Person","@id":"https:\/\/www.vagadeempregorj.com.br\/#\/schema\/person\/c0c38d5d765e86c3b7c8f12fb1ae6477","name":"Ana B.","image":{"@type":"ImageObject","inLanguage":"ar","@id":"https:\/\/secure.gravatar.com\/avatar\/f5efa58599e07f8dd92f26c7cfbc442fd115582bc681245452e503c2ef2334f3?s=96&r=g","url":"https:\/\/secure.gravatar.com\/avatar\/f5efa58599e07f8dd92f26c7cfbc442fd115582bc681245452e503c2ef2334f3?s=96&r=g","contentUrl":"https:\/\/secure.gravatar.com\/avatar\/f5efa58599e07f8dd92f26c7cfbc442fd115582bc681245452e503c2ef2334f3?s=96&r=g","caption":"Ana B."},"description":"Meu nome \u00e9 Ana e sou apaixonada em escrever. Dedico meu tempo escrevendo not\u00edcias e vagas de emprego diariamente no portal Vaga de Emprego RJ.","url":"https:\/\/www.vagadeempregorj.com.br\/ar\/author\/vgrj\/"}]}},"_links":{"self":[{"href":"https:\/\/www.vagadeempregorj.com.br\/ar\/wp-json\/wp\/v2\/posts\/42342","targetHints":{"allow":["GET"]}}],"collection":[{"href":"https:\/\/www.vagadeempregorj.com.br\/ar\/wp-json\/wp\/v2\/posts"}],"about":[{"href":"https:\/\/www.vagadeempregorj.com.br\/ar\/wp-json\/wp\/v2\/types\/post"}],"author":[{"embeddable":true,"href":"https:\/\/www.vagadeempregorj.com.br\/ar\/wp-json\/wp\/v2\/users\/1"}],"replies":[{"embeddable":true,"href":"https:\/\/www.vagadeempregorj.com.br\/ar\/wp-json\/wp\/v2\/comments?post=42342"}],"version-history":[{"count":0,"href":"https:\/\/www.vagadeempregorj.com.br\/ar\/wp-json\/wp\/v2\/posts\/42342\/revisions"}],"wp:featuredmedia":[{"embeddable":true,"href":"https:\/\/www.vagadeempregorj.com.br\/ar\/wp-json\/wp\/v2\/media\/42343"}],"wp:attachment":[{"href":"https:\/\/www.vagadeempregorj.com.br\/ar\/wp-json\/wp\/v2\/media?parent=42342"}],"wp:term":[{"taxonomy":"category","embeddable":true,"href":"https:\/\/www.vagadeempregorj.com.br\/ar\/wp-json\/wp\/v2\/categories?post=42342"},{"taxonomy":"post_tag","embeddable":true,"href":"https:\/\/www.vagadeempregorj.com.br\/ar\/wp-json\/wp\/v2\/tags?post=42342"}],"curies":[{"name":"wp","href":"https:\/\/api.w.org\/{rel}","templated":true}]}}