{"id":42345,"date":"2025-01-30T08:35:17","date_gmt":"2025-01-30T11:35:17","guid":{"rendered":"https:\/\/www.vagadeempregorj.com.br\/?p=42345"},"modified":"2025-01-30T08:35:18","modified_gmt":"2025-01-30T11:35:18","slug":"oportunidades-emprego-estagio-2025","status":"publish","type":"post","link":"https:\/\/www.vagadeempregorj.com.br\/ar\/oportunidades-emprego-estagio-2025\/","title":{"rendered":"Oportunidades de Emprego e Est\u00e1gio em 2025: Inscri\u00e7\u00f5es Abertas"},"content":{"rendered":"<p class=\"has-medium-font-size\">O ano de 2025 come\u00e7a com boas not\u00edcias para quem busca uma nova coloca\u00e7\u00e3o profissional. <strong>Isso porque<\/strong> empresas de diversos setores abriram inscri\u00e7\u00f5es para vagas de emprego e est\u00e1gio em diferentes estados. <strong>Al\u00e9m disso<\/strong>, h\u00e1 diversas op\u00e7\u00f5es dispon\u00edveis. <strong>Por isso<\/strong>, confira algumas das melhores oportunidades e saiba como participar dos processos seletivos.<\/p>\n\n\n\n<h2 class=\"wp-block-heading\"><strong>Est\u00e1gios Abertos em Diversas \u00c1reas<\/strong><\/h2>\n\n\n\n<p class=\"has-medium-font-size\">A Nube &#8211; Estagi\u00e1rios e Aprendizes disponibiliza 9.736 vagas para estudantes de cursos variados. <strong>Al\u00e9m disso<\/strong>, as bolsas variam entre R$ 1.500,00 e R$ 3.000,00, dependendo da forma\u00e7\u00e3o. <strong>Por isso<\/strong>, os interessados podem se candidatar pelo site da institui\u00e7\u00e3o.<\/p>\n\n\n\n<h2 class=\"wp-block-heading\"><strong>CIEE e AGU Oferecem Est\u00e1gios<\/strong><\/h2>\n\n\n\n<p class=\"has-medium-font-size\">O Centro de Integra\u00e7\u00e3o Empresa-Escola (CIEE) e a Advocacia Geral da Uni\u00e3o (AGU) abriram inscri\u00e7\u00f5es para est\u00e1gio em ensino m\u00e9dio e superior. Os candidatos podem se inscrever at\u00e9 03\/02\/2025 pelo site do CIEE.<\/p>\n\n\n\n<p class=\"has-medium-font-size\">Os aprovados recebem bolsa-aux\u00edlio entre R$ 486,05 e R$ 1.125,69, al\u00e9m de aux\u00edlio transporte de R$ 10,00 por dia.<\/p>\n\n\n\n<h2 class=\"wp-block-heading\"><strong>Anvisa e CIEE Anunciam Novas Vagas<\/strong><\/h2>\n\n\n\n<p class=\"has-medium-font-size\">Com oportunidades para Ensino M\u00e9dio, Superior e P\u00f3s-Gradua\u00e7\u00e3o, a Anvisa e o CIEE abriram sele\u00e7\u00e3o de est\u00e1gio. <strong>Al\u00e9m disso<\/strong>, as inscri\u00e7\u00f5es v\u00e3o at\u00e9 05\/02\/2025. <strong>Quanto \u00e0 remunera\u00e7\u00e3o<\/strong>, ela pode chegar a R$ 1.665,22, com carga hor\u00e1ria de 30 horas semanais.<\/p>\n\n\n\n<h2 class=\"wp-block-heading\"><strong>Empresas com Vagas de Emprego Abertas<\/strong><\/h2>\n\n\n\n<h3 class=\"wp-block-heading\"><strong>Obramax Expande e Contrata no Esp\u00edrito Santo<\/strong><\/h3>\n\n\n\n<p class=\"has-medium-font-size\">A Obramax inaugura uma nova unidade em Cariacica (ES), gerando 200 empregos diretos. Atualmente, 150 vagas est\u00e3o abertas para diversas fun\u00e7\u00f5es. Os interessados devem acessar o site da empresa para se candidatar.<\/p>\n\n\n\n<h3 class=\"wp-block-heading\"><strong>Amgen Brasil Tem Oportunidades para Profissionais de Sa\u00fade<\/strong><\/h3>\n\n\n\n<p class=\"has-medium-font-size\">A Amgen Brasil abriu inscri\u00e7\u00f5es para diversas fun\u00e7\u00f5es no setor de biotecnologia, incluindo Marketing, Ci\u00eancias M\u00e9dicas e Vendas. As candidaturas podem ser feitas pelo site da empresa.<\/p>\n\n\n\n<h3 class=\"wp-block-heading\"><strong>Seguros Unimed Contrata em Diversas \u00c1reas<\/strong><\/h3>\n\n\n\n<p class=\"has-medium-font-size\">A Seguros Unimed oferece vagas para analistas, coordenadores e executivos em diferentes setores. Os candidatos devem se inscrever pelo site da companhia.<\/p>\n\n\n\n<h3 class=\"wp-block-heading\"><strong>Grupo DPSP Abre Mais de 800 Vagas<\/strong><\/h3>\n\n\n\n<p class=\"has-medium-font-size\">As redes Drogarias Pacheco e Drogaria S\u00e3o Paulo est\u00e3o contratando jovens aprendizes, profissionais com defici\u00eancia e pessoas com mais de 50 anos. As inscri\u00e7\u00f5es est\u00e3o dispon\u00edveis na p\u00e1gina de carreiras do Grupo DPSP.<\/p>\n\n\n\n<h3 class=\"wp-block-heading\"><strong>Grupo Amil Lan\u00e7a Programa de Aprendiz 2025<\/strong><\/h3>\n\n\n\n<p class=\"has-medium-font-size\">Com 113 vagas abertas, o Grupo Amil busca jovens para seu Programa de Aprendiz 2025. As oportunidades est\u00e3o distribu\u00eddas em diversas cidades e oferecem benef\u00edcios como vale-transporte e plano de sa\u00fade. As inscri\u00e7\u00f5es seguem at\u00e9 31\/01\/2025.<\/p>\n\n\n\n<h3 class=\"wp-block-heading\"><strong>Rumo Oferece Empregos em Quatro Estados<\/strong><\/h3>\n\n\n\n<p class=\"has-medium-font-size\">A concession\u00e1ria de ferrovias Rumo tem vagas abertas para S\u00e3o Paulo, Mato Grosso, Paran\u00e1 e Goi\u00e1s. As fun\u00e7\u00f5es incluem cargos administrativos e operacionais. Inscri\u00e7\u00f5es podem ser feitas pelo site da empresa.<\/p>\n\n\n\n<h2 class=\"wp-block-heading\"><strong>Conclus\u00e3o<\/strong><\/h2>\n\n\n\n<p class=\"has-medium-font-size\">O mercado de trabalho segue aquecido em 2025, <strong>por isso<\/strong>, h\u00e1 diversas vagas de emprego e est\u00e1gio dispon\u00edveis em todo o Brasil. <strong>Al\u00e9m disso<\/strong>, empresas de diferentes setores est\u00e3o recrutando profissionais de n\u00edveis variados. <strong>Dessa forma<\/strong>, os interessados devem se inscrever dentro dos prazos estipulados <strong>e tamb\u00e9m<\/strong> acompanhar as atualiza\u00e7\u00f5es nos sites das empresas.<\/p>\n\n\n\n<hr class=\"wp-block-separator has-alpha-channel-opacity\"\/>\n\n\n\n<p class=\"has-medium-font-size\"><a href=\"https:\/\/www.vagadeempregorj.com.br\/ar\/vagas-de-emprego-nacionais\/\">Artigo sobre dicas para conseguir um emprego ou est\u00e1gio em 2025.<\/a><\/p>","protected":false},"excerpt":{"rendered":"<p>O ano de 2025 come\u00e7a com boas not\u00edcias para quem busca uma nova coloca\u00e7\u00e3o profissional. Isso porque empresas de diversos setores abriram inscri\u00e7\u00f5es para vagas de emprego e est\u00e1gio em diferentes estados. Al\u00e9m disso, h\u00e1 diversas op\u00e7\u00f5es dispon\u00edveis. Por isso, confira algumas das melhores oportunidades e saiba como participar dos processos seletivos. Est\u00e1gios Abertos em&hellip;&nbsp;<\/p>","protected":false},"author":1,"featured_media":42346,"comment_status":"closed","ping_status":"closed","sticky":false,"template":"","format":"standard","meta":{"neve_meta_sidebar":"","neve_meta_container":"","neve_meta_enable_content_width":"","neve_meta_content_width":0,"neve_meta_title_alignment":"","neve_meta_author_avatar":"","neve_post_elements_order":"","neve_meta_disable_header":"","neve_meta_disable_footer":"","neve_meta_disable_title":"","footnotes":""},"categories":[123],"tags":[997,998,999,941,996],"class_list":["post-42345","post","type-post","status-publish","format-standard","has-post-thumbnail","hentry","category-vagas-de-emprego-nacionais","tag-empregos-2025","tag-estagio-2025","tag-inscricoes-abertas","tag-mercado-de-trabalho","tag-vagas-abertas"],"yoast_head":"<!-- This site is optimized with the Yoast SEO plugin v27.5 - https:\/\/yoast.com\/product\/yoast-seo-wordpress\/ -->\n<title>Oportunidades de Emprego e Est\u00e1gio em 2025: Inscri\u00e7\u00f5es Abertas -<\/title>\n<meta name=\"description\" content=\"Confira as melhores oportunidades de emprego e est\u00e1gio em 2025. Grandes empresas est\u00e3o com vagas abertas. Veja como se inscrever!\" \/>\n<meta name=\"robots\" content=\"index, follow, max-snippet:-1, max-image-preview:large, max-video-preview:-1\" \/>\n<link rel=\"canonical\" href=\"https:\/\/www.vagadeempregorj.com.br\/ar\/oportunidades-emprego-estagio-2025\/\" \/>\n<meta property=\"og:locale\" content=\"ar_AR\" \/>\n<meta property=\"og:type\" content=\"article\" \/>\n<meta property=\"og:title\" content=\"Oportunidades de Emprego e Est\u00e1gio em 2025: Inscri\u00e7\u00f5es Abertas -\" \/>\n<meta property=\"og:description\" content=\"Confira as melhores oportunidades de emprego e est\u00e1gio em 2025. Grandes empresas est\u00e3o com vagas abertas. Veja como se inscrever!\" \/>\n<meta property=\"og:url\" content=\"https:\/\/www.vagadeempregorj.com.br\/ar\/oportunidades-emprego-estagio-2025\/\" \/>\n<meta property=\"article:publisher\" content=\"https:\/\/www.facebook.com\/empregobrasiloficial\" \/>\n<meta property=\"article:published_time\" content=\"2025-01-30T11:35:17+00:00\" \/>\n<meta property=\"article:modified_time\" content=\"2025-01-30T11:35:18+00:00\" \/>\n<meta property=\"og:image\" content=\"https:\/\/www.vagadeempregorj.com.br\/wp-content\/uploads\/2025\/01\/Oportunidades-de-emprego-e-estagio.jpg\" \/>\n\t<meta property=\"og:image:width\" content=\"906\" \/>\n\t<meta property=\"og:image:height\" content=\"509\" \/>\n\t<meta property=\"og:image:type\" content=\"image\/jpeg\" \/>\n<meta name=\"author\" content=\"Ana B.\" \/>\n<meta name=\"twitter:card\" content=\"summary_large_image\" \/>\n<meta name=\"twitter:label1\" content=\"Written by\" \/>\n\t<meta name=\"twitter:data1\" content=\"Ana B.\" \/>\n\t<meta name=\"twitter:label2\" content=\"Est. reading time\" \/>\n\t<meta name=\"twitter:data2\" content=\"3 \u062f\u0642\u0627\u0626\u0642\" \/>\n<script type=\"application\/ld+json\" class=\"yoast-schema-graph\">{\"@context\":\"https:\\\/\\\/schema.org\",\"@graph\":[{\"@type\":\"Article\",\"@id\":\"https:\\\/\\\/www.vagadeempregorj.com.br\\\/oportunidades-emprego-estagio-2025\\\/#article\",\"isPartOf\":{\"@id\":\"https:\\\/\\\/www.vagadeempregorj.com.br\\\/oportunidades-emprego-estagio-2025\\\/\"},\"author\":{\"name\":\"Ana B.\",\"@id\":\"https:\\\/\\\/www.vagadeempregorj.com.br\\\/#\\\/schema\\\/person\\\/c0c38d5d765e86c3b7c8f12fb1ae6477\"},\"headline\":\"Oportunidades de Emprego e Est\u00e1gio em 2025: Inscri\u00e7\u00f5es Abertas\",\"datePublished\":\"2025-01-30T11:35:17+00:00\",\"dateModified\":\"2025-01-30T11:35:18+00:00\",\"mainEntityOfPage\":{\"@id\":\"https:\\\/\\\/www.vagadeempregorj.com.br\\\/oportunidades-emprego-estagio-2025\\\/\"},\"wordCount\":548,\"image\":{\"@id\":\"https:\\\/\\\/www.vagadeempregorj.com.br\\\/oportunidades-emprego-estagio-2025\\\/#primaryimage\"},\"thumbnailUrl\":\"https:\\\/\\\/www.vagadeempregorj.com.br\\\/wp-content\\\/uploads\\\/2025\\\/01\\\/Oportunidades-de-emprego-e-estagio.jpg\",\"keywords\":[\"empregos 2025\",\"est\u00e1gio 2025\",\"inscri\u00e7\u00f5es abertas\",\"mercado de trabalho\",\"vagas abertas\"],\"articleSection\":[\"Vagas de Emprego Nacionais\"],\"inLanguage\":\"ar\"},{\"@type\":\"WebPage\",\"@id\":\"https:\\\/\\\/www.vagadeempregorj.com.br\\\/oportunidades-emprego-estagio-2025\\\/\",\"url\":\"https:\\\/\\\/www.vagadeempregorj.com.br\\\/oportunidades-emprego-estagio-2025\\\/\",\"name\":\"Oportunidades de Emprego e Est\u00e1gio em 2025: Inscri\u00e7\u00f5es Abertas -\",\"isPartOf\":{\"@id\":\"https:\\\/\\\/www.vagadeempregorj.com.br\\\/#website\"},\"primaryImageOfPage\":{\"@id\":\"https:\\\/\\\/www.vagadeempregorj.com.br\\\/oportunidades-emprego-estagio-2025\\\/#primaryimage\"},\"image\":{\"@id\":\"https:\\\/\\\/www.vagadeempregorj.com.br\\\/oportunidades-emprego-estagio-2025\\\/#primaryimage\"},\"thumbnailUrl\":\"https:\\\/\\\/www.vagadeempregorj.com.br\\\/wp-content\\\/uploads\\\/2025\\\/01\\\/Oportunidades-de-emprego-e-estagio.jpg\",\"datePublished\":\"2025-01-30T11:35:17+00:00\",\"dateModified\":\"2025-01-30T11:35:18+00:00\",\"author\":{\"@id\":\"https:\\\/\\\/www.vagadeempregorj.com.br\\\/#\\\/schema\\\/person\\\/c0c38d5d765e86c3b7c8f12fb1ae6477\"},\"description\":\"Confira as melhores oportunidades de emprego e est\u00e1gio em 2025. Grandes empresas est\u00e3o com vagas abertas. Veja como se inscrever!\",\"breadcrumb\":{\"@id\":\"https:\\\/\\\/www.vagadeempregorj.com.br\\\/oportunidades-emprego-estagio-2025\\\/#breadcrumb\"},\"inLanguage\":\"ar\",\"potentialAction\":[{\"@type\":\"ReadAction\",\"target\":[\"https:\\\/\\\/www.vagadeempregorj.com.br\\\/oportunidades-emprego-estagio-2025\\\/\"]}]},{\"@type\":\"ImageObject\",\"inLanguage\":\"ar\",\"@id\":\"https:\\\/\\\/www.vagadeempregorj.com.br\\\/oportunidades-emprego-estagio-2025\\\/#primaryimage\",\"url\":\"https:\\\/\\\/www.vagadeempregorj.com.br\\\/wp-content\\\/uploads\\\/2025\\\/01\\\/Oportunidades-de-emprego-e-estagio.jpg\",\"contentUrl\":\"https:\\\/\\\/www.vagadeempregorj.com.br\\\/wp-content\\\/uploads\\\/2025\\\/01\\\/Oportunidades-de-emprego-e-estagio.jpg\",\"width\":906,\"height\":509,\"caption\":\"Oportunidades de emprego e est\u00e1gio\"},{\"@type\":\"BreadcrumbList\",\"@id\":\"https:\\\/\\\/www.vagadeempregorj.com.br\\\/oportunidades-emprego-estagio-2025\\\/#breadcrumb\",\"itemListElement\":[{\"@type\":\"ListItem\",\"position\":1,\"name\":\"In\u00edcio\",\"item\":\"https:\\\/\\\/www.vagadeempregorj.com.br\\\/\"},{\"@type\":\"ListItem\",\"position\":2,\"name\":\"Vagas de Emprego Nacionais\",\"item\":\"https:\\\/\\\/www.vagadeempregorj.com.br\\\/vagas-de-emprego-nacionais\\\/\"},{\"@type\":\"ListItem\",\"position\":3,\"name\":\"Oportunidades de Emprego e Est\u00e1gio em 2025: Inscri\u00e7\u00f5es Abertas\"}]},{\"@type\":\"WebSite\",\"@id\":\"https:\\\/\\\/www.vagadeempregorj.com.br\\\/#website\",\"url\":\"https:\\\/\\\/www.vagadeempregorj.com.br\\\/\",\"name\":\"\",\"description\":\"Conquiste Sonhos: Vagas, Benef\u00edcios e Economia para Transformar Vidas e Alcan\u00e7ar Melhorias Cotidianas\",\"potentialAction\":[{\"@type\":\"SearchAction\",\"target\":{\"@type\":\"EntryPoint\",\"urlTemplate\":\"https:\\\/\\\/www.vagadeempregorj.com.br\\\/?s={search_term_string}\"},\"query-input\":{\"@type\":\"PropertyValueSpecification\",\"valueRequired\":true,\"valueName\":\"search_term_string\"}}],\"inLanguage\":\"ar\"},{\"@type\":\"Person\",\"@id\":\"https:\\\/\\\/www.vagadeempregorj.com.br\\\/#\\\/schema\\\/person\\\/c0c38d5d765e86c3b7c8f12fb1ae6477\",\"name\":\"Ana B.\",\"image\":{\"@type\":\"ImageObject\",\"inLanguage\":\"ar\",\"@id\":\"https:\\\/\\\/secure.gravatar.com\\\/avatar\\\/f5efa58599e07f8dd92f26c7cfbc442fd115582bc681245452e503c2ef2334f3?s=96&r=g\",\"url\":\"https:\\\/\\\/secure.gravatar.com\\\/avatar\\\/f5efa58599e07f8dd92f26c7cfbc442fd115582bc681245452e503c2ef2334f3?s=96&r=g\",\"contentUrl\":\"https:\\\/\\\/secure.gravatar.com\\\/avatar\\\/f5efa58599e07f8dd92f26c7cfbc442fd115582bc681245452e503c2ef2334f3?s=96&r=g\",\"caption\":\"Ana B.\"},\"description\":\"Meu nome \u00e9 Ana e sou apaixonada em escrever. Dedico meu tempo escrevendo not\u00edcias e vagas de emprego diariamente no portal Vaga de Emprego RJ.\",\"url\":\"https:\\\/\\\/www.vagadeempregorj.com.br\\\/ar\\\/author\\\/vgrj\\\/\"}]}<\/script>\n<!-- \/ Yoast SEO plugin. -->","yoast_head_json":{"title":"Oportunidades de Emprego e Est\u00e1gio em 2025: Inscri\u00e7\u00f5es Abertas -","description":"Confira as melhores oportunidades de emprego e est\u00e1gio em 2025. Grandes empresas est\u00e3o com vagas abertas. Veja como se inscrever!","robots":{"index":"index","follow":"follow","max-snippet":"max-snippet:-1","max-image-preview":"max-image-preview:large","max-video-preview":"max-video-preview:-1"},"canonical":"https:\/\/www.vagadeempregorj.com.br\/ar\/oportunidades-emprego-estagio-2025\/","og_locale":"ar_AR","og_type":"article","og_title":"Oportunidades de Emprego e Est\u00e1gio em 2025: Inscri\u00e7\u00f5es Abertas -","og_description":"Confira as melhores oportunidades de emprego e est\u00e1gio em 2025. Grandes empresas est\u00e3o com vagas abertas. Veja como se inscrever!","og_url":"https:\/\/www.vagadeempregorj.com.br\/ar\/oportunidades-emprego-estagio-2025\/","article_publisher":"https:\/\/www.facebook.com\/empregobrasiloficial","article_published_time":"2025-01-30T11:35:17+00:00","article_modified_time":"2025-01-30T11:35:18+00:00","og_image":[{"width":906,"height":509,"url":"https:\/\/www.vagadeempregorj.com.br\/wp-content\/uploads\/2025\/01\/Oportunidades-de-emprego-e-estagio.jpg","type":"image\/jpeg"}],"author":"Ana B.","twitter_card":"summary_large_image","twitter_misc":{"Written by":"Ana B.","Est. reading time":"3 \u062f\u0642\u0627\u0626\u0642"},"schema":{"@context":"https:\/\/schema.org","@graph":[{"@type":"Article","@id":"https:\/\/www.vagadeempregorj.com.br\/oportunidades-emprego-estagio-2025\/#article","isPartOf":{"@id":"https:\/\/www.vagadeempregorj.com.br\/oportunidades-emprego-estagio-2025\/"},"author":{"name":"Ana B.","@id":"https:\/\/www.vagadeempregorj.com.br\/#\/schema\/person\/c0c38d5d765e86c3b7c8f12fb1ae6477"},"headline":"Oportunidades de Emprego e Est\u00e1gio em 2025: Inscri\u00e7\u00f5es Abertas","datePublished":"2025-01-30T11:35:17+00:00","dateModified":"2025-01-30T11:35:18+00:00","mainEntityOfPage":{"@id":"https:\/\/www.vagadeempregorj.com.br\/oportunidades-emprego-estagio-2025\/"},"wordCount":548,"image":{"@id":"https:\/\/www.vagadeempregorj.com.br\/oportunidades-emprego-estagio-2025\/#primaryimage"},"thumbnailUrl":"https:\/\/www.vagadeempregorj.com.br\/wp-content\/uploads\/2025\/01\/Oportunidades-de-emprego-e-estagio.jpg","keywords":["empregos 2025","est\u00e1gio 2025","inscri\u00e7\u00f5es abertas","mercado de trabalho","vagas abertas"],"articleSection":["Vagas de Emprego Nacionais"],"inLanguage":"ar"},{"@type":"WebPage","@id":"https:\/\/www.vagadeempregorj.com.br\/oportunidades-emprego-estagio-2025\/","url":"https:\/\/www.vagadeempregorj.com.br\/oportunidades-emprego-estagio-2025\/","name":"Oportunidades de Emprego e Est\u00e1gio em 2025: Inscri\u00e7\u00f5es Abertas -","isPartOf":{"@id":"https:\/\/www.vagadeempregorj.com.br\/#website"},"primaryImageOfPage":{"@id":"https:\/\/www.vagadeempregorj.com.br\/oportunidades-emprego-estagio-2025\/#primaryimage"},"image":{"@id":"https:\/\/www.vagadeempregorj.com.br\/oportunidades-emprego-estagio-2025\/#primaryimage"},"thumbnailUrl":"https:\/\/www.vagadeempregorj.com.br\/wp-content\/uploads\/2025\/01\/Oportunidades-de-emprego-e-estagio.jpg","datePublished":"2025-01-30T11:35:17+00:00","dateModified":"2025-01-30T11:35:18+00:00","author":{"@id":"https:\/\/www.vagadeempregorj.com.br\/#\/schema\/person\/c0c38d5d765e86c3b7c8f12fb1ae6477"},"description":"Confira as melhores oportunidades de emprego e est\u00e1gio em 2025. Grandes empresas est\u00e3o com vagas abertas. Veja como se inscrever!","breadcrumb":{"@id":"https:\/\/www.vagadeempregorj.com.br\/oportunidades-emprego-estagio-2025\/#breadcrumb"},"inLanguage":"ar","potentialAction":[{"@type":"ReadAction","target":["https:\/\/www.vagadeempregorj.com.br\/oportunidades-emprego-estagio-2025\/"]}]},{"@type":"ImageObject","inLanguage":"ar","@id":"https:\/\/www.vagadeempregorj.com.br\/oportunidades-emprego-estagio-2025\/#primaryimage","url":"https:\/\/www.vagadeempregorj.com.br\/wp-content\/uploads\/2025\/01\/Oportunidades-de-emprego-e-estagio.jpg","contentUrl":"https:\/\/www.vagadeempregorj.com.br\/wp-content\/uploads\/2025\/01\/Oportunidades-de-emprego-e-estagio.jpg","width":906,"height":509,"caption":"Oportunidades de emprego e est\u00e1gio"},{"@type":"BreadcrumbList","@id":"https:\/\/www.vagadeempregorj.com.br\/oportunidades-emprego-estagio-2025\/#breadcrumb","itemListElement":[{"@type":"ListItem","position":1,"name":"In\u00edcio","item":"https:\/\/www.vagadeempregorj.com.br\/"},{"@type":"ListItem","position":2,"name":"Vagas de Emprego Nacionais","item":"https:\/\/www.vagadeempregorj.com.br\/vagas-de-emprego-nacionais\/"},{"@type":"ListItem","position":3,"name":"Oportunidades de Emprego e Est\u00e1gio em 2025: Inscri\u00e7\u00f5es Abertas"}]},{"@type":"WebSite","@id":"https:\/\/www.vagadeempregorj.com.br\/#website","url":"https:\/\/www.vagadeempregorj.com.br\/","name":"","description":"Conquiste Sonhos: Vagas, Benef\u00edcios e Economia para Transformar Vidas e Alcan\u00e7ar Melhorias Cotidianas","potentialAction":[{"@type":"SearchAction","target":{"@type":"EntryPoint","urlTemplate":"https:\/\/www.vagadeempregorj.com.br\/?s={search_term_string}"},"query-input":{"@type":"PropertyValueSpecification","valueRequired":true,"valueName":"search_term_string"}}],"inLanguage":"ar"},{"@type":"Person","@id":"https:\/\/www.vagadeempregorj.com.br\/#\/schema\/person\/c0c38d5d765e86c3b7c8f12fb1ae6477","name":"Ana B.","image":{"@type":"ImageObject","inLanguage":"ar","@id":"https:\/\/secure.gravatar.com\/avatar\/f5efa58599e07f8dd92f26c7cfbc442fd115582bc681245452e503c2ef2334f3?s=96&r=g","url":"https:\/\/secure.gravatar.com\/avatar\/f5efa58599e07f8dd92f26c7cfbc442fd115582bc681245452e503c2ef2334f3?s=96&r=g","contentUrl":"https:\/\/secure.gravatar.com\/avatar\/f5efa58599e07f8dd92f26c7cfbc442fd115582bc681245452e503c2ef2334f3?s=96&r=g","caption":"Ana B."},"description":"Meu nome \u00e9 Ana e sou apaixonada em escrever. Dedico meu tempo escrevendo not\u00edcias e vagas de emprego diariamente no portal Vaga de Emprego RJ.","url":"https:\/\/www.vagadeempregorj.com.br\/ar\/author\/vgrj\/"}]}},"_links":{"self":[{"href":"https:\/\/www.vagadeempregorj.com.br\/ar\/wp-json\/wp\/v2\/posts\/42345","targetHints":{"allow":["GET"]}}],"collection":[{"href":"https:\/\/www.vagadeempregorj.com.br\/ar\/wp-json\/wp\/v2\/posts"}],"about":[{"href":"https:\/\/www.vagadeempregorj.com.br\/ar\/wp-json\/wp\/v2\/types\/post"}],"author":[{"embeddable":true,"href":"https:\/\/www.vagadeempregorj.com.br\/ar\/wp-json\/wp\/v2\/users\/1"}],"replies":[{"embeddable":true,"href":"https:\/\/www.vagadeempregorj.com.br\/ar\/wp-json\/wp\/v2\/comments?post=42345"}],"version-history":[{"count":0,"href":"https:\/\/www.vagadeempregorj.com.br\/ar\/wp-json\/wp\/v2\/posts\/42345\/revisions"}],"wp:featuredmedia":[{"embeddable":true,"href":"https:\/\/www.vagadeempregorj.com.br\/ar\/wp-json\/wp\/v2\/media\/42346"}],"wp:attachment":[{"href":"https:\/\/www.vagadeempregorj.com.br\/ar\/wp-json\/wp\/v2\/media?parent=42345"}],"wp:term":[{"taxonomy":"category","embeddable":true,"href":"https:\/\/www.vagadeempregorj.com.br\/ar\/wp-json\/wp\/v2\/categories?post=42345"},{"taxonomy":"post_tag","embeddable":true,"href":"https:\/\/www.vagadeempregorj.com.br\/ar\/wp-json\/wp\/v2\/tags?post=42345"}],"curies":[{"name":"wp","href":"https:\/\/api.w.org\/{rel}","templated":true}]}}