{"id":42348,"date":"2025-01-30T08:50:12","date_gmt":"2025-01-30T11:50:12","guid":{"rendered":"https:\/\/www.vagadeempregorj.com.br\/?p=42348"},"modified":"2025-01-30T08:50:13","modified_gmt":"2025-01-30T11:50:13","slug":"beneficio-prestacao-continuada-direitos-requisitos","status":"publish","type":"post","link":"https:\/\/www.vagadeempregorj.com.br\/ar\/beneficio-prestacao-continuada-direitos-requisitos\/","title":{"rendered":"Benef\u00edcio de Presta\u00e7\u00e3o Continuada: Direitos e Requisitos"},"content":{"rendered":"<h2 class=\"wp-block-heading\">Introdu\u00e7\u00e3o<\/h2>\n\n\n\n<p class=\"has-medium-font-size\">O Benef\u00edcio de Presta\u00e7\u00e3o Continuada (BPC) \u00e9 um direito garantido pela Lei Org\u00e2nica da Assist\u00eancia Social (LOAS) a idosos e pessoas com defici\u00eancia que comprovem n\u00e3o possuir meios de subsist\u00eancia. Este benef\u00edcio garante um sal\u00e1rio m\u00ednimo mensal para aqueles que se encaixam nos requisitos estabelecidos. Al\u00e9m disso, o BPC \u00e9 essencial para garantir dignidade e qualidade de vida a quem mais precisa.<\/p>\n\n\n\n<h2 class=\"wp-block-heading\">Quem tem direito ao Benef\u00edcio de Presta\u00e7\u00e3o Continuada?<\/h2>\n\n\n\n<p class=\"has-medium-font-size\">Para ter acesso ao BPC, o solicitante deve se enquadrar em uma das seguintes situa\u00e7\u00f5es:<\/p>\n\n\n\n<h3 class=\"wp-block-heading\">Idosos acima de 65 anos<\/h3>\n\n\n\n<p class=\"has-medium-font-size\">Qualquer pessoa com idade igual ou superior a 65 anos que comprove a falta de condi\u00e7\u00f5es financeiras para se manter tem direito ao benef\u00edcio.<\/p>\n\n\n\n<h3 class=\"wp-block-heading\">Pessoas com defici\u00eancia<\/h3>\n\n\n\n<p class=\"has-medium-font-size\">Indiv\u00edduos de qualquer idade que apresentem impedimentos f\u00edsicos, mentais, intelectuais ou sensoriais de longo prazo e que impossibilitem sua participa\u00e7\u00e3o plena na sociedade tamb\u00e9m podem solicitar o BPC. Esses impedimentos devem ter dura\u00e7\u00e3o m\u00ednima de dois anos para serem considerados na avalia\u00e7\u00e3o.<\/p>\n\n\n\n<h2 class=\"wp-block-heading\">Requisitos para concess\u00e3o do BPC<\/h2>\n\n\n\n<h3 class=\"wp-block-heading\">Crit\u00e9rio de renda<\/h3>\n\n\n\n<p class=\"has-medium-font-size\">A renda per capita familiar deve ser inferior a \u00bc do sal\u00e1rio m\u00ednimo vigente. Isso significa que a soma dos rendimentos da fam\u00edlia dividida pelo n\u00famero de integrantes deve ser menor do que esse limite. Em alguns casos, decis\u00f5es judiciais podem flexibilizar esse crit\u00e9rio, levando em conta outras condi\u00e7\u00f5es de vulnerabilidade.<\/p>\n\n\n\n<h3 class=\"wp-block-heading\">Avalia\u00e7\u00e3o social e m\u00e9dica<\/h3>\n\n\n\n<p class=\"has-medium-font-size\">No caso de pessoas com defici\u00eancia, \u00e9 necess\u00e1ria uma avalia\u00e7\u00e3o realizada pelo Instituto Nacional do Seguro Social (INSS) para comprovar o impedimento de longo prazo. Essa avalia\u00e7\u00e3o envolve uma per\u00edcia m\u00e9dica e um estudo social feito por assistentes do INSS.<\/p>\n\n\n\n<h3 class=\"wp-block-heading\">Inscri\u00e7\u00e3o no Cadastro \u00danico<\/h3>\n\n\n\n<p class=\"has-medium-font-size\">Para solicitar o benef\u00edcio, \u00e9 necess\u00e1rio estar inscrito no Cadastro \u00danico para Programas Sociais do Governo Federal (Cad\u00danico). O cadastro deve estar atualizado para garantir que o solicitante atenda aos crit\u00e9rios exigidos.<\/p>\n\n\n\n<h2 class=\"wp-block-heading\">Como solicitar o Benef\u00edcio de Presta\u00e7\u00e3o Continuada?<\/h2>\n\n\n\n<h3 class=\"wp-block-heading\">Passo a passo para a solicita\u00e7\u00e3o<\/h3>\n\n\n\n<ol start=\"1\" class=\"wp-block-list\">\n<li class=\"has-medium-font-size\"><strong>Inscri\u00e7\u00e3o no Cad\u00danico<\/strong>: Antes de solicitar, \u00e9 necess\u00e1rio que o solicitante esteja com o cadastro atualizado em um Centro de Refer\u00eancia de Assist\u00eancia Social (CRAS).<\/li>\n\n\n\n<li class=\"has-medium-font-size\"><strong>Agendamento no INSS<\/strong>: O pedido pode ser feito pelo site ou aplicativo Meu INSS, ou presencialmente em uma ag\u00eancia.<\/li>\n\n\n\n<li class=\"has-medium-font-size\"><strong>Entrega da documenta\u00e7\u00e3o<\/strong>: \u00c9 preciso apresentar documentos pessoais e comprovantes de renda e resid\u00eancia.<\/li>\n\n\n\n<li class=\"has-medium-font-size\"><strong>Avalia\u00e7\u00e3o e an\u00e1lise do INSS<\/strong>: O INSS analisar\u00e1 os documentos e, se necess\u00e1rio, realizar\u00e1 a avalia\u00e7\u00e3o social e m\u00e9dica.<\/li>\n\n\n\n<li class=\"has-medium-font-size\"><strong>Resultado do pedido<\/strong>: Ap\u00f3s a an\u00e1lise, o solicitante recebe a decis\u00e3o sobre a concess\u00e3o do benef\u00edcio. Em caso de negativa, \u00e9 poss\u00edvel recorrer da decis\u00e3o.<\/li>\n<\/ol>\n\n\n\n<h2 class=\"wp-block-heading\">Diferen\u00e7as entre o BPC e a Aposentadoria<\/h2>\n\n\n\n<p class=\"has-medium-font-size\">Diferentemente da aposentadoria, o BPC n\u00e3o exige contribui\u00e7\u00e3o previdenci\u00e1ria pr\u00e9via. Al\u00e9m disso, n\u00e3o d\u00e1 direito a 13\u00ba sal\u00e1rio nem pens\u00e3o por morte para dependentes. No entanto, garante um suporte essencial para aqueles que n\u00e3o t\u00eam condi\u00e7\u00f5es de trabalhar e se manter financeiramente.<\/p>\n\n\n\n<h2 class=\"wp-block-heading\">Manuten\u00e7\u00e3o e revis\u00e3o do benef\u00edcio<\/h2>\n\n\n\n<p class=\"has-medium-font-size\">O BPC passa por revis\u00f5es peri\u00f3dicas para verificar se o benefici\u00e1rio ainda se enquadra nos crit\u00e9rios exigidos. Al\u00e9m disso, \u00e9 fundamental manter os dados atualizados no Cad\u00danico para evitar a suspens\u00e3o do pagamento.<\/p>\n\n\n\n<h2 class=\"wp-block-heading\">Conclus\u00e3o<\/h2>\n\n\n\n<p class=\"has-medium-font-size\">O Benef\u00edcio de Presta\u00e7\u00e3o Continuada \u00e9 um direito fundamental para garantir dignidade a idosos e pessoas com defici\u00eancia em situa\u00e7\u00e3o de vulnerabilidade. Entender os requisitos e o processo de solicita\u00e7\u00e3o \u00e9 essencial para garantir esse apoio. Caso tenha d\u00favidas ou precise de mais informa\u00e7\u00f5es, procure um CRAS ou acesse o site do INSS.<\/p>\n\n\n\n<hr class=\"wp-block-separator has-alpha-channel-opacity\"\/>\n\n\n\n<p class=\"has-medium-font-size\"><a href=\"https:\/\/www.vagadeempregorj.com.br\/ar\/beneficios-sociais\/\">Guia completo sobre assist\u00eancia social<\/a><\/p>","protected":false},"excerpt":{"rendered":"<p>Introdu\u00e7\u00e3o O Benef\u00edcio de Presta\u00e7\u00e3o Continuada (BPC) \u00e9 um direito garantido pela Lei Org\u00e2nica da Assist\u00eancia Social (LOAS) a idosos e pessoas com defici\u00eancia que comprovem n\u00e3o possuir meios de subsist\u00eancia. Este benef\u00edcio garante um sal\u00e1rio m\u00ednimo mensal para aqueles que se encaixam nos requisitos estabelecidos. Al\u00e9m disso, o BPC \u00e9 essencial para garantir dignidade&hellip;&nbsp;<\/p>","protected":false},"author":1,"featured_media":42349,"comment_status":"closed","ping_status":"closed","sticky":false,"template":"","format":"standard","meta":{"neve_meta_sidebar":"","neve_meta_container":"","neve_meta_enable_content_width":"","neve_meta_content_width":0,"neve_meta_title_alignment":"","neve_meta_author_avatar":"","neve_post_elements_order":"","neve_meta_disable_header":"","neve_meta_disable_footer":"","neve_meta_disable_title":"","footnotes":""},"categories":[1],"tags":[1000,1002,1003,917,1001],"class_list":["post-42348","post","type-post","status-publish","format-standard","has-post-thumbnail","hentry","category-beneficios-sociais","tag-assistencia-social","tag-bpc","tag-cadastro-unico","tag-inss","tag-loas"],"yoast_head":"<!-- This site is optimized with the Yoast SEO plugin v27.5 - https:\/\/yoast.com\/product\/yoast-seo-wordpress\/ -->\n<title>Benef\u00edcio de Presta\u00e7\u00e3o Continuada: Direitos e Requisitos -<\/title>\n<meta name=\"description\" content=\"Descubra quem tem direito ao Benef\u00edcio de Presta\u00e7\u00e3o Continuada, como solicit\u00e1-lo e os requisitos necess\u00e1rios para a aprova\u00e7\u00e3o do pedido.\" \/>\n<meta name=\"robots\" content=\"index, follow, max-snippet:-1, max-image-preview:large, max-video-preview:-1\" \/>\n<link rel=\"canonical\" href=\"https:\/\/www.vagadeempregorj.com.br\/ar\/beneficio-prestacao-continuada-direitos-requisitos\/\" \/>\n<meta property=\"og:locale\" content=\"ar_AR\" \/>\n<meta property=\"og:type\" content=\"article\" \/>\n<meta property=\"og:title\" content=\"Benef\u00edcio de Presta\u00e7\u00e3o Continuada: Direitos e Requisitos -\" \/>\n<meta property=\"og:description\" content=\"Descubra quem tem direito ao Benef\u00edcio de Presta\u00e7\u00e3o Continuada, como solicit\u00e1-lo e os requisitos necess\u00e1rios para a aprova\u00e7\u00e3o do pedido.\" \/>\n<meta property=\"og:url\" content=\"https:\/\/www.vagadeempregorj.com.br\/ar\/beneficio-prestacao-continuada-direitos-requisitos\/\" \/>\n<meta property=\"article:publisher\" content=\"https:\/\/www.facebook.com\/empregobrasiloficial\" \/>\n<meta property=\"article:published_time\" content=\"2025-01-30T11:50:12+00:00\" \/>\n<meta property=\"article:modified_time\" content=\"2025-01-30T11:50:13+00:00\" \/>\n<meta property=\"og:image\" content=\"https:\/\/www.vagadeempregorj.com.br\/wp-content\/uploads\/2025\/01\/Beneficio-de-Prestacao-Continuada.webp\" \/>\n\t<meta property=\"og:image:width\" content=\"870\" \/>\n\t<meta property=\"og:image:height\" content=\"420\" \/>\n\t<meta property=\"og:image:type\" content=\"image\/webp\" \/>\n<meta name=\"author\" content=\"Ana B.\" \/>\n<meta name=\"twitter:card\" content=\"summary_large_image\" \/>\n<meta name=\"twitter:label1\" content=\"Written by\" \/>\n\t<meta name=\"twitter:data1\" content=\"Ana B.\" \/>\n\t<meta name=\"twitter:label2\" content=\"Est. reading time\" \/>\n\t<meta name=\"twitter:data2\" content=\"3 \u062f\u0642\u0627\u0626\u0642\" \/>\n<script type=\"application\/ld+json\" class=\"yoast-schema-graph\">{\"@context\":\"https:\\\/\\\/schema.org\",\"@graph\":[{\"@type\":\"Article\",\"@id\":\"https:\\\/\\\/www.vagadeempregorj.com.br\\\/beneficio-prestacao-continuada-direitos-requisitos\\\/#article\",\"isPartOf\":{\"@id\":\"https:\\\/\\\/www.vagadeempregorj.com.br\\\/beneficio-prestacao-continuada-direitos-requisitos\\\/\"},\"author\":{\"name\":\"Ana B.\",\"@id\":\"https:\\\/\\\/www.vagadeempregorj.com.br\\\/#\\\/schema\\\/person\\\/c0c38d5d765e86c3b7c8f12fb1ae6477\"},\"headline\":\"Benef\u00edcio de Presta\u00e7\u00e3o Continuada: Direitos e Requisitos\",\"datePublished\":\"2025-01-30T11:50:12+00:00\",\"dateModified\":\"2025-01-30T11:50:13+00:00\",\"mainEntityOfPage\":{\"@id\":\"https:\\\/\\\/www.vagadeempregorj.com.br\\\/beneficio-prestacao-continuada-direitos-requisitos\\\/\"},\"wordCount\":656,\"image\":{\"@id\":\"https:\\\/\\\/www.vagadeempregorj.com.br\\\/beneficio-prestacao-continuada-direitos-requisitos\\\/#primaryimage\"},\"thumbnailUrl\":\"https:\\\/\\\/www.vagadeempregorj.com.br\\\/wp-content\\\/uploads\\\/2025\\\/01\\\/Beneficio-de-Prestacao-Continuada.webp\",\"keywords\":[\"assist\u00eancia social\",\"BPC\",\"Cadastro \u00danico\",\"INSS\",\"LOAS\"],\"articleSection\":[\"Benef\u00edcios Sociais\"],\"inLanguage\":\"ar\"},{\"@type\":\"WebPage\",\"@id\":\"https:\\\/\\\/www.vagadeempregorj.com.br\\\/beneficio-prestacao-continuada-direitos-requisitos\\\/\",\"url\":\"https:\\\/\\\/www.vagadeempregorj.com.br\\\/beneficio-prestacao-continuada-direitos-requisitos\\\/\",\"name\":\"Benef\u00edcio de Presta\u00e7\u00e3o Continuada: Direitos e Requisitos -\",\"isPartOf\":{\"@id\":\"https:\\\/\\\/www.vagadeempregorj.com.br\\\/#website\"},\"primaryImageOfPage\":{\"@id\":\"https:\\\/\\\/www.vagadeempregorj.com.br\\\/beneficio-prestacao-continuada-direitos-requisitos\\\/#primaryimage\"},\"image\":{\"@id\":\"https:\\\/\\\/www.vagadeempregorj.com.br\\\/beneficio-prestacao-continuada-direitos-requisitos\\\/#primaryimage\"},\"thumbnailUrl\":\"https:\\\/\\\/www.vagadeempregorj.com.br\\\/wp-content\\\/uploads\\\/2025\\\/01\\\/Beneficio-de-Prestacao-Continuada.webp\",\"datePublished\":\"2025-01-30T11:50:12+00:00\",\"dateModified\":\"2025-01-30T11:50:13+00:00\",\"author\":{\"@id\":\"https:\\\/\\\/www.vagadeempregorj.com.br\\\/#\\\/schema\\\/person\\\/c0c38d5d765e86c3b7c8f12fb1ae6477\"},\"description\":\"Descubra quem tem direito ao Benef\u00edcio de Presta\u00e7\u00e3o Continuada, como solicit\u00e1-lo e os requisitos necess\u00e1rios para a aprova\u00e7\u00e3o do pedido.\",\"breadcrumb\":{\"@id\":\"https:\\\/\\\/www.vagadeempregorj.com.br\\\/beneficio-prestacao-continuada-direitos-requisitos\\\/#breadcrumb\"},\"inLanguage\":\"ar\",\"potentialAction\":[{\"@type\":\"ReadAction\",\"target\":[\"https:\\\/\\\/www.vagadeempregorj.com.br\\\/beneficio-prestacao-continuada-direitos-requisitos\\\/\"]}]},{\"@type\":\"ImageObject\",\"inLanguage\":\"ar\",\"@id\":\"https:\\\/\\\/www.vagadeempregorj.com.br\\\/beneficio-prestacao-continuada-direitos-requisitos\\\/#primaryimage\",\"url\":\"https:\\\/\\\/www.vagadeempregorj.com.br\\\/wp-content\\\/uploads\\\/2025\\\/01\\\/Beneficio-de-Prestacao-Continuada.webp\",\"contentUrl\":\"https:\\\/\\\/www.vagadeempregorj.com.br\\\/wp-content\\\/uploads\\\/2025\\\/01\\\/Beneficio-de-Prestacao-Continuada.webp\",\"width\":870,\"height\":420,\"caption\":\"Benef\u00edcio de Presta\u00e7\u00e3o Continuada\"},{\"@type\":\"BreadcrumbList\",\"@id\":\"https:\\\/\\\/www.vagadeempregorj.com.br\\\/beneficio-prestacao-continuada-direitos-requisitos\\\/#breadcrumb\",\"itemListElement\":[{\"@type\":\"ListItem\",\"position\":1,\"name\":\"In\u00edcio\",\"item\":\"https:\\\/\\\/www.vagadeempregorj.com.br\\\/\"},{\"@type\":\"ListItem\",\"position\":2,\"name\":\"Benef\u00edcios Sociais\",\"item\":\"https:\\\/\\\/www.vagadeempregorj.com.br\\\/beneficios-sociais\\\/\"},{\"@type\":\"ListItem\",\"position\":3,\"name\":\"Benef\u00edcio de Presta\u00e7\u00e3o Continuada: Direitos e Requisitos\"}]},{\"@type\":\"WebSite\",\"@id\":\"https:\\\/\\\/www.vagadeempregorj.com.br\\\/#website\",\"url\":\"https:\\\/\\\/www.vagadeempregorj.com.br\\\/\",\"name\":\"\",\"description\":\"Conquiste Sonhos: Vagas, Benef\u00edcios e Economia para Transformar Vidas e Alcan\u00e7ar Melhorias Cotidianas\",\"potentialAction\":[{\"@type\":\"SearchAction\",\"target\":{\"@type\":\"EntryPoint\",\"urlTemplate\":\"https:\\\/\\\/www.vagadeempregorj.com.br\\\/?s={search_term_string}\"},\"query-input\":{\"@type\":\"PropertyValueSpecification\",\"valueRequired\":true,\"valueName\":\"search_term_string\"}}],\"inLanguage\":\"ar\"},{\"@type\":\"Person\",\"@id\":\"https:\\\/\\\/www.vagadeempregorj.com.br\\\/#\\\/schema\\\/person\\\/c0c38d5d765e86c3b7c8f12fb1ae6477\",\"name\":\"Ana B.\",\"image\":{\"@type\":\"ImageObject\",\"inLanguage\":\"ar\",\"@id\":\"https:\\\/\\\/secure.gravatar.com\\\/avatar\\\/f5efa58599e07f8dd92f26c7cfbc442fd115582bc681245452e503c2ef2334f3?s=96&r=g\",\"url\":\"https:\\\/\\\/secure.gravatar.com\\\/avatar\\\/f5efa58599e07f8dd92f26c7cfbc442fd115582bc681245452e503c2ef2334f3?s=96&r=g\",\"contentUrl\":\"https:\\\/\\\/secure.gravatar.com\\\/avatar\\\/f5efa58599e07f8dd92f26c7cfbc442fd115582bc681245452e503c2ef2334f3?s=96&r=g\",\"caption\":\"Ana B.\"},\"description\":\"Meu nome \u00e9 Ana e sou apaixonada em escrever. Dedico meu tempo escrevendo not\u00edcias e vagas de emprego diariamente no portal Vaga de Emprego RJ.\",\"url\":\"https:\\\/\\\/www.vagadeempregorj.com.br\\\/ar\\\/author\\\/vgrj\\\/\"}]}<\/script>\n<!-- \/ Yoast SEO plugin. -->","yoast_head_json":{"title":"Benef\u00edcio de Presta\u00e7\u00e3o Continuada: Direitos e Requisitos -","description":"Descubra quem tem direito ao Benef\u00edcio de Presta\u00e7\u00e3o Continuada, como solicit\u00e1-lo e os requisitos necess\u00e1rios para a aprova\u00e7\u00e3o do pedido.","robots":{"index":"index","follow":"follow","max-snippet":"max-snippet:-1","max-image-preview":"max-image-preview:large","max-video-preview":"max-video-preview:-1"},"canonical":"https:\/\/www.vagadeempregorj.com.br\/ar\/beneficio-prestacao-continuada-direitos-requisitos\/","og_locale":"ar_AR","og_type":"article","og_title":"Benef\u00edcio de Presta\u00e7\u00e3o Continuada: Direitos e Requisitos -","og_description":"Descubra quem tem direito ao Benef\u00edcio de Presta\u00e7\u00e3o Continuada, como solicit\u00e1-lo e os requisitos necess\u00e1rios para a aprova\u00e7\u00e3o do pedido.","og_url":"https:\/\/www.vagadeempregorj.com.br\/ar\/beneficio-prestacao-continuada-direitos-requisitos\/","article_publisher":"https:\/\/www.facebook.com\/empregobrasiloficial","article_published_time":"2025-01-30T11:50:12+00:00","article_modified_time":"2025-01-30T11:50:13+00:00","og_image":[{"width":870,"height":420,"url":"https:\/\/www.vagadeempregorj.com.br\/wp-content\/uploads\/2025\/01\/Beneficio-de-Prestacao-Continuada.webp","type":"image\/webp"}],"author":"Ana B.","twitter_card":"summary_large_image","twitter_misc":{"Written by":"Ana B.","Est. reading time":"3 \u062f\u0642\u0627\u0626\u0642"},"schema":{"@context":"https:\/\/schema.org","@graph":[{"@type":"Article","@id":"https:\/\/www.vagadeempregorj.com.br\/beneficio-prestacao-continuada-direitos-requisitos\/#article","isPartOf":{"@id":"https:\/\/www.vagadeempregorj.com.br\/beneficio-prestacao-continuada-direitos-requisitos\/"},"author":{"name":"Ana B.","@id":"https:\/\/www.vagadeempregorj.com.br\/#\/schema\/person\/c0c38d5d765e86c3b7c8f12fb1ae6477"},"headline":"Benef\u00edcio de Presta\u00e7\u00e3o Continuada: Direitos e Requisitos","datePublished":"2025-01-30T11:50:12+00:00","dateModified":"2025-01-30T11:50:13+00:00","mainEntityOfPage":{"@id":"https:\/\/www.vagadeempregorj.com.br\/beneficio-prestacao-continuada-direitos-requisitos\/"},"wordCount":656,"image":{"@id":"https:\/\/www.vagadeempregorj.com.br\/beneficio-prestacao-continuada-direitos-requisitos\/#primaryimage"},"thumbnailUrl":"https:\/\/www.vagadeempregorj.com.br\/wp-content\/uploads\/2025\/01\/Beneficio-de-Prestacao-Continuada.webp","keywords":["assist\u00eancia social","BPC","Cadastro \u00danico","INSS","LOAS"],"articleSection":["Benef\u00edcios Sociais"],"inLanguage":"ar"},{"@type":"WebPage","@id":"https:\/\/www.vagadeempregorj.com.br\/beneficio-prestacao-continuada-direitos-requisitos\/","url":"https:\/\/www.vagadeempregorj.com.br\/beneficio-prestacao-continuada-direitos-requisitos\/","name":"Benef\u00edcio de Presta\u00e7\u00e3o Continuada: Direitos e Requisitos -","isPartOf":{"@id":"https:\/\/www.vagadeempregorj.com.br\/#website"},"primaryImageOfPage":{"@id":"https:\/\/www.vagadeempregorj.com.br\/beneficio-prestacao-continuada-direitos-requisitos\/#primaryimage"},"image":{"@id":"https:\/\/www.vagadeempregorj.com.br\/beneficio-prestacao-continuada-direitos-requisitos\/#primaryimage"},"thumbnailUrl":"https:\/\/www.vagadeempregorj.com.br\/wp-content\/uploads\/2025\/01\/Beneficio-de-Prestacao-Continuada.webp","datePublished":"2025-01-30T11:50:12+00:00","dateModified":"2025-01-30T11:50:13+00:00","author":{"@id":"https:\/\/www.vagadeempregorj.com.br\/#\/schema\/person\/c0c38d5d765e86c3b7c8f12fb1ae6477"},"description":"Descubra quem tem direito ao Benef\u00edcio de Presta\u00e7\u00e3o Continuada, como solicit\u00e1-lo e os requisitos necess\u00e1rios para a aprova\u00e7\u00e3o do pedido.","breadcrumb":{"@id":"https:\/\/www.vagadeempregorj.com.br\/beneficio-prestacao-continuada-direitos-requisitos\/#breadcrumb"},"inLanguage":"ar","potentialAction":[{"@type":"ReadAction","target":["https:\/\/www.vagadeempregorj.com.br\/beneficio-prestacao-continuada-direitos-requisitos\/"]}]},{"@type":"ImageObject","inLanguage":"ar","@id":"https:\/\/www.vagadeempregorj.com.br\/beneficio-prestacao-continuada-direitos-requisitos\/#primaryimage","url":"https:\/\/www.vagadeempregorj.com.br\/wp-content\/uploads\/2025\/01\/Beneficio-de-Prestacao-Continuada.webp","contentUrl":"https:\/\/www.vagadeempregorj.com.br\/wp-content\/uploads\/2025\/01\/Beneficio-de-Prestacao-Continuada.webp","width":870,"height":420,"caption":"Benef\u00edcio de Presta\u00e7\u00e3o Continuada"},{"@type":"BreadcrumbList","@id":"https:\/\/www.vagadeempregorj.com.br\/beneficio-prestacao-continuada-direitos-requisitos\/#breadcrumb","itemListElement":[{"@type":"ListItem","position":1,"name":"In\u00edcio","item":"https:\/\/www.vagadeempregorj.com.br\/"},{"@type":"ListItem","position":2,"name":"Benef\u00edcios Sociais","item":"https:\/\/www.vagadeempregorj.com.br\/beneficios-sociais\/"},{"@type":"ListItem","position":3,"name":"Benef\u00edcio de Presta\u00e7\u00e3o Continuada: Direitos e Requisitos"}]},{"@type":"WebSite","@id":"https:\/\/www.vagadeempregorj.com.br\/#website","url":"https:\/\/www.vagadeempregorj.com.br\/","name":"","description":"Conquiste Sonhos: Vagas, Benef\u00edcios e Economia para Transformar Vidas e Alcan\u00e7ar Melhorias Cotidianas","potentialAction":[{"@type":"SearchAction","target":{"@type":"EntryPoint","urlTemplate":"https:\/\/www.vagadeempregorj.com.br\/?s={search_term_string}"},"query-input":{"@type":"PropertyValueSpecification","valueRequired":true,"valueName":"search_term_string"}}],"inLanguage":"ar"},{"@type":"Person","@id":"https:\/\/www.vagadeempregorj.com.br\/#\/schema\/person\/c0c38d5d765e86c3b7c8f12fb1ae6477","name":"Ana B.","image":{"@type":"ImageObject","inLanguage":"ar","@id":"https:\/\/secure.gravatar.com\/avatar\/f5efa58599e07f8dd92f26c7cfbc442fd115582bc681245452e503c2ef2334f3?s=96&r=g","url":"https:\/\/secure.gravatar.com\/avatar\/f5efa58599e07f8dd92f26c7cfbc442fd115582bc681245452e503c2ef2334f3?s=96&r=g","contentUrl":"https:\/\/secure.gravatar.com\/avatar\/f5efa58599e07f8dd92f26c7cfbc442fd115582bc681245452e503c2ef2334f3?s=96&r=g","caption":"Ana B."},"description":"Meu nome \u00e9 Ana e sou apaixonada em escrever. Dedico meu tempo escrevendo not\u00edcias e vagas de emprego diariamente no portal Vaga de Emprego RJ.","url":"https:\/\/www.vagadeempregorj.com.br\/ar\/author\/vgrj\/"}]}},"_links":{"self":[{"href":"https:\/\/www.vagadeempregorj.com.br\/ar\/wp-json\/wp\/v2\/posts\/42348","targetHints":{"allow":["GET"]}}],"collection":[{"href":"https:\/\/www.vagadeempregorj.com.br\/ar\/wp-json\/wp\/v2\/posts"}],"about":[{"href":"https:\/\/www.vagadeempregorj.com.br\/ar\/wp-json\/wp\/v2\/types\/post"}],"author":[{"embeddable":true,"href":"https:\/\/www.vagadeempregorj.com.br\/ar\/wp-json\/wp\/v2\/users\/1"}],"replies":[{"embeddable":true,"href":"https:\/\/www.vagadeempregorj.com.br\/ar\/wp-json\/wp\/v2\/comments?post=42348"}],"version-history":[{"count":0,"href":"https:\/\/www.vagadeempregorj.com.br\/ar\/wp-json\/wp\/v2\/posts\/42348\/revisions"}],"wp:featuredmedia":[{"embeddable":true,"href":"https:\/\/www.vagadeempregorj.com.br\/ar\/wp-json\/wp\/v2\/media\/42349"}],"wp:attachment":[{"href":"https:\/\/www.vagadeempregorj.com.br\/ar\/wp-json\/wp\/v2\/media?parent=42348"}],"wp:term":[{"taxonomy":"category","embeddable":true,"href":"https:\/\/www.vagadeempregorj.com.br\/ar\/wp-json\/wp\/v2\/categories?post=42348"},{"taxonomy":"post_tag","embeddable":true,"href":"https:\/\/www.vagadeempregorj.com.br\/ar\/wp-json\/wp\/v2\/tags?post=42348"}],"curies":[{"name":"wp","href":"https:\/\/api.w.org\/{rel}","templated":true}]}}