{"id":42482,"date":"2025-02-18T06:00:00","date_gmt":"2025-02-18T09:00:00","guid":{"rendered":"https:\/\/www.vagadeempregorj.com.br\/?p=42482"},"modified":"2025-02-07T00:47:46","modified_gmt":"2025-02-07T03:47:46","slug":"petz-mais-de-430-vagas-de-emprego-pelo-pais","status":"publish","type":"post","link":"https:\/\/www.vagadeempregorj.com.br\/ar\/petz-mais-de-430-vagas-de-emprego-pelo-pais\/","title":{"rendered":"Petz: Mais de 430 vagas de emprego pelo pa\u00eds"},"content":{"rendered":"<p>Voc\u00ea j\u00e1 pensou em trabalhar em um lugar onde a paix\u00e3o pelos animais \u00e9 o foco principal? Se a resposta for sim, a <strong>Petz <\/strong>pode ser o lugar ideal para voc\u00ea. Atualmente, a empresa est\u00e1 anunciando mais de 430 vagas de emprego abertas em diversas regi\u00f5es do Brasil.&nbsp;<\/p>\n\n\n\n<p>Isso mesmo, s\u00e3o muitas oportunidades esperando por pessoas que, assim como voc\u00ea, amam os pets e desejam fazer parte de um time comprometido com o bem-estar animal.<\/p>\n\n\n\n<figure class=\"wp-block-image size-large\"><img loading=\"lazy\" decoding=\"async\" width=\"1024\" height=\"570\" src=\"https:\/\/www.vagadeempregorj.com.br\/wp-content\/uploads\/2025\/02\/image-10-1024x570.png\" alt=\"\" class=\"wp-image-42501\" srcset=\"https:\/\/www.vagadeempregorj.com.br\/wp-content\/uploads\/2025\/02\/image-10-1024x570.png 1024w, https:\/\/www.vagadeempregorj.com.br\/wp-content\/uploads\/2025\/02\/image-10-300x167.png 300w, https:\/\/www.vagadeempregorj.com.br\/wp-content\/uploads\/2025\/02\/image-10-768x428.png 768w, https:\/\/www.vagadeempregorj.com.br\/wp-content\/uploads\/2025\/02\/image-10-350x195.png 350w, https:\/\/www.vagadeempregorj.com.br\/wp-content\/uploads\/2025\/02\/image-10-150x84.png 150w, https:\/\/www.vagadeempregorj.com.br\/wp-content\/uploads\/2025\/02\/image-10.png 1040w\" sizes=\"auto, (max-width: 1024px) 100vw, 1024px\" \/><\/figure>\n\n\n\n<h2 class=\"wp-block-heading\">Quais s\u00e3o as oportunidades de carreira na Petz?<\/h2>\n\n\n\n<p>A Petz disponibiliza uma variedade de cargos que atendem a diferentes perfis profissionais. Vamos explorar algumas dessas oportunidades:<\/p>\n\n\n\n<h3 class=\"wp-block-heading\">Banhista e tosador<\/h3>\n\n\n\n<p>Se voc\u00ea tem habilidades em cuidar da higiene e est\u00e9tica dos animais, essa fun\u00e7\u00e3o pode ser perfeita. Como banhista ou tosador, voc\u00ea ser\u00e1 respons\u00e1vel por banhos, tosas e outros cuidados est\u00e9ticos, garantindo que os pets estejam sempre limpos e bem cuidados. H\u00e1 vagas em cidades como S\u00e3o Paulo, Curitiba, Maring\u00e1 e Porto Alegre.<\/p>\n\n\n\n<h3 class=\"wp-block-heading\">Atendente de loja<\/h3>\n\n\n\n<p>Gosta de interagir com pessoas e animais? Como atendente de loja, voc\u00ea auxiliar\u00e1 os clientes na escolha de produtos, esclarecer\u00e1 d\u00favidas e garantir\u00e1 uma experi\u00eancia de compra agrad\u00e1vel. Vagas dispon\u00edveis em locais como Bras\u00edlia, Campo Grande e S\u00e3o Jos\u00e9 dos Campos.<\/p>\n\n\n\n<h3 class=\"wp-block-heading\">Repositor de loja<\/h3>\n\n\n\n<p>Para quem \u00e9 organizado e atento aos detalhes, a fun\u00e7\u00e3o de repositor de loja \u00e9 ideal. Suas responsabilidades incluir\u00e3o manter as prateleiras abastecidas, organizar produtos e auxiliar na disposi\u00e7\u00e3o da loja. H\u00e1 oportunidades em cidades como Brusque, Caxias do Sul e Guarulhos.<\/p>\n\n\n\n<h3 class=\"wp-block-heading\">Supervisor de loja<\/h3>\n\n\n\n<p>Se voc\u00ea possui experi\u00eancia em lideran\u00e7a, considere a fun\u00e7\u00e3o de supervisor de loja. Voc\u00ea ser\u00e1 respons\u00e1vel por coordenar a equipe, garantir o bom funcionamento da loja e alcan\u00e7ar metas estabelecidas. Vagas em Bras\u00edlia, Goi\u00e2nia e Belo Horizonte.<\/p>\n\n\n\n<h3 class=\"wp-block-heading\">Auxiliar de limpeza<\/h3>\n\n\n\n<p>Manter o ambiente limpo e agrad\u00e1vel \u00e9 essencial. Como auxiliar de limpeza, voc\u00ea garantir\u00e1 que todas as \u00e1reas da loja estejam impec\u00e1veis, proporcionando um espa\u00e7o confort\u00e1vel para clientes e pets. Oportunidades em S\u00e3o Paulo, Curitiba e Florian\u00f3polis.<\/p>\n\n\n\n<h3 class=\"wp-block-heading\">Recepcionista de loja<\/h3>\n\n\n\n<p>Para quem tem habilidades de comunica\u00e7\u00e3o e gosta de receber pessoas, a \u00e1rea de recepcionista de loja \u00e9 perfeita. Voc\u00ea ser\u00e1 o primeiro ponto de contato dos clientes, auxiliando-os e direcionando-os conforme necess\u00e1rio. Vagas em Votorantim, Curitiba e Cuiab\u00e1.<\/p>\n\n\n\n<h3 class=\"wp-block-heading\">Encarregado de loja<\/h3>\n\n\n\n<p>Se voc\u00ea tem experi\u00eancia em gest\u00e3o e deseja assumir mais responsabilidades, considere a fun\u00e7\u00e3o de encarregado de loja. Voc\u00ea supervisionar\u00e1 as opera\u00e7\u00f5es di\u00e1rias, garantindo que tudo funcione perfeitamente. Oportunidades em Blumenau, Botucatu e Cuiab\u00e1.<\/p>\n\n\n\n<h3 class=\"wp-block-heading\">Est\u00e1gio t\u00e9cnico hospital veterin\u00e1rio<\/h3>\n\n\n\n<p>Para estudantes da \u00e1rea veterin\u00e1ria, a Petz oferece est\u00e1gios t\u00e9cnicos em seus hospitais. Uma excelente oportunidade para adquirir experi\u00eancia pr\u00e1tica e aprender com profissionais experientes. Vagas em Bras\u00edlia, Porto Alegre e Cuiab\u00e1.<\/p>\n\n\n\n<h3 class=\"wp-block-heading\">Programa Jovem Aprendiz<\/h3>\n\n\n\n<p>Se voc\u00ea est\u00e1 iniciando sua carreira, o Programa Jovem Aprendiz da Petz pode ser a porta de entrada. O programa oferece aprendizado pr\u00e1tico e te\u00f3rico, preparando jovens para o mercado de trabalho. Oportunidades em diversas cidades, incluindo Gravata\u00ed, S\u00e3o Paulo e Hortol\u00e2ndia.<\/p>\n\n\n\n<h2 class=\"wp-block-heading\">Como se candidatar?<\/h2>\n\n\n\n<p>Interessado em alguma dessas oportunidades? O processo de candidatura \u00e9 simples e direto. Siga os passos abaixo para se candidatar:<\/p>\n\n\n\n<ul class=\"wp-block-list\">\n<li><strong>Acesse o site de carreiras da Petz<\/strong>: Visite o portal de vagas da Petz em<a href=\"https:\/\/petz.gupy.io\/\"> <\/a><strong>https:\/\/petz.gupy.io\/<\/strong>.<\/li>\n\n\n\n<li><strong>Navegue pelas vagas dispon\u00edveis<\/strong>: Utilize os filtros para encontrar a oportunidade que melhor se alinha ao seu perfil e localiza\u00e7\u00e3o.<\/li>\n\n\n\n<li><strong>Selecione a vaga desejada<\/strong>: Clique na fun\u00e7\u00e3o de seu interesse para visualizar os detalhes e requisitos.<\/li>\n\n\n\n<li><strong>Clique em &#8220;Candidatar-se para a vaga&#8221;<\/strong>: Este bot\u00e3o geralmente est\u00e1 localizado no final da descri\u00e7\u00e3o da vaga.<\/li>\n\n\n\n<li><strong>Preencha o formul\u00e1rio de candidatura<\/strong>: Forne\u00e7a as informa\u00e7\u00f5es solicitadas, como dados pessoais, experi\u00eancias anteriores e anexe seu curr\u00edculo atualizado.<\/li>\n\n\n\n<li><strong>Envie sua candidatura<\/strong>: Ap\u00f3s revisar todas as informa\u00e7\u00f5es, envie sua candidatura e aguarde o contato da equipe de recrutamento.<\/li>\n<\/ul>\n\n\n\n<p>Lembre-se de que cada vaga pode ter requisitos espec\u00edficos, portanto, leia atentamente a descri\u00e7\u00e3o antes de se candidatar. Manter seu curr\u00edculo atualizado e personalizado para a fun\u00e7\u00e3o desejada aumenta suas chances de sucesso no processo seletivo.<\/p>\n\n\n\n<p>Trabalhar na Petz \u00e9 mais do que apenas um emprego; \u00e9 uma oportunidade de fazer parte de uma comunidade que valoriza o bem-estar animal e a satisfa\u00e7\u00e3o dos clientes. Se voc\u00ea compartilha dessa paix\u00e3o e deseja crescer profissionalmente em um ambiente din\u00e2mico e acolhedor, n\u00e3o perca tempo.<\/p>\n\n\n\n<p><strong>Veja tamb\u00e9m: <a href=\"https:\/\/www.vagadeempregorj.com.br\/ar\/telemont-263-vagas-de-emprego-pelo-pais\/\">TELEMONT: 263 vagas de emprego pelo pa\u00eds<\/a><\/strong><\/p>\n\n\n\n<p>18 de fevereiro de 2025<\/p>","protected":false},"excerpt":{"rendered":"<p>Voc\u00ea j\u00e1 pensou em trabalhar em um lugar onde a paix\u00e3o pelos animais \u00e9 o foco principal? Se a resposta for sim, a Petz pode ser o lugar ideal para voc\u00ea. Atualmente, a empresa est\u00e1 anunciando mais de 430 vagas de emprego abertas em diversas regi\u00f5es do Brasil.&nbsp; Isso mesmo, s\u00e3o muitas oportunidades esperando por&hellip;&nbsp;<\/p>","protected":false},"author":16,"featured_media":42501,"comment_status":"closed","ping_status":"closed","sticky":false,"template":"","format":"standard","meta":{"neve_meta_sidebar":"","neve_meta_container":"","neve_meta_enable_content_width":"","neve_meta_content_width":0,"neve_meta_title_alignment":"","neve_meta_author_avatar":"","neve_post_elements_order":"","neve_meta_disable_header":"","neve_meta_disable_footer":"","neve_meta_disable_title":"","footnotes":""},"categories":[123],"tags":[],"class_list":["post-42482","post","type-post","status-publish","format-standard","has-post-thumbnail","hentry","category-vagas-de-emprego-nacionais"],"yoast_head":"<!-- This site is optimized with the Yoast SEO plugin v27.5 - https:\/\/yoast.com\/product\/yoast-seo-wordpress\/ -->\n<title>Petz: Mais de 430 vagas de emprego pelo pa\u00eds -<\/title>\n<meta name=\"description\" content=\"Veja em Vagas de Emprego RJ as vagas de emprego com e sem experi\u00eancia no seu Estado e Regi\u00e3o!\" \/>\n<meta name=\"robots\" content=\"index, follow, max-snippet:-1, max-image-preview:large, max-video-preview:-1\" \/>\n<link rel=\"canonical\" href=\"https:\/\/www.vagadeempregorj.com.br\/ar\/petz-mais-de-430-vagas-de-emprego-pelo-pais\/\" \/>\n<meta property=\"og:locale\" content=\"ar_AR\" \/>\n<meta property=\"og:type\" content=\"article\" \/>\n<meta property=\"og:title\" content=\"Petz: Mais de 430 vagas de emprego pelo pa\u00eds -\" \/>\n<meta property=\"og:description\" content=\"Veja em Vagas de Emprego RJ as vagas de emprego com e sem experi\u00eancia no seu Estado e Regi\u00e3o!\" \/>\n<meta property=\"og:url\" content=\"https:\/\/www.vagadeempregorj.com.br\/ar\/petz-mais-de-430-vagas-de-emprego-pelo-pais\/\" \/>\n<meta property=\"article:publisher\" content=\"https:\/\/www.facebook.com\/empregobrasiloficial\" \/>\n<meta property=\"article:published_time\" content=\"2025-02-18T09:00:00+00:00\" \/>\n<meta property=\"og:image\" content=\"https:\/\/www.vagadeempregorj.com.br\/wp-content\/uploads\/2025\/02\/image-10.png\" \/>\n\t<meta property=\"og:image:width\" content=\"1040\" \/>\n\t<meta property=\"og:image:height\" content=\"579\" \/>\n\t<meta property=\"og:image:type\" content=\"image\/png\" \/>\n<meta name=\"author\" content=\"Michele\" \/>\n<meta name=\"twitter:card\" content=\"summary_large_image\" \/>\n<meta name=\"twitter:label1\" content=\"Written by\" \/>\n\t<meta name=\"twitter:data1\" content=\"Michele\" \/>\n\t<meta name=\"twitter:label2\" content=\"Est. reading time\" \/>\n\t<meta name=\"twitter:data2\" content=\"4 \u062f\u0642\u0627\u0626\u0642\" \/>\n<script type=\"application\/ld+json\" class=\"yoast-schema-graph\">{\"@context\":\"https:\\\/\\\/schema.org\",\"@graph\":[{\"@type\":\"Article\",\"@id\":\"https:\\\/\\\/www.vagadeempregorj.com.br\\\/petz-mais-de-430-vagas-de-emprego-pelo-pais\\\/#article\",\"isPartOf\":{\"@id\":\"https:\\\/\\\/www.vagadeempregorj.com.br\\\/petz-mais-de-430-vagas-de-emprego-pelo-pais\\\/\"},\"author\":{\"name\":\"Michele\",\"@id\":\"https:\\\/\\\/www.vagadeempregorj.com.br\\\/#\\\/schema\\\/person\\\/3ddb19fa0539706786e502152f3aae95\"},\"headline\":\"Petz: Mais de 430 vagas de emprego pelo pa\u00eds\",\"datePublished\":\"2025-02-18T09:00:00+00:00\",\"mainEntityOfPage\":{\"@id\":\"https:\\\/\\\/www.vagadeempregorj.com.br\\\/petz-mais-de-430-vagas-de-emprego-pelo-pais\\\/\"},\"wordCount\":787,\"image\":{\"@id\":\"https:\\\/\\\/www.vagadeempregorj.com.br\\\/petz-mais-de-430-vagas-de-emprego-pelo-pais\\\/#primaryimage\"},\"thumbnailUrl\":\"https:\\\/\\\/www.vagadeempregorj.com.br\\\/wp-content\\\/uploads\\\/2025\\\/02\\\/image-10.png\",\"articleSection\":[\"Vagas de Emprego Nacionais\"],\"inLanguage\":\"ar\"},{\"@type\":\"WebPage\",\"@id\":\"https:\\\/\\\/www.vagadeempregorj.com.br\\\/petz-mais-de-430-vagas-de-emprego-pelo-pais\\\/\",\"url\":\"https:\\\/\\\/www.vagadeempregorj.com.br\\\/petz-mais-de-430-vagas-de-emprego-pelo-pais\\\/\",\"name\":\"Petz: Mais de 430 vagas de emprego pelo pa\u00eds -\",\"isPartOf\":{\"@id\":\"https:\\\/\\\/www.vagadeempregorj.com.br\\\/#website\"},\"primaryImageOfPage\":{\"@id\":\"https:\\\/\\\/www.vagadeempregorj.com.br\\\/petz-mais-de-430-vagas-de-emprego-pelo-pais\\\/#primaryimage\"},\"image\":{\"@id\":\"https:\\\/\\\/www.vagadeempregorj.com.br\\\/petz-mais-de-430-vagas-de-emprego-pelo-pais\\\/#primaryimage\"},\"thumbnailUrl\":\"https:\\\/\\\/www.vagadeempregorj.com.br\\\/wp-content\\\/uploads\\\/2025\\\/02\\\/image-10.png\",\"datePublished\":\"2025-02-18T09:00:00+00:00\",\"author\":{\"@id\":\"https:\\\/\\\/www.vagadeempregorj.com.br\\\/#\\\/schema\\\/person\\\/3ddb19fa0539706786e502152f3aae95\"},\"description\":\"Veja em Vagas de Emprego RJ as vagas de emprego com e sem experi\u00eancia no seu Estado e Regi\u00e3o!\",\"breadcrumb\":{\"@id\":\"https:\\\/\\\/www.vagadeempregorj.com.br\\\/petz-mais-de-430-vagas-de-emprego-pelo-pais\\\/#breadcrumb\"},\"inLanguage\":\"ar\",\"potentialAction\":[{\"@type\":\"ReadAction\",\"target\":[\"https:\\\/\\\/www.vagadeempregorj.com.br\\\/petz-mais-de-430-vagas-de-emprego-pelo-pais\\\/\"]}]},{\"@type\":\"ImageObject\",\"inLanguage\":\"ar\",\"@id\":\"https:\\\/\\\/www.vagadeempregorj.com.br\\\/petz-mais-de-430-vagas-de-emprego-pelo-pais\\\/#primaryimage\",\"url\":\"https:\\\/\\\/www.vagadeempregorj.com.br\\\/wp-content\\\/uploads\\\/2025\\\/02\\\/image-10.png\",\"contentUrl\":\"https:\\\/\\\/www.vagadeempregorj.com.br\\\/wp-content\\\/uploads\\\/2025\\\/02\\\/image-10.png\",\"width\":1040,\"height\":579},{\"@type\":\"BreadcrumbList\",\"@id\":\"https:\\\/\\\/www.vagadeempregorj.com.br\\\/petz-mais-de-430-vagas-de-emprego-pelo-pais\\\/#breadcrumb\",\"itemListElement\":[{\"@type\":\"ListItem\",\"position\":1,\"name\":\"In\u00edcio\",\"item\":\"https:\\\/\\\/www.vagadeempregorj.com.br\\\/\"},{\"@type\":\"ListItem\",\"position\":2,\"name\":\"Vagas de Emprego Nacionais\",\"item\":\"https:\\\/\\\/www.vagadeempregorj.com.br\\\/vagas-de-emprego-nacionais\\\/\"},{\"@type\":\"ListItem\",\"position\":3,\"name\":\"Petz: Mais de 430 vagas de emprego pelo pa\u00eds\"}]},{\"@type\":\"WebSite\",\"@id\":\"https:\\\/\\\/www.vagadeempregorj.com.br\\\/#website\",\"url\":\"https:\\\/\\\/www.vagadeempregorj.com.br\\\/\",\"name\":\"\",\"description\":\"Conquiste Sonhos: Vagas, Benef\u00edcios e Economia para Transformar Vidas e Alcan\u00e7ar Melhorias Cotidianas\",\"potentialAction\":[{\"@type\":\"SearchAction\",\"target\":{\"@type\":\"EntryPoint\",\"urlTemplate\":\"https:\\\/\\\/www.vagadeempregorj.com.br\\\/?s={search_term_string}\"},\"query-input\":{\"@type\":\"PropertyValueSpecification\",\"valueRequired\":true,\"valueName\":\"search_term_string\"}}],\"inLanguage\":\"ar\"},{\"@type\":\"Person\",\"@id\":\"https:\\\/\\\/www.vagadeempregorj.com.br\\\/#\\\/schema\\\/person\\\/3ddb19fa0539706786e502152f3aae95\",\"name\":\"Michele\",\"image\":{\"@type\":\"ImageObject\",\"inLanguage\":\"ar\",\"@id\":\"https:\\\/\\\/secure.gravatar.com\\\/avatar\\\/6b0eb9d22841282815e2cd856a0061c45e1761cd54b22e952d98c4746939aa85?s=96&r=g\",\"url\":\"https:\\\/\\\/secure.gravatar.com\\\/avatar\\\/6b0eb9d22841282815e2cd856a0061c45e1761cd54b22e952d98c4746939aa85?s=96&r=g\",\"contentUrl\":\"https:\\\/\\\/secure.gravatar.com\\\/avatar\\\/6b0eb9d22841282815e2cd856a0061c45e1761cd54b22e952d98c4746939aa85?s=96&r=g\",\"caption\":\"Michele\"},\"description\":\"Formada em Letras - Portugu\u00eas\\\/ Ingl\u00eas, e idealizadora do site Escritora de Sucesso, busca expandir o conhecimento de todos com informa\u00e7\u00f5es relevantes sobre diversos assuntos, enquanto redatora. No Vaga de Emprego RJ, traz oportunidades e dicas sobre o mercado de trabalho.\",\"url\":\"https:\\\/\\\/www.vagadeempregorj.com.br\\\/ar\\\/author\\\/michele\\\/\"}]}<\/script>\n<!-- \/ Yoast SEO plugin. -->","yoast_head_json":{"title":"Petz: Mais de 430 vagas de emprego pelo pa\u00eds -","description":"Veja em Vagas de Emprego RJ as vagas de emprego com e sem experi\u00eancia no seu Estado e Regi\u00e3o!","robots":{"index":"index","follow":"follow","max-snippet":"max-snippet:-1","max-image-preview":"max-image-preview:large","max-video-preview":"max-video-preview:-1"},"canonical":"https:\/\/www.vagadeempregorj.com.br\/ar\/petz-mais-de-430-vagas-de-emprego-pelo-pais\/","og_locale":"ar_AR","og_type":"article","og_title":"Petz: Mais de 430 vagas de emprego pelo pa\u00eds -","og_description":"Veja em Vagas de Emprego RJ as vagas de emprego com e sem experi\u00eancia no seu Estado e Regi\u00e3o!","og_url":"https:\/\/www.vagadeempregorj.com.br\/ar\/petz-mais-de-430-vagas-de-emprego-pelo-pais\/","article_publisher":"https:\/\/www.facebook.com\/empregobrasiloficial","article_published_time":"2025-02-18T09:00:00+00:00","og_image":[{"width":1040,"height":579,"url":"https:\/\/www.vagadeempregorj.com.br\/wp-content\/uploads\/2025\/02\/image-10.png","type":"image\/png"}],"author":"Michele","twitter_card":"summary_large_image","twitter_misc":{"Written by":"Michele","Est. reading time":"4 \u062f\u0642\u0627\u0626\u0642"},"schema":{"@context":"https:\/\/schema.org","@graph":[{"@type":"Article","@id":"https:\/\/www.vagadeempregorj.com.br\/petz-mais-de-430-vagas-de-emprego-pelo-pais\/#article","isPartOf":{"@id":"https:\/\/www.vagadeempregorj.com.br\/petz-mais-de-430-vagas-de-emprego-pelo-pais\/"},"author":{"name":"Michele","@id":"https:\/\/www.vagadeempregorj.com.br\/#\/schema\/person\/3ddb19fa0539706786e502152f3aae95"},"headline":"Petz: Mais de 430 vagas de emprego pelo pa\u00eds","datePublished":"2025-02-18T09:00:00+00:00","mainEntityOfPage":{"@id":"https:\/\/www.vagadeempregorj.com.br\/petz-mais-de-430-vagas-de-emprego-pelo-pais\/"},"wordCount":787,"image":{"@id":"https:\/\/www.vagadeempregorj.com.br\/petz-mais-de-430-vagas-de-emprego-pelo-pais\/#primaryimage"},"thumbnailUrl":"https:\/\/www.vagadeempregorj.com.br\/wp-content\/uploads\/2025\/02\/image-10.png","articleSection":["Vagas de Emprego Nacionais"],"inLanguage":"ar"},{"@type":"WebPage","@id":"https:\/\/www.vagadeempregorj.com.br\/petz-mais-de-430-vagas-de-emprego-pelo-pais\/","url":"https:\/\/www.vagadeempregorj.com.br\/petz-mais-de-430-vagas-de-emprego-pelo-pais\/","name":"Petz: Mais de 430 vagas de emprego pelo pa\u00eds -","isPartOf":{"@id":"https:\/\/www.vagadeempregorj.com.br\/#website"},"primaryImageOfPage":{"@id":"https:\/\/www.vagadeempregorj.com.br\/petz-mais-de-430-vagas-de-emprego-pelo-pais\/#primaryimage"},"image":{"@id":"https:\/\/www.vagadeempregorj.com.br\/petz-mais-de-430-vagas-de-emprego-pelo-pais\/#primaryimage"},"thumbnailUrl":"https:\/\/www.vagadeempregorj.com.br\/wp-content\/uploads\/2025\/02\/image-10.png","datePublished":"2025-02-18T09:00:00+00:00","author":{"@id":"https:\/\/www.vagadeempregorj.com.br\/#\/schema\/person\/3ddb19fa0539706786e502152f3aae95"},"description":"Veja em Vagas de Emprego RJ as vagas de emprego com e sem experi\u00eancia no seu Estado e Regi\u00e3o!","breadcrumb":{"@id":"https:\/\/www.vagadeempregorj.com.br\/petz-mais-de-430-vagas-de-emprego-pelo-pais\/#breadcrumb"},"inLanguage":"ar","potentialAction":[{"@type":"ReadAction","target":["https:\/\/www.vagadeempregorj.com.br\/petz-mais-de-430-vagas-de-emprego-pelo-pais\/"]}]},{"@type":"ImageObject","inLanguage":"ar","@id":"https:\/\/www.vagadeempregorj.com.br\/petz-mais-de-430-vagas-de-emprego-pelo-pais\/#primaryimage","url":"https:\/\/www.vagadeempregorj.com.br\/wp-content\/uploads\/2025\/02\/image-10.png","contentUrl":"https:\/\/www.vagadeempregorj.com.br\/wp-content\/uploads\/2025\/02\/image-10.png","width":1040,"height":579},{"@type":"BreadcrumbList","@id":"https:\/\/www.vagadeempregorj.com.br\/petz-mais-de-430-vagas-de-emprego-pelo-pais\/#breadcrumb","itemListElement":[{"@type":"ListItem","position":1,"name":"In\u00edcio","item":"https:\/\/www.vagadeempregorj.com.br\/"},{"@type":"ListItem","position":2,"name":"Vagas de Emprego Nacionais","item":"https:\/\/www.vagadeempregorj.com.br\/vagas-de-emprego-nacionais\/"},{"@type":"ListItem","position":3,"name":"Petz: Mais de 430 vagas de emprego pelo pa\u00eds"}]},{"@type":"WebSite","@id":"https:\/\/www.vagadeempregorj.com.br\/#website","url":"https:\/\/www.vagadeempregorj.com.br\/","name":"","description":"Conquiste Sonhos: Vagas, Benef\u00edcios e Economia para Transformar Vidas e Alcan\u00e7ar Melhorias Cotidianas","potentialAction":[{"@type":"SearchAction","target":{"@type":"EntryPoint","urlTemplate":"https:\/\/www.vagadeempregorj.com.br\/?s={search_term_string}"},"query-input":{"@type":"PropertyValueSpecification","valueRequired":true,"valueName":"search_term_string"}}],"inLanguage":"ar"},{"@type":"Person","@id":"https:\/\/www.vagadeempregorj.com.br\/#\/schema\/person\/3ddb19fa0539706786e502152f3aae95","name":"Michele","image":{"@type":"ImageObject","inLanguage":"ar","@id":"https:\/\/secure.gravatar.com\/avatar\/6b0eb9d22841282815e2cd856a0061c45e1761cd54b22e952d98c4746939aa85?s=96&r=g","url":"https:\/\/secure.gravatar.com\/avatar\/6b0eb9d22841282815e2cd856a0061c45e1761cd54b22e952d98c4746939aa85?s=96&r=g","contentUrl":"https:\/\/secure.gravatar.com\/avatar\/6b0eb9d22841282815e2cd856a0061c45e1761cd54b22e952d98c4746939aa85?s=96&r=g","caption":"Michele"},"description":"Formada em Letras - Portugu\u00eas\/ Ingl\u00eas, e idealizadora do site Escritora de Sucesso, busca expandir o conhecimento de todos com informa\u00e7\u00f5es relevantes sobre diversos assuntos, enquanto redatora. No Vaga de Emprego RJ, traz oportunidades e dicas sobre o mercado de trabalho.","url":"https:\/\/www.vagadeempregorj.com.br\/ar\/author\/michele\/"}]}},"_links":{"self":[{"href":"https:\/\/www.vagadeempregorj.com.br\/ar\/wp-json\/wp\/v2\/posts\/42482","targetHints":{"allow":["GET"]}}],"collection":[{"href":"https:\/\/www.vagadeempregorj.com.br\/ar\/wp-json\/wp\/v2\/posts"}],"about":[{"href":"https:\/\/www.vagadeempregorj.com.br\/ar\/wp-json\/wp\/v2\/types\/post"}],"author":[{"embeddable":true,"href":"https:\/\/www.vagadeempregorj.com.br\/ar\/wp-json\/wp\/v2\/users\/16"}],"replies":[{"embeddable":true,"href":"https:\/\/www.vagadeempregorj.com.br\/ar\/wp-json\/wp\/v2\/comments?post=42482"}],"version-history":[{"count":0,"href":"https:\/\/www.vagadeempregorj.com.br\/ar\/wp-json\/wp\/v2\/posts\/42482\/revisions"}],"wp:featuredmedia":[{"embeddable":true,"href":"https:\/\/www.vagadeempregorj.com.br\/ar\/wp-json\/wp\/v2\/media\/42501"}],"wp:attachment":[{"href":"https:\/\/www.vagadeempregorj.com.br\/ar\/wp-json\/wp\/v2\/media?parent=42482"}],"wp:term":[{"taxonomy":"category","embeddable":true,"href":"https:\/\/www.vagadeempregorj.com.br\/ar\/wp-json\/wp\/v2\/categories?post=42482"},{"taxonomy":"post_tag","embeddable":true,"href":"https:\/\/www.vagadeempregorj.com.br\/ar\/wp-json\/wp\/v2\/tags?post=42482"}],"curies":[{"name":"wp","href":"https:\/\/api.w.org\/{rel}","templated":true}]}}