{"id":42518,"date":"2025-02-09T07:00:00","date_gmt":"2025-02-09T10:00:00","guid":{"rendered":"https:\/\/www.vagadeempregorj.com.br\/?p=42518"},"modified":"2025-02-08T02:19:36","modified_gmt":"2025-02-08T05:19:36","slug":"governo-vai-antecipar-saque-aniversario-do-fgts-saiba-aqui","status":"publish","type":"post","link":"https:\/\/www.vagadeempregorj.com.br\/ar\/governo-vai-antecipar-saque-aniversario-do-fgts-saiba-aqui\/","title":{"rendered":"Governo vai antecipar saque-anivers\u00e1rio do FGTS? Saiba aqui"},"content":{"rendered":"<p>O governo pode, sim, antecipar o saque-anivers\u00e1rio do FGTS. Mas antes de comemorar ou tomar qualquer decis\u00e3o, \u00e9 essencial entender como isso funciona, quais s\u00e3o as regras envolvidas e se essa \u00e9 uma boa op\u00e7\u00e3o para o seu bolso.<\/p>\n\n\n\n<figure class=\"wp-block-image size-full is-resized\"><img loading=\"lazy\" decoding=\"async\" width=\"740\" height=\"493\" src=\"https:\/\/www.vagadeempregorj.com.br\/wp-content\/uploads\/2025\/02\/image-13.png\" alt=\"\" class=\"wp-image-42528\" style=\"width:840px;height:auto\" srcset=\"https:\/\/www.vagadeempregorj.com.br\/wp-content\/uploads\/2025\/02\/image-13.png 740w, https:\/\/www.vagadeempregorj.com.br\/wp-content\/uploads\/2025\/02\/image-13-300x200.png 300w, https:\/\/www.vagadeempregorj.com.br\/wp-content\/uploads\/2025\/02\/image-13-150x100.png 150w\" sizes=\"auto, (max-width: 740px) 100vw, 740px\" \/><\/figure>\n\n\n\n<h2 class=\"wp-block-heading\">O que \u00e9 o saque-anivers\u00e1rio do FGTS?<\/h2>\n\n\n\n<p>O saque-anivers\u00e1rio \u00e9 uma modalidade que permite ao trabalhador retirar parte do saldo do FGTS todos os anos, no m\u00eas do seu anivers\u00e1rio. Diferente do saque-rescis\u00e3o, essa op\u00e7\u00e3o impede que o trabalhador retire o saldo total da conta em caso de demiss\u00e3o sem justa causa, ficando apenas com a multa rescis\u00f3ria de 40%.<\/p>\n\n\n\n<p>Criado em 2019, essa modalidade surgiu como uma forma de dar mais liberdade financeira aos trabalhadores, permitindo que eles utilizem parte do saldo do FGTS sem precisar de uma situa\u00e7\u00e3o emergencial. A ades\u00e3o, no entanto, n\u00e3o \u00e9 autom\u00e1tica, e o trabalhador precisa solicitar essa op\u00e7\u00e3o.<\/p>\n\n\n\n<h2 class=\"wp-block-heading\">Como funciona a antecipa\u00e7\u00e3o do saque-anivers\u00e1rio?<\/h2>\n\n\n\n<p>A antecipa\u00e7\u00e3o do saque-anivers\u00e1rio funciona como um empr\u00e9stimo. O trabalhador pode adiantar os valores que receberia nos pr\u00f3ximos anos, usando o saldo do FGTS como garantia. Esse tipo de opera\u00e7\u00e3o \u00e9 oferecido por bancos e tem juros menores que os de outros cr\u00e9ditos, j\u00e1 que o pagamento \u00e9 garantido pelo saldo do FGTS.<\/p>\n\n\n\n<p>Essa modalidade vem ganhando popularidade porque permite acesso r\u00e1pido ao dinheiro retido no FGTS. Os bancos liberam o valor de acordo com o saldo dispon\u00edvel, e o pagamento ocorre automaticamente, reduzindo riscos de inadimpl\u00eancia.<\/p>\n\n\n\n<h2 class=\"wp-block-heading\">O governo vai antecipar?<\/h2>\n\n\n\n<p>Nos \u00faltimos meses, surgiram rumores sobre uma poss\u00edvel medida do governo para facilitar a antecipa\u00e7\u00e3o do saque-anivers\u00e1rio. Isso poderia significar melhores condi\u00e7\u00f5es para os trabalhadores acessarem o dinheiro ou at\u00e9 mesmo uma flexibiliza\u00e7\u00e3o das regras atuais. No entanto, at\u00e9 o momento, qualquer mudan\u00e7a depende de medidas oficiais que ainda est\u00e3o em discuss\u00e3o.<\/p>\n\n\n\n<p>Caso a medida seja aprovada, espera-se que mais trabalhadores possam ter acesso ao saldo do FGTS de forma antecipada, com menos burocracia. Esse movimento faz parte de um esfor\u00e7o para estimular a economia e garantir que mais pessoas consigam lidar com suas dificuldades financeiras sem recorrer a cr\u00e9ditos com juros abusivos.<\/p>\n\n\n\n<h2 class=\"wp-block-heading\">Vale a pena antecipar?<\/h2>\n\n\n\n<p>Isso depende da sua situa\u00e7\u00e3o financeira. Se voc\u00ea tem d\u00edvidas com juros altos, como as do cart\u00e3o de cr\u00e9dito, pode ser vantajoso usar a antecipa\u00e7\u00e3o para quit\u00e1-las. No entanto, se voc\u00ea estiver est\u00e1vel financeiramente, pode ser melhor manter o saldo no FGTS, que rende juros e pode ser usado em momentos de emerg\u00eancia.<\/p>\n\n\n\n<p>Outro ponto a considerar \u00e9 que, ao antecipar, o trabalhador abre m\u00e3o de parte do saldo que poderia estar dispon\u00edvel no futuro. \u00c9 importante avaliar se o valor liberado agora realmente trar\u00e1 benef\u00edcios ou se ser\u00e1 apenas um al\u00edvio moment\u00e2neo sem planejamento adequado.<\/p>\n\n\n\n<p>Especialistas recomendam que a antecipa\u00e7\u00e3o do saque-anivers\u00e1rio seja feita com cautela e, se poss\u00edvel, usada para investimentos ou pagamento de d\u00edvidas urgentes. Caso contr\u00e1rio, pode n\u00e3o valer a pena abrir m\u00e3o desse saldo.<\/p>\n\n\n\n<h2 class=\"wp-block-heading\">Como solicitar a antecipa\u00e7\u00e3o?<\/h2>\n\n\n\n<p>Caso decida antecipar, o processo \u00e9 simples. Basta verificar se o seu banco oferece essa modalidade, conferir as taxas de juros e autorizar a opera\u00e7\u00e3o pelo aplicativo do FGTS ou diretamente na institui\u00e7\u00e3o financeira escolhida.<\/p>\n\n\n\n<p>Cada banco tem suas pr\u00f3prias condi\u00e7\u00f5es, como quantidade de parcelas m\u00ednimas e taxas aplic\u00e1veis. \u00c9 essencial comparar as op\u00e7\u00f5es dispon\u00edveis para garantir que a escolha seja vantajosa.<\/p>\n\n\n\n<h2 class=\"wp-block-heading\">Alternativas ao saque-anivers\u00e1rio<\/h2>\n\n\n\n<p>Se a antecipa\u00e7\u00e3o do saque-anivers\u00e1rio n\u00e3o parece uma boa op\u00e7\u00e3o para voc\u00ea, h\u00e1 outras formas de acessar recursos financeiros sem comprometer seu saldo no FGTS. Algumas alternativas incluem:<\/p>\n\n\n\n<ul class=\"wp-block-list\">\n<li><strong>Empr\u00e9stimos consignados<\/strong>: Op\u00e7\u00e3o com juros menores, descontados diretamente na folha de pagamento.<\/li>\n\n\n\n<li><strong>Renegocia\u00e7\u00e3o de d\u00edvidas<\/strong>: Se o objetivo for quitar pend\u00eancias, negociar diretamente com credores pode ser mais vantajoso.<\/li>\n\n\n\n<li><strong>Reserva de emerg\u00eancia<\/strong>: Construir uma poupan\u00e7a para imprevistos evita a necessidade de antecipar valores.<\/li>\n<\/ul>\n\n\n\n<p>Avaliar todas as op\u00e7\u00f5es dispon\u00edveis ajuda a tomar uma decis\u00e3o mais informada e ben\u00e9fica a longo prazo.<\/p>\n\n\n\n<p>O governo pode trazer novidades sobre a antecipa\u00e7\u00e3o do saque-anivers\u00e1rio do FGTS, mas \u00e9 essencial ficar atento \u00e0s regras e avaliar bem antes de tomar qualquer decis\u00e3o. Se voc\u00ea precisar do dinheiro e as condi\u00e7\u00f5es forem vantajosas, pode ser uma boa alternativa.&nbsp;<\/p>\n\n\n\n<p>O mais importante \u00e9 garantir que qualquer decis\u00e3o financeira seja tomada com planejamento e consci\u00eancia. Fique de olho nas atualiza\u00e7\u00f5es e avalie sempre o que faz mais sentido para o seu futuro financeiro!<\/p>\n\n\n\n<p><strong>Veja tamb\u00e9m: <a href=\"https:\/\/www.vagadeempregorj.com.br\/ar\/bolsa-familia-pode-ser-bloqueado-judicialmente-por-divida\/\">Bolsa Fam\u00edlia pode ser bloqueado judicialmente por d\u00edvida?<\/a><\/strong><\/p>\n\n\n\n<p>9 de fevereiro de 2025<\/p>","protected":false},"excerpt":{"rendered":"<p>O governo pode, sim, antecipar o saque-anivers\u00e1rio do FGTS. Mas antes de comemorar ou tomar qualquer decis\u00e3o, \u00e9 essencial entender como isso funciona, quais s\u00e3o as regras envolvidas e se essa \u00e9 uma boa op\u00e7\u00e3o para o seu bolso. O que \u00e9 o saque-anivers\u00e1rio do FGTS? O saque-anivers\u00e1rio \u00e9 uma modalidade que permite ao trabalhador&hellip;&nbsp;<\/p>","protected":false},"author":16,"featured_media":42528,"comment_status":"closed","ping_status":"closed","sticky":false,"template":"","format":"standard","meta":{"neve_meta_sidebar":"","neve_meta_container":"","neve_meta_enable_content_width":"","neve_meta_content_width":0,"neve_meta_title_alignment":"","neve_meta_author_avatar":"","neve_post_elements_order":"","neve_meta_disable_header":"","neve_meta_disable_footer":"","neve_meta_disable_title":"","footnotes":""},"categories":[1],"tags":[],"class_list":["post-42518","post","type-post","status-publish","format-standard","has-post-thumbnail","hentry","category-beneficios-sociais"],"yoast_head":"<!-- This site is optimized with the Yoast SEO plugin v27.5 - https:\/\/yoast.com\/product\/yoast-seo-wordpress\/ -->\n<title>Governo vai antecipar saque-anivers\u00e1rio do FGTS? Saiba aqui -<\/title>\n<meta name=\"description\" content=\"Veja em Vagas de Emprego RJ as vagas de emprego com e sem experi\u00eancia no seu Estado e Regi\u00e3o!\" \/>\n<meta name=\"robots\" content=\"index, follow, max-snippet:-1, max-image-preview:large, max-video-preview:-1\" \/>\n<link rel=\"canonical\" href=\"https:\/\/www.vagadeempregorj.com.br\/ar\/governo-vai-antecipar-saque-aniversario-do-fgts-saiba-aqui\/\" \/>\n<meta property=\"og:locale\" content=\"ar_AR\" \/>\n<meta property=\"og:type\" content=\"article\" \/>\n<meta property=\"og:title\" content=\"Governo vai antecipar saque-anivers\u00e1rio do FGTS? Saiba aqui -\" \/>\n<meta property=\"og:description\" content=\"Veja em Vagas de Emprego RJ as vagas de emprego com e sem experi\u00eancia no seu Estado e Regi\u00e3o!\" \/>\n<meta property=\"og:url\" content=\"https:\/\/www.vagadeempregorj.com.br\/ar\/governo-vai-antecipar-saque-aniversario-do-fgts-saiba-aqui\/\" \/>\n<meta property=\"article:publisher\" content=\"https:\/\/www.facebook.com\/empregobrasiloficial\" \/>\n<meta property=\"article:published_time\" content=\"2025-02-09T10:00:00+00:00\" \/>\n<meta property=\"og:image\" content=\"https:\/\/www.vagadeempregorj.com.br\/wp-content\/uploads\/2025\/02\/image-13.png\" \/>\n\t<meta property=\"og:image:width\" content=\"740\" \/>\n\t<meta property=\"og:image:height\" content=\"493\" \/>\n\t<meta property=\"og:image:type\" content=\"image\/png\" \/>\n<meta name=\"author\" content=\"Michele\" \/>\n<meta name=\"twitter:card\" content=\"summary_large_image\" \/>\n<meta name=\"twitter:label1\" content=\"\u0643\u064f\u062a\u0628 \u0628\u0648\u0627\u0633\u0637\u0629\" \/>\n\t<meta name=\"twitter:data1\" content=\"Michele\" \/>\n\t<meta name=\"twitter:label2\" content=\"\u0648\u0642\u062a \u0627\u0644\u0642\u0631\u0627\u0621\u0629 \u0627\u0644\u0645\u064f\u0642\u062f\u0651\u0631\" \/>\n\t<meta name=\"twitter:data2\" content=\"4 \u062f\u0642\u0627\u0626\u0642\" \/>\n<script type=\"application\/ld+json\" class=\"yoast-schema-graph\">{\"@context\":\"https:\\\/\\\/schema.org\",\"@graph\":[{\"@type\":\"Article\",\"@id\":\"https:\\\/\\\/www.vagadeempregorj.com.br\\\/governo-vai-antecipar-saque-aniversario-do-fgts-saiba-aqui\\\/#article\",\"isPartOf\":{\"@id\":\"https:\\\/\\\/www.vagadeempregorj.com.br\\\/governo-vai-antecipar-saque-aniversario-do-fgts-saiba-aqui\\\/\"},\"author\":{\"name\":\"Michele\",\"@id\":\"https:\\\/\\\/www.vagadeempregorj.com.br\\\/#\\\/schema\\\/person\\\/3ddb19fa0539706786e502152f3aae95\"},\"headline\":\"Governo vai antecipar saque-anivers\u00e1rio do FGTS? Saiba aqui\",\"datePublished\":\"2025-02-09T10:00:00+00:00\",\"mainEntityOfPage\":{\"@id\":\"https:\\\/\\\/www.vagadeempregorj.com.br\\\/governo-vai-antecipar-saque-aniversario-do-fgts-saiba-aqui\\\/\"},\"wordCount\":810,\"image\":{\"@id\":\"https:\\\/\\\/www.vagadeempregorj.com.br\\\/governo-vai-antecipar-saque-aniversario-do-fgts-saiba-aqui\\\/#primaryimage\"},\"thumbnailUrl\":\"https:\\\/\\\/www.vagadeempregorj.com.br\\\/wp-content\\\/uploads\\\/2025\\\/02\\\/image-13.png\",\"articleSection\":[\"Benef\u00edcios Sociais\"],\"inLanguage\":\"ar\"},{\"@type\":\"WebPage\",\"@id\":\"https:\\\/\\\/www.vagadeempregorj.com.br\\\/governo-vai-antecipar-saque-aniversario-do-fgts-saiba-aqui\\\/\",\"url\":\"https:\\\/\\\/www.vagadeempregorj.com.br\\\/governo-vai-antecipar-saque-aniversario-do-fgts-saiba-aqui\\\/\",\"name\":\"Governo vai antecipar saque-anivers\u00e1rio do FGTS? Saiba aqui -\",\"isPartOf\":{\"@id\":\"https:\\\/\\\/www.vagadeempregorj.com.br\\\/#website\"},\"primaryImageOfPage\":{\"@id\":\"https:\\\/\\\/www.vagadeempregorj.com.br\\\/governo-vai-antecipar-saque-aniversario-do-fgts-saiba-aqui\\\/#primaryimage\"},\"image\":{\"@id\":\"https:\\\/\\\/www.vagadeempregorj.com.br\\\/governo-vai-antecipar-saque-aniversario-do-fgts-saiba-aqui\\\/#primaryimage\"},\"thumbnailUrl\":\"https:\\\/\\\/www.vagadeempregorj.com.br\\\/wp-content\\\/uploads\\\/2025\\\/02\\\/image-13.png\",\"datePublished\":\"2025-02-09T10:00:00+00:00\",\"author\":{\"@id\":\"https:\\\/\\\/www.vagadeempregorj.com.br\\\/#\\\/schema\\\/person\\\/3ddb19fa0539706786e502152f3aae95\"},\"description\":\"Veja em Vagas de Emprego RJ as vagas de emprego com e sem experi\u00eancia no seu Estado e Regi\u00e3o!\",\"breadcrumb\":{\"@id\":\"https:\\\/\\\/www.vagadeempregorj.com.br\\\/governo-vai-antecipar-saque-aniversario-do-fgts-saiba-aqui\\\/#breadcrumb\"},\"inLanguage\":\"ar\",\"potentialAction\":[{\"@type\":\"ReadAction\",\"target\":[\"https:\\\/\\\/www.vagadeempregorj.com.br\\\/governo-vai-antecipar-saque-aniversario-do-fgts-saiba-aqui\\\/\"]}]},{\"@type\":\"ImageObject\",\"inLanguage\":\"ar\",\"@id\":\"https:\\\/\\\/www.vagadeempregorj.com.br\\\/governo-vai-antecipar-saque-aniversario-do-fgts-saiba-aqui\\\/#primaryimage\",\"url\":\"https:\\\/\\\/www.vagadeempregorj.com.br\\\/wp-content\\\/uploads\\\/2025\\\/02\\\/image-13.png\",\"contentUrl\":\"https:\\\/\\\/www.vagadeempregorj.com.br\\\/wp-content\\\/uploads\\\/2025\\\/02\\\/image-13.png\",\"width\":740,\"height\":493},{\"@type\":\"BreadcrumbList\",\"@id\":\"https:\\\/\\\/www.vagadeempregorj.com.br\\\/governo-vai-antecipar-saque-aniversario-do-fgts-saiba-aqui\\\/#breadcrumb\",\"itemListElement\":[{\"@type\":\"ListItem\",\"position\":1,\"name\":\"In\u00edcio\",\"item\":\"https:\\\/\\\/www.vagadeempregorj.com.br\\\/\"},{\"@type\":\"ListItem\",\"position\":2,\"name\":\"Benef\u00edcios Sociais\",\"item\":\"https:\\\/\\\/www.vagadeempregorj.com.br\\\/beneficios-sociais\\\/\"},{\"@type\":\"ListItem\",\"position\":3,\"name\":\"Governo vai antecipar saque-anivers\u00e1rio do FGTS? Saiba aqui\"}]},{\"@type\":\"WebSite\",\"@id\":\"https:\\\/\\\/www.vagadeempregorj.com.br\\\/#website\",\"url\":\"https:\\\/\\\/www.vagadeempregorj.com.br\\\/\",\"name\":\"\",\"description\":\"Conquiste Sonhos: Vagas, Benef\u00edcios e Economia para Transformar Vidas e Alcan\u00e7ar Melhorias Cotidianas\",\"potentialAction\":[{\"@type\":\"SearchAction\",\"target\":{\"@type\":\"EntryPoint\",\"urlTemplate\":\"https:\\\/\\\/www.vagadeempregorj.com.br\\\/?s={search_term_string}\"},\"query-input\":{\"@type\":\"PropertyValueSpecification\",\"valueRequired\":true,\"valueName\":\"search_term_string\"}}],\"inLanguage\":\"ar\"},{\"@type\":\"Person\",\"@id\":\"https:\\\/\\\/www.vagadeempregorj.com.br\\\/#\\\/schema\\\/person\\\/3ddb19fa0539706786e502152f3aae95\",\"name\":\"Michele\",\"image\":{\"@type\":\"ImageObject\",\"inLanguage\":\"ar\",\"@id\":\"https:\\\/\\\/secure.gravatar.com\\\/avatar\\\/6b0eb9d22841282815e2cd856a0061c45e1761cd54b22e952d98c4746939aa85?s=96&r=g\",\"url\":\"https:\\\/\\\/secure.gravatar.com\\\/avatar\\\/6b0eb9d22841282815e2cd856a0061c45e1761cd54b22e952d98c4746939aa85?s=96&r=g\",\"contentUrl\":\"https:\\\/\\\/secure.gravatar.com\\\/avatar\\\/6b0eb9d22841282815e2cd856a0061c45e1761cd54b22e952d98c4746939aa85?s=96&r=g\",\"caption\":\"Michele\"},\"description\":\"Formada em Letras - Portugu\u00eas\\\/ Ingl\u00eas, e idealizadora do site Escritora de Sucesso, busca expandir o conhecimento de todos com informa\u00e7\u00f5es relevantes sobre diversos assuntos, enquanto redatora. No Vaga de Emprego RJ, traz oportunidades e dicas sobre o mercado de trabalho.\",\"url\":\"https:\\\/\\\/www.vagadeempregorj.com.br\\\/ar\\\/author\\\/michele\\\/\"}]}<\/script>\n<!-- \/ Yoast SEO plugin. -->","yoast_head_json":{"title":"Governo vai antecipar saque-anivers\u00e1rio do FGTS? Saiba aqui -","description":"Veja em Vagas de Emprego RJ as vagas de emprego com e sem experi\u00eancia no seu Estado e Regi\u00e3o!","robots":{"index":"index","follow":"follow","max-snippet":"max-snippet:-1","max-image-preview":"max-image-preview:large","max-video-preview":"max-video-preview:-1"},"canonical":"https:\/\/www.vagadeempregorj.com.br\/ar\/governo-vai-antecipar-saque-aniversario-do-fgts-saiba-aqui\/","og_locale":"ar_AR","og_type":"article","og_title":"Governo vai antecipar saque-anivers\u00e1rio do FGTS? Saiba aqui -","og_description":"Veja em Vagas de Emprego RJ as vagas de emprego com e sem experi\u00eancia no seu Estado e Regi\u00e3o!","og_url":"https:\/\/www.vagadeempregorj.com.br\/ar\/governo-vai-antecipar-saque-aniversario-do-fgts-saiba-aqui\/","article_publisher":"https:\/\/www.facebook.com\/empregobrasiloficial","article_published_time":"2025-02-09T10:00:00+00:00","og_image":[{"width":740,"height":493,"url":"https:\/\/www.vagadeempregorj.com.br\/wp-content\/uploads\/2025\/02\/image-13.png","type":"image\/png"}],"author":"Michele","twitter_card":"summary_large_image","twitter_misc":{"\u0643\u064f\u062a\u0628 \u0628\u0648\u0627\u0633\u0637\u0629":"Michele","\u0648\u0642\u062a \u0627\u0644\u0642\u0631\u0627\u0621\u0629 \u0627\u0644\u0645\u064f\u0642\u062f\u0651\u0631":"4 \u062f\u0642\u0627\u0626\u0642"},"schema":{"@context":"https:\/\/schema.org","@graph":[{"@type":"Article","@id":"https:\/\/www.vagadeempregorj.com.br\/governo-vai-antecipar-saque-aniversario-do-fgts-saiba-aqui\/#article","isPartOf":{"@id":"https:\/\/www.vagadeempregorj.com.br\/governo-vai-antecipar-saque-aniversario-do-fgts-saiba-aqui\/"},"author":{"name":"Michele","@id":"https:\/\/www.vagadeempregorj.com.br\/#\/schema\/person\/3ddb19fa0539706786e502152f3aae95"},"headline":"Governo vai antecipar saque-anivers\u00e1rio do FGTS? Saiba aqui","datePublished":"2025-02-09T10:00:00+00:00","mainEntityOfPage":{"@id":"https:\/\/www.vagadeempregorj.com.br\/governo-vai-antecipar-saque-aniversario-do-fgts-saiba-aqui\/"},"wordCount":810,"image":{"@id":"https:\/\/www.vagadeempregorj.com.br\/governo-vai-antecipar-saque-aniversario-do-fgts-saiba-aqui\/#primaryimage"},"thumbnailUrl":"https:\/\/www.vagadeempregorj.com.br\/wp-content\/uploads\/2025\/02\/image-13.png","articleSection":["Benef\u00edcios Sociais"],"inLanguage":"ar"},{"@type":"WebPage","@id":"https:\/\/www.vagadeempregorj.com.br\/governo-vai-antecipar-saque-aniversario-do-fgts-saiba-aqui\/","url":"https:\/\/www.vagadeempregorj.com.br\/governo-vai-antecipar-saque-aniversario-do-fgts-saiba-aqui\/","name":"Governo vai antecipar saque-anivers\u00e1rio do FGTS? Saiba aqui -","isPartOf":{"@id":"https:\/\/www.vagadeempregorj.com.br\/#website"},"primaryImageOfPage":{"@id":"https:\/\/www.vagadeempregorj.com.br\/governo-vai-antecipar-saque-aniversario-do-fgts-saiba-aqui\/#primaryimage"},"image":{"@id":"https:\/\/www.vagadeempregorj.com.br\/governo-vai-antecipar-saque-aniversario-do-fgts-saiba-aqui\/#primaryimage"},"thumbnailUrl":"https:\/\/www.vagadeempregorj.com.br\/wp-content\/uploads\/2025\/02\/image-13.png","datePublished":"2025-02-09T10:00:00+00:00","author":{"@id":"https:\/\/www.vagadeempregorj.com.br\/#\/schema\/person\/3ddb19fa0539706786e502152f3aae95"},"description":"Veja em Vagas de Emprego RJ as vagas de emprego com e sem experi\u00eancia no seu Estado e Regi\u00e3o!","breadcrumb":{"@id":"https:\/\/www.vagadeempregorj.com.br\/governo-vai-antecipar-saque-aniversario-do-fgts-saiba-aqui\/#breadcrumb"},"inLanguage":"ar","potentialAction":[{"@type":"ReadAction","target":["https:\/\/www.vagadeempregorj.com.br\/governo-vai-antecipar-saque-aniversario-do-fgts-saiba-aqui\/"]}]},{"@type":"ImageObject","inLanguage":"ar","@id":"https:\/\/www.vagadeempregorj.com.br\/governo-vai-antecipar-saque-aniversario-do-fgts-saiba-aqui\/#primaryimage","url":"https:\/\/www.vagadeempregorj.com.br\/wp-content\/uploads\/2025\/02\/image-13.png","contentUrl":"https:\/\/www.vagadeempregorj.com.br\/wp-content\/uploads\/2025\/02\/image-13.png","width":740,"height":493},{"@type":"BreadcrumbList","@id":"https:\/\/www.vagadeempregorj.com.br\/governo-vai-antecipar-saque-aniversario-do-fgts-saiba-aqui\/#breadcrumb","itemListElement":[{"@type":"ListItem","position":1,"name":"In\u00edcio","item":"https:\/\/www.vagadeempregorj.com.br\/"},{"@type":"ListItem","position":2,"name":"Benef\u00edcios Sociais","item":"https:\/\/www.vagadeempregorj.com.br\/beneficios-sociais\/"},{"@type":"ListItem","position":3,"name":"Governo vai antecipar saque-anivers\u00e1rio do FGTS? Saiba aqui"}]},{"@type":"WebSite","@id":"https:\/\/www.vagadeempregorj.com.br\/#website","url":"https:\/\/www.vagadeempregorj.com.br\/","name":"","description":"\u062a\u062d\u0642\u064a\u0642 \u0627\u0644\u0623\u062d\u0644\u0627\u0645: \u0641\u0631\u0635 \u0639\u0645\u0644\u060c \u0645\u0632\u0627\u064a\u0627\u060c \u0648\u062a\u0648\u0641\u064a\u0631\u0627\u062a \u0644\u062a\u063a\u064a\u064a\u0631 \u0627\u0644\u062d\u064a\u0627\u0629 \u0648\u062a\u062d\u0642\u064a\u0642 \u062a\u062d\u0633\u064a\u0646\u0627\u062a \u064a\u0648\u0645\u064a\u0629","potentialAction":[{"@type":"SearchAction","target":{"@type":"EntryPoint","urlTemplate":"https:\/\/www.vagadeempregorj.com.br\/?s={search_term_string}"},"query-input":{"@type":"PropertyValueSpecification","valueRequired":true,"valueName":"search_term_string"}}],"inLanguage":"ar"},{"@type":"Person","@id":"https:\/\/www.vagadeempregorj.com.br\/#\/schema\/person\/3ddb19fa0539706786e502152f3aae95","name":"Michele","image":{"@type":"ImageObject","inLanguage":"ar","@id":"https:\/\/secure.gravatar.com\/avatar\/6b0eb9d22841282815e2cd856a0061c45e1761cd54b22e952d98c4746939aa85?s=96&r=g","url":"https:\/\/secure.gravatar.com\/avatar\/6b0eb9d22841282815e2cd856a0061c45e1761cd54b22e952d98c4746939aa85?s=96&r=g","contentUrl":"https:\/\/secure.gravatar.com\/avatar\/6b0eb9d22841282815e2cd856a0061c45e1761cd54b22e952d98c4746939aa85?s=96&r=g","caption":"Michele"},"description":"Formada em Letras - Portugu\u00eas\/ Ingl\u00eas, e idealizadora do site Escritora de Sucesso, busca expandir o conhecimento de todos com informa\u00e7\u00f5es relevantes sobre diversos assuntos, enquanto redatora. No Vaga de Emprego RJ, traz oportunidades e dicas sobre o mercado de trabalho.","url":"https:\/\/www.vagadeempregorj.com.br\/ar\/author\/michele\/"}]}},"_links":{"self":[{"href":"https:\/\/www.vagadeempregorj.com.br\/ar\/wp-json\/wp\/v2\/posts\/42518","targetHints":{"allow":["GET"]}}],"collection":[{"href":"https:\/\/www.vagadeempregorj.com.br\/ar\/wp-json\/wp\/v2\/posts"}],"about":[{"href":"https:\/\/www.vagadeempregorj.com.br\/ar\/wp-json\/wp\/v2\/types\/post"}],"author":[{"embeddable":true,"href":"https:\/\/www.vagadeempregorj.com.br\/ar\/wp-json\/wp\/v2\/users\/16"}],"replies":[{"embeddable":true,"href":"https:\/\/www.vagadeempregorj.com.br\/ar\/wp-json\/wp\/v2\/comments?post=42518"}],"version-history":[{"count":0,"href":"https:\/\/www.vagadeempregorj.com.br\/ar\/wp-json\/wp\/v2\/posts\/42518\/revisions"}],"wp:featuredmedia":[{"embeddable":true,"href":"https:\/\/www.vagadeempregorj.com.br\/ar\/wp-json\/wp\/v2\/media\/42528"}],"wp:attachment":[{"href":"https:\/\/www.vagadeempregorj.com.br\/ar\/wp-json\/wp\/v2\/media?parent=42518"}],"wp:term":[{"taxonomy":"category","embeddable":true,"href":"https:\/\/www.vagadeempregorj.com.br\/ar\/wp-json\/wp\/v2\/categories?post=42518"},{"taxonomy":"post_tag","embeddable":true,"href":"https:\/\/www.vagadeempregorj.com.br\/ar\/wp-json\/wp\/v2\/tags?post=42518"}],"curies":[{"name":"wp","href":"https:\/\/api.w.org\/{rel}","templated":true}]}}