{"id":42564,"date":"2025-02-12T08:46:39","date_gmt":"2025-02-12T11:46:39","guid":{"rendered":"https:\/\/www.vagadeempregorj.com.br\/?p=42564"},"modified":"2025-02-12T08:46:39","modified_gmt":"2025-02-12T11:46:39","slug":"vagas-emprego-grupo-info-manaus-belem-boa-vista","status":"publish","type":"post","link":"https:\/\/www.vagadeempregorj.com.br\/ar\/vagas-emprego-grupo-info-manaus-belem-boa-vista\/","title":{"rendered":"Vagas no Grupo Info: Oportunidades em Manaus, Bel\u00e9m, Boa Vista"},"content":{"rendered":"<p class=\"has-medium-font-size\">O Grupo Info, conhecido por sua rede Info Store, est\u00e1 oferecendo vagas de emprego em Manaus, Bel\u00e9m e Boa Vista. Ao todo, s\u00e3o 17 oportunidades dispon\u00edveis. Dessa forma, a empresa busca profissionais para cargos como Consultor de Vendas, Assistente de Log\u00edstica e Analista de Sistema. Al\u00e9m disso, as oportunidades no Grupo Info representam uma excelente possibilidade para quem deseja crescer profissionalmente em uma das maiores redes de varejo e tecnologia da regi\u00e3o Norte.<\/p>\n\n\n\n<h2 class=\"wp-block-heading\"><strong>Oportunidades Dispon\u00edveis nas Tr\u00eas Cidades<\/strong><\/h2>\n\n\n\n<p class=\"has-medium-font-size\">O Grupo Info est\u00e1 com <strong>vagas abertas<\/strong> para tr\u00eas cidades da regi\u00e3o Norte: Manaus, Bel\u00e9m e Boa Vista. Em Manaus, h\u00e1 12 vagas distribu\u00eddas entre Consultor de Vendas, Assistente de Log\u00edstica J\u00fanior, Assistente Fiscal, Assistente de Sistema e Analista de Sistema. J\u00e1 em Bel\u00e9m e Boa Vista, as oportunidades s\u00e3o exclusivas para o cargo de Consultor de Vendas, com duas e tr\u00eas vagas, respectivamente. Al\u00e9m disso, as <strong>oportunidades no Grupo Info<\/strong> tamb\u00e9m s\u00e3o destinadas a Pessoas com Defici\u00eancia (PcDs), refor\u00e7ando o compromisso da empresa com a inclus\u00e3o.<\/p>\n\n\n\n<h2 class=\"wp-block-heading\"><strong>Requisitos para as Vagas<\/strong><\/h2>\n\n\n\n<p class=\"has-medium-font-size\">Cada cargo exige qualifica\u00e7\u00f5es espec\u00edficas. Para o Assistente de Log\u00edstica J\u00fanior, \u00e9 necess\u00e1rio Ensino M\u00e9dio completo e experi\u00eancia de seis meses na \u00e1rea. J\u00e1 o Assistente Fiscal requer conhecimentos em finan\u00e7as e Excel avan\u00e7ado, al\u00e9m de prefer\u00eancia por gradua\u00e7\u00e3o em Ci\u00eancias Cont\u00e1beis. Para as <strong>vagas relacionadas \u00e0 \u00e1rea de TI<\/strong>, como Assistente de Sistema e Analista de Sistema, \u00e9 desej\u00e1vel forma\u00e7\u00e3o t\u00e9cnica ou superior em \u00e1reas como Inform\u00e1tica e An\u00e1lise de Sistemas. Por fim, os Consultores de Vendas devem ter Ensino Superior completo ou em andamento.<\/p>\n\n\n\n<h2 class=\"wp-block-heading\"><strong>Processo Seletivo e Etapas<\/strong><\/h2>\n\n\n\n<p class=\"has-medium-font-size\">O processo seletivo para as vagas de emprego no Grupo Info \u00e9 dividido em etapas. Primeiramente, os candidatos devem se cadastrar no portal de recrutamento e escolher a vaga desejada. Em seguida, \u00e9 necess\u00e1rio aguardar a an\u00e1lise inicial. Depois disso, os selecionados passar\u00e3o por entrevistas com o setor de Recursos Humanos, al\u00e9m de testes pr\u00e1ticos e entrevistas t\u00e9cnicas. De acordo com Elisiane Lima, gerente de Gente & Gest\u00e3o, o processo tem como objetivo avaliar as compet\u00eancias espec\u00edficas de cada candidato, garantindo, assim, a melhor escolha tanto para a empresa quanto para o profissional.<\/p>\n\n\n\n<h2 class=\"wp-block-heading\"><strong>Crescimento Profissional no Grupo Info<\/strong><\/h2>\n\n\n\n<p class=\"has-medium-font-size\">Elisiane Lima tamb\u00e9m destacou que as <strong>vagas de emprego no Grupo Info<\/strong> oferecem oportunidades de crescimento profissional. \u201cS\u00e3o vagas que abrangem desde profissionais com Ensino M\u00e9dio at\u00e9 aqueles com forma\u00e7\u00e3o superior e conhecimentos avan\u00e7ados\u201d, afirmou. Al\u00e9m disso, a sele\u00e7\u00e3o ocorre em tr\u00eas estados, ampliando as chances para quem busca uma carreira s\u00f3lida no varejo e na tecnologia.<\/p>\n\n\n\n<h2 class=\"wp-block-heading\"><strong>Benef\u00edcios e Cultura Organizacional<\/strong><\/h2>\n\n\n\n<p class=\"has-medium-font-size\">Al\u00e9m das oportunidades de crescimento, o Grupo Info oferece uma s\u00e9rie de benef\u00edcios para seus colaboradores. Entre eles, destacam-se planos de sa\u00fade, vale-alimenta\u00e7\u00e3o, vale-transporte e programas de desenvolvimento profissional. A empresa tamb\u00e9m valoriza uma cultura organizacional inclusiva e din\u00e2mica, onde os colaboradores s\u00e3o incentivados a inovar e contribuir para o sucesso coletivo. Esses aspectos tornam as <strong>vagas de emprego no Grupo Info<\/strong> ainda mais atrativas para quem busca estabilidade e reconhecimento no mercado de trabalho.<\/p>\n\n\n\n<p class=\"has-medium-font-size\"><strong>Um dos pontos fortes do Grupo Info \u00e9 seu compromisso com a inclus\u00e3o e a diversidade. Por isso, o Grupo Info abre vagas de emprego para Pessoas com Defici\u00eancia (PcDs), garantindo que todos tenham a oportunidade de desenvolver suas carreiras em um ambiente acolhedor e adaptado para atender \u00e0s necessidades espec\u00edficas de cada colaborador. Al\u00e9m disso, essa pol\u00edtica refor\u00e7a a responsabilidade social da empresa e contribui para um mercado de trabalho mais justo e igualit\u00e1rio.<\/strong><\/p>\n\n\n\n<h2 class=\"wp-block-heading\"><strong>Como se Candidatar<\/strong><\/h2>\n\n\n\n<p class=\"has-medium-font-size\">Para se inscrever nas <strong>vagas de emprego no Grupo Info<\/strong>, os interessados devem acessar o portal de recrutamento da empresa, escolher a vaga desejada e preencher o formul\u00e1rio de cadastro. \u00c9 importante que os candidatos leiam atentamente os requisitos de cada cargo e preparem um curr\u00edculo atualizado, destacando suas experi\u00eancias e habilidades relevantes. Ap\u00f3s a inscri\u00e7\u00e3o, os selecionados ser\u00e3o contatados para as pr\u00f3ximas etapas do processo seletivo.<\/p>\n\n\n\n<p class=\"has-medium-font-size\">As <strong>vagas de emprego no Grupo Info<\/strong> representam uma excelente oportunidade para quem deseja ingressar ou crescer em uma empresa reconhecida no mercado de varejo e tecnologia. Com oportunidades em Manaus, Bel\u00e9m e Boa Vista, al\u00e9m da inclus\u00e3o de PcDs, o Grupo Info refor\u00e7a seu compromisso com a diversidade e o desenvolvimento profissional. N\u00e3o perca tempo e inscreva-se no processo seletivo para garantir sua chance de fazer parte dessa equipe.<\/p>\n\n\n\n<hr class=\"wp-block-separator has-alpha-channel-opacity\"\/>\n\n\n\n<p class=\"has-medium-font-size\"><strong><a href=\"https:\/\/www.vagadeempregorj.com.br\/ar\/vagas-de-emprego-nacionais\/\">Carreiras no Grupo Info: Conhe\u00e7a Nossa Cultura e Oportunidades<\/a><\/strong><\/p>","protected":false},"excerpt":{"rendered":"<p>O Grupo Info, conhecido por sua rede Info Store, est\u00e1 oferecendo vagas de emprego em Manaus, Bel\u00e9m e Boa Vista. Ao todo, s\u00e3o 17 oportunidades dispon\u00edveis. Dessa forma, a empresa busca profissionais para cargos como Consultor de Vendas, Assistente de Log\u00edstica e Analista de Sistema. Al\u00e9m disso, as oportunidades no Grupo Info representam uma excelente&hellip;&nbsp;<\/p>","protected":false},"author":1,"featured_media":42565,"comment_status":"closed","ping_status":"closed","sticky":false,"template":"","format":"standard","meta":{"neve_meta_sidebar":"","neve_meta_container":"","neve_meta_enable_content_width":"","neve_meta_content_width":0,"neve_meta_title_alignment":"","neve_meta_author_avatar":"","neve_post_elements_order":"","neve_meta_disable_header":"","neve_meta_disable_footer":"","neve_meta_disable_title":"","footnotes":""},"categories":[123],"tags":[1036,1039,1037,1038,1024,211],"class_list":["post-42564","post","type-post","status-publish","format-standard","has-post-thumbnail","hentry","category-vagas-de-emprego-nacionais","tag-belem","tag-boa-vista","tag-grupo-info","tag-manaus","tag-oportunidades-de-trabalho","tag-vagas-de-emprego"],"yoast_head":"<!-- This site is optimized with the Yoast SEO plugin v27.5 - https:\/\/yoast.com\/product\/yoast-seo-wordpress\/ -->\n<title>Vagas no Grupo Info: Oportunidades em Manaus, Bel\u00e9m, Boa Vista -<\/title>\n<meta name=\"description\" content=\"Vagas de emprego no Grupo Info para Manaus, Bel\u00e9m e Boa Vista. Oportunidades para PcDs e diversos n\u00edveis de experi\u00eancia. Inscreva-se!\" \/>\n<meta name=\"robots\" content=\"index, follow, max-snippet:-1, max-image-preview:large, max-video-preview:-1\" \/>\n<link rel=\"canonical\" href=\"https:\/\/www.vagadeempregorj.com.br\/ar\/vagas-emprego-grupo-info-manaus-belem-boa-vista\/\" \/>\n<meta property=\"og:locale\" content=\"ar_AR\" \/>\n<meta property=\"og:type\" content=\"article\" \/>\n<meta property=\"og:title\" content=\"Vagas no Grupo Info: Oportunidades em Manaus, Bel\u00e9m, Boa Vista -\" \/>\n<meta property=\"og:description\" content=\"Vagas de emprego no Grupo Info para Manaus, Bel\u00e9m e Boa Vista. Oportunidades para PcDs e diversos n\u00edveis de experi\u00eancia. Inscreva-se!\" \/>\n<meta property=\"og:url\" content=\"https:\/\/www.vagadeempregorj.com.br\/ar\/vagas-emprego-grupo-info-manaus-belem-boa-vista\/\" \/>\n<meta property=\"article:publisher\" content=\"https:\/\/www.facebook.com\/empregobrasiloficial\" \/>\n<meta property=\"article:published_time\" content=\"2025-02-12T11:46:39+00:00\" \/>\n<meta property=\"og:image\" content=\"https:\/\/www.vagadeempregorj.com.br\/wp-content\/uploads\/2025\/02\/Vagas-de-emprego-no-Grupo-Info.jpeg\" \/>\n\t<meta property=\"og:image:width\" content=\"578\" \/>\n\t<meta property=\"og:image:height\" content=\"385\" \/>\n\t<meta property=\"og:image:type\" content=\"image\/jpeg\" \/>\n<meta name=\"author\" content=\"Ana B.\" \/>\n<meta name=\"twitter:card\" content=\"summary_large_image\" \/>\n<meta name=\"twitter:label1\" content=\"Written by\" \/>\n\t<meta name=\"twitter:data1\" content=\"Ana B.\" \/>\n\t<meta name=\"twitter:label2\" content=\"Est. reading time\" \/>\n\t<meta name=\"twitter:data2\" content=\"4 \u062f\u0642\u0627\u0626\u0642\" \/>\n<script type=\"application\/ld+json\" class=\"yoast-schema-graph\">{\"@context\":\"https:\\\/\\\/schema.org\",\"@graph\":[{\"@type\":\"Article\",\"@id\":\"https:\\\/\\\/www.vagadeempregorj.com.br\\\/vagas-emprego-grupo-info-manaus-belem-boa-vista\\\/#article\",\"isPartOf\":{\"@id\":\"https:\\\/\\\/www.vagadeempregorj.com.br\\\/vagas-emprego-grupo-info-manaus-belem-boa-vista\\\/\"},\"author\":{\"name\":\"Ana B.\",\"@id\":\"https:\\\/\\\/www.vagadeempregorj.com.br\\\/#\\\/schema\\\/person\\\/c0c38d5d765e86c3b7c8f12fb1ae6477\"},\"headline\":\"Vagas no Grupo Info: Oportunidades em Manaus, Bel\u00e9m, Boa Vista\",\"datePublished\":\"2025-02-12T11:46:39+00:00\",\"mainEntityOfPage\":{\"@id\":\"https:\\\/\\\/www.vagadeempregorj.com.br\\\/vagas-emprego-grupo-info-manaus-belem-boa-vista\\\/\"},\"wordCount\":808,\"image\":{\"@id\":\"https:\\\/\\\/www.vagadeempregorj.com.br\\\/vagas-emprego-grupo-info-manaus-belem-boa-vista\\\/#primaryimage\"},\"thumbnailUrl\":\"https:\\\/\\\/www.vagadeempregorj.com.br\\\/wp-content\\\/uploads\\\/2025\\\/02\\\/Vagas-de-emprego-no-Grupo-Info.jpeg\",\"keywords\":[\"bel\u00e9m\",\"boa vista\",\"grupo info\",\"manaus\",\"oportunidades de trabalho\",\"vagas de emprego\"],\"articleSection\":[\"Vagas de Emprego Nacionais\"],\"inLanguage\":\"ar\"},{\"@type\":\"WebPage\",\"@id\":\"https:\\\/\\\/www.vagadeempregorj.com.br\\\/vagas-emprego-grupo-info-manaus-belem-boa-vista\\\/\",\"url\":\"https:\\\/\\\/www.vagadeempregorj.com.br\\\/vagas-emprego-grupo-info-manaus-belem-boa-vista\\\/\",\"name\":\"Vagas no Grupo Info: Oportunidades em Manaus, Bel\u00e9m, Boa Vista -\",\"isPartOf\":{\"@id\":\"https:\\\/\\\/www.vagadeempregorj.com.br\\\/#website\"},\"primaryImageOfPage\":{\"@id\":\"https:\\\/\\\/www.vagadeempregorj.com.br\\\/vagas-emprego-grupo-info-manaus-belem-boa-vista\\\/#primaryimage\"},\"image\":{\"@id\":\"https:\\\/\\\/www.vagadeempregorj.com.br\\\/vagas-emprego-grupo-info-manaus-belem-boa-vista\\\/#primaryimage\"},\"thumbnailUrl\":\"https:\\\/\\\/www.vagadeempregorj.com.br\\\/wp-content\\\/uploads\\\/2025\\\/02\\\/Vagas-de-emprego-no-Grupo-Info.jpeg\",\"datePublished\":\"2025-02-12T11:46:39+00:00\",\"author\":{\"@id\":\"https:\\\/\\\/www.vagadeempregorj.com.br\\\/#\\\/schema\\\/person\\\/c0c38d5d765e86c3b7c8f12fb1ae6477\"},\"description\":\"Vagas de emprego no Grupo Info para Manaus, Bel\u00e9m e Boa Vista. Oportunidades para PcDs e diversos n\u00edveis de experi\u00eancia. Inscreva-se!\",\"breadcrumb\":{\"@id\":\"https:\\\/\\\/www.vagadeempregorj.com.br\\\/vagas-emprego-grupo-info-manaus-belem-boa-vista\\\/#breadcrumb\"},\"inLanguage\":\"ar\",\"potentialAction\":[{\"@type\":\"ReadAction\",\"target\":[\"https:\\\/\\\/www.vagadeempregorj.com.br\\\/vagas-emprego-grupo-info-manaus-belem-boa-vista\\\/\"]}]},{\"@type\":\"ImageObject\",\"inLanguage\":\"ar\",\"@id\":\"https:\\\/\\\/www.vagadeempregorj.com.br\\\/vagas-emprego-grupo-info-manaus-belem-boa-vista\\\/#primaryimage\",\"url\":\"https:\\\/\\\/www.vagadeempregorj.com.br\\\/wp-content\\\/uploads\\\/2025\\\/02\\\/Vagas-de-emprego-no-Grupo-Info.jpeg\",\"contentUrl\":\"https:\\\/\\\/www.vagadeempregorj.com.br\\\/wp-content\\\/uploads\\\/2025\\\/02\\\/Vagas-de-emprego-no-Grupo-Info.jpeg\",\"width\":578,\"height\":385,\"caption\":\"Vagas de emprego no Grupo Info\"},{\"@type\":\"BreadcrumbList\",\"@id\":\"https:\\\/\\\/www.vagadeempregorj.com.br\\\/vagas-emprego-grupo-info-manaus-belem-boa-vista\\\/#breadcrumb\",\"itemListElement\":[{\"@type\":\"ListItem\",\"position\":1,\"name\":\"In\u00edcio\",\"item\":\"https:\\\/\\\/www.vagadeempregorj.com.br\\\/\"},{\"@type\":\"ListItem\",\"position\":2,\"name\":\"Vagas de Emprego Nacionais\",\"item\":\"https:\\\/\\\/www.vagadeempregorj.com.br\\\/vagas-de-emprego-nacionais\\\/\"},{\"@type\":\"ListItem\",\"position\":3,\"name\":\"Vagas no Grupo Info: Oportunidades em Manaus, Bel\u00e9m, Boa Vista\"}]},{\"@type\":\"WebSite\",\"@id\":\"https:\\\/\\\/www.vagadeempregorj.com.br\\\/#website\",\"url\":\"https:\\\/\\\/www.vagadeempregorj.com.br\\\/\",\"name\":\"\",\"description\":\"Conquiste Sonhos: Vagas, Benef\u00edcios e Economia para Transformar Vidas e Alcan\u00e7ar Melhorias Cotidianas\",\"potentialAction\":[{\"@type\":\"SearchAction\",\"target\":{\"@type\":\"EntryPoint\",\"urlTemplate\":\"https:\\\/\\\/www.vagadeempregorj.com.br\\\/?s={search_term_string}\"},\"query-input\":{\"@type\":\"PropertyValueSpecification\",\"valueRequired\":true,\"valueName\":\"search_term_string\"}}],\"inLanguage\":\"ar\"},{\"@type\":\"Person\",\"@id\":\"https:\\\/\\\/www.vagadeempregorj.com.br\\\/#\\\/schema\\\/person\\\/c0c38d5d765e86c3b7c8f12fb1ae6477\",\"name\":\"Ana B.\",\"image\":{\"@type\":\"ImageObject\",\"inLanguage\":\"ar\",\"@id\":\"https:\\\/\\\/secure.gravatar.com\\\/avatar\\\/f5efa58599e07f8dd92f26c7cfbc442fd115582bc681245452e503c2ef2334f3?s=96&r=g\",\"url\":\"https:\\\/\\\/secure.gravatar.com\\\/avatar\\\/f5efa58599e07f8dd92f26c7cfbc442fd115582bc681245452e503c2ef2334f3?s=96&r=g\",\"contentUrl\":\"https:\\\/\\\/secure.gravatar.com\\\/avatar\\\/f5efa58599e07f8dd92f26c7cfbc442fd115582bc681245452e503c2ef2334f3?s=96&r=g\",\"caption\":\"Ana B.\"},\"description\":\"Meu nome \u00e9 Ana e sou apaixonada em escrever. Dedico meu tempo escrevendo not\u00edcias e vagas de emprego diariamente no portal Vaga de Emprego RJ.\",\"url\":\"https:\\\/\\\/www.vagadeempregorj.com.br\\\/ar\\\/author\\\/vgrj\\\/\"}]}<\/script>\n<!-- \/ Yoast SEO plugin. -->","yoast_head_json":{"title":"Vagas no Grupo Info: Oportunidades em Manaus, Bel\u00e9m, Boa Vista -","description":"Vagas de emprego no Grupo Info para Manaus, Bel\u00e9m e Boa Vista. Oportunidades para PcDs e diversos n\u00edveis de experi\u00eancia. Inscreva-se!","robots":{"index":"index","follow":"follow","max-snippet":"max-snippet:-1","max-image-preview":"max-image-preview:large","max-video-preview":"max-video-preview:-1"},"canonical":"https:\/\/www.vagadeempregorj.com.br\/ar\/vagas-emprego-grupo-info-manaus-belem-boa-vista\/","og_locale":"ar_AR","og_type":"article","og_title":"Vagas no Grupo Info: Oportunidades em Manaus, Bel\u00e9m, Boa Vista -","og_description":"Vagas de emprego no Grupo Info para Manaus, Bel\u00e9m e Boa Vista. Oportunidades para PcDs e diversos n\u00edveis de experi\u00eancia. Inscreva-se!","og_url":"https:\/\/www.vagadeempregorj.com.br\/ar\/vagas-emprego-grupo-info-manaus-belem-boa-vista\/","article_publisher":"https:\/\/www.facebook.com\/empregobrasiloficial","article_published_time":"2025-02-12T11:46:39+00:00","og_image":[{"width":578,"height":385,"url":"https:\/\/www.vagadeempregorj.com.br\/wp-content\/uploads\/2025\/02\/Vagas-de-emprego-no-Grupo-Info.jpeg","type":"image\/jpeg"}],"author":"Ana B.","twitter_card":"summary_large_image","twitter_misc":{"Written by":"Ana B.","Est. reading time":"4 \u062f\u0642\u0627\u0626\u0642"},"schema":{"@context":"https:\/\/schema.org","@graph":[{"@type":"Article","@id":"https:\/\/www.vagadeempregorj.com.br\/vagas-emprego-grupo-info-manaus-belem-boa-vista\/#article","isPartOf":{"@id":"https:\/\/www.vagadeempregorj.com.br\/vagas-emprego-grupo-info-manaus-belem-boa-vista\/"},"author":{"name":"Ana B.","@id":"https:\/\/www.vagadeempregorj.com.br\/#\/schema\/person\/c0c38d5d765e86c3b7c8f12fb1ae6477"},"headline":"Vagas no Grupo Info: Oportunidades em Manaus, Bel\u00e9m, Boa Vista","datePublished":"2025-02-12T11:46:39+00:00","mainEntityOfPage":{"@id":"https:\/\/www.vagadeempregorj.com.br\/vagas-emprego-grupo-info-manaus-belem-boa-vista\/"},"wordCount":808,"image":{"@id":"https:\/\/www.vagadeempregorj.com.br\/vagas-emprego-grupo-info-manaus-belem-boa-vista\/#primaryimage"},"thumbnailUrl":"https:\/\/www.vagadeempregorj.com.br\/wp-content\/uploads\/2025\/02\/Vagas-de-emprego-no-Grupo-Info.jpeg","keywords":["bel\u00e9m","boa vista","grupo info","manaus","oportunidades de trabalho","vagas de emprego"],"articleSection":["Vagas de Emprego Nacionais"],"inLanguage":"ar"},{"@type":"WebPage","@id":"https:\/\/www.vagadeempregorj.com.br\/vagas-emprego-grupo-info-manaus-belem-boa-vista\/","url":"https:\/\/www.vagadeempregorj.com.br\/vagas-emprego-grupo-info-manaus-belem-boa-vista\/","name":"Vagas no Grupo Info: Oportunidades em Manaus, Bel\u00e9m, Boa Vista -","isPartOf":{"@id":"https:\/\/www.vagadeempregorj.com.br\/#website"},"primaryImageOfPage":{"@id":"https:\/\/www.vagadeempregorj.com.br\/vagas-emprego-grupo-info-manaus-belem-boa-vista\/#primaryimage"},"image":{"@id":"https:\/\/www.vagadeempregorj.com.br\/vagas-emprego-grupo-info-manaus-belem-boa-vista\/#primaryimage"},"thumbnailUrl":"https:\/\/www.vagadeempregorj.com.br\/wp-content\/uploads\/2025\/02\/Vagas-de-emprego-no-Grupo-Info.jpeg","datePublished":"2025-02-12T11:46:39+00:00","author":{"@id":"https:\/\/www.vagadeempregorj.com.br\/#\/schema\/person\/c0c38d5d765e86c3b7c8f12fb1ae6477"},"description":"Vagas de emprego no Grupo Info para Manaus, Bel\u00e9m e Boa Vista. Oportunidades para PcDs e diversos n\u00edveis de experi\u00eancia. Inscreva-se!","breadcrumb":{"@id":"https:\/\/www.vagadeempregorj.com.br\/vagas-emprego-grupo-info-manaus-belem-boa-vista\/#breadcrumb"},"inLanguage":"ar","potentialAction":[{"@type":"ReadAction","target":["https:\/\/www.vagadeempregorj.com.br\/vagas-emprego-grupo-info-manaus-belem-boa-vista\/"]}]},{"@type":"ImageObject","inLanguage":"ar","@id":"https:\/\/www.vagadeempregorj.com.br\/vagas-emprego-grupo-info-manaus-belem-boa-vista\/#primaryimage","url":"https:\/\/www.vagadeempregorj.com.br\/wp-content\/uploads\/2025\/02\/Vagas-de-emprego-no-Grupo-Info.jpeg","contentUrl":"https:\/\/www.vagadeempregorj.com.br\/wp-content\/uploads\/2025\/02\/Vagas-de-emprego-no-Grupo-Info.jpeg","width":578,"height":385,"caption":"Vagas de emprego no Grupo Info"},{"@type":"BreadcrumbList","@id":"https:\/\/www.vagadeempregorj.com.br\/vagas-emprego-grupo-info-manaus-belem-boa-vista\/#breadcrumb","itemListElement":[{"@type":"ListItem","position":1,"name":"In\u00edcio","item":"https:\/\/www.vagadeempregorj.com.br\/"},{"@type":"ListItem","position":2,"name":"Vagas de Emprego Nacionais","item":"https:\/\/www.vagadeempregorj.com.br\/vagas-de-emprego-nacionais\/"},{"@type":"ListItem","position":3,"name":"Vagas no Grupo Info: Oportunidades em Manaus, Bel\u00e9m, Boa Vista"}]},{"@type":"WebSite","@id":"https:\/\/www.vagadeempregorj.com.br\/#website","url":"https:\/\/www.vagadeempregorj.com.br\/","name":"","description":"Conquiste Sonhos: Vagas, Benef\u00edcios e Economia para Transformar Vidas e Alcan\u00e7ar Melhorias Cotidianas","potentialAction":[{"@type":"SearchAction","target":{"@type":"EntryPoint","urlTemplate":"https:\/\/www.vagadeempregorj.com.br\/?s={search_term_string}"},"query-input":{"@type":"PropertyValueSpecification","valueRequired":true,"valueName":"search_term_string"}}],"inLanguage":"ar"},{"@type":"Person","@id":"https:\/\/www.vagadeempregorj.com.br\/#\/schema\/person\/c0c38d5d765e86c3b7c8f12fb1ae6477","name":"Ana B.","image":{"@type":"ImageObject","inLanguage":"ar","@id":"https:\/\/secure.gravatar.com\/avatar\/f5efa58599e07f8dd92f26c7cfbc442fd115582bc681245452e503c2ef2334f3?s=96&r=g","url":"https:\/\/secure.gravatar.com\/avatar\/f5efa58599e07f8dd92f26c7cfbc442fd115582bc681245452e503c2ef2334f3?s=96&r=g","contentUrl":"https:\/\/secure.gravatar.com\/avatar\/f5efa58599e07f8dd92f26c7cfbc442fd115582bc681245452e503c2ef2334f3?s=96&r=g","caption":"Ana B."},"description":"Meu nome \u00e9 Ana e sou apaixonada em escrever. Dedico meu tempo escrevendo not\u00edcias e vagas de emprego diariamente no portal Vaga de Emprego RJ.","url":"https:\/\/www.vagadeempregorj.com.br\/ar\/author\/vgrj\/"}]}},"_links":{"self":[{"href":"https:\/\/www.vagadeempregorj.com.br\/ar\/wp-json\/wp\/v2\/posts\/42564","targetHints":{"allow":["GET"]}}],"collection":[{"href":"https:\/\/www.vagadeempregorj.com.br\/ar\/wp-json\/wp\/v2\/posts"}],"about":[{"href":"https:\/\/www.vagadeempregorj.com.br\/ar\/wp-json\/wp\/v2\/types\/post"}],"author":[{"embeddable":true,"href":"https:\/\/www.vagadeempregorj.com.br\/ar\/wp-json\/wp\/v2\/users\/1"}],"replies":[{"embeddable":true,"href":"https:\/\/www.vagadeempregorj.com.br\/ar\/wp-json\/wp\/v2\/comments?post=42564"}],"version-history":[{"count":0,"href":"https:\/\/www.vagadeempregorj.com.br\/ar\/wp-json\/wp\/v2\/posts\/42564\/revisions"}],"wp:featuredmedia":[{"embeddable":true,"href":"https:\/\/www.vagadeempregorj.com.br\/ar\/wp-json\/wp\/v2\/media\/42565"}],"wp:attachment":[{"href":"https:\/\/www.vagadeempregorj.com.br\/ar\/wp-json\/wp\/v2\/media?parent=42564"}],"wp:term":[{"taxonomy":"category","embeddable":true,"href":"https:\/\/www.vagadeempregorj.com.br\/ar\/wp-json\/wp\/v2\/categories?post=42564"},{"taxonomy":"post_tag","embeddable":true,"href":"https:\/\/www.vagadeempregorj.com.br\/ar\/wp-json\/wp\/v2\/tags?post=42564"}],"curies":[{"name":"wp","href":"https:\/\/api.w.org\/{rel}","templated":true}]}}