{"id":42568,"date":"2025-02-13T08:24:42","date_gmt":"2025-02-13T11:24:42","guid":{"rendered":"https:\/\/www.vagadeempregorj.com.br\/?p=42568"},"modified":"2025-06-15T14:46:33","modified_gmt":"2025-06-15T17:46:33","slug":"cursos-que-deixarao-de-existir-2045","status":"publish","type":"post","link":"https:\/\/www.vagadeempregorj.com.br\/ar\/cursos-que-deixarao-de-existir-2045\/","title":{"rendered":"Cursos que deixar\u00e3o de existir at\u00e9 2045, segundo IAs"},"content":{"rendered":"<p class=\"has-medium-font-size\">A evolu\u00e7\u00e3o tecnol\u00f3gica impacta diversas profiss\u00f5es, tornando algumas menos necess\u00e1rias. Por isso, especialistas e intelig\u00eancias artificiais preveem que certos cursos universit\u00e1rios podem deixar de existir at\u00e9 2045. Isso ocorre principalmente devido \u00e0 automa\u00e7\u00e3o, \u00e0 digitaliza\u00e7\u00e3o e \u00e0s novas exig\u00eancias do mercado de trabalho.<\/p>\n\n\n\n<p class=\"has-medium-font-size\">Com a ascens\u00e3o da intelig\u00eancia artificial e da automa\u00e7\u00e3o, muitas fun\u00e7\u00f5es que antes eram desempenhadas por humanos est\u00e3o sendo otimizadas por m\u00e1quinas. Como resultado, o acesso \u00e0 informa\u00e7\u00e3o, a an\u00e1lise de dados e a digitaliza\u00e7\u00e3o de processos est\u00e3o redefinindo quais habilidades s\u00e3o mais valorizadas pelas empresas. Al\u00e9m disso, profiss\u00f5es que dependem de repeti\u00e7\u00e3o ou processos previs\u00edveis tendem a perder espa\u00e7o para novas tecnologias.<\/p>\n\n\n\n<h2 class=\"wp-block-heading\">Motivos para o desaparecimento de cursos universit\u00e1rios<\/h2>\n\n\n\n<p class=\"has-medium-font-size\">Muitos setores est\u00e3o passando por transforma\u00e7\u00f5es. Com a aut\u00f4noma decis\u00e3o de softwares, assistentes virtuais e a crescente digitaliza\u00e7\u00e3o, algumas profiss\u00f5es se tornam obsoletas. Consequentemente, isso impacta diretamente a forma\u00e7\u00e3o acad\u00eamica. Al\u00e9m disso, cursos universit\u00e1rios tradicionais podem n\u00e3o acompanhar a din\u00e2mica das mudan\u00e7as tecnol\u00f3gicas, tornando-se menos atrativos ou at\u00e9 mesmo irrelevantes.<\/p>\n\n\n\n<h2 class=\"wp-block-heading\">Lista de cursos que deixar\u00e3o de existir at\u00e9 2045<\/h2>\n\n\n\n<h3 class=\"wp-block-heading\">1. Engenharia Civil: um curso que pode deixar de existir<\/h3>\n\n\n\n<p class=\"has-medium-font-size\">O uso de rob\u00f3tica e impress\u00e3o 3D na constru\u00e7\u00e3o civil est\u00e1 reduzindo a necessidade de engenheiros em projetos comuns. Como resultado, o mercado exigir\u00e1 mais especializa\u00e7\u00e3o, com foco em \u00e1reas avan\u00e7adas e tecnol\u00f3gicas. Assim, profissionais precisar\u00e3o se adaptar a essas novas demandas, adquirindo habilidades espec\u00edficas para se manterem competitivos e relevantes no setor.<\/p>\n\n\n\n<h3 class=\"wp-block-heading\">2. Jornalismo Tradicional: um dos cursos amea\u00e7ados<\/h3>\n\n\n\n<p class=\"has-medium-font-size\">A produ\u00e7\u00e3o de conte\u00fado por intelig\u00eancias artificiais e redes sociais reduz a demanda por jornalistas em formatos convencionais de not\u00edcias.<\/p>\n\n\n\n<h3 class=\"wp-block-heading\">3. Secretariado Executivo: um dos cursos com menos demanda<\/h3>\n\n\n\n<p class=\"has-medium-font-size\">Automatiza\u00e7\u00e3o de tarefas administrativas, como agendamentos e gest\u00e3o de e-mails, est\u00e1 tornando o cargo menos necess\u00e1rio no mercado.<\/p>\n\n\n\n<h3 class=\"wp-block-heading\">4. Administra\u00e7\u00e3o: um curso que pode perder relev\u00e2ncia<\/h3>\n\n\n\n<p class=\"has-medium-font-size\">A tomada de decis\u00e3o baseada em dados e IA reduz a necessidade de gestores com forma\u00e7\u00e3o tradicional. Empresas buscam habilidades pr\u00e1ticas e an\u00e1lise de dados.<\/p>\n\n\n\n<h3 class=\"wp-block-heading\">5. Direito (algumas \u00e1reas): curso em risco de desaparecer<\/h3>\n\n\n\n<p class=\"has-medium-font-size\">Solu\u00e7\u00f5es jur\u00eddicas digitais agilizam processos e diminuem a necessidade de advogados para demandas simples, como contratos e direito do consumidor.<\/p>\n\n\n\n<h3 class=\"wp-block-heading\">6. Biblioteconomia: curso impactado pela digitaliza\u00e7\u00e3o<\/h3>\n\n\n\n<p class=\"has-medium-font-size\">A digitaliza\u00e7\u00e3o de acervos e algoritmos de busca eficientes substituem bibliotec\u00e1rios, demandando mais especialistas em curadoria digital.<\/p>\n\n\n\n<h3 class=\"wp-block-heading\">7. Turismo: curso amea\u00e7ado pela tecnologia<\/h3>\n\n\n\n<p class=\"has-medium-font-size\">Plataformas digitais permitem que pessoas organizem suas pr\u00f3prias viagens sem necessidade de agentes tur\u00edsticos formados na \u00e1rea.<\/p>\n\n\n\n<h3 class=\"wp-block-heading\">8. Design Gr\u00e1fico Tradicional: curso afetado pela IA<\/h3>\n\n\n\n<p class=\"has-medium-font-size\">Ferramentas como MidJourney e Canva automatizam a cria\u00e7\u00e3o visual, reduzindo a demanda por designers convencionais e aumentando a busca por especialistas em experi\u00eancias imersivas.<\/p>\n\n\n\n<h3 class=\"wp-block-heading\">9. Geografia (foco em Cartografia): curso que perder\u00e1 espa\u00e7o<\/h3>\n\n\n\n<p class=\"has-medium-font-size\">Sat\u00e9lites, drones e sistemas de geolocaliza\u00e7\u00e3o est\u00e3o eliminando a necessidade de cart\u00f3grafos tradicionais.<\/p>\n\n\n\n<h3 class=\"wp-block-heading\">10. Rela\u00e7\u00f5es Internacionais: um curso que pode se tornar obsoleto<\/h3>\n\n\n\n<p class=\"has-medium-font-size\">A diplomacia digital e a an\u00e1lise de dados s\u00e3o cada vez mais valorizadas em rela\u00e7\u00f5es globais, reduzindo a demanda por profissionais com forma\u00e7\u00e3o cl\u00e1ssica na \u00e1rea.<\/p>\n\n\n\n<h2 class=\"wp-block-heading\">O futuro da educa\u00e7\u00e3o superior e o impacto nos cursos que deixar\u00e3o de existir<\/h2>\n\n\n\n<p class=\"has-medium-font-size\">A tecnologia est\u00e1 moldando a forma como adquirimos conhecimento. Nesse contexto, cursos que combinam forma\u00e7\u00e3o t\u00e9cnica e digital tendem a se destacar. Por isso, profissionais devem buscar atualiza\u00e7\u00e3o constante para se manterem relevantes no mercado. Al\u00e9m disso, a especializa\u00e7\u00e3o ser\u00e1 a chave para o sucesso, com foco em \u00e1reas que exigem criatividade, pensamento cr\u00edtico e conhecimento avan\u00e7ado de tecnologia.<\/p>\n\n\n\n<p class=\"has-medium-font-size\">Diante dessas mudan\u00e7as, \u00e9 essencial que estudantes e profissionais estejam atentos \u00e0s tend\u00eancias do mercado. Nesse sentido, buscar forma\u00e7\u00f5es complementares, cursos online e experi\u00eancias pr\u00e1ticas pode ser a melhor estrat\u00e9gia para garantir empregabilidade no futuro. Al\u00e9m disso, a flexibilidade e a capacidade de adapta\u00e7\u00e3o ser\u00e3o fundamentais para acompanhar as transforma\u00e7\u00f5es r\u00e1pidas do cen\u00e1rio profissional.<\/p>\n\n\n\n<hr class=\"wp-block-separator has-alpha-channel-opacity\"\/>\n\n\n\n<p class=\"has-medium-font-size\"><a href=\"https:\/\/www.vagadeempregorj.com.br\/ar\/cursos\/\">O impacto da tecnologia no mercado de trabalho<\/a><\/p>","protected":false},"excerpt":{"rendered":"<p>A evolu\u00e7\u00e3o tecnol\u00f3gica impacta diversas profiss\u00f5es, tornando algumas menos necess\u00e1rias. Por isso, especialistas e intelig\u00eancias artificiais preveem que certos cursos universit\u00e1rios podem deixar de existir at\u00e9 2045. Isso ocorre principalmente devido \u00e0 automa\u00e7\u00e3o, \u00e0 digitaliza\u00e7\u00e3o e \u00e0s novas exig\u00eancias do mercado de trabalho. Com a ascens\u00e3o da intelig\u00eancia artificial e da automa\u00e7\u00e3o, muitas fun\u00e7\u00f5es que&hellip;&nbsp;<\/p>","protected":false},"author":1,"featured_media":42569,"comment_status":"closed","ping_status":"closed","sticky":false,"template":"","format":"standard","meta":{"neve_meta_sidebar":"","neve_meta_container":"","neve_meta_enable_content_width":"","neve_meta_content_width":0,"neve_meta_title_alignment":"","neve_meta_author_avatar":"","neve_post_elements_order":"","neve_meta_disable_header":"","neve_meta_disable_footer":"","neve_meta_disable_title":"","footnotes":""},"categories":[703],"tags":[1040,1042,941,1041,844],"class_list":["post-42568","post","type-post","status-publish","format-standard","has-post-thumbnail","hentry","category-informacao-tecnologica-e-curiosidades","tag-educacao","tag-futuro","tag-mercado-de-trabalho","tag-profissoes","tag-tecnologia"],"yoast_head":"<!-- This site is optimized with the Yoast SEO plugin v27.5 - https:\/\/yoast.com\/product\/yoast-seo-wordpress\/ -->\n<title>Cursos que deixar\u00e3o de existir at\u00e9 2045, segundo IAs -<\/title>\n<meta name=\"description\" content=\"Descubra quais cursos que deixar\u00e3o de existir at\u00e9 2045, segundo IAs, e entenda os motivos por tr\u00e1s dessas previs\u00f5es.\" \/>\n<meta name=\"robots\" content=\"index, follow, max-snippet:-1, max-image-preview:large, max-video-preview:-1\" \/>\n<link rel=\"canonical\" href=\"https:\/\/www.vagadeempregorj.com.br\/ar\/cursos-que-deixarao-de-existir-2045\/\" \/>\n<meta property=\"og:locale\" content=\"ar_AR\" \/>\n<meta property=\"og:type\" content=\"article\" \/>\n<meta property=\"og:title\" content=\"Cursos que deixar\u00e3o de existir at\u00e9 2045, segundo IAs -\" \/>\n<meta property=\"og:description\" content=\"Descubra quais cursos que deixar\u00e3o de existir at\u00e9 2045, segundo IAs, e entenda os motivos por tr\u00e1s dessas previs\u00f5es.\" \/>\n<meta property=\"og:url\" content=\"https:\/\/www.vagadeempregorj.com.br\/ar\/cursos-que-deixarao-de-existir-2045\/\" \/>\n<meta property=\"article:publisher\" content=\"https:\/\/www.facebook.com\/empregobrasiloficial\" \/>\n<meta property=\"article:published_time\" content=\"2025-02-13T11:24:42+00:00\" \/>\n<meta property=\"article:modified_time\" content=\"2025-06-15T17:46:33+00:00\" \/>\n<meta property=\"og:image\" content=\"https:\/\/www.vagadeempregorj.com.br\/wp-content\/uploads\/2025\/02\/Captura-de-tela-2025-02-13-081029.png\" \/>\n\t<meta property=\"og:image:width\" content=\"895\" \/>\n\t<meta property=\"og:image:height\" content=\"524\" \/>\n\t<meta property=\"og:image:type\" content=\"image\/png\" \/>\n<meta name=\"author\" content=\"Ana B.\" \/>\n<meta name=\"twitter:card\" content=\"summary_large_image\" \/>\n<meta name=\"twitter:label1\" content=\"Written by\" \/>\n\t<meta name=\"twitter:data1\" content=\"Ana B.\" \/>\n\t<meta name=\"twitter:label2\" content=\"Est. reading time\" \/>\n\t<meta name=\"twitter:data2\" content=\"4 \u062f\u0642\u0627\u0626\u0642\" \/>\n<script type=\"application\/ld+json\" class=\"yoast-schema-graph\">{\"@context\":\"https:\\\/\\\/schema.org\",\"@graph\":[{\"@type\":\"Article\",\"@id\":\"https:\\\/\\\/www.vagadeempregorj.com.br\\\/cursos-que-deixarao-de-existir-2045\\\/#article\",\"isPartOf\":{\"@id\":\"https:\\\/\\\/www.vagadeempregorj.com.br\\\/cursos-que-deixarao-de-existir-2045\\\/\"},\"author\":{\"name\":\"Ana B.\",\"@id\":\"https:\\\/\\\/www.vagadeempregorj.com.br\\\/#\\\/schema\\\/person\\\/c0c38d5d765e86c3b7c8f12fb1ae6477\"},\"headline\":\"Cursos que deixar\u00e3o de existir at\u00e9 2045, segundo IAs\",\"datePublished\":\"2025-02-13T11:24:42+00:00\",\"dateModified\":\"2025-06-15T17:46:33+00:00\",\"mainEntityOfPage\":{\"@id\":\"https:\\\/\\\/www.vagadeempregorj.com.br\\\/cursos-que-deixarao-de-existir-2045\\\/\"},\"wordCount\":721,\"image\":{\"@id\":\"https:\\\/\\\/www.vagadeempregorj.com.br\\\/cursos-que-deixarao-de-existir-2045\\\/#primaryimage\"},\"thumbnailUrl\":\"https:\\\/\\\/www.vagadeempregorj.com.br\\\/wp-content\\\/uploads\\\/2025\\\/02\\\/Captura-de-tela-2025-02-13-081029.png\",\"keywords\":[\"educa\u00e7\u00e3o\",\"futuro\",\"mercado de trabalho\",\"profiss\u00f5es\",\"tecnologia\"],\"articleSection\":[\"Informa\u00e7\u00e3o Tecnol\u00f3gica, Curiosidades e Cursos\"],\"inLanguage\":\"ar\"},{\"@type\":\"WebPage\",\"@id\":\"https:\\\/\\\/www.vagadeempregorj.com.br\\\/cursos-que-deixarao-de-existir-2045\\\/\",\"url\":\"https:\\\/\\\/www.vagadeempregorj.com.br\\\/cursos-que-deixarao-de-existir-2045\\\/\",\"name\":\"Cursos que deixar\u00e3o de existir at\u00e9 2045, segundo IAs -\",\"isPartOf\":{\"@id\":\"https:\\\/\\\/www.vagadeempregorj.com.br\\\/#website\"},\"primaryImageOfPage\":{\"@id\":\"https:\\\/\\\/www.vagadeempregorj.com.br\\\/cursos-que-deixarao-de-existir-2045\\\/#primaryimage\"},\"image\":{\"@id\":\"https:\\\/\\\/www.vagadeempregorj.com.br\\\/cursos-que-deixarao-de-existir-2045\\\/#primaryimage\"},\"thumbnailUrl\":\"https:\\\/\\\/www.vagadeempregorj.com.br\\\/wp-content\\\/uploads\\\/2025\\\/02\\\/Captura-de-tela-2025-02-13-081029.png\",\"datePublished\":\"2025-02-13T11:24:42+00:00\",\"dateModified\":\"2025-06-15T17:46:33+00:00\",\"author\":{\"@id\":\"https:\\\/\\\/www.vagadeempregorj.com.br\\\/#\\\/schema\\\/person\\\/c0c38d5d765e86c3b7c8f12fb1ae6477\"},\"description\":\"Descubra quais cursos que deixar\u00e3o de existir at\u00e9 2045, segundo IAs, e entenda os motivos por tr\u00e1s dessas previs\u00f5es.\",\"breadcrumb\":{\"@id\":\"https:\\\/\\\/www.vagadeempregorj.com.br\\\/cursos-que-deixarao-de-existir-2045\\\/#breadcrumb\"},\"inLanguage\":\"ar\",\"potentialAction\":[{\"@type\":\"ReadAction\",\"target\":[\"https:\\\/\\\/www.vagadeempregorj.com.br\\\/cursos-que-deixarao-de-existir-2045\\\/\"]}]},{\"@type\":\"ImageObject\",\"inLanguage\":\"ar\",\"@id\":\"https:\\\/\\\/www.vagadeempregorj.com.br\\\/cursos-que-deixarao-de-existir-2045\\\/#primaryimage\",\"url\":\"https:\\\/\\\/www.vagadeempregorj.com.br\\\/wp-content\\\/uploads\\\/2025\\\/02\\\/Captura-de-tela-2025-02-13-081029.png\",\"contentUrl\":\"https:\\\/\\\/www.vagadeempregorj.com.br\\\/wp-content\\\/uploads\\\/2025\\\/02\\\/Captura-de-tela-2025-02-13-081029.png\",\"width\":895,\"height\":524,\"caption\":\"cursos que deixar\u00e3o de existir\"},{\"@type\":\"BreadcrumbList\",\"@id\":\"https:\\\/\\\/www.vagadeempregorj.com.br\\\/cursos-que-deixarao-de-existir-2045\\\/#breadcrumb\",\"itemListElement\":[{\"@type\":\"ListItem\",\"position\":1,\"name\":\"In\u00edcio\",\"item\":\"https:\\\/\\\/www.vagadeempregorj.com.br\\\/\"},{\"@type\":\"ListItem\",\"position\":2,\"name\":\"Cursos que deixar\u00e3o de existir at\u00e9 2045, segundo IAs\"}]},{\"@type\":\"WebSite\",\"@id\":\"https:\\\/\\\/www.vagadeempregorj.com.br\\\/#website\",\"url\":\"https:\\\/\\\/www.vagadeempregorj.com.br\\\/\",\"name\":\"\",\"description\":\"Conquiste Sonhos: Vagas, Benef\u00edcios e Economia para Transformar Vidas e Alcan\u00e7ar Melhorias Cotidianas\",\"potentialAction\":[{\"@type\":\"SearchAction\",\"target\":{\"@type\":\"EntryPoint\",\"urlTemplate\":\"https:\\\/\\\/www.vagadeempregorj.com.br\\\/?s={search_term_string}\"},\"query-input\":{\"@type\":\"PropertyValueSpecification\",\"valueRequired\":true,\"valueName\":\"search_term_string\"}}],\"inLanguage\":\"ar\"},{\"@type\":\"Person\",\"@id\":\"https:\\\/\\\/www.vagadeempregorj.com.br\\\/#\\\/schema\\\/person\\\/c0c38d5d765e86c3b7c8f12fb1ae6477\",\"name\":\"Ana B.\",\"image\":{\"@type\":\"ImageObject\",\"inLanguage\":\"ar\",\"@id\":\"https:\\\/\\\/secure.gravatar.com\\\/avatar\\\/f5efa58599e07f8dd92f26c7cfbc442fd115582bc681245452e503c2ef2334f3?s=96&r=g\",\"url\":\"https:\\\/\\\/secure.gravatar.com\\\/avatar\\\/f5efa58599e07f8dd92f26c7cfbc442fd115582bc681245452e503c2ef2334f3?s=96&r=g\",\"contentUrl\":\"https:\\\/\\\/secure.gravatar.com\\\/avatar\\\/f5efa58599e07f8dd92f26c7cfbc442fd115582bc681245452e503c2ef2334f3?s=96&r=g\",\"caption\":\"Ana B.\"},\"description\":\"Meu nome \u00e9 Ana e sou apaixonada em escrever. Dedico meu tempo escrevendo not\u00edcias e vagas de emprego diariamente no portal Vaga de Emprego RJ.\",\"url\":\"https:\\\/\\\/www.vagadeempregorj.com.br\\\/ar\\\/author\\\/vgrj\\\/\"}]}<\/script>\n<!-- \/ Yoast SEO plugin. -->","yoast_head_json":{"title":"Cursos que deixar\u00e3o de existir at\u00e9 2045, segundo IAs -","description":"Descubra quais cursos que deixar\u00e3o de existir at\u00e9 2045, segundo IAs, e entenda os motivos por tr\u00e1s dessas previs\u00f5es.","robots":{"index":"index","follow":"follow","max-snippet":"max-snippet:-1","max-image-preview":"max-image-preview:large","max-video-preview":"max-video-preview:-1"},"canonical":"https:\/\/www.vagadeempregorj.com.br\/ar\/cursos-que-deixarao-de-existir-2045\/","og_locale":"ar_AR","og_type":"article","og_title":"Cursos que deixar\u00e3o de existir at\u00e9 2045, segundo IAs -","og_description":"Descubra quais cursos que deixar\u00e3o de existir at\u00e9 2045, segundo IAs, e entenda os motivos por tr\u00e1s dessas previs\u00f5es.","og_url":"https:\/\/www.vagadeempregorj.com.br\/ar\/cursos-que-deixarao-de-existir-2045\/","article_publisher":"https:\/\/www.facebook.com\/empregobrasiloficial","article_published_time":"2025-02-13T11:24:42+00:00","article_modified_time":"2025-06-15T17:46:33+00:00","og_image":[{"width":895,"height":524,"url":"https:\/\/www.vagadeempregorj.com.br\/wp-content\/uploads\/2025\/02\/Captura-de-tela-2025-02-13-081029.png","type":"image\/png"}],"author":"Ana B.","twitter_card":"summary_large_image","twitter_misc":{"Written by":"Ana B.","Est. reading time":"4 \u062f\u0642\u0627\u0626\u0642"},"schema":{"@context":"https:\/\/schema.org","@graph":[{"@type":"Article","@id":"https:\/\/www.vagadeempregorj.com.br\/cursos-que-deixarao-de-existir-2045\/#article","isPartOf":{"@id":"https:\/\/www.vagadeempregorj.com.br\/cursos-que-deixarao-de-existir-2045\/"},"author":{"name":"Ana B.","@id":"https:\/\/www.vagadeempregorj.com.br\/#\/schema\/person\/c0c38d5d765e86c3b7c8f12fb1ae6477"},"headline":"Cursos que deixar\u00e3o de existir at\u00e9 2045, segundo IAs","datePublished":"2025-02-13T11:24:42+00:00","dateModified":"2025-06-15T17:46:33+00:00","mainEntityOfPage":{"@id":"https:\/\/www.vagadeempregorj.com.br\/cursos-que-deixarao-de-existir-2045\/"},"wordCount":721,"image":{"@id":"https:\/\/www.vagadeempregorj.com.br\/cursos-que-deixarao-de-existir-2045\/#primaryimage"},"thumbnailUrl":"https:\/\/www.vagadeempregorj.com.br\/wp-content\/uploads\/2025\/02\/Captura-de-tela-2025-02-13-081029.png","keywords":["educa\u00e7\u00e3o","futuro","mercado de trabalho","profiss\u00f5es","tecnologia"],"articleSection":["Informa\u00e7\u00e3o Tecnol\u00f3gica, Curiosidades e Cursos"],"inLanguage":"ar"},{"@type":"WebPage","@id":"https:\/\/www.vagadeempregorj.com.br\/cursos-que-deixarao-de-existir-2045\/","url":"https:\/\/www.vagadeempregorj.com.br\/cursos-que-deixarao-de-existir-2045\/","name":"Cursos que deixar\u00e3o de existir at\u00e9 2045, segundo IAs -","isPartOf":{"@id":"https:\/\/www.vagadeempregorj.com.br\/#website"},"primaryImageOfPage":{"@id":"https:\/\/www.vagadeempregorj.com.br\/cursos-que-deixarao-de-existir-2045\/#primaryimage"},"image":{"@id":"https:\/\/www.vagadeempregorj.com.br\/cursos-que-deixarao-de-existir-2045\/#primaryimage"},"thumbnailUrl":"https:\/\/www.vagadeempregorj.com.br\/wp-content\/uploads\/2025\/02\/Captura-de-tela-2025-02-13-081029.png","datePublished":"2025-02-13T11:24:42+00:00","dateModified":"2025-06-15T17:46:33+00:00","author":{"@id":"https:\/\/www.vagadeempregorj.com.br\/#\/schema\/person\/c0c38d5d765e86c3b7c8f12fb1ae6477"},"description":"Descubra quais cursos que deixar\u00e3o de existir at\u00e9 2045, segundo IAs, e entenda os motivos por tr\u00e1s dessas previs\u00f5es.","breadcrumb":{"@id":"https:\/\/www.vagadeempregorj.com.br\/cursos-que-deixarao-de-existir-2045\/#breadcrumb"},"inLanguage":"ar","potentialAction":[{"@type":"ReadAction","target":["https:\/\/www.vagadeempregorj.com.br\/cursos-que-deixarao-de-existir-2045\/"]}]},{"@type":"ImageObject","inLanguage":"ar","@id":"https:\/\/www.vagadeempregorj.com.br\/cursos-que-deixarao-de-existir-2045\/#primaryimage","url":"https:\/\/www.vagadeempregorj.com.br\/wp-content\/uploads\/2025\/02\/Captura-de-tela-2025-02-13-081029.png","contentUrl":"https:\/\/www.vagadeempregorj.com.br\/wp-content\/uploads\/2025\/02\/Captura-de-tela-2025-02-13-081029.png","width":895,"height":524,"caption":"cursos que deixar\u00e3o de existir"},{"@type":"BreadcrumbList","@id":"https:\/\/www.vagadeempregorj.com.br\/cursos-que-deixarao-de-existir-2045\/#breadcrumb","itemListElement":[{"@type":"ListItem","position":1,"name":"In\u00edcio","item":"https:\/\/www.vagadeempregorj.com.br\/"},{"@type":"ListItem","position":2,"name":"Cursos que deixar\u00e3o de existir at\u00e9 2045, segundo IAs"}]},{"@type":"WebSite","@id":"https:\/\/www.vagadeempregorj.com.br\/#website","url":"https:\/\/www.vagadeempregorj.com.br\/","name":"","description":"Conquiste Sonhos: Vagas, Benef\u00edcios e Economia para Transformar Vidas e Alcan\u00e7ar Melhorias Cotidianas","potentialAction":[{"@type":"SearchAction","target":{"@type":"EntryPoint","urlTemplate":"https:\/\/www.vagadeempregorj.com.br\/?s={search_term_string}"},"query-input":{"@type":"PropertyValueSpecification","valueRequired":true,"valueName":"search_term_string"}}],"inLanguage":"ar"},{"@type":"Person","@id":"https:\/\/www.vagadeempregorj.com.br\/#\/schema\/person\/c0c38d5d765e86c3b7c8f12fb1ae6477","name":"Ana B.","image":{"@type":"ImageObject","inLanguage":"ar","@id":"https:\/\/secure.gravatar.com\/avatar\/f5efa58599e07f8dd92f26c7cfbc442fd115582bc681245452e503c2ef2334f3?s=96&r=g","url":"https:\/\/secure.gravatar.com\/avatar\/f5efa58599e07f8dd92f26c7cfbc442fd115582bc681245452e503c2ef2334f3?s=96&r=g","contentUrl":"https:\/\/secure.gravatar.com\/avatar\/f5efa58599e07f8dd92f26c7cfbc442fd115582bc681245452e503c2ef2334f3?s=96&r=g","caption":"Ana B."},"description":"Meu nome \u00e9 Ana e sou apaixonada em escrever. Dedico meu tempo escrevendo not\u00edcias e vagas de emprego diariamente no portal Vaga de Emprego RJ.","url":"https:\/\/www.vagadeempregorj.com.br\/ar\/author\/vgrj\/"}]}},"_links":{"self":[{"href":"https:\/\/www.vagadeempregorj.com.br\/ar\/wp-json\/wp\/v2\/posts\/42568","targetHints":{"allow":["GET"]}}],"collection":[{"href":"https:\/\/www.vagadeempregorj.com.br\/ar\/wp-json\/wp\/v2\/posts"}],"about":[{"href":"https:\/\/www.vagadeempregorj.com.br\/ar\/wp-json\/wp\/v2\/types\/post"}],"author":[{"embeddable":true,"href":"https:\/\/www.vagadeempregorj.com.br\/ar\/wp-json\/wp\/v2\/users\/1"}],"replies":[{"embeddable":true,"href":"https:\/\/www.vagadeempregorj.com.br\/ar\/wp-json\/wp\/v2\/comments?post=42568"}],"version-history":[{"count":1,"href":"https:\/\/www.vagadeempregorj.com.br\/ar\/wp-json\/wp\/v2\/posts\/42568\/revisions"}],"predecessor-version":[{"id":43601,"href":"https:\/\/www.vagadeempregorj.com.br\/ar\/wp-json\/wp\/v2\/posts\/42568\/revisions\/43601"}],"wp:featuredmedia":[{"embeddable":true,"href":"https:\/\/www.vagadeempregorj.com.br\/ar\/wp-json\/wp\/v2\/media\/42569"}],"wp:attachment":[{"href":"https:\/\/www.vagadeempregorj.com.br\/ar\/wp-json\/wp\/v2\/media?parent=42568"}],"wp:term":[{"taxonomy":"category","embeddable":true,"href":"https:\/\/www.vagadeempregorj.com.br\/ar\/wp-json\/wp\/v2\/categories?post=42568"},{"taxonomy":"post_tag","embeddable":true,"href":"https:\/\/www.vagadeempregorj.com.br\/ar\/wp-json\/wp\/v2\/tags?post=42568"}],"curies":[{"name":"wp","href":"https:\/\/api.w.org\/{rel}","templated":true}]}}