{"id":42575,"date":"2025-02-14T19:25:41","date_gmt":"2025-02-14T22:25:41","guid":{"rendered":"https:\/\/www.vagadeempregorj.com.br\/?p=42575"},"modified":"2025-02-14T19:25:42","modified_gmt":"2025-02-14T22:25:42","slug":"bolsa-familia-pode-cair-no-sabado-veja-o-que-acontece","status":"publish","type":"post","link":"https:\/\/www.vagadeempregorj.com.br\/ar\/bolsa-familia-pode-cair-no-sabado-veja-o-que-acontece\/","title":{"rendered":"Bolsa Fam\u00edlia pode cair no s\u00e1bado? Veja o que acontece"},"content":{"rendered":"<p>Receber o Bolsa Fam\u00edlia no s\u00e1bado \u00e9 poss\u00edvel? Sim, mas isso depende de alguns fatores. O programa segue um cronograma definido pelo governo, que normalmente libera os pagamentos em dias \u00fateis, de segunda a sexta-feira.&nbsp;<\/p>\n\n\n\n<p>No entanto, quando a data prevista cai em um feriado ou final de semana, o dinheiro pode ser disponibilizado antes ou depois. Vamos entender melhor como isso funciona e o que fazer caso voc\u00ea esteja esperando o pagamento no s\u00e1bado.<\/p>\n\n\n\n<figure class=\"wp-block-image size-large\"><img loading=\"lazy\" decoding=\"async\" width=\"1024\" height=\"613\" src=\"https:\/\/www.vagadeempregorj.com.br\/wp-content\/uploads\/2025\/02\/image-23-1024x613.png\" alt=\"Bolsa Fam\u00edlia pode cair no s\u00e1bado\" class=\"wp-image-42581\" srcset=\"https:\/\/www.vagadeempregorj.com.br\/wp-content\/uploads\/2025\/02\/image-23-1024x613.png 1024w, https:\/\/www.vagadeempregorj.com.br\/wp-content\/uploads\/2025\/02\/image-23-300x179.png 300w, https:\/\/www.vagadeempregorj.com.br\/wp-content\/uploads\/2025\/02\/image-23-768x459.png 768w, https:\/\/www.vagadeempregorj.com.br\/wp-content\/uploads\/2025\/02\/image-23-150x90.png 150w, https:\/\/www.vagadeempregorj.com.br\/wp-content\/uploads\/2025\/02\/image-23.png 1170w\" sizes=\"auto, (max-width: 1024px) 100vw, 1024px\" \/><\/figure>\n\n\n\n<h2 class=\"wp-block-heading\">Como funciona o calend\u00e1rio do Bolsa Fam\u00edlia?<\/h2>\n\n\n\n<p>O pagamento do Bolsa Fam\u00edlia segue um cronograma mensal estabelecido pelo governo. Esse cronograma \u00e9 organizado conforme o \u00faltimo d\u00edgito do NIS (N\u00famero de Identifica\u00e7\u00e3o Social) do benefici\u00e1rio. Os pagamentos ocorrem nos dias \u00fateis do m\u00eas, geralmente iniciando na segunda quinzena.<\/p>\n\n\n\n<p>Os benef\u00edcios s\u00e3o liberados de forma escalonada para evitar sobrecarga no sistema banc\u00e1rio e garantir que todos os benefici\u00e1rios consigam sacar o dinheiro sem dificuldades. Por isso, quem tem um NIS terminado em 1 recebe antes de quem tem o NIS terminado em 0.<\/p>\n\n\n\n<h2 class=\"wp-block-heading\">O que acontece quando o pagamento cai no s\u00e1bado?<\/h2>\n\n\n\n<p>Se a data de pagamento do seu Bolsa Fam\u00edlia cair em um s\u00e1bado, o valor pode ser antecipado para a sexta-feira anterior ou, em alguns casos, ficar dispon\u00edvel para saque no pr\u00f3prio s\u00e1bado nos caixas eletr\u00f4nicos e correspondentes banc\u00e1rios. Tudo depende do banco e da forma como o governo organizou o cronograma naquele m\u00eas espec\u00edfico.<\/p>\n\n\n\n<p>Na maioria das vezes, os benefici\u00e1rios podem acessar o dinheiro pelo aplicativo do Caixa Tem e realizar transfer\u00eancias, pagamentos e saques mesmo no final de semana. Isso facilita bastante a vida de quem depende do benef\u00edcio para as despesas do dia a dia.<\/p>\n\n\n\n<h2 class=\"wp-block-heading\">Onde sacar o Bolsa Fam\u00edlia no final de semana?<\/h2>\n\n\n\n<p>Caso o dinheiro esteja dispon\u00edvel no s\u00e1bado, voc\u00ea pode sac\u00e1-lo nos seguintes locais:<\/p>\n\n\n\n<ul class=\"wp-block-list\">\n<li><strong>Caixas eletr\u00f4nicos da Caixa<\/strong>: basta utilizar o cart\u00e3o do Bolsa Fam\u00edlia ou gerar um c\u00f3digo pelo Caixa Tem.<\/li>\n\n\n\n<li><strong>Casas lot\u00e9ricas<\/strong>: verifique se alguma unidade est\u00e1 aberta.<\/li>\n\n\n\n<li><strong>Correspondentes banc\u00e1rios Caixa Aqui<\/strong>: alguns funcionam aos s\u00e1bados.<\/li>\n\n\n\n<li><strong>Supermercados conveniados<\/strong>: alguns estabelecimentos permitem saques.<\/li>\n<\/ul>\n\n\n\n<p>Se precisar do dinheiro com urg\u00eancia, vale conferir no aplicativo ou em uma dessas op\u00e7\u00f5es se h\u00e1 possibilidade de saque.<\/p>\n\n\n\n<h2 class=\"wp-block-heading\">Como saber se seu pagamento foi antecipado?<\/h2>\n\n\n\n<p>Para saber se seu Bolsa Fam\u00edlia foi antecipado para a sexta-feira, confira:<\/p>\n\n\n\n<ol class=\"wp-block-list\">\n<li><strong>Aplicativo Caixa Tem<\/strong>: ele mostra o saldo e a data de libera\u00e7\u00e3o.<\/li>\n\n\n\n<li><strong>Aplicativo Bolsa Fam\u00edlia<\/strong>: informa o calend\u00e1rio atualizado.<\/li>\n\n\n\n<li><strong>Site da Caixa<\/strong>: a Caixa sempre divulga informa\u00e7\u00f5es sobre os pagamentos.<\/li>\n\n\n\n<li><strong>Ligue para o atendimento da Caixa<\/strong>: o telefone 111 fornece informa\u00e7\u00f5es sobre o benef\u00edcio.<\/li>\n<\/ol>\n\n\n\n<p>Se o dinheiro ainda n\u00e3o apareceu na sua conta no s\u00e1bado, \u00e9 poss\u00edvel que ele seja disponibilizado apenas na segunda-feira seguinte.<\/p>\n\n\n\n<h2 class=\"wp-block-heading\">E se o pagamento atrasar?<\/h2>\n\n\n\n<p>Se o valor n\u00e3o estiver na conta no dia esperado, algumas atitudes podem ajudar:<\/p>\n\n\n\n<ul class=\"wp-block-list\">\n<li><strong>Confirme a data correta<\/strong>: revise o cronograma oficial.<\/li>\n\n\n\n<li><strong>Verifique se h\u00e1 pend\u00eancias<\/strong>: problemas no cadastro podem impedir o pagamento.<\/li>\n\n\n\n<li><strong>Entre em contato com a Caixa ou o CRAS<\/strong>: se houver algum erro, essas institui\u00e7\u00f5es podem ajudar a resolver.<\/li>\n<\/ul>\n\n\n\n<p>O Bolsa Fam\u00edlia \u00e9 essencial para muitas fam\u00edlias, e entender como funcionam os pagamentos evita preocupa\u00e7\u00f5es desnecess\u00e1rias. Sempre acompanhe seu saldo e o cronograma para garantir que voc\u00ea receba o benef\u00edcio na data correta.<\/p>\n\n\n\n<p>Por fim, fique atento a qualquer comunica\u00e7\u00e3o oficial da Caixa ou do Minist\u00e9rio do Desenvolvimento Social. Altera\u00e7\u00f5es podem ocorrer, e estar bem informado evita problemas.&nbsp;<\/p>\n\n\n\n<p>Se precisar de ajuda, busque orienta\u00e7\u00e3o no CRAS mais pr\u00f3ximo ou entre em contato com a Caixa. Dessa forma, voc\u00ea garante que o benef\u00edcio continue chegando sem interrup\u00e7\u00f5es e pode planejar suas finan\u00e7as com mais tranquilidade.<\/p>\n\n\n\n<p><strong>Veja tamb\u00e9m: <a href=\"https:\/\/www.vagadeempregorj.com.br\/ar\/fgts-pode-ser-descontado-do-funcionario-entenda\/\">FGTS pode ser descontado do funcion\u00e1rio? Entenda<\/a><\/strong><\/p>\n\n\n\n<p>14 de fevereiro de 2025<\/p>","protected":false},"excerpt":{"rendered":"<p>Receber o Bolsa Fam\u00edlia no s\u00e1bado \u00e9 poss\u00edvel? Sim, mas isso depende de alguns fatores. O programa segue um cronograma definido pelo governo, que normalmente libera os pagamentos em dias \u00fateis, de segunda a sexta-feira.&nbsp; No entanto, quando a data prevista cai em um feriado ou final de semana, o dinheiro pode ser disponibilizado antes&hellip;&nbsp;<\/p>","protected":false},"author":16,"featured_media":42581,"comment_status":"closed","ping_status":"closed","sticky":false,"template":"","format":"standard","meta":{"neve_meta_sidebar":"","neve_meta_container":"","neve_meta_enable_content_width":"","neve_meta_content_width":0,"neve_meta_title_alignment":"","neve_meta_author_avatar":"","neve_post_elements_order":"","neve_meta_disable_header":"","neve_meta_disable_footer":"","neve_meta_disable_title":"","footnotes":""},"categories":[1],"tags":[814],"class_list":["post-42575","post","type-post","status-publish","format-standard","has-post-thumbnail","hentry","category-beneficios-sociais","tag-beneficio-social"],"yoast_head":"<!-- This site is optimized with the Yoast SEO plugin v27.5 - https:\/\/yoast.com\/product\/yoast-seo-wordpress\/ -->\n<title>Bolsa Fam\u00edlia pode cair no s\u00e1bado? Veja o que acontece -<\/title>\n<meta name=\"description\" content=\"Veja em Vagas de Emprego RJ as vagas de emprego com e sem experi\u00eancia no seu Estado e Regi\u00e3o!\" \/>\n<meta name=\"robots\" content=\"index, follow, max-snippet:-1, max-image-preview:large, max-video-preview:-1\" \/>\n<link rel=\"canonical\" href=\"https:\/\/www.vagadeempregorj.com.br\/ar\/bolsa-familia-pode-cair-no-sabado-veja-o-que-acontece\/\" \/>\n<meta property=\"og:locale\" content=\"ar_AR\" \/>\n<meta property=\"og:type\" content=\"article\" \/>\n<meta property=\"og:title\" content=\"Bolsa Fam\u00edlia pode cair no s\u00e1bado? Veja o que acontece -\" \/>\n<meta property=\"og:description\" content=\"Veja em Vagas de Emprego RJ as vagas de emprego com e sem experi\u00eancia no seu Estado e Regi\u00e3o!\" \/>\n<meta property=\"og:url\" content=\"https:\/\/www.vagadeempregorj.com.br\/ar\/bolsa-familia-pode-cair-no-sabado-veja-o-que-acontece\/\" \/>\n<meta property=\"article:publisher\" content=\"https:\/\/www.facebook.com\/empregobrasiloficial\" \/>\n<meta property=\"article:published_time\" content=\"2025-02-14T22:25:41+00:00\" \/>\n<meta property=\"article:modified_time\" content=\"2025-02-14T22:25:42+00:00\" \/>\n<meta property=\"og:image\" content=\"https:\/\/www.vagadeempregorj.com.br\/wp-content\/uploads\/2025\/02\/image-23.png\" \/>\n\t<meta property=\"og:image:width\" content=\"1170\" \/>\n\t<meta property=\"og:image:height\" content=\"700\" \/>\n\t<meta property=\"og:image:type\" content=\"image\/png\" \/>\n<meta name=\"author\" content=\"Michele\" \/>\n<meta name=\"twitter:card\" content=\"summary_large_image\" \/>\n<meta name=\"twitter:label1\" content=\"Written by\" \/>\n\t<meta name=\"twitter:data1\" content=\"Michele\" \/>\n\t<meta name=\"twitter:label2\" content=\"Est. reading time\" \/>\n\t<meta name=\"twitter:data2\" content=\"3 \u062f\u0642\u0627\u0626\u0642\" \/>\n<script type=\"application\/ld+json\" class=\"yoast-schema-graph\">{\"@context\":\"https:\\\/\\\/schema.org\",\"@graph\":[{\"@type\":\"Article\",\"@id\":\"https:\\\/\\\/www.vagadeempregorj.com.br\\\/bolsa-familia-pode-cair-no-sabado-veja-o-que-acontece\\\/#article\",\"isPartOf\":{\"@id\":\"https:\\\/\\\/www.vagadeempregorj.com.br\\\/bolsa-familia-pode-cair-no-sabado-veja-o-que-acontece\\\/\"},\"author\":{\"name\":\"Michele\",\"@id\":\"https:\\\/\\\/www.vagadeempregorj.com.br\\\/#\\\/schema\\\/person\\\/3ddb19fa0539706786e502152f3aae95\"},\"headline\":\"Bolsa Fam\u00edlia pode cair no s\u00e1bado? Veja o que acontece\",\"datePublished\":\"2025-02-14T22:25:41+00:00\",\"dateModified\":\"2025-02-14T22:25:42+00:00\",\"mainEntityOfPage\":{\"@id\":\"https:\\\/\\\/www.vagadeempregorj.com.br\\\/bolsa-familia-pode-cair-no-sabado-veja-o-que-acontece\\\/\"},\"wordCount\":681,\"image\":{\"@id\":\"https:\\\/\\\/www.vagadeempregorj.com.br\\\/bolsa-familia-pode-cair-no-sabado-veja-o-que-acontece\\\/#primaryimage\"},\"thumbnailUrl\":\"https:\\\/\\\/www.vagadeempregorj.com.br\\\/wp-content\\\/uploads\\\/2025\\\/02\\\/image-23.png\",\"keywords\":[\"benef\u00edcio social\"],\"articleSection\":[\"Benef\u00edcios Sociais\"],\"inLanguage\":\"ar\"},{\"@type\":\"WebPage\",\"@id\":\"https:\\\/\\\/www.vagadeempregorj.com.br\\\/bolsa-familia-pode-cair-no-sabado-veja-o-que-acontece\\\/\",\"url\":\"https:\\\/\\\/www.vagadeempregorj.com.br\\\/bolsa-familia-pode-cair-no-sabado-veja-o-que-acontece\\\/\",\"name\":\"Bolsa Fam\u00edlia pode cair no s\u00e1bado? Veja o que acontece -\",\"isPartOf\":{\"@id\":\"https:\\\/\\\/www.vagadeempregorj.com.br\\\/#website\"},\"primaryImageOfPage\":{\"@id\":\"https:\\\/\\\/www.vagadeempregorj.com.br\\\/bolsa-familia-pode-cair-no-sabado-veja-o-que-acontece\\\/#primaryimage\"},\"image\":{\"@id\":\"https:\\\/\\\/www.vagadeempregorj.com.br\\\/bolsa-familia-pode-cair-no-sabado-veja-o-que-acontece\\\/#primaryimage\"},\"thumbnailUrl\":\"https:\\\/\\\/www.vagadeempregorj.com.br\\\/wp-content\\\/uploads\\\/2025\\\/02\\\/image-23.png\",\"datePublished\":\"2025-02-14T22:25:41+00:00\",\"dateModified\":\"2025-02-14T22:25:42+00:00\",\"author\":{\"@id\":\"https:\\\/\\\/www.vagadeempregorj.com.br\\\/#\\\/schema\\\/person\\\/3ddb19fa0539706786e502152f3aae95\"},\"description\":\"Veja em Vagas de Emprego RJ as vagas de emprego com e sem experi\u00eancia no seu Estado e Regi\u00e3o!\",\"breadcrumb\":{\"@id\":\"https:\\\/\\\/www.vagadeempregorj.com.br\\\/bolsa-familia-pode-cair-no-sabado-veja-o-que-acontece\\\/#breadcrumb\"},\"inLanguage\":\"ar\",\"potentialAction\":[{\"@type\":\"ReadAction\",\"target\":[\"https:\\\/\\\/www.vagadeempregorj.com.br\\\/bolsa-familia-pode-cair-no-sabado-veja-o-que-acontece\\\/\"]}]},{\"@type\":\"ImageObject\",\"inLanguage\":\"ar\",\"@id\":\"https:\\\/\\\/www.vagadeempregorj.com.br\\\/bolsa-familia-pode-cair-no-sabado-veja-o-que-acontece\\\/#primaryimage\",\"url\":\"https:\\\/\\\/www.vagadeempregorj.com.br\\\/wp-content\\\/uploads\\\/2025\\\/02\\\/image-23.png\",\"contentUrl\":\"https:\\\/\\\/www.vagadeempregorj.com.br\\\/wp-content\\\/uploads\\\/2025\\\/02\\\/image-23.png\",\"width\":1170,\"height\":700,\"caption\":\"Bolsa Fam\u00edlia pode cair no s\u00e1bado\"},{\"@type\":\"BreadcrumbList\",\"@id\":\"https:\\\/\\\/www.vagadeempregorj.com.br\\\/bolsa-familia-pode-cair-no-sabado-veja-o-que-acontece\\\/#breadcrumb\",\"itemListElement\":[{\"@type\":\"ListItem\",\"position\":1,\"name\":\"In\u00edcio\",\"item\":\"https:\\\/\\\/www.vagadeempregorj.com.br\\\/\"},{\"@type\":\"ListItem\",\"position\":2,\"name\":\"Benef\u00edcios Sociais\",\"item\":\"https:\\\/\\\/www.vagadeempregorj.com.br\\\/beneficios-sociais\\\/\"},{\"@type\":\"ListItem\",\"position\":3,\"name\":\"Bolsa Fam\u00edlia pode cair no s\u00e1bado? Veja o que acontece\"}]},{\"@type\":\"WebSite\",\"@id\":\"https:\\\/\\\/www.vagadeempregorj.com.br\\\/#website\",\"url\":\"https:\\\/\\\/www.vagadeempregorj.com.br\\\/\",\"name\":\"\",\"description\":\"Conquiste Sonhos: Vagas, Benef\u00edcios e Economia para Transformar Vidas e Alcan\u00e7ar Melhorias Cotidianas\",\"potentialAction\":[{\"@type\":\"SearchAction\",\"target\":{\"@type\":\"EntryPoint\",\"urlTemplate\":\"https:\\\/\\\/www.vagadeempregorj.com.br\\\/?s={search_term_string}\"},\"query-input\":{\"@type\":\"PropertyValueSpecification\",\"valueRequired\":true,\"valueName\":\"search_term_string\"}}],\"inLanguage\":\"ar\"},{\"@type\":\"Person\",\"@id\":\"https:\\\/\\\/www.vagadeempregorj.com.br\\\/#\\\/schema\\\/person\\\/3ddb19fa0539706786e502152f3aae95\",\"name\":\"Michele\",\"image\":{\"@type\":\"ImageObject\",\"inLanguage\":\"ar\",\"@id\":\"https:\\\/\\\/secure.gravatar.com\\\/avatar\\\/6b0eb9d22841282815e2cd856a0061c45e1761cd54b22e952d98c4746939aa85?s=96&r=g\",\"url\":\"https:\\\/\\\/secure.gravatar.com\\\/avatar\\\/6b0eb9d22841282815e2cd856a0061c45e1761cd54b22e952d98c4746939aa85?s=96&r=g\",\"contentUrl\":\"https:\\\/\\\/secure.gravatar.com\\\/avatar\\\/6b0eb9d22841282815e2cd856a0061c45e1761cd54b22e952d98c4746939aa85?s=96&r=g\",\"caption\":\"Michele\"},\"description\":\"Formada em Letras - Portugu\u00eas\\\/ Ingl\u00eas, e idealizadora do site Escritora de Sucesso, busca expandir o conhecimento de todos com informa\u00e7\u00f5es relevantes sobre diversos assuntos, enquanto redatora. No Vaga de Emprego RJ, traz oportunidades e dicas sobre o mercado de trabalho.\",\"url\":\"https:\\\/\\\/www.vagadeempregorj.com.br\\\/ar\\\/author\\\/michele\\\/\"}]}<\/script>\n<!-- \/ Yoast SEO plugin. -->","yoast_head_json":{"title":"Bolsa Fam\u00edlia pode cair no s\u00e1bado? Veja o que acontece -","description":"Veja em Vagas de Emprego RJ as vagas de emprego com e sem experi\u00eancia no seu Estado e Regi\u00e3o!","robots":{"index":"index","follow":"follow","max-snippet":"max-snippet:-1","max-image-preview":"max-image-preview:large","max-video-preview":"max-video-preview:-1"},"canonical":"https:\/\/www.vagadeempregorj.com.br\/ar\/bolsa-familia-pode-cair-no-sabado-veja-o-que-acontece\/","og_locale":"ar_AR","og_type":"article","og_title":"Bolsa Fam\u00edlia pode cair no s\u00e1bado? Veja o que acontece -","og_description":"Veja em Vagas de Emprego RJ as vagas de emprego com e sem experi\u00eancia no seu Estado e Regi\u00e3o!","og_url":"https:\/\/www.vagadeempregorj.com.br\/ar\/bolsa-familia-pode-cair-no-sabado-veja-o-que-acontece\/","article_publisher":"https:\/\/www.facebook.com\/empregobrasiloficial","article_published_time":"2025-02-14T22:25:41+00:00","article_modified_time":"2025-02-14T22:25:42+00:00","og_image":[{"width":1170,"height":700,"url":"https:\/\/www.vagadeempregorj.com.br\/wp-content\/uploads\/2025\/02\/image-23.png","type":"image\/png"}],"author":"Michele","twitter_card":"summary_large_image","twitter_misc":{"Written by":"Michele","Est. reading time":"3 \u062f\u0642\u0627\u0626\u0642"},"schema":{"@context":"https:\/\/schema.org","@graph":[{"@type":"Article","@id":"https:\/\/www.vagadeempregorj.com.br\/bolsa-familia-pode-cair-no-sabado-veja-o-que-acontece\/#article","isPartOf":{"@id":"https:\/\/www.vagadeempregorj.com.br\/bolsa-familia-pode-cair-no-sabado-veja-o-que-acontece\/"},"author":{"name":"Michele","@id":"https:\/\/www.vagadeempregorj.com.br\/#\/schema\/person\/3ddb19fa0539706786e502152f3aae95"},"headline":"Bolsa Fam\u00edlia pode cair no s\u00e1bado? Veja o que acontece","datePublished":"2025-02-14T22:25:41+00:00","dateModified":"2025-02-14T22:25:42+00:00","mainEntityOfPage":{"@id":"https:\/\/www.vagadeempregorj.com.br\/bolsa-familia-pode-cair-no-sabado-veja-o-que-acontece\/"},"wordCount":681,"image":{"@id":"https:\/\/www.vagadeempregorj.com.br\/bolsa-familia-pode-cair-no-sabado-veja-o-que-acontece\/#primaryimage"},"thumbnailUrl":"https:\/\/www.vagadeempregorj.com.br\/wp-content\/uploads\/2025\/02\/image-23.png","keywords":["benef\u00edcio social"],"articleSection":["Benef\u00edcios Sociais"],"inLanguage":"ar"},{"@type":"WebPage","@id":"https:\/\/www.vagadeempregorj.com.br\/bolsa-familia-pode-cair-no-sabado-veja-o-que-acontece\/","url":"https:\/\/www.vagadeempregorj.com.br\/bolsa-familia-pode-cair-no-sabado-veja-o-que-acontece\/","name":"Bolsa Fam\u00edlia pode cair no s\u00e1bado? Veja o que acontece -","isPartOf":{"@id":"https:\/\/www.vagadeempregorj.com.br\/#website"},"primaryImageOfPage":{"@id":"https:\/\/www.vagadeempregorj.com.br\/bolsa-familia-pode-cair-no-sabado-veja-o-que-acontece\/#primaryimage"},"image":{"@id":"https:\/\/www.vagadeempregorj.com.br\/bolsa-familia-pode-cair-no-sabado-veja-o-que-acontece\/#primaryimage"},"thumbnailUrl":"https:\/\/www.vagadeempregorj.com.br\/wp-content\/uploads\/2025\/02\/image-23.png","datePublished":"2025-02-14T22:25:41+00:00","dateModified":"2025-02-14T22:25:42+00:00","author":{"@id":"https:\/\/www.vagadeempregorj.com.br\/#\/schema\/person\/3ddb19fa0539706786e502152f3aae95"},"description":"Veja em Vagas de Emprego RJ as vagas de emprego com e sem experi\u00eancia no seu Estado e Regi\u00e3o!","breadcrumb":{"@id":"https:\/\/www.vagadeempregorj.com.br\/bolsa-familia-pode-cair-no-sabado-veja-o-que-acontece\/#breadcrumb"},"inLanguage":"ar","potentialAction":[{"@type":"ReadAction","target":["https:\/\/www.vagadeempregorj.com.br\/bolsa-familia-pode-cair-no-sabado-veja-o-que-acontece\/"]}]},{"@type":"ImageObject","inLanguage":"ar","@id":"https:\/\/www.vagadeempregorj.com.br\/bolsa-familia-pode-cair-no-sabado-veja-o-que-acontece\/#primaryimage","url":"https:\/\/www.vagadeempregorj.com.br\/wp-content\/uploads\/2025\/02\/image-23.png","contentUrl":"https:\/\/www.vagadeempregorj.com.br\/wp-content\/uploads\/2025\/02\/image-23.png","width":1170,"height":700,"caption":"Bolsa Fam\u00edlia pode cair no s\u00e1bado"},{"@type":"BreadcrumbList","@id":"https:\/\/www.vagadeempregorj.com.br\/bolsa-familia-pode-cair-no-sabado-veja-o-que-acontece\/#breadcrumb","itemListElement":[{"@type":"ListItem","position":1,"name":"In\u00edcio","item":"https:\/\/www.vagadeempregorj.com.br\/"},{"@type":"ListItem","position":2,"name":"Benef\u00edcios Sociais","item":"https:\/\/www.vagadeempregorj.com.br\/beneficios-sociais\/"},{"@type":"ListItem","position":3,"name":"Bolsa Fam\u00edlia pode cair no s\u00e1bado? Veja o que acontece"}]},{"@type":"WebSite","@id":"https:\/\/www.vagadeempregorj.com.br\/#website","url":"https:\/\/www.vagadeempregorj.com.br\/","name":"","description":"Conquiste Sonhos: Vagas, Benef\u00edcios e Economia para Transformar Vidas e Alcan\u00e7ar Melhorias Cotidianas","potentialAction":[{"@type":"SearchAction","target":{"@type":"EntryPoint","urlTemplate":"https:\/\/www.vagadeempregorj.com.br\/?s={search_term_string}"},"query-input":{"@type":"PropertyValueSpecification","valueRequired":true,"valueName":"search_term_string"}}],"inLanguage":"ar"},{"@type":"Person","@id":"https:\/\/www.vagadeempregorj.com.br\/#\/schema\/person\/3ddb19fa0539706786e502152f3aae95","name":"Michele","image":{"@type":"ImageObject","inLanguage":"ar","@id":"https:\/\/secure.gravatar.com\/avatar\/6b0eb9d22841282815e2cd856a0061c45e1761cd54b22e952d98c4746939aa85?s=96&r=g","url":"https:\/\/secure.gravatar.com\/avatar\/6b0eb9d22841282815e2cd856a0061c45e1761cd54b22e952d98c4746939aa85?s=96&r=g","contentUrl":"https:\/\/secure.gravatar.com\/avatar\/6b0eb9d22841282815e2cd856a0061c45e1761cd54b22e952d98c4746939aa85?s=96&r=g","caption":"Michele"},"description":"Formada em Letras - Portugu\u00eas\/ Ingl\u00eas, e idealizadora do site Escritora de Sucesso, busca expandir o conhecimento de todos com informa\u00e7\u00f5es relevantes sobre diversos assuntos, enquanto redatora. No Vaga de Emprego RJ, traz oportunidades e dicas sobre o mercado de trabalho.","url":"https:\/\/www.vagadeempregorj.com.br\/ar\/author\/michele\/"}]}},"_links":{"self":[{"href":"https:\/\/www.vagadeempregorj.com.br\/ar\/wp-json\/wp\/v2\/posts\/42575","targetHints":{"allow":["GET"]}}],"collection":[{"href":"https:\/\/www.vagadeempregorj.com.br\/ar\/wp-json\/wp\/v2\/posts"}],"about":[{"href":"https:\/\/www.vagadeempregorj.com.br\/ar\/wp-json\/wp\/v2\/types\/post"}],"author":[{"embeddable":true,"href":"https:\/\/www.vagadeempregorj.com.br\/ar\/wp-json\/wp\/v2\/users\/16"}],"replies":[{"embeddable":true,"href":"https:\/\/www.vagadeempregorj.com.br\/ar\/wp-json\/wp\/v2\/comments?post=42575"}],"version-history":[{"count":0,"href":"https:\/\/www.vagadeempregorj.com.br\/ar\/wp-json\/wp\/v2\/posts\/42575\/revisions"}],"wp:featuredmedia":[{"embeddable":true,"href":"https:\/\/www.vagadeempregorj.com.br\/ar\/wp-json\/wp\/v2\/media\/42581"}],"wp:attachment":[{"href":"https:\/\/www.vagadeempregorj.com.br\/ar\/wp-json\/wp\/v2\/media?parent=42575"}],"wp:term":[{"taxonomy":"category","embeddable":true,"href":"https:\/\/www.vagadeempregorj.com.br\/ar\/wp-json\/wp\/v2\/categories?post=42575"},{"taxonomy":"post_tag","embeddable":true,"href":"https:\/\/www.vagadeempregorj.com.br\/ar\/wp-json\/wp\/v2\/tags?post=42575"}],"curies":[{"name":"wp","href":"https:\/\/api.w.org\/{rel}","templated":true}]}}