{"id":42577,"date":"2025-02-15T06:00:00","date_gmt":"2025-02-15T09:00:00","guid":{"rendered":"https:\/\/www.vagadeempregorj.com.br\/?p=42577"},"modified":"2025-02-14T19:29:53","modified_gmt":"2025-02-14T22:29:53","slug":"quem-tem-cadastro-unico-tem-direito-ao-pe-de-meia","status":"publish","type":"post","link":"https:\/\/www.vagadeempregorj.com.br\/ar\/quem-tem-cadastro-unico-tem-direito-ao-pe-de-meia\/","title":{"rendered":"Quem tem cadastro \u00fanico tem direito ao P\u00e9-de-Meia?"},"content":{"rendered":"<p>O programa <strong>P\u00e9-de-Meia<\/strong>, uma iniciativa do governo brasileiro, tem como objetivo apoiar jovens de fam\u00edlias de baixa renda, incentivando a perman\u00eancia na escola e oferecendo um fundo financeiro para o futuro. Mas, afinal, quem tem direito a esse benef\u00edcio? E como o <strong>Cadastro \u00danico<\/strong> est\u00e1 relacionado a isso? Vamos explicar tudo!<\/p>\n\n\n\n<h3 class=\"wp-block-heading\"><strong>O que \u00e9 o P\u00e9-de-Meia?<\/strong><\/h3>\n\n\n\n<p>O P\u00e9-de-Meia \u00e9 um programa de poupan\u00e7a digital voltado para jovens de 14 a 17 anos que fazem parte de fam\u00edlias benefici\u00e1rias do <strong>Aux\u00edlio Brasil<\/strong> (antigo Bolsa Fam\u00edlia). O governo deposita valores em uma conta vinculada ao Cadastro \u00danico, que pode ser sacada quando o jovem completa 18 anos, desde que cumpridos os requisitos do programa.<\/p>\n\n\n\n<figure class=\"wp-block-image size-full\"><img loading=\"lazy\" decoding=\"async\" width=\"1024\" height=\"512\" src=\"https:\/\/www.vagadeempregorj.com.br\/wp-content\/uploads\/2025\/02\/image-24.png\" alt=\"\" class=\"wp-image-42582\" srcset=\"https:\/\/www.vagadeempregorj.com.br\/wp-content\/uploads\/2025\/02\/image-24.png 1024w, https:\/\/www.vagadeempregorj.com.br\/wp-content\/uploads\/2025\/02\/image-24-300x150.png 300w, https:\/\/www.vagadeempregorj.com.br\/wp-content\/uploads\/2025\/02\/image-24-768x384.png 768w, https:\/\/www.vagadeempregorj.com.br\/wp-content\/uploads\/2025\/02\/image-24-150x75.png 150w\" sizes=\"auto, (max-width: 1024px) 100vw, 1024px\" \/><\/figure>\n\n\n\n<h3 class=\"wp-block-heading\"><strong>Quem tem direito ao P\u00e9-de-Meia?<\/strong><\/h3>\n\n\n\n<p>Para ter acesso ao benef\u00edcio, \u00e9 necess\u00e1rio atender a alguns crit\u00e9rios:<\/p>\n\n\n\n<ol class=\"wp-block-list\">\n<li><strong>Fazer parte do Cadastro \u00danico<\/strong>: A fam\u00edlia do jovem deve estar cadastrada no Cadastro \u00danico para Programas Sociais do Governo Federal (Cad\u00danico) e ser benefici\u00e1ria do Aux\u00edlio Brasil.<\/li>\n\n\n\n<li><strong>Idade entre 14 e 17 anos<\/strong>: O programa \u00e9 direcionado a jovens nessa faixa et\u00e1ria.<\/li>\n\n\n\n<li><strong>Frequ\u00eancia escolar m\u00ednima<\/strong>: O jovem precisa manter uma frequ\u00eancia escolar de pelo menos 80% nas aulas.<\/li>\n\n\n\n<li><strong>Cumprimento de condicionalidades<\/strong>: Al\u00e9m da frequ\u00eancia escolar, \u00e9 necess\u00e1rio seguir outras regras do programa, como participar de atividades educacionais e de capacita\u00e7\u00e3o.<\/li>\n<\/ol>\n\n\n\n<h3 class=\"wp-block-heading\"><strong>Como o Cadastro \u00danico est\u00e1 relacionado ao P\u00e9-de-Meia?<\/strong><\/h3>\n\n\n\n<p>O <strong>Cadastro \u00danico<\/strong> \u00e9 a porta de entrada para diversos programas sociais do governo, incluindo o P\u00e9-de-Meia. \u00c9 por meio dele que o governo identifica as fam\u00edlias em situa\u00e7\u00e3o de vulnerabilidade socioecon\u00f4mica e define quem pode receber o benef\u00edcio. Portanto, se a fam\u00edlia j\u00e1 est\u00e1 cadastrada no Cad\u00danico e recebe o Aux\u00edlio Brasil, o jovem automaticamente se torna eleg\u00edvel ao P\u00e9-de-Meia, desde que atenda aos demais crit\u00e9rios.<\/p>\n\n\n\n<h3 class=\"wp-block-heading\"><strong>Como funciona a poupan\u00e7a do P\u00e9-de-Meia?<\/strong><\/h3>\n\n\n\n<p>O valor depositado pelo governo \u00e9 acumulado ao longo dos anos e pode ser sacado quando o jovem completa 18 anos. O objetivo \u00e9 proporcionar um fundo financeiro para ajudar o jovem a dar os primeiros passos na vida adulta, seja para investir em educa\u00e7\u00e3o, empreendedorismo ou outras necessidades.<\/p>\n\n\n\n<h3 class=\"wp-block-heading\"><strong>Como garantir o benef\u00edcio?<\/strong><\/h3>\n\n\n\n<p>Se voc\u00ea tem Cadastro \u00danico e um jovem na fam\u00edlia que se encaixa no perfil do programa, fique atento:<\/p>\n\n\n\n<ol class=\"wp-block-list\">\n<li><strong>Mantenha o Cadastro \u00danico atualizado<\/strong>: Qualquer mudan\u00e7a na situa\u00e7\u00e3o da fam\u00edlia (endere\u00e7o, renda, composi\u00e7\u00e3o familiar etc.) deve ser comunicada ao Cad\u00danico.<\/li>\n\n\n\n<li><strong>Acompanhe a frequ\u00eancia escolar<\/strong>: Certifique-se de que o jovem est\u00e1 frequentando as aulas regularmente.<\/li>\n\n\n\n<li><strong>Fique de olho nas informa\u00e7\u00f5es oficiais<\/strong>: Consulte o site do Minist\u00e9rio da Cidadania ou acesse o aplicativo do Aux\u00edlio Brasil para verificar se o jovem j\u00e1 est\u00e1 inclu\u00eddo no programa.<\/li>\n<\/ol>\n\n\n\n<h3 class=\"wp-block-heading\"><strong>Por que o P\u00e9-de-Meia \u00e9 importante?<\/strong><\/h3>\n\n\n\n<p>O programa n\u00e3o apenas incentiva a educa\u00e7\u00e3o, mas tamb\u00e9m oferece uma oportunidade para que jovens de baixa renda tenham um fundo financeiro ao completar a maioridade. Isso pode ser decisivo para o futuro desses jovens, ajudando-os a investir em seus sonhos e projetos.<\/p>\n\n\n\n<h3 class=\"wp-block-heading\"><strong>Veja se voc\u00ea tem direito<\/strong><\/h3>\n\n\n\n<p>Se voc\u00ea tem Cadastro \u00danico e um jovem na fam\u00edlia que se encaixa no perfil do P\u00e9-de-Meia, fique atento aos requisitos e mantenha tudo em dia. Esse benef\u00edcio pode ser uma grande ajuda para o futuro do jovem! Para mais informa\u00e7\u00f5es, consulte o site oficial do governo ou procure a secretaria de assist\u00eancia social do seu munic\u00edpio.<\/p>\n\n\n\n<p><strong>Veja tamb\u00e9m: <a href=\"https:\/\/www.vagadeempregorj.com.br\/ar\/fgts-pode-ser-descontado-do-funcionario-entenda\/\">FGTS pode ser descontado do funcion\u00e1rio? Entenda<\/a><\/strong><\/p>\n\n\n\n<p>15 de fevereiro de 2025<\/p>","protected":false},"excerpt":{"rendered":"<p>O programa P\u00e9-de-Meia, uma iniciativa do governo brasileiro, tem como objetivo apoiar jovens de fam\u00edlias de baixa renda, incentivando a perman\u00eancia na escola e oferecendo um fundo financeiro para o futuro. Mas, afinal, quem tem direito a esse benef\u00edcio? E como o Cadastro \u00danico est\u00e1 relacionado a isso? Vamos explicar tudo! O que \u00e9 o&hellip;&nbsp;<\/p>","protected":false},"author":16,"featured_media":42582,"comment_status":"closed","ping_status":"closed","sticky":false,"template":"","format":"standard","meta":{"neve_meta_sidebar":"","neve_meta_container":"","neve_meta_enable_content_width":"","neve_meta_content_width":0,"neve_meta_title_alignment":"","neve_meta_author_avatar":"","neve_post_elements_order":"","neve_meta_disable_header":"","neve_meta_disable_footer":"","neve_meta_disable_title":"","footnotes":""},"categories":[1],"tags":[814],"class_list":["post-42577","post","type-post","status-publish","format-standard","has-post-thumbnail","hentry","category-beneficios-sociais","tag-beneficio-social"],"yoast_head":"<!-- This site is optimized with the Yoast SEO plugin v27.5 - https:\/\/yoast.com\/product\/yoast-seo-wordpress\/ -->\n<title>Quem tem cadastro \u00fanico tem direito ao P\u00e9-de-Meia? -<\/title>\n<meta name=\"description\" content=\"Veja em Vagas de Emprego RJ as vagas de emprego com e sem experi\u00eancia no seu Estado e Regi\u00e3o!\" \/>\n<meta name=\"robots\" content=\"index, follow, max-snippet:-1, max-image-preview:large, max-video-preview:-1\" \/>\n<link rel=\"canonical\" href=\"https:\/\/www.vagadeempregorj.com.br\/ar\/quem-tem-cadastro-unico-tem-direito-ao-pe-de-meia\/\" \/>\n<meta property=\"og:locale\" content=\"ar_AR\" \/>\n<meta property=\"og:type\" content=\"article\" \/>\n<meta property=\"og:title\" content=\"Quem tem cadastro \u00fanico tem direito ao P\u00e9-de-Meia? -\" \/>\n<meta property=\"og:description\" content=\"Veja em Vagas de Emprego RJ as vagas de emprego com e sem experi\u00eancia no seu Estado e Regi\u00e3o!\" \/>\n<meta property=\"og:url\" content=\"https:\/\/www.vagadeempregorj.com.br\/ar\/quem-tem-cadastro-unico-tem-direito-ao-pe-de-meia\/\" \/>\n<meta property=\"article:publisher\" content=\"https:\/\/www.facebook.com\/empregobrasiloficial\" \/>\n<meta property=\"article:published_time\" content=\"2025-02-15T09:00:00+00:00\" \/>\n<meta property=\"og:image\" content=\"https:\/\/www.vagadeempregorj.com.br\/wp-content\/uploads\/2025\/02\/image-24.png\" \/>\n\t<meta property=\"og:image:width\" content=\"1024\" \/>\n\t<meta property=\"og:image:height\" content=\"512\" \/>\n\t<meta property=\"og:image:type\" content=\"image\/png\" \/>\n<meta name=\"author\" content=\"Michele\" \/>\n<meta name=\"twitter:card\" content=\"summary_large_image\" \/>\n<meta name=\"twitter:label1\" content=\"Written by\" \/>\n\t<meta name=\"twitter:data1\" content=\"Michele\" \/>\n\t<meta name=\"twitter:label2\" content=\"Est. reading time\" \/>\n\t<meta name=\"twitter:data2\" content=\"3 \u062f\u0642\u0627\u0626\u0642\" \/>\n<script type=\"application\/ld+json\" class=\"yoast-schema-graph\">{\"@context\":\"https:\\\/\\\/schema.org\",\"@graph\":[{\"@type\":\"Article\",\"@id\":\"https:\\\/\\\/www.vagadeempregorj.com.br\\\/quem-tem-cadastro-unico-tem-direito-ao-pe-de-meia\\\/#article\",\"isPartOf\":{\"@id\":\"https:\\\/\\\/www.vagadeempregorj.com.br\\\/quem-tem-cadastro-unico-tem-direito-ao-pe-de-meia\\\/\"},\"author\":{\"name\":\"Michele\",\"@id\":\"https:\\\/\\\/www.vagadeempregorj.com.br\\\/#\\\/schema\\\/person\\\/3ddb19fa0539706786e502152f3aae95\"},\"headline\":\"Quem tem cadastro \u00fanico tem direito ao P\u00e9-de-Meia?\",\"datePublished\":\"2025-02-15T09:00:00+00:00\",\"mainEntityOfPage\":{\"@id\":\"https:\\\/\\\/www.vagadeempregorj.com.br\\\/quem-tem-cadastro-unico-tem-direito-ao-pe-de-meia\\\/\"},\"wordCount\":609,\"image\":{\"@id\":\"https:\\\/\\\/www.vagadeempregorj.com.br\\\/quem-tem-cadastro-unico-tem-direito-ao-pe-de-meia\\\/#primaryimage\"},\"thumbnailUrl\":\"https:\\\/\\\/www.vagadeempregorj.com.br\\\/wp-content\\\/uploads\\\/2025\\\/02\\\/image-24.png\",\"keywords\":[\"benef\u00edcio social\"],\"articleSection\":[\"Benef\u00edcios Sociais\"],\"inLanguage\":\"ar\"},{\"@type\":\"WebPage\",\"@id\":\"https:\\\/\\\/www.vagadeempregorj.com.br\\\/quem-tem-cadastro-unico-tem-direito-ao-pe-de-meia\\\/\",\"url\":\"https:\\\/\\\/www.vagadeempregorj.com.br\\\/quem-tem-cadastro-unico-tem-direito-ao-pe-de-meia\\\/\",\"name\":\"Quem tem cadastro \u00fanico tem direito ao P\u00e9-de-Meia? -\",\"isPartOf\":{\"@id\":\"https:\\\/\\\/www.vagadeempregorj.com.br\\\/#website\"},\"primaryImageOfPage\":{\"@id\":\"https:\\\/\\\/www.vagadeempregorj.com.br\\\/quem-tem-cadastro-unico-tem-direito-ao-pe-de-meia\\\/#primaryimage\"},\"image\":{\"@id\":\"https:\\\/\\\/www.vagadeempregorj.com.br\\\/quem-tem-cadastro-unico-tem-direito-ao-pe-de-meia\\\/#primaryimage\"},\"thumbnailUrl\":\"https:\\\/\\\/www.vagadeempregorj.com.br\\\/wp-content\\\/uploads\\\/2025\\\/02\\\/image-24.png\",\"datePublished\":\"2025-02-15T09:00:00+00:00\",\"author\":{\"@id\":\"https:\\\/\\\/www.vagadeempregorj.com.br\\\/#\\\/schema\\\/person\\\/3ddb19fa0539706786e502152f3aae95\"},\"description\":\"Veja em Vagas de Emprego RJ as vagas de emprego com e sem experi\u00eancia no seu Estado e Regi\u00e3o!\",\"breadcrumb\":{\"@id\":\"https:\\\/\\\/www.vagadeempregorj.com.br\\\/quem-tem-cadastro-unico-tem-direito-ao-pe-de-meia\\\/#breadcrumb\"},\"inLanguage\":\"ar\",\"potentialAction\":[{\"@type\":\"ReadAction\",\"target\":[\"https:\\\/\\\/www.vagadeempregorj.com.br\\\/quem-tem-cadastro-unico-tem-direito-ao-pe-de-meia\\\/\"]}]},{\"@type\":\"ImageObject\",\"inLanguage\":\"ar\",\"@id\":\"https:\\\/\\\/www.vagadeempregorj.com.br\\\/quem-tem-cadastro-unico-tem-direito-ao-pe-de-meia\\\/#primaryimage\",\"url\":\"https:\\\/\\\/www.vagadeempregorj.com.br\\\/wp-content\\\/uploads\\\/2025\\\/02\\\/image-24.png\",\"contentUrl\":\"https:\\\/\\\/www.vagadeempregorj.com.br\\\/wp-content\\\/uploads\\\/2025\\\/02\\\/image-24.png\",\"width\":1024,\"height\":512},{\"@type\":\"BreadcrumbList\",\"@id\":\"https:\\\/\\\/www.vagadeempregorj.com.br\\\/quem-tem-cadastro-unico-tem-direito-ao-pe-de-meia\\\/#breadcrumb\",\"itemListElement\":[{\"@type\":\"ListItem\",\"position\":1,\"name\":\"In\u00edcio\",\"item\":\"https:\\\/\\\/www.vagadeempregorj.com.br\\\/\"},{\"@type\":\"ListItem\",\"position\":2,\"name\":\"Benef\u00edcios Sociais\",\"item\":\"https:\\\/\\\/www.vagadeempregorj.com.br\\\/beneficios-sociais\\\/\"},{\"@type\":\"ListItem\",\"position\":3,\"name\":\"Quem tem cadastro \u00fanico tem direito ao P\u00e9-de-Meia?\"}]},{\"@type\":\"WebSite\",\"@id\":\"https:\\\/\\\/www.vagadeempregorj.com.br\\\/#website\",\"url\":\"https:\\\/\\\/www.vagadeempregorj.com.br\\\/\",\"name\":\"\",\"description\":\"Conquiste Sonhos: Vagas, Benef\u00edcios e Economia para Transformar Vidas e Alcan\u00e7ar Melhorias Cotidianas\",\"potentialAction\":[{\"@type\":\"SearchAction\",\"target\":{\"@type\":\"EntryPoint\",\"urlTemplate\":\"https:\\\/\\\/www.vagadeempregorj.com.br\\\/?s={search_term_string}\"},\"query-input\":{\"@type\":\"PropertyValueSpecification\",\"valueRequired\":true,\"valueName\":\"search_term_string\"}}],\"inLanguage\":\"ar\"},{\"@type\":\"Person\",\"@id\":\"https:\\\/\\\/www.vagadeempregorj.com.br\\\/#\\\/schema\\\/person\\\/3ddb19fa0539706786e502152f3aae95\",\"name\":\"Michele\",\"image\":{\"@type\":\"ImageObject\",\"inLanguage\":\"ar\",\"@id\":\"https:\\\/\\\/secure.gravatar.com\\\/avatar\\\/6b0eb9d22841282815e2cd856a0061c45e1761cd54b22e952d98c4746939aa85?s=96&r=g\",\"url\":\"https:\\\/\\\/secure.gravatar.com\\\/avatar\\\/6b0eb9d22841282815e2cd856a0061c45e1761cd54b22e952d98c4746939aa85?s=96&r=g\",\"contentUrl\":\"https:\\\/\\\/secure.gravatar.com\\\/avatar\\\/6b0eb9d22841282815e2cd856a0061c45e1761cd54b22e952d98c4746939aa85?s=96&r=g\",\"caption\":\"Michele\"},\"description\":\"Formada em Letras - Portugu\u00eas\\\/ Ingl\u00eas, e idealizadora do site Escritora de Sucesso, busca expandir o conhecimento de todos com informa\u00e7\u00f5es relevantes sobre diversos assuntos, enquanto redatora. No Vaga de Emprego RJ, traz oportunidades e dicas sobre o mercado de trabalho.\",\"url\":\"https:\\\/\\\/www.vagadeempregorj.com.br\\\/ar\\\/author\\\/michele\\\/\"}]}<\/script>\n<!-- \/ Yoast SEO plugin. -->","yoast_head_json":{"title":"Quem tem cadastro \u00fanico tem direito ao P\u00e9-de-Meia? -","description":"Veja em Vagas de Emprego RJ as vagas de emprego com e sem experi\u00eancia no seu Estado e Regi\u00e3o!","robots":{"index":"index","follow":"follow","max-snippet":"max-snippet:-1","max-image-preview":"max-image-preview:large","max-video-preview":"max-video-preview:-1"},"canonical":"https:\/\/www.vagadeempregorj.com.br\/ar\/quem-tem-cadastro-unico-tem-direito-ao-pe-de-meia\/","og_locale":"ar_AR","og_type":"article","og_title":"Quem tem cadastro \u00fanico tem direito ao P\u00e9-de-Meia? -","og_description":"Veja em Vagas de Emprego RJ as vagas de emprego com e sem experi\u00eancia no seu Estado e Regi\u00e3o!","og_url":"https:\/\/www.vagadeempregorj.com.br\/ar\/quem-tem-cadastro-unico-tem-direito-ao-pe-de-meia\/","article_publisher":"https:\/\/www.facebook.com\/empregobrasiloficial","article_published_time":"2025-02-15T09:00:00+00:00","og_image":[{"width":1024,"height":512,"url":"https:\/\/www.vagadeempregorj.com.br\/wp-content\/uploads\/2025\/02\/image-24.png","type":"image\/png"}],"author":"Michele","twitter_card":"summary_large_image","twitter_misc":{"Written by":"Michele","Est. reading time":"3 \u062f\u0642\u0627\u0626\u0642"},"schema":{"@context":"https:\/\/schema.org","@graph":[{"@type":"Article","@id":"https:\/\/www.vagadeempregorj.com.br\/quem-tem-cadastro-unico-tem-direito-ao-pe-de-meia\/#article","isPartOf":{"@id":"https:\/\/www.vagadeempregorj.com.br\/quem-tem-cadastro-unico-tem-direito-ao-pe-de-meia\/"},"author":{"name":"Michele","@id":"https:\/\/www.vagadeempregorj.com.br\/#\/schema\/person\/3ddb19fa0539706786e502152f3aae95"},"headline":"Quem tem cadastro \u00fanico tem direito ao P\u00e9-de-Meia?","datePublished":"2025-02-15T09:00:00+00:00","mainEntityOfPage":{"@id":"https:\/\/www.vagadeempregorj.com.br\/quem-tem-cadastro-unico-tem-direito-ao-pe-de-meia\/"},"wordCount":609,"image":{"@id":"https:\/\/www.vagadeempregorj.com.br\/quem-tem-cadastro-unico-tem-direito-ao-pe-de-meia\/#primaryimage"},"thumbnailUrl":"https:\/\/www.vagadeempregorj.com.br\/wp-content\/uploads\/2025\/02\/image-24.png","keywords":["benef\u00edcio social"],"articleSection":["Benef\u00edcios Sociais"],"inLanguage":"ar"},{"@type":"WebPage","@id":"https:\/\/www.vagadeempregorj.com.br\/quem-tem-cadastro-unico-tem-direito-ao-pe-de-meia\/","url":"https:\/\/www.vagadeempregorj.com.br\/quem-tem-cadastro-unico-tem-direito-ao-pe-de-meia\/","name":"Quem tem cadastro \u00fanico tem direito ao P\u00e9-de-Meia? -","isPartOf":{"@id":"https:\/\/www.vagadeempregorj.com.br\/#website"},"primaryImageOfPage":{"@id":"https:\/\/www.vagadeempregorj.com.br\/quem-tem-cadastro-unico-tem-direito-ao-pe-de-meia\/#primaryimage"},"image":{"@id":"https:\/\/www.vagadeempregorj.com.br\/quem-tem-cadastro-unico-tem-direito-ao-pe-de-meia\/#primaryimage"},"thumbnailUrl":"https:\/\/www.vagadeempregorj.com.br\/wp-content\/uploads\/2025\/02\/image-24.png","datePublished":"2025-02-15T09:00:00+00:00","author":{"@id":"https:\/\/www.vagadeempregorj.com.br\/#\/schema\/person\/3ddb19fa0539706786e502152f3aae95"},"description":"Veja em Vagas de Emprego RJ as vagas de emprego com e sem experi\u00eancia no seu Estado e Regi\u00e3o!","breadcrumb":{"@id":"https:\/\/www.vagadeempregorj.com.br\/quem-tem-cadastro-unico-tem-direito-ao-pe-de-meia\/#breadcrumb"},"inLanguage":"ar","potentialAction":[{"@type":"ReadAction","target":["https:\/\/www.vagadeempregorj.com.br\/quem-tem-cadastro-unico-tem-direito-ao-pe-de-meia\/"]}]},{"@type":"ImageObject","inLanguage":"ar","@id":"https:\/\/www.vagadeempregorj.com.br\/quem-tem-cadastro-unico-tem-direito-ao-pe-de-meia\/#primaryimage","url":"https:\/\/www.vagadeempregorj.com.br\/wp-content\/uploads\/2025\/02\/image-24.png","contentUrl":"https:\/\/www.vagadeempregorj.com.br\/wp-content\/uploads\/2025\/02\/image-24.png","width":1024,"height":512},{"@type":"BreadcrumbList","@id":"https:\/\/www.vagadeempregorj.com.br\/quem-tem-cadastro-unico-tem-direito-ao-pe-de-meia\/#breadcrumb","itemListElement":[{"@type":"ListItem","position":1,"name":"In\u00edcio","item":"https:\/\/www.vagadeempregorj.com.br\/"},{"@type":"ListItem","position":2,"name":"Benef\u00edcios Sociais","item":"https:\/\/www.vagadeempregorj.com.br\/beneficios-sociais\/"},{"@type":"ListItem","position":3,"name":"Quem tem cadastro \u00fanico tem direito ao P\u00e9-de-Meia?"}]},{"@type":"WebSite","@id":"https:\/\/www.vagadeempregorj.com.br\/#website","url":"https:\/\/www.vagadeempregorj.com.br\/","name":"","description":"Conquiste Sonhos: Vagas, Benef\u00edcios e Economia para Transformar Vidas e Alcan\u00e7ar Melhorias Cotidianas","potentialAction":[{"@type":"SearchAction","target":{"@type":"EntryPoint","urlTemplate":"https:\/\/www.vagadeempregorj.com.br\/?s={search_term_string}"},"query-input":{"@type":"PropertyValueSpecification","valueRequired":true,"valueName":"search_term_string"}}],"inLanguage":"ar"},{"@type":"Person","@id":"https:\/\/www.vagadeempregorj.com.br\/#\/schema\/person\/3ddb19fa0539706786e502152f3aae95","name":"Michele","image":{"@type":"ImageObject","inLanguage":"ar","@id":"https:\/\/secure.gravatar.com\/avatar\/6b0eb9d22841282815e2cd856a0061c45e1761cd54b22e952d98c4746939aa85?s=96&r=g","url":"https:\/\/secure.gravatar.com\/avatar\/6b0eb9d22841282815e2cd856a0061c45e1761cd54b22e952d98c4746939aa85?s=96&r=g","contentUrl":"https:\/\/secure.gravatar.com\/avatar\/6b0eb9d22841282815e2cd856a0061c45e1761cd54b22e952d98c4746939aa85?s=96&r=g","caption":"Michele"},"description":"Formada em Letras - Portugu\u00eas\/ Ingl\u00eas, e idealizadora do site Escritora de Sucesso, busca expandir o conhecimento de todos com informa\u00e7\u00f5es relevantes sobre diversos assuntos, enquanto redatora. No Vaga de Emprego RJ, traz oportunidades e dicas sobre o mercado de trabalho.","url":"https:\/\/www.vagadeempregorj.com.br\/ar\/author\/michele\/"}]}},"_links":{"self":[{"href":"https:\/\/www.vagadeempregorj.com.br\/ar\/wp-json\/wp\/v2\/posts\/42577","targetHints":{"allow":["GET"]}}],"collection":[{"href":"https:\/\/www.vagadeempregorj.com.br\/ar\/wp-json\/wp\/v2\/posts"}],"about":[{"href":"https:\/\/www.vagadeempregorj.com.br\/ar\/wp-json\/wp\/v2\/types\/post"}],"author":[{"embeddable":true,"href":"https:\/\/www.vagadeempregorj.com.br\/ar\/wp-json\/wp\/v2\/users\/16"}],"replies":[{"embeddable":true,"href":"https:\/\/www.vagadeempregorj.com.br\/ar\/wp-json\/wp\/v2\/comments?post=42577"}],"version-history":[{"count":0,"href":"https:\/\/www.vagadeempregorj.com.br\/ar\/wp-json\/wp\/v2\/posts\/42577\/revisions"}],"wp:featuredmedia":[{"embeddable":true,"href":"https:\/\/www.vagadeempregorj.com.br\/ar\/wp-json\/wp\/v2\/media\/42582"}],"wp:attachment":[{"href":"https:\/\/www.vagadeempregorj.com.br\/ar\/wp-json\/wp\/v2\/media?parent=42577"}],"wp:term":[{"taxonomy":"category","embeddable":true,"href":"https:\/\/www.vagadeempregorj.com.br\/ar\/wp-json\/wp\/v2\/categories?post=42577"},{"taxonomy":"post_tag","embeddable":true,"href":"https:\/\/www.vagadeempregorj.com.br\/ar\/wp-json\/wp\/v2\/tags?post=42577"}],"curies":[{"name":"wp","href":"https:\/\/api.w.org\/{rel}","templated":true}]}}