{"id":42605,"date":"2025-02-23T06:00:00","date_gmt":"2025-02-23T09:00:00","guid":{"rendered":"https:\/\/www.vagadeempregorj.com.br\/?p=42605"},"modified":"2025-02-18T17:26:45","modified_gmt":"2025-02-18T20:26:45","slug":"cimed-104-vagas-de-emprego-abertas-pelo-pais","status":"publish","type":"post","link":"https:\/\/www.vagadeempregorj.com.br\/ar\/cimed-104-vagas-de-emprego-abertas-pelo-pais\/","title":{"rendered":"Cimed: 104 vagas de emprego abertas pelo pa\u00eds"},"content":{"rendered":"<p>A <strong>Cimed<\/strong>, uma das maiores farmac\u00eauticas do Brasil, est\u00e1 com 104 vagas de emprego abertas em diversas regi\u00f5es do pa\u00eds. Se voc\u00ea deseja fazer parte de uma empresa 100% nacional, comprometida com a sa\u00fade e o bem-estar dos brasileiros, esta pode ser a sua chance.<\/p>\n\n\n\n<figure class=\"wp-block-image size-full\"><img loading=\"lazy\" decoding=\"async\" width=\"1024\" height=\"682\" src=\"https:\/\/www.vagadeempregorj.com.br\/wp-content\/uploads\/2025\/02\/image-30.png\" alt=\"Cimed\" class=\"wp-image-42621\" srcset=\"https:\/\/www.vagadeempregorj.com.br\/wp-content\/uploads\/2025\/02\/image-30.png 1024w, https:\/\/www.vagadeempregorj.com.br\/wp-content\/uploads\/2025\/02\/image-30-300x200.png 300w, https:\/\/www.vagadeempregorj.com.br\/wp-content\/uploads\/2025\/02\/image-30-768x512.png 768w, https:\/\/www.vagadeempregorj.com.br\/wp-content\/uploads\/2025\/02\/image-30-150x100.png 150w\" sizes=\"auto, (max-width: 1024px) 100vw, 1024px\" \/><\/figure>\n\n\n\n<h2 class=\"wp-block-heading\">Quais s\u00e3o as oportunidades de carreira na Cimed?<\/h2>\n\n\n\n<p>A Cimed oferece uma variedade de cargos que abrangem diferentes \u00e1reas e n\u00edveis de experi\u00eancia. Vamos explorar algumas dessas oportunidades:<\/p>\n\n\n\n<h3 class=\"wp-block-heading\">Analista comercial j\u00fanior<\/h3>\n\n\n\n<p><strong>Local:<\/strong> Pouso Alegre, MG<\/p>\n\n\n\n<p><strong>Descri\u00e7\u00e3o:<\/strong> Atuar no suporte \u00e0s atividades comerciais, an\u00e1lise de dados de vendas e elabora\u00e7\u00e3o de relat\u00f3rios para auxiliar na tomada de decis\u00f5es estrat\u00e9gicas.<\/p>\n\n\n\n<h3 class=\"wp-block-heading\">Encarregado de produ\u00e7\u00e3o j\u00fanior | L\u00edquidos<\/h3>\n\n\n\n<p><strong>Local:<\/strong> Pouso Alegre, MG<\/p>\n\n\n\n<p><strong>Descri\u00e7\u00e3o:<\/strong> Respons\u00e1vel por supervisionar as opera\u00e7\u00f5es de produ\u00e7\u00e3o de l\u00edquidos, garantindo a qualidade e efici\u00eancia dos processos.<\/p>\n\n\n\n<h3 class=\"wp-block-heading\">Especialista de compras | Materiais diretos<\/h3>\n\n\n\n<p><strong>Local:<\/strong> S\u00e3o Paulo, SP<\/p>\n\n\n\n<p><strong>Descri\u00e7\u00e3o:<\/strong> Gerenciar o processo de aquisi\u00e7\u00e3o de materiais diretos, negociando com fornecedores e assegurando o abastecimento cont\u00ednuo para a produ\u00e7\u00e3o.<\/p>\n\n\n\n<h3 class=\"wp-block-heading\">Est\u00e1gio em marketing esportivo<\/h3>\n\n\n\n<p><strong>Local:<\/strong> S\u00e3o Paulo, SP<\/p>\n\n\n\n<p><strong>Descri\u00e7\u00e3o:<\/strong> Auxiliar nas atividades de marketing relacionadas ao esporte, incluindo planejamento de campanhas, gest\u00e3o de redes sociais e apoio em eventos.<\/p>\n\n\n\n<h3 class=\"wp-block-heading\">Gerente de produ\u00e7\u00e3o &#8211; Consumo (Higiene, Beleza e Alimentos)<\/h3>\n\n\n\n<p><strong>Local:<\/strong> Pouso Alegre, MG<\/p>\n\n\n\n<p><strong>Descri\u00e7\u00e3o:<\/strong> Liderar as opera\u00e7\u00f5es de produ\u00e7\u00e3o nas linhas de higiene, beleza e alimentos, garantindo a efici\u00eancia operacional e o cumprimento dos padr\u00f5es de qualidade.<\/p>\n\n\n\n<h3 class=\"wp-block-heading\">Consultor de contas | Aracaju &#8211; SE<\/h3>\n\n\n\n<p><strong>Local:<\/strong> Aracaju, SE<\/p>\n\n\n\n<p><strong>Descri\u00e7\u00e3o:<\/strong> Desenvolver e gerenciar relacionamentos com clientes, identificando oportunidades de vendas e promovendo os produtos da Cimed na regi\u00e3o.<\/p>\n\n\n\n<h3 class=\"wp-block-heading\">Coordenador de tesouraria<\/h3>\n\n\n\n<p><strong>Local:<\/strong> S\u00e3o Paulo, SP<\/p>\n\n\n\n<p><strong>Descri\u00e7\u00e3o:<\/strong> Supervisionar as atividades de tesouraria, incluindo gest\u00e3o de fluxo de caixa, investimentos e relacionamento banc\u00e1rio.<\/p>\n\n\n\n<h3 class=\"wp-block-heading\">Analista de laborat\u00f3rio anal\u00edtico &#8211; J\u00fanior (Pr\u00e9-formula\u00e7\u00e3o)<\/h3>\n\n\n\n<p><strong>Local:<\/strong> Pouso Alegre, MG<\/p>\n\n\n\n<p><strong>Descri\u00e7\u00e3o:<\/strong> Realizar an\u00e1lises laboratoriais na fase de pr\u00e9-formula\u00e7\u00e3o, contribuindo para o desenvolvimento de novos produtos farmac\u00eauticos.<\/p>\n\n\n\n<h3 class=\"wp-block-heading\">Gestor de vendas&nbsp;<\/h3>\n\n\n\n<p><strong>Local:<\/strong> Londrina, PR<\/p>\n\n\n\n<p><strong>Descri\u00e7\u00e3o:<\/strong> Gerenciar a equipe de vendas na regi\u00e3o de Londrina, estabelecendo estrat\u00e9gias para atingir as metas comerciais e expandir a presen\u00e7a da Cimed no mercado local.<\/p>\n\n\n\n<h3 class=\"wp-block-heading\">Auxiliar de log\u00edstica I (CD RS)<\/h3>\n\n\n\n<p><strong>Local:<\/strong> Cachoeirinha, RS<\/p>\n\n\n\n<p><strong>Descri\u00e7\u00e3o:<\/strong> Auxiliar nas atividades log\u00edsticas do centro de distribui\u00e7\u00e3o, incluindo recebimento, armazenamento e expedi\u00e7\u00e3o de produtos.<\/p>\n\n\n\n<p>Essas s\u00e3o apenas algumas das oportunidades dispon\u00edveis. A Cimed valoriza a diversidade e est\u00e1 comprometida em criar um ambiente inclusivo para todos os colaboradores. Recentemente, a empresa realizou um processo seletivo exclusivo para pessoas com defici\u00eancia em Pouso Alegre, demonstrando seu compromisso com a inclus\u00e3o.<\/p>\n\n\n\n<h2 class=\"wp-block-heading\">Como se candidatar?<\/h2>\n\n\n\n<p>Interessado em fazer parte do time da empresa? O processo de candidatura \u00e9 simples e direto. Siga os passos abaixo para se inscrever:<\/p>\n\n\n\n<ul class=\"wp-block-list\">\n<li><strong>Acesse o site de carreiras da Cimed:<\/strong> Digite<a href=\"https:\/\/cimed.gupy.io\/\"> <\/a><strong>https:\/\/cimed.gupy.io\/<\/strong> em seu navegador.<\/li>\n\n\n\n<li><strong>Explore as vagas dispon\u00edveis:<\/strong> Navegue pela lista de oportunidades e selecione a que mais se alinha com seu perfil e interesses.<\/li>\n\n\n\n<li><strong>Cadastre seu curr\u00edculo:<\/strong> Clique na vaga desejada e siga as instru\u00e7\u00f5es para enviar seu curr\u00edculo e preencher as informa\u00e7\u00f5es necess\u00e1rias.<\/li>\n\n\n\n<li><strong>Acompanhe o processo seletivo:<\/strong> Ap\u00f3s a inscri\u00e7\u00e3o, fique atento aos e-mails e contatos da equipe de recrutamento para as pr\u00f3ximas etapas.<\/li>\n<\/ul>\n\n\n\n<p>A Cimed est\u00e1 em constante crescimento e busca profissionais que compartilhem de seus valores de agilidade, inova\u00e7\u00e3o, comprometimento e colabora\u00e7\u00e3o. Se voc\u00ea se identifica com essa cultura e deseja contribuir para proporcionar sa\u00fade e bem-estar a todos os brasileiros, n\u00e3o perca essa oportunidade.<\/p>\n\n\n\n<p><strong>Veja tamb\u00e9m: <a href=\"https:\/\/www.vagadeempregorj.com.br\/ar\/grupo-lider-64-vagas-de-emprego-pelo-pais\/\">Grupo Lider: 64 vagas de emprego pelo pa\u00eds<\/a><\/strong><\/p>\n\n\n\n<p>23 de fevereiro de 2025<\/p>\n\n\n\n<p><\/p>","protected":false},"excerpt":{"rendered":"<p>A Cimed, uma das maiores farmac\u00eauticas do Brasil, est\u00e1 com 104 vagas de emprego abertas em diversas regi\u00f5es do pa\u00eds. Se voc\u00ea deseja fazer parte de uma empresa 100% nacional, comprometida com a sa\u00fade e o bem-estar dos brasileiros, esta pode ser a sua chance. Quais s\u00e3o as oportunidades de carreira na Cimed? A Cimed&hellip;&nbsp;<\/p>","protected":false},"author":16,"featured_media":42621,"comment_status":"closed","ping_status":"closed","sticky":false,"template":"","format":"standard","meta":{"neve_meta_sidebar":"","neve_meta_container":"","neve_meta_enable_content_width":"","neve_meta_content_width":0,"neve_meta_title_alignment":"","neve_meta_author_avatar":"","neve_post_elements_order":"","neve_meta_disable_header":"","neve_meta_disable_footer":"","neve_meta_disable_title":"","footnotes":""},"categories":[123],"tags":[],"class_list":["post-42605","post","type-post","status-publish","format-standard","has-post-thumbnail","hentry","category-vagas-de-emprego-nacionais"],"yoast_head":"<!-- This site is optimized with the Yoast SEO plugin v27.5 - https:\/\/yoast.com\/product\/yoast-seo-wordpress\/ -->\n<title>Cimed: 104 vagas de emprego abertas pelo pa\u00eds -<\/title>\n<meta name=\"description\" content=\"Veja em Vagas de Emprego RJ as vagas de emprego com e sem experi\u00eancia no seu Estado e Regi\u00e3o!\" \/>\n<meta name=\"robots\" content=\"index, follow, max-snippet:-1, max-image-preview:large, max-video-preview:-1\" \/>\n<link rel=\"canonical\" href=\"https:\/\/www.vagadeempregorj.com.br\/ar\/cimed-104-vagas-de-emprego-abertas-pelo-pais\/\" \/>\n<meta property=\"og:locale\" content=\"ar_AR\" \/>\n<meta property=\"og:type\" content=\"article\" \/>\n<meta property=\"og:title\" content=\"Cimed: 104 vagas de emprego abertas pelo pa\u00eds -\" \/>\n<meta property=\"og:description\" content=\"Veja em Vagas de Emprego RJ as vagas de emprego com e sem experi\u00eancia no seu Estado e Regi\u00e3o!\" \/>\n<meta property=\"og:url\" content=\"https:\/\/www.vagadeempregorj.com.br\/ar\/cimed-104-vagas-de-emprego-abertas-pelo-pais\/\" \/>\n<meta property=\"article:publisher\" content=\"https:\/\/www.facebook.com\/empregobrasiloficial\" \/>\n<meta property=\"article:published_time\" content=\"2025-02-23T09:00:00+00:00\" \/>\n<meta property=\"og:image\" content=\"https:\/\/www.vagadeempregorj.com.br\/wp-content\/uploads\/2025\/02\/image-30.png\" \/>\n\t<meta property=\"og:image:width\" content=\"1024\" \/>\n\t<meta property=\"og:image:height\" content=\"682\" \/>\n\t<meta property=\"og:image:type\" content=\"image\/png\" \/>\n<meta name=\"author\" content=\"Michele\" \/>\n<meta name=\"twitter:card\" content=\"summary_large_image\" \/>\n<meta name=\"twitter:label1\" content=\"Written by\" \/>\n\t<meta name=\"twitter:data1\" content=\"Michele\" \/>\n\t<meta name=\"twitter:label2\" content=\"Est. reading time\" \/>\n\t<meta name=\"twitter:data2\" content=\"3 \u062f\u0642\u0627\u0626\u0642\" \/>\n<script type=\"application\/ld+json\" class=\"yoast-schema-graph\">{\"@context\":\"https:\\\/\\\/schema.org\",\"@graph\":[{\"@type\":\"Article\",\"@id\":\"https:\\\/\\\/www.vagadeempregorj.com.br\\\/cimed-104-vagas-de-emprego-abertas-pelo-pais\\\/#article\",\"isPartOf\":{\"@id\":\"https:\\\/\\\/www.vagadeempregorj.com.br\\\/cimed-104-vagas-de-emprego-abertas-pelo-pais\\\/\"},\"author\":{\"name\":\"Michele\",\"@id\":\"https:\\\/\\\/www.vagadeempregorj.com.br\\\/#\\\/schema\\\/person\\\/3ddb19fa0539706786e502152f3aae95\"},\"headline\":\"Cimed: 104 vagas de emprego abertas pelo pa\u00eds\",\"datePublished\":\"2025-02-23T09:00:00+00:00\",\"mainEntityOfPage\":{\"@id\":\"https:\\\/\\\/www.vagadeempregorj.com.br\\\/cimed-104-vagas-de-emprego-abertas-pelo-pais\\\/\"},\"wordCount\":650,\"image\":{\"@id\":\"https:\\\/\\\/www.vagadeempregorj.com.br\\\/cimed-104-vagas-de-emprego-abertas-pelo-pais\\\/#primaryimage\"},\"thumbnailUrl\":\"https:\\\/\\\/www.vagadeempregorj.com.br\\\/wp-content\\\/uploads\\\/2025\\\/02\\\/image-30.png\",\"articleSection\":[\"Vagas de Emprego Nacionais\"],\"inLanguage\":\"ar\"},{\"@type\":\"WebPage\",\"@id\":\"https:\\\/\\\/www.vagadeempregorj.com.br\\\/cimed-104-vagas-de-emprego-abertas-pelo-pais\\\/\",\"url\":\"https:\\\/\\\/www.vagadeempregorj.com.br\\\/cimed-104-vagas-de-emprego-abertas-pelo-pais\\\/\",\"name\":\"Cimed: 104 vagas de emprego abertas pelo pa\u00eds -\",\"isPartOf\":{\"@id\":\"https:\\\/\\\/www.vagadeempregorj.com.br\\\/#website\"},\"primaryImageOfPage\":{\"@id\":\"https:\\\/\\\/www.vagadeempregorj.com.br\\\/cimed-104-vagas-de-emprego-abertas-pelo-pais\\\/#primaryimage\"},\"image\":{\"@id\":\"https:\\\/\\\/www.vagadeempregorj.com.br\\\/cimed-104-vagas-de-emprego-abertas-pelo-pais\\\/#primaryimage\"},\"thumbnailUrl\":\"https:\\\/\\\/www.vagadeempregorj.com.br\\\/wp-content\\\/uploads\\\/2025\\\/02\\\/image-30.png\",\"datePublished\":\"2025-02-23T09:00:00+00:00\",\"author\":{\"@id\":\"https:\\\/\\\/www.vagadeempregorj.com.br\\\/#\\\/schema\\\/person\\\/3ddb19fa0539706786e502152f3aae95\"},\"description\":\"Veja em Vagas de Emprego RJ as vagas de emprego com e sem experi\u00eancia no seu Estado e Regi\u00e3o!\",\"breadcrumb\":{\"@id\":\"https:\\\/\\\/www.vagadeempregorj.com.br\\\/cimed-104-vagas-de-emprego-abertas-pelo-pais\\\/#breadcrumb\"},\"inLanguage\":\"ar\",\"potentialAction\":[{\"@type\":\"ReadAction\",\"target\":[\"https:\\\/\\\/www.vagadeempregorj.com.br\\\/cimed-104-vagas-de-emprego-abertas-pelo-pais\\\/\"]}]},{\"@type\":\"ImageObject\",\"inLanguage\":\"ar\",\"@id\":\"https:\\\/\\\/www.vagadeempregorj.com.br\\\/cimed-104-vagas-de-emprego-abertas-pelo-pais\\\/#primaryimage\",\"url\":\"https:\\\/\\\/www.vagadeempregorj.com.br\\\/wp-content\\\/uploads\\\/2025\\\/02\\\/image-30.png\",\"contentUrl\":\"https:\\\/\\\/www.vagadeempregorj.com.br\\\/wp-content\\\/uploads\\\/2025\\\/02\\\/image-30.png\",\"width\":1024,\"height\":682},{\"@type\":\"BreadcrumbList\",\"@id\":\"https:\\\/\\\/www.vagadeempregorj.com.br\\\/cimed-104-vagas-de-emprego-abertas-pelo-pais\\\/#breadcrumb\",\"itemListElement\":[{\"@type\":\"ListItem\",\"position\":1,\"name\":\"In\u00edcio\",\"item\":\"https:\\\/\\\/www.vagadeempregorj.com.br\\\/\"},{\"@type\":\"ListItem\",\"position\":2,\"name\":\"Vagas de Emprego Nacionais\",\"item\":\"https:\\\/\\\/www.vagadeempregorj.com.br\\\/vagas-de-emprego-nacionais\\\/\"},{\"@type\":\"ListItem\",\"position\":3,\"name\":\"Cimed: 104 vagas de emprego abertas pelo pa\u00eds\"}]},{\"@type\":\"WebSite\",\"@id\":\"https:\\\/\\\/www.vagadeempregorj.com.br\\\/#website\",\"url\":\"https:\\\/\\\/www.vagadeempregorj.com.br\\\/\",\"name\":\"\",\"description\":\"Conquiste Sonhos: Vagas, Benef\u00edcios e Economia para Transformar Vidas e Alcan\u00e7ar Melhorias Cotidianas\",\"potentialAction\":[{\"@type\":\"SearchAction\",\"target\":{\"@type\":\"EntryPoint\",\"urlTemplate\":\"https:\\\/\\\/www.vagadeempregorj.com.br\\\/?s={search_term_string}\"},\"query-input\":{\"@type\":\"PropertyValueSpecification\",\"valueRequired\":true,\"valueName\":\"search_term_string\"}}],\"inLanguage\":\"ar\"},{\"@type\":\"Person\",\"@id\":\"https:\\\/\\\/www.vagadeempregorj.com.br\\\/#\\\/schema\\\/person\\\/3ddb19fa0539706786e502152f3aae95\",\"name\":\"Michele\",\"image\":{\"@type\":\"ImageObject\",\"inLanguage\":\"ar\",\"@id\":\"https:\\\/\\\/secure.gravatar.com\\\/avatar\\\/6b0eb9d22841282815e2cd856a0061c45e1761cd54b22e952d98c4746939aa85?s=96&r=g\",\"url\":\"https:\\\/\\\/secure.gravatar.com\\\/avatar\\\/6b0eb9d22841282815e2cd856a0061c45e1761cd54b22e952d98c4746939aa85?s=96&r=g\",\"contentUrl\":\"https:\\\/\\\/secure.gravatar.com\\\/avatar\\\/6b0eb9d22841282815e2cd856a0061c45e1761cd54b22e952d98c4746939aa85?s=96&r=g\",\"caption\":\"Michele\"},\"description\":\"Formada em Letras - Portugu\u00eas\\\/ Ingl\u00eas, e idealizadora do site Escritora de Sucesso, busca expandir o conhecimento de todos com informa\u00e7\u00f5es relevantes sobre diversos assuntos, enquanto redatora. No Vaga de Emprego RJ, traz oportunidades e dicas sobre o mercado de trabalho.\",\"url\":\"https:\\\/\\\/www.vagadeempregorj.com.br\\\/ar\\\/author\\\/michele\\\/\"}]}<\/script>\n<!-- \/ Yoast SEO plugin. -->","yoast_head_json":{"title":"Cimed: 104 vagas de emprego abertas pelo pa\u00eds -","description":"Veja em Vagas de Emprego RJ as vagas de emprego com e sem experi\u00eancia no seu Estado e Regi\u00e3o!","robots":{"index":"index","follow":"follow","max-snippet":"max-snippet:-1","max-image-preview":"max-image-preview:large","max-video-preview":"max-video-preview:-1"},"canonical":"https:\/\/www.vagadeempregorj.com.br\/ar\/cimed-104-vagas-de-emprego-abertas-pelo-pais\/","og_locale":"ar_AR","og_type":"article","og_title":"Cimed: 104 vagas de emprego abertas pelo pa\u00eds -","og_description":"Veja em Vagas de Emprego RJ as vagas de emprego com e sem experi\u00eancia no seu Estado e Regi\u00e3o!","og_url":"https:\/\/www.vagadeempregorj.com.br\/ar\/cimed-104-vagas-de-emprego-abertas-pelo-pais\/","article_publisher":"https:\/\/www.facebook.com\/empregobrasiloficial","article_published_time":"2025-02-23T09:00:00+00:00","og_image":[{"width":1024,"height":682,"url":"https:\/\/www.vagadeempregorj.com.br\/wp-content\/uploads\/2025\/02\/image-30.png","type":"image\/png"}],"author":"Michele","twitter_card":"summary_large_image","twitter_misc":{"Written by":"Michele","Est. reading time":"3 \u062f\u0642\u0627\u0626\u0642"},"schema":{"@context":"https:\/\/schema.org","@graph":[{"@type":"Article","@id":"https:\/\/www.vagadeempregorj.com.br\/cimed-104-vagas-de-emprego-abertas-pelo-pais\/#article","isPartOf":{"@id":"https:\/\/www.vagadeempregorj.com.br\/cimed-104-vagas-de-emprego-abertas-pelo-pais\/"},"author":{"name":"Michele","@id":"https:\/\/www.vagadeempregorj.com.br\/#\/schema\/person\/3ddb19fa0539706786e502152f3aae95"},"headline":"Cimed: 104 vagas de emprego abertas pelo pa\u00eds","datePublished":"2025-02-23T09:00:00+00:00","mainEntityOfPage":{"@id":"https:\/\/www.vagadeempregorj.com.br\/cimed-104-vagas-de-emprego-abertas-pelo-pais\/"},"wordCount":650,"image":{"@id":"https:\/\/www.vagadeempregorj.com.br\/cimed-104-vagas-de-emprego-abertas-pelo-pais\/#primaryimage"},"thumbnailUrl":"https:\/\/www.vagadeempregorj.com.br\/wp-content\/uploads\/2025\/02\/image-30.png","articleSection":["Vagas de Emprego Nacionais"],"inLanguage":"ar"},{"@type":"WebPage","@id":"https:\/\/www.vagadeempregorj.com.br\/cimed-104-vagas-de-emprego-abertas-pelo-pais\/","url":"https:\/\/www.vagadeempregorj.com.br\/cimed-104-vagas-de-emprego-abertas-pelo-pais\/","name":"Cimed: 104 vagas de emprego abertas pelo pa\u00eds -","isPartOf":{"@id":"https:\/\/www.vagadeempregorj.com.br\/#website"},"primaryImageOfPage":{"@id":"https:\/\/www.vagadeempregorj.com.br\/cimed-104-vagas-de-emprego-abertas-pelo-pais\/#primaryimage"},"image":{"@id":"https:\/\/www.vagadeempregorj.com.br\/cimed-104-vagas-de-emprego-abertas-pelo-pais\/#primaryimage"},"thumbnailUrl":"https:\/\/www.vagadeempregorj.com.br\/wp-content\/uploads\/2025\/02\/image-30.png","datePublished":"2025-02-23T09:00:00+00:00","author":{"@id":"https:\/\/www.vagadeempregorj.com.br\/#\/schema\/person\/3ddb19fa0539706786e502152f3aae95"},"description":"Veja em Vagas de Emprego RJ as vagas de emprego com e sem experi\u00eancia no seu Estado e Regi\u00e3o!","breadcrumb":{"@id":"https:\/\/www.vagadeempregorj.com.br\/cimed-104-vagas-de-emprego-abertas-pelo-pais\/#breadcrumb"},"inLanguage":"ar","potentialAction":[{"@type":"ReadAction","target":["https:\/\/www.vagadeempregorj.com.br\/cimed-104-vagas-de-emprego-abertas-pelo-pais\/"]}]},{"@type":"ImageObject","inLanguage":"ar","@id":"https:\/\/www.vagadeempregorj.com.br\/cimed-104-vagas-de-emprego-abertas-pelo-pais\/#primaryimage","url":"https:\/\/www.vagadeempregorj.com.br\/wp-content\/uploads\/2025\/02\/image-30.png","contentUrl":"https:\/\/www.vagadeempregorj.com.br\/wp-content\/uploads\/2025\/02\/image-30.png","width":1024,"height":682},{"@type":"BreadcrumbList","@id":"https:\/\/www.vagadeempregorj.com.br\/cimed-104-vagas-de-emprego-abertas-pelo-pais\/#breadcrumb","itemListElement":[{"@type":"ListItem","position":1,"name":"In\u00edcio","item":"https:\/\/www.vagadeempregorj.com.br\/"},{"@type":"ListItem","position":2,"name":"Vagas de Emprego Nacionais","item":"https:\/\/www.vagadeempregorj.com.br\/vagas-de-emprego-nacionais\/"},{"@type":"ListItem","position":3,"name":"Cimed: 104 vagas de emprego abertas pelo pa\u00eds"}]},{"@type":"WebSite","@id":"https:\/\/www.vagadeempregorj.com.br\/#website","url":"https:\/\/www.vagadeempregorj.com.br\/","name":"","description":"Conquiste Sonhos: Vagas, Benef\u00edcios e Economia para Transformar Vidas e Alcan\u00e7ar Melhorias Cotidianas","potentialAction":[{"@type":"SearchAction","target":{"@type":"EntryPoint","urlTemplate":"https:\/\/www.vagadeempregorj.com.br\/?s={search_term_string}"},"query-input":{"@type":"PropertyValueSpecification","valueRequired":true,"valueName":"search_term_string"}}],"inLanguage":"ar"},{"@type":"Person","@id":"https:\/\/www.vagadeempregorj.com.br\/#\/schema\/person\/3ddb19fa0539706786e502152f3aae95","name":"Michele","image":{"@type":"ImageObject","inLanguage":"ar","@id":"https:\/\/secure.gravatar.com\/avatar\/6b0eb9d22841282815e2cd856a0061c45e1761cd54b22e952d98c4746939aa85?s=96&r=g","url":"https:\/\/secure.gravatar.com\/avatar\/6b0eb9d22841282815e2cd856a0061c45e1761cd54b22e952d98c4746939aa85?s=96&r=g","contentUrl":"https:\/\/secure.gravatar.com\/avatar\/6b0eb9d22841282815e2cd856a0061c45e1761cd54b22e952d98c4746939aa85?s=96&r=g","caption":"Michele"},"description":"Formada em Letras - Portugu\u00eas\/ Ingl\u00eas, e idealizadora do site Escritora de Sucesso, busca expandir o conhecimento de todos com informa\u00e7\u00f5es relevantes sobre diversos assuntos, enquanto redatora. No Vaga de Emprego RJ, traz oportunidades e dicas sobre o mercado de trabalho.","url":"https:\/\/www.vagadeempregorj.com.br\/ar\/author\/michele\/"}]}},"_links":{"self":[{"href":"https:\/\/www.vagadeempregorj.com.br\/ar\/wp-json\/wp\/v2\/posts\/42605","targetHints":{"allow":["GET"]}}],"collection":[{"href":"https:\/\/www.vagadeempregorj.com.br\/ar\/wp-json\/wp\/v2\/posts"}],"about":[{"href":"https:\/\/www.vagadeempregorj.com.br\/ar\/wp-json\/wp\/v2\/types\/post"}],"author":[{"embeddable":true,"href":"https:\/\/www.vagadeempregorj.com.br\/ar\/wp-json\/wp\/v2\/users\/16"}],"replies":[{"embeddable":true,"href":"https:\/\/www.vagadeempregorj.com.br\/ar\/wp-json\/wp\/v2\/comments?post=42605"}],"version-history":[{"count":0,"href":"https:\/\/www.vagadeempregorj.com.br\/ar\/wp-json\/wp\/v2\/posts\/42605\/revisions"}],"wp:featuredmedia":[{"embeddable":true,"href":"https:\/\/www.vagadeempregorj.com.br\/ar\/wp-json\/wp\/v2\/media\/42621"}],"wp:attachment":[{"href":"https:\/\/www.vagadeempregorj.com.br\/ar\/wp-json\/wp\/v2\/media?parent=42605"}],"wp:term":[{"taxonomy":"category","embeddable":true,"href":"https:\/\/www.vagadeempregorj.com.br\/ar\/wp-json\/wp\/v2\/categories?post=42605"},{"taxonomy":"post_tag","embeddable":true,"href":"https:\/\/www.vagadeempregorj.com.br\/ar\/wp-json\/wp\/v2\/tags?post=42605"}],"curies":[{"name":"wp","href":"https:\/\/api.w.org\/{rel}","templated":true}]}}