{"id":42611,"date":"2025-02-26T06:00:00","date_gmt":"2025-02-26T09:00:00","guid":{"rendered":"https:\/\/www.vagadeempregorj.com.br\/?p=42611"},"modified":"2025-02-18T17:26:51","modified_gmt":"2025-02-18T20:26:51","slug":"spani-atacadista-129-vagas-de-emprego-pelo-pais","status":"publish","type":"post","link":"https:\/\/www.vagadeempregorj.com.br\/ar\/spani-atacadista-129-vagas-de-emprego-pelo-pais\/","title":{"rendered":"Spani Atacadista: 129 vagas de emprego pelo pa\u00eds"},"content":{"rendered":"<p>A <strong>Spani Atacadista<\/strong>, uma das maiores redes de atacado do Brasil, est\u00e1 com 129 vagas abertas em diversas partes do pa\u00eds. Isso significa que muitas pessoas ter\u00e3o a chance de se inserir em um ambiente din\u00e2mico e com bastante espa\u00e7o para crescimento profissional.<\/p>\n\n\n\n<p>Voc\u00ea j\u00e1 deve saber que o mercado de trabalho est\u00e1 cada vez mais competitivo. Mas a verdade \u00e9 que, quando surge uma chance como essa, com um n\u00famero expressivo de vagas, \u00e9 hora de aproveitar.&nbsp;<\/p>\n\n\n\n<figure class=\"wp-block-image size-large\"><img loading=\"lazy\" decoding=\"async\" width=\"1024\" height=\"546\" src=\"https:\/\/www.vagadeempregorj.com.br\/wp-content\/uploads\/2025\/02\/image-33-1024x546.png\" alt=\"\" class=\"wp-image-42624\" srcset=\"https:\/\/www.vagadeempregorj.com.br\/wp-content\/uploads\/2025\/02\/image-33-1024x546.png 1024w, https:\/\/www.vagadeempregorj.com.br\/wp-content\/uploads\/2025\/02\/image-33-300x160.png 300w, https:\/\/www.vagadeempregorj.com.br\/wp-content\/uploads\/2025\/02\/image-33-768x410.png 768w, https:\/\/www.vagadeempregorj.com.br\/wp-content\/uploads\/2025\/02\/image-33-150x80.png 150w, https:\/\/www.vagadeempregorj.com.br\/wp-content\/uploads\/2025\/02\/image-33.png 1200w\" sizes=\"auto, (max-width: 1024px) 100vw, 1024px\" \/><\/figure>\n\n\n\n<h2 class=\"wp-block-heading\">Quais s\u00e3o as oportunidades de carreira na Spani Atacadista?<\/h2>\n\n\n\n<p>A Spani Atacadista tem um portf\u00f3lio diversificado de vagas. De norte a sul do Brasil, a rede de atacado est\u00e1 \u00e0 procura de profissionais para preencher fun\u00e7\u00f5es em diferentes setores, com o objetivo de expandir e consolidar sua opera\u00e7\u00e3o.&nbsp;<\/p>\n\n\n\n<p>Se voc\u00ea tem o desejo de crescer dentro de uma empresa s\u00f3lida e com uma vis\u00e3o de futuro, aqui est\u00e3o algumas op\u00e7\u00f5es que podem te interessar.<\/p>\n\n\n\n<h3 class=\"wp-block-heading\">Operador de caixa<\/h3>\n\n\n\n<p>O operador de caixa \u00e9 uma das fun\u00e7\u00f5es mais procuradas no mercado de atacado e varejo. O profissional dessa \u00e1rea \u00e9 respons\u00e1vel pelo atendimento ao cliente, pela realiza\u00e7\u00e3o de opera\u00e7\u00f5es de pagamento e pela organiza\u00e7\u00e3o do ambiente de caixa. Quem se destaca por ser \u00e1gil, prestativo e com excelente comunica\u00e7\u00e3o, pode se encaixar bem nesse cargo.<\/p>\n\n\n\n<h3 class=\"wp-block-heading\">Repositor de mercadorias<\/h3>\n\n\n\n<p>Como repositor de mercadorias, o profissional tem a responsabilidade de garantir que as prateleiras estejam sempre abastecidas, de forma organizada e vis\u00edvel para o cliente. A fun\u00e7\u00e3o exige aten\u00e7\u00e3o aos detalhes, proatividade e, claro, gosto por trabalhar em equipe.<\/p>\n\n\n\n<h3 class=\"wp-block-heading\">Auxiliar de loja<\/h3>\n\n\n\n<p>Se voc\u00ea tem perfil para lidar com o atendimento ao cliente e organiza\u00e7\u00e3o do espa\u00e7o, ser auxiliar de loja no Spani Atacadista pode ser uma excelente escolha. Esse profissional ajuda nas atividades cotidianas da loja, organiza mercadorias e d\u00e1 suporte nas diversas demandas do setor de vendas.<\/p>\n\n\n\n<h3 class=\"wp-block-heading\">Supervisores e Gerentes<\/h3>\n\n\n\n<p>Oportunidades tamb\u00e9m existem para quem busca cargos de lideran\u00e7a. Supervisores e gerentes s\u00e3o respons\u00e1veis pela coordena\u00e7\u00e3o das equipes de loja, pela organiza\u00e7\u00e3o das atividades di\u00e1rias e pelo bom andamento de todas as opera\u00e7\u00f5es.&nbsp;<\/p>\n\n\n\n<p>Al\u00e9m disso, a gest\u00e3o de indicadores de desempenho e a entrega de resultados s\u00e3o fun\u00e7\u00f5es essenciais para quem almeja esse tipo de posi\u00e7\u00e3o.<\/p>\n\n\n\n<h3 class=\"wp-block-heading\">Operador de empilhadeira<\/h3>\n\n\n\n<p>Se voc\u00ea tem experi\u00eancia com opera\u00e7\u00e3o de empilhadeiras ou deseja aprender, essa pode ser a chance. O operador de empilhadeira \u00e9 essencial para a movimenta\u00e7\u00e3o das mercadorias dentro do centro de distribui\u00e7\u00e3o e da loja. A fun\u00e7\u00e3o exige aten\u00e7\u00e3o \u00e0 seguran\u00e7a e organiza\u00e7\u00e3o, al\u00e9m da habilidade de manusear o equipamento com efici\u00eancia.<\/p>\n\n\n\n<h3 class=\"wp-block-heading\">Vendedores<\/h3>\n\n\n\n<p>N\u00e3o menos importante, os vendedores do Spani Atacadista s\u00e3o aqueles que garantem que a experi\u00eancia do cliente seja satisfat\u00f3ria. Atender com cordialidade, entender as necessidades dos consumidores e manter-se atualizado sobre os produtos e promo\u00e7\u00f5es s\u00e3o atividades primordiais.&nbsp;<\/p>\n\n\n\n<p>Para quem tem perfil de comunica\u00e7\u00e3o e gosta de estar em contato direto com o p\u00fablico, essa vaga \u00e9 ideal.<\/p>\n\n\n\n<p>Esses s\u00e3o apenas alguns dos exemplos das oportunidades oferecidas pela rede. A variedade de fun\u00e7\u00f5es \u00e9 um reflexo da diversidade de opera\u00e7\u00f5es, que vai al\u00e9m da simples venda e busca constantemente a excel\u00eancia no atendimento ao cliente.<\/p>\n\n\n\n<h2 class=\"wp-block-heading\">Como se candidatar?<\/h2>\n\n\n\n<p>Agora que voc\u00ea j\u00e1 sabe sobre as oportunidades, deve estar se perguntando como dar o pr\u00f3ximo passo para garantir uma chance de entrar nesse time. A boa not\u00edcia \u00e9 que o processo de candidatura \u00e9 simples e pode ser feito de maneira online. Ent\u00e3o, se voc\u00ea est\u00e1 pronto para aproveitar essa chance, siga os passos abaixo:<\/p>\n\n\n\n<ul class=\"wp-block-list\">\n<li><strong>Copie e cole o endere\u00e7o<\/strong>: Acesse o site de recrutamento. Copie o endere\u00e7o abaixo e cole diretamente na barra de endere\u00e7os do seu navegador: <strong>https:\/\/spani.gupy.io\/<\/strong><\/li>\n\n\n\n<li><strong>Acesse a p\u00e1gina de oportunidades<\/strong>: Ao entrar na p\u00e1gina, voc\u00ea encontrar\u00e1 uma lista das vagas dispon\u00edveis. S\u00e3o muitas op\u00e7\u00f5es, ent\u00e3o, com certeza, voc\u00ea encontrar\u00e1 algo que se encaixa no seu perfil.<\/li>\n\n\n\n<li><strong>Encontre a vaga ideal<\/strong>: Navegue pelas vagas e descubra qual delas se encaixa melhor nas suas habilidades e expectativas. O processo \u00e9 bem simples, e todas as informa\u00e7\u00f5es estar\u00e3o dispon\u00edveis para voc\u00ea.<\/li>\n\n\n\n<li><strong>Fa\u00e7a seu cadastro e envie seu curr\u00edculo<\/strong>: Depois de encontrar a vaga que mais te interessa, o pr\u00f3ximo passo \u00e9 cadastrar suas informa\u00e7\u00f5es e enviar seu curr\u00edculo.<\/li>\n\n\n\n<li><strong>Aguarde o retorno<\/strong>: Ap\u00f3s enviar sua candidatura, \u00e9 s\u00f3 aguardar o retorno. Se o seu perfil for selecionado, voc\u00ea ser\u00e1 convocado para uma entrevista, onde poder\u00e1 detalhar ainda mais suas experi\u00eancias e mostrar porque voc\u00ea \u00e9 a pessoa certa para a vaga.<\/li>\n<\/ul>\n\n\n\n<p>O processo \u00e9 100% online, sem complica\u00e7\u00e3o. O que importa \u00e9 se inscrever nas vagas com aten\u00e7\u00e3o aos requisitos exigidos e preparar seu curr\u00edculo com informa\u00e7\u00f5es claras e objetivas.<\/p>\n\n\n\n<p><strong>Veja tamb\u00e9m: <a href=\"https:\/\/www.vagadeempregorj.com.br\/ar\/grupo-lider-64-vagas-de-emprego-pelo-pais\/\">Grupo Lider: 64 vagas de emprego pelo pa\u00eds<\/a><\/strong><\/p>\n\n\n\n<p>26 de fevereiro de 2025<\/p>","protected":false},"excerpt":{"rendered":"<p>A Spani Atacadista, uma das maiores redes de atacado do Brasil, est\u00e1 com 129 vagas abertas em diversas partes do pa\u00eds. Isso significa que muitas pessoas ter\u00e3o a chance de se inserir em um ambiente din\u00e2mico e com bastante espa\u00e7o para crescimento profissional. Voc\u00ea j\u00e1 deve saber que o mercado de trabalho est\u00e1 cada vez&hellip;&nbsp;<\/p>","protected":false},"author":16,"featured_media":42624,"comment_status":"closed","ping_status":"closed","sticky":false,"template":"","format":"standard","meta":{"neve_meta_sidebar":"","neve_meta_container":"","neve_meta_enable_content_width":"","neve_meta_content_width":0,"neve_meta_title_alignment":"","neve_meta_author_avatar":"","neve_post_elements_order":"","neve_meta_disable_header":"","neve_meta_disable_footer":"","neve_meta_disable_title":"","footnotes":""},"categories":[123],"tags":[],"class_list":["post-42611","post","type-post","status-publish","format-standard","has-post-thumbnail","hentry","category-vagas-de-emprego-nacionais"],"yoast_head":"<!-- This site is optimized with the Yoast SEO plugin v27.5 - https:\/\/yoast.com\/product\/yoast-seo-wordpress\/ -->\n<title>Spani Atacadista: 129 vagas de emprego pelo pa\u00eds -<\/title>\n<meta name=\"description\" content=\"Veja em Vagas de Emprego RJ as vagas de emprego com e sem experi\u00eancia no seu Estado e Regi\u00e3o!\" \/>\n<meta name=\"robots\" content=\"index, follow, max-snippet:-1, max-image-preview:large, max-video-preview:-1\" \/>\n<link rel=\"canonical\" href=\"https:\/\/www.vagadeempregorj.com.br\/ar\/spani-atacadista-129-vagas-de-emprego-pelo-pais\/\" \/>\n<meta property=\"og:locale\" content=\"ar_AR\" \/>\n<meta property=\"og:type\" content=\"article\" \/>\n<meta property=\"og:title\" content=\"Spani Atacadista: 129 vagas de emprego pelo pa\u00eds -\" \/>\n<meta property=\"og:description\" content=\"Veja em Vagas de Emprego RJ as vagas de emprego com e sem experi\u00eancia no seu Estado e Regi\u00e3o!\" \/>\n<meta property=\"og:url\" content=\"https:\/\/www.vagadeempregorj.com.br\/ar\/spani-atacadista-129-vagas-de-emprego-pelo-pais\/\" \/>\n<meta property=\"article:publisher\" content=\"https:\/\/www.facebook.com\/empregobrasiloficial\" \/>\n<meta property=\"article:published_time\" content=\"2025-02-26T09:00:00+00:00\" \/>\n<meta property=\"og:image\" content=\"https:\/\/www.vagadeempregorj.com.br\/wp-content\/uploads\/2025\/02\/image-33.png\" \/>\n\t<meta property=\"og:image:width\" content=\"1200\" \/>\n\t<meta property=\"og:image:height\" content=\"640\" \/>\n\t<meta property=\"og:image:type\" content=\"image\/png\" \/>\n<meta name=\"author\" content=\"Michele\" \/>\n<meta name=\"twitter:card\" content=\"summary_large_image\" \/>\n<meta name=\"twitter:label1\" content=\"Written by\" \/>\n\t<meta name=\"twitter:data1\" content=\"Michele\" \/>\n\t<meta name=\"twitter:label2\" content=\"Est. reading time\" \/>\n\t<meta name=\"twitter:data2\" content=\"4 \u062f\u0642\u0627\u0626\u0642\" \/>\n<script type=\"application\/ld+json\" class=\"yoast-schema-graph\">{\"@context\":\"https:\\\/\\\/schema.org\",\"@graph\":[{\"@type\":\"Article\",\"@id\":\"https:\\\/\\\/www.vagadeempregorj.com.br\\\/spani-atacadista-129-vagas-de-emprego-pelo-pais\\\/#article\",\"isPartOf\":{\"@id\":\"https:\\\/\\\/www.vagadeempregorj.com.br\\\/spani-atacadista-129-vagas-de-emprego-pelo-pais\\\/\"},\"author\":{\"name\":\"Michele\",\"@id\":\"https:\\\/\\\/www.vagadeempregorj.com.br\\\/#\\\/schema\\\/person\\\/3ddb19fa0539706786e502152f3aae95\"},\"headline\":\"Spani Atacadista: 129 vagas de emprego pelo pa\u00eds\",\"datePublished\":\"2025-02-26T09:00:00+00:00\",\"mainEntityOfPage\":{\"@id\":\"https:\\\/\\\/www.vagadeempregorj.com.br\\\/spani-atacadista-129-vagas-de-emprego-pelo-pais\\\/\"},\"wordCount\":854,\"image\":{\"@id\":\"https:\\\/\\\/www.vagadeempregorj.com.br\\\/spani-atacadista-129-vagas-de-emprego-pelo-pais\\\/#primaryimage\"},\"thumbnailUrl\":\"https:\\\/\\\/www.vagadeempregorj.com.br\\\/wp-content\\\/uploads\\\/2025\\\/02\\\/image-33.png\",\"articleSection\":[\"Vagas de Emprego Nacionais\"],\"inLanguage\":\"ar\"},{\"@type\":\"WebPage\",\"@id\":\"https:\\\/\\\/www.vagadeempregorj.com.br\\\/spani-atacadista-129-vagas-de-emprego-pelo-pais\\\/\",\"url\":\"https:\\\/\\\/www.vagadeempregorj.com.br\\\/spani-atacadista-129-vagas-de-emprego-pelo-pais\\\/\",\"name\":\"Spani Atacadista: 129 vagas de emprego pelo pa\u00eds -\",\"isPartOf\":{\"@id\":\"https:\\\/\\\/www.vagadeempregorj.com.br\\\/#website\"},\"primaryImageOfPage\":{\"@id\":\"https:\\\/\\\/www.vagadeempregorj.com.br\\\/spani-atacadista-129-vagas-de-emprego-pelo-pais\\\/#primaryimage\"},\"image\":{\"@id\":\"https:\\\/\\\/www.vagadeempregorj.com.br\\\/spani-atacadista-129-vagas-de-emprego-pelo-pais\\\/#primaryimage\"},\"thumbnailUrl\":\"https:\\\/\\\/www.vagadeempregorj.com.br\\\/wp-content\\\/uploads\\\/2025\\\/02\\\/image-33.png\",\"datePublished\":\"2025-02-26T09:00:00+00:00\",\"author\":{\"@id\":\"https:\\\/\\\/www.vagadeempregorj.com.br\\\/#\\\/schema\\\/person\\\/3ddb19fa0539706786e502152f3aae95\"},\"description\":\"Veja em Vagas de Emprego RJ as vagas de emprego com e sem experi\u00eancia no seu Estado e Regi\u00e3o!\",\"breadcrumb\":{\"@id\":\"https:\\\/\\\/www.vagadeempregorj.com.br\\\/spani-atacadista-129-vagas-de-emprego-pelo-pais\\\/#breadcrumb\"},\"inLanguage\":\"ar\",\"potentialAction\":[{\"@type\":\"ReadAction\",\"target\":[\"https:\\\/\\\/www.vagadeempregorj.com.br\\\/spani-atacadista-129-vagas-de-emprego-pelo-pais\\\/\"]}]},{\"@type\":\"ImageObject\",\"inLanguage\":\"ar\",\"@id\":\"https:\\\/\\\/www.vagadeempregorj.com.br\\\/spani-atacadista-129-vagas-de-emprego-pelo-pais\\\/#primaryimage\",\"url\":\"https:\\\/\\\/www.vagadeempregorj.com.br\\\/wp-content\\\/uploads\\\/2025\\\/02\\\/image-33.png\",\"contentUrl\":\"https:\\\/\\\/www.vagadeempregorj.com.br\\\/wp-content\\\/uploads\\\/2025\\\/02\\\/image-33.png\",\"width\":1200,\"height\":640,\"caption\":\"Spani Atacadista\"},{\"@type\":\"BreadcrumbList\",\"@id\":\"https:\\\/\\\/www.vagadeempregorj.com.br\\\/spani-atacadista-129-vagas-de-emprego-pelo-pais\\\/#breadcrumb\",\"itemListElement\":[{\"@type\":\"ListItem\",\"position\":1,\"name\":\"In\u00edcio\",\"item\":\"https:\\\/\\\/www.vagadeempregorj.com.br\\\/\"},{\"@type\":\"ListItem\",\"position\":2,\"name\":\"Vagas de Emprego Nacionais\",\"item\":\"https:\\\/\\\/www.vagadeempregorj.com.br\\\/vagas-de-emprego-nacionais\\\/\"},{\"@type\":\"ListItem\",\"position\":3,\"name\":\"Spani Atacadista: 129 vagas de emprego pelo pa\u00eds\"}]},{\"@type\":\"WebSite\",\"@id\":\"https:\\\/\\\/www.vagadeempregorj.com.br\\\/#website\",\"url\":\"https:\\\/\\\/www.vagadeempregorj.com.br\\\/\",\"name\":\"\",\"description\":\"Conquiste Sonhos: Vagas, Benef\u00edcios e Economia para Transformar Vidas e Alcan\u00e7ar Melhorias Cotidianas\",\"potentialAction\":[{\"@type\":\"SearchAction\",\"target\":{\"@type\":\"EntryPoint\",\"urlTemplate\":\"https:\\\/\\\/www.vagadeempregorj.com.br\\\/?s={search_term_string}\"},\"query-input\":{\"@type\":\"PropertyValueSpecification\",\"valueRequired\":true,\"valueName\":\"search_term_string\"}}],\"inLanguage\":\"ar\"},{\"@type\":\"Person\",\"@id\":\"https:\\\/\\\/www.vagadeempregorj.com.br\\\/#\\\/schema\\\/person\\\/3ddb19fa0539706786e502152f3aae95\",\"name\":\"Michele\",\"image\":{\"@type\":\"ImageObject\",\"inLanguage\":\"ar\",\"@id\":\"https:\\\/\\\/secure.gravatar.com\\\/avatar\\\/6b0eb9d22841282815e2cd856a0061c45e1761cd54b22e952d98c4746939aa85?s=96&r=g\",\"url\":\"https:\\\/\\\/secure.gravatar.com\\\/avatar\\\/6b0eb9d22841282815e2cd856a0061c45e1761cd54b22e952d98c4746939aa85?s=96&r=g\",\"contentUrl\":\"https:\\\/\\\/secure.gravatar.com\\\/avatar\\\/6b0eb9d22841282815e2cd856a0061c45e1761cd54b22e952d98c4746939aa85?s=96&r=g\",\"caption\":\"Michele\"},\"description\":\"Formada em Letras - Portugu\u00eas\\\/ Ingl\u00eas, e idealizadora do site Escritora de Sucesso, busca expandir o conhecimento de todos com informa\u00e7\u00f5es relevantes sobre diversos assuntos, enquanto redatora. No Vaga de Emprego RJ, traz oportunidades e dicas sobre o mercado de trabalho.\",\"url\":\"https:\\\/\\\/www.vagadeempregorj.com.br\\\/ar\\\/author\\\/michele\\\/\"}]}<\/script>\n<!-- \/ Yoast SEO plugin. -->","yoast_head_json":{"title":"Spani Atacadista: 129 vagas de emprego pelo pa\u00eds -","description":"Veja em Vagas de Emprego RJ as vagas de emprego com e sem experi\u00eancia no seu Estado e Regi\u00e3o!","robots":{"index":"index","follow":"follow","max-snippet":"max-snippet:-1","max-image-preview":"max-image-preview:large","max-video-preview":"max-video-preview:-1"},"canonical":"https:\/\/www.vagadeempregorj.com.br\/ar\/spani-atacadista-129-vagas-de-emprego-pelo-pais\/","og_locale":"ar_AR","og_type":"article","og_title":"Spani Atacadista: 129 vagas de emprego pelo pa\u00eds -","og_description":"Veja em Vagas de Emprego RJ as vagas de emprego com e sem experi\u00eancia no seu Estado e Regi\u00e3o!","og_url":"https:\/\/www.vagadeempregorj.com.br\/ar\/spani-atacadista-129-vagas-de-emprego-pelo-pais\/","article_publisher":"https:\/\/www.facebook.com\/empregobrasiloficial","article_published_time":"2025-02-26T09:00:00+00:00","og_image":[{"width":1200,"height":640,"url":"https:\/\/www.vagadeempregorj.com.br\/wp-content\/uploads\/2025\/02\/image-33.png","type":"image\/png"}],"author":"Michele","twitter_card":"summary_large_image","twitter_misc":{"Written by":"Michele","Est. reading time":"4 \u062f\u0642\u0627\u0626\u0642"},"schema":{"@context":"https:\/\/schema.org","@graph":[{"@type":"Article","@id":"https:\/\/www.vagadeempregorj.com.br\/spani-atacadista-129-vagas-de-emprego-pelo-pais\/#article","isPartOf":{"@id":"https:\/\/www.vagadeempregorj.com.br\/spani-atacadista-129-vagas-de-emprego-pelo-pais\/"},"author":{"name":"Michele","@id":"https:\/\/www.vagadeempregorj.com.br\/#\/schema\/person\/3ddb19fa0539706786e502152f3aae95"},"headline":"Spani Atacadista: 129 vagas de emprego pelo pa\u00eds","datePublished":"2025-02-26T09:00:00+00:00","mainEntityOfPage":{"@id":"https:\/\/www.vagadeempregorj.com.br\/spani-atacadista-129-vagas-de-emprego-pelo-pais\/"},"wordCount":854,"image":{"@id":"https:\/\/www.vagadeempregorj.com.br\/spani-atacadista-129-vagas-de-emprego-pelo-pais\/#primaryimage"},"thumbnailUrl":"https:\/\/www.vagadeempregorj.com.br\/wp-content\/uploads\/2025\/02\/image-33.png","articleSection":["Vagas de Emprego Nacionais"],"inLanguage":"ar"},{"@type":"WebPage","@id":"https:\/\/www.vagadeempregorj.com.br\/spani-atacadista-129-vagas-de-emprego-pelo-pais\/","url":"https:\/\/www.vagadeempregorj.com.br\/spani-atacadista-129-vagas-de-emprego-pelo-pais\/","name":"Spani Atacadista: 129 vagas de emprego pelo pa\u00eds -","isPartOf":{"@id":"https:\/\/www.vagadeempregorj.com.br\/#website"},"primaryImageOfPage":{"@id":"https:\/\/www.vagadeempregorj.com.br\/spani-atacadista-129-vagas-de-emprego-pelo-pais\/#primaryimage"},"image":{"@id":"https:\/\/www.vagadeempregorj.com.br\/spani-atacadista-129-vagas-de-emprego-pelo-pais\/#primaryimage"},"thumbnailUrl":"https:\/\/www.vagadeempregorj.com.br\/wp-content\/uploads\/2025\/02\/image-33.png","datePublished":"2025-02-26T09:00:00+00:00","author":{"@id":"https:\/\/www.vagadeempregorj.com.br\/#\/schema\/person\/3ddb19fa0539706786e502152f3aae95"},"description":"Veja em Vagas de Emprego RJ as vagas de emprego com e sem experi\u00eancia no seu Estado e Regi\u00e3o!","breadcrumb":{"@id":"https:\/\/www.vagadeempregorj.com.br\/spani-atacadista-129-vagas-de-emprego-pelo-pais\/#breadcrumb"},"inLanguage":"ar","potentialAction":[{"@type":"ReadAction","target":["https:\/\/www.vagadeempregorj.com.br\/spani-atacadista-129-vagas-de-emprego-pelo-pais\/"]}]},{"@type":"ImageObject","inLanguage":"ar","@id":"https:\/\/www.vagadeempregorj.com.br\/spani-atacadista-129-vagas-de-emprego-pelo-pais\/#primaryimage","url":"https:\/\/www.vagadeempregorj.com.br\/wp-content\/uploads\/2025\/02\/image-33.png","contentUrl":"https:\/\/www.vagadeempregorj.com.br\/wp-content\/uploads\/2025\/02\/image-33.png","width":1200,"height":640,"caption":"Spani Atacadista"},{"@type":"BreadcrumbList","@id":"https:\/\/www.vagadeempregorj.com.br\/spani-atacadista-129-vagas-de-emprego-pelo-pais\/#breadcrumb","itemListElement":[{"@type":"ListItem","position":1,"name":"In\u00edcio","item":"https:\/\/www.vagadeempregorj.com.br\/"},{"@type":"ListItem","position":2,"name":"Vagas de Emprego Nacionais","item":"https:\/\/www.vagadeempregorj.com.br\/vagas-de-emprego-nacionais\/"},{"@type":"ListItem","position":3,"name":"Spani Atacadista: 129 vagas de emprego pelo pa\u00eds"}]},{"@type":"WebSite","@id":"https:\/\/www.vagadeempregorj.com.br\/#website","url":"https:\/\/www.vagadeempregorj.com.br\/","name":"","description":"Conquiste Sonhos: Vagas, Benef\u00edcios e Economia para Transformar Vidas e Alcan\u00e7ar Melhorias Cotidianas","potentialAction":[{"@type":"SearchAction","target":{"@type":"EntryPoint","urlTemplate":"https:\/\/www.vagadeempregorj.com.br\/?s={search_term_string}"},"query-input":{"@type":"PropertyValueSpecification","valueRequired":true,"valueName":"search_term_string"}}],"inLanguage":"ar"},{"@type":"Person","@id":"https:\/\/www.vagadeempregorj.com.br\/#\/schema\/person\/3ddb19fa0539706786e502152f3aae95","name":"Michele","image":{"@type":"ImageObject","inLanguage":"ar","@id":"https:\/\/secure.gravatar.com\/avatar\/6b0eb9d22841282815e2cd856a0061c45e1761cd54b22e952d98c4746939aa85?s=96&r=g","url":"https:\/\/secure.gravatar.com\/avatar\/6b0eb9d22841282815e2cd856a0061c45e1761cd54b22e952d98c4746939aa85?s=96&r=g","contentUrl":"https:\/\/secure.gravatar.com\/avatar\/6b0eb9d22841282815e2cd856a0061c45e1761cd54b22e952d98c4746939aa85?s=96&r=g","caption":"Michele"},"description":"Formada em Letras - Portugu\u00eas\/ Ingl\u00eas, e idealizadora do site Escritora de Sucesso, busca expandir o conhecimento de todos com informa\u00e7\u00f5es relevantes sobre diversos assuntos, enquanto redatora. No Vaga de Emprego RJ, traz oportunidades e dicas sobre o mercado de trabalho.","url":"https:\/\/www.vagadeempregorj.com.br\/ar\/author\/michele\/"}]}},"_links":{"self":[{"href":"https:\/\/www.vagadeempregorj.com.br\/ar\/wp-json\/wp\/v2\/posts\/42611","targetHints":{"allow":["GET"]}}],"collection":[{"href":"https:\/\/www.vagadeempregorj.com.br\/ar\/wp-json\/wp\/v2\/posts"}],"about":[{"href":"https:\/\/www.vagadeempregorj.com.br\/ar\/wp-json\/wp\/v2\/types\/post"}],"author":[{"embeddable":true,"href":"https:\/\/www.vagadeempregorj.com.br\/ar\/wp-json\/wp\/v2\/users\/16"}],"replies":[{"embeddable":true,"href":"https:\/\/www.vagadeempregorj.com.br\/ar\/wp-json\/wp\/v2\/comments?post=42611"}],"version-history":[{"count":0,"href":"https:\/\/www.vagadeempregorj.com.br\/ar\/wp-json\/wp\/v2\/posts\/42611\/revisions"}],"wp:featuredmedia":[{"embeddable":true,"href":"https:\/\/www.vagadeempregorj.com.br\/ar\/wp-json\/wp\/v2\/media\/42624"}],"wp:attachment":[{"href":"https:\/\/www.vagadeempregorj.com.br\/ar\/wp-json\/wp\/v2\/media?parent=42611"}],"wp:term":[{"taxonomy":"category","embeddable":true,"href":"https:\/\/www.vagadeempregorj.com.br\/ar\/wp-json\/wp\/v2\/categories?post=42611"},{"taxonomy":"post_tag","embeddable":true,"href":"https:\/\/www.vagadeempregorj.com.br\/ar\/wp-json\/wp\/v2\/tags?post=42611"}],"curies":[{"name":"wp","href":"https:\/\/api.w.org\/{rel}","templated":true}]}}