{"id":42635,"date":"2025-02-18T17:45:34","date_gmt":"2025-02-18T20:45:34","guid":{"rendered":"https:\/\/www.vagadeempregorj.com.br\/?p=42635"},"modified":"2025-02-18T17:45:35","modified_gmt":"2025-02-18T20:45:35","slug":"pis-vai-acabar-entenda-as-mudancas-e-novas-regras","status":"publish","type":"post","link":"https:\/\/www.vagadeempregorj.com.br\/ar\/pis-vai-acabar-entenda-as-mudancas-e-novas-regras\/","title":{"rendered":"PIS vai acabar? Entenda as mudan\u00e7as e novas regras"},"content":{"rendered":"<p>N\u00e3o, o <strong>PIS <\/strong>n\u00e3o vai acabar, mas est\u00e1 passando por algumas mudan\u00e7as significativas. Essas altera\u00e7\u00f5es t\u00eam gerado muitas d\u00favidas entre os trabalhadores brasileiros, principalmente sobre como isso pode afetar seus direitos e benef\u00edcios.\u00a0<\/p>\n\n\n\n<p>Por isso, \u00e9 importante entender o que est\u00e1 realmente acontecendo com o Programa de Integra\u00e7\u00e3o Social (PIS), quem ainda vai ter direito a ele e o que muda nas novas regras.<\/p>\n\n\n\n<figure class=\"wp-block-image size-full is-resized\"><img loading=\"lazy\" decoding=\"async\" width=\"500\" height=\"282\" src=\"https:\/\/www.vagadeempregorj.com.br\/wp-content\/uploads\/2025\/02\/image-36.png\" alt=\"\" class=\"wp-image-42643\" style=\"width:840px;height:auto\" srcset=\"https:\/\/www.vagadeempregorj.com.br\/wp-content\/uploads\/2025\/02\/image-36.png 500w, https:\/\/www.vagadeempregorj.com.br\/wp-content\/uploads\/2025\/02\/image-36-300x169.png 300w, https:\/\/www.vagadeempregorj.com.br\/wp-content\/uploads\/2025\/02\/image-36-383x215.png 383w, https:\/\/www.vagadeempregorj.com.br\/wp-content\/uploads\/2025\/02\/image-36-150x85.png 150w\" sizes=\"auto, (max-width: 500px) 100vw, 500px\" \/><\/figure>\n\n\n\n<h2 class=\"wp-block-heading\">O que \u00e9 o PIS e por que ele existe?<\/h2>\n\n\n\n<p>O Programa de Integra\u00e7\u00e3o Social (PIS) foi criado com o objetivo de promover a integra\u00e7\u00e3o do trabalhador da iniciativa privada ao desenvolvimento da empresa. O benef\u00edcio, que costuma ser pago anualmente, \u00e9 uma esp\u00e9cie de abono salarial, baseado no tempo de servi\u00e7o e no sal\u00e1rio do trabalhador.&nbsp;<\/p>\n\n\n\n<p>Quando o PIS foi institu\u00eddo, ele tinha uma grande import\u00e2ncia como uma forma de garantir uma renda extra para os trabalhadores com carteira assinada, o que ajudava especialmente nas datas festivas, como o Natal.<\/p>\n\n\n\n<p>Com o passar dos anos, o PIS foi sendo reformulado e alterado, mas sempre com o foco em beneficiar os trabalhadores com sal\u00e1rios mais baixos. Contudo, nos \u00faltimos tempos, muitas especula\u00e7\u00f5es surgiram sobre o fim do PIS e o impacto dessas mudan\u00e7as nos trabalhadores.<\/p>\n\n\n\n<h2 class=\"wp-block-heading\">As mudan\u00e7as recentes no PIS<\/h2>\n\n\n\n<p>Nos \u00faltimos anos, as altera\u00e7\u00f5es no PIS ficaram mais evidentes, e a principal mudan\u00e7a foi a substitui\u00e7\u00e3o do PIS pelo abono salarial pago pela Caixa Econ\u00f4mica Federal. Essa altera\u00e7\u00e3o tem a ver com uma reestrutura\u00e7\u00e3o dos benef\u00edcios e com a tentativa do governo de modernizar e otimizar os processos relacionados ao pagamento de benef\u00edcios trabalhistas.<\/p>\n\n\n\n<p>A principal mudan\u00e7a que pode gerar confus\u00e3o \u00e9 que o PIS deixou de ser pago como uma forma individual de benef\u00edcio e passou a ser administrado de maneira diferente, inclusive com a integra\u00e7\u00e3o com o Programa de Forma\u00e7\u00e3o do Patrim\u00f4nio do Servidor P\u00fablico (PASEP). Em outras palavras, o que antes era uma forma de incentivo direto aos trabalhadores, hoje tem uma administra\u00e7\u00e3o mais centralizada e simplificada.<\/p>\n\n\n\n<h2 class=\"wp-block-heading\">O que vai mudar para os trabalhadores?<\/h2>\n\n\n\n<p>Agora que o PIS foi reformulado, muitos se perguntam: o que vai mudar na pr\u00e1tica para quem tem direito ao benef\u00edcio? A boa not\u00edcia \u00e9 que, apesar da reestrutura\u00e7\u00e3o, muitas das regras permanecem as mesmas. Os trabalhadores ainda t\u00eam direito ao abono salarial, desde que atendam a certos requisitos.<\/p>\n\n\n\n<p>Um ponto importante que mudou \u00e9 a forma como os pagamentos s\u00e3o realizados. Antes, o pagamento do PIS acontecia de maneira individual, e a quantia variava conforme o tempo de servi\u00e7o e o sal\u00e1rio do trabalhador.&nbsp;<\/p>\n\n\n\n<p>Agora, com as novas regras, o pagamento do abono salarial \u00e9 mais padronizado, e as transfer\u00eancias de valores s\u00e3o feitas de forma mais eficiente, o que garante que os trabalhadores recebam o que lhes \u00e9 devido sem tanta burocracia.<\/p>\n\n\n\n<h2 class=\"wp-block-heading\">Quais s\u00e3o as novas regras de pagamento?<\/h2>\n\n\n\n<p>O governo federal determinou que o pagamento do abono salarial seria feito de maneira mais simplificada, mas isso tamb\u00e9m significa que o processo de consulta e de atualiza\u00e7\u00e3o de dados ficou mais digital.<\/p>\n\n\n\n<p>Agora, o trabalhador pode consultar sua situa\u00e7\u00e3o diretamente pelo site da Caixa Econ\u00f4mica Federal, o que facilita o processo e evita filas e aglomera\u00e7\u00f5es. Outra mudan\u00e7a importante \u00e9 que, ao inv\u00e9s de um pagamento de abono com valores diferenciados, o governo passou a adotar um valor fixo para o benef\u00edcio. Esse valor pode ser alterado de acordo com o sal\u00e1rio e o tempo de servi\u00e7o do trabalhador, mas de maneira mais objetiva e menos confusa.<\/p>\n\n\n\n<h2 class=\"wp-block-heading\">Quem vai continuar recebendo?<\/h2>\n\n\n\n<p>A boa not\u00edcia \u00e9 que, mesmo com as mudan\u00e7as, trabalhadores ainda podem ter direito ao PIS, desde que atendam aos seguintes crit\u00e9rios:<\/p>\n\n\n\n<ol class=\"wp-block-list\">\n<li><strong>Estar formalmente registrado<\/strong>: O trabalhador precisa estar com a carteira de trabalho assinada, ou seja, ter v\u00ednculo empregat\u00edcio com uma empresa privada.<\/li>\n\n\n\n<li><strong>Ter recebido at\u00e9 dois sal\u00e1rios m\u00ednimos<\/strong>: O abono salarial continua a ser destinado a quem recebeu uma m\u00e9dia de at\u00e9 dois sal\u00e1rios m\u00ednimos ao longo do ano.<\/li>\n\n\n\n<li><strong>Ter trabalhado ao menos 30 dias no ano-base<\/strong>: Para que o trabalhador tenha direito ao abono salarial, \u00e9 necess\u00e1rio que ele tenha trabalhado pelo menos 30 dias no ano-base.<\/li>\n\n\n\n<li><strong>Estar cadastrado no PIS h\u00e1 pelo menos 5 anos<\/strong>: O trabalhador precisa ter feito o cadastro no PIS com uma certa anteced\u00eancia, para que ele esteja regularizado no sistema.<\/li>\n<\/ol>\n\n\n\n<p>Caso o trabalhador atenda a esses crit\u00e9rios, ele ainda ter\u00e1 direito ao abono salarial, que pode ser retirado durante o ano seguinte, de acordo com o calend\u00e1rio de pagamento estabelecido.<\/p>\n\n\n\n<p>Como vimos, o PIS n\u00e3o est\u00e1 sendo extinto, mas sim reformulado. O abono salarial continua a ser uma das formas mais importantes de apoio ao trabalhador de baixa renda no Brasil.&nbsp;<\/p>\n\n\n\n<p>As novas regras e a centraliza\u00e7\u00e3o do programa visam otimizar os processos e garantir que o pagamento seja mais eficiente e acess\u00edvel. Ent\u00e3o, n\u00e3o se preocupe: o PIS n\u00e3o vai acabar, mas as novas regras exigem que voc\u00ea fique atento para n\u00e3o perder nenhum benef\u00edcio.<\/p>\n\n\n\n<p><strong>Veja tamb\u00e9m: <a href=\"https:\/\/www.vagadeempregorj.com.br\/ar\/bolsa-familia-bloqueado-por-falta-de-atualizacao-o-que-fazer\/\">Bolsa fam\u00edlia bloqueado por falta de atualiza\u00e7\u00e3o, o que fazer<\/a><\/strong><\/p>\n\n\n\n<p>18 de fevereiro de 2025<\/p>","protected":false},"excerpt":{"rendered":"<p>N\u00e3o, o PIS n\u00e3o vai acabar, mas est\u00e1 passando por algumas mudan\u00e7as significativas. Essas altera\u00e7\u00f5es t\u00eam gerado muitas d\u00favidas entre os trabalhadores brasileiros, principalmente sobre como isso pode afetar seus direitos e benef\u00edcios.\u00a0 Por isso, \u00e9 importante entender o que est\u00e1 realmente acontecendo com o Programa de Integra\u00e7\u00e3o Social (PIS), quem ainda vai ter direito&hellip;&nbsp;<\/p>","protected":false},"author":16,"featured_media":42643,"comment_status":"closed","ping_status":"closed","sticky":false,"template":"","format":"standard","meta":{"neve_meta_sidebar":"","neve_meta_container":"","neve_meta_enable_content_width":"","neve_meta_content_width":0,"neve_meta_title_alignment":"","neve_meta_author_avatar":"","neve_post_elements_order":"","neve_meta_disable_header":"","neve_meta_disable_footer":"","neve_meta_disable_title":"","footnotes":""},"categories":[1],"tags":[814],"class_list":["post-42635","post","type-post","status-publish","format-standard","has-post-thumbnail","hentry","category-beneficios-sociais","tag-beneficio-social"],"yoast_head":"<!-- This site is optimized with the Yoast SEO plugin v27.5 - https:\/\/yoast.com\/product\/yoast-seo-wordpress\/ -->\n<title>PIS vai acabar? Entenda as mudan\u00e7as e novas regras -<\/title>\n<meta name=\"description\" content=\"Veja em Vagas de Emprego RJ as vagas de emprego com e sem experi\u00eancia no seu Estado e Regi\u00e3o!\" \/>\n<meta name=\"robots\" content=\"index, follow, max-snippet:-1, max-image-preview:large, max-video-preview:-1\" \/>\n<link rel=\"canonical\" href=\"https:\/\/www.vagadeempregorj.com.br\/ar\/pis-vai-acabar-entenda-as-mudancas-e-novas-regras\/\" \/>\n<meta property=\"og:locale\" content=\"ar_AR\" \/>\n<meta property=\"og:type\" content=\"article\" \/>\n<meta property=\"og:title\" content=\"PIS vai acabar? Entenda as mudan\u00e7as e novas regras -\" \/>\n<meta property=\"og:description\" content=\"Veja em Vagas de Emprego RJ as vagas de emprego com e sem experi\u00eancia no seu Estado e Regi\u00e3o!\" \/>\n<meta property=\"og:url\" content=\"https:\/\/www.vagadeempregorj.com.br\/ar\/pis-vai-acabar-entenda-as-mudancas-e-novas-regras\/\" \/>\n<meta property=\"article:publisher\" content=\"https:\/\/www.facebook.com\/empregobrasiloficial\" \/>\n<meta property=\"article:published_time\" content=\"2025-02-18T20:45:34+00:00\" \/>\n<meta property=\"article:modified_time\" content=\"2025-02-18T20:45:35+00:00\" \/>\n<meta property=\"og:image\" content=\"https:\/\/www.vagadeempregorj.com.br\/wp-content\/uploads\/2025\/02\/image-36.png\" \/>\n\t<meta property=\"og:image:width\" content=\"500\" \/>\n\t<meta property=\"og:image:height\" content=\"282\" \/>\n\t<meta property=\"og:image:type\" content=\"image\/png\" \/>\n<meta name=\"author\" content=\"Michele\" \/>\n<meta name=\"twitter:card\" content=\"summary_large_image\" \/>\n<meta name=\"twitter:label1\" content=\"Written by\" \/>\n\t<meta name=\"twitter:data1\" content=\"Michele\" \/>\n\t<meta name=\"twitter:label2\" content=\"Est. reading time\" \/>\n\t<meta name=\"twitter:data2\" content=\"4 \u062f\u0642\u0627\u0626\u0642\" \/>\n<script type=\"application\/ld+json\" class=\"yoast-schema-graph\">{\"@context\":\"https:\\\/\\\/schema.org\",\"@graph\":[{\"@type\":\"Article\",\"@id\":\"https:\\\/\\\/www.vagadeempregorj.com.br\\\/pis-vai-acabar-entenda-as-mudancas-e-novas-regras\\\/#article\",\"isPartOf\":{\"@id\":\"https:\\\/\\\/www.vagadeempregorj.com.br\\\/pis-vai-acabar-entenda-as-mudancas-e-novas-regras\\\/\"},\"author\":{\"name\":\"Michele\",\"@id\":\"https:\\\/\\\/www.vagadeempregorj.com.br\\\/#\\\/schema\\\/person\\\/3ddb19fa0539706786e502152f3aae95\"},\"headline\":\"PIS vai acabar? Entenda as mudan\u00e7as e novas regras\",\"datePublished\":\"2025-02-18T20:45:34+00:00\",\"dateModified\":\"2025-02-18T20:45:35+00:00\",\"mainEntityOfPage\":{\"@id\":\"https:\\\/\\\/www.vagadeempregorj.com.br\\\/pis-vai-acabar-entenda-as-mudancas-e-novas-regras\\\/\"},\"wordCount\":906,\"image\":{\"@id\":\"https:\\\/\\\/www.vagadeempregorj.com.br\\\/pis-vai-acabar-entenda-as-mudancas-e-novas-regras\\\/#primaryimage\"},\"thumbnailUrl\":\"https:\\\/\\\/www.vagadeempregorj.com.br\\\/wp-content\\\/uploads\\\/2025\\\/02\\\/image-36.png\",\"keywords\":[\"benef\u00edcio social\"],\"articleSection\":[\"Benef\u00edcios Sociais\"],\"inLanguage\":\"ar\"},{\"@type\":\"WebPage\",\"@id\":\"https:\\\/\\\/www.vagadeempregorj.com.br\\\/pis-vai-acabar-entenda-as-mudancas-e-novas-regras\\\/\",\"url\":\"https:\\\/\\\/www.vagadeempregorj.com.br\\\/pis-vai-acabar-entenda-as-mudancas-e-novas-regras\\\/\",\"name\":\"PIS vai acabar? Entenda as mudan\u00e7as e novas regras -\",\"isPartOf\":{\"@id\":\"https:\\\/\\\/www.vagadeempregorj.com.br\\\/#website\"},\"primaryImageOfPage\":{\"@id\":\"https:\\\/\\\/www.vagadeempregorj.com.br\\\/pis-vai-acabar-entenda-as-mudancas-e-novas-regras\\\/#primaryimage\"},\"image\":{\"@id\":\"https:\\\/\\\/www.vagadeempregorj.com.br\\\/pis-vai-acabar-entenda-as-mudancas-e-novas-regras\\\/#primaryimage\"},\"thumbnailUrl\":\"https:\\\/\\\/www.vagadeempregorj.com.br\\\/wp-content\\\/uploads\\\/2025\\\/02\\\/image-36.png\",\"datePublished\":\"2025-02-18T20:45:34+00:00\",\"dateModified\":\"2025-02-18T20:45:35+00:00\",\"author\":{\"@id\":\"https:\\\/\\\/www.vagadeempregorj.com.br\\\/#\\\/schema\\\/person\\\/3ddb19fa0539706786e502152f3aae95\"},\"description\":\"Veja em Vagas de Emprego RJ as vagas de emprego com e sem experi\u00eancia no seu Estado e Regi\u00e3o!\",\"breadcrumb\":{\"@id\":\"https:\\\/\\\/www.vagadeempregorj.com.br\\\/pis-vai-acabar-entenda-as-mudancas-e-novas-regras\\\/#breadcrumb\"},\"inLanguage\":\"ar\",\"potentialAction\":[{\"@type\":\"ReadAction\",\"target\":[\"https:\\\/\\\/www.vagadeempregorj.com.br\\\/pis-vai-acabar-entenda-as-mudancas-e-novas-regras\\\/\"]}]},{\"@type\":\"ImageObject\",\"inLanguage\":\"ar\",\"@id\":\"https:\\\/\\\/www.vagadeempregorj.com.br\\\/pis-vai-acabar-entenda-as-mudancas-e-novas-regras\\\/#primaryimage\",\"url\":\"https:\\\/\\\/www.vagadeempregorj.com.br\\\/wp-content\\\/uploads\\\/2025\\\/02\\\/image-36.png\",\"contentUrl\":\"https:\\\/\\\/www.vagadeempregorj.com.br\\\/wp-content\\\/uploads\\\/2025\\\/02\\\/image-36.png\",\"width\":500,\"height\":282},{\"@type\":\"BreadcrumbList\",\"@id\":\"https:\\\/\\\/www.vagadeempregorj.com.br\\\/pis-vai-acabar-entenda-as-mudancas-e-novas-regras\\\/#breadcrumb\",\"itemListElement\":[{\"@type\":\"ListItem\",\"position\":1,\"name\":\"In\u00edcio\",\"item\":\"https:\\\/\\\/www.vagadeempregorj.com.br\\\/\"},{\"@type\":\"ListItem\",\"position\":2,\"name\":\"Benef\u00edcios Sociais\",\"item\":\"https:\\\/\\\/www.vagadeempregorj.com.br\\\/beneficios-sociais\\\/\"},{\"@type\":\"ListItem\",\"position\":3,\"name\":\"PIS vai acabar? Entenda as mudan\u00e7as e novas regras\"}]},{\"@type\":\"WebSite\",\"@id\":\"https:\\\/\\\/www.vagadeempregorj.com.br\\\/#website\",\"url\":\"https:\\\/\\\/www.vagadeempregorj.com.br\\\/\",\"name\":\"\",\"description\":\"Conquiste Sonhos: Vagas, Benef\u00edcios e Economia para Transformar Vidas e Alcan\u00e7ar Melhorias Cotidianas\",\"potentialAction\":[{\"@type\":\"SearchAction\",\"target\":{\"@type\":\"EntryPoint\",\"urlTemplate\":\"https:\\\/\\\/www.vagadeempregorj.com.br\\\/?s={search_term_string}\"},\"query-input\":{\"@type\":\"PropertyValueSpecification\",\"valueRequired\":true,\"valueName\":\"search_term_string\"}}],\"inLanguage\":\"ar\"},{\"@type\":\"Person\",\"@id\":\"https:\\\/\\\/www.vagadeempregorj.com.br\\\/#\\\/schema\\\/person\\\/3ddb19fa0539706786e502152f3aae95\",\"name\":\"Michele\",\"image\":{\"@type\":\"ImageObject\",\"inLanguage\":\"ar\",\"@id\":\"https:\\\/\\\/secure.gravatar.com\\\/avatar\\\/6b0eb9d22841282815e2cd856a0061c45e1761cd54b22e952d98c4746939aa85?s=96&r=g\",\"url\":\"https:\\\/\\\/secure.gravatar.com\\\/avatar\\\/6b0eb9d22841282815e2cd856a0061c45e1761cd54b22e952d98c4746939aa85?s=96&r=g\",\"contentUrl\":\"https:\\\/\\\/secure.gravatar.com\\\/avatar\\\/6b0eb9d22841282815e2cd856a0061c45e1761cd54b22e952d98c4746939aa85?s=96&r=g\",\"caption\":\"Michele\"},\"description\":\"Formada em Letras - Portugu\u00eas\\\/ Ingl\u00eas, e idealizadora do site Escritora de Sucesso, busca expandir o conhecimento de todos com informa\u00e7\u00f5es relevantes sobre diversos assuntos, enquanto redatora. No Vaga de Emprego RJ, traz oportunidades e dicas sobre o mercado de trabalho.\",\"url\":\"https:\\\/\\\/www.vagadeempregorj.com.br\\\/ar\\\/author\\\/michele\\\/\"}]}<\/script>\n<!-- \/ Yoast SEO plugin. -->","yoast_head_json":{"title":"PIS vai acabar? Entenda as mudan\u00e7as e novas regras -","description":"Veja em Vagas de Emprego RJ as vagas de emprego com e sem experi\u00eancia no seu Estado e Regi\u00e3o!","robots":{"index":"index","follow":"follow","max-snippet":"max-snippet:-1","max-image-preview":"max-image-preview:large","max-video-preview":"max-video-preview:-1"},"canonical":"https:\/\/www.vagadeempregorj.com.br\/ar\/pis-vai-acabar-entenda-as-mudancas-e-novas-regras\/","og_locale":"ar_AR","og_type":"article","og_title":"PIS vai acabar? Entenda as mudan\u00e7as e novas regras -","og_description":"Veja em Vagas de Emprego RJ as vagas de emprego com e sem experi\u00eancia no seu Estado e Regi\u00e3o!","og_url":"https:\/\/www.vagadeempregorj.com.br\/ar\/pis-vai-acabar-entenda-as-mudancas-e-novas-regras\/","article_publisher":"https:\/\/www.facebook.com\/empregobrasiloficial","article_published_time":"2025-02-18T20:45:34+00:00","article_modified_time":"2025-02-18T20:45:35+00:00","og_image":[{"width":500,"height":282,"url":"https:\/\/www.vagadeempregorj.com.br\/wp-content\/uploads\/2025\/02\/image-36.png","type":"image\/png"}],"author":"Michele","twitter_card":"summary_large_image","twitter_misc":{"Written by":"Michele","Est. reading time":"4 \u062f\u0642\u0627\u0626\u0642"},"schema":{"@context":"https:\/\/schema.org","@graph":[{"@type":"Article","@id":"https:\/\/www.vagadeempregorj.com.br\/pis-vai-acabar-entenda-as-mudancas-e-novas-regras\/#article","isPartOf":{"@id":"https:\/\/www.vagadeempregorj.com.br\/pis-vai-acabar-entenda-as-mudancas-e-novas-regras\/"},"author":{"name":"Michele","@id":"https:\/\/www.vagadeempregorj.com.br\/#\/schema\/person\/3ddb19fa0539706786e502152f3aae95"},"headline":"PIS vai acabar? Entenda as mudan\u00e7as e novas regras","datePublished":"2025-02-18T20:45:34+00:00","dateModified":"2025-02-18T20:45:35+00:00","mainEntityOfPage":{"@id":"https:\/\/www.vagadeempregorj.com.br\/pis-vai-acabar-entenda-as-mudancas-e-novas-regras\/"},"wordCount":906,"image":{"@id":"https:\/\/www.vagadeempregorj.com.br\/pis-vai-acabar-entenda-as-mudancas-e-novas-regras\/#primaryimage"},"thumbnailUrl":"https:\/\/www.vagadeempregorj.com.br\/wp-content\/uploads\/2025\/02\/image-36.png","keywords":["benef\u00edcio social"],"articleSection":["Benef\u00edcios Sociais"],"inLanguage":"ar"},{"@type":"WebPage","@id":"https:\/\/www.vagadeempregorj.com.br\/pis-vai-acabar-entenda-as-mudancas-e-novas-regras\/","url":"https:\/\/www.vagadeempregorj.com.br\/pis-vai-acabar-entenda-as-mudancas-e-novas-regras\/","name":"PIS vai acabar? Entenda as mudan\u00e7as e novas regras -","isPartOf":{"@id":"https:\/\/www.vagadeempregorj.com.br\/#website"},"primaryImageOfPage":{"@id":"https:\/\/www.vagadeempregorj.com.br\/pis-vai-acabar-entenda-as-mudancas-e-novas-regras\/#primaryimage"},"image":{"@id":"https:\/\/www.vagadeempregorj.com.br\/pis-vai-acabar-entenda-as-mudancas-e-novas-regras\/#primaryimage"},"thumbnailUrl":"https:\/\/www.vagadeempregorj.com.br\/wp-content\/uploads\/2025\/02\/image-36.png","datePublished":"2025-02-18T20:45:34+00:00","dateModified":"2025-02-18T20:45:35+00:00","author":{"@id":"https:\/\/www.vagadeempregorj.com.br\/#\/schema\/person\/3ddb19fa0539706786e502152f3aae95"},"description":"Veja em Vagas de Emprego RJ as vagas de emprego com e sem experi\u00eancia no seu Estado e Regi\u00e3o!","breadcrumb":{"@id":"https:\/\/www.vagadeempregorj.com.br\/pis-vai-acabar-entenda-as-mudancas-e-novas-regras\/#breadcrumb"},"inLanguage":"ar","potentialAction":[{"@type":"ReadAction","target":["https:\/\/www.vagadeempregorj.com.br\/pis-vai-acabar-entenda-as-mudancas-e-novas-regras\/"]}]},{"@type":"ImageObject","inLanguage":"ar","@id":"https:\/\/www.vagadeempregorj.com.br\/pis-vai-acabar-entenda-as-mudancas-e-novas-regras\/#primaryimage","url":"https:\/\/www.vagadeempregorj.com.br\/wp-content\/uploads\/2025\/02\/image-36.png","contentUrl":"https:\/\/www.vagadeempregorj.com.br\/wp-content\/uploads\/2025\/02\/image-36.png","width":500,"height":282},{"@type":"BreadcrumbList","@id":"https:\/\/www.vagadeempregorj.com.br\/pis-vai-acabar-entenda-as-mudancas-e-novas-regras\/#breadcrumb","itemListElement":[{"@type":"ListItem","position":1,"name":"In\u00edcio","item":"https:\/\/www.vagadeempregorj.com.br\/"},{"@type":"ListItem","position":2,"name":"Benef\u00edcios Sociais","item":"https:\/\/www.vagadeempregorj.com.br\/beneficios-sociais\/"},{"@type":"ListItem","position":3,"name":"PIS vai acabar? Entenda as mudan\u00e7as e novas regras"}]},{"@type":"WebSite","@id":"https:\/\/www.vagadeempregorj.com.br\/#website","url":"https:\/\/www.vagadeempregorj.com.br\/","name":"","description":"Conquiste Sonhos: Vagas, Benef\u00edcios e Economia para Transformar Vidas e Alcan\u00e7ar Melhorias Cotidianas","potentialAction":[{"@type":"SearchAction","target":{"@type":"EntryPoint","urlTemplate":"https:\/\/www.vagadeempregorj.com.br\/?s={search_term_string}"},"query-input":{"@type":"PropertyValueSpecification","valueRequired":true,"valueName":"search_term_string"}}],"inLanguage":"ar"},{"@type":"Person","@id":"https:\/\/www.vagadeempregorj.com.br\/#\/schema\/person\/3ddb19fa0539706786e502152f3aae95","name":"Michele","image":{"@type":"ImageObject","inLanguage":"ar","@id":"https:\/\/secure.gravatar.com\/avatar\/6b0eb9d22841282815e2cd856a0061c45e1761cd54b22e952d98c4746939aa85?s=96&r=g","url":"https:\/\/secure.gravatar.com\/avatar\/6b0eb9d22841282815e2cd856a0061c45e1761cd54b22e952d98c4746939aa85?s=96&r=g","contentUrl":"https:\/\/secure.gravatar.com\/avatar\/6b0eb9d22841282815e2cd856a0061c45e1761cd54b22e952d98c4746939aa85?s=96&r=g","caption":"Michele"},"description":"Formada em Letras - Portugu\u00eas\/ Ingl\u00eas, e idealizadora do site Escritora de Sucesso, busca expandir o conhecimento de todos com informa\u00e7\u00f5es relevantes sobre diversos assuntos, enquanto redatora. No Vaga de Emprego RJ, traz oportunidades e dicas sobre o mercado de trabalho.","url":"https:\/\/www.vagadeempregorj.com.br\/ar\/author\/michele\/"}]}},"_links":{"self":[{"href":"https:\/\/www.vagadeempregorj.com.br\/ar\/wp-json\/wp\/v2\/posts\/42635","targetHints":{"allow":["GET"]}}],"collection":[{"href":"https:\/\/www.vagadeempregorj.com.br\/ar\/wp-json\/wp\/v2\/posts"}],"about":[{"href":"https:\/\/www.vagadeempregorj.com.br\/ar\/wp-json\/wp\/v2\/types\/post"}],"author":[{"embeddable":true,"href":"https:\/\/www.vagadeempregorj.com.br\/ar\/wp-json\/wp\/v2\/users\/16"}],"replies":[{"embeddable":true,"href":"https:\/\/www.vagadeempregorj.com.br\/ar\/wp-json\/wp\/v2\/comments?post=42635"}],"version-history":[{"count":0,"href":"https:\/\/www.vagadeempregorj.com.br\/ar\/wp-json\/wp\/v2\/posts\/42635\/revisions"}],"wp:featuredmedia":[{"embeddable":true,"href":"https:\/\/www.vagadeempregorj.com.br\/ar\/wp-json\/wp\/v2\/media\/42643"}],"wp:attachment":[{"href":"https:\/\/www.vagadeempregorj.com.br\/ar\/wp-json\/wp\/v2\/media?parent=42635"}],"wp:term":[{"taxonomy":"category","embeddable":true,"href":"https:\/\/www.vagadeempregorj.com.br\/ar\/wp-json\/wp\/v2\/categories?post=42635"},{"taxonomy":"post_tag","embeddable":true,"href":"https:\/\/www.vagadeempregorj.com.br\/ar\/wp-json\/wp\/v2\/tags?post=42635"}],"curies":[{"name":"wp","href":"https:\/\/api.w.org\/{rel}","templated":true}]}}