{"id":42655,"date":"2025-03-03T06:00:00","date_gmt":"2025-03-03T09:00:00","guid":{"rendered":"https:\/\/www.vagadeempregorj.com.br\/?p=42655"},"modified":"2025-02-18T19:01:19","modified_gmt":"2025-02-18T22:01:19","slug":"shoulder-138-vagas-de-emprego-abertas-pelo-pais","status":"publish","type":"post","link":"https:\/\/www.vagadeempregorj.com.br\/ar\/shoulder-138-vagas-de-emprego-abertas-pelo-pais\/","title":{"rendered":"Shoulder: 138 vagas de emprego abertas pelo pa\u00eds"},"content":{"rendered":"<p>Se voc\u00ea est\u00e1 em busca de novas oportunidades no mercado de trabalho, tenho uma not\u00edcia que pode te interessar. A <strong>Shoulder<\/strong>, renomada marca de moda feminina, est\u00e1 com 138 vagas de emprego abertas em diversas regi\u00f5es do Brasil. Esta pode ser a chance que voc\u00ea esperava para ingressar em uma empresa din\u00e2mica e em constante crescimento.<\/p>\n\n\n\n<figure class=\"wp-block-image size-full\"><img loading=\"lazy\" decoding=\"async\" width=\"1000\" height=\"750\" src=\"https:\/\/www.vagadeempregorj.com.br\/wp-content\/uploads\/2025\/02\/image-42.png\" alt=\"\" class=\"wp-image-42674\" srcset=\"https:\/\/www.vagadeempregorj.com.br\/wp-content\/uploads\/2025\/02\/image-42.png 1000w, https:\/\/www.vagadeempregorj.com.br\/wp-content\/uploads\/2025\/02\/image-42-300x225.png 300w, https:\/\/www.vagadeempregorj.com.br\/wp-content\/uploads\/2025\/02\/image-42-768x576.png 768w, https:\/\/www.vagadeempregorj.com.br\/wp-content\/uploads\/2025\/02\/image-42-150x113.png 150w\" sizes=\"auto, (max-width: 1000px) 100vw, 1000px\" \/><\/figure>\n\n\n\n<h2 class=\"wp-block-heading\">Quais s\u00e3o as oportunidades de carreira na Shoulder?<\/h2>\n\n\n\n<p>A Shoulder valoriza a diversidade e busca profissionais apaixonados por moda e varejo. As oportunidades abrangem diferentes \u00e1reas e n\u00edveis de experi\u00eancia. Abaixo, destaco algumas das principais fun\u00e7\u00f5es dispon\u00edveis:<\/p>\n\n\n\n<h3 class=\"wp-block-heading\">Vendedor(a) Respons\u00e1vel<\/h3>\n\n\n\n<p>Como Vendedor(a) Respons\u00e1vel, voc\u00ea ser\u00e1 o ponto de refer\u00eancia para a equipe de vendas, garantindo que as metas sejam alcan\u00e7adas e que o atendimento ao cliente seja de excel\u00eancia. Suas principais atribui\u00e7\u00f5es incluem:<\/p>\n\n\n\n<ul class=\"wp-block-list\">\n<li><strong>Consultoria de moda<\/strong>: Auxiliar clientes na escolha de pe\u00e7as, oferecendo sugest\u00f5es de looks que atendam \u00e0s suas necessidades e estilo pessoal.<\/li>\n\n\n\n<li><strong>Fideliza\u00e7\u00e3o de clientes<\/strong>: Manter um relacionamento pr\u00f3ximo com os clientes, utilizando ferramentas digitais para comunica\u00e7\u00e3o e promo\u00e7\u00f5es.<\/li>\n\n\n\n<li><strong>Gest\u00e3o de indicadores<\/strong>: Monitorar e atuar sobre indicadores de desempenho da loja, como taxa de convers\u00e3o e ticket m\u00e9dio.<\/li>\n\n\n\n<li><strong>Visual Merchandising<\/strong>: Assegurar que a exposi\u00e7\u00e3o dos produtos esteja alinhada \u00e0s diretrizes da marca, tornando a loja atraente e convidativa.<\/li>\n<\/ul>\n\n\n\n<p>Para candidatar-se a esta fun\u00e7\u00e3o, \u00e9 necess\u00e1rio possuir experi\u00eancia pr\u00e9via em vendas e ensino m\u00e9dio completo. A empresa oferece benef\u00edcios como uniforme, vale-transporte, vale-alimenta\u00e7\u00e3o, plano de sa\u00fade e descontos em produtos da marca.<\/p>\n\n\n\n<h3 class=\"wp-block-heading\">Analista de Conte\u00fado de Moda Pleno\/S\u00eanior<\/h3>\n\n\n\n<p>Se voc\u00ea tem paix\u00e3o por moda e habilidades em comunica\u00e7\u00e3o, esta posi\u00e7\u00e3o pode ser ideal. O Analista de Conte\u00fado de Moda \u00e9 respons\u00e1vel por:<\/p>\n\n\n\n<ul class=\"wp-block-list\">\n<li><strong>Cria\u00e7\u00e3o de conte\u00fado<\/strong>: Desenvolver materiais que reflitam a identidade da marca e engajem o p\u00fablico-alvo.<\/li>\n\n\n\n<li><strong>Pesquisa de tend\u00eancias<\/strong>: Manter-se atualizado sobre as novidades do setor para produzir conte\u00fados relevantes e inovadores.<\/li>\n\n\n\n<li><strong>Colabora\u00e7\u00e3o com equipes internas<\/strong>: Trabalhar em conjunto com as \u00e1reas de marketing e design para garantir a coer\u00eancia das campanhas.<\/li>\n<\/ul>\n\n\n\n<p>Para esta vaga, \u00e9 desej\u00e1vel forma\u00e7\u00e3o em Moda, Comunica\u00e7\u00e3o ou \u00e1reas correlatas, al\u00e9m de experi\u00eancia na fun\u00e7\u00e3o.<\/p>\n\n\n\n<h3 class=\"wp-block-heading\">Assistente de Customer Experience<\/h3>\n\n\n\n<p>O Assistente de Customer Experience tem como foco garantir que os clientes tenham uma experi\u00eancia positiva e memor\u00e1vel com a marca. Suas responsabilidades incluem:<\/p>\n\n\n\n<ul class=\"wp-block-list\">\n<li><strong>Atendimento ao cliente<\/strong>: Responder d\u00favidas e solucionar problemas atrav\u00e9s de diversos canais de comunica\u00e7\u00e3o.<\/li>\n\n\n\n<li><strong>Monitoramento de feedbacks<\/strong>: Coletar e analisar opini\u00f5es dos clientes para propor melhorias nos processos.<\/li>\n\n\n\n<li><strong>Apoio em campanhas<\/strong>: Auxiliar na implementa\u00e7\u00e3o de a\u00e7\u00f5es que visem aumentar a satisfa\u00e7\u00e3o e fideliza\u00e7\u00e3o dos clientes.<\/li>\n<\/ul>\n\n\n\n<p>Candidatos a esta posi\u00e7\u00e3o devem possuir habilidades de comunica\u00e7\u00e3o, empatia e proatividade.<\/p>\n\n\n\n<h3 class=\"wp-block-heading\">Estoquista<\/h3>\n\n\n\n<p>O Estoquista desempenha um papel crucial na organiza\u00e7\u00e3o e efici\u00eancia da loja. Suas principais fun\u00e7\u00f5es s\u00e3o:<\/p>\n\n\n\n<ul class=\"wp-block-list\">\n<li><strong>Gest\u00e3o de estoque<\/strong>: Receber, conferir e organizar os produtos no estoque, garantindo a disponibilidade para reposi\u00e7\u00e3o.<\/li>\n\n\n\n<li><strong>Controle de invent\u00e1rio<\/strong>: Realizar contagens peri\u00f3dicas e manter o sistema atualizado com as informa\u00e7\u00f5es de entrada e sa\u00edda de mercadorias.<\/li>\n\n\n\n<li><strong>Apoio \u00e0 equipe de vendas<\/strong>: Assegurar que os produtos estejam sempre dispon\u00edveis no sal\u00e3o de vendas, contribuindo para uma melhor experi\u00eancia do cliente.<\/li>\n<\/ul>\n\n\n\n<p>N\u00e3o \u00e9 exigida experi\u00eancia pr\u00e9via para esta fun\u00e7\u00e3o, mas organiza\u00e7\u00e3o e aten\u00e7\u00e3o aos detalhes s\u00e3o essenciais.<\/p>\n\n\n\n<h3 class=\"wp-block-heading\">Analista de Transportes J\u00fanior<\/h3>\n\n\n\n<p>Para quem busca uma oportunidade na \u00e1rea log\u00edstica, a posi\u00e7\u00e3o de Analista de Transportes J\u00fanior envolve:<\/p>\n\n\n\n<ul class=\"wp-block-list\">\n<li><strong>Coordena\u00e7\u00e3o de entregas<\/strong>: Monitorar o fluxo de distribui\u00e7\u00e3o dos produtos, garantindo prazos e qualidade.<\/li>\n\n\n\n<li><strong>Relacionamento com transportadoras<\/strong>: Negociar e acompanhar o desempenho dos parceiros log\u00edsticos.<\/li>\n\n\n\n<li><strong>An\u00e1lise de custos<\/strong>: Controlar despesas relacionadas ao transporte e buscar solu\u00e7\u00f5es para otimiza\u00e7\u00e3o.<\/li>\n<\/ul>\n\n\n\n<p>Forma\u00e7\u00e3o em Log\u00edstica, Administra\u00e7\u00e3o ou \u00e1reas afins \u00e9 recomendada, al\u00e9m de habilidades anal\u00edticas e de negocia\u00e7\u00e3o.<\/p>\n\n\n\n<h2 class=\"wp-block-heading\">Como se candidatar?<\/h2>\n\n\n\n<p>Interessado em fazer parte do time Shoulder? O processo de candidatura \u00e9 simples e pode ser realizado online. Siga os passos abaixo:<\/p>\n\n\n\n<ol class=\"wp-block-list\">\n<li>Acesse o site de carreiras da Shoulder: <strong>https:\/\/shoulder.gupy.io\/<\/strong><\/li>\n\n\n\n<li>Utilize os filtros para encontrar oportunidades que correspondam ao seu perfil e localiza\u00e7\u00e3o.<\/li>\n\n\n\n<li>Clique na posi\u00e7\u00e3o desejada para obter mais detalhes sobre as responsabilidades e requisitos.<\/li>\n\n\n\n<li>Preencha o formul\u00e1rio com suas informa\u00e7\u00f5es pessoais, experi\u00eancia profissional e anexe seu curr\u00edculo atualizado.<\/li>\n\n\n\n<li>Ap\u00f3s revisar todos os dados, confirme o envio e aguarde o contato da equipe de recrutamento.<\/li>\n<\/ol>\n\n\n\n<p>Al\u00e9m das vagas espec\u00edficas, a Shoulder mant\u00e9m um banco de talentos para futuras oportunidades. Caso n\u00e3o encontre uma posi\u00e7\u00e3o que se encaixe no seu perfil no momento, \u00e9 poss\u00edvel cadastrar-se para ser considerado em processos seletivos futuros.<\/p>\n\n\n\n<p>Aproveite esta chance de integrar uma empresa que valoriza seus colaboradores e est\u00e1 em constante expans\u00e3o. Boa sorte em sua candidatura!<\/p>\n\n\n\n<p><strong>Veja tamb\u00e9m: <a href=\"https:\/\/www.vagadeempregorj.com.br\/ar\/grupo-lider-64-vagas-de-emprego-pelo-pais\/\">Grupo Lider: 64 vagas de emprego pelo pa\u00eds<\/a><\/strong><\/p>\n\n\n\n<p>3 de mar\u00e7o de 2025<\/p>","protected":false},"excerpt":{"rendered":"<p>Se voc\u00ea est\u00e1 em busca de novas oportunidades no mercado de trabalho, tenho uma not\u00edcia que pode te interessar. A Shoulder, renomada marca de moda feminina, est\u00e1 com 138 vagas de emprego abertas em diversas regi\u00f5es do Brasil. Esta pode ser a chance que voc\u00ea esperava para ingressar em uma empresa din\u00e2mica e em constante&hellip;&nbsp;<\/p>","protected":false},"author":16,"featured_media":42674,"comment_status":"closed","ping_status":"closed","sticky":false,"template":"","format":"standard","meta":{"neve_meta_sidebar":"","neve_meta_container":"","neve_meta_enable_content_width":"","neve_meta_content_width":0,"neve_meta_title_alignment":"","neve_meta_author_avatar":"","neve_post_elements_order":"","neve_meta_disable_header":"","neve_meta_disable_footer":"","neve_meta_disable_title":"","footnotes":""},"categories":[123],"tags":[],"class_list":["post-42655","post","type-post","status-publish","format-standard","has-post-thumbnail","hentry","category-vagas-de-emprego-nacionais"],"yoast_head":"<!-- This site is optimized with the Yoast SEO plugin v27.5 - https:\/\/yoast.com\/product\/yoast-seo-wordpress\/ -->\n<title>Shoulder: 138 vagas de emprego abertas pelo pa\u00eds -<\/title>\n<meta name=\"description\" content=\"Veja em Vagas de Emprego RJ as vagas de emprego com e sem experi\u00eancia no seu Estado e Regi\u00e3o!\" \/>\n<meta name=\"robots\" content=\"index, follow, max-snippet:-1, max-image-preview:large, max-video-preview:-1\" \/>\n<link rel=\"canonical\" href=\"https:\/\/www.vagadeempregorj.com.br\/ar\/shoulder-138-vagas-de-emprego-abertas-pelo-pais\/\" \/>\n<meta property=\"og:locale\" content=\"ar_AR\" \/>\n<meta property=\"og:type\" content=\"article\" \/>\n<meta property=\"og:title\" content=\"Shoulder: 138 vagas de emprego abertas pelo pa\u00eds -\" \/>\n<meta property=\"og:description\" content=\"Veja em Vagas de Emprego RJ as vagas de emprego com e sem experi\u00eancia no seu Estado e Regi\u00e3o!\" \/>\n<meta property=\"og:url\" content=\"https:\/\/www.vagadeempregorj.com.br\/ar\/shoulder-138-vagas-de-emprego-abertas-pelo-pais\/\" \/>\n<meta property=\"article:publisher\" content=\"https:\/\/www.facebook.com\/empregobrasiloficial\" \/>\n<meta property=\"article:published_time\" content=\"2025-03-03T09:00:00+00:00\" \/>\n<meta property=\"og:image\" content=\"https:\/\/www.vagadeempregorj.com.br\/wp-content\/uploads\/2025\/02\/image-42.png\" \/>\n\t<meta property=\"og:image:width\" content=\"1000\" \/>\n\t<meta property=\"og:image:height\" content=\"750\" \/>\n\t<meta property=\"og:image:type\" content=\"image\/png\" \/>\n<meta name=\"author\" content=\"Michele\" \/>\n<meta name=\"twitter:card\" content=\"summary_large_image\" \/>\n<meta name=\"twitter:label1\" content=\"Written by\" \/>\n\t<meta name=\"twitter:data1\" content=\"Michele\" \/>\n\t<meta name=\"twitter:label2\" content=\"Est. reading time\" \/>\n\t<meta name=\"twitter:data2\" content=\"4 \u062f\u0642\u0627\u0626\u0642\" \/>\n<script type=\"application\/ld+json\" class=\"yoast-schema-graph\">{\"@context\":\"https:\\\/\\\/schema.org\",\"@graph\":[{\"@type\":\"Article\",\"@id\":\"https:\\\/\\\/www.vagadeempregorj.com.br\\\/shoulder-138-vagas-de-emprego-abertas-pelo-pais\\\/#article\",\"isPartOf\":{\"@id\":\"https:\\\/\\\/www.vagadeempregorj.com.br\\\/shoulder-138-vagas-de-emprego-abertas-pelo-pais\\\/\"},\"author\":{\"name\":\"Michele\",\"@id\":\"https:\\\/\\\/www.vagadeempregorj.com.br\\\/#\\\/schema\\\/person\\\/3ddb19fa0539706786e502152f3aae95\"},\"headline\":\"Shoulder: 138 vagas de emprego abertas pelo pa\u00eds\",\"datePublished\":\"2025-03-03T09:00:00+00:00\",\"mainEntityOfPage\":{\"@id\":\"https:\\\/\\\/www.vagadeempregorj.com.br\\\/shoulder-138-vagas-de-emprego-abertas-pelo-pais\\\/\"},\"wordCount\":868,\"image\":{\"@id\":\"https:\\\/\\\/www.vagadeempregorj.com.br\\\/shoulder-138-vagas-de-emprego-abertas-pelo-pais\\\/#primaryimage\"},\"thumbnailUrl\":\"https:\\\/\\\/www.vagadeempregorj.com.br\\\/wp-content\\\/uploads\\\/2025\\\/02\\\/image-42.png\",\"articleSection\":[\"Vagas de Emprego Nacionais\"],\"inLanguage\":\"ar\"},{\"@type\":\"WebPage\",\"@id\":\"https:\\\/\\\/www.vagadeempregorj.com.br\\\/shoulder-138-vagas-de-emprego-abertas-pelo-pais\\\/\",\"url\":\"https:\\\/\\\/www.vagadeempregorj.com.br\\\/shoulder-138-vagas-de-emprego-abertas-pelo-pais\\\/\",\"name\":\"Shoulder: 138 vagas de emprego abertas pelo pa\u00eds -\",\"isPartOf\":{\"@id\":\"https:\\\/\\\/www.vagadeempregorj.com.br\\\/#website\"},\"primaryImageOfPage\":{\"@id\":\"https:\\\/\\\/www.vagadeempregorj.com.br\\\/shoulder-138-vagas-de-emprego-abertas-pelo-pais\\\/#primaryimage\"},\"image\":{\"@id\":\"https:\\\/\\\/www.vagadeempregorj.com.br\\\/shoulder-138-vagas-de-emprego-abertas-pelo-pais\\\/#primaryimage\"},\"thumbnailUrl\":\"https:\\\/\\\/www.vagadeempregorj.com.br\\\/wp-content\\\/uploads\\\/2025\\\/02\\\/image-42.png\",\"datePublished\":\"2025-03-03T09:00:00+00:00\",\"author\":{\"@id\":\"https:\\\/\\\/www.vagadeempregorj.com.br\\\/#\\\/schema\\\/person\\\/3ddb19fa0539706786e502152f3aae95\"},\"description\":\"Veja em Vagas de Emprego RJ as vagas de emprego com e sem experi\u00eancia no seu Estado e Regi\u00e3o!\",\"breadcrumb\":{\"@id\":\"https:\\\/\\\/www.vagadeempregorj.com.br\\\/shoulder-138-vagas-de-emprego-abertas-pelo-pais\\\/#breadcrumb\"},\"inLanguage\":\"ar\",\"potentialAction\":[{\"@type\":\"ReadAction\",\"target\":[\"https:\\\/\\\/www.vagadeempregorj.com.br\\\/shoulder-138-vagas-de-emprego-abertas-pelo-pais\\\/\"]}]},{\"@type\":\"ImageObject\",\"inLanguage\":\"ar\",\"@id\":\"https:\\\/\\\/www.vagadeempregorj.com.br\\\/shoulder-138-vagas-de-emprego-abertas-pelo-pais\\\/#primaryimage\",\"url\":\"https:\\\/\\\/www.vagadeempregorj.com.br\\\/wp-content\\\/uploads\\\/2025\\\/02\\\/image-42.png\",\"contentUrl\":\"https:\\\/\\\/www.vagadeempregorj.com.br\\\/wp-content\\\/uploads\\\/2025\\\/02\\\/image-42.png\",\"width\":1000,\"height\":750},{\"@type\":\"BreadcrumbList\",\"@id\":\"https:\\\/\\\/www.vagadeempregorj.com.br\\\/shoulder-138-vagas-de-emprego-abertas-pelo-pais\\\/#breadcrumb\",\"itemListElement\":[{\"@type\":\"ListItem\",\"position\":1,\"name\":\"In\u00edcio\",\"item\":\"https:\\\/\\\/www.vagadeempregorj.com.br\\\/\"},{\"@type\":\"ListItem\",\"position\":2,\"name\":\"Vagas de Emprego Nacionais\",\"item\":\"https:\\\/\\\/www.vagadeempregorj.com.br\\\/vagas-de-emprego-nacionais\\\/\"},{\"@type\":\"ListItem\",\"position\":3,\"name\":\"Shoulder: 138 vagas de emprego abertas pelo pa\u00eds\"}]},{\"@type\":\"WebSite\",\"@id\":\"https:\\\/\\\/www.vagadeempregorj.com.br\\\/#website\",\"url\":\"https:\\\/\\\/www.vagadeempregorj.com.br\\\/\",\"name\":\"\",\"description\":\"Conquiste Sonhos: Vagas, Benef\u00edcios e Economia para Transformar Vidas e Alcan\u00e7ar Melhorias Cotidianas\",\"potentialAction\":[{\"@type\":\"SearchAction\",\"target\":{\"@type\":\"EntryPoint\",\"urlTemplate\":\"https:\\\/\\\/www.vagadeempregorj.com.br\\\/?s={search_term_string}\"},\"query-input\":{\"@type\":\"PropertyValueSpecification\",\"valueRequired\":true,\"valueName\":\"search_term_string\"}}],\"inLanguage\":\"ar\"},{\"@type\":\"Person\",\"@id\":\"https:\\\/\\\/www.vagadeempregorj.com.br\\\/#\\\/schema\\\/person\\\/3ddb19fa0539706786e502152f3aae95\",\"name\":\"Michele\",\"image\":{\"@type\":\"ImageObject\",\"inLanguage\":\"ar\",\"@id\":\"https:\\\/\\\/secure.gravatar.com\\\/avatar\\\/6b0eb9d22841282815e2cd856a0061c45e1761cd54b22e952d98c4746939aa85?s=96&r=g\",\"url\":\"https:\\\/\\\/secure.gravatar.com\\\/avatar\\\/6b0eb9d22841282815e2cd856a0061c45e1761cd54b22e952d98c4746939aa85?s=96&r=g\",\"contentUrl\":\"https:\\\/\\\/secure.gravatar.com\\\/avatar\\\/6b0eb9d22841282815e2cd856a0061c45e1761cd54b22e952d98c4746939aa85?s=96&r=g\",\"caption\":\"Michele\"},\"description\":\"Formada em Letras - Portugu\u00eas\\\/ Ingl\u00eas, e idealizadora do site Escritora de Sucesso, busca expandir o conhecimento de todos com informa\u00e7\u00f5es relevantes sobre diversos assuntos, enquanto redatora. No Vaga de Emprego RJ, traz oportunidades e dicas sobre o mercado de trabalho.\",\"url\":\"https:\\\/\\\/www.vagadeempregorj.com.br\\\/ar\\\/author\\\/michele\\\/\"}]}<\/script>\n<!-- \/ Yoast SEO plugin. -->","yoast_head_json":{"title":"Shoulder: 138 vagas de emprego abertas pelo pa\u00eds -","description":"Veja em Vagas de Emprego RJ as vagas de emprego com e sem experi\u00eancia no seu Estado e Regi\u00e3o!","robots":{"index":"index","follow":"follow","max-snippet":"max-snippet:-1","max-image-preview":"max-image-preview:large","max-video-preview":"max-video-preview:-1"},"canonical":"https:\/\/www.vagadeempregorj.com.br\/ar\/shoulder-138-vagas-de-emprego-abertas-pelo-pais\/","og_locale":"ar_AR","og_type":"article","og_title":"Shoulder: 138 vagas de emprego abertas pelo pa\u00eds -","og_description":"Veja em Vagas de Emprego RJ as vagas de emprego com e sem experi\u00eancia no seu Estado e Regi\u00e3o!","og_url":"https:\/\/www.vagadeempregorj.com.br\/ar\/shoulder-138-vagas-de-emprego-abertas-pelo-pais\/","article_publisher":"https:\/\/www.facebook.com\/empregobrasiloficial","article_published_time":"2025-03-03T09:00:00+00:00","og_image":[{"width":1000,"height":750,"url":"https:\/\/www.vagadeempregorj.com.br\/wp-content\/uploads\/2025\/02\/image-42.png","type":"image\/png"}],"author":"Michele","twitter_card":"summary_large_image","twitter_misc":{"Written by":"Michele","Est. reading time":"4 \u062f\u0642\u0627\u0626\u0642"},"schema":{"@context":"https:\/\/schema.org","@graph":[{"@type":"Article","@id":"https:\/\/www.vagadeempregorj.com.br\/shoulder-138-vagas-de-emprego-abertas-pelo-pais\/#article","isPartOf":{"@id":"https:\/\/www.vagadeempregorj.com.br\/shoulder-138-vagas-de-emprego-abertas-pelo-pais\/"},"author":{"name":"Michele","@id":"https:\/\/www.vagadeempregorj.com.br\/#\/schema\/person\/3ddb19fa0539706786e502152f3aae95"},"headline":"Shoulder: 138 vagas de emprego abertas pelo pa\u00eds","datePublished":"2025-03-03T09:00:00+00:00","mainEntityOfPage":{"@id":"https:\/\/www.vagadeempregorj.com.br\/shoulder-138-vagas-de-emprego-abertas-pelo-pais\/"},"wordCount":868,"image":{"@id":"https:\/\/www.vagadeempregorj.com.br\/shoulder-138-vagas-de-emprego-abertas-pelo-pais\/#primaryimage"},"thumbnailUrl":"https:\/\/www.vagadeempregorj.com.br\/wp-content\/uploads\/2025\/02\/image-42.png","articleSection":["Vagas de Emprego Nacionais"],"inLanguage":"ar"},{"@type":"WebPage","@id":"https:\/\/www.vagadeempregorj.com.br\/shoulder-138-vagas-de-emprego-abertas-pelo-pais\/","url":"https:\/\/www.vagadeempregorj.com.br\/shoulder-138-vagas-de-emprego-abertas-pelo-pais\/","name":"Shoulder: 138 vagas de emprego abertas pelo pa\u00eds -","isPartOf":{"@id":"https:\/\/www.vagadeempregorj.com.br\/#website"},"primaryImageOfPage":{"@id":"https:\/\/www.vagadeempregorj.com.br\/shoulder-138-vagas-de-emprego-abertas-pelo-pais\/#primaryimage"},"image":{"@id":"https:\/\/www.vagadeempregorj.com.br\/shoulder-138-vagas-de-emprego-abertas-pelo-pais\/#primaryimage"},"thumbnailUrl":"https:\/\/www.vagadeempregorj.com.br\/wp-content\/uploads\/2025\/02\/image-42.png","datePublished":"2025-03-03T09:00:00+00:00","author":{"@id":"https:\/\/www.vagadeempregorj.com.br\/#\/schema\/person\/3ddb19fa0539706786e502152f3aae95"},"description":"Veja em Vagas de Emprego RJ as vagas de emprego com e sem experi\u00eancia no seu Estado e Regi\u00e3o!","breadcrumb":{"@id":"https:\/\/www.vagadeempregorj.com.br\/shoulder-138-vagas-de-emprego-abertas-pelo-pais\/#breadcrumb"},"inLanguage":"ar","potentialAction":[{"@type":"ReadAction","target":["https:\/\/www.vagadeempregorj.com.br\/shoulder-138-vagas-de-emprego-abertas-pelo-pais\/"]}]},{"@type":"ImageObject","inLanguage":"ar","@id":"https:\/\/www.vagadeempregorj.com.br\/shoulder-138-vagas-de-emprego-abertas-pelo-pais\/#primaryimage","url":"https:\/\/www.vagadeempregorj.com.br\/wp-content\/uploads\/2025\/02\/image-42.png","contentUrl":"https:\/\/www.vagadeempregorj.com.br\/wp-content\/uploads\/2025\/02\/image-42.png","width":1000,"height":750},{"@type":"BreadcrumbList","@id":"https:\/\/www.vagadeempregorj.com.br\/shoulder-138-vagas-de-emprego-abertas-pelo-pais\/#breadcrumb","itemListElement":[{"@type":"ListItem","position":1,"name":"In\u00edcio","item":"https:\/\/www.vagadeempregorj.com.br\/"},{"@type":"ListItem","position":2,"name":"Vagas de Emprego Nacionais","item":"https:\/\/www.vagadeempregorj.com.br\/vagas-de-emprego-nacionais\/"},{"@type":"ListItem","position":3,"name":"Shoulder: 138 vagas de emprego abertas pelo pa\u00eds"}]},{"@type":"WebSite","@id":"https:\/\/www.vagadeempregorj.com.br\/#website","url":"https:\/\/www.vagadeempregorj.com.br\/","name":"","description":"Conquiste Sonhos: Vagas, Benef\u00edcios e Economia para Transformar Vidas e Alcan\u00e7ar Melhorias Cotidianas","potentialAction":[{"@type":"SearchAction","target":{"@type":"EntryPoint","urlTemplate":"https:\/\/www.vagadeempregorj.com.br\/?s={search_term_string}"},"query-input":{"@type":"PropertyValueSpecification","valueRequired":true,"valueName":"search_term_string"}}],"inLanguage":"ar"},{"@type":"Person","@id":"https:\/\/www.vagadeempregorj.com.br\/#\/schema\/person\/3ddb19fa0539706786e502152f3aae95","name":"Michele","image":{"@type":"ImageObject","inLanguage":"ar","@id":"https:\/\/secure.gravatar.com\/avatar\/6b0eb9d22841282815e2cd856a0061c45e1761cd54b22e952d98c4746939aa85?s=96&r=g","url":"https:\/\/secure.gravatar.com\/avatar\/6b0eb9d22841282815e2cd856a0061c45e1761cd54b22e952d98c4746939aa85?s=96&r=g","contentUrl":"https:\/\/secure.gravatar.com\/avatar\/6b0eb9d22841282815e2cd856a0061c45e1761cd54b22e952d98c4746939aa85?s=96&r=g","caption":"Michele"},"description":"Formada em Letras - Portugu\u00eas\/ Ingl\u00eas, e idealizadora do site Escritora de Sucesso, busca expandir o conhecimento de todos com informa\u00e7\u00f5es relevantes sobre diversos assuntos, enquanto redatora. No Vaga de Emprego RJ, traz oportunidades e dicas sobre o mercado de trabalho.","url":"https:\/\/www.vagadeempregorj.com.br\/ar\/author\/michele\/"}]}},"_links":{"self":[{"href":"https:\/\/www.vagadeempregorj.com.br\/ar\/wp-json\/wp\/v2\/posts\/42655","targetHints":{"allow":["GET"]}}],"collection":[{"href":"https:\/\/www.vagadeempregorj.com.br\/ar\/wp-json\/wp\/v2\/posts"}],"about":[{"href":"https:\/\/www.vagadeempregorj.com.br\/ar\/wp-json\/wp\/v2\/types\/post"}],"author":[{"embeddable":true,"href":"https:\/\/www.vagadeempregorj.com.br\/ar\/wp-json\/wp\/v2\/users\/16"}],"replies":[{"embeddable":true,"href":"https:\/\/www.vagadeempregorj.com.br\/ar\/wp-json\/wp\/v2\/comments?post=42655"}],"version-history":[{"count":0,"href":"https:\/\/www.vagadeempregorj.com.br\/ar\/wp-json\/wp\/v2\/posts\/42655\/revisions"}],"wp:featuredmedia":[{"embeddable":true,"href":"https:\/\/www.vagadeempregorj.com.br\/ar\/wp-json\/wp\/v2\/media\/42674"}],"wp:attachment":[{"href":"https:\/\/www.vagadeempregorj.com.br\/ar\/wp-json\/wp\/v2\/media?parent=42655"}],"wp:term":[{"taxonomy":"category","embeddable":true,"href":"https:\/\/www.vagadeempregorj.com.br\/ar\/wp-json\/wp\/v2\/categories?post=42655"},{"taxonomy":"post_tag","embeddable":true,"href":"https:\/\/www.vagadeempregorj.com.br\/ar\/wp-json\/wp\/v2\/tags?post=42655"}],"curies":[{"name":"wp","href":"https:\/\/api.w.org\/{rel}","templated":true}]}}