{"id":42661,"date":"2025-03-06T06:00:00","date_gmt":"2025-03-06T09:00:00","guid":{"rendered":"https:\/\/www.vagadeempregorj.com.br\/?p=42661"},"modified":"2025-02-18T19:01:25","modified_gmt":"2025-02-18T22:01:25","slug":"flex-atacarejo-193-vagas-de-emprego-abertas-pelo-pais","status":"publish","type":"post","link":"https:\/\/www.vagadeempregorj.com.br\/ar\/flex-atacarejo-193-vagas-de-emprego-abertas-pelo-pais\/","title":{"rendered":"Flex Atacarejo: 193 vagas de emprego abertas pelo pa\u00eds"},"content":{"rendered":"<p>Voc\u00ea est\u00e1 em busca de uma nova oportunidade de carreira? Ent\u00e3o, prepare-se para uma not\u00edcia empolgante: o <strong>Flex Atacarejo<\/strong> est\u00e1 divulgando 193 vagas de emprego abertas em diversas regi\u00f5es do Brasil. Se voc\u00ea deseja fazer parte de uma empresa em constante crescimento e que valoriza seus colaboradores, esta pode ser a chance que voc\u00ea esperava.<\/p>\n\n\n\n<figure class=\"wp-block-image size-full is-resized\"><img loading=\"lazy\" decoding=\"async\" width=\"750\" height=\"445\" src=\"https:\/\/www.vagadeempregorj.com.br\/wp-content\/uploads\/2025\/02\/image-45.png\" alt=\"\" class=\"wp-image-42677\" style=\"width:840px;height:auto\" srcset=\"https:\/\/www.vagadeempregorj.com.br\/wp-content\/uploads\/2025\/02\/image-45.png 750w, https:\/\/www.vagadeempregorj.com.br\/wp-content\/uploads\/2025\/02\/image-45-300x178.png 300w, https:\/\/www.vagadeempregorj.com.br\/wp-content\/uploads\/2025\/02\/image-45-150x89.png 150w\" sizes=\"auto, (max-width: 750px) 100vw, 750px\" \/><\/figure>\n\n\n\n<h2 class=\"wp-block-heading\">Um pouco sobre o Flex Atacarejo<\/h2>\n\n\n\n<p>Com 29 anos de hist\u00f3ria, o Grupo Flex iniciou sua trajet\u00f3ria na cidade de Valinhos, S\u00e3o Paulo, com o supermercado ASP. Desde o in\u00edcio, a miss\u00e3o foi clara: proporcionar uma experi\u00eancia de compras completa e satisfat\u00f3ria, tornando-se refer\u00eancia para os consumidores ao oferecer uma ampla variedade de produtos e atendimento de excel\u00eancia.<\/p>\n\n\n\n<p>Em 2017, o grupo expandiu suas opera\u00e7\u00f5es com a inaugura\u00e7\u00e3o do Flex Atacarejo, uma bandeira que combina as vantagens do atacado e do varejo, atendendo tanto clientes finais quanto pequenos comerciantes. Atualmente, o Grupo Flex conta com 10 lojas f\u00edsicas, entre atacarejo e varejo, al\u00e9m de um e-commerce, mantendo seu compromisso com a qualidade, inova\u00e7\u00e3o e excelente atendimento.<\/p>\n\n\n\n<h2 class=\"wp-block-heading\">Quais s\u00e3o as oportunidades de carreira na Flex Atacarejo?<\/h2>\n\n\n\n<p>O Flex Atacarejo est\u00e1 oferecendo uma variedade de oportunidades de emprego em diferentes \u00e1reas e localidades. A seguir, destacamos algumas das posi\u00e7\u00f5es dispon\u00edveis:<\/p>\n\n\n\n<h3 class=\"wp-block-heading\">A\u00e7ougueiro<\/h3>\n\n\n\n<ul class=\"wp-block-list\">\n<li><strong>Localidades<\/strong>: Jaguari\u00fana, Valinhos, Itatiba, Pedreira e Vinhedo, todas no estado de S\u00e3o Paulo.<\/li>\n\n\n\n<li><strong>Responsabilidades<\/strong>: Preparar, cortar e embalar carnes, garantindo a qualidade e a apresenta\u00e7\u00e3o dos produtos para os clientes.<\/li>\n<\/ul>\n\n\n\n<h3 class=\"wp-block-heading\">Analista de Marketing<\/h3>\n\n\n\n<ul class=\"wp-block-list\">\n<li><strong>Localidade<\/strong>: Campinas, S\u00e3o Paulo.<\/li>\n\n\n\n<li><strong>Responsabilidades<\/strong>: Desenvolver e implementar estrat\u00e9gias de marketing, analisar tend\u00eancias de mercado e contribuir para o fortalecimento da marca.<\/li>\n<\/ul>\n\n\n\n<h3 class=\"wp-block-heading\">Auxiliar de A\u00e7ougue<\/h3>\n\n\n\n<ul class=\"wp-block-list\">\n<li><strong>Localidades<\/strong>: Valinhos, Jaguari\u00fana e Itatiba, S\u00e3o Paulo.<\/li>\n\n\n\n<li><strong>Responsabilidades<\/strong>: Auxiliar nas atividades do a\u00e7ougue, como atendimento ao cliente, organiza\u00e7\u00e3o e limpeza do setor.<\/li>\n<\/ul>\n\n\n\n<h3 class=\"wp-block-heading\">Auxiliar de Limpeza<\/h3>\n\n\n\n<ul class=\"wp-block-list\">\n<li><strong>Localidades<\/strong>: Jaguari\u00fana, Valinhos e Vinhedo, S\u00e3o Paulo.<\/li>\n\n\n\n<li><strong>Responsabilidades<\/strong>: Manter a limpeza e a organiza\u00e7\u00e3o das \u00e1reas internas e externas da loja, garantindo um ambiente agrad\u00e1vel para clientes e colaboradores.<\/li>\n<\/ul>\n\n\n\n<h3 class=\"wp-block-heading\">Auxiliar de Log\u00edstica<\/h3>\n\n\n\n<ul class=\"wp-block-list\">\n<li><strong>Localidade<\/strong>: Jaguari\u00fana, S\u00e3o Paulo.<\/li>\n\n\n\n<li><strong>Responsabilidades<\/strong>: Auxiliar no recebimento, armazenamento e distribui\u00e7\u00e3o de mercadorias, assegurando a efici\u00eancia dos processos log\u00edsticos.<\/li>\n<\/ul>\n\n\n\n<h3 class=\"wp-block-heading\">Auxiliar de Padaria<\/h3>\n\n\n\n<ul class=\"wp-block-list\">\n<li><strong>Localidades<\/strong>: Valinhos, Jaguari\u00fana, Itatiba e Vinhedo, S\u00e3o Paulo.<\/li>\n\n\n\n<li><strong>Responsabilidades<\/strong>: Auxiliar na produ\u00e7\u00e3o de p\u00e3es e outros produtos de panifica\u00e7\u00e3o, mantendo a qualidade e a variedade dos itens oferecidos.<\/li>\n<\/ul>\n\n\n\n<h3 class=\"wp-block-heading\">Balconista de Frios<\/h3>\n\n\n\n<ul class=\"wp-block-list\">\n<li><strong>Localidades<\/strong>: Valinhos, Pedreira, Vinhedo e Jaguari\u00fana, S\u00e3o Paulo.<\/li>\n\n\n\n<li><strong>Responsabilidades<\/strong>: Atender os clientes no balc\u00e3o de frios, fatiar e embalar produtos, al\u00e9m de manter a organiza\u00e7\u00e3o e a higiene do setor.<\/li>\n<\/ul>\n\n\n\n<h3 class=\"wp-block-heading\">Conferente<\/h3>\n\n\n\n<ul class=\"wp-block-list\">\n<li><strong>Localidades<\/strong>: Jaguari\u00fana e Vinhedo, S\u00e3o Paulo.<\/li>\n\n\n\n<li><strong>Responsabilidades<\/strong>: Conferir mercadorias recebidas e expedidas, garantindo a precis\u00e3o e a qualidade dos produtos.<\/li>\n<\/ul>\n\n\n\n<h3 class=\"wp-block-heading\">Estoquista<\/h3>\n\n\n\n<ul class=\"wp-block-list\">\n<li><strong>Localidades<\/strong>: Valinhos e Vinhedo, S\u00e3o Paulo.<\/li>\n\n\n\n<li><strong>Responsabilidades<\/strong>: Organizar o estoque, controlar a entrada e sa\u00edda de mercadorias e assegurar a disponibilidade dos produtos para reposi\u00e7\u00e3o.<\/li>\n<\/ul>\n\n\n\n<h3 class=\"wp-block-heading\">Fiscal de Preven\u00e7\u00e3o e Perdas<\/h3>\n\n\n\n<ul class=\"wp-block-list\">\n<li><strong>Localidades<\/strong>: Valinhos e Vinhedo, S\u00e3o Paulo.<\/li>\n\n\n\n<li><strong>Responsabilidades<\/strong>: Monitorar as \u00e1reas da loja para prevenir perdas, furtos e danos, garantindo a seguran\u00e7a dos clientes e colaboradores.<\/li>\n<\/ul>\n\n\n\n<h3 class=\"wp-block-heading\">Jovem Aprendiz<\/h3>\n\n\n\n<ul class=\"wp-block-list\">\n<li><strong>Localidades<\/strong>: Vinhedo e Valinhos, S\u00e3o Paulo.<\/li>\n\n\n\n<li><strong>Responsabilidades<\/strong>: Apoiar diversos setores operacionais das lojas, como frente de caixa, mercearia, hortifruti e padaria, adquirindo experi\u00eancia e desenvolvimento profissional.<\/li>\n<\/ul>\n\n\n\n<h3 class=\"wp-block-heading\">Operador(a) de Caixa<\/h3>\n\n\n\n<ul class=\"wp-block-list\">\n<li><strong>Localidades<\/strong>: Jaguari\u00fana, Valinhos, Vinhedo, Santo Ant\u00f4nio de Posse e Itatiba, S\u00e3o Paulo.<\/li>\n\n\n\n<li><strong>Responsabilidades<\/strong>: Registrar e cobrar as compras dos clientes, garantindo precis\u00e3o nos valores e um atendimento cordial.<\/li>\n<\/ul>\n\n\n\n<h3 class=\"wp-block-heading\">Operador(a) de Loja Intermitente<\/h3>\n\n\n\n<ul class=\"wp-block-list\">\n<li><strong>Localidades<\/strong>: Vinhedo, Valinhos e Jaguari\u00fana, S\u00e3o Paulo.<\/li>\n\n\n\n<li><strong>Responsabilidades<\/strong>: Atuar em diversas fun\u00e7\u00f5es dentro da loja, conforme a necessidade, proporcionando flexibilidade e dinamismo \u00e0s opera\u00e7\u00f5es.<\/li>\n<\/ul>\n\n\n\n<h3 class=\"wp-block-heading\">Repositor(a) de Frios<\/h3>\n\n\n\n<ul class=\"wp-block-list\">\n<li><strong>Localidade<\/strong>: Vinhedo, S\u00e3o Paulo.<\/li>\n\n\n\n<li><strong>Responsabilidades<\/strong>: Organizar e repor produtos refrigerados em prateleiras e expositores, assegurando a disponibilidade e a qualidade dos itens.<\/li>\n<\/ul>\n\n\n\n<h3 class=\"wp-block-heading\">Repositor de FLV (Frutas, Legumes e Verduras)<\/h3>\n\n\n\n<ul class=\"wp-block-list\">\n<li><strong>Localidades<\/strong>: Valinhos, Jaguari\u00fana, Itatiba, Vinhedo, Santo Ant\u00f4nio de Posse e Pedreira, S\u00e3o Paulo.<\/li>\n\n\n\n<li><strong>Responsabilidades<\/strong>: Abastecer, etiquetar e limpar as g\u00f4ndolas e geladeiras, verificando as condi\u00e7\u00f5es dos produtos e selecionando os pr\u00f3prios para consumo.<\/li>\n<\/ul>\n\n\n\n<h3 class=\"wp-block-heading\">Repositor de Loja<\/h3>\n\n\n\n<ul class=\"wp-block-list\">\n<li><strong>Localidades<\/strong>: Valinhos, Itatiba, Vinhedo, Santo Ant\u00f4nio de Posse e Jaguari\u00fana, S\u00e3o Paulo.<\/li>\n\n\n\n<li><strong>Responsabilidades<\/strong>: Abastecer, precificar, organizar e limpar os setores da loja, garantindo a satisfa\u00e7\u00e3o dos clientes.<\/li>\n<\/ul>\n\n\n\n<h3 class=\"wp-block-heading\">Suporte Fiscal<\/h3>\n\n\n\n<ul class=\"wp-block-list\">\n<li><strong>Localidades<\/strong>: Vinhedo e Valinhos, S\u00e3o Paulo.<\/li>\n\n\n\n<li><strong>Responsabilidades<\/strong>: Apoiar os operadores de caixa na resolu\u00e7\u00e3o de problemas rotineiros, como dificuldades com o sistema, registro de produtos ou cancelamento de itens.<\/li>\n<\/ul>\n\n\n\n<p>Essas s\u00e3o apenas algumas das oportunidades dispon\u00edveis no Flex Atacarejo. A empresa valoriza a diversidade e busca profissionais comprometidos, que desejam crescer e se desenvolver junto com o grupo.<\/p>\n\n\n\n<h2 class=\"wp-block-heading\">Como se candidatar?<\/h2>\n\n\n\n<p>Interessado em fazer parte do time Flex Atacarejo? O processo de candidatura \u00e9 simples e totalmente online. Siga os passos abaixo para se inscrever:<\/p>\n\n\n\n<ul class=\"wp-block-list\">\n<li>Digite o endere\u00e7o <strong>https:\/\/flex.gupy.io\/<\/strong> em seu navegador.<\/li>\n\n\n\n<li>Na p\u00e1gina inicial, voc\u00ea encontrar\u00e1 a lista completa de vagas abertas. As posi\u00e7\u00f5es est\u00e3o organizadas por cargo, localidade e tipo de contrata\u00e7\u00e3o, facilitando a busca pela oportunidade que melhor se adapta ao seu perfil.<\/li>\n\n\n\n<li>Clique no t\u00edtulo da posi\u00e7\u00e3o para visualizar os detalhes da fun\u00e7\u00e3o, responsabilidades e requisitos necess\u00e1rios.<\/li>\n\n\n\n<li>Ap\u00f3s verificar os detalhes da vaga, clique no bot\u00e3o &#8220;Candidatar-se&#8221; e siga as instru\u00e7\u00f5es para preencher seus dados, anexar seu curr\u00edculo e concluir a inscri\u00e7\u00e3o.<\/li>\n\n\n\n<li>Fique atento ao e-mail e telefone cadastrados. O Flex Atacarejo entrar\u00e1 em contato caso seu perfil seja selecionado para as pr\u00f3ximas etapas do processo.<\/li>\n<\/ul>\n\n\n\n<h2 class=\"wp-block-heading\">Dicas para aumentar suas chances<\/h2>\n\n\n\n<p>Agora que voc\u00ea sabe como se candidatar, vale a pena conferir algumas dicas para se destacar na sele\u00e7\u00e3o:<\/p>\n\n\n\n<ul class=\"wp-block-list\">\n<li><strong>Capriche no seu curr\u00edculo<\/strong>: Inclua suas experi\u00eancias anteriores, habilidades e cursos relevantes. Um curr\u00edculo bem estruturado pode fazer a diferen\u00e7a.<\/li>\n\n\n\n<li><strong>Demonstre interesse na empresa<\/strong>: Durante o processo seletivo, mostre que voc\u00ea conhece o Flex Atacarejo e est\u00e1 alinhado com os valores e a cultura organizacional.<\/li>\n\n\n\n<li><strong>Seja pontual e comunicativo<\/strong>: Caso seja chamado para uma entrevista, chegue no hor\u00e1rio combinado e demonstre seguran\u00e7a ao falar sobre suas experi\u00eancias e habilidades.<\/li>\n\n\n\n<li><strong>Mantenha-se atualizado<\/strong>: Se a vaga desejada ainda n\u00e3o estiver dispon\u00edvel, acompanhe regularmente o site de carreiras da empresa para novas oportunidades.<\/li>\n<\/ul>\n\n\n\n<h2 class=\"wp-block-heading\">Vale a pena trabalhar no Flex Atacarejo?<\/h2>\n\n\n\n<p>Trabalhar em uma empresa que valoriza seus colaboradores \u00e9 essencial para o crescimento profissional. O Flex Atacarejo se destaca por oferecer um ambiente din\u00e2mico e oportunidades de desenvolvimento. Os funcion\u00e1rios relatam que a empresa incentiva o aprendizado, a colabora\u00e7\u00e3o entre as equipes e o crescimento dentro da organiza\u00e7\u00e3o.<\/p>\n\n\n\n<p>Al\u00e9m disso, o grupo investe na qualidade de vida dos seus colaboradores, oferecendo benef\u00edcios como vale-alimenta\u00e7\u00e3o, vale-transporte e plano de sa\u00fade (de acordo com a fun\u00e7\u00e3o e a localidade).<\/p>\n\n\n\n<p>Se voc\u00ea busca uma oportunidade em um ambiente de trabalho estruturado e com possibilidade de crescimento, essa pode ser a chance de dar um passo importante na sua carreira.<\/p>\n\n\n\n<p><strong>Veja tamb\u00e9m: <a href=\"https:\/\/www.vagadeempregorj.com.br\/ar\/grupo-lider-64-vagas-de-emprego-pelo-pais\/\">Grupo Lider: 64 vagas de emprego pelo pa\u00eds<\/a><\/strong><\/p>\n\n\n\n<p>6 de mar\u00e7o de 2025<\/p>","protected":false},"excerpt":{"rendered":"<p>Voc\u00ea est\u00e1 em busca de uma nova oportunidade de carreira? Ent\u00e3o, prepare-se para uma not\u00edcia empolgante: o Flex Atacarejo est\u00e1 divulgando 193 vagas de emprego abertas em diversas regi\u00f5es do Brasil. Se voc\u00ea deseja fazer parte de uma empresa em constante crescimento e que valoriza seus colaboradores, esta pode ser a chance que voc\u00ea esperava.&hellip;&nbsp;<\/p>","protected":false},"author":16,"featured_media":42677,"comment_status":"closed","ping_status":"closed","sticky":false,"template":"","format":"standard","meta":{"neve_meta_sidebar":"","neve_meta_container":"","neve_meta_enable_content_width":"","neve_meta_content_width":0,"neve_meta_title_alignment":"","neve_meta_author_avatar":"","neve_post_elements_order":"","neve_meta_disable_header":"","neve_meta_disable_footer":"","neve_meta_disable_title":"","footnotes":""},"categories":[123],"tags":[],"class_list":["post-42661","post","type-post","status-publish","format-standard","has-post-thumbnail","hentry","category-vagas-de-emprego-nacionais"],"yoast_head":"<!-- This site is optimized with the Yoast SEO plugin v27.5 - https:\/\/yoast.com\/product\/yoast-seo-wordpress\/ -->\n<title>Flex Atacarejo: 193 vagas de emprego abertas pelo pa\u00eds -<\/title>\n<meta name=\"description\" content=\"Veja em Vagas de Emprego RJ as vagas de emprego com e sem experi\u00eancia no seu Estado e Regi\u00e3o!\" \/>\n<meta name=\"robots\" content=\"index, follow, max-snippet:-1, max-image-preview:large, max-video-preview:-1\" \/>\n<link rel=\"canonical\" href=\"https:\/\/www.vagadeempregorj.com.br\/ar\/flex-atacarejo-193-vagas-de-emprego-abertas-pelo-pais\/\" \/>\n<meta property=\"og:locale\" content=\"ar_AR\" \/>\n<meta property=\"og:type\" content=\"article\" \/>\n<meta property=\"og:title\" content=\"Flex Atacarejo: 193 vagas de emprego abertas pelo pa\u00eds -\" \/>\n<meta property=\"og:description\" content=\"Veja em Vagas de Emprego RJ as vagas de emprego com e sem experi\u00eancia no seu Estado e Regi\u00e3o!\" \/>\n<meta property=\"og:url\" content=\"https:\/\/www.vagadeempregorj.com.br\/ar\/flex-atacarejo-193-vagas-de-emprego-abertas-pelo-pais\/\" \/>\n<meta property=\"article:publisher\" content=\"https:\/\/www.facebook.com\/empregobrasiloficial\" \/>\n<meta property=\"article:published_time\" content=\"2025-03-06T09:00:00+00:00\" \/>\n<meta property=\"og:image\" content=\"https:\/\/www.vagadeempregorj.com.br\/wp-content\/uploads\/2025\/02\/image-45.png\" \/>\n\t<meta property=\"og:image:width\" content=\"750\" \/>\n\t<meta property=\"og:image:height\" content=\"445\" \/>\n\t<meta property=\"og:image:type\" content=\"image\/png\" \/>\n<meta name=\"author\" content=\"Michele\" \/>\n<meta name=\"twitter:card\" content=\"summary_large_image\" \/>\n<meta name=\"twitter:label1\" content=\"Written by\" \/>\n\t<meta name=\"twitter:data1\" content=\"Michele\" \/>\n\t<meta name=\"twitter:label2\" content=\"Est. reading time\" \/>\n\t<meta name=\"twitter:data2\" content=\"6 \u062f\u0642\u0627\u0626\u0642\" \/>\n<script type=\"application\/ld+json\" class=\"yoast-schema-graph\">{\"@context\":\"https:\\\/\\\/schema.org\",\"@graph\":[{\"@type\":\"Article\",\"@id\":\"https:\\\/\\\/www.vagadeempregorj.com.br\\\/flex-atacarejo-193-vagas-de-emprego-abertas-pelo-pais\\\/#article\",\"isPartOf\":{\"@id\":\"https:\\\/\\\/www.vagadeempregorj.com.br\\\/flex-atacarejo-193-vagas-de-emprego-abertas-pelo-pais\\\/\"},\"author\":{\"name\":\"Michele\",\"@id\":\"https:\\\/\\\/www.vagadeempregorj.com.br\\\/#\\\/schema\\\/person\\\/3ddb19fa0539706786e502152f3aae95\"},\"headline\":\"Flex Atacarejo: 193 vagas de emprego abertas pelo pa\u00eds\",\"datePublished\":\"2025-03-06T09:00:00+00:00\",\"mainEntityOfPage\":{\"@id\":\"https:\\\/\\\/www.vagadeempregorj.com.br\\\/flex-atacarejo-193-vagas-de-emprego-abertas-pelo-pais\\\/\"},\"wordCount\":1223,\"image\":{\"@id\":\"https:\\\/\\\/www.vagadeempregorj.com.br\\\/flex-atacarejo-193-vagas-de-emprego-abertas-pelo-pais\\\/#primaryimage\"},\"thumbnailUrl\":\"https:\\\/\\\/www.vagadeempregorj.com.br\\\/wp-content\\\/uploads\\\/2025\\\/02\\\/image-45.png\",\"articleSection\":[\"Vagas de Emprego Nacionais\"],\"inLanguage\":\"ar\"},{\"@type\":\"WebPage\",\"@id\":\"https:\\\/\\\/www.vagadeempregorj.com.br\\\/flex-atacarejo-193-vagas-de-emprego-abertas-pelo-pais\\\/\",\"url\":\"https:\\\/\\\/www.vagadeempregorj.com.br\\\/flex-atacarejo-193-vagas-de-emprego-abertas-pelo-pais\\\/\",\"name\":\"Flex Atacarejo: 193 vagas de emprego abertas pelo pa\u00eds -\",\"isPartOf\":{\"@id\":\"https:\\\/\\\/www.vagadeempregorj.com.br\\\/#website\"},\"primaryImageOfPage\":{\"@id\":\"https:\\\/\\\/www.vagadeempregorj.com.br\\\/flex-atacarejo-193-vagas-de-emprego-abertas-pelo-pais\\\/#primaryimage\"},\"image\":{\"@id\":\"https:\\\/\\\/www.vagadeempregorj.com.br\\\/flex-atacarejo-193-vagas-de-emprego-abertas-pelo-pais\\\/#primaryimage\"},\"thumbnailUrl\":\"https:\\\/\\\/www.vagadeempregorj.com.br\\\/wp-content\\\/uploads\\\/2025\\\/02\\\/image-45.png\",\"datePublished\":\"2025-03-06T09:00:00+00:00\",\"author\":{\"@id\":\"https:\\\/\\\/www.vagadeempregorj.com.br\\\/#\\\/schema\\\/person\\\/3ddb19fa0539706786e502152f3aae95\"},\"description\":\"Veja em Vagas de Emprego RJ as vagas de emprego com e sem experi\u00eancia no seu Estado e Regi\u00e3o!\",\"breadcrumb\":{\"@id\":\"https:\\\/\\\/www.vagadeempregorj.com.br\\\/flex-atacarejo-193-vagas-de-emprego-abertas-pelo-pais\\\/#breadcrumb\"},\"inLanguage\":\"ar\",\"potentialAction\":[{\"@type\":\"ReadAction\",\"target\":[\"https:\\\/\\\/www.vagadeempregorj.com.br\\\/flex-atacarejo-193-vagas-de-emprego-abertas-pelo-pais\\\/\"]}]},{\"@type\":\"ImageObject\",\"inLanguage\":\"ar\",\"@id\":\"https:\\\/\\\/www.vagadeempregorj.com.br\\\/flex-atacarejo-193-vagas-de-emprego-abertas-pelo-pais\\\/#primaryimage\",\"url\":\"https:\\\/\\\/www.vagadeempregorj.com.br\\\/wp-content\\\/uploads\\\/2025\\\/02\\\/image-45.png\",\"contentUrl\":\"https:\\\/\\\/www.vagadeempregorj.com.br\\\/wp-content\\\/uploads\\\/2025\\\/02\\\/image-45.png\",\"width\":750,\"height\":445},{\"@type\":\"BreadcrumbList\",\"@id\":\"https:\\\/\\\/www.vagadeempregorj.com.br\\\/flex-atacarejo-193-vagas-de-emprego-abertas-pelo-pais\\\/#breadcrumb\",\"itemListElement\":[{\"@type\":\"ListItem\",\"position\":1,\"name\":\"In\u00edcio\",\"item\":\"https:\\\/\\\/www.vagadeempregorj.com.br\\\/\"},{\"@type\":\"ListItem\",\"position\":2,\"name\":\"Vagas de Emprego Nacionais\",\"item\":\"https:\\\/\\\/www.vagadeempregorj.com.br\\\/vagas-de-emprego-nacionais\\\/\"},{\"@type\":\"ListItem\",\"position\":3,\"name\":\"Flex Atacarejo: 193 vagas de emprego abertas pelo pa\u00eds\"}]},{\"@type\":\"WebSite\",\"@id\":\"https:\\\/\\\/www.vagadeempregorj.com.br\\\/#website\",\"url\":\"https:\\\/\\\/www.vagadeempregorj.com.br\\\/\",\"name\":\"\",\"description\":\"Conquiste Sonhos: Vagas, Benef\u00edcios e Economia para Transformar Vidas e Alcan\u00e7ar Melhorias Cotidianas\",\"potentialAction\":[{\"@type\":\"SearchAction\",\"target\":{\"@type\":\"EntryPoint\",\"urlTemplate\":\"https:\\\/\\\/www.vagadeempregorj.com.br\\\/?s={search_term_string}\"},\"query-input\":{\"@type\":\"PropertyValueSpecification\",\"valueRequired\":true,\"valueName\":\"search_term_string\"}}],\"inLanguage\":\"ar\"},{\"@type\":\"Person\",\"@id\":\"https:\\\/\\\/www.vagadeempregorj.com.br\\\/#\\\/schema\\\/person\\\/3ddb19fa0539706786e502152f3aae95\",\"name\":\"Michele\",\"image\":{\"@type\":\"ImageObject\",\"inLanguage\":\"ar\",\"@id\":\"https:\\\/\\\/secure.gravatar.com\\\/avatar\\\/6b0eb9d22841282815e2cd856a0061c45e1761cd54b22e952d98c4746939aa85?s=96&r=g\",\"url\":\"https:\\\/\\\/secure.gravatar.com\\\/avatar\\\/6b0eb9d22841282815e2cd856a0061c45e1761cd54b22e952d98c4746939aa85?s=96&r=g\",\"contentUrl\":\"https:\\\/\\\/secure.gravatar.com\\\/avatar\\\/6b0eb9d22841282815e2cd856a0061c45e1761cd54b22e952d98c4746939aa85?s=96&r=g\",\"caption\":\"Michele\"},\"description\":\"Formada em Letras - Portugu\u00eas\\\/ Ingl\u00eas, e idealizadora do site Escritora de Sucesso, busca expandir o conhecimento de todos com informa\u00e7\u00f5es relevantes sobre diversos assuntos, enquanto redatora. No Vaga de Emprego RJ, traz oportunidades e dicas sobre o mercado de trabalho.\",\"url\":\"https:\\\/\\\/www.vagadeempregorj.com.br\\\/ar\\\/author\\\/michele\\\/\"}]}<\/script>\n<!-- \/ Yoast SEO plugin. -->","yoast_head_json":{"title":"Flex Atacarejo: 193 vagas de emprego abertas pelo pa\u00eds -","description":"Veja em Vagas de Emprego RJ as vagas de emprego com e sem experi\u00eancia no seu Estado e Regi\u00e3o!","robots":{"index":"index","follow":"follow","max-snippet":"max-snippet:-1","max-image-preview":"max-image-preview:large","max-video-preview":"max-video-preview:-1"},"canonical":"https:\/\/www.vagadeempregorj.com.br\/ar\/flex-atacarejo-193-vagas-de-emprego-abertas-pelo-pais\/","og_locale":"ar_AR","og_type":"article","og_title":"Flex Atacarejo: 193 vagas de emprego abertas pelo pa\u00eds -","og_description":"Veja em Vagas de Emprego RJ as vagas de emprego com e sem experi\u00eancia no seu Estado e Regi\u00e3o!","og_url":"https:\/\/www.vagadeempregorj.com.br\/ar\/flex-atacarejo-193-vagas-de-emprego-abertas-pelo-pais\/","article_publisher":"https:\/\/www.facebook.com\/empregobrasiloficial","article_published_time":"2025-03-06T09:00:00+00:00","og_image":[{"width":750,"height":445,"url":"https:\/\/www.vagadeempregorj.com.br\/wp-content\/uploads\/2025\/02\/image-45.png","type":"image\/png"}],"author":"Michele","twitter_card":"summary_large_image","twitter_misc":{"Written by":"Michele","Est. reading time":"6 \u062f\u0642\u0627\u0626\u0642"},"schema":{"@context":"https:\/\/schema.org","@graph":[{"@type":"Article","@id":"https:\/\/www.vagadeempregorj.com.br\/flex-atacarejo-193-vagas-de-emprego-abertas-pelo-pais\/#article","isPartOf":{"@id":"https:\/\/www.vagadeempregorj.com.br\/flex-atacarejo-193-vagas-de-emprego-abertas-pelo-pais\/"},"author":{"name":"Michele","@id":"https:\/\/www.vagadeempregorj.com.br\/#\/schema\/person\/3ddb19fa0539706786e502152f3aae95"},"headline":"Flex Atacarejo: 193 vagas de emprego abertas pelo pa\u00eds","datePublished":"2025-03-06T09:00:00+00:00","mainEntityOfPage":{"@id":"https:\/\/www.vagadeempregorj.com.br\/flex-atacarejo-193-vagas-de-emprego-abertas-pelo-pais\/"},"wordCount":1223,"image":{"@id":"https:\/\/www.vagadeempregorj.com.br\/flex-atacarejo-193-vagas-de-emprego-abertas-pelo-pais\/#primaryimage"},"thumbnailUrl":"https:\/\/www.vagadeempregorj.com.br\/wp-content\/uploads\/2025\/02\/image-45.png","articleSection":["Vagas de Emprego Nacionais"],"inLanguage":"ar"},{"@type":"WebPage","@id":"https:\/\/www.vagadeempregorj.com.br\/flex-atacarejo-193-vagas-de-emprego-abertas-pelo-pais\/","url":"https:\/\/www.vagadeempregorj.com.br\/flex-atacarejo-193-vagas-de-emprego-abertas-pelo-pais\/","name":"Flex Atacarejo: 193 vagas de emprego abertas pelo pa\u00eds -","isPartOf":{"@id":"https:\/\/www.vagadeempregorj.com.br\/#website"},"primaryImageOfPage":{"@id":"https:\/\/www.vagadeempregorj.com.br\/flex-atacarejo-193-vagas-de-emprego-abertas-pelo-pais\/#primaryimage"},"image":{"@id":"https:\/\/www.vagadeempregorj.com.br\/flex-atacarejo-193-vagas-de-emprego-abertas-pelo-pais\/#primaryimage"},"thumbnailUrl":"https:\/\/www.vagadeempregorj.com.br\/wp-content\/uploads\/2025\/02\/image-45.png","datePublished":"2025-03-06T09:00:00+00:00","author":{"@id":"https:\/\/www.vagadeempregorj.com.br\/#\/schema\/person\/3ddb19fa0539706786e502152f3aae95"},"description":"Veja em Vagas de Emprego RJ as vagas de emprego com e sem experi\u00eancia no seu Estado e Regi\u00e3o!","breadcrumb":{"@id":"https:\/\/www.vagadeempregorj.com.br\/flex-atacarejo-193-vagas-de-emprego-abertas-pelo-pais\/#breadcrumb"},"inLanguage":"ar","potentialAction":[{"@type":"ReadAction","target":["https:\/\/www.vagadeempregorj.com.br\/flex-atacarejo-193-vagas-de-emprego-abertas-pelo-pais\/"]}]},{"@type":"ImageObject","inLanguage":"ar","@id":"https:\/\/www.vagadeempregorj.com.br\/flex-atacarejo-193-vagas-de-emprego-abertas-pelo-pais\/#primaryimage","url":"https:\/\/www.vagadeempregorj.com.br\/wp-content\/uploads\/2025\/02\/image-45.png","contentUrl":"https:\/\/www.vagadeempregorj.com.br\/wp-content\/uploads\/2025\/02\/image-45.png","width":750,"height":445},{"@type":"BreadcrumbList","@id":"https:\/\/www.vagadeempregorj.com.br\/flex-atacarejo-193-vagas-de-emprego-abertas-pelo-pais\/#breadcrumb","itemListElement":[{"@type":"ListItem","position":1,"name":"In\u00edcio","item":"https:\/\/www.vagadeempregorj.com.br\/"},{"@type":"ListItem","position":2,"name":"Vagas de Emprego Nacionais","item":"https:\/\/www.vagadeempregorj.com.br\/vagas-de-emprego-nacionais\/"},{"@type":"ListItem","position":3,"name":"Flex Atacarejo: 193 vagas de emprego abertas pelo pa\u00eds"}]},{"@type":"WebSite","@id":"https:\/\/www.vagadeempregorj.com.br\/#website","url":"https:\/\/www.vagadeempregorj.com.br\/","name":"","description":"Conquiste Sonhos: Vagas, Benef\u00edcios e Economia para Transformar Vidas e Alcan\u00e7ar Melhorias Cotidianas","potentialAction":[{"@type":"SearchAction","target":{"@type":"EntryPoint","urlTemplate":"https:\/\/www.vagadeempregorj.com.br\/?s={search_term_string}"},"query-input":{"@type":"PropertyValueSpecification","valueRequired":true,"valueName":"search_term_string"}}],"inLanguage":"ar"},{"@type":"Person","@id":"https:\/\/www.vagadeempregorj.com.br\/#\/schema\/person\/3ddb19fa0539706786e502152f3aae95","name":"Michele","image":{"@type":"ImageObject","inLanguage":"ar","@id":"https:\/\/secure.gravatar.com\/avatar\/6b0eb9d22841282815e2cd856a0061c45e1761cd54b22e952d98c4746939aa85?s=96&r=g","url":"https:\/\/secure.gravatar.com\/avatar\/6b0eb9d22841282815e2cd856a0061c45e1761cd54b22e952d98c4746939aa85?s=96&r=g","contentUrl":"https:\/\/secure.gravatar.com\/avatar\/6b0eb9d22841282815e2cd856a0061c45e1761cd54b22e952d98c4746939aa85?s=96&r=g","caption":"Michele"},"description":"Formada em Letras - Portugu\u00eas\/ Ingl\u00eas, e idealizadora do site Escritora de Sucesso, busca expandir o conhecimento de todos com informa\u00e7\u00f5es relevantes sobre diversos assuntos, enquanto redatora. No Vaga de Emprego RJ, traz oportunidades e dicas sobre o mercado de trabalho.","url":"https:\/\/www.vagadeempregorj.com.br\/ar\/author\/michele\/"}]}},"_links":{"self":[{"href":"https:\/\/www.vagadeempregorj.com.br\/ar\/wp-json\/wp\/v2\/posts\/42661","targetHints":{"allow":["GET"]}}],"collection":[{"href":"https:\/\/www.vagadeempregorj.com.br\/ar\/wp-json\/wp\/v2\/posts"}],"about":[{"href":"https:\/\/www.vagadeempregorj.com.br\/ar\/wp-json\/wp\/v2\/types\/post"}],"author":[{"embeddable":true,"href":"https:\/\/www.vagadeempregorj.com.br\/ar\/wp-json\/wp\/v2\/users\/16"}],"replies":[{"embeddable":true,"href":"https:\/\/www.vagadeempregorj.com.br\/ar\/wp-json\/wp\/v2\/comments?post=42661"}],"version-history":[{"count":0,"href":"https:\/\/www.vagadeempregorj.com.br\/ar\/wp-json\/wp\/v2\/posts\/42661\/revisions"}],"wp:featuredmedia":[{"embeddable":true,"href":"https:\/\/www.vagadeempregorj.com.br\/ar\/wp-json\/wp\/v2\/media\/42677"}],"wp:attachment":[{"href":"https:\/\/www.vagadeempregorj.com.br\/ar\/wp-json\/wp\/v2\/media?parent=42661"}],"wp:term":[{"taxonomy":"category","embeddable":true,"href":"https:\/\/www.vagadeempregorj.com.br\/ar\/wp-json\/wp\/v2\/categories?post=42661"},{"taxonomy":"post_tag","embeddable":true,"href":"https:\/\/www.vagadeempregorj.com.br\/ar\/wp-json\/wp\/v2\/tags?post=42661"}],"curies":[{"name":"wp","href":"https:\/\/api.w.org\/{rel}","templated":true}]}}