{"id":42663,"date":"2025-03-07T06:00:00","date_gmt":"2025-03-07T09:00:00","guid":{"rendered":"https:\/\/www.vagadeempregorj.com.br\/?p=42663"},"modified":"2025-02-18T19:01:27","modified_gmt":"2025-02-18T22:01:27","slug":"porsche-cup-brasil-novas-vagas-de-emprego-abertas-no-pais","status":"publish","type":"post","link":"https:\/\/www.vagadeempregorj.com.br\/ar\/porsche-cup-brasil-novas-vagas-de-emprego-abertas-no-pais\/","title":{"rendered":"Porsche Cup Brasil: NOVAS vagas de emprego abertas no pa\u00eds"},"content":{"rendered":"<p>Apaixonado por velocidade e automobilismo? Se voc\u00ea sempre sonhou em trabalhar nos bastidores de uma das competi\u00e7\u00f5es mais emocionantes do pa\u00eds, tenho uma not\u00edcia incr\u00edvel para voc\u00ea. A <strong>Porsche Cup Brasil<\/strong>, a maior categoria monomarca da Am\u00e9rica Latina, est\u00e1 com novas oportunidades de carreira. Vamos juntos explorar essas chances e descobrir como voc\u00ea pode fazer parte dessa equipe vencedora.<\/p>\n\n\n\n<figure class=\"wp-block-image size-full is-resized\"><img loading=\"lazy\" decoding=\"async\" width=\"835\" height=\"360\" src=\"https:\/\/www.vagadeempregorj.com.br\/wp-content\/uploads\/2025\/02\/image-46.png\" alt=\"\" class=\"wp-image-42678\" style=\"width:840px;height:auto\" srcset=\"https:\/\/www.vagadeempregorj.com.br\/wp-content\/uploads\/2025\/02\/image-46.png 835w, https:\/\/www.vagadeempregorj.com.br\/wp-content\/uploads\/2025\/02\/image-46-300x129.png 300w, https:\/\/www.vagadeempregorj.com.br\/wp-content\/uploads\/2025\/02\/image-46-768x331.png 768w, https:\/\/www.vagadeempregorj.com.br\/wp-content\/uploads\/2025\/02\/image-46-150x65.png 150w\" sizes=\"auto, (max-width: 835px) 100vw, 835px\" \/><\/figure>\n\n\n\n<h2 class=\"wp-block-heading\">Quais s\u00e3o as oportunidades de carreira na Porsche Cup Brasil?<\/h2>\n\n\n\n<p>A Porsche Cup Brasil n\u00e3o \u00e9 apenas sin\u00f4nimo de adrenalina nas pistas, mas tamb\u00e9m de excel\u00eancia nos bastidores. A organiza\u00e7\u00e3o est\u00e1 em busca de profissionais dedicados e apaixonados para diversas \u00e1reas. Aqui est\u00e3o algumas das oportunidades dispon\u00edveis:<\/p>\n\n\n\n<h3 class=\"wp-block-heading\">Analista de Engenharia<\/h3>\n\n\n\n<p>Como Analista de Engenharia, voc\u00ea ser\u00e1 pe\u00e7a-chave no desenvolvimento e aprimoramento dos carros de corrida. Suas responsabilidades incluir\u00e3o:<\/p>\n\n\n\n<ul class=\"wp-block-list\">\n<li><strong>An\u00e1lise de desempenho<\/strong>: Avaliar dados t\u00e9cnicos para otimizar a performance dos ve\u00edculos.<\/li>\n\n\n\n<li><strong>Desenvolvimento de projetos<\/strong>: Colaborar na cria\u00e7\u00e3o e implementa\u00e7\u00e3o de melhorias nos carros.<\/li>\n\n\n\n<li><strong>Suporte t\u00e9cnico<\/strong>: Oferecer assist\u00eancia durante os eventos e testes, garantindo que tudo funcione perfeitamente.<\/li>\n<\/ul>\n\n\n\n<h3 class=\"wp-block-heading\">Analista de Melhoria Cont\u00ednua<\/h3>\n\n\n\n<p>Nesta fun\u00e7\u00e3o, o foco \u00e9 garantir que os processos internos sejam eficientes e eficazes. Suas tarefas envolver\u00e3o:<\/p>\n\n\n\n<ul class=\"wp-block-list\">\n<li><strong>Mapeamento de processos<\/strong>: Identificar \u00e1reas que necessitam de melhorias.<\/li>\n\n\n\n<li><strong>Implementa\u00e7\u00e3o de solu\u00e7\u00f5es<\/strong>: Desenvolver e aplicar estrat\u00e9gias para otimizar opera\u00e7\u00f5es.<\/li>\n\n\n\n<li><strong>Treinamento de equipes<\/strong>: Capacitar colaboradores para adotarem as melhores pr\u00e1ticas.<\/li>\n<\/ul>\n\n\n\n<h3 class=\"wp-block-heading\">Auxiliar de Estoque<\/h3>\n\n\n\n<p>O Auxiliar de Estoque \u00e9 fundamental para manter a organiza\u00e7\u00e3o e disponibilidade de pe\u00e7as e equipamentos. Suas principais atividades ser\u00e3o:<\/p>\n\n\n\n<ul class=\"wp-block-list\">\n<li><strong>Controle de invent\u00e1rio<\/strong>: Monitorar entradas e sa\u00eddas de materiais.<\/li>\n\n\n\n<li><strong>Organiza\u00e7\u00e3o do espa\u00e7o<\/strong>: Garantir que o estoque esteja sempre arrumado e de f\u00e1cil acesso.<\/li>\n\n\n\n<li><strong>Apoio log\u00edstico<\/strong>: Auxiliar na distribui\u00e7\u00e3o de pe\u00e7as durante os eventos e manuten\u00e7\u00f5es.<\/li>\n<\/ul>\n\n\n\n<h3 class=\"wp-block-heading\">Estagi\u00e1rio em Marketing<\/h3>\n\n\n\n<p>Para os estudantes que desejam iniciar carreira no marketing esportivo, esta \u00e9 uma oportunidade imperd\u00edvel. Como estagi\u00e1rio, voc\u00ea ir\u00e1:<\/p>\n\n\n\n<ul class=\"wp-block-list\">\n<li><strong>Cria\u00e7\u00e3o de conte\u00fado<\/strong>: Desenvolver materiais para redes sociais e outras plataformas.<\/li>\n\n\n\n<li><strong>An\u00e1lise de mercado<\/strong>: Estudar tend\u00eancias e auxiliar na elabora\u00e7\u00e3o de estrat\u00e9gias.<\/li>\n\n\n\n<li><strong>Apoio em eventos<\/strong>: Participar da organiza\u00e7\u00e3o e promo\u00e7\u00e3o dos eventos da Porsche Cup.<\/li>\n<\/ul>\n\n\n\n<h3 class=\"wp-block-heading\">Banco de Talentos | Mec\u00e2nicos Freelancers<\/h3>\n\n\n\n<p>Se voc\u00ea \u00e9 um mec\u00e2nico experiente e busca flexibilidade, a Porsche Cup Brasil mant\u00e9m um banco de talentos para freelancers. As principais fun\u00e7\u00f5es incluem:<\/p>\n\n\n\n<ul class=\"wp-block-list\">\n<li><strong>Manuten\u00e7\u00e3o preventiva e corretiva<\/strong>: Assegurar que os ve\u00edculos estejam em perfeitas condi\u00e7\u00f5es.<\/li>\n\n\n\n<li><strong>Diagn\u00f3stico de problemas<\/strong>: Identificar e resolver falhas mec\u00e2nicas rapidamente.<\/li>\n\n\n\n<li><strong>Apoio em pista<\/strong>: Estar dispon\u00edvel durante as corridas para interven\u00e7\u00f5es necess\u00e1rias.<\/li>\n<\/ul>\n\n\n\n<h2 class=\"wp-block-heading\">Como se candidatar?<\/h2>\n\n\n\n<p>Interessado em alguma dessas oportunidades? O processo para se candidatar \u00e9 simples e direto. Siga os passos abaixo:<\/p>\n\n\n\n<ul class=\"wp-block-list\">\n<li>Digite em seu navegador o endere\u00e7o <strong>https:\/\/porschegt3cup.gupy.io\/<\/strong>.<\/li>\n\n\n\n<li>Conhe\u00e7a as oportunidades abertas e escolha a que mais se alinha ao seu perfil e interesse.<\/li>\n\n\n\n<li>Ao encontrar a oportunidade ideal, clique sobre ela para obter mais detalhes.<\/li>\n\n\n\n<li>Dentro da descri\u00e7\u00e3o da vaga, haver\u00e1 um bot\u00e3o para se candidatar. Clique nele e siga as instru\u00e7\u00f5es fornecidas, preenchendo suas informa\u00e7\u00f5es e anexando seu curr\u00edculo.<\/li>\n<\/ul>\n\n\n\n<p>Lembre-se de que a Porsche Cup Brasil valoriza profissionais comprometidos, apaixonados por automobilismo e que buscam constantemente superar desafios. Se voc\u00ea se encaixa nesse perfil, n\u00e3o perca tempo e inscreva-se j\u00e1.<\/p>\n\n\n\n<p>Trabalhar na Porsche Cup Brasil \u00e9 mais do que um emprego; \u00e9 fazer parte de uma fam\u00edlia que vive e respira velocidade, inova\u00e7\u00e3o e excel\u00eancia. Esta \u00e9 a sua chance de transformar sua paix\u00e3o em profiss\u00e3o e crescer em um ambiente din\u00e2mico e inspirador.<\/p>\n\n\n\n<p>Ent\u00e3o, o que est\u00e1 esperando? Acelere sua carreira e venha fazer parte da equipe que leva emo\u00e7\u00e3o e adrenalina aos f\u00e3s de automobilismo em todo o pa\u00eds. Nos vemos na pista!<\/p>\n\n\n\n<p><strong>Veja tamb\u00e9m: <a href=\"https:\/\/www.vagadeempregorj.com.br\/ar\/grupo-lider-64-vagas-de-emprego-pelo-pais\/\">Grupo Lider: 64 vagas de emprego pelo pa\u00eds<\/a><\/strong><\/p>\n\n\n\n<p>7 de mar\u00e7o de 2025<\/p>","protected":false},"excerpt":{"rendered":"<p>Apaixonado por velocidade e automobilismo? Se voc\u00ea sempre sonhou em trabalhar nos bastidores de uma das competi\u00e7\u00f5es mais emocionantes do pa\u00eds, tenho uma not\u00edcia incr\u00edvel para voc\u00ea. A Porsche Cup Brasil, a maior categoria monomarca da Am\u00e9rica Latina, est\u00e1 com novas oportunidades de carreira. Vamos juntos explorar essas chances e descobrir como voc\u00ea pode fazer&hellip;&nbsp;<\/p>","protected":false},"author":16,"featured_media":42678,"comment_status":"closed","ping_status":"closed","sticky":false,"template":"","format":"standard","meta":{"neve_meta_sidebar":"","neve_meta_container":"","neve_meta_enable_content_width":"","neve_meta_content_width":0,"neve_meta_title_alignment":"","neve_meta_author_avatar":"","neve_post_elements_order":"","neve_meta_disable_header":"","neve_meta_disable_footer":"","neve_meta_disable_title":"","footnotes":""},"categories":[123],"tags":[],"class_list":["post-42663","post","type-post","status-publish","format-standard","has-post-thumbnail","hentry","category-vagas-de-emprego-nacionais"],"yoast_head":"<!-- This site is optimized with the Yoast SEO plugin v27.5 - https:\/\/yoast.com\/product\/yoast-seo-wordpress\/ -->\n<title>Porsche Cup Brasil: NOVAS vagas de emprego abertas no pa\u00eds -<\/title>\n<meta name=\"description\" content=\"Veja em Vagas de Emprego RJ as vagas de emprego com e sem experi\u00eancia no seu Estado e Regi\u00e3o!\" \/>\n<meta name=\"robots\" content=\"index, follow, max-snippet:-1, max-image-preview:large, max-video-preview:-1\" \/>\n<link rel=\"canonical\" href=\"https:\/\/www.vagadeempregorj.com.br\/ar\/porsche-cup-brasil-novas-vagas-de-emprego-abertas-no-pais\/\" \/>\n<meta property=\"og:locale\" content=\"ar_AR\" \/>\n<meta property=\"og:type\" content=\"article\" \/>\n<meta property=\"og:title\" content=\"Porsche Cup Brasil: NOVAS vagas de emprego abertas no pa\u00eds -\" \/>\n<meta property=\"og:description\" content=\"Veja em Vagas de Emprego RJ as vagas de emprego com e sem experi\u00eancia no seu Estado e Regi\u00e3o!\" \/>\n<meta property=\"og:url\" content=\"https:\/\/www.vagadeempregorj.com.br\/ar\/porsche-cup-brasil-novas-vagas-de-emprego-abertas-no-pais\/\" \/>\n<meta property=\"article:publisher\" content=\"https:\/\/www.facebook.com\/empregobrasiloficial\" \/>\n<meta property=\"article:published_time\" content=\"2025-03-07T09:00:00+00:00\" \/>\n<meta property=\"og:image\" content=\"https:\/\/www.vagadeempregorj.com.br\/wp-content\/uploads\/2025\/02\/image-46.png\" \/>\n\t<meta property=\"og:image:width\" content=\"835\" \/>\n\t<meta property=\"og:image:height\" content=\"360\" \/>\n\t<meta property=\"og:image:type\" content=\"image\/png\" \/>\n<meta name=\"author\" content=\"Michele\" \/>\n<meta name=\"twitter:card\" content=\"summary_large_image\" \/>\n<meta name=\"twitter:label1\" content=\"Written by\" \/>\n\t<meta name=\"twitter:data1\" content=\"Michele\" \/>\n\t<meta name=\"twitter:label2\" content=\"Est. reading time\" \/>\n\t<meta name=\"twitter:data2\" content=\"3 \u062f\u0642\u0627\u0626\u0642\" \/>\n<script type=\"application\/ld+json\" class=\"yoast-schema-graph\">{\"@context\":\"https:\\\/\\\/schema.org\",\"@graph\":[{\"@type\":\"Article\",\"@id\":\"https:\\\/\\\/www.vagadeempregorj.com.br\\\/porsche-cup-brasil-novas-vagas-de-emprego-abertas-no-pais\\\/#article\",\"isPartOf\":{\"@id\":\"https:\\\/\\\/www.vagadeempregorj.com.br\\\/porsche-cup-brasil-novas-vagas-de-emprego-abertas-no-pais\\\/\"},\"author\":{\"name\":\"Michele\",\"@id\":\"https:\\\/\\\/www.vagadeempregorj.com.br\\\/#\\\/schema\\\/person\\\/3ddb19fa0539706786e502152f3aae95\"},\"headline\":\"Porsche Cup Brasil: NOVAS vagas de emprego abertas no pa\u00eds\",\"datePublished\":\"2025-03-07T09:00:00+00:00\",\"mainEntityOfPage\":{\"@id\":\"https:\\\/\\\/www.vagadeempregorj.com.br\\\/porsche-cup-brasil-novas-vagas-de-emprego-abertas-no-pais\\\/\"},\"wordCount\":682,\"image\":{\"@id\":\"https:\\\/\\\/www.vagadeempregorj.com.br\\\/porsche-cup-brasil-novas-vagas-de-emprego-abertas-no-pais\\\/#primaryimage\"},\"thumbnailUrl\":\"https:\\\/\\\/www.vagadeempregorj.com.br\\\/wp-content\\\/uploads\\\/2025\\\/02\\\/image-46.png\",\"articleSection\":[\"Vagas de Emprego Nacionais\"],\"inLanguage\":\"ar\"},{\"@type\":\"WebPage\",\"@id\":\"https:\\\/\\\/www.vagadeempregorj.com.br\\\/porsche-cup-brasil-novas-vagas-de-emprego-abertas-no-pais\\\/\",\"url\":\"https:\\\/\\\/www.vagadeempregorj.com.br\\\/porsche-cup-brasil-novas-vagas-de-emprego-abertas-no-pais\\\/\",\"name\":\"Porsche Cup Brasil: NOVAS vagas de emprego abertas no pa\u00eds -\",\"isPartOf\":{\"@id\":\"https:\\\/\\\/www.vagadeempregorj.com.br\\\/#website\"},\"primaryImageOfPage\":{\"@id\":\"https:\\\/\\\/www.vagadeempregorj.com.br\\\/porsche-cup-brasil-novas-vagas-de-emprego-abertas-no-pais\\\/#primaryimage\"},\"image\":{\"@id\":\"https:\\\/\\\/www.vagadeempregorj.com.br\\\/porsche-cup-brasil-novas-vagas-de-emprego-abertas-no-pais\\\/#primaryimage\"},\"thumbnailUrl\":\"https:\\\/\\\/www.vagadeempregorj.com.br\\\/wp-content\\\/uploads\\\/2025\\\/02\\\/image-46.png\",\"datePublished\":\"2025-03-07T09:00:00+00:00\",\"author\":{\"@id\":\"https:\\\/\\\/www.vagadeempregorj.com.br\\\/#\\\/schema\\\/person\\\/3ddb19fa0539706786e502152f3aae95\"},\"description\":\"Veja em Vagas de Emprego RJ as vagas de emprego com e sem experi\u00eancia no seu Estado e Regi\u00e3o!\",\"breadcrumb\":{\"@id\":\"https:\\\/\\\/www.vagadeempregorj.com.br\\\/porsche-cup-brasil-novas-vagas-de-emprego-abertas-no-pais\\\/#breadcrumb\"},\"inLanguage\":\"ar\",\"potentialAction\":[{\"@type\":\"ReadAction\",\"target\":[\"https:\\\/\\\/www.vagadeempregorj.com.br\\\/porsche-cup-brasil-novas-vagas-de-emprego-abertas-no-pais\\\/\"]}]},{\"@type\":\"ImageObject\",\"inLanguage\":\"ar\",\"@id\":\"https:\\\/\\\/www.vagadeempregorj.com.br\\\/porsche-cup-brasil-novas-vagas-de-emprego-abertas-no-pais\\\/#primaryimage\",\"url\":\"https:\\\/\\\/www.vagadeempregorj.com.br\\\/wp-content\\\/uploads\\\/2025\\\/02\\\/image-46.png\",\"contentUrl\":\"https:\\\/\\\/www.vagadeempregorj.com.br\\\/wp-content\\\/uploads\\\/2025\\\/02\\\/image-46.png\",\"width\":835,\"height\":360},{\"@type\":\"BreadcrumbList\",\"@id\":\"https:\\\/\\\/www.vagadeempregorj.com.br\\\/porsche-cup-brasil-novas-vagas-de-emprego-abertas-no-pais\\\/#breadcrumb\",\"itemListElement\":[{\"@type\":\"ListItem\",\"position\":1,\"name\":\"In\u00edcio\",\"item\":\"https:\\\/\\\/www.vagadeempregorj.com.br\\\/\"},{\"@type\":\"ListItem\",\"position\":2,\"name\":\"Vagas de Emprego Nacionais\",\"item\":\"https:\\\/\\\/www.vagadeempregorj.com.br\\\/vagas-de-emprego-nacionais\\\/\"},{\"@type\":\"ListItem\",\"position\":3,\"name\":\"Porsche Cup Brasil: NOVAS vagas de emprego abertas no pa\u00eds\"}]},{\"@type\":\"WebSite\",\"@id\":\"https:\\\/\\\/www.vagadeempregorj.com.br\\\/#website\",\"url\":\"https:\\\/\\\/www.vagadeempregorj.com.br\\\/\",\"name\":\"\",\"description\":\"Conquiste Sonhos: Vagas, Benef\u00edcios e Economia para Transformar Vidas e Alcan\u00e7ar Melhorias Cotidianas\",\"potentialAction\":[{\"@type\":\"SearchAction\",\"target\":{\"@type\":\"EntryPoint\",\"urlTemplate\":\"https:\\\/\\\/www.vagadeempregorj.com.br\\\/?s={search_term_string}\"},\"query-input\":{\"@type\":\"PropertyValueSpecification\",\"valueRequired\":true,\"valueName\":\"search_term_string\"}}],\"inLanguage\":\"ar\"},{\"@type\":\"Person\",\"@id\":\"https:\\\/\\\/www.vagadeempregorj.com.br\\\/#\\\/schema\\\/person\\\/3ddb19fa0539706786e502152f3aae95\",\"name\":\"Michele\",\"image\":{\"@type\":\"ImageObject\",\"inLanguage\":\"ar\",\"@id\":\"https:\\\/\\\/secure.gravatar.com\\\/avatar\\\/6b0eb9d22841282815e2cd856a0061c45e1761cd54b22e952d98c4746939aa85?s=96&r=g\",\"url\":\"https:\\\/\\\/secure.gravatar.com\\\/avatar\\\/6b0eb9d22841282815e2cd856a0061c45e1761cd54b22e952d98c4746939aa85?s=96&r=g\",\"contentUrl\":\"https:\\\/\\\/secure.gravatar.com\\\/avatar\\\/6b0eb9d22841282815e2cd856a0061c45e1761cd54b22e952d98c4746939aa85?s=96&r=g\",\"caption\":\"Michele\"},\"description\":\"Formada em Letras - Portugu\u00eas\\\/ Ingl\u00eas, e idealizadora do site Escritora de Sucesso, busca expandir o conhecimento de todos com informa\u00e7\u00f5es relevantes sobre diversos assuntos, enquanto redatora. No Vaga de Emprego RJ, traz oportunidades e dicas sobre o mercado de trabalho.\",\"url\":\"https:\\\/\\\/www.vagadeempregorj.com.br\\\/ar\\\/author\\\/michele\\\/\"}]}<\/script>\n<!-- \/ Yoast SEO plugin. -->","yoast_head_json":{"title":"Porsche Cup Brasil: NOVAS vagas de emprego abertas no pa\u00eds -","description":"Veja em Vagas de Emprego RJ as vagas de emprego com e sem experi\u00eancia no seu Estado e Regi\u00e3o!","robots":{"index":"index","follow":"follow","max-snippet":"max-snippet:-1","max-image-preview":"max-image-preview:large","max-video-preview":"max-video-preview:-1"},"canonical":"https:\/\/www.vagadeempregorj.com.br\/ar\/porsche-cup-brasil-novas-vagas-de-emprego-abertas-no-pais\/","og_locale":"ar_AR","og_type":"article","og_title":"Porsche Cup Brasil: NOVAS vagas de emprego abertas no pa\u00eds -","og_description":"Veja em Vagas de Emprego RJ as vagas de emprego com e sem experi\u00eancia no seu Estado e Regi\u00e3o!","og_url":"https:\/\/www.vagadeempregorj.com.br\/ar\/porsche-cup-brasil-novas-vagas-de-emprego-abertas-no-pais\/","article_publisher":"https:\/\/www.facebook.com\/empregobrasiloficial","article_published_time":"2025-03-07T09:00:00+00:00","og_image":[{"width":835,"height":360,"url":"https:\/\/www.vagadeempregorj.com.br\/wp-content\/uploads\/2025\/02\/image-46.png","type":"image\/png"}],"author":"Michele","twitter_card":"summary_large_image","twitter_misc":{"Written by":"Michele","Est. reading time":"3 \u062f\u0642\u0627\u0626\u0642"},"schema":{"@context":"https:\/\/schema.org","@graph":[{"@type":"Article","@id":"https:\/\/www.vagadeempregorj.com.br\/porsche-cup-brasil-novas-vagas-de-emprego-abertas-no-pais\/#article","isPartOf":{"@id":"https:\/\/www.vagadeempregorj.com.br\/porsche-cup-brasil-novas-vagas-de-emprego-abertas-no-pais\/"},"author":{"name":"Michele","@id":"https:\/\/www.vagadeempregorj.com.br\/#\/schema\/person\/3ddb19fa0539706786e502152f3aae95"},"headline":"Porsche Cup Brasil: NOVAS vagas de emprego abertas no pa\u00eds","datePublished":"2025-03-07T09:00:00+00:00","mainEntityOfPage":{"@id":"https:\/\/www.vagadeempregorj.com.br\/porsche-cup-brasil-novas-vagas-de-emprego-abertas-no-pais\/"},"wordCount":682,"image":{"@id":"https:\/\/www.vagadeempregorj.com.br\/porsche-cup-brasil-novas-vagas-de-emprego-abertas-no-pais\/#primaryimage"},"thumbnailUrl":"https:\/\/www.vagadeempregorj.com.br\/wp-content\/uploads\/2025\/02\/image-46.png","articleSection":["Vagas de Emprego Nacionais"],"inLanguage":"ar"},{"@type":"WebPage","@id":"https:\/\/www.vagadeempregorj.com.br\/porsche-cup-brasil-novas-vagas-de-emprego-abertas-no-pais\/","url":"https:\/\/www.vagadeempregorj.com.br\/porsche-cup-brasil-novas-vagas-de-emprego-abertas-no-pais\/","name":"Porsche Cup Brasil: NOVAS vagas de emprego abertas no pa\u00eds -","isPartOf":{"@id":"https:\/\/www.vagadeempregorj.com.br\/#website"},"primaryImageOfPage":{"@id":"https:\/\/www.vagadeempregorj.com.br\/porsche-cup-brasil-novas-vagas-de-emprego-abertas-no-pais\/#primaryimage"},"image":{"@id":"https:\/\/www.vagadeempregorj.com.br\/porsche-cup-brasil-novas-vagas-de-emprego-abertas-no-pais\/#primaryimage"},"thumbnailUrl":"https:\/\/www.vagadeempregorj.com.br\/wp-content\/uploads\/2025\/02\/image-46.png","datePublished":"2025-03-07T09:00:00+00:00","author":{"@id":"https:\/\/www.vagadeempregorj.com.br\/#\/schema\/person\/3ddb19fa0539706786e502152f3aae95"},"description":"Veja em Vagas de Emprego RJ as vagas de emprego com e sem experi\u00eancia no seu Estado e Regi\u00e3o!","breadcrumb":{"@id":"https:\/\/www.vagadeempregorj.com.br\/porsche-cup-brasil-novas-vagas-de-emprego-abertas-no-pais\/#breadcrumb"},"inLanguage":"ar","potentialAction":[{"@type":"ReadAction","target":["https:\/\/www.vagadeempregorj.com.br\/porsche-cup-brasil-novas-vagas-de-emprego-abertas-no-pais\/"]}]},{"@type":"ImageObject","inLanguage":"ar","@id":"https:\/\/www.vagadeempregorj.com.br\/porsche-cup-brasil-novas-vagas-de-emprego-abertas-no-pais\/#primaryimage","url":"https:\/\/www.vagadeempregorj.com.br\/wp-content\/uploads\/2025\/02\/image-46.png","contentUrl":"https:\/\/www.vagadeempregorj.com.br\/wp-content\/uploads\/2025\/02\/image-46.png","width":835,"height":360},{"@type":"BreadcrumbList","@id":"https:\/\/www.vagadeempregorj.com.br\/porsche-cup-brasil-novas-vagas-de-emprego-abertas-no-pais\/#breadcrumb","itemListElement":[{"@type":"ListItem","position":1,"name":"In\u00edcio","item":"https:\/\/www.vagadeempregorj.com.br\/"},{"@type":"ListItem","position":2,"name":"Vagas de Emprego Nacionais","item":"https:\/\/www.vagadeempregorj.com.br\/vagas-de-emprego-nacionais\/"},{"@type":"ListItem","position":3,"name":"Porsche Cup Brasil: NOVAS vagas de emprego abertas no pa\u00eds"}]},{"@type":"WebSite","@id":"https:\/\/www.vagadeempregorj.com.br\/#website","url":"https:\/\/www.vagadeempregorj.com.br\/","name":"","description":"Conquiste Sonhos: Vagas, Benef\u00edcios e Economia para Transformar Vidas e Alcan\u00e7ar Melhorias Cotidianas","potentialAction":[{"@type":"SearchAction","target":{"@type":"EntryPoint","urlTemplate":"https:\/\/www.vagadeempregorj.com.br\/?s={search_term_string}"},"query-input":{"@type":"PropertyValueSpecification","valueRequired":true,"valueName":"search_term_string"}}],"inLanguage":"ar"},{"@type":"Person","@id":"https:\/\/www.vagadeempregorj.com.br\/#\/schema\/person\/3ddb19fa0539706786e502152f3aae95","name":"Michele","image":{"@type":"ImageObject","inLanguage":"ar","@id":"https:\/\/secure.gravatar.com\/avatar\/6b0eb9d22841282815e2cd856a0061c45e1761cd54b22e952d98c4746939aa85?s=96&r=g","url":"https:\/\/secure.gravatar.com\/avatar\/6b0eb9d22841282815e2cd856a0061c45e1761cd54b22e952d98c4746939aa85?s=96&r=g","contentUrl":"https:\/\/secure.gravatar.com\/avatar\/6b0eb9d22841282815e2cd856a0061c45e1761cd54b22e952d98c4746939aa85?s=96&r=g","caption":"Michele"},"description":"Formada em Letras - Portugu\u00eas\/ Ingl\u00eas, e idealizadora do site Escritora de Sucesso, busca expandir o conhecimento de todos com informa\u00e7\u00f5es relevantes sobre diversos assuntos, enquanto redatora. No Vaga de Emprego RJ, traz oportunidades e dicas sobre o mercado de trabalho.","url":"https:\/\/www.vagadeempregorj.com.br\/ar\/author\/michele\/"}]}},"_links":{"self":[{"href":"https:\/\/www.vagadeempregorj.com.br\/ar\/wp-json\/wp\/v2\/posts\/42663","targetHints":{"allow":["GET"]}}],"collection":[{"href":"https:\/\/www.vagadeempregorj.com.br\/ar\/wp-json\/wp\/v2\/posts"}],"about":[{"href":"https:\/\/www.vagadeempregorj.com.br\/ar\/wp-json\/wp\/v2\/types\/post"}],"author":[{"embeddable":true,"href":"https:\/\/www.vagadeempregorj.com.br\/ar\/wp-json\/wp\/v2\/users\/16"}],"replies":[{"embeddable":true,"href":"https:\/\/www.vagadeempregorj.com.br\/ar\/wp-json\/wp\/v2\/comments?post=42663"}],"version-history":[{"count":0,"href":"https:\/\/www.vagadeempregorj.com.br\/ar\/wp-json\/wp\/v2\/posts\/42663\/revisions"}],"wp:featuredmedia":[{"embeddable":true,"href":"https:\/\/www.vagadeempregorj.com.br\/ar\/wp-json\/wp\/v2\/media\/42678"}],"wp:attachment":[{"href":"https:\/\/www.vagadeempregorj.com.br\/ar\/wp-json\/wp\/v2\/media?parent=42663"}],"wp:term":[{"taxonomy":"category","embeddable":true,"href":"https:\/\/www.vagadeempregorj.com.br\/ar\/wp-json\/wp\/v2\/categories?post=42663"},{"taxonomy":"post_tag","embeddable":true,"href":"https:\/\/www.vagadeempregorj.com.br\/ar\/wp-json\/wp\/v2\/tags?post=42663"}],"curies":[{"name":"wp","href":"https:\/\/api.w.org\/{rel}","templated":true}]}}