{"id":42669,"date":"2025-03-10T06:00:00","date_gmt":"2025-03-10T09:00:00","guid":{"rendered":"https:\/\/www.vagadeempregorj.com.br\/?p=42669"},"modified":"2025-02-18T19:01:32","modified_gmt":"2025-02-18T22:01:32","slug":"raizen-442-novas-vagas-de-emprego-pelo-pais","status":"publish","type":"post","link":"https:\/\/www.vagadeempregorj.com.br\/ar\/raizen-442-novas-vagas-de-emprego-pelo-pais\/","title":{"rendered":"Ra\u00edzen: 442 novas vagas de EMPREGO pelo pa\u00eds"},"content":{"rendered":"<p>Voc\u00ea j\u00e1 pensou em fazer parte de uma das maiores empresas do Brasil? A <strong>Ra\u00edzen<\/strong>, gigante do setor de energia, est\u00e1 ampliando seu time e abrindo 442 novas oportunidades de emprego em diversas regi\u00f5es do pa\u00eds. Esta \u00e9 a sua chance de ingressar em uma companhia que valoriza a inova\u00e7\u00e3o, a sustentabilidade e o desenvolvimento profissional.<\/p>\n\n\n\n<figure class=\"wp-block-image size-full\"><img loading=\"lazy\" decoding=\"async\" width=\"860\" height=\"420\" src=\"https:\/\/www.vagadeempregorj.com.br\/wp-content\/uploads\/2025\/02\/image-49.png\" alt=\"\" class=\"wp-image-42681\" srcset=\"https:\/\/www.vagadeempregorj.com.br\/wp-content\/uploads\/2025\/02\/image-49.png 860w, https:\/\/www.vagadeempregorj.com.br\/wp-content\/uploads\/2025\/02\/image-49-300x147.png 300w, https:\/\/www.vagadeempregorj.com.br\/wp-content\/uploads\/2025\/02\/image-49-768x375.png 768w, https:\/\/www.vagadeempregorj.com.br\/wp-content\/uploads\/2025\/02\/image-49-150x73.png 150w\" sizes=\"auto, (max-width: 860px) 100vw, 860px\" \/><\/figure>\n\n\n\n<h2 class=\"wp-block-heading\">Quais s\u00e3o as oportunidades de carreira na Ra\u00edzen?<\/h2>\n\n\n\n<p>A Ra\u00edzen oferece uma variedade de cargos que abrangem diferentes \u00e1reas e n\u00edveis de experi\u00eancia. A seguir, destacamos algumas das principais oportunidades dispon\u00edveis:<\/p>\n\n\n\n<h3 class=\"wp-block-heading\">Analista de Planejamento e Controle de Manuten\u00e7\u00e3o<\/h3>\n\n\n\n<p>Como Analista de Planejamento e Controle de Manuten\u00e7\u00e3o, voc\u00ea ser\u00e1 respons\u00e1vel por planejar e controlar as atividades de manuten\u00e7\u00e3o, garantindo a efici\u00eancia operacional e a disponibilidade dos equipamentos. Este papel \u00e9 crucial para manter a excel\u00eancia nos processos industriais da empresa.<\/p>\n\n\n\n<h3 class=\"wp-block-heading\">T\u00e9cnico de Seguran\u00e7a do Trabalho<\/h3>\n\n\n\n<p>A seguran\u00e7a \u00e9 uma prioridade na Ra\u00edzen. O T\u00e9cnico de Seguran\u00e7a do Trabalho atua na preven\u00e7\u00e3o de acidentes, promovendo treinamentos e implementando normas de seguran\u00e7a. Se voc\u00ea tem forma\u00e7\u00e3o na \u00e1rea e deseja contribuir para um ambiente de trabalho seguro, esta pode ser a oportunidade ideal.<\/p>\n\n\n\n<h3 class=\"wp-block-heading\">Operador de Produ\u00e7\u00e3o<\/h3>\n\n\n\n<p>Para quem busca uma posi\u00e7\u00e3o operacional, o cargo de Operador de Produ\u00e7\u00e3o envolve o monitoramento e a opera\u00e7\u00e3o de m\u00e1quinas e equipamentos nos processos de produ\u00e7\u00e3o de etanol, a\u00e7\u00facar e bioenergia. \u00c9 uma fun\u00e7\u00e3o essencial para o funcionamento das unidades produtivas da Ra\u00edzen.<\/p>\n\n\n\n<h3 class=\"wp-block-heading\">Engenheiro de Projetos<\/h3>\n\n\n\n<p>Como Engenheiro de Projetos, voc\u00ea participar\u00e1 do desenvolvimento e implementa\u00e7\u00e3o de projetos de infraestrutura e melhoria cont\u00ednua. Este papel exige habilidades t\u00e9cnicas e capacidade de gest\u00e3o para assegurar que os projetos sejam conclu\u00eddos dentro do prazo e do or\u00e7amento estabelecidos.<\/p>\n\n\n\n<h3 class=\"wp-block-heading\">Analista de Compliance<\/h3>\n\n\n\n<p>O Analista de Compliance tem a miss\u00e3o de garantir que todas as opera\u00e7\u00f5es da empresa estejam em conformidade com as regulamenta\u00e7\u00f5es internas e externas. Se voc\u00ea possui conhecimento em legisla\u00e7\u00e3o e \u00e9tica corporativa, esta posi\u00e7\u00e3o oferece a oportunidade de atuar diretamente na governan\u00e7a da Ra\u00edzen.<\/p>\n\n\n\n<h2 class=\"wp-block-heading\">Como se candidatar?<\/h2>\n\n\n\n<p>Interessado em fazer parte do time Ra\u00edzen? O processo de candidatura \u00e9 simples e pode ser realizado online. Siga os passos abaixo para se inscrever:<\/p>\n\n\n\n<ul class=\"wp-block-list\">\n<li>Acesse o portal de carreiras da Ra\u00edzen: <strong>https:\/\/carreiras.raizen.com.br\/<\/strong><\/li>\n\n\n\n<li>Utilize os filtros para encontrar oportunidades que correspondam ao seu perfil e interesse.<\/li>\n\n\n\n<li>Clique na posi\u00e7\u00e3o para visualizar os detalhes e requisitos.<\/li>\n\n\n\n<li>Voc\u00ea ser\u00e1 direcionado para a plataforma de recrutamento da Ra\u00edzen.<\/li>\n\n\n\n<li>Forne\u00e7a suas informa\u00e7\u00f5es pessoais, experi\u00eancia profissional e anexe seu curr\u00edculo atualizado.<\/li>\n\n\n\n<li>Ap\u00f3s revisar todas as informa\u00e7\u00f5es, confirme o envio da sua inscri\u00e7\u00e3o.<\/li>\n<\/ul>\n\n\n\n<p>Lembre-se de que manter seu curr\u00edculo atualizado e destacar suas habilidades relevantes aumentar\u00e1 suas chances de sucesso no processo seletivo.<\/p>\n\n\n\n<p>A <strong>Ra\u00edzen <\/strong>valoriza a diversidade e incentiva candidatos de todas as regi\u00f5es e perfis a se inscreverem. Esta \u00e9 uma oportunidade \u00fanica de crescer profissionalmente em uma empresa que est\u00e1 na vanguarda da transi\u00e7\u00e3o energ\u00e9tica no Brasil. N\u00e3o perca tempo e candidate-se j\u00e1!<\/p>\n\n\n\n<p><strong>Veja tamb\u00e9m: <a href=\"https:\/\/www.vagadeempregorj.com.br\/ar\/grupo-lider-64-vagas-de-emprego-pelo-pais\/\">Grupo Lider: 64 vagas de emprego pelo pa\u00eds<\/a><\/strong><\/p>\n\n\n\n<p>10 de mar\u00e7o de 2025<\/p>","protected":false},"excerpt":{"rendered":"<p>Voc\u00ea j\u00e1 pensou em fazer parte de uma das maiores empresas do Brasil? A Ra\u00edzen, gigante do setor de energia, est\u00e1 ampliando seu time e abrindo 442 novas oportunidades de emprego em diversas regi\u00f5es do pa\u00eds. Esta \u00e9 a sua chance de ingressar em uma companhia que valoriza a inova\u00e7\u00e3o, a sustentabilidade e o desenvolvimento&hellip;&nbsp;<\/p>","protected":false},"author":16,"featured_media":42681,"comment_status":"closed","ping_status":"closed","sticky":false,"template":"","format":"standard","meta":{"neve_meta_sidebar":"","neve_meta_container":"","neve_meta_enable_content_width":"","neve_meta_content_width":0,"neve_meta_title_alignment":"","neve_meta_author_avatar":"","neve_post_elements_order":"","neve_meta_disable_header":"","neve_meta_disable_footer":"","neve_meta_disable_title":"","footnotes":""},"categories":[123],"tags":[],"class_list":["post-42669","post","type-post","status-publish","format-standard","has-post-thumbnail","hentry","category-vagas-de-emprego-nacionais"],"yoast_head":"<!-- This site is optimized with the Yoast SEO plugin v27.5 - https:\/\/yoast.com\/product\/yoast-seo-wordpress\/ -->\n<title>Ra\u00edzen: 442 novas vagas de EMPREGO pelo pa\u00eds -<\/title>\n<meta name=\"description\" content=\"Veja em Vagas de Emprego RJ as vagas de emprego com e sem experi\u00eancia no seu Estado e Regi\u00e3o!\" \/>\n<meta name=\"robots\" content=\"index, follow, max-snippet:-1, max-image-preview:large, max-video-preview:-1\" \/>\n<link rel=\"canonical\" href=\"https:\/\/www.vagadeempregorj.com.br\/ar\/raizen-442-novas-vagas-de-emprego-pelo-pais\/\" \/>\n<meta property=\"og:locale\" content=\"ar_AR\" \/>\n<meta property=\"og:type\" content=\"article\" \/>\n<meta property=\"og:title\" content=\"Ra\u00edzen: 442 novas vagas de EMPREGO pelo pa\u00eds -\" \/>\n<meta property=\"og:description\" content=\"Veja em Vagas de Emprego RJ as vagas de emprego com e sem experi\u00eancia no seu Estado e Regi\u00e3o!\" \/>\n<meta property=\"og:url\" content=\"https:\/\/www.vagadeempregorj.com.br\/ar\/raizen-442-novas-vagas-de-emprego-pelo-pais\/\" \/>\n<meta property=\"article:publisher\" content=\"https:\/\/www.facebook.com\/empregobrasiloficial\" \/>\n<meta property=\"article:published_time\" content=\"2025-03-10T09:00:00+00:00\" \/>\n<meta property=\"og:image\" content=\"https:\/\/www.vagadeempregorj.com.br\/wp-content\/uploads\/2025\/02\/image-49.png\" \/>\n\t<meta property=\"og:image:width\" content=\"860\" \/>\n\t<meta property=\"og:image:height\" content=\"420\" \/>\n\t<meta property=\"og:image:type\" content=\"image\/png\" \/>\n<meta name=\"author\" content=\"Michele\" \/>\n<meta name=\"twitter:card\" content=\"summary_large_image\" \/>\n<meta name=\"twitter:label1\" content=\"Written by\" \/>\n\t<meta name=\"twitter:data1\" content=\"Michele\" \/>\n\t<meta name=\"twitter:label2\" content=\"Est. reading time\" \/>\n\t<meta name=\"twitter:data2\" content=\"3 \u062f\u0642\u0627\u0626\u0642\" \/>\n<script type=\"application\/ld+json\" class=\"yoast-schema-graph\">{\"@context\":\"https:\\\/\\\/schema.org\",\"@graph\":[{\"@type\":\"Article\",\"@id\":\"https:\\\/\\\/www.vagadeempregorj.com.br\\\/raizen-442-novas-vagas-de-emprego-pelo-pais\\\/#article\",\"isPartOf\":{\"@id\":\"https:\\\/\\\/www.vagadeempregorj.com.br\\\/raizen-442-novas-vagas-de-emprego-pelo-pais\\\/\"},\"author\":{\"name\":\"Michele\",\"@id\":\"https:\\\/\\\/www.vagadeempregorj.com.br\\\/#\\\/schema\\\/person\\\/3ddb19fa0539706786e502152f3aae95\"},\"headline\":\"Ra\u00edzen: 442 novas vagas de EMPREGO pelo pa\u00eds\",\"datePublished\":\"2025-03-10T09:00:00+00:00\",\"mainEntityOfPage\":{\"@id\":\"https:\\\/\\\/www.vagadeempregorj.com.br\\\/raizen-442-novas-vagas-de-emprego-pelo-pais\\\/\"},\"wordCount\":561,\"image\":{\"@id\":\"https:\\\/\\\/www.vagadeempregorj.com.br\\\/raizen-442-novas-vagas-de-emprego-pelo-pais\\\/#primaryimage\"},\"thumbnailUrl\":\"https:\\\/\\\/www.vagadeempregorj.com.br\\\/wp-content\\\/uploads\\\/2025\\\/02\\\/image-49.png\",\"articleSection\":[\"Vagas de Emprego Nacionais\"],\"inLanguage\":\"ar\"},{\"@type\":\"WebPage\",\"@id\":\"https:\\\/\\\/www.vagadeempregorj.com.br\\\/raizen-442-novas-vagas-de-emprego-pelo-pais\\\/\",\"url\":\"https:\\\/\\\/www.vagadeempregorj.com.br\\\/raizen-442-novas-vagas-de-emprego-pelo-pais\\\/\",\"name\":\"Ra\u00edzen: 442 novas vagas de EMPREGO pelo pa\u00eds -\",\"isPartOf\":{\"@id\":\"https:\\\/\\\/www.vagadeempregorj.com.br\\\/#website\"},\"primaryImageOfPage\":{\"@id\":\"https:\\\/\\\/www.vagadeempregorj.com.br\\\/raizen-442-novas-vagas-de-emprego-pelo-pais\\\/#primaryimage\"},\"image\":{\"@id\":\"https:\\\/\\\/www.vagadeempregorj.com.br\\\/raizen-442-novas-vagas-de-emprego-pelo-pais\\\/#primaryimage\"},\"thumbnailUrl\":\"https:\\\/\\\/www.vagadeempregorj.com.br\\\/wp-content\\\/uploads\\\/2025\\\/02\\\/image-49.png\",\"datePublished\":\"2025-03-10T09:00:00+00:00\",\"author\":{\"@id\":\"https:\\\/\\\/www.vagadeempregorj.com.br\\\/#\\\/schema\\\/person\\\/3ddb19fa0539706786e502152f3aae95\"},\"description\":\"Veja em Vagas de Emprego RJ as vagas de emprego com e sem experi\u00eancia no seu Estado e Regi\u00e3o!\",\"breadcrumb\":{\"@id\":\"https:\\\/\\\/www.vagadeempregorj.com.br\\\/raizen-442-novas-vagas-de-emprego-pelo-pais\\\/#breadcrumb\"},\"inLanguage\":\"ar\",\"potentialAction\":[{\"@type\":\"ReadAction\",\"target\":[\"https:\\\/\\\/www.vagadeempregorj.com.br\\\/raizen-442-novas-vagas-de-emprego-pelo-pais\\\/\"]}]},{\"@type\":\"ImageObject\",\"inLanguage\":\"ar\",\"@id\":\"https:\\\/\\\/www.vagadeempregorj.com.br\\\/raizen-442-novas-vagas-de-emprego-pelo-pais\\\/#primaryimage\",\"url\":\"https:\\\/\\\/www.vagadeempregorj.com.br\\\/wp-content\\\/uploads\\\/2025\\\/02\\\/image-49.png\",\"contentUrl\":\"https:\\\/\\\/www.vagadeempregorj.com.br\\\/wp-content\\\/uploads\\\/2025\\\/02\\\/image-49.png\",\"width\":860,\"height\":420},{\"@type\":\"BreadcrumbList\",\"@id\":\"https:\\\/\\\/www.vagadeempregorj.com.br\\\/raizen-442-novas-vagas-de-emprego-pelo-pais\\\/#breadcrumb\",\"itemListElement\":[{\"@type\":\"ListItem\",\"position\":1,\"name\":\"In\u00edcio\",\"item\":\"https:\\\/\\\/www.vagadeempregorj.com.br\\\/\"},{\"@type\":\"ListItem\",\"position\":2,\"name\":\"Vagas de Emprego Nacionais\",\"item\":\"https:\\\/\\\/www.vagadeempregorj.com.br\\\/vagas-de-emprego-nacionais\\\/\"},{\"@type\":\"ListItem\",\"position\":3,\"name\":\"Ra\u00edzen: 442 novas vagas de EMPREGO pelo pa\u00eds\"}]},{\"@type\":\"WebSite\",\"@id\":\"https:\\\/\\\/www.vagadeempregorj.com.br\\\/#website\",\"url\":\"https:\\\/\\\/www.vagadeempregorj.com.br\\\/\",\"name\":\"\",\"description\":\"Conquiste Sonhos: Vagas, Benef\u00edcios e Economia para Transformar Vidas e Alcan\u00e7ar Melhorias Cotidianas\",\"potentialAction\":[{\"@type\":\"SearchAction\",\"target\":{\"@type\":\"EntryPoint\",\"urlTemplate\":\"https:\\\/\\\/www.vagadeempregorj.com.br\\\/?s={search_term_string}\"},\"query-input\":{\"@type\":\"PropertyValueSpecification\",\"valueRequired\":true,\"valueName\":\"search_term_string\"}}],\"inLanguage\":\"ar\"},{\"@type\":\"Person\",\"@id\":\"https:\\\/\\\/www.vagadeempregorj.com.br\\\/#\\\/schema\\\/person\\\/3ddb19fa0539706786e502152f3aae95\",\"name\":\"Michele\",\"image\":{\"@type\":\"ImageObject\",\"inLanguage\":\"ar\",\"@id\":\"https:\\\/\\\/secure.gravatar.com\\\/avatar\\\/6b0eb9d22841282815e2cd856a0061c45e1761cd54b22e952d98c4746939aa85?s=96&r=g\",\"url\":\"https:\\\/\\\/secure.gravatar.com\\\/avatar\\\/6b0eb9d22841282815e2cd856a0061c45e1761cd54b22e952d98c4746939aa85?s=96&r=g\",\"contentUrl\":\"https:\\\/\\\/secure.gravatar.com\\\/avatar\\\/6b0eb9d22841282815e2cd856a0061c45e1761cd54b22e952d98c4746939aa85?s=96&r=g\",\"caption\":\"Michele\"},\"description\":\"Formada em Letras - Portugu\u00eas\\\/ Ingl\u00eas, e idealizadora do site Escritora de Sucesso, busca expandir o conhecimento de todos com informa\u00e7\u00f5es relevantes sobre diversos assuntos, enquanto redatora. No Vaga de Emprego RJ, traz oportunidades e dicas sobre o mercado de trabalho.\",\"url\":\"https:\\\/\\\/www.vagadeempregorj.com.br\\\/ar\\\/author\\\/michele\\\/\"}]}<\/script>\n<!-- \/ Yoast SEO plugin. -->","yoast_head_json":{"title":"Ra\u00edzen: 442 novas vagas de EMPREGO pelo pa\u00eds -","description":"Veja em Vagas de Emprego RJ as vagas de emprego com e sem experi\u00eancia no seu Estado e Regi\u00e3o!","robots":{"index":"index","follow":"follow","max-snippet":"max-snippet:-1","max-image-preview":"max-image-preview:large","max-video-preview":"max-video-preview:-1"},"canonical":"https:\/\/www.vagadeempregorj.com.br\/ar\/raizen-442-novas-vagas-de-emprego-pelo-pais\/","og_locale":"ar_AR","og_type":"article","og_title":"Ra\u00edzen: 442 novas vagas de EMPREGO pelo pa\u00eds -","og_description":"Veja em Vagas de Emprego RJ as vagas de emprego com e sem experi\u00eancia no seu Estado e Regi\u00e3o!","og_url":"https:\/\/www.vagadeempregorj.com.br\/ar\/raizen-442-novas-vagas-de-emprego-pelo-pais\/","article_publisher":"https:\/\/www.facebook.com\/empregobrasiloficial","article_published_time":"2025-03-10T09:00:00+00:00","og_image":[{"width":860,"height":420,"url":"https:\/\/www.vagadeempregorj.com.br\/wp-content\/uploads\/2025\/02\/image-49.png","type":"image\/png"}],"author":"Michele","twitter_card":"summary_large_image","twitter_misc":{"Written by":"Michele","Est. reading time":"3 \u062f\u0642\u0627\u0626\u0642"},"schema":{"@context":"https:\/\/schema.org","@graph":[{"@type":"Article","@id":"https:\/\/www.vagadeempregorj.com.br\/raizen-442-novas-vagas-de-emprego-pelo-pais\/#article","isPartOf":{"@id":"https:\/\/www.vagadeempregorj.com.br\/raizen-442-novas-vagas-de-emprego-pelo-pais\/"},"author":{"name":"Michele","@id":"https:\/\/www.vagadeempregorj.com.br\/#\/schema\/person\/3ddb19fa0539706786e502152f3aae95"},"headline":"Ra\u00edzen: 442 novas vagas de EMPREGO pelo pa\u00eds","datePublished":"2025-03-10T09:00:00+00:00","mainEntityOfPage":{"@id":"https:\/\/www.vagadeempregorj.com.br\/raizen-442-novas-vagas-de-emprego-pelo-pais\/"},"wordCount":561,"image":{"@id":"https:\/\/www.vagadeempregorj.com.br\/raizen-442-novas-vagas-de-emprego-pelo-pais\/#primaryimage"},"thumbnailUrl":"https:\/\/www.vagadeempregorj.com.br\/wp-content\/uploads\/2025\/02\/image-49.png","articleSection":["Vagas de Emprego Nacionais"],"inLanguage":"ar"},{"@type":"WebPage","@id":"https:\/\/www.vagadeempregorj.com.br\/raizen-442-novas-vagas-de-emprego-pelo-pais\/","url":"https:\/\/www.vagadeempregorj.com.br\/raizen-442-novas-vagas-de-emprego-pelo-pais\/","name":"Ra\u00edzen: 442 novas vagas de EMPREGO pelo pa\u00eds -","isPartOf":{"@id":"https:\/\/www.vagadeempregorj.com.br\/#website"},"primaryImageOfPage":{"@id":"https:\/\/www.vagadeempregorj.com.br\/raizen-442-novas-vagas-de-emprego-pelo-pais\/#primaryimage"},"image":{"@id":"https:\/\/www.vagadeempregorj.com.br\/raizen-442-novas-vagas-de-emprego-pelo-pais\/#primaryimage"},"thumbnailUrl":"https:\/\/www.vagadeempregorj.com.br\/wp-content\/uploads\/2025\/02\/image-49.png","datePublished":"2025-03-10T09:00:00+00:00","author":{"@id":"https:\/\/www.vagadeempregorj.com.br\/#\/schema\/person\/3ddb19fa0539706786e502152f3aae95"},"description":"Veja em Vagas de Emprego RJ as vagas de emprego com e sem experi\u00eancia no seu Estado e Regi\u00e3o!","breadcrumb":{"@id":"https:\/\/www.vagadeempregorj.com.br\/raizen-442-novas-vagas-de-emprego-pelo-pais\/#breadcrumb"},"inLanguage":"ar","potentialAction":[{"@type":"ReadAction","target":["https:\/\/www.vagadeempregorj.com.br\/raizen-442-novas-vagas-de-emprego-pelo-pais\/"]}]},{"@type":"ImageObject","inLanguage":"ar","@id":"https:\/\/www.vagadeempregorj.com.br\/raizen-442-novas-vagas-de-emprego-pelo-pais\/#primaryimage","url":"https:\/\/www.vagadeempregorj.com.br\/wp-content\/uploads\/2025\/02\/image-49.png","contentUrl":"https:\/\/www.vagadeempregorj.com.br\/wp-content\/uploads\/2025\/02\/image-49.png","width":860,"height":420},{"@type":"BreadcrumbList","@id":"https:\/\/www.vagadeempregorj.com.br\/raizen-442-novas-vagas-de-emprego-pelo-pais\/#breadcrumb","itemListElement":[{"@type":"ListItem","position":1,"name":"In\u00edcio","item":"https:\/\/www.vagadeempregorj.com.br\/"},{"@type":"ListItem","position":2,"name":"Vagas de Emprego Nacionais","item":"https:\/\/www.vagadeempregorj.com.br\/vagas-de-emprego-nacionais\/"},{"@type":"ListItem","position":3,"name":"Ra\u00edzen: 442 novas vagas de EMPREGO pelo pa\u00eds"}]},{"@type":"WebSite","@id":"https:\/\/www.vagadeempregorj.com.br\/#website","url":"https:\/\/www.vagadeempregorj.com.br\/","name":"","description":"Conquiste Sonhos: Vagas, Benef\u00edcios e Economia para Transformar Vidas e Alcan\u00e7ar Melhorias Cotidianas","potentialAction":[{"@type":"SearchAction","target":{"@type":"EntryPoint","urlTemplate":"https:\/\/www.vagadeempregorj.com.br\/?s={search_term_string}"},"query-input":{"@type":"PropertyValueSpecification","valueRequired":true,"valueName":"search_term_string"}}],"inLanguage":"ar"},{"@type":"Person","@id":"https:\/\/www.vagadeempregorj.com.br\/#\/schema\/person\/3ddb19fa0539706786e502152f3aae95","name":"Michele","image":{"@type":"ImageObject","inLanguage":"ar","@id":"https:\/\/secure.gravatar.com\/avatar\/6b0eb9d22841282815e2cd856a0061c45e1761cd54b22e952d98c4746939aa85?s=96&r=g","url":"https:\/\/secure.gravatar.com\/avatar\/6b0eb9d22841282815e2cd856a0061c45e1761cd54b22e952d98c4746939aa85?s=96&r=g","contentUrl":"https:\/\/secure.gravatar.com\/avatar\/6b0eb9d22841282815e2cd856a0061c45e1761cd54b22e952d98c4746939aa85?s=96&r=g","caption":"Michele"},"description":"Formada em Letras - Portugu\u00eas\/ Ingl\u00eas, e idealizadora do site Escritora de Sucesso, busca expandir o conhecimento de todos com informa\u00e7\u00f5es relevantes sobre diversos assuntos, enquanto redatora. No Vaga de Emprego RJ, traz oportunidades e dicas sobre o mercado de trabalho.","url":"https:\/\/www.vagadeempregorj.com.br\/ar\/author\/michele\/"}]}},"_links":{"self":[{"href":"https:\/\/www.vagadeempregorj.com.br\/ar\/wp-json\/wp\/v2\/posts\/42669","targetHints":{"allow":["GET"]}}],"collection":[{"href":"https:\/\/www.vagadeempregorj.com.br\/ar\/wp-json\/wp\/v2\/posts"}],"about":[{"href":"https:\/\/www.vagadeempregorj.com.br\/ar\/wp-json\/wp\/v2\/types\/post"}],"author":[{"embeddable":true,"href":"https:\/\/www.vagadeempregorj.com.br\/ar\/wp-json\/wp\/v2\/users\/16"}],"replies":[{"embeddable":true,"href":"https:\/\/www.vagadeempregorj.com.br\/ar\/wp-json\/wp\/v2\/comments?post=42669"}],"version-history":[{"count":0,"href":"https:\/\/www.vagadeempregorj.com.br\/ar\/wp-json\/wp\/v2\/posts\/42669\/revisions"}],"wp:featuredmedia":[{"embeddable":true,"href":"https:\/\/www.vagadeempregorj.com.br\/ar\/wp-json\/wp\/v2\/media\/42681"}],"wp:attachment":[{"href":"https:\/\/www.vagadeempregorj.com.br\/ar\/wp-json\/wp\/v2\/media?parent=42669"}],"wp:term":[{"taxonomy":"category","embeddable":true,"href":"https:\/\/www.vagadeempregorj.com.br\/ar\/wp-json\/wp\/v2\/categories?post=42669"},{"taxonomy":"post_tag","embeddable":true,"href":"https:\/\/www.vagadeempregorj.com.br\/ar\/wp-json\/wp\/v2\/tags?post=42669"}],"curies":[{"name":"wp","href":"https:\/\/api.w.org\/{rel}","templated":true}]}}