{"id":42702,"date":"2025-02-21T06:00:00","date_gmt":"2025-02-21T09:00:00","guid":{"rendered":"https:\/\/www.vagadeempregorj.com.br\/?p=42702"},"modified":"2025-02-19T23:22:22","modified_gmt":"2025-02-20T02:22:22","slug":"auxilio-gas-em-2025-como-nao-ficar-de-fora","status":"publish","type":"post","link":"https:\/\/www.vagadeempregorj.com.br\/ar\/auxilio-gas-em-2025-como-nao-ficar-de-fora\/","title":{"rendered":"Aux\u00edlio G\u00e1s em 2025: como n\u00e3o ficar de fora?"},"content":{"rendered":"<p>O <strong>Aux\u00edlio G\u00e1s<\/strong> continua sendo um suporte fundamental para muitas fam\u00edlias brasileiras, garantindo acesso ao g\u00e1s de cozinha em meio \u00e0s oscila\u00e7\u00f5es de pre\u00e7os do mercado. Em 2025, o governo federal manteve o benef\u00edcio, mas para garantir que voc\u00ea n\u00e3o fique de fora, \u00e9 essencial entender como funciona a sele\u00e7\u00e3o dos benefici\u00e1rios, quais s\u00e3o os crit\u00e9rios de elegibilidade e como manter seu cadastro atualizado.<\/p>\n\n\n\n<p>Muitas pessoas deixam de receber o benef\u00edcio simplesmente por falta de informa\u00e7\u00e3o ou por dados desatualizados no <strong>Cadastro \u00danico (Cad\u00danico)<\/strong>. Se voc\u00ea quer garantir o seu aux\u00edlio e saber todas as mudan\u00e7as para este ano, continue lendo. Vou explicar como funciona o pagamento, como consultar seu benef\u00edcio e quais passos seguir para evitar o bloqueio.<\/p>\n\n\n\n<figure class=\"wp-block-image size-full is-resized\"><img loading=\"lazy\" decoding=\"async\" width=\"675\" height=\"450\" src=\"https:\/\/www.vagadeempregorj.com.br\/wp-content\/uploads\/2025\/02\/image-52.png\" alt=\"\" class=\"wp-image-42712\" style=\"width:840px;height:auto\" srcset=\"https:\/\/www.vagadeempregorj.com.br\/wp-content\/uploads\/2025\/02\/image-52.png 675w, https:\/\/www.vagadeempregorj.com.br\/wp-content\/uploads\/2025\/02\/image-52-300x200.png 300w, https:\/\/www.vagadeempregorj.com.br\/wp-content\/uploads\/2025\/02\/image-52-150x100.png 150w\" sizes=\"auto, (max-width: 675px) 100vw, 675px\" \/><\/figure>\n\n\n\n<h2 class=\"wp-block-heading\">Quem tem direito ao Aux\u00edlio G\u00e1s em 2025?<\/h2>\n\n\n\n<p>O <strong>Aux\u00edlio G\u00e1s<\/strong> \u00e9 concedido a cada <strong>dois meses<\/strong> para fam\u00edlias de baixa renda que atendem aos crit\u00e9rios estabelecidos pelo governo federal. Para ser eleg\u00edvel, \u00e9 necess\u00e1rio:<\/p>\n\n\n\n<p>1# <strong>Estar inscrito no Cadastro \u00danico (Cad\u00danico)<\/strong><br>Esse \u00e9 o principal crit\u00e9rio. Apenas fam\u00edlias que t\u00eam o cadastro ativo e atualizado no sistema do governo podem ser selecionadas automaticamente para o benef\u00edcio.<\/p>\n\n\n\n<p>2# <strong>Ter renda familiar de at\u00e9 meio sal\u00e1rio m\u00ednimo por pessoa<\/strong><br>O limite de renda estabelecido para receber o Aux\u00edlio G\u00e1s em 2025 continua sendo <strong>R$ 706 por pessoa<\/strong>. Se a renda total da fam\u00edlia dividida pelo n\u00famero de integrantes for menor do que esse valor, o n\u00facleo familiar pode ser contemplado.<\/p>\n\n\n\n<p>3# <strong>Receber o Benef\u00edcio de Presta\u00e7\u00e3o Continuada (BPC)<\/strong><br>Fam\u00edlias que tenham algum membro que recebe o <strong>BPC (Benef\u00edcio de Presta\u00e7\u00e3o Continuada)<\/strong> tamb\u00e9m t\u00eam direito ao Aux\u00edlio G\u00e1s, independentemente da inscri\u00e7\u00e3o no Cad\u00danico.<\/p>\n\n\n\n<p>4# <strong>Ser prioridade do governo<\/strong><br>As fam\u00edlias em situa\u00e7\u00e3o mais vulner\u00e1vel s\u00e3o priorizadas, incluindo aquelas com menor renda e compostas por mulheres v\u00edtimas de viol\u00eancia dom\u00e9stica, ind\u00edgenas, quilombolas e benefici\u00e1rias do Bolsa Fam\u00edlia.<\/p>\n\n\n\n<p>Se voc\u00ea se encaixa nesses crit\u00e9rios, j\u00e1 est\u00e1 apto a receber o benef\u00edcio, mas \u00e9 essencial manter seu <strong>Cad\u00danico atualizado<\/strong>, pois ele \u00e9 a \u00fanica forma de garantir que sua fam\u00edlia ser\u00e1 inclu\u00edda no programa.<\/p>\n\n\n\n<h2 class=\"wp-block-heading\">Como se inscrever e garantir o benef\u00edcio?<\/h2>\n\n\n\n<p>Diferente de outros programas sociais, <strong>n\u00e3o \u00e9 poss\u00edvel se inscrever diretamente no Aux\u00edlio G\u00e1s<\/strong>. O governo utiliza as informa\u00e7\u00f5es do <strong>Cad\u00danico<\/strong> para selecionar os benefici\u00e1rios a cada dois meses. Isso significa que <strong>manter os dados atualizados \u00e9 fundamental para garantir o recebimento<\/strong>.<\/p>\n\n\n\n<p>Se voc\u00ea ainda <strong>n\u00e3o tem o Cad\u00danico<\/strong>, siga este passo a passo para se cadastrar:<\/p>\n\n\n\n<ol class=\"wp-block-list\">\n<li><strong>Procure um CRAS (Centro de Refer\u00eancia de Assist\u00eancia Social)<\/strong><br>V\u00e1 at\u00e9 o CRAS mais pr\u00f3ximo da sua casa e solicite o cadastro no <strong>Cadastro \u00danico<\/strong>. Leve os seguintes documentos de todos os membros da fam\u00edlia:\n<ul class=\"wp-block-list\">\n<li>RG e CPF<\/li>\n\n\n\n<li>Certid\u00e3o de nascimento ou casamento<\/li>\n\n\n\n<li>Comprovante de resid\u00eancia atualizado<\/li>\n\n\n\n<li>Carteira de trabalho, se houver<\/li>\n\n\n\n<li>Comprovante de renda (se aplic\u00e1vel)<\/li>\n<\/ul>\n<\/li>\n\n\n\n<li><strong>Responda ao question\u00e1rio socioecon\u00f4mico<\/strong><br>Um respons\u00e1vel pela fam\u00edlia dever\u00e1 responder a uma entrevista sobre a situa\u00e7\u00e3o financeira e social da casa. \u00c9 importante fornecer <strong>informa\u00e7\u00f5es verdadeiras<\/strong>, pois o governo pode verificar os dados e bloquear benef\u00edcios caso haja inconsist\u00eancias.<\/li>\n\n\n\n<li><strong>Aguarde a an\u00e1lise do governo<\/strong><br>O governo federal faz a sele\u00e7\u00e3o das fam\u00edlias com base na renda declarada no <strong>Cad\u00danico<\/strong>. Se sua fam\u00edlia for inclu\u00edda no programa, o benef\u00edcio ser\u00e1 depositado na <strong>Conta Poupan\u00e7a Social Digital da Caixa<\/strong>.<\/li>\n<\/ol>\n\n\n\n<p>Se sua fam\u00edlia j\u00e1 est\u00e1 cadastrada no Cad\u00danico, mas ainda <strong>n\u00e3o recebe o Aux\u00edlio G\u00e1s<\/strong>, verifique se seus dados est\u00e3o atualizados. O governo prioriza aqueles com informa\u00e7\u00f5es mais recentes no sistema.<\/p>\n\n\n\n<h2 class=\"wp-block-heading\">Como consultar se voc\u00ea foi aprovado?<\/h2>\n\n\n\n<p>Se voc\u00ea j\u00e1 tem o Cad\u00danico ativo e quer saber se sua fam\u00edlia foi selecionada para o Aux\u00edlio G\u00e1s, h\u00e1 algumas maneiras de fazer a consulta:<\/p>\n\n\n\n<ul class=\"wp-block-list\">\n<li><strong>Pelo aplicativo Bolsa Fam\u00edlia<\/strong>: Basta baixar o app e verificar se o benef\u00edcio foi liberado.<\/li>\n\n\n\n<li><strong>Pelo aplicativo Caixa Tem<\/strong>: O pagamento do Aux\u00edlio G\u00e1s \u00e9 feito na mesma conta utilizada para o Bolsa Fam\u00edlia.<\/li>\n\n\n\n<li><strong>Pelo telefone 111 da Caixa Econ\u00f4mica Federal<\/strong>: Ao ligar, informe seu CPF para receber detalhes sobre o benef\u00edcio.<\/li>\n\n\n\n<li><strong>Nos postos de atendimento do CRAS<\/strong>: Se preferir, v\u00e1 at\u00e9 o CRAS da sua cidade e pe\u00e7a uma consulta presencial.<\/li>\n<\/ul>\n\n\n\n<p>Se sua fam\u00edlia foi aprovada, o pagamento ser\u00e1 feito automaticamente de acordo com o <strong>calend\u00e1rio do Bolsa Fam\u00edlia<\/strong>.<\/p>\n\n\n\n<h2 class=\"wp-block-heading\">Calend\u00e1rio de pagamento do Aux\u00edlio G\u00e1s em 2025<\/h2>\n\n\n\n<p>Os pagamentos do Aux\u00edlio G\u00e1s seguem o mesmo cronograma do Bolsa Fam\u00edlia e s\u00e3o realizados <strong>a cada dois meses<\/strong>, conforme o \u00faltimo d\u00edgito do <strong>NIS (N\u00famero de Identifica\u00e7\u00e3o Social)<\/strong>. As datas previstas para 2025 s\u00e3o:<\/p>\n\n\n\n<ul class=\"wp-block-list\">\n<li><strong>Fevereiro<\/strong>: 17\/02 a 28\/02<\/li>\n\n\n\n<li><strong>Abril<\/strong>: 15\/04 a 30\/04<\/li>\n\n\n\n<li><strong>Junho<\/strong>: 16\/06 a 30\/06<\/li>\n\n\n\n<li><strong>Agosto<\/strong>: 18\/08 a 29\/08<\/li>\n\n\n\n<li><strong>Outubro<\/strong>: 20\/10 a 31\/10<\/li>\n\n\n\n<li><strong>Dezembro<\/strong>: 10\/12 a 23\/12<\/li>\n<\/ul>\n\n\n\n<p>Se o pagamento n\u00e3o cair na sua conta na data prevista, consulte o <strong>Cad\u00danico<\/strong> para verificar se h\u00e1 alguma pend\u00eancia no cadastro.<\/p>\n\n\n\n<h2 class=\"wp-block-heading\">Como evitar bloqueios e fraudes?<\/h2>\n\n\n\n<p>Muitas fam\u00edlias deixam de receber o Aux\u00edlio G\u00e1s por <strong>falta de atualiza\u00e7\u00e3o no cadastro<\/strong>. Para evitar bloqueios ou cancelamentos, siga estas orienta\u00e7\u00f5es:<\/p>\n\n\n\n<p>1# <strong>Atualize seu Cad\u00danico a cada dois anos<\/strong><br>Mesmo que n\u00e3o haja mudan\u00e7as na fam\u00edlia, o governo exige que o cadastro seja renovado a cada dois anos. Se houver <strong>mudan\u00e7a de endere\u00e7o, nascimento de filhos ou altera\u00e7\u00e3o na renda<\/strong>, atualize imediatamente.<\/p>\n\n\n\n<p>2# <strong>Cuidado com golpes e fraudes<\/strong><br>O governo <strong>N\u00c3O envia mensagens de WhatsApp, e-mails ou links solicitando informa\u00e7\u00f5es para o Aux\u00edlio G\u00e1s<\/strong>. Se voc\u00ea receber uma mensagem pedindo seu CPF ou dados banc\u00e1rios, <strong>n\u00e3o clique no link<\/strong>, pois pode ser um golpe.<\/p>\n\n\n\n<p>3# <strong>Acompanhe seu benef\u00edcio regularmente<\/strong><br>Mesmo que voc\u00ea j\u00e1 receba o Aux\u00edlio G\u00e1s, \u00e9 importante acompanhar os dep\u00f3sitos para garantir que tudo est\u00e1 correto. Caso perceba alguma irregularidade, entre em contato com a Caixa Econ\u00f4mica Federal ou v\u00e1 at\u00e9 um CRAS.<\/p>\n\n\n\n<h2 class=\"wp-block-heading\">Mantenha seu cadastro \u00fanico atualizado<\/h2>\n\n\n\n<p>O Aux\u00edlio G\u00e1s \u00e9 um benef\u00edcio essencial para muitas fam\u00edlias, ajudando a reduzir o impacto do alto custo do g\u00e1s de cozinha no or\u00e7amento dom\u00e9stico. Se voc\u00ea atende aos crit\u00e9rios do programa, <strong>manter seu Cadastro \u00danico atualizado \u00e9 o passo mais importante para garantir o benef\u00edcio<\/strong>.<\/p>\n\n\n\n<p>Se ainda n\u00e3o recebe o Aux\u00edlio G\u00e1s, verifique sua inscri\u00e7\u00e3o no <strong>Cad\u00danico<\/strong>, acompanhe o calend\u00e1rio de pagamentos e, caso necess\u00e1rio, v\u00e1 at\u00e9 o CRAS para atualizar seus dados.<\/p>\n\n\n\n<p>Ficar de fora do benef\u00edcio pode significar um impacto grande no or\u00e7amento familiar, ent\u00e3o siga as dicas deste guia para garantir que sua fam\u00edlia continue recebendo esse suporte t\u00e3o importante.<\/p>\n\n\n\n<h3 class=\"wp-block-heading\">Refer\u00eancias<\/h3>\n\n\n\n<ol class=\"wp-block-list\">\n<li>Portal Gov.br \u2013 Aux\u00edlio G\u00e1s<\/li>\n\n\n\n<li>Caixa Econ\u00f4mica Federal \u2013 Consulta do Aux\u00edlio G\u00e1s<\/li>\n<\/ol>\n\n\n\n<p><strong>Veja tamb\u00e9m: <a href=\"https:\/\/www.vagadeempregorj.com.br\/ar\/bolsa-familia-cancelado-saiba-como-proceder-neste-caso\/\">Bolsa Fam\u00edlia CANCELADO? Saiba como proceder neste caso<\/a><\/strong><\/p>\n\n\n\n<p>21 de fevereiro de 2025<\/p>","protected":false},"excerpt":{"rendered":"<p>O Aux\u00edlio G\u00e1s continua sendo um suporte fundamental para muitas fam\u00edlias brasileiras, garantindo acesso ao g\u00e1s de cozinha em meio \u00e0s oscila\u00e7\u00f5es de pre\u00e7os do mercado. Em 2025, o governo federal manteve o benef\u00edcio, mas para garantir que voc\u00ea n\u00e3o fique de fora, \u00e9 essencial entender como funciona a sele\u00e7\u00e3o dos benefici\u00e1rios, quais s\u00e3o os&hellip;&nbsp;<\/p>","protected":false},"author":16,"featured_media":42712,"comment_status":"closed","ping_status":"closed","sticky":false,"template":"","format":"standard","meta":{"neve_meta_sidebar":"","neve_meta_container":"","neve_meta_enable_content_width":"","neve_meta_content_width":0,"neve_meta_title_alignment":"","neve_meta_author_avatar":"","neve_post_elements_order":"","neve_meta_disable_header":"","neve_meta_disable_footer":"","neve_meta_disable_title":"","footnotes":""},"categories":[1],"tags":[],"class_list":["post-42702","post","type-post","status-publish","format-standard","has-post-thumbnail","hentry","category-beneficios-sociais"],"yoast_head":"<!-- This site is optimized with the Yoast SEO plugin v27.5 - https:\/\/yoast.com\/product\/yoast-seo-wordpress\/ -->\n<title>Aux\u00edlio G\u00e1s em 2025: como n\u00e3o ficar de fora? -<\/title>\n<meta name=\"description\" content=\"Veja em Vagas de Emprego RJ as vagas de emprego com e sem experi\u00eancia no seu Estado e Regi\u00e3o!\" \/>\n<meta name=\"robots\" content=\"index, follow, max-snippet:-1, max-image-preview:large, max-video-preview:-1\" \/>\n<link rel=\"canonical\" href=\"https:\/\/www.vagadeempregorj.com.br\/ar\/auxilio-gas-em-2025-como-nao-ficar-de-fora\/\" \/>\n<meta property=\"og:locale\" content=\"ar_AR\" \/>\n<meta property=\"og:type\" content=\"article\" \/>\n<meta property=\"og:title\" content=\"Aux\u00edlio G\u00e1s em 2025: como n\u00e3o ficar de fora? -\" \/>\n<meta property=\"og:description\" content=\"Veja em Vagas de Emprego RJ as vagas de emprego com e sem experi\u00eancia no seu Estado e Regi\u00e3o!\" \/>\n<meta property=\"og:url\" content=\"https:\/\/www.vagadeempregorj.com.br\/ar\/auxilio-gas-em-2025-como-nao-ficar-de-fora\/\" \/>\n<meta property=\"article:publisher\" content=\"https:\/\/www.facebook.com\/empregobrasiloficial\" \/>\n<meta property=\"article:published_time\" content=\"2025-02-21T09:00:00+00:00\" \/>\n<meta property=\"og:image\" content=\"https:\/\/www.vagadeempregorj.com.br\/wp-content\/uploads\/2025\/02\/image-52.png\" \/>\n\t<meta property=\"og:image:width\" content=\"675\" \/>\n\t<meta property=\"og:image:height\" content=\"450\" \/>\n\t<meta property=\"og:image:type\" content=\"image\/png\" \/>\n<meta name=\"author\" content=\"Michele\" \/>\n<meta name=\"twitter:card\" content=\"summary_large_image\" \/>\n<meta name=\"twitter:label1\" content=\"Written by\" \/>\n\t<meta name=\"twitter:data1\" content=\"Michele\" \/>\n\t<meta name=\"twitter:label2\" content=\"Est. reading time\" \/>\n\t<meta name=\"twitter:data2\" content=\"6 \u062f\u0642\u0627\u0626\u0642\" \/>\n<script type=\"application\/ld+json\" class=\"yoast-schema-graph\">{\"@context\":\"https:\\\/\\\/schema.org\",\"@graph\":[{\"@type\":\"Article\",\"@id\":\"https:\\\/\\\/www.vagadeempregorj.com.br\\\/auxilio-gas-em-2025-como-nao-ficar-de-fora\\\/#article\",\"isPartOf\":{\"@id\":\"https:\\\/\\\/www.vagadeempregorj.com.br\\\/auxilio-gas-em-2025-como-nao-ficar-de-fora\\\/\"},\"author\":{\"name\":\"Michele\",\"@id\":\"https:\\\/\\\/www.vagadeempregorj.com.br\\\/#\\\/schema\\\/person\\\/3ddb19fa0539706786e502152f3aae95\"},\"headline\":\"Aux\u00edlio G\u00e1s em 2025: como n\u00e3o ficar de fora?\",\"datePublished\":\"2025-02-21T09:00:00+00:00\",\"mainEntityOfPage\":{\"@id\":\"https:\\\/\\\/www.vagadeempregorj.com.br\\\/auxilio-gas-em-2025-como-nao-ficar-de-fora\\\/\"},\"wordCount\":1221,\"image\":{\"@id\":\"https:\\\/\\\/www.vagadeempregorj.com.br\\\/auxilio-gas-em-2025-como-nao-ficar-de-fora\\\/#primaryimage\"},\"thumbnailUrl\":\"https:\\\/\\\/www.vagadeempregorj.com.br\\\/wp-content\\\/uploads\\\/2025\\\/02\\\/image-52.png\",\"articleSection\":[\"Benef\u00edcios Sociais\"],\"inLanguage\":\"ar\"},{\"@type\":\"WebPage\",\"@id\":\"https:\\\/\\\/www.vagadeempregorj.com.br\\\/auxilio-gas-em-2025-como-nao-ficar-de-fora\\\/\",\"url\":\"https:\\\/\\\/www.vagadeempregorj.com.br\\\/auxilio-gas-em-2025-como-nao-ficar-de-fora\\\/\",\"name\":\"Aux\u00edlio G\u00e1s em 2025: como n\u00e3o ficar de fora? -\",\"isPartOf\":{\"@id\":\"https:\\\/\\\/www.vagadeempregorj.com.br\\\/#website\"},\"primaryImageOfPage\":{\"@id\":\"https:\\\/\\\/www.vagadeempregorj.com.br\\\/auxilio-gas-em-2025-como-nao-ficar-de-fora\\\/#primaryimage\"},\"image\":{\"@id\":\"https:\\\/\\\/www.vagadeempregorj.com.br\\\/auxilio-gas-em-2025-como-nao-ficar-de-fora\\\/#primaryimage\"},\"thumbnailUrl\":\"https:\\\/\\\/www.vagadeempregorj.com.br\\\/wp-content\\\/uploads\\\/2025\\\/02\\\/image-52.png\",\"datePublished\":\"2025-02-21T09:00:00+00:00\",\"author\":{\"@id\":\"https:\\\/\\\/www.vagadeempregorj.com.br\\\/#\\\/schema\\\/person\\\/3ddb19fa0539706786e502152f3aae95\"},\"description\":\"Veja em Vagas de Emprego RJ as vagas de emprego com e sem experi\u00eancia no seu Estado e Regi\u00e3o!\",\"breadcrumb\":{\"@id\":\"https:\\\/\\\/www.vagadeempregorj.com.br\\\/auxilio-gas-em-2025-como-nao-ficar-de-fora\\\/#breadcrumb\"},\"inLanguage\":\"ar\",\"potentialAction\":[{\"@type\":\"ReadAction\",\"target\":[\"https:\\\/\\\/www.vagadeempregorj.com.br\\\/auxilio-gas-em-2025-como-nao-ficar-de-fora\\\/\"]}]},{\"@type\":\"ImageObject\",\"inLanguage\":\"ar\",\"@id\":\"https:\\\/\\\/www.vagadeempregorj.com.br\\\/auxilio-gas-em-2025-como-nao-ficar-de-fora\\\/#primaryimage\",\"url\":\"https:\\\/\\\/www.vagadeempregorj.com.br\\\/wp-content\\\/uploads\\\/2025\\\/02\\\/image-52.png\",\"contentUrl\":\"https:\\\/\\\/www.vagadeempregorj.com.br\\\/wp-content\\\/uploads\\\/2025\\\/02\\\/image-52.png\",\"width\":675,\"height\":450},{\"@type\":\"BreadcrumbList\",\"@id\":\"https:\\\/\\\/www.vagadeempregorj.com.br\\\/auxilio-gas-em-2025-como-nao-ficar-de-fora\\\/#breadcrumb\",\"itemListElement\":[{\"@type\":\"ListItem\",\"position\":1,\"name\":\"In\u00edcio\",\"item\":\"https:\\\/\\\/www.vagadeempregorj.com.br\\\/\"},{\"@type\":\"ListItem\",\"position\":2,\"name\":\"Benef\u00edcios Sociais\",\"item\":\"https:\\\/\\\/www.vagadeempregorj.com.br\\\/beneficios-sociais\\\/\"},{\"@type\":\"ListItem\",\"position\":3,\"name\":\"Aux\u00edlio G\u00e1s em 2025: como n\u00e3o ficar de fora?\"}]},{\"@type\":\"WebSite\",\"@id\":\"https:\\\/\\\/www.vagadeempregorj.com.br\\\/#website\",\"url\":\"https:\\\/\\\/www.vagadeempregorj.com.br\\\/\",\"name\":\"\",\"description\":\"Conquiste Sonhos: Vagas, Benef\u00edcios e Economia para Transformar Vidas e Alcan\u00e7ar Melhorias Cotidianas\",\"potentialAction\":[{\"@type\":\"SearchAction\",\"target\":{\"@type\":\"EntryPoint\",\"urlTemplate\":\"https:\\\/\\\/www.vagadeempregorj.com.br\\\/?s={search_term_string}\"},\"query-input\":{\"@type\":\"PropertyValueSpecification\",\"valueRequired\":true,\"valueName\":\"search_term_string\"}}],\"inLanguage\":\"ar\"},{\"@type\":\"Person\",\"@id\":\"https:\\\/\\\/www.vagadeempregorj.com.br\\\/#\\\/schema\\\/person\\\/3ddb19fa0539706786e502152f3aae95\",\"name\":\"Michele\",\"image\":{\"@type\":\"ImageObject\",\"inLanguage\":\"ar\",\"@id\":\"https:\\\/\\\/secure.gravatar.com\\\/avatar\\\/6b0eb9d22841282815e2cd856a0061c45e1761cd54b22e952d98c4746939aa85?s=96&r=g\",\"url\":\"https:\\\/\\\/secure.gravatar.com\\\/avatar\\\/6b0eb9d22841282815e2cd856a0061c45e1761cd54b22e952d98c4746939aa85?s=96&r=g\",\"contentUrl\":\"https:\\\/\\\/secure.gravatar.com\\\/avatar\\\/6b0eb9d22841282815e2cd856a0061c45e1761cd54b22e952d98c4746939aa85?s=96&r=g\",\"caption\":\"Michele\"},\"description\":\"Formada em Letras - Portugu\u00eas\\\/ Ingl\u00eas, e idealizadora do site Escritora de Sucesso, busca expandir o conhecimento de todos com informa\u00e7\u00f5es relevantes sobre diversos assuntos, enquanto redatora. No Vaga de Emprego RJ, traz oportunidades e dicas sobre o mercado de trabalho.\",\"url\":\"https:\\\/\\\/www.vagadeempregorj.com.br\\\/ar\\\/author\\\/michele\\\/\"}]}<\/script>\n<!-- \/ Yoast SEO plugin. -->","yoast_head_json":{"title":"Aux\u00edlio G\u00e1s em 2025: como n\u00e3o ficar de fora? -","description":"Veja em Vagas de Emprego RJ as vagas de emprego com e sem experi\u00eancia no seu Estado e Regi\u00e3o!","robots":{"index":"index","follow":"follow","max-snippet":"max-snippet:-1","max-image-preview":"max-image-preview:large","max-video-preview":"max-video-preview:-1"},"canonical":"https:\/\/www.vagadeempregorj.com.br\/ar\/auxilio-gas-em-2025-como-nao-ficar-de-fora\/","og_locale":"ar_AR","og_type":"article","og_title":"Aux\u00edlio G\u00e1s em 2025: como n\u00e3o ficar de fora? -","og_description":"Veja em Vagas de Emprego RJ as vagas de emprego com e sem experi\u00eancia no seu Estado e Regi\u00e3o!","og_url":"https:\/\/www.vagadeempregorj.com.br\/ar\/auxilio-gas-em-2025-como-nao-ficar-de-fora\/","article_publisher":"https:\/\/www.facebook.com\/empregobrasiloficial","article_published_time":"2025-02-21T09:00:00+00:00","og_image":[{"width":675,"height":450,"url":"https:\/\/www.vagadeempregorj.com.br\/wp-content\/uploads\/2025\/02\/image-52.png","type":"image\/png"}],"author":"Michele","twitter_card":"summary_large_image","twitter_misc":{"Written by":"Michele","Est. reading time":"6 \u062f\u0642\u0627\u0626\u0642"},"schema":{"@context":"https:\/\/schema.org","@graph":[{"@type":"Article","@id":"https:\/\/www.vagadeempregorj.com.br\/auxilio-gas-em-2025-como-nao-ficar-de-fora\/#article","isPartOf":{"@id":"https:\/\/www.vagadeempregorj.com.br\/auxilio-gas-em-2025-como-nao-ficar-de-fora\/"},"author":{"name":"Michele","@id":"https:\/\/www.vagadeempregorj.com.br\/#\/schema\/person\/3ddb19fa0539706786e502152f3aae95"},"headline":"Aux\u00edlio G\u00e1s em 2025: como n\u00e3o ficar de fora?","datePublished":"2025-02-21T09:00:00+00:00","mainEntityOfPage":{"@id":"https:\/\/www.vagadeempregorj.com.br\/auxilio-gas-em-2025-como-nao-ficar-de-fora\/"},"wordCount":1221,"image":{"@id":"https:\/\/www.vagadeempregorj.com.br\/auxilio-gas-em-2025-como-nao-ficar-de-fora\/#primaryimage"},"thumbnailUrl":"https:\/\/www.vagadeempregorj.com.br\/wp-content\/uploads\/2025\/02\/image-52.png","articleSection":["Benef\u00edcios Sociais"],"inLanguage":"ar"},{"@type":"WebPage","@id":"https:\/\/www.vagadeempregorj.com.br\/auxilio-gas-em-2025-como-nao-ficar-de-fora\/","url":"https:\/\/www.vagadeempregorj.com.br\/auxilio-gas-em-2025-como-nao-ficar-de-fora\/","name":"Aux\u00edlio G\u00e1s em 2025: como n\u00e3o ficar de fora? -","isPartOf":{"@id":"https:\/\/www.vagadeempregorj.com.br\/#website"},"primaryImageOfPage":{"@id":"https:\/\/www.vagadeempregorj.com.br\/auxilio-gas-em-2025-como-nao-ficar-de-fora\/#primaryimage"},"image":{"@id":"https:\/\/www.vagadeempregorj.com.br\/auxilio-gas-em-2025-como-nao-ficar-de-fora\/#primaryimage"},"thumbnailUrl":"https:\/\/www.vagadeempregorj.com.br\/wp-content\/uploads\/2025\/02\/image-52.png","datePublished":"2025-02-21T09:00:00+00:00","author":{"@id":"https:\/\/www.vagadeempregorj.com.br\/#\/schema\/person\/3ddb19fa0539706786e502152f3aae95"},"description":"Veja em Vagas de Emprego RJ as vagas de emprego com e sem experi\u00eancia no seu Estado e Regi\u00e3o!","breadcrumb":{"@id":"https:\/\/www.vagadeempregorj.com.br\/auxilio-gas-em-2025-como-nao-ficar-de-fora\/#breadcrumb"},"inLanguage":"ar","potentialAction":[{"@type":"ReadAction","target":["https:\/\/www.vagadeempregorj.com.br\/auxilio-gas-em-2025-como-nao-ficar-de-fora\/"]}]},{"@type":"ImageObject","inLanguage":"ar","@id":"https:\/\/www.vagadeempregorj.com.br\/auxilio-gas-em-2025-como-nao-ficar-de-fora\/#primaryimage","url":"https:\/\/www.vagadeempregorj.com.br\/wp-content\/uploads\/2025\/02\/image-52.png","contentUrl":"https:\/\/www.vagadeempregorj.com.br\/wp-content\/uploads\/2025\/02\/image-52.png","width":675,"height":450},{"@type":"BreadcrumbList","@id":"https:\/\/www.vagadeempregorj.com.br\/auxilio-gas-em-2025-como-nao-ficar-de-fora\/#breadcrumb","itemListElement":[{"@type":"ListItem","position":1,"name":"In\u00edcio","item":"https:\/\/www.vagadeempregorj.com.br\/"},{"@type":"ListItem","position":2,"name":"Benef\u00edcios Sociais","item":"https:\/\/www.vagadeempregorj.com.br\/beneficios-sociais\/"},{"@type":"ListItem","position":3,"name":"Aux\u00edlio G\u00e1s em 2025: como n\u00e3o ficar de fora?"}]},{"@type":"WebSite","@id":"https:\/\/www.vagadeempregorj.com.br\/#website","url":"https:\/\/www.vagadeempregorj.com.br\/","name":"","description":"Conquiste Sonhos: Vagas, Benef\u00edcios e Economia para Transformar Vidas e Alcan\u00e7ar Melhorias Cotidianas","potentialAction":[{"@type":"SearchAction","target":{"@type":"EntryPoint","urlTemplate":"https:\/\/www.vagadeempregorj.com.br\/?s={search_term_string}"},"query-input":{"@type":"PropertyValueSpecification","valueRequired":true,"valueName":"search_term_string"}}],"inLanguage":"ar"},{"@type":"Person","@id":"https:\/\/www.vagadeempregorj.com.br\/#\/schema\/person\/3ddb19fa0539706786e502152f3aae95","name":"Michele","image":{"@type":"ImageObject","inLanguage":"ar","@id":"https:\/\/secure.gravatar.com\/avatar\/6b0eb9d22841282815e2cd856a0061c45e1761cd54b22e952d98c4746939aa85?s=96&r=g","url":"https:\/\/secure.gravatar.com\/avatar\/6b0eb9d22841282815e2cd856a0061c45e1761cd54b22e952d98c4746939aa85?s=96&r=g","contentUrl":"https:\/\/secure.gravatar.com\/avatar\/6b0eb9d22841282815e2cd856a0061c45e1761cd54b22e952d98c4746939aa85?s=96&r=g","caption":"Michele"},"description":"Formada em Letras - Portugu\u00eas\/ Ingl\u00eas, e idealizadora do site Escritora de Sucesso, busca expandir o conhecimento de todos com informa\u00e7\u00f5es relevantes sobre diversos assuntos, enquanto redatora. No Vaga de Emprego RJ, traz oportunidades e dicas sobre o mercado de trabalho.","url":"https:\/\/www.vagadeempregorj.com.br\/ar\/author\/michele\/"}]}},"_links":{"self":[{"href":"https:\/\/www.vagadeempregorj.com.br\/ar\/wp-json\/wp\/v2\/posts\/42702","targetHints":{"allow":["GET"]}}],"collection":[{"href":"https:\/\/www.vagadeempregorj.com.br\/ar\/wp-json\/wp\/v2\/posts"}],"about":[{"href":"https:\/\/www.vagadeempregorj.com.br\/ar\/wp-json\/wp\/v2\/types\/post"}],"author":[{"embeddable":true,"href":"https:\/\/www.vagadeempregorj.com.br\/ar\/wp-json\/wp\/v2\/users\/16"}],"replies":[{"embeddable":true,"href":"https:\/\/www.vagadeempregorj.com.br\/ar\/wp-json\/wp\/v2\/comments?post=42702"}],"version-history":[{"count":0,"href":"https:\/\/www.vagadeempregorj.com.br\/ar\/wp-json\/wp\/v2\/posts\/42702\/revisions"}],"wp:featuredmedia":[{"embeddable":true,"href":"https:\/\/www.vagadeempregorj.com.br\/ar\/wp-json\/wp\/v2\/media\/42712"}],"wp:attachment":[{"href":"https:\/\/www.vagadeempregorj.com.br\/ar\/wp-json\/wp\/v2\/media?parent=42702"}],"wp:term":[{"taxonomy":"category","embeddable":true,"href":"https:\/\/www.vagadeempregorj.com.br\/ar\/wp-json\/wp\/v2\/categories?post=42702"},{"taxonomy":"post_tag","embeddable":true,"href":"https:\/\/www.vagadeempregorj.com.br\/ar\/wp-json\/wp\/v2\/tags?post=42702"}],"curies":[{"name":"wp","href":"https:\/\/api.w.org\/{rel}","templated":true}]}}