{"id":42704,"date":"2025-02-22T06:00:00","date_gmt":"2025-02-22T09:00:00","guid":{"rendered":"https:\/\/www.vagadeempregorj.com.br\/?p=42704"},"modified":"2025-02-19T23:26:39","modified_gmt":"2025-02-20T02:26:39","slug":"pe-de-meia-do-governo-como-conseguir-esse-dinheiro-extra","status":"publish","type":"post","link":"https:\/\/www.vagadeempregorj.com.br\/ar\/pe-de-meia-do-governo-como-conseguir-esse-dinheiro-extra\/","title":{"rendered":"P\u00e9 de Meia do Governo: como conseguir esse dinheiro extra?"},"content":{"rendered":"<p>O <strong>P\u00e9 de Meia<\/strong> \u00e9 um programa do governo federal brasileiro que visa incentivar a perman\u00eancia e a conclus\u00e3o dos estudos por estudantes do ensino m\u00e9dio p\u00fablico. Atrav\u00e9s de incentivos financeiros, o programa busca reduzir a evas\u00e3o escolar e promover a inclus\u00e3o social. Mas como exatamente voc\u00ea pode acessar esse benef\u00edcio? Vamos explorar os detalhes.<\/p>\n\n\n\n<figure class=\"wp-block-image size-large\"><img loading=\"lazy\" decoding=\"async\" width=\"1024\" height=\"560\" src=\"https:\/\/www.vagadeempregorj.com.br\/wp-content\/uploads\/2025\/02\/image-53-1024x560.png\" alt=\"\" class=\"wp-image-42714\" srcset=\"https:\/\/www.vagadeempregorj.com.br\/wp-content\/uploads\/2025\/02\/image-53-1024x560.png 1024w, https:\/\/www.vagadeempregorj.com.br\/wp-content\/uploads\/2025\/02\/image-53-300x164.png 300w, https:\/\/www.vagadeempregorj.com.br\/wp-content\/uploads\/2025\/02\/image-53-768x420.png 768w, https:\/\/www.vagadeempregorj.com.br\/wp-content\/uploads\/2025\/02\/image-53-150x82.png 150w, https:\/\/www.vagadeempregorj.com.br\/wp-content\/uploads\/2025\/02\/image-53.png 1200w\" sizes=\"auto, (max-width: 1024px) 100vw, 1024px\" \/><\/figure>\n\n\n\n<h2 class=\"wp-block-heading\">O que \u00e9 o Programa P\u00e9 de Meia?<\/h2>\n\n\n\n<p>Institu\u00eddo pela Lei n\u00ba 14.818 em janeiro de 2024, o <strong>P\u00e9 de Meia<\/strong> \u00e9 uma iniciativa que oferece suporte financeiro a estudantes do ensino m\u00e9dio p\u00fablico. O objetivo principal \u00e9 proporcionar uma reserva financeira que auxilie os alunos a conclu\u00edrem seus estudos, incentivando a continuidade educacional e reduzindo as desigualdades sociais.<\/p>\n\n\n\n<h2 class=\"wp-block-heading\">Quem pode participar?<\/h2>\n\n\n\n<p>Para ser eleg\u00edvel ao programa, \u00e9 necess\u00e1rio atender aos seguintes crit\u00e9rios:<\/p>\n\n\n\n<ul class=\"wp-block-list\">\n<li><strong>Idade<\/strong>: Estar entre 14 e 24 anos para estudantes do ensino m\u00e9dio regular, e entre 19 e 24 anos para alunos da Educa\u00e7\u00e3o de Jovens e Adultos (EJA).<\/li>\n\n\n\n<li><strong>Matr\u00edcula<\/strong>: Estar regularmente matriculado em uma institui\u00e7\u00e3o p\u00fablica de ensino m\u00e9dio.<\/li>\n\n\n\n<li><strong>Cadastro \u00danico (Cad\u00danico)<\/strong>: Pertencer a uma fam\u00edlia inscrita no Cad\u00danico, com renda per capita de at\u00e9 meio sal\u00e1rio m\u00ednimo.<\/li>\n\n\n\n<li><strong>Frequ\u00eancia Escolar<\/strong>: Manter uma frequ\u00eancia m\u00ednima de 80% nas aulas mensais.<\/li>\n<\/ul>\n\n\n\n<p>Al\u00e9m disso, \u00e9 imprescind\u00edvel possuir um Cadastro de Pessoa F\u00edsica (CPF) regular. Estudantes cadastrados como fam\u00edlia unipessoal no Cad\u00danico (ou seja, que declararam morar sozinhos) n\u00e3o s\u00e3o eleg\u00edveis para o programa.<\/p>\n\n\n\n<h2 class=\"wp-block-heading\">Como funciona o benef\u00edcio financeiro?<\/h2>\n\n\n\n<p>O <strong>P\u00e9 de Meia<\/strong> oferece diferentes tipos de incentivos financeiros ao longo do per\u00edodo escolar:<\/p>\n\n\n\n<ol class=\"wp-block-list\">\n<li><strong>Incentivo-Matr\u00edcula<\/strong>: Pagamento \u00fanico de R$ 200,00 no ato da matr\u00edcula em uma escola p\u00fablica. Este valor \u00e9 concedido uma vez por ano, mesmo que o estudante mude de institui\u00e7\u00e3o ou modalidade de ensino dentro do mesmo ano letivo.<\/li>\n\n\n\n<li><strong>Incentivo-Frequ\u00eancia<\/strong>: Pagamentos mensais de R$ 200,00, totalizando at\u00e9 R$ 1.800,00 anuais, condicionados \u00e0 manuten\u00e7\u00e3o de uma frequ\u00eancia m\u00ednima de 80% nas aulas.<\/li>\n\n\n\n<li><strong>Incentivo-Conclus\u00e3o<\/strong>: Ao final de cada ano letivo conclu\u00eddo com aprova\u00e7\u00e3o, o estudante recebe R$ 1.000,00, acumulando at\u00e9 R$ 3.000,00 ao t\u00e9rmino do ensino m\u00e9dio. Este montante s\u00f3 pode ser sacado ap\u00f3s a conclus\u00e3o completa do ciclo escolar.<\/li>\n\n\n\n<li><strong>Incentivo-ENEM<\/strong>: Pagamento \u00fanico de R$ 200,00 para estudantes do terceiro ano que participarem dos dois dias de provas do Exame Nacional do Ensino M\u00e9dio (ENEM).<\/li>\n<\/ol>\n\n\n\n<p>No total, um aluno pode acumular at\u00e9 R$ 9.200,00 ao longo de todo o ensino m\u00e9dio, considerando todos os incentivos dispon\u00edveis.<\/p>\n\n\n\n<h2 class=\"wp-block-heading\">Como se inscrever no programa?<\/h2>\n\n\n\n<p>A boa not\u00edcia \u00e9 que n\u00e3o \u00e9 necess\u00e1rio realizar uma inscri\u00e7\u00e3o espec\u00edfica para o <strong>P\u00e9 de Meia<\/strong>. A sele\u00e7\u00e3o dos benefici\u00e1rios \u00e9 feita automaticamente pelo governo, com base nos dados fornecidos pelas redes de ensino e no Cad\u00danico. Portanto, \u00e9 fundamental que suas informa\u00e7\u00f5es estejam sempre atualizadas.<\/p>\n\n\n\n<p>Para garantir que voc\u00ea seja contemplado:<\/p>\n\n\n\n<ul class=\"wp-block-list\">\n<li><strong>Verifique seu cadastro no Cad\u00danico<\/strong>: Certifique-se de que sua fam\u00edlia est\u00e1 inscrita e que os dados est\u00e3o corretos. Caso haja necessidade de atualiza\u00e7\u00e3o, procure o Centro de Refer\u00eancia de Assist\u00eancia Social (CRAS) mais pr\u00f3ximo.<\/li>\n\n\n\n<li><strong>Mantenha seus dados escolares atualizados<\/strong>: Informe \u00e0 secretaria da sua escola qualquer altera\u00e7\u00e3o, como mudan\u00e7a de endere\u00e7o ou atualiza\u00e7\u00e3o de documentos.<\/li>\n\n\n\n<li><strong>Acompanhe sua frequ\u00eancia escolar<\/strong>: Lembre-se de que a assiduidade \u00e9 um dos crit\u00e9rios para o recebimento dos incentivos.<\/li>\n<\/ul>\n\n\n\n<h2 class=\"wp-block-heading\">Como acompanhar os pagamentos?<\/h2>\n\n\n\n<p>Os valores dos incentivos s\u00e3o depositados em contas abertas automaticamente pela Caixa Econ\u00f4mica Federal em nome dos estudantes. Para gerenciar e acompanhar os dep\u00f3sitos, \u00e9 necess\u00e1rio utilizar o aplicativo <strong>Jornada do Estudante<\/strong>, dispon\u00edvel para dispositivos Android e iOS. O acesso ao aplicativo requer uma conta no portal gov.br.<\/p>\n\n\n\n<p>No caso de estudantes menores de 18 anos, \u00e9 necess\u00e1rio que um respons\u00e1vel legal autorize a movimenta\u00e7\u00e3o da conta. Isso pode ser feito diretamente no aplicativo ou em uma ag\u00eancia da Caixa.<\/p>\n\n\n\n<h2 class=\"wp-block-heading\">Dicas para n\u00e3o perder o benef\u00edcio<\/h2>\n\n\n\n<p>Para assegurar a continuidade no recebimento dos incentivos do <strong>P\u00e9 de Meia<\/strong>, atente-se \u00e0s seguintes recomenda\u00e7\u00f5es:<\/p>\n\n\n\n<ul class=\"wp-block-list\">\n<li><strong>Atualize regularmente o Cad\u00danico<\/strong>: Qualquer mudan\u00e7a na composi\u00e7\u00e3o familiar ou na renda deve ser informada imediatamente.<\/li>\n\n\n\n<li><strong>Mantenha uma frequ\u00eancia escolar elevada<\/strong>: Esforce-se para participar de todas as aulas, evitando faltas que possam comprometer o percentual m\u00ednimo exigido.<\/li>\n\n\n\n<li><strong>Participe das avalia\u00e7\u00f5es oficiais<\/strong>: A presen\u00e7a em exames como o ENEM \u00e9 fundamental para garantir alguns dos incentivos oferecidos pelo programa.<\/li>\n\n\n\n<li><strong>Esteja atento \u00e0s comunica\u00e7\u00f5es oficiais<\/strong>: Utilize o aplicativo Jornada do Estudante para acompanhar informa\u00e7\u00f5es e atualiza\u00e7\u00f5es relacionadas ao programa.<\/li>\n<\/ul>\n\n\n\n<h2 class=\"wp-block-heading\">Uma oportunidade para estudantes<\/h2>\n\n\n\n<p>O <strong>P\u00e9 de Meia<\/strong> representa uma oportunidade valiosa para estudantes de baixa renda conclu\u00edrem o ensino m\u00e9dio com apoio financeiro, facilitando a continuidade dos estudos e contribuindo para a redu\u00e7\u00e3o das desigualdades educacionais no pa\u00eds. Ao cumprir os crit\u00e9rios estabelecidos e manter seus dados atualizados, voc\u00ea garante acesso a esse recurso que pode fazer a diferen\u00e7a no seu futuro acad\u00eamico e profissional.<\/p>\n\n\n\n<p>Para mais informa\u00e7\u00f5es, consulte os canais oficiais do Minist\u00e9rio da Educa\u00e7\u00e3o e da Caixa Econ\u00f4mica Federal.<\/p>\n\n\n\n<p><strong>Refer\u00eancias:<\/strong><\/p>\n\n\n\n<ol class=\"wp-block-list\">\n<li>P\u00e9-de-Meia \u2014 Minist\u00e9rio da Educa\u00e7\u00e3o &#8211; Portal Gov.br<\/li>\n<\/ol>\n\n\n\n<p><strong>Veja tamb\u00e9m: <a href=\"https:\/\/www.vagadeempregorj.com.br\/ar\/bolsa-familia-cancelado-saiba-como-proceder-neste-caso\/\">Bolsa Fam\u00edlia CANCELADO? Saiba como proceder neste caso<\/a><\/strong><\/p>\n\n\n\n<p>22 de fevereiro de 2025<\/p>","protected":false},"excerpt":{"rendered":"<p>O P\u00e9 de Meia \u00e9 um programa do governo federal brasileiro que visa incentivar a perman\u00eancia e a conclus\u00e3o dos estudos por estudantes do ensino m\u00e9dio p\u00fablico. Atrav\u00e9s de incentivos financeiros, o programa busca reduzir a evas\u00e3o escolar e promover a inclus\u00e3o social. Mas como exatamente voc\u00ea pode acessar esse benef\u00edcio? Vamos explorar os detalhes.&hellip;&nbsp;<\/p>","protected":false},"author":16,"featured_media":42714,"comment_status":"closed","ping_status":"closed","sticky":false,"template":"","format":"standard","meta":{"neve_meta_sidebar":"","neve_meta_container":"","neve_meta_enable_content_width":"","neve_meta_content_width":0,"neve_meta_title_alignment":"","neve_meta_author_avatar":"","neve_post_elements_order":"","neve_meta_disable_header":"","neve_meta_disable_footer":"","neve_meta_disable_title":"","footnotes":""},"categories":[1],"tags":[],"class_list":["post-42704","post","type-post","status-publish","format-standard","has-post-thumbnail","hentry","category-beneficios-sociais"],"yoast_head":"<!-- This site is optimized with the Yoast SEO plugin v27.5 - https:\/\/yoast.com\/product\/yoast-seo-wordpress\/ -->\n<title>P\u00e9 de Meia do Governo: como conseguir esse dinheiro extra? -<\/title>\n<meta name=\"description\" content=\"Veja em Vagas de Emprego RJ as vagas de emprego com e sem experi\u00eancia no seu Estado e Regi\u00e3o!\" \/>\n<meta name=\"robots\" content=\"index, follow, max-snippet:-1, max-image-preview:large, max-video-preview:-1\" \/>\n<link rel=\"canonical\" href=\"https:\/\/www.vagadeempregorj.com.br\/ar\/pe-de-meia-do-governo-como-conseguir-esse-dinheiro-extra\/\" \/>\n<meta property=\"og:locale\" content=\"ar_AR\" \/>\n<meta property=\"og:type\" content=\"article\" \/>\n<meta property=\"og:title\" content=\"P\u00e9 de Meia do Governo: como conseguir esse dinheiro extra? -\" \/>\n<meta property=\"og:description\" content=\"Veja em Vagas de Emprego RJ as vagas de emprego com e sem experi\u00eancia no seu Estado e Regi\u00e3o!\" \/>\n<meta property=\"og:url\" content=\"https:\/\/www.vagadeempregorj.com.br\/ar\/pe-de-meia-do-governo-como-conseguir-esse-dinheiro-extra\/\" \/>\n<meta property=\"article:publisher\" content=\"https:\/\/www.facebook.com\/empregobrasiloficial\" \/>\n<meta property=\"article:published_time\" content=\"2025-02-22T09:00:00+00:00\" \/>\n<meta property=\"og:image\" content=\"https:\/\/www.vagadeempregorj.com.br\/wp-content\/uploads\/2025\/02\/image-53.png\" \/>\n\t<meta property=\"og:image:width\" content=\"1200\" \/>\n\t<meta property=\"og:image:height\" content=\"656\" \/>\n\t<meta property=\"og:image:type\" content=\"image\/png\" \/>\n<meta name=\"author\" content=\"Michele\" \/>\n<meta name=\"twitter:card\" content=\"summary_large_image\" \/>\n<meta name=\"twitter:label1\" content=\"Written by\" \/>\n\t<meta name=\"twitter:data1\" content=\"Michele\" \/>\n\t<meta name=\"twitter:label2\" content=\"Est. reading time\" \/>\n\t<meta name=\"twitter:data2\" content=\"4 \u062f\u0642\u0627\u0626\u0642\" \/>\n<script type=\"application\/ld+json\" class=\"yoast-schema-graph\">{\"@context\":\"https:\\\/\\\/schema.org\",\"@graph\":[{\"@type\":\"Article\",\"@id\":\"https:\\\/\\\/www.vagadeempregorj.com.br\\\/pe-de-meia-do-governo-como-conseguir-esse-dinheiro-extra\\\/#article\",\"isPartOf\":{\"@id\":\"https:\\\/\\\/www.vagadeempregorj.com.br\\\/pe-de-meia-do-governo-como-conseguir-esse-dinheiro-extra\\\/\"},\"author\":{\"name\":\"Michele\",\"@id\":\"https:\\\/\\\/www.vagadeempregorj.com.br\\\/#\\\/schema\\\/person\\\/3ddb19fa0539706786e502152f3aae95\"},\"headline\":\"P\u00e9 de Meia do Governo: como conseguir esse dinheiro extra?\",\"datePublished\":\"2025-02-22T09:00:00+00:00\",\"mainEntityOfPage\":{\"@id\":\"https:\\\/\\\/www.vagadeempregorj.com.br\\\/pe-de-meia-do-governo-como-conseguir-esse-dinheiro-extra\\\/\"},\"wordCount\":905,\"image\":{\"@id\":\"https:\\\/\\\/www.vagadeempregorj.com.br\\\/pe-de-meia-do-governo-como-conseguir-esse-dinheiro-extra\\\/#primaryimage\"},\"thumbnailUrl\":\"https:\\\/\\\/www.vagadeempregorj.com.br\\\/wp-content\\\/uploads\\\/2025\\\/02\\\/image-53.png\",\"articleSection\":[\"Benef\u00edcios Sociais\"],\"inLanguage\":\"ar\"},{\"@type\":\"WebPage\",\"@id\":\"https:\\\/\\\/www.vagadeempregorj.com.br\\\/pe-de-meia-do-governo-como-conseguir-esse-dinheiro-extra\\\/\",\"url\":\"https:\\\/\\\/www.vagadeempregorj.com.br\\\/pe-de-meia-do-governo-como-conseguir-esse-dinheiro-extra\\\/\",\"name\":\"P\u00e9 de Meia do Governo: como conseguir esse dinheiro extra? -\",\"isPartOf\":{\"@id\":\"https:\\\/\\\/www.vagadeempregorj.com.br\\\/#website\"},\"primaryImageOfPage\":{\"@id\":\"https:\\\/\\\/www.vagadeempregorj.com.br\\\/pe-de-meia-do-governo-como-conseguir-esse-dinheiro-extra\\\/#primaryimage\"},\"image\":{\"@id\":\"https:\\\/\\\/www.vagadeempregorj.com.br\\\/pe-de-meia-do-governo-como-conseguir-esse-dinheiro-extra\\\/#primaryimage\"},\"thumbnailUrl\":\"https:\\\/\\\/www.vagadeempregorj.com.br\\\/wp-content\\\/uploads\\\/2025\\\/02\\\/image-53.png\",\"datePublished\":\"2025-02-22T09:00:00+00:00\",\"author\":{\"@id\":\"https:\\\/\\\/www.vagadeempregorj.com.br\\\/#\\\/schema\\\/person\\\/3ddb19fa0539706786e502152f3aae95\"},\"description\":\"Veja em Vagas de Emprego RJ as vagas de emprego com e sem experi\u00eancia no seu Estado e Regi\u00e3o!\",\"breadcrumb\":{\"@id\":\"https:\\\/\\\/www.vagadeempregorj.com.br\\\/pe-de-meia-do-governo-como-conseguir-esse-dinheiro-extra\\\/#breadcrumb\"},\"inLanguage\":\"ar\",\"potentialAction\":[{\"@type\":\"ReadAction\",\"target\":[\"https:\\\/\\\/www.vagadeempregorj.com.br\\\/pe-de-meia-do-governo-como-conseguir-esse-dinheiro-extra\\\/\"]}]},{\"@type\":\"ImageObject\",\"inLanguage\":\"ar\",\"@id\":\"https:\\\/\\\/www.vagadeempregorj.com.br\\\/pe-de-meia-do-governo-como-conseguir-esse-dinheiro-extra\\\/#primaryimage\",\"url\":\"https:\\\/\\\/www.vagadeempregorj.com.br\\\/wp-content\\\/uploads\\\/2025\\\/02\\\/image-53.png\",\"contentUrl\":\"https:\\\/\\\/www.vagadeempregorj.com.br\\\/wp-content\\\/uploads\\\/2025\\\/02\\\/image-53.png\",\"width\":1200,\"height\":656},{\"@type\":\"BreadcrumbList\",\"@id\":\"https:\\\/\\\/www.vagadeempregorj.com.br\\\/pe-de-meia-do-governo-como-conseguir-esse-dinheiro-extra\\\/#breadcrumb\",\"itemListElement\":[{\"@type\":\"ListItem\",\"position\":1,\"name\":\"In\u00edcio\",\"item\":\"https:\\\/\\\/www.vagadeempregorj.com.br\\\/\"},{\"@type\":\"ListItem\",\"position\":2,\"name\":\"Benef\u00edcios Sociais\",\"item\":\"https:\\\/\\\/www.vagadeempregorj.com.br\\\/beneficios-sociais\\\/\"},{\"@type\":\"ListItem\",\"position\":3,\"name\":\"P\u00e9 de Meia do Governo: como conseguir esse dinheiro extra?\"}]},{\"@type\":\"WebSite\",\"@id\":\"https:\\\/\\\/www.vagadeempregorj.com.br\\\/#website\",\"url\":\"https:\\\/\\\/www.vagadeempregorj.com.br\\\/\",\"name\":\"\",\"description\":\"Conquiste Sonhos: Vagas, Benef\u00edcios e Economia para Transformar Vidas e Alcan\u00e7ar Melhorias Cotidianas\",\"potentialAction\":[{\"@type\":\"SearchAction\",\"target\":{\"@type\":\"EntryPoint\",\"urlTemplate\":\"https:\\\/\\\/www.vagadeempregorj.com.br\\\/?s={search_term_string}\"},\"query-input\":{\"@type\":\"PropertyValueSpecification\",\"valueRequired\":true,\"valueName\":\"search_term_string\"}}],\"inLanguage\":\"ar\"},{\"@type\":\"Person\",\"@id\":\"https:\\\/\\\/www.vagadeempregorj.com.br\\\/#\\\/schema\\\/person\\\/3ddb19fa0539706786e502152f3aae95\",\"name\":\"Michele\",\"image\":{\"@type\":\"ImageObject\",\"inLanguage\":\"ar\",\"@id\":\"https:\\\/\\\/secure.gravatar.com\\\/avatar\\\/6b0eb9d22841282815e2cd856a0061c45e1761cd54b22e952d98c4746939aa85?s=96&r=g\",\"url\":\"https:\\\/\\\/secure.gravatar.com\\\/avatar\\\/6b0eb9d22841282815e2cd856a0061c45e1761cd54b22e952d98c4746939aa85?s=96&r=g\",\"contentUrl\":\"https:\\\/\\\/secure.gravatar.com\\\/avatar\\\/6b0eb9d22841282815e2cd856a0061c45e1761cd54b22e952d98c4746939aa85?s=96&r=g\",\"caption\":\"Michele\"},\"description\":\"Formada em Letras - Portugu\u00eas\\\/ Ingl\u00eas, e idealizadora do site Escritora de Sucesso, busca expandir o conhecimento de todos com informa\u00e7\u00f5es relevantes sobre diversos assuntos, enquanto redatora. No Vaga de Emprego RJ, traz oportunidades e dicas sobre o mercado de trabalho.\",\"url\":\"https:\\\/\\\/www.vagadeempregorj.com.br\\\/ar\\\/author\\\/michele\\\/\"}]}<\/script>\n<!-- \/ Yoast SEO plugin. -->","yoast_head_json":{"title":"P\u00e9 de Meia do Governo: como conseguir esse dinheiro extra? -","description":"Veja em Vagas de Emprego RJ as vagas de emprego com e sem experi\u00eancia no seu Estado e Regi\u00e3o!","robots":{"index":"index","follow":"follow","max-snippet":"max-snippet:-1","max-image-preview":"max-image-preview:large","max-video-preview":"max-video-preview:-1"},"canonical":"https:\/\/www.vagadeempregorj.com.br\/ar\/pe-de-meia-do-governo-como-conseguir-esse-dinheiro-extra\/","og_locale":"ar_AR","og_type":"article","og_title":"P\u00e9 de Meia do Governo: como conseguir esse dinheiro extra? -","og_description":"Veja em Vagas de Emprego RJ as vagas de emprego com e sem experi\u00eancia no seu Estado e Regi\u00e3o!","og_url":"https:\/\/www.vagadeempregorj.com.br\/ar\/pe-de-meia-do-governo-como-conseguir-esse-dinheiro-extra\/","article_publisher":"https:\/\/www.facebook.com\/empregobrasiloficial","article_published_time":"2025-02-22T09:00:00+00:00","og_image":[{"width":1200,"height":656,"url":"https:\/\/www.vagadeempregorj.com.br\/wp-content\/uploads\/2025\/02\/image-53.png","type":"image\/png"}],"author":"Michele","twitter_card":"summary_large_image","twitter_misc":{"Written by":"Michele","Est. reading time":"4 \u062f\u0642\u0627\u0626\u0642"},"schema":{"@context":"https:\/\/schema.org","@graph":[{"@type":"Article","@id":"https:\/\/www.vagadeempregorj.com.br\/pe-de-meia-do-governo-como-conseguir-esse-dinheiro-extra\/#article","isPartOf":{"@id":"https:\/\/www.vagadeempregorj.com.br\/pe-de-meia-do-governo-como-conseguir-esse-dinheiro-extra\/"},"author":{"name":"Michele","@id":"https:\/\/www.vagadeempregorj.com.br\/#\/schema\/person\/3ddb19fa0539706786e502152f3aae95"},"headline":"P\u00e9 de Meia do Governo: como conseguir esse dinheiro extra?","datePublished":"2025-02-22T09:00:00+00:00","mainEntityOfPage":{"@id":"https:\/\/www.vagadeempregorj.com.br\/pe-de-meia-do-governo-como-conseguir-esse-dinheiro-extra\/"},"wordCount":905,"image":{"@id":"https:\/\/www.vagadeempregorj.com.br\/pe-de-meia-do-governo-como-conseguir-esse-dinheiro-extra\/#primaryimage"},"thumbnailUrl":"https:\/\/www.vagadeempregorj.com.br\/wp-content\/uploads\/2025\/02\/image-53.png","articleSection":["Benef\u00edcios Sociais"],"inLanguage":"ar"},{"@type":"WebPage","@id":"https:\/\/www.vagadeempregorj.com.br\/pe-de-meia-do-governo-como-conseguir-esse-dinheiro-extra\/","url":"https:\/\/www.vagadeempregorj.com.br\/pe-de-meia-do-governo-como-conseguir-esse-dinheiro-extra\/","name":"P\u00e9 de Meia do Governo: como conseguir esse dinheiro extra? -","isPartOf":{"@id":"https:\/\/www.vagadeempregorj.com.br\/#website"},"primaryImageOfPage":{"@id":"https:\/\/www.vagadeempregorj.com.br\/pe-de-meia-do-governo-como-conseguir-esse-dinheiro-extra\/#primaryimage"},"image":{"@id":"https:\/\/www.vagadeempregorj.com.br\/pe-de-meia-do-governo-como-conseguir-esse-dinheiro-extra\/#primaryimage"},"thumbnailUrl":"https:\/\/www.vagadeempregorj.com.br\/wp-content\/uploads\/2025\/02\/image-53.png","datePublished":"2025-02-22T09:00:00+00:00","author":{"@id":"https:\/\/www.vagadeempregorj.com.br\/#\/schema\/person\/3ddb19fa0539706786e502152f3aae95"},"description":"Veja em Vagas de Emprego RJ as vagas de emprego com e sem experi\u00eancia no seu Estado e Regi\u00e3o!","breadcrumb":{"@id":"https:\/\/www.vagadeempregorj.com.br\/pe-de-meia-do-governo-como-conseguir-esse-dinheiro-extra\/#breadcrumb"},"inLanguage":"ar","potentialAction":[{"@type":"ReadAction","target":["https:\/\/www.vagadeempregorj.com.br\/pe-de-meia-do-governo-como-conseguir-esse-dinheiro-extra\/"]}]},{"@type":"ImageObject","inLanguage":"ar","@id":"https:\/\/www.vagadeempregorj.com.br\/pe-de-meia-do-governo-como-conseguir-esse-dinheiro-extra\/#primaryimage","url":"https:\/\/www.vagadeempregorj.com.br\/wp-content\/uploads\/2025\/02\/image-53.png","contentUrl":"https:\/\/www.vagadeempregorj.com.br\/wp-content\/uploads\/2025\/02\/image-53.png","width":1200,"height":656},{"@type":"BreadcrumbList","@id":"https:\/\/www.vagadeempregorj.com.br\/pe-de-meia-do-governo-como-conseguir-esse-dinheiro-extra\/#breadcrumb","itemListElement":[{"@type":"ListItem","position":1,"name":"In\u00edcio","item":"https:\/\/www.vagadeempregorj.com.br\/"},{"@type":"ListItem","position":2,"name":"Benef\u00edcios Sociais","item":"https:\/\/www.vagadeempregorj.com.br\/beneficios-sociais\/"},{"@type":"ListItem","position":3,"name":"P\u00e9 de Meia do Governo: como conseguir esse dinheiro extra?"}]},{"@type":"WebSite","@id":"https:\/\/www.vagadeempregorj.com.br\/#website","url":"https:\/\/www.vagadeempregorj.com.br\/","name":"","description":"Conquiste Sonhos: Vagas, Benef\u00edcios e Economia para Transformar Vidas e Alcan\u00e7ar Melhorias Cotidianas","potentialAction":[{"@type":"SearchAction","target":{"@type":"EntryPoint","urlTemplate":"https:\/\/www.vagadeempregorj.com.br\/?s={search_term_string}"},"query-input":{"@type":"PropertyValueSpecification","valueRequired":true,"valueName":"search_term_string"}}],"inLanguage":"ar"},{"@type":"Person","@id":"https:\/\/www.vagadeempregorj.com.br\/#\/schema\/person\/3ddb19fa0539706786e502152f3aae95","name":"Michele","image":{"@type":"ImageObject","inLanguage":"ar","@id":"https:\/\/secure.gravatar.com\/avatar\/6b0eb9d22841282815e2cd856a0061c45e1761cd54b22e952d98c4746939aa85?s=96&r=g","url":"https:\/\/secure.gravatar.com\/avatar\/6b0eb9d22841282815e2cd856a0061c45e1761cd54b22e952d98c4746939aa85?s=96&r=g","contentUrl":"https:\/\/secure.gravatar.com\/avatar\/6b0eb9d22841282815e2cd856a0061c45e1761cd54b22e952d98c4746939aa85?s=96&r=g","caption":"Michele"},"description":"Formada em Letras - Portugu\u00eas\/ Ingl\u00eas, e idealizadora do site Escritora de Sucesso, busca expandir o conhecimento de todos com informa\u00e7\u00f5es relevantes sobre diversos assuntos, enquanto redatora. No Vaga de Emprego RJ, traz oportunidades e dicas sobre o mercado de trabalho.","url":"https:\/\/www.vagadeempregorj.com.br\/ar\/author\/michele\/"}]}},"_links":{"self":[{"href":"https:\/\/www.vagadeempregorj.com.br\/ar\/wp-json\/wp\/v2\/posts\/42704","targetHints":{"allow":["GET"]}}],"collection":[{"href":"https:\/\/www.vagadeempregorj.com.br\/ar\/wp-json\/wp\/v2\/posts"}],"about":[{"href":"https:\/\/www.vagadeempregorj.com.br\/ar\/wp-json\/wp\/v2\/types\/post"}],"author":[{"embeddable":true,"href":"https:\/\/www.vagadeempregorj.com.br\/ar\/wp-json\/wp\/v2\/users\/16"}],"replies":[{"embeddable":true,"href":"https:\/\/www.vagadeempregorj.com.br\/ar\/wp-json\/wp\/v2\/comments?post=42704"}],"version-history":[{"count":0,"href":"https:\/\/www.vagadeempregorj.com.br\/ar\/wp-json\/wp\/v2\/posts\/42704\/revisions"}],"wp:featuredmedia":[{"embeddable":true,"href":"https:\/\/www.vagadeempregorj.com.br\/ar\/wp-json\/wp\/v2\/media\/42714"}],"wp:attachment":[{"href":"https:\/\/www.vagadeempregorj.com.br\/ar\/wp-json\/wp\/v2\/media?parent=42704"}],"wp:term":[{"taxonomy":"category","embeddable":true,"href":"https:\/\/www.vagadeempregorj.com.br\/ar\/wp-json\/wp\/v2\/categories?post=42704"},{"taxonomy":"post_tag","embeddable":true,"href":"https:\/\/www.vagadeempregorj.com.br\/ar\/wp-json\/wp\/v2\/tags?post=42704"}],"curies":[{"name":"wp","href":"https:\/\/api.w.org\/{rel}","templated":true}]}}