{"id":42719,"date":"2025-02-20T10:25:49","date_gmt":"2025-02-20T13:25:49","guid":{"rendered":"https:\/\/www.vagadeempregorj.com.br\/?p=42719"},"modified":"2025-02-20T10:25:50","modified_gmt":"2025-02-20T13:25:50","slug":"gwm-abre-700-vagas-emprego-fabrica-brasil","status":"publish","type":"post","link":"https:\/\/www.vagadeempregorj.com.br\/ar\/gwm-abre-700-vagas-emprego-fabrica-brasil\/","title":{"rendered":"Vagas de Emprego na GWM: 700 Abertas no Brasil"},"content":{"rendered":"<p class=\"has-medium-font-size\">A montadora chinesa GWM est\u00e1 revolucionando o mercado de trabalho no Brasil, <strong>pois<\/strong> acaba de abrir 700 vagas de emprego para sua f\u00e1brica em Iracem\u00e1polis, S\u00e3o Paulo. <strong>Al\u00e9m disso<\/strong>, esse processo seletivo gigantesco oferece oportunidades para profissionais de n\u00edvel m\u00e9dio e superior. <strong>Como resultado<\/strong>, os selecionados ter\u00e3o acesso a benef\u00edcios atrativos e \u00e0 chance de fazer parte de uma das maiores montadoras do mundo.<\/p>\n\n\n\n<h2 class=\"wp-block-heading\"><strong>Quais s\u00e3o as vagas de emprego na GWM?<\/strong><\/h2>\n\n\n\n<p class=\"has-medium-font-size\">A GWM est\u00e1 buscando profissionais para diversas \u00e1reas, desde opera\u00e7\u00f5es de produ\u00e7\u00e3o at\u00e9 cargos de lideran\u00e7a. Entre as <strong>vagas de emprego<\/strong> dispon\u00edveis, destacam-se:<\/p>\n\n\n\n<ul class=\"wp-block-list\">\n<li class=\"has-medium-font-size\"><strong>Operador de produ\u00e7\u00e3o:<\/strong> Respons\u00e1vel por acompanhar e garantir a efici\u00eancia das linhas de montagem.<\/li>\n\n\n\n<li class=\"has-medium-font-size\"><strong>T\u00e9cnico de manuten\u00e7\u00e3o:<\/strong> Atua na manuten\u00e7\u00e3o preventiva e corretiva dos equipamentos da f\u00e1brica.<\/li>\n\n\n\n<li class=\"has-medium-font-size\"><strong>Analista de engenharia:<\/strong> Desenvolve projetos e solu\u00e7\u00f5es para otimizar os processos produtivos.<\/li>\n\n\n\n<li class=\"has-medium-font-size\"><strong>Supervisor de linha:<\/strong> Lidera equipes e garante o cumprimento das metas de produ\u00e7\u00e3o.<\/li>\n\n\n\n<li class=\"has-medium-font-size\"><strong>Especialista em sistemas produtivos:<\/strong> Trabalha na integra\u00e7\u00e3o de tecnologias digitais e automa\u00e7\u00e3o.<\/li>\n<\/ul>\n\n\n\n<p class=\"has-medium-font-size\">Al\u00e9m dos sal\u00e1rios competitivos, a empresa oferece benef\u00edcios como plano de sa\u00fade, vale-refei\u00e7\u00e3o, transporte fretado, seguro de vida e previd\u00eancia privada. Esses diferenciais tornam as <strong>vagas de emprego na GWM<\/strong> ainda mais atrativas para quem busca estabilidade e crescimento profissional.<\/p>\n\n\n\n<h2 class=\"wp-block-heading\"><strong>Expans\u00e3o da f\u00e1brica da GWM em Iracem\u00e1polis<\/strong><\/h2>\n\n\n\n<p class=\"has-medium-font-size\">A f\u00e1brica da GWM em Iracem\u00e1polis, adquirida em 2021, passou por v\u00e1rias moderniza\u00e7\u00f5es. Hoje, \u00e9 um dos principais polos de produ\u00e7\u00e3o da montadora na Am\u00e9rica Latina. Com 1,2 milh\u00e3o de metros quadrados, a unidade recebeu tecnologias digitais e sistemas de montagem inteligente. Isso garante mais efici\u00eancia e qualidade na produ\u00e7\u00e3o.<\/p>\n\n\n\n<p class=\"has-medium-font-size\">Inicialmente, a f\u00e1brica ter\u00e1 capacidade para produzir 25 mil ve\u00edculos por ano, com foco no SUV Haval, um dos modelos mais populares da GWM no mercado global. A expectativa \u00e9 que, nos pr\u00f3ximos tr\u00eas anos, a produ\u00e7\u00e3o dobre para 50 mil unidades, consolidando a unidade como um polo de exporta\u00e7\u00e3o para pa\u00edses da Am\u00e9rica Latina.<\/p>\n\n\n\n<h2 class=\"wp-block-heading\"><strong>Investimentos da GWM no Brasil<\/strong><\/h2>\n\n\n\n<p class=\"has-medium-font-size\">A GWM anunciou um investimento total de 10 bilh\u00f5es no Brasil, sendo 4 bilh\u00f5es destinados \u00e0 moderniza\u00e7\u00e3o e desenvolvimento da f\u00e1brica de Iracem\u00e1polis entre 2022 e 2026. Os outros R$ 6 bilh\u00f5es ainda ser\u00e3o aplicados em projetos futuros, refor\u00e7ando o compromisso da empresa com o mercado brasileiro.<\/p>\n\n\n\n<p class=\"has-medium-font-size\">Segundo Ricardo Bastos, diretor de Assuntos Institucionais da GWM Brasil, a empresa busca fortalecer sua presen\u00e7a na regi\u00e3o e contribuir para o crescimento da ind\u00fastria de ve\u00edculos eletrificados no pa\u00eds. &#8220;Ainda n\u00e3o est\u00e1 definido o que vai ser, onde vai ser, mas est\u00e1 definido que ser\u00e1 no Brasil&#8221;, explicou Bastos.<\/p>\n\n\n\n<h2 class=\"wp-block-heading\"><strong>Impacto das vagas de emprego na economia local<\/strong><\/h2>\n\n\n\n<p class=\"has-medium-font-size\">A abertura das <strong>700 vagas de emprego na GWM<\/strong> n\u00e3o s\u00f3 beneficia os profissionais contratados, mas tamb\u00e9m impulsiona a economia de Iracem\u00e1polis e regi\u00e3o. Com a gera\u00e7\u00e3o de empregos diretos e indiretos, a montadora contribui para o desenvolvimento socioecon\u00f4mico da \u00e1rea, atraindo investimentos e melhorando a infraestrutura local.<\/p>\n\n\n\n<p class=\"has-medium-font-size\">Al\u00e9m disso, a presen\u00e7a da GWM no Brasil refor\u00e7a a competitividade do setor automotivo nacional, incentivando outras empresas a investirem em tecnologia e inova\u00e7\u00e3o.<\/p>\n\n\n\n<h2 class=\"wp-block-heading\"><strong>Futuro da GWM no Brasil<\/strong><\/h2>\n\n\n\n<p class=\"has-medium-font-size\">A expectativa \u00e9 que a GWM continue expandindo sua opera\u00e7\u00e3o no Brasil, criando novas oportunidades de trabalho e consolidando sua posi\u00e7\u00e3o como uma das principais montadoras do mercado. Com um plano de expans\u00e3o ambicioso e investimentos significativos, a empresa demonstra seu compromisso com o crescimento sustent\u00e1vel e a gera\u00e7\u00e3o de empregos de qualidade.<\/p>\n\n\n\n<h2 class=\"wp-block-heading\">Conclus\u00e3o<\/h2>\n\n\n\n<p class=\"has-medium-font-size\">As vagas de emprego na GWM s\u00e3o uma chance para profissionais de diversas \u00e1reas. A empresa oferece benef\u00edcios atrativos e a oportunidade de integrar uma equipe global. Com investimentos s\u00f3lidos e um plano de expans\u00e3o, a montadora chinesa fortalece sua presen\u00e7a no Brasil e impulsiona a ind\u00fastria automotiva nacional.<\/p>\n\n\n\n<hr class=\"wp-block-separator has-alpha-channel-opacity\"\/>\n\n\n\n<p class=\"has-medium-font-size\"><a href=\"https:\/\/www.vagadeempregorj.com.br\/ar\/vagas-de-emprego-nacionais\/\">Como se preparar para processos seletivos em grandes empresas<\/a><\/p>","protected":false},"excerpt":{"rendered":"<p>A montadora chinesa GWM est\u00e1 revolucionando o mercado de trabalho no Brasil, pois acaba de abrir 700 vagas de emprego para sua f\u00e1brica em Iracem\u00e1polis, S\u00e3o Paulo. Al\u00e9m disso, esse processo seletivo gigantesco oferece oportunidades para profissionais de n\u00edvel m\u00e9dio e superior. Como resultado, os selecionados ter\u00e3o acesso a benef\u00edcios atrativos e \u00e0 chance de&hellip;&nbsp;<\/p>","protected":false},"author":1,"featured_media":42720,"comment_status":"closed","ping_status":"closed","sticky":false,"template":"","format":"standard","meta":{"neve_meta_sidebar":"","neve_meta_container":"","neve_meta_enable_content_width":"","neve_meta_content_width":0,"neve_meta_title_alignment":"","neve_meta_author_avatar":"","neve_post_elements_order":"","neve_meta_disable_header":"","neve_meta_disable_footer":"","neve_meta_disable_title":"","footnotes":""},"categories":[123],"tags":[1059,1057,1058,1060,1056],"class_list":["post-42719","post","type-post","status-publish","format-standard","has-post-thumbnail","hentry","category-vagas-de-emprego-nacionais","tag-cargos-na-gwm","tag-emprego-em-iracemapolis","tag-fabrica-gwm-brasil","tag-processo-seletivo-gwm","tag-vagas-de-emprego-gwm"],"yoast_head":"<!-- This site is optimized with the Yoast SEO plugin v27.5 - https:\/\/yoast.com\/product\/yoast-seo-wordpress\/ -->\n<title>Vagas de Emprego na GWM: 700 Abertas no Brasil -<\/title>\n<meta name=\"description\" content=\"GWM oferece 700 vagas de emprego em sua f\u00e1brica em Iracem\u00e1polis (SP). Descubra os cargos, benef\u00edcios e como se candidatar.\" \/>\n<meta name=\"robots\" content=\"index, follow, max-snippet:-1, max-image-preview:large, max-video-preview:-1\" \/>\n<link rel=\"canonical\" href=\"https:\/\/www.vagadeempregorj.com.br\/ar\/gwm-abre-700-vagas-emprego-fabrica-brasil\/\" \/>\n<meta property=\"og:locale\" content=\"ar_AR\" \/>\n<meta property=\"og:type\" content=\"article\" \/>\n<meta property=\"og:title\" content=\"Vagas de Emprego na GWM: 700 Abertas no Brasil -\" \/>\n<meta property=\"og:description\" content=\"GWM oferece 700 vagas de emprego em sua f\u00e1brica em Iracem\u00e1polis (SP). Descubra os cargos, benef\u00edcios e como se candidatar.\" \/>\n<meta property=\"og:url\" content=\"https:\/\/www.vagadeempregorj.com.br\/ar\/gwm-abre-700-vagas-emprego-fabrica-brasil\/\" \/>\n<meta property=\"article:publisher\" content=\"https:\/\/www.facebook.com\/empregobrasiloficial\" \/>\n<meta property=\"article:published_time\" content=\"2025-02-20T13:25:49+00:00\" \/>\n<meta property=\"article:modified_time\" content=\"2025-02-20T13:25:50+00:00\" \/>\n<meta property=\"og:image\" content=\"https:\/\/www.vagadeempregorj.com.br\/wp-content\/uploads\/2025\/02\/gwm-vagas-de-emprego-processo-seletivo-oportunidades-fabrica-sao-paulo.png.webp\" \/>\n\t<meta property=\"og:image:width\" content=\"1280\" \/>\n\t<meta property=\"og:image:height\" content=\"720\" \/>\n\t<meta property=\"og:image:type\" content=\"image\/webp\" \/>\n<meta name=\"author\" content=\"Ana B.\" \/>\n<meta name=\"twitter:card\" content=\"summary_large_image\" \/>\n<meta name=\"twitter:label1\" content=\"Written by\" \/>\n\t<meta name=\"twitter:data1\" content=\"Ana B.\" \/>\n\t<meta name=\"twitter:label2\" content=\"Est. reading time\" \/>\n\t<meta name=\"twitter:data2\" content=\"3 \u062f\u0642\u0627\u0626\u0642\" \/>\n<script type=\"application\/ld+json\" class=\"yoast-schema-graph\">{\"@context\":\"https:\\\/\\\/schema.org\",\"@graph\":[{\"@type\":\"Article\",\"@id\":\"https:\\\/\\\/www.vagadeempregorj.com.br\\\/gwm-abre-700-vagas-emprego-fabrica-brasil\\\/#article\",\"isPartOf\":{\"@id\":\"https:\\\/\\\/www.vagadeempregorj.com.br\\\/gwm-abre-700-vagas-emprego-fabrica-brasil\\\/\"},\"author\":{\"name\":\"Ana B.\",\"@id\":\"https:\\\/\\\/www.vagadeempregorj.com.br\\\/#\\\/schema\\\/person\\\/c0c38d5d765e86c3b7c8f12fb1ae6477\"},\"headline\":\"Vagas de Emprego na GWM: 700 Abertas no Brasil\",\"datePublished\":\"2025-02-20T13:25:49+00:00\",\"dateModified\":\"2025-02-20T13:25:50+00:00\",\"mainEntityOfPage\":{\"@id\":\"https:\\\/\\\/www.vagadeempregorj.com.br\\\/gwm-abre-700-vagas-emprego-fabrica-brasil\\\/\"},\"wordCount\":688,\"image\":{\"@id\":\"https:\\\/\\\/www.vagadeempregorj.com.br\\\/gwm-abre-700-vagas-emprego-fabrica-brasil\\\/#primaryimage\"},\"thumbnailUrl\":\"https:\\\/\\\/www.vagadeempregorj.com.br\\\/wp-content\\\/uploads\\\/2025\\\/02\\\/gwm-vagas-de-emprego-processo-seletivo-oportunidades-fabrica-sao-paulo.png.webp\",\"keywords\":[\"cargos na GWM\",\"emprego em Iracem\u00e1polis\",\"f\u00e1brica GWM Brasil\",\"processo seletivo GWM\",\"vagas de emprego GWM\"],\"articleSection\":[\"Vagas de Emprego Nacionais\"],\"inLanguage\":\"ar\"},{\"@type\":\"WebPage\",\"@id\":\"https:\\\/\\\/www.vagadeempregorj.com.br\\\/gwm-abre-700-vagas-emprego-fabrica-brasil\\\/\",\"url\":\"https:\\\/\\\/www.vagadeempregorj.com.br\\\/gwm-abre-700-vagas-emprego-fabrica-brasil\\\/\",\"name\":\"Vagas de Emprego na GWM: 700 Abertas no Brasil -\",\"isPartOf\":{\"@id\":\"https:\\\/\\\/www.vagadeempregorj.com.br\\\/#website\"},\"primaryImageOfPage\":{\"@id\":\"https:\\\/\\\/www.vagadeempregorj.com.br\\\/gwm-abre-700-vagas-emprego-fabrica-brasil\\\/#primaryimage\"},\"image\":{\"@id\":\"https:\\\/\\\/www.vagadeempregorj.com.br\\\/gwm-abre-700-vagas-emprego-fabrica-brasil\\\/#primaryimage\"},\"thumbnailUrl\":\"https:\\\/\\\/www.vagadeempregorj.com.br\\\/wp-content\\\/uploads\\\/2025\\\/02\\\/gwm-vagas-de-emprego-processo-seletivo-oportunidades-fabrica-sao-paulo.png.webp\",\"datePublished\":\"2025-02-20T13:25:49+00:00\",\"dateModified\":\"2025-02-20T13:25:50+00:00\",\"author\":{\"@id\":\"https:\\\/\\\/www.vagadeempregorj.com.br\\\/#\\\/schema\\\/person\\\/c0c38d5d765e86c3b7c8f12fb1ae6477\"},\"description\":\"GWM oferece 700 vagas de emprego em sua f\u00e1brica em Iracem\u00e1polis (SP). Descubra os cargos, benef\u00edcios e como se candidatar.\",\"breadcrumb\":{\"@id\":\"https:\\\/\\\/www.vagadeempregorj.com.br\\\/gwm-abre-700-vagas-emprego-fabrica-brasil\\\/#breadcrumb\"},\"inLanguage\":\"ar\",\"potentialAction\":[{\"@type\":\"ReadAction\",\"target\":[\"https:\\\/\\\/www.vagadeempregorj.com.br\\\/gwm-abre-700-vagas-emprego-fabrica-brasil\\\/\"]}]},{\"@type\":\"ImageObject\",\"inLanguage\":\"ar\",\"@id\":\"https:\\\/\\\/www.vagadeempregorj.com.br\\\/gwm-abre-700-vagas-emprego-fabrica-brasil\\\/#primaryimage\",\"url\":\"https:\\\/\\\/www.vagadeempregorj.com.br\\\/wp-content\\\/uploads\\\/2025\\\/02\\\/gwm-vagas-de-emprego-processo-seletivo-oportunidades-fabrica-sao-paulo.png.webp\",\"contentUrl\":\"https:\\\/\\\/www.vagadeempregorj.com.br\\\/wp-content\\\/uploads\\\/2025\\\/02\\\/gwm-vagas-de-emprego-processo-seletivo-oportunidades-fabrica-sao-paulo.png.webp\",\"width\":1280,\"height\":720,\"caption\":\"vagas de emprego na GWM\"},{\"@type\":\"BreadcrumbList\",\"@id\":\"https:\\\/\\\/www.vagadeempregorj.com.br\\\/gwm-abre-700-vagas-emprego-fabrica-brasil\\\/#breadcrumb\",\"itemListElement\":[{\"@type\":\"ListItem\",\"position\":1,\"name\":\"In\u00edcio\",\"item\":\"https:\\\/\\\/www.vagadeempregorj.com.br\\\/\"},{\"@type\":\"ListItem\",\"position\":2,\"name\":\"Vagas de Emprego Nacionais\",\"item\":\"https:\\\/\\\/www.vagadeempregorj.com.br\\\/vagas-de-emprego-nacionais\\\/\"},{\"@type\":\"ListItem\",\"position\":3,\"name\":\"Vagas de Emprego na GWM: 700 Abertas no Brasil\"}]},{\"@type\":\"WebSite\",\"@id\":\"https:\\\/\\\/www.vagadeempregorj.com.br\\\/#website\",\"url\":\"https:\\\/\\\/www.vagadeempregorj.com.br\\\/\",\"name\":\"\",\"description\":\"Conquiste Sonhos: Vagas, Benef\u00edcios e Economia para Transformar Vidas e Alcan\u00e7ar Melhorias Cotidianas\",\"potentialAction\":[{\"@type\":\"SearchAction\",\"target\":{\"@type\":\"EntryPoint\",\"urlTemplate\":\"https:\\\/\\\/www.vagadeempregorj.com.br\\\/?s={search_term_string}\"},\"query-input\":{\"@type\":\"PropertyValueSpecification\",\"valueRequired\":true,\"valueName\":\"search_term_string\"}}],\"inLanguage\":\"ar\"},{\"@type\":\"Person\",\"@id\":\"https:\\\/\\\/www.vagadeempregorj.com.br\\\/#\\\/schema\\\/person\\\/c0c38d5d765e86c3b7c8f12fb1ae6477\",\"name\":\"Ana B.\",\"image\":{\"@type\":\"ImageObject\",\"inLanguage\":\"ar\",\"@id\":\"https:\\\/\\\/secure.gravatar.com\\\/avatar\\\/f5efa58599e07f8dd92f26c7cfbc442fd115582bc681245452e503c2ef2334f3?s=96&r=g\",\"url\":\"https:\\\/\\\/secure.gravatar.com\\\/avatar\\\/f5efa58599e07f8dd92f26c7cfbc442fd115582bc681245452e503c2ef2334f3?s=96&r=g\",\"contentUrl\":\"https:\\\/\\\/secure.gravatar.com\\\/avatar\\\/f5efa58599e07f8dd92f26c7cfbc442fd115582bc681245452e503c2ef2334f3?s=96&r=g\",\"caption\":\"Ana B.\"},\"description\":\"Meu nome \u00e9 Ana e sou apaixonada em escrever. Dedico meu tempo escrevendo not\u00edcias e vagas de emprego diariamente no portal Vaga de Emprego RJ.\",\"url\":\"https:\\\/\\\/www.vagadeempregorj.com.br\\\/ar\\\/author\\\/vgrj\\\/\"}]}<\/script>\n<!-- \/ Yoast SEO plugin. -->","yoast_head_json":{"title":"Vagas de Emprego na GWM: 700 Abertas no Brasil -","description":"GWM oferece 700 vagas de emprego em sua f\u00e1brica em Iracem\u00e1polis (SP). Descubra os cargos, benef\u00edcios e como se candidatar.","robots":{"index":"index","follow":"follow","max-snippet":"max-snippet:-1","max-image-preview":"max-image-preview:large","max-video-preview":"max-video-preview:-1"},"canonical":"https:\/\/www.vagadeempregorj.com.br\/ar\/gwm-abre-700-vagas-emprego-fabrica-brasil\/","og_locale":"ar_AR","og_type":"article","og_title":"Vagas de Emprego na GWM: 700 Abertas no Brasil -","og_description":"GWM oferece 700 vagas de emprego em sua f\u00e1brica em Iracem\u00e1polis (SP). Descubra os cargos, benef\u00edcios e como se candidatar.","og_url":"https:\/\/www.vagadeempregorj.com.br\/ar\/gwm-abre-700-vagas-emprego-fabrica-brasil\/","article_publisher":"https:\/\/www.facebook.com\/empregobrasiloficial","article_published_time":"2025-02-20T13:25:49+00:00","article_modified_time":"2025-02-20T13:25:50+00:00","og_image":[{"width":1280,"height":720,"url":"https:\/\/www.vagadeempregorj.com.br\/wp-content\/uploads\/2025\/02\/gwm-vagas-de-emprego-processo-seletivo-oportunidades-fabrica-sao-paulo.png.webp","type":"image\/webp"}],"author":"Ana B.","twitter_card":"summary_large_image","twitter_misc":{"Written by":"Ana B.","Est. reading time":"3 \u062f\u0642\u0627\u0626\u0642"},"schema":{"@context":"https:\/\/schema.org","@graph":[{"@type":"Article","@id":"https:\/\/www.vagadeempregorj.com.br\/gwm-abre-700-vagas-emprego-fabrica-brasil\/#article","isPartOf":{"@id":"https:\/\/www.vagadeempregorj.com.br\/gwm-abre-700-vagas-emprego-fabrica-brasil\/"},"author":{"name":"Ana B.","@id":"https:\/\/www.vagadeempregorj.com.br\/#\/schema\/person\/c0c38d5d765e86c3b7c8f12fb1ae6477"},"headline":"Vagas de Emprego na GWM: 700 Abertas no Brasil","datePublished":"2025-02-20T13:25:49+00:00","dateModified":"2025-02-20T13:25:50+00:00","mainEntityOfPage":{"@id":"https:\/\/www.vagadeempregorj.com.br\/gwm-abre-700-vagas-emprego-fabrica-brasil\/"},"wordCount":688,"image":{"@id":"https:\/\/www.vagadeempregorj.com.br\/gwm-abre-700-vagas-emprego-fabrica-brasil\/#primaryimage"},"thumbnailUrl":"https:\/\/www.vagadeempregorj.com.br\/wp-content\/uploads\/2025\/02\/gwm-vagas-de-emprego-processo-seletivo-oportunidades-fabrica-sao-paulo.png.webp","keywords":["cargos na GWM","emprego em Iracem\u00e1polis","f\u00e1brica GWM Brasil","processo seletivo GWM","vagas de emprego GWM"],"articleSection":["Vagas de Emprego Nacionais"],"inLanguage":"ar"},{"@type":"WebPage","@id":"https:\/\/www.vagadeempregorj.com.br\/gwm-abre-700-vagas-emprego-fabrica-brasil\/","url":"https:\/\/www.vagadeempregorj.com.br\/gwm-abre-700-vagas-emprego-fabrica-brasil\/","name":"Vagas de Emprego na GWM: 700 Abertas no Brasil -","isPartOf":{"@id":"https:\/\/www.vagadeempregorj.com.br\/#website"},"primaryImageOfPage":{"@id":"https:\/\/www.vagadeempregorj.com.br\/gwm-abre-700-vagas-emprego-fabrica-brasil\/#primaryimage"},"image":{"@id":"https:\/\/www.vagadeempregorj.com.br\/gwm-abre-700-vagas-emprego-fabrica-brasil\/#primaryimage"},"thumbnailUrl":"https:\/\/www.vagadeempregorj.com.br\/wp-content\/uploads\/2025\/02\/gwm-vagas-de-emprego-processo-seletivo-oportunidades-fabrica-sao-paulo.png.webp","datePublished":"2025-02-20T13:25:49+00:00","dateModified":"2025-02-20T13:25:50+00:00","author":{"@id":"https:\/\/www.vagadeempregorj.com.br\/#\/schema\/person\/c0c38d5d765e86c3b7c8f12fb1ae6477"},"description":"GWM oferece 700 vagas de emprego em sua f\u00e1brica em Iracem\u00e1polis (SP). Descubra os cargos, benef\u00edcios e como se candidatar.","breadcrumb":{"@id":"https:\/\/www.vagadeempregorj.com.br\/gwm-abre-700-vagas-emprego-fabrica-brasil\/#breadcrumb"},"inLanguage":"ar","potentialAction":[{"@type":"ReadAction","target":["https:\/\/www.vagadeempregorj.com.br\/gwm-abre-700-vagas-emprego-fabrica-brasil\/"]}]},{"@type":"ImageObject","inLanguage":"ar","@id":"https:\/\/www.vagadeempregorj.com.br\/gwm-abre-700-vagas-emprego-fabrica-brasil\/#primaryimage","url":"https:\/\/www.vagadeempregorj.com.br\/wp-content\/uploads\/2025\/02\/gwm-vagas-de-emprego-processo-seletivo-oportunidades-fabrica-sao-paulo.png.webp","contentUrl":"https:\/\/www.vagadeempregorj.com.br\/wp-content\/uploads\/2025\/02\/gwm-vagas-de-emprego-processo-seletivo-oportunidades-fabrica-sao-paulo.png.webp","width":1280,"height":720,"caption":"vagas de emprego na GWM"},{"@type":"BreadcrumbList","@id":"https:\/\/www.vagadeempregorj.com.br\/gwm-abre-700-vagas-emprego-fabrica-brasil\/#breadcrumb","itemListElement":[{"@type":"ListItem","position":1,"name":"In\u00edcio","item":"https:\/\/www.vagadeempregorj.com.br\/"},{"@type":"ListItem","position":2,"name":"Vagas de Emprego Nacionais","item":"https:\/\/www.vagadeempregorj.com.br\/vagas-de-emprego-nacionais\/"},{"@type":"ListItem","position":3,"name":"Vagas de Emprego na GWM: 700 Abertas no Brasil"}]},{"@type":"WebSite","@id":"https:\/\/www.vagadeempregorj.com.br\/#website","url":"https:\/\/www.vagadeempregorj.com.br\/","name":"","description":"Conquiste Sonhos: Vagas, Benef\u00edcios e Economia para Transformar Vidas e Alcan\u00e7ar Melhorias Cotidianas","potentialAction":[{"@type":"SearchAction","target":{"@type":"EntryPoint","urlTemplate":"https:\/\/www.vagadeempregorj.com.br\/?s={search_term_string}"},"query-input":{"@type":"PropertyValueSpecification","valueRequired":true,"valueName":"search_term_string"}}],"inLanguage":"ar"},{"@type":"Person","@id":"https:\/\/www.vagadeempregorj.com.br\/#\/schema\/person\/c0c38d5d765e86c3b7c8f12fb1ae6477","name":"Ana B.","image":{"@type":"ImageObject","inLanguage":"ar","@id":"https:\/\/secure.gravatar.com\/avatar\/f5efa58599e07f8dd92f26c7cfbc442fd115582bc681245452e503c2ef2334f3?s=96&r=g","url":"https:\/\/secure.gravatar.com\/avatar\/f5efa58599e07f8dd92f26c7cfbc442fd115582bc681245452e503c2ef2334f3?s=96&r=g","contentUrl":"https:\/\/secure.gravatar.com\/avatar\/f5efa58599e07f8dd92f26c7cfbc442fd115582bc681245452e503c2ef2334f3?s=96&r=g","caption":"Ana B."},"description":"Meu nome \u00e9 Ana e sou apaixonada em escrever. Dedico meu tempo escrevendo not\u00edcias e vagas de emprego diariamente no portal Vaga de Emprego RJ.","url":"https:\/\/www.vagadeempregorj.com.br\/ar\/author\/vgrj\/"}]}},"_links":{"self":[{"href":"https:\/\/www.vagadeempregorj.com.br\/ar\/wp-json\/wp\/v2\/posts\/42719","targetHints":{"allow":["GET"]}}],"collection":[{"href":"https:\/\/www.vagadeempregorj.com.br\/ar\/wp-json\/wp\/v2\/posts"}],"about":[{"href":"https:\/\/www.vagadeempregorj.com.br\/ar\/wp-json\/wp\/v2\/types\/post"}],"author":[{"embeddable":true,"href":"https:\/\/www.vagadeempregorj.com.br\/ar\/wp-json\/wp\/v2\/users\/1"}],"replies":[{"embeddable":true,"href":"https:\/\/www.vagadeempregorj.com.br\/ar\/wp-json\/wp\/v2\/comments?post=42719"}],"version-history":[{"count":0,"href":"https:\/\/www.vagadeempregorj.com.br\/ar\/wp-json\/wp\/v2\/posts\/42719\/revisions"}],"wp:featuredmedia":[{"embeddable":true,"href":"https:\/\/www.vagadeempregorj.com.br\/ar\/wp-json\/wp\/v2\/media\/42720"}],"wp:attachment":[{"href":"https:\/\/www.vagadeempregorj.com.br\/ar\/wp-json\/wp\/v2\/media?parent=42719"}],"wp:term":[{"taxonomy":"category","embeddable":true,"href":"https:\/\/www.vagadeempregorj.com.br\/ar\/wp-json\/wp\/v2\/categories?post=42719"},{"taxonomy":"post_tag","embeddable":true,"href":"https:\/\/www.vagadeempregorj.com.br\/ar\/wp-json\/wp\/v2\/tags?post=42719"}],"curies":[{"name":"wp","href":"https:\/\/api.w.org\/{rel}","templated":true}]}}