{"id":42789,"date":"2025-03-02T06:00:00","date_gmt":"2025-03-02T09:00:00","guid":{"rendered":"https:\/\/www.vagadeempregorj.com.br\/?p=42789"},"modified":"2025-02-22T22:56:09","modified_gmt":"2025-02-23T01:56:09","slug":"cadastro-unico-atualizar-ou-nao-o-que-acontece-se-voce-nao-fizer-isso","status":"publish","type":"post","link":"https:\/\/www.vagadeempregorj.com.br\/ar\/cadastro-unico-atualizar-ou-nao-o-que-acontece-se-voce-nao-fizer-isso\/","title":{"rendered":"Cadastro \u00danico: atualizar ou n\u00e3o? O que acontece se voc\u00ea n\u00e3o fizer isso?"},"content":{"rendered":"<p>O Cadastro \u00danico (Cad\u00danico) \u00e9 a principal ferramenta do governo para identificar fam\u00edlias de baixa renda e garantir o acesso a diversos programas sociais, como o Bolsa Fam\u00edlia, o Aux\u00edlio G\u00e1s e a Tarifa Social de Energia. Mas muitas pessoas ainda t\u00eam d\u00favidas sobre a necessidade de atualiza\u00e7\u00e3o e as consequ\u00eancias de n\u00e3o realizar esse processo. Se voc\u00ea depende de algum benef\u00edcio vinculado ao Cad\u00danico, continue lendo e descubra o que acontece se os seus dados n\u00e3o estiverem atualizados.<\/p>\n\n\n\n<figure class=\"wp-block-image size-large\"><img loading=\"lazy\" decoding=\"async\" width=\"1024\" height=\"585\" src=\"https:\/\/www.vagadeempregorj.com.br\/wp-content\/uploads\/2025\/02\/cadastro-unico-2025-1024x585.webp\" alt=\"\" class=\"wp-image-42790\" srcset=\"https:\/\/www.vagadeempregorj.com.br\/wp-content\/uploads\/2025\/02\/cadastro-unico-2025-1024x585.webp 1024w, https:\/\/www.vagadeempregorj.com.br\/wp-content\/uploads\/2025\/02\/cadastro-unico-2025-300x171.webp 300w, https:\/\/www.vagadeempregorj.com.br\/wp-content\/uploads\/2025\/02\/cadastro-unico-2025-768x439.webp 768w, https:\/\/www.vagadeempregorj.com.br\/wp-content\/uploads\/2025\/02\/cadastro-unico-2025-1536x878.webp 1536w, https:\/\/www.vagadeempregorj.com.br\/wp-content\/uploads\/2025\/02\/cadastro-unico-2025-150x86.webp 150w, https:\/\/www.vagadeempregorj.com.br\/wp-content\/uploads\/2025\/02\/cadastro-unico-2025.webp 1792w\" sizes=\"auto, (max-width: 1024px) 100vw, 1024px\" \/><\/figure>\n\n\n\n<h2 class=\"wp-block-heading\">O que \u00e9 o Cadastro \u00danico e por que ele \u00e9 importante?<\/h2>\n\n\n\n<p>O Cadastro \u00danico \u00e9 um banco de dados do governo federal que re\u00fane informa\u00e7\u00f5es sobre as fam\u00edlias de baixa renda no Brasil. Com base nessas informa\u00e7\u00f5es, diversos benef\u00edcios s\u00e3o concedidos para ajudar na redu\u00e7\u00e3o das desigualdades sociais.<\/p>\n\n\n\n<p>Entre os principais programas que utilizam o Cad\u00danico para sele\u00e7\u00e3o de benefici\u00e1rios, est\u00e3o:<\/p>\n\n\n\n<ul class=\"wp-block-list\">\n<li>Bolsa Fam\u00edlia;<\/li>\n\n\n\n<li>Aux\u00edlio G\u00e1s;<\/li>\n\n\n\n<li>Tarifa Social de Energia El\u00e9trica;<\/li>\n\n\n\n<li>Minha Casa Minha Vida;<\/li>\n\n\n\n<li>Benef\u00edcio de Presta\u00e7\u00e3o Continuada (BPC);<\/li>\n\n\n\n<li>Programa Crian\u00e7a Feliz;<\/li>\n\n\n\n<li>Carteira do Idoso.<\/li>\n<\/ul>\n\n\n\n<p>Se voc\u00ea faz parte de algum desses programas ou deseja se inscrever futuramente, manter seus dados atualizados no Cadastro \u00danico \u00e9 essencial para garantir o recebimento dos benef\u00edcios.<\/p>\n\n\n\n<h2 class=\"wp-block-heading\">Quem precisa atualizar o Cadastro \u00danico?<\/h2>\n\n\n\n<p>A atualiza\u00e7\u00e3o do Cad\u00danico deve ser feita a cada <strong>dois anos<\/strong>, mesmo que n\u00e3o haja mudan\u00e7as na composi\u00e7\u00e3o familiar ou na renda. Al\u00e9m disso, a atualiza\u00e7\u00e3o \u00e9 obrigat\u00f3ria sempre que houver alguma altera\u00e7\u00e3o nos dados, como:<\/p>\n\n\n\n<ul class=\"wp-block-list\">\n<li>Mudan\u00e7a de endere\u00e7o;<\/li>\n\n\n\n<li>Altera\u00e7\u00e3o na renda familiar;<\/li>\n\n\n\n<li>Entrada ou sa\u00edda de membros da fam\u00edlia;<\/li>\n\n\n\n<li>Mudan\u00e7a de escola das crian\u00e7as ou adolescentes;<\/li>\n\n\n\n<li>Mudan\u00e7a de munic\u00edpio.<\/li>\n<\/ul>\n\n\n\n<p>Se voc\u00ea se enquadra em alguma dessas situa\u00e7\u00f5es, \u00e9 essencial procurar o CRAS (Centro de Refer\u00eancia de Assist\u00eancia Social) mais pr\u00f3ximo para atualizar seus dados e evitar a perda de benef\u00edcios.<\/p>\n\n\n\n<h2 class=\"wp-block-heading\">O que acontece se voc\u00ea n\u00e3o atualizar o Cadastro \u00danico?<\/h2>\n\n\n\n<p>Se os dados da sua fam\u00edlia estiverem desatualizados, voc\u00ea pode enfrentar algumas consequ\u00eancias s\u00e9rias, como:<\/p>\n\n\n\n<p>1# <strong>Bloqueio de benef\u00edcios<\/strong> \u2013 Programas como Bolsa Fam\u00edlia e Tarifa Social podem ser suspensos at\u00e9 que a regulariza\u00e7\u00e3o seja feita. 2# <strong>Cancelamento do benef\u00edcio<\/strong> \u2013 Ap\u00f3s um per\u00edodo de bloqueio, se a atualiza\u00e7\u00e3o n\u00e3o for feita, o benef\u00edcio pode ser cancelado definitivamente. 3# <strong>Impedimento de novos cadastros<\/strong> \u2013 Caso precise se inscrever em um novo programa social, poder\u00e1 ser impedido por conta dos dados desatualizados. 4# <strong>Dificuldade em comprovar renda e situa\u00e7\u00e3o familiar<\/strong> \u2013 O Cad\u00danico serve como um comprovante para acessar outros aux\u00edlios do governo.<\/p>\n\n\n\n<p>Se voc\u00ea recebe algum benef\u00edcio, \u00e9 fundamental verificar sua situa\u00e7\u00e3o regularmente e atualizar as informa\u00e7\u00f5es sempre que necess\u00e1rio.<\/p>\n\n\n\n<h2 class=\"wp-block-heading\">Como atualizar o Cadastro \u00danico?<\/h2>\n\n\n\n<p>A atualiza\u00e7\u00e3o do Cadastro \u00danico \u00e9 um processo simples, mas exige a presen\u00e7a do respons\u00e1vel familiar no CRAS da sua cidade. Veja como proceder:<\/p>\n\n\n\n<p>1# <strong>Separe os documentos necess\u00e1rios<\/strong> \u2013 Leve RG, CPF, comprovante de resid\u00eancia, certid\u00e3o de nascimento ou casamento dos membros da fam\u00edlia, carteira de trabalho (se houver) e comprovante de renda. 2# <strong>V\u00e1 at\u00e9 o CRAS mais pr\u00f3ximo<\/strong> \u2013 Procure o Centro de Refer\u00eancia de Assist\u00eancia Social da sua cidade para realizar a atualiza\u00e7\u00e3o cadastral. 3# <strong>Confirme os dados com o entrevistador<\/strong> \u2013 Um agente do CRAS far\u00e1 a entrevista para atualizar ou corrigir suas informa\u00e7\u00f5es. 4# <strong>Acompanhe a situa\u00e7\u00e3o do seu cadastro<\/strong> \u2013 Depois da atualiza\u00e7\u00e3o, consulte periodicamente o status do seu cadastro pelo aplicativo <strong>Meu Cad\u00danico<\/strong> ou pelo site do governo federal.<\/p>\n\n\n\n<p>A atualiza\u00e7\u00e3o \u00e9 gratuita e essencial para continuar recebendo os benef\u00edcios sociais sem interrup\u00e7\u00f5es.<\/p>\n\n\n\n<h2 class=\"wp-block-heading\">Como consultar a situa\u00e7\u00e3o do seu Cadastro \u00danico?<\/h2>\n\n\n\n<p>Se voc\u00ea n\u00e3o tem certeza se precisa atualizar seu cadastro, pode consultar sua situa\u00e7\u00e3o nos seguintes canais:<\/p>\n\n\n\n<ul class=\"wp-block-list\">\n<li><strong>Aplicativo Meu Cad\u00danico<\/strong> \u2013 Dispon\u00edvel para Android e iOS, permite checar os dados e a necessidade de atualiza\u00e7\u00e3o.<\/li>\n\n\n\n<li><strong>Site do Cadastro \u00danico<\/strong> \u2013 A consulta pode ser feita pelo site oficial do governo federal.<\/li>\n\n\n\n<li><strong>Atendimento no CRAS<\/strong> \u2013 Se estiver com dificuldades, v\u00e1 at\u00e9 um posto de atendimento do CRAS e solicite a verifica\u00e7\u00e3o dos seus dados.<\/li>\n<\/ul>\n\n\n\n<p>Manter seu cadastro atualizado \u00e9 a melhor forma de evitar surpresas e garantir que voc\u00ea continuar\u00e1 tendo acesso aos programas sociais do governo.<\/p>\n\n\n\n<h2 class=\"wp-block-heading\">Uma formalidade<\/h2>\n\n\n\n<p>Atualizar o Cadastro \u00danico n\u00e3o \u00e9 apenas uma formalidade, mas sim um passo essencial para continuar recebendo benef\u00edcios sociais. Se os seus dados estiverem desatualizados, voc\u00ea corre o risco de ter seu benef\u00edcio bloqueado ou at\u00e9 mesmo cancelado.<\/p>\n\n\n\n<p>Se faz mais de dois anos desde a \u00faltima atualiza\u00e7\u00e3o ou se houve mudan\u00e7as na sua fam\u00edlia, procure o CRAS mais pr\u00f3ximo o quanto antes. N\u00e3o deixe para a \u00faltima hora e garanta que sua fam\u00edlia continue tendo acesso aos aux\u00edlios que fazem a diferen\u00e7a no dia a dia!<\/p>\n\n\n\n<p><strong>Veja tamb\u00e9m: <a href=\"https:\/\/www.vagadeempregorj.com.br\/ar\/bolsa-familia-pode-ser-bloqueado-judicialmente-por-divida\/\">Bolsa Fam\u00edlia pode ser bloqueado judicialmente por d\u00edvida?<\/a><\/strong><\/p>\n\n\n\n<p>2 de mar\u00e7o de 2025<\/p>","protected":false},"excerpt":{"rendered":"<p>O Cadastro \u00danico (Cad\u00danico) \u00e9 a principal ferramenta do governo para identificar fam\u00edlias de baixa renda e garantir o acesso a diversos programas sociais, como o Bolsa Fam\u00edlia, o Aux\u00edlio G\u00e1s e a Tarifa Social de Energia. Mas muitas pessoas ainda t\u00eam d\u00favidas sobre a necessidade de atualiza\u00e7\u00e3o e as consequ\u00eancias de n\u00e3o realizar esse&hellip;&nbsp;<\/p>","protected":false},"author":16,"featured_media":42790,"comment_status":"closed","ping_status":"closed","sticky":false,"template":"","format":"standard","meta":{"neve_meta_sidebar":"","neve_meta_container":"","neve_meta_enable_content_width":"","neve_meta_content_width":0,"neve_meta_title_alignment":"","neve_meta_author_avatar":"","neve_post_elements_order":"","neve_meta_disable_header":"","neve_meta_disable_footer":"","neve_meta_disable_title":"","footnotes":""},"categories":[1],"tags":[],"class_list":["post-42789","post","type-post","status-publish","format-standard","has-post-thumbnail","hentry","category-beneficios-sociais"],"yoast_head":"<!-- This site is optimized with the Yoast SEO plugin v27.5 - https:\/\/yoast.com\/product\/yoast-seo-wordpress\/ -->\n<title>Cadastro \u00danico: atualizar ou n\u00e3o? O que acontece se voc\u00ea n\u00e3o fizer isso? -<\/title>\n<meta name=\"description\" content=\"Veja em Vagas de Emprego RJ as vagas de emprego com e sem experi\u00eancia no seu Estado e Regi\u00e3o!\" \/>\n<meta name=\"robots\" content=\"index, follow, max-snippet:-1, max-image-preview:large, max-video-preview:-1\" \/>\n<link rel=\"canonical\" href=\"https:\/\/www.vagadeempregorj.com.br\/ar\/cadastro-unico-atualizar-ou-nao-o-que-acontece-se-voce-nao-fizer-isso\/\" \/>\n<meta property=\"og:locale\" content=\"ar_AR\" \/>\n<meta property=\"og:type\" content=\"article\" \/>\n<meta property=\"og:title\" content=\"Cadastro \u00danico: atualizar ou n\u00e3o? O que acontece se voc\u00ea n\u00e3o fizer isso? -\" \/>\n<meta property=\"og:description\" content=\"Veja em Vagas de Emprego RJ as vagas de emprego com e sem experi\u00eancia no seu Estado e Regi\u00e3o!\" \/>\n<meta property=\"og:url\" content=\"https:\/\/www.vagadeempregorj.com.br\/ar\/cadastro-unico-atualizar-ou-nao-o-que-acontece-se-voce-nao-fizer-isso\/\" \/>\n<meta property=\"article:publisher\" content=\"https:\/\/www.facebook.com\/empregobrasiloficial\" \/>\n<meta property=\"article:published_time\" content=\"2025-03-02T09:00:00+00:00\" \/>\n<meta property=\"og:image\" content=\"https:\/\/www.vagadeempregorj.com.br\/wp-content\/uploads\/2025\/02\/cadastro-unico-2025.webp\" \/>\n\t<meta property=\"og:image:width\" content=\"1792\" \/>\n\t<meta property=\"og:image:height\" content=\"1024\" \/>\n\t<meta property=\"og:image:type\" content=\"image\/webp\" \/>\n<meta name=\"author\" content=\"Michele\" \/>\n<meta name=\"twitter:card\" content=\"summary_large_image\" \/>\n<meta name=\"twitter:label1\" content=\"Written by\" \/>\n\t<meta name=\"twitter:data1\" content=\"Michele\" \/>\n\t<meta name=\"twitter:label2\" content=\"Est. reading time\" \/>\n\t<meta name=\"twitter:data2\" content=\"4 \u062f\u0642\u0627\u0626\u0642\" \/>\n<script type=\"application\/ld+json\" class=\"yoast-schema-graph\">{\"@context\":\"https:\\\/\\\/schema.org\",\"@graph\":[{\"@type\":\"Article\",\"@id\":\"https:\\\/\\\/www.vagadeempregorj.com.br\\\/cadastro-unico-atualizar-ou-nao-o-que-acontece-se-voce-nao-fizer-isso\\\/#article\",\"isPartOf\":{\"@id\":\"https:\\\/\\\/www.vagadeempregorj.com.br\\\/cadastro-unico-atualizar-ou-nao-o-que-acontece-se-voce-nao-fizer-isso\\\/\"},\"author\":{\"name\":\"Michele\",\"@id\":\"https:\\\/\\\/www.vagadeempregorj.com.br\\\/#\\\/schema\\\/person\\\/3ddb19fa0539706786e502152f3aae95\"},\"headline\":\"Cadastro \u00danico: atualizar ou n\u00e3o? O que acontece se voc\u00ea n\u00e3o fizer isso?\",\"datePublished\":\"2025-03-02T09:00:00+00:00\",\"mainEntityOfPage\":{\"@id\":\"https:\\\/\\\/www.vagadeempregorj.com.br\\\/cadastro-unico-atualizar-ou-nao-o-que-acontece-se-voce-nao-fizer-isso\\\/\"},\"wordCount\":872,\"image\":{\"@id\":\"https:\\\/\\\/www.vagadeempregorj.com.br\\\/cadastro-unico-atualizar-ou-nao-o-que-acontece-se-voce-nao-fizer-isso\\\/#primaryimage\"},\"thumbnailUrl\":\"https:\\\/\\\/www.vagadeempregorj.com.br\\\/wp-content\\\/uploads\\\/2025\\\/02\\\/cadastro-unico-2025.webp\",\"articleSection\":[\"Benef\u00edcios Sociais\"],\"inLanguage\":\"ar\"},{\"@type\":\"WebPage\",\"@id\":\"https:\\\/\\\/www.vagadeempregorj.com.br\\\/cadastro-unico-atualizar-ou-nao-o-que-acontece-se-voce-nao-fizer-isso\\\/\",\"url\":\"https:\\\/\\\/www.vagadeempregorj.com.br\\\/cadastro-unico-atualizar-ou-nao-o-que-acontece-se-voce-nao-fizer-isso\\\/\",\"name\":\"Cadastro \u00danico: atualizar ou n\u00e3o? O que acontece se voc\u00ea n\u00e3o fizer isso? -\",\"isPartOf\":{\"@id\":\"https:\\\/\\\/www.vagadeempregorj.com.br\\\/#website\"},\"primaryImageOfPage\":{\"@id\":\"https:\\\/\\\/www.vagadeempregorj.com.br\\\/cadastro-unico-atualizar-ou-nao-o-que-acontece-se-voce-nao-fizer-isso\\\/#primaryimage\"},\"image\":{\"@id\":\"https:\\\/\\\/www.vagadeempregorj.com.br\\\/cadastro-unico-atualizar-ou-nao-o-que-acontece-se-voce-nao-fizer-isso\\\/#primaryimage\"},\"thumbnailUrl\":\"https:\\\/\\\/www.vagadeempregorj.com.br\\\/wp-content\\\/uploads\\\/2025\\\/02\\\/cadastro-unico-2025.webp\",\"datePublished\":\"2025-03-02T09:00:00+00:00\",\"author\":{\"@id\":\"https:\\\/\\\/www.vagadeempregorj.com.br\\\/#\\\/schema\\\/person\\\/3ddb19fa0539706786e502152f3aae95\"},\"description\":\"Veja em Vagas de Emprego RJ as vagas de emprego com e sem experi\u00eancia no seu Estado e Regi\u00e3o!\",\"breadcrumb\":{\"@id\":\"https:\\\/\\\/www.vagadeempregorj.com.br\\\/cadastro-unico-atualizar-ou-nao-o-que-acontece-se-voce-nao-fizer-isso\\\/#breadcrumb\"},\"inLanguage\":\"ar\",\"potentialAction\":[{\"@type\":\"ReadAction\",\"target\":[\"https:\\\/\\\/www.vagadeempregorj.com.br\\\/cadastro-unico-atualizar-ou-nao-o-que-acontece-se-voce-nao-fizer-isso\\\/\"]}]},{\"@type\":\"ImageObject\",\"inLanguage\":\"ar\",\"@id\":\"https:\\\/\\\/www.vagadeempregorj.com.br\\\/cadastro-unico-atualizar-ou-nao-o-que-acontece-se-voce-nao-fizer-isso\\\/#primaryimage\",\"url\":\"https:\\\/\\\/www.vagadeempregorj.com.br\\\/wp-content\\\/uploads\\\/2025\\\/02\\\/cadastro-unico-2025.webp\",\"contentUrl\":\"https:\\\/\\\/www.vagadeempregorj.com.br\\\/wp-content\\\/uploads\\\/2025\\\/02\\\/cadastro-unico-2025.webp\",\"width\":1792,\"height\":1024},{\"@type\":\"BreadcrumbList\",\"@id\":\"https:\\\/\\\/www.vagadeempregorj.com.br\\\/cadastro-unico-atualizar-ou-nao-o-que-acontece-se-voce-nao-fizer-isso\\\/#breadcrumb\",\"itemListElement\":[{\"@type\":\"ListItem\",\"position\":1,\"name\":\"In\u00edcio\",\"item\":\"https:\\\/\\\/www.vagadeempregorj.com.br\\\/\"},{\"@type\":\"ListItem\",\"position\":2,\"name\":\"Benef\u00edcios Sociais\",\"item\":\"https:\\\/\\\/www.vagadeempregorj.com.br\\\/beneficios-sociais\\\/\"},{\"@type\":\"ListItem\",\"position\":3,\"name\":\"Cadastro \u00danico: atualizar ou n\u00e3o? O que acontece se voc\u00ea n\u00e3o fizer isso?\"}]},{\"@type\":\"WebSite\",\"@id\":\"https:\\\/\\\/www.vagadeempregorj.com.br\\\/#website\",\"url\":\"https:\\\/\\\/www.vagadeempregorj.com.br\\\/\",\"name\":\"\",\"description\":\"Conquiste Sonhos: Vagas, Benef\u00edcios e Economia para Transformar Vidas e Alcan\u00e7ar Melhorias Cotidianas\",\"potentialAction\":[{\"@type\":\"SearchAction\",\"target\":{\"@type\":\"EntryPoint\",\"urlTemplate\":\"https:\\\/\\\/www.vagadeempregorj.com.br\\\/?s={search_term_string}\"},\"query-input\":{\"@type\":\"PropertyValueSpecification\",\"valueRequired\":true,\"valueName\":\"search_term_string\"}}],\"inLanguage\":\"ar\"},{\"@type\":\"Person\",\"@id\":\"https:\\\/\\\/www.vagadeempregorj.com.br\\\/#\\\/schema\\\/person\\\/3ddb19fa0539706786e502152f3aae95\",\"name\":\"Michele\",\"image\":{\"@type\":\"ImageObject\",\"inLanguage\":\"ar\",\"@id\":\"https:\\\/\\\/secure.gravatar.com\\\/avatar\\\/6b0eb9d22841282815e2cd856a0061c45e1761cd54b22e952d98c4746939aa85?s=96&r=g\",\"url\":\"https:\\\/\\\/secure.gravatar.com\\\/avatar\\\/6b0eb9d22841282815e2cd856a0061c45e1761cd54b22e952d98c4746939aa85?s=96&r=g\",\"contentUrl\":\"https:\\\/\\\/secure.gravatar.com\\\/avatar\\\/6b0eb9d22841282815e2cd856a0061c45e1761cd54b22e952d98c4746939aa85?s=96&r=g\",\"caption\":\"Michele\"},\"description\":\"Formada em Letras - Portugu\u00eas\\\/ Ingl\u00eas, e idealizadora do site Escritora de Sucesso, busca expandir o conhecimento de todos com informa\u00e7\u00f5es relevantes sobre diversos assuntos, enquanto redatora. No Vaga de Emprego RJ, traz oportunidades e dicas sobre o mercado de trabalho.\",\"url\":\"https:\\\/\\\/www.vagadeempregorj.com.br\\\/ar\\\/author\\\/michele\\\/\"}]}<\/script>\n<!-- \/ Yoast SEO plugin. -->","yoast_head_json":{"title":"Cadastro \u00danico: atualizar ou n\u00e3o? O que acontece se voc\u00ea n\u00e3o fizer isso? -","description":"Veja em Vagas de Emprego RJ as vagas de emprego com e sem experi\u00eancia no seu Estado e Regi\u00e3o!","robots":{"index":"index","follow":"follow","max-snippet":"max-snippet:-1","max-image-preview":"max-image-preview:large","max-video-preview":"max-video-preview:-1"},"canonical":"https:\/\/www.vagadeempregorj.com.br\/ar\/cadastro-unico-atualizar-ou-nao-o-que-acontece-se-voce-nao-fizer-isso\/","og_locale":"ar_AR","og_type":"article","og_title":"Cadastro \u00danico: atualizar ou n\u00e3o? O que acontece se voc\u00ea n\u00e3o fizer isso? -","og_description":"Veja em Vagas de Emprego RJ as vagas de emprego com e sem experi\u00eancia no seu Estado e Regi\u00e3o!","og_url":"https:\/\/www.vagadeempregorj.com.br\/ar\/cadastro-unico-atualizar-ou-nao-o-que-acontece-se-voce-nao-fizer-isso\/","article_publisher":"https:\/\/www.facebook.com\/empregobrasiloficial","article_published_time":"2025-03-02T09:00:00+00:00","og_image":[{"width":1792,"height":1024,"url":"https:\/\/www.vagadeempregorj.com.br\/wp-content\/uploads\/2025\/02\/cadastro-unico-2025.webp","type":"image\/webp"}],"author":"Michele","twitter_card":"summary_large_image","twitter_misc":{"Written by":"Michele","Est. reading time":"4 \u062f\u0642\u0627\u0626\u0642"},"schema":{"@context":"https:\/\/schema.org","@graph":[{"@type":"Article","@id":"https:\/\/www.vagadeempregorj.com.br\/cadastro-unico-atualizar-ou-nao-o-que-acontece-se-voce-nao-fizer-isso\/#article","isPartOf":{"@id":"https:\/\/www.vagadeempregorj.com.br\/cadastro-unico-atualizar-ou-nao-o-que-acontece-se-voce-nao-fizer-isso\/"},"author":{"name":"Michele","@id":"https:\/\/www.vagadeempregorj.com.br\/#\/schema\/person\/3ddb19fa0539706786e502152f3aae95"},"headline":"Cadastro \u00danico: atualizar ou n\u00e3o? O que acontece se voc\u00ea n\u00e3o fizer isso?","datePublished":"2025-03-02T09:00:00+00:00","mainEntityOfPage":{"@id":"https:\/\/www.vagadeempregorj.com.br\/cadastro-unico-atualizar-ou-nao-o-que-acontece-se-voce-nao-fizer-isso\/"},"wordCount":872,"image":{"@id":"https:\/\/www.vagadeempregorj.com.br\/cadastro-unico-atualizar-ou-nao-o-que-acontece-se-voce-nao-fizer-isso\/#primaryimage"},"thumbnailUrl":"https:\/\/www.vagadeempregorj.com.br\/wp-content\/uploads\/2025\/02\/cadastro-unico-2025.webp","articleSection":["Benef\u00edcios Sociais"],"inLanguage":"ar"},{"@type":"WebPage","@id":"https:\/\/www.vagadeempregorj.com.br\/cadastro-unico-atualizar-ou-nao-o-que-acontece-se-voce-nao-fizer-isso\/","url":"https:\/\/www.vagadeempregorj.com.br\/cadastro-unico-atualizar-ou-nao-o-que-acontece-se-voce-nao-fizer-isso\/","name":"Cadastro \u00danico: atualizar ou n\u00e3o? O que acontece se voc\u00ea n\u00e3o fizer isso? -","isPartOf":{"@id":"https:\/\/www.vagadeempregorj.com.br\/#website"},"primaryImageOfPage":{"@id":"https:\/\/www.vagadeempregorj.com.br\/cadastro-unico-atualizar-ou-nao-o-que-acontece-se-voce-nao-fizer-isso\/#primaryimage"},"image":{"@id":"https:\/\/www.vagadeempregorj.com.br\/cadastro-unico-atualizar-ou-nao-o-que-acontece-se-voce-nao-fizer-isso\/#primaryimage"},"thumbnailUrl":"https:\/\/www.vagadeempregorj.com.br\/wp-content\/uploads\/2025\/02\/cadastro-unico-2025.webp","datePublished":"2025-03-02T09:00:00+00:00","author":{"@id":"https:\/\/www.vagadeempregorj.com.br\/#\/schema\/person\/3ddb19fa0539706786e502152f3aae95"},"description":"Veja em Vagas de Emprego RJ as vagas de emprego com e sem experi\u00eancia no seu Estado e Regi\u00e3o!","breadcrumb":{"@id":"https:\/\/www.vagadeempregorj.com.br\/cadastro-unico-atualizar-ou-nao-o-que-acontece-se-voce-nao-fizer-isso\/#breadcrumb"},"inLanguage":"ar","potentialAction":[{"@type":"ReadAction","target":["https:\/\/www.vagadeempregorj.com.br\/cadastro-unico-atualizar-ou-nao-o-que-acontece-se-voce-nao-fizer-isso\/"]}]},{"@type":"ImageObject","inLanguage":"ar","@id":"https:\/\/www.vagadeempregorj.com.br\/cadastro-unico-atualizar-ou-nao-o-que-acontece-se-voce-nao-fizer-isso\/#primaryimage","url":"https:\/\/www.vagadeempregorj.com.br\/wp-content\/uploads\/2025\/02\/cadastro-unico-2025.webp","contentUrl":"https:\/\/www.vagadeempregorj.com.br\/wp-content\/uploads\/2025\/02\/cadastro-unico-2025.webp","width":1792,"height":1024},{"@type":"BreadcrumbList","@id":"https:\/\/www.vagadeempregorj.com.br\/cadastro-unico-atualizar-ou-nao-o-que-acontece-se-voce-nao-fizer-isso\/#breadcrumb","itemListElement":[{"@type":"ListItem","position":1,"name":"In\u00edcio","item":"https:\/\/www.vagadeempregorj.com.br\/"},{"@type":"ListItem","position":2,"name":"Benef\u00edcios Sociais","item":"https:\/\/www.vagadeempregorj.com.br\/beneficios-sociais\/"},{"@type":"ListItem","position":3,"name":"Cadastro \u00danico: atualizar ou n\u00e3o? O que acontece se voc\u00ea n\u00e3o fizer isso?"}]},{"@type":"WebSite","@id":"https:\/\/www.vagadeempregorj.com.br\/#website","url":"https:\/\/www.vagadeempregorj.com.br\/","name":"","description":"Conquiste Sonhos: Vagas, Benef\u00edcios e Economia para Transformar Vidas e Alcan\u00e7ar Melhorias Cotidianas","potentialAction":[{"@type":"SearchAction","target":{"@type":"EntryPoint","urlTemplate":"https:\/\/www.vagadeempregorj.com.br\/?s={search_term_string}"},"query-input":{"@type":"PropertyValueSpecification","valueRequired":true,"valueName":"search_term_string"}}],"inLanguage":"ar"},{"@type":"Person","@id":"https:\/\/www.vagadeempregorj.com.br\/#\/schema\/person\/3ddb19fa0539706786e502152f3aae95","name":"Michele","image":{"@type":"ImageObject","inLanguage":"ar","@id":"https:\/\/secure.gravatar.com\/avatar\/6b0eb9d22841282815e2cd856a0061c45e1761cd54b22e952d98c4746939aa85?s=96&r=g","url":"https:\/\/secure.gravatar.com\/avatar\/6b0eb9d22841282815e2cd856a0061c45e1761cd54b22e952d98c4746939aa85?s=96&r=g","contentUrl":"https:\/\/secure.gravatar.com\/avatar\/6b0eb9d22841282815e2cd856a0061c45e1761cd54b22e952d98c4746939aa85?s=96&r=g","caption":"Michele"},"description":"Formada em Letras - Portugu\u00eas\/ Ingl\u00eas, e idealizadora do site Escritora de Sucesso, busca expandir o conhecimento de todos com informa\u00e7\u00f5es relevantes sobre diversos assuntos, enquanto redatora. No Vaga de Emprego RJ, traz oportunidades e dicas sobre o mercado de trabalho.","url":"https:\/\/www.vagadeempregorj.com.br\/ar\/author\/michele\/"}]}},"_links":{"self":[{"href":"https:\/\/www.vagadeempregorj.com.br\/ar\/wp-json\/wp\/v2\/posts\/42789","targetHints":{"allow":["GET"]}}],"collection":[{"href":"https:\/\/www.vagadeempregorj.com.br\/ar\/wp-json\/wp\/v2\/posts"}],"about":[{"href":"https:\/\/www.vagadeempregorj.com.br\/ar\/wp-json\/wp\/v2\/types\/post"}],"author":[{"embeddable":true,"href":"https:\/\/www.vagadeempregorj.com.br\/ar\/wp-json\/wp\/v2\/users\/16"}],"replies":[{"embeddable":true,"href":"https:\/\/www.vagadeempregorj.com.br\/ar\/wp-json\/wp\/v2\/comments?post=42789"}],"version-history":[{"count":0,"href":"https:\/\/www.vagadeempregorj.com.br\/ar\/wp-json\/wp\/v2\/posts\/42789\/revisions"}],"wp:featuredmedia":[{"embeddable":true,"href":"https:\/\/www.vagadeempregorj.com.br\/ar\/wp-json\/wp\/v2\/media\/42790"}],"wp:attachment":[{"href":"https:\/\/www.vagadeempregorj.com.br\/ar\/wp-json\/wp\/v2\/media?parent=42789"}],"wp:term":[{"taxonomy":"category","embeddable":true,"href":"https:\/\/www.vagadeempregorj.com.br\/ar\/wp-json\/wp\/v2\/categories?post=42789"},{"taxonomy":"post_tag","embeddable":true,"href":"https:\/\/www.vagadeempregorj.com.br\/ar\/wp-json\/wp\/v2\/tags?post=42789"}],"curies":[{"name":"wp","href":"https:\/\/api.w.org\/{rel}","templated":true}]}}