{"id":42827,"date":"2025-02-28T06:00:00","date_gmt":"2025-02-28T09:00:00","guid":{"rendered":"https:\/\/www.vagadeempregorj.com.br\/?p=42827"},"modified":"2025-02-23T16:58:15","modified_gmt":"2025-02-23T19:58:15","slug":"mercado-de-trabalho-quer-profissionais-desses-cursos-saiba-quais-sao","status":"publish","type":"post","link":"https:\/\/www.vagadeempregorj.com.br\/ar\/mercado-de-trabalho-quer-profissionais-desses-cursos-saiba-quais-sao\/","title":{"rendered":"Mercado de trabalho quer profissionais desses cursos \u2013 saiba quais s\u00e3o!"},"content":{"rendered":"<p>Se voc\u00ea est\u00e1 pensando em qual curso fazer para garantir um bom emprego, a resposta est\u00e1 no pr\u00f3prio mercado de trabalho. Empresas est\u00e3o cada vez mais seletivas e buscam profissionais com habilidades espec\u00edficas, muitas vezes mais do que com diplomas formais.<\/p>\n\n\n\n<p>O que isso significa? Que alguns cursos est\u00e3o formando especialistas altamente disputados, com vagas abertas e bons sal\u00e1rios. Se o seu objetivo \u00e9 se tornar um profissional valorizado, chegou a hora de conhecer os cursos que est\u00e3o fazendo a diferen\u00e7a e garantindo contrata\u00e7\u00f5es r\u00e1pidas.<\/p>\n\n\n\n<figure class=\"wp-block-image size-large\"><img loading=\"lazy\" decoding=\"async\" width=\"1024\" height=\"585\" src=\"https:\/\/www.vagadeempregorj.com.br\/wp-content\/uploads\/2025\/02\/DALL\u00b7E-2025-02-23-16.45.32-Uma-imagem-realista-mostrando-um-ambiente-corporativo-moderno-com-um-grupo-de-profissionais-em-diferentes-areas-discutindo-e-trabalhando-juntos.-A-ce-1024x585.webp\" alt=\"\" class=\"wp-image-42828\" srcset=\"https:\/\/www.vagadeempregorj.com.br\/wp-content\/uploads\/2025\/02\/DALL\u00b7E-2025-02-23-16.45.32-Uma-imagem-realista-mostrando-um-ambiente-corporativo-moderno-com-um-grupo-de-profissionais-em-diferentes-areas-discutindo-e-trabalhando-juntos.-A-ce-1024x585.webp 1024w, https:\/\/www.vagadeempregorj.com.br\/wp-content\/uploads\/2025\/02\/DALL\u00b7E-2025-02-23-16.45.32-Uma-imagem-realista-mostrando-um-ambiente-corporativo-moderno-com-um-grupo-de-profissionais-em-diferentes-areas-discutindo-e-trabalhando-juntos.-A-ce-300x171.webp 300w, https:\/\/www.vagadeempregorj.com.br\/wp-content\/uploads\/2025\/02\/DALL\u00b7E-2025-02-23-16.45.32-Uma-imagem-realista-mostrando-um-ambiente-corporativo-moderno-com-um-grupo-de-profissionais-em-diferentes-areas-discutindo-e-trabalhando-juntos.-A-ce-768x439.webp 768w, https:\/\/www.vagadeempregorj.com.br\/wp-content\/uploads\/2025\/02\/DALL\u00b7E-2025-02-23-16.45.32-Uma-imagem-realista-mostrando-um-ambiente-corporativo-moderno-com-um-grupo-de-profissionais-em-diferentes-areas-discutindo-e-trabalhando-juntos.-A-ce-1536x878.webp 1536w, https:\/\/www.vagadeempregorj.com.br\/wp-content\/uploads\/2025\/02\/DALL\u00b7E-2025-02-23-16.45.32-Uma-imagem-realista-mostrando-um-ambiente-corporativo-moderno-com-um-grupo-de-profissionais-em-diferentes-areas-discutindo-e-trabalhando-juntos.-A-ce-150x86.webp 150w, https:\/\/www.vagadeempregorj.com.br\/wp-content\/uploads\/2025\/02\/DALL\u00b7E-2025-02-23-16.45.32-Uma-imagem-realista-mostrando-um-ambiente-corporativo-moderno-com-um-grupo-de-profissionais-em-diferentes-areas-discutindo-e-trabalhando-juntos.-A-ce.webp 1792w\" sizes=\"auto, (max-width: 1024px) 100vw, 1024px\" \/><\/figure>\n\n\n\n<h2 class=\"wp-block-heading\">1# Tecnologia da Informa\u00e7\u00e3o \u2013 sempre em alta<\/h2>\n\n\n\n<p>Se h\u00e1 uma \u00e1rea que nunca para de crescer, \u00e9 a de TI. Empresas do mundo inteiro est\u00e3o contratando profissionais especializados em tecnologia, e a boa not\u00edcia \u00e9 que nem sempre \u00e9 necess\u00e1rio um diploma universit\u00e1rio para conseguir um emprego.<\/p>\n\n\n\n<p>Os cursos mais procurados s\u00e3o:<\/p>\n\n\n\n<ul class=\"wp-block-list\">\n<li><strong>Desenvolvimento de Software<\/strong> \u2013 aprender a programar em linguagens como Python, Java e JavaScript abre portas para diversas oportunidades.<\/li>\n\n\n\n<li><strong>Ciberseguran\u00e7a<\/strong> \u2013 proteger dados e sistemas \u00e9 uma prioridade para empresas de todos os setores.<\/li>\n\n\n\n<li><strong>An\u00e1lise de Dados<\/strong> \u2013 profissionais que interpretam informa\u00e7\u00f5es e ajudam na tomada de decis\u00f5es estrat\u00e9gicas est\u00e3o em alta.<\/li>\n<\/ul>\n\n\n\n<p>Com a digitaliza\u00e7\u00e3o de tudo, quem domina tecnologia tem grandes chances de conseguir empregos bem remunerados, muitas vezes remotamente.<\/p>\n\n\n\n<h2 class=\"wp-block-heading\">2# Marketing Digital \u2013 toda empresa precisa de um especialista<\/h2>\n\n\n\n<p>O mundo dos neg\u00f3cios mudou, e a internet se tornou o principal canal de vendas para muitas empresas. Isso faz com que profissionais de marketing digital sejam cada vez mais disputados.<\/p>\n\n\n\n<p>Os cursos que formam especialistas mais procurados pelo mercado incluem:<\/p>\n\n\n\n<ul class=\"wp-block-list\">\n<li><strong>Gest\u00e3o de Tr\u00e1fego Pago<\/strong> \u2013 criar campanhas no Google Ads e Facebook Ads pode gerar bons lucros para empresas e bons sal\u00e1rios para profissionais.<\/li>\n\n\n\n<li><strong>Copywriting<\/strong> \u2013 escrever textos persuasivos para an\u00fancios, sites e e-mails \u00e9 uma habilidade que gera vendas e empregos.<\/li>\n\n\n\n<li><strong>SEO e Marketing de Conte\u00fado<\/strong> \u2013 otimizar sites para o Google e criar conte\u00fados que atraem clientes se tornou essencial para qualquer neg\u00f3cio.<\/li>\n<\/ul>\n\n\n\n<p>A vantagem do marketing digital \u00e9 a possibilidade de trabalhar de forma independente, com clientes pr\u00f3prios, ou conseguir uma vaga em uma ag\u00eancia ou empresa.<\/p>\n\n\n\n<h2 class=\"wp-block-heading\">3# Sa\u00fade e Bem-Estar \u2013 uma demanda que s\u00f3 cresce<\/h2>\n\n\n\n<p>A \u00e1rea da sa\u00fade sempre teve espa\u00e7o no mercado, mas nos \u00faltimos anos a busca por profissionais especializados aumentou. Al\u00e9m dos cursos tradicionais de enfermagem e medicina, h\u00e1 outras forma\u00e7\u00f5es mais r\u00e1pidas e com excelente empregabilidade.<\/p>\n\n\n\n<p>Os cursos mais procurados s\u00e3o:<\/p>\n\n\n\n<ul class=\"wp-block-list\">\n<li><strong>T\u00e9cnico em Enfermagem<\/strong> \u2013 sempre h\u00e1 vagas para esse profissional em hospitais, cl\u00ednicas e atendimento domiciliar.<\/li>\n\n\n\n<li><strong>Terapias Alternativas<\/strong> \u2013 massoterapia, acupuntura e naturopatia est\u00e3o ganhando cada vez mais espa\u00e7o.<\/li>\n\n\n\n<li><strong>Cuidador de Idosos<\/strong> \u2013 com o envelhecimento da popula\u00e7\u00e3o, essa profiss\u00e3o se tornou uma das mais essenciais no mercado.<\/li>\n<\/ul>\n\n\n\n<p>Se voc\u00ea gosta de ajudar as pessoas e quer uma carreira est\u00e1vel, a \u00e1rea da sa\u00fade pode ser um excelente caminho.<\/p>\n\n\n\n<h2 class=\"wp-block-heading\">4# Log\u00edstica e Supply Chain \u2013 movimentando a economia<\/h2>\n\n\n\n<p>Com o crescimento do com\u00e9rcio eletr\u00f4nico e a necessidade de entregas r\u00e1pidas e eficientes, os profissionais de log\u00edstica se tornaram indispens\u00e1veis.<\/p>\n\n\n\n<p>Os cursos mais valorizados incluem:<\/p>\n\n\n\n<ul class=\"wp-block-list\">\n<li><strong>Gest\u00e3o de Log\u00edstica<\/strong> \u2013 coordenar transporte e distribui\u00e7\u00e3o de mercadorias de forma eficiente.<\/li>\n\n\n\n<li><strong>Supply Chain Management<\/strong> \u2013 otimizar toda a cadeia de suprimentos de uma empresa.<\/li>\n\n\n\n<li><strong>T\u00e9cnico em Log\u00edstica<\/strong> \u2013 uma forma\u00e7\u00e3o r\u00e1pida que garante boas oportunidades de emprego.<\/li>\n<\/ul>\n\n\n\n<p>Essa \u00e1rea est\u00e1 sempre precisando de profissionais qualificados, o que significa boas oportunidades para quem busca estabilidade.<\/p>\n\n\n\n<h2 class=\"wp-block-heading\">5# Engenharia e Manuten\u00e7\u00e3o Industrial \u2013 base da economia<\/h2>\n\n\n\n<p>A ind\u00fastria nunca para, e por isso os profissionais que atuam na manuten\u00e7\u00e3o de m\u00e1quinas e processos produtivos s\u00e3o sempre valorizados.<\/p>\n\n\n\n<p>Os cursos mais procurados pelo mercado s\u00e3o:<\/p>\n\n\n\n<ul class=\"wp-block-list\">\n<li><strong>Engenharia de Produ\u00e7\u00e3o<\/strong> \u2013 gerenciar processos industriais e otimizar a produtividade.<\/li>\n\n\n\n<li><strong>T\u00e9cnico em Mecatr\u00f4nica<\/strong> \u2013 trabalhar com automa\u00e7\u00e3o e rob\u00f3tica, \u00e1reas que est\u00e3o crescendo rapidamente.<\/li>\n\n\n\n<li><strong>T\u00e9cnico em Eletrot\u00e9cnica<\/strong> \u2013 atuar com instala\u00e7\u00f5es e manuten\u00e7\u00e3o el\u00e9trica em diversos setores.<\/li>\n<\/ul>\n\n\n\n<p>Essas profiss\u00f5es costumam oferecer sal\u00e1rios iniciais acima da m\u00e9dia e estabilidade no emprego.<\/p>\n\n\n\n<h2 class=\"wp-block-heading\">6# Energias Renov\u00e1veis \u2013 o futuro chegou<\/h2>\n\n\n\n<p>A sustentabilidade n\u00e3o \u00e9 mais uma tend\u00eancia, mas sim uma necessidade. O mundo precisa de fontes de energia limpa, e o mercado est\u00e1 investindo pesado nisso.<\/p>\n\n\n\n<p>Os cursos mais promissores s\u00e3o:<\/p>\n\n\n\n<ul class=\"wp-block-list\">\n<li><strong>Engenharia de Energias Renov\u00e1veis<\/strong> \u2013 desenvolvimento de sistemas solares, e\u00f3licos e outras fontes sustent\u00e1veis.<\/li>\n\n\n\n<li><strong>T\u00e9cnico em Energia Solar Fotovoltaica<\/strong> \u2013 instala\u00e7\u00e3o e manuten\u00e7\u00e3o de pain\u00e9is solares, um setor que cresce a cada dia.<\/li>\n\n\n\n<li><strong>Gest\u00e3o Ambiental<\/strong> \u2013 ajudar empresas a reduzirem impactos ambientais e adotarem pr\u00e1ticas sustent\u00e1veis.<\/li>\n<\/ul>\n\n\n\n<p>Com a crescente preocupa\u00e7\u00e3o com o meio ambiente, essa \u00e9 uma \u00e1rea que s\u00f3 tende a se expandir.<\/p>\n\n\n\n<h2 class=\"wp-block-heading\">7# Constru\u00e7\u00e3o Civil e Arquitetura \u2013 setor sempre aquecido<\/h2>\n\n\n\n<p>O mercado imobili\u00e1rio pode ter altos e baixos, mas uma coisa \u00e9 certa: sempre haver\u00e1 demanda por profissionais que trabalham na constru\u00e7\u00e3o civil.<\/p>\n\n\n\n<p>Os cursos mais procurados incluem:<\/p>\n\n\n\n<ul class=\"wp-block-list\">\n<li><strong>T\u00e9cnico em Edifica\u00e7\u00f5es<\/strong> \u2013 trabalhar com planejamento e supervis\u00e3o de obras.<\/li>\n\n\n\n<li><strong>Engenharia Civil<\/strong> \u2013 uma das profiss\u00f5es mais tradicionais e sempre valorizadas.<\/li>\n\n\n\n<li><strong>Desenho T\u00e9cnico e Modelagem 3D<\/strong> \u2013 essencial para arquitetos e engenheiros que querem se destacar.<\/li>\n<\/ul>\n\n\n\n<p>Se voc\u00ea gosta de projetos e constru\u00e7\u00f5es, essa \u00e1rea pode garantir boas oportunidades de emprego.<\/p>\n\n\n\n<h2 class=\"wp-block-heading\">8# Est\u00e9tica e Beleza \u2013 faturamento alto com demanda crescente<\/h2>\n\n\n\n<p>O setor da est\u00e9tica nunca deixou de crescer. Profissionais qualificados podem faturar muito, mesmo sem um diploma universit\u00e1rio.<\/p>\n\n\n\n<p>Os cursos mais procurados incluem:<\/p>\n\n\n\n<ul class=\"wp-block-list\">\n<li><strong>Design de Sobrancelhas e Micropigmenta\u00e7\u00e3o<\/strong> \u2013 servi\u00e7os que podem render altos lucros.<\/li>\n\n\n\n<li><strong>T\u00e9cnico em Est\u00e9tica<\/strong> \u2013 forma\u00e7\u00e3o completa para atuar em cl\u00ednicas e spas.<\/li>\n\n\n\n<li><strong>Terapias Capilares<\/strong> \u2013 cuidado com os cabelos se tornou um grande mercado.<\/li>\n<\/ul>\n\n\n\n<p>A vantagem dessa \u00e1rea \u00e9 a possibilidade de empreender e ter total controle sobre os pr\u00f3prios ganhos.<\/p>\n\n\n\n<h2 class=\"wp-block-heading\">Qual caminho seguir?<\/h2>\n\n\n\n<p>O mercado de trabalho est\u00e1 mudando rapidamente, e as empresas buscam profissionais qualificados, independentemente de terem um diploma tradicional.<\/p>\n\n\n\n<p>O segredo \u00e9 escolher uma \u00e1rea em crescimento, investir na capacita\u00e7\u00e3o e adquirir experi\u00eancia pr\u00e1tica. Hoje, existem diversas op\u00e7\u00f5es de cursos presenciais e online que formam especialistas em tempo recorde.<\/p>\n\n\n\n<p>Se voc\u00ea quer garantir um bom emprego e se destacar no mercado, agora j\u00e1 sabe por onde come\u00e7ar!<\/p>\n\n\n\n<p id=\"block-868ce7c5-be61-461f-9f5f-115e44d4c48a\"><strong>Veja tamb\u00e9m: <a href=\"https:\/\/www.vagadeempregorj.com.br\/ar\/cursos-gratuitos-fundacao-bradesco\/\">Cursos gratuitos da Funda\u00e7\u00e3o Bradesco na \u00e1rea de tecnologia<\/a><\/strong><\/p>\n\n\n\n<p id=\"block-aac57f3c-278e-43ca-a39e-23f7fcd03f87\">28 de fevereiro de 2025<\/p>","protected":false},"excerpt":{"rendered":"<p>Se voc\u00ea est\u00e1 pensando em qual curso fazer para garantir um bom emprego, a resposta est\u00e1 no pr\u00f3prio mercado de trabalho. Empresas est\u00e3o cada vez mais seletivas e buscam profissionais com habilidades espec\u00edficas, muitas vezes mais do que com diplomas formais. O que isso significa? Que alguns cursos est\u00e3o formando especialistas altamente disputados, com vagas&hellip;&nbsp;<\/p>","protected":false},"author":16,"featured_media":42828,"comment_status":"closed","ping_status":"closed","sticky":false,"template":"","format":"standard","meta":{"neve_meta_sidebar":"","neve_meta_container":"","neve_meta_enable_content_width":"","neve_meta_content_width":0,"neve_meta_title_alignment":"","neve_meta_author_avatar":"","neve_post_elements_order":"","neve_meta_disable_header":"","neve_meta_disable_footer":"","neve_meta_disable_title":"","footnotes":""},"categories":[1],"tags":[],"class_list":["post-42827","post","type-post","status-publish","format-standard","has-post-thumbnail","hentry","category-beneficios-sociais"],"yoast_head":"<!-- This site is optimized with the Yoast SEO plugin v27.5 - https:\/\/yoast.com\/product\/yoast-seo-wordpress\/ -->\n<title>Mercado de trabalho quer profissionais desses cursos \u2013 saiba quais s\u00e3o! -<\/title>\n<meta name=\"description\" content=\"Veja em Vagas de Emprego RJ as vagas de emprego com e sem experi\u00eancia no seu Estado e Regi\u00e3o!\" \/>\n<meta name=\"robots\" content=\"index, follow, max-snippet:-1, max-image-preview:large, max-video-preview:-1\" \/>\n<link rel=\"canonical\" href=\"https:\/\/www.vagadeempregorj.com.br\/ar\/mercado-de-trabalho-quer-profissionais-desses-cursos-saiba-quais-sao\/\" \/>\n<meta property=\"og:locale\" content=\"ar_AR\" \/>\n<meta property=\"og:type\" content=\"article\" \/>\n<meta property=\"og:title\" content=\"Mercado de trabalho quer profissionais desses cursos \u2013 saiba quais s\u00e3o! -\" \/>\n<meta property=\"og:description\" content=\"Veja em Vagas de Emprego RJ as vagas de emprego com e sem experi\u00eancia no seu Estado e Regi\u00e3o!\" \/>\n<meta property=\"og:url\" content=\"https:\/\/www.vagadeempregorj.com.br\/ar\/mercado-de-trabalho-quer-profissionais-desses-cursos-saiba-quais-sao\/\" \/>\n<meta property=\"article:publisher\" content=\"https:\/\/www.facebook.com\/empregobrasiloficial\" \/>\n<meta property=\"article:published_time\" content=\"2025-02-28T09:00:00+00:00\" \/>\n<meta property=\"og:image\" content=\"https:\/\/www.vagadeempregorj.com.br\/wp-content\/uploads\/2025\/02\/DALL\u00b7E-2025-02-23-16.45.32-Uma-imagem-realista-mostrando-um-ambiente-corporativo-moderno-com-um-grupo-de-profissionais-em-diferentes-areas-discutindo-e-trabalhando-juntos.-A-ce.webp\" \/>\n\t<meta property=\"og:image:width\" content=\"1792\" \/>\n\t<meta property=\"og:image:height\" content=\"1024\" \/>\n\t<meta property=\"og:image:type\" content=\"image\/webp\" \/>\n<meta name=\"author\" content=\"Michele\" \/>\n<meta name=\"twitter:card\" content=\"summary_large_image\" \/>\n<meta name=\"twitter:label1\" content=\"Written by\" \/>\n\t<meta name=\"twitter:data1\" content=\"Michele\" \/>\n\t<meta name=\"twitter:label2\" content=\"Est. reading time\" \/>\n\t<meta name=\"twitter:data2\" content=\"5 \u062f\u0642\u0627\u0626\u0642\" \/>\n<script type=\"application\/ld+json\" class=\"yoast-schema-graph\">{\"@context\":\"https:\\\/\\\/schema.org\",\"@graph\":[{\"@type\":\"Article\",\"@id\":\"https:\\\/\\\/www.vagadeempregorj.com.br\\\/mercado-de-trabalho-quer-profissionais-desses-cursos-saiba-quais-sao\\\/#article\",\"isPartOf\":{\"@id\":\"https:\\\/\\\/www.vagadeempregorj.com.br\\\/mercado-de-trabalho-quer-profissionais-desses-cursos-saiba-quais-sao\\\/\"},\"author\":{\"name\":\"Michele\",\"@id\":\"https:\\\/\\\/www.vagadeempregorj.com.br\\\/#\\\/schema\\\/person\\\/3ddb19fa0539706786e502152f3aae95\"},\"headline\":\"Mercado de trabalho quer profissionais desses cursos \u2013 saiba quais s\u00e3o!\",\"datePublished\":\"2025-02-28T09:00:00+00:00\",\"mainEntityOfPage\":{\"@id\":\"https:\\\/\\\/www.vagadeempregorj.com.br\\\/mercado-de-trabalho-quer-profissionais-desses-cursos-saiba-quais-sao\\\/\"},\"wordCount\":1090,\"image\":{\"@id\":\"https:\\\/\\\/www.vagadeempregorj.com.br\\\/mercado-de-trabalho-quer-profissionais-desses-cursos-saiba-quais-sao\\\/#primaryimage\"},\"thumbnailUrl\":\"https:\\\/\\\/www.vagadeempregorj.com.br\\\/wp-content\\\/uploads\\\/2025\\\/02\\\/DALL\u00b7E-2025-02-23-16.45.32-Uma-imagem-realista-mostrando-um-ambiente-corporativo-moderno-com-um-grupo-de-profissionais-em-diferentes-areas-discutindo-e-trabalhando-juntos.-A-ce.webp\",\"articleSection\":[\"Benef\u00edcios Sociais\"],\"inLanguage\":\"ar\"},{\"@type\":\"WebPage\",\"@id\":\"https:\\\/\\\/www.vagadeempregorj.com.br\\\/mercado-de-trabalho-quer-profissionais-desses-cursos-saiba-quais-sao\\\/\",\"url\":\"https:\\\/\\\/www.vagadeempregorj.com.br\\\/mercado-de-trabalho-quer-profissionais-desses-cursos-saiba-quais-sao\\\/\",\"name\":\"Mercado de trabalho quer profissionais desses cursos \u2013 saiba quais s\u00e3o! -\",\"isPartOf\":{\"@id\":\"https:\\\/\\\/www.vagadeempregorj.com.br\\\/#website\"},\"primaryImageOfPage\":{\"@id\":\"https:\\\/\\\/www.vagadeempregorj.com.br\\\/mercado-de-trabalho-quer-profissionais-desses-cursos-saiba-quais-sao\\\/#primaryimage\"},\"image\":{\"@id\":\"https:\\\/\\\/www.vagadeempregorj.com.br\\\/mercado-de-trabalho-quer-profissionais-desses-cursos-saiba-quais-sao\\\/#primaryimage\"},\"thumbnailUrl\":\"https:\\\/\\\/www.vagadeempregorj.com.br\\\/wp-content\\\/uploads\\\/2025\\\/02\\\/DALL\u00b7E-2025-02-23-16.45.32-Uma-imagem-realista-mostrando-um-ambiente-corporativo-moderno-com-um-grupo-de-profissionais-em-diferentes-areas-discutindo-e-trabalhando-juntos.-A-ce.webp\",\"datePublished\":\"2025-02-28T09:00:00+00:00\",\"author\":{\"@id\":\"https:\\\/\\\/www.vagadeempregorj.com.br\\\/#\\\/schema\\\/person\\\/3ddb19fa0539706786e502152f3aae95\"},\"description\":\"Veja em Vagas de Emprego RJ as vagas de emprego com e sem experi\u00eancia no seu Estado e Regi\u00e3o!\",\"breadcrumb\":{\"@id\":\"https:\\\/\\\/www.vagadeempregorj.com.br\\\/mercado-de-trabalho-quer-profissionais-desses-cursos-saiba-quais-sao\\\/#breadcrumb\"},\"inLanguage\":\"ar\",\"potentialAction\":[{\"@type\":\"ReadAction\",\"target\":[\"https:\\\/\\\/www.vagadeempregorj.com.br\\\/mercado-de-trabalho-quer-profissionais-desses-cursos-saiba-quais-sao\\\/\"]}]},{\"@type\":\"ImageObject\",\"inLanguage\":\"ar\",\"@id\":\"https:\\\/\\\/www.vagadeempregorj.com.br\\\/mercado-de-trabalho-quer-profissionais-desses-cursos-saiba-quais-sao\\\/#primaryimage\",\"url\":\"https:\\\/\\\/www.vagadeempregorj.com.br\\\/wp-content\\\/uploads\\\/2025\\\/02\\\/DALL\u00b7E-2025-02-23-16.45.32-Uma-imagem-realista-mostrando-um-ambiente-corporativo-moderno-com-um-grupo-de-profissionais-em-diferentes-areas-discutindo-e-trabalhando-juntos.-A-ce.webp\",\"contentUrl\":\"https:\\\/\\\/www.vagadeempregorj.com.br\\\/wp-content\\\/uploads\\\/2025\\\/02\\\/DALL\u00b7E-2025-02-23-16.45.32-Uma-imagem-realista-mostrando-um-ambiente-corporativo-moderno-com-um-grupo-de-profissionais-em-diferentes-areas-discutindo-e-trabalhando-juntos.-A-ce.webp\",\"width\":1792,\"height\":1024},{\"@type\":\"BreadcrumbList\",\"@id\":\"https:\\\/\\\/www.vagadeempregorj.com.br\\\/mercado-de-trabalho-quer-profissionais-desses-cursos-saiba-quais-sao\\\/#breadcrumb\",\"itemListElement\":[{\"@type\":\"ListItem\",\"position\":1,\"name\":\"In\u00edcio\",\"item\":\"https:\\\/\\\/www.vagadeempregorj.com.br\\\/\"},{\"@type\":\"ListItem\",\"position\":2,\"name\":\"Mercado de trabalho quer profissionais desses cursos \u2013 saiba quais s\u00e3o!\"}]},{\"@type\":\"WebSite\",\"@id\":\"https:\\\/\\\/www.vagadeempregorj.com.br\\\/#website\",\"url\":\"https:\\\/\\\/www.vagadeempregorj.com.br\\\/\",\"name\":\"\",\"description\":\"Conquiste Sonhos: Vagas, Benef\u00edcios e Economia para Transformar Vidas e Alcan\u00e7ar Melhorias Cotidianas\",\"potentialAction\":[{\"@type\":\"SearchAction\",\"target\":{\"@type\":\"EntryPoint\",\"urlTemplate\":\"https:\\\/\\\/www.vagadeempregorj.com.br\\\/?s={search_term_string}\"},\"query-input\":{\"@type\":\"PropertyValueSpecification\",\"valueRequired\":true,\"valueName\":\"search_term_string\"}}],\"inLanguage\":\"ar\"},{\"@type\":\"Person\",\"@id\":\"https:\\\/\\\/www.vagadeempregorj.com.br\\\/#\\\/schema\\\/person\\\/3ddb19fa0539706786e502152f3aae95\",\"name\":\"Michele\",\"image\":{\"@type\":\"ImageObject\",\"inLanguage\":\"ar\",\"@id\":\"https:\\\/\\\/secure.gravatar.com\\\/avatar\\\/6b0eb9d22841282815e2cd856a0061c45e1761cd54b22e952d98c4746939aa85?s=96&r=g\",\"url\":\"https:\\\/\\\/secure.gravatar.com\\\/avatar\\\/6b0eb9d22841282815e2cd856a0061c45e1761cd54b22e952d98c4746939aa85?s=96&r=g\",\"contentUrl\":\"https:\\\/\\\/secure.gravatar.com\\\/avatar\\\/6b0eb9d22841282815e2cd856a0061c45e1761cd54b22e952d98c4746939aa85?s=96&r=g\",\"caption\":\"Michele\"},\"description\":\"Formada em Letras - Portugu\u00eas\\\/ Ingl\u00eas, e idealizadora do site Escritora de Sucesso, busca expandir o conhecimento de todos com informa\u00e7\u00f5es relevantes sobre diversos assuntos, enquanto redatora. No Vaga de Emprego RJ, traz oportunidades e dicas sobre o mercado de trabalho.\",\"url\":\"https:\\\/\\\/www.vagadeempregorj.com.br\\\/ar\\\/author\\\/michele\\\/\"}]}<\/script>\n<!-- \/ Yoast SEO plugin. -->","yoast_head_json":{"title":"Mercado de trabalho quer profissionais desses cursos \u2013 saiba quais s\u00e3o! -","description":"Veja em Vagas de Emprego RJ as vagas de emprego com e sem experi\u00eancia no seu Estado e Regi\u00e3o!","robots":{"index":"index","follow":"follow","max-snippet":"max-snippet:-1","max-image-preview":"max-image-preview:large","max-video-preview":"max-video-preview:-1"},"canonical":"https:\/\/www.vagadeempregorj.com.br\/ar\/mercado-de-trabalho-quer-profissionais-desses-cursos-saiba-quais-sao\/","og_locale":"ar_AR","og_type":"article","og_title":"Mercado de trabalho quer profissionais desses cursos \u2013 saiba quais s\u00e3o! -","og_description":"Veja em Vagas de Emprego RJ as vagas de emprego com e sem experi\u00eancia no seu Estado e Regi\u00e3o!","og_url":"https:\/\/www.vagadeempregorj.com.br\/ar\/mercado-de-trabalho-quer-profissionais-desses-cursos-saiba-quais-sao\/","article_publisher":"https:\/\/www.facebook.com\/empregobrasiloficial","article_published_time":"2025-02-28T09:00:00+00:00","og_image":[{"width":1792,"height":1024,"url":"https:\/\/www.vagadeempregorj.com.br\/wp-content\/uploads\/2025\/02\/DALL\u00b7E-2025-02-23-16.45.32-Uma-imagem-realista-mostrando-um-ambiente-corporativo-moderno-com-um-grupo-de-profissionais-em-diferentes-areas-discutindo-e-trabalhando-juntos.-A-ce.webp","type":"image\/webp"}],"author":"Michele","twitter_card":"summary_large_image","twitter_misc":{"Written by":"Michele","Est. reading time":"5 \u062f\u0642\u0627\u0626\u0642"},"schema":{"@context":"https:\/\/schema.org","@graph":[{"@type":"Article","@id":"https:\/\/www.vagadeempregorj.com.br\/mercado-de-trabalho-quer-profissionais-desses-cursos-saiba-quais-sao\/#article","isPartOf":{"@id":"https:\/\/www.vagadeempregorj.com.br\/mercado-de-trabalho-quer-profissionais-desses-cursos-saiba-quais-sao\/"},"author":{"name":"Michele","@id":"https:\/\/www.vagadeempregorj.com.br\/#\/schema\/person\/3ddb19fa0539706786e502152f3aae95"},"headline":"Mercado de trabalho quer profissionais desses cursos \u2013 saiba quais s\u00e3o!","datePublished":"2025-02-28T09:00:00+00:00","mainEntityOfPage":{"@id":"https:\/\/www.vagadeempregorj.com.br\/mercado-de-trabalho-quer-profissionais-desses-cursos-saiba-quais-sao\/"},"wordCount":1090,"image":{"@id":"https:\/\/www.vagadeempregorj.com.br\/mercado-de-trabalho-quer-profissionais-desses-cursos-saiba-quais-sao\/#primaryimage"},"thumbnailUrl":"https:\/\/www.vagadeempregorj.com.br\/wp-content\/uploads\/2025\/02\/DALL\u00b7E-2025-02-23-16.45.32-Uma-imagem-realista-mostrando-um-ambiente-corporativo-moderno-com-um-grupo-de-profissionais-em-diferentes-areas-discutindo-e-trabalhando-juntos.-A-ce.webp","articleSection":["Benef\u00edcios Sociais"],"inLanguage":"ar"},{"@type":"WebPage","@id":"https:\/\/www.vagadeempregorj.com.br\/mercado-de-trabalho-quer-profissionais-desses-cursos-saiba-quais-sao\/","url":"https:\/\/www.vagadeempregorj.com.br\/mercado-de-trabalho-quer-profissionais-desses-cursos-saiba-quais-sao\/","name":"Mercado de trabalho quer profissionais desses cursos \u2013 saiba quais s\u00e3o! -","isPartOf":{"@id":"https:\/\/www.vagadeempregorj.com.br\/#website"},"primaryImageOfPage":{"@id":"https:\/\/www.vagadeempregorj.com.br\/mercado-de-trabalho-quer-profissionais-desses-cursos-saiba-quais-sao\/#primaryimage"},"image":{"@id":"https:\/\/www.vagadeempregorj.com.br\/mercado-de-trabalho-quer-profissionais-desses-cursos-saiba-quais-sao\/#primaryimage"},"thumbnailUrl":"https:\/\/www.vagadeempregorj.com.br\/wp-content\/uploads\/2025\/02\/DALL\u00b7E-2025-02-23-16.45.32-Uma-imagem-realista-mostrando-um-ambiente-corporativo-moderno-com-um-grupo-de-profissionais-em-diferentes-areas-discutindo-e-trabalhando-juntos.-A-ce.webp","datePublished":"2025-02-28T09:00:00+00:00","author":{"@id":"https:\/\/www.vagadeempregorj.com.br\/#\/schema\/person\/3ddb19fa0539706786e502152f3aae95"},"description":"Veja em Vagas de Emprego RJ as vagas de emprego com e sem experi\u00eancia no seu Estado e Regi\u00e3o!","breadcrumb":{"@id":"https:\/\/www.vagadeempregorj.com.br\/mercado-de-trabalho-quer-profissionais-desses-cursos-saiba-quais-sao\/#breadcrumb"},"inLanguage":"ar","potentialAction":[{"@type":"ReadAction","target":["https:\/\/www.vagadeempregorj.com.br\/mercado-de-trabalho-quer-profissionais-desses-cursos-saiba-quais-sao\/"]}]},{"@type":"ImageObject","inLanguage":"ar","@id":"https:\/\/www.vagadeempregorj.com.br\/mercado-de-trabalho-quer-profissionais-desses-cursos-saiba-quais-sao\/#primaryimage","url":"https:\/\/www.vagadeempregorj.com.br\/wp-content\/uploads\/2025\/02\/DALL\u00b7E-2025-02-23-16.45.32-Uma-imagem-realista-mostrando-um-ambiente-corporativo-moderno-com-um-grupo-de-profissionais-em-diferentes-areas-discutindo-e-trabalhando-juntos.-A-ce.webp","contentUrl":"https:\/\/www.vagadeempregorj.com.br\/wp-content\/uploads\/2025\/02\/DALL\u00b7E-2025-02-23-16.45.32-Uma-imagem-realista-mostrando-um-ambiente-corporativo-moderno-com-um-grupo-de-profissionais-em-diferentes-areas-discutindo-e-trabalhando-juntos.-A-ce.webp","width":1792,"height":1024},{"@type":"BreadcrumbList","@id":"https:\/\/www.vagadeempregorj.com.br\/mercado-de-trabalho-quer-profissionais-desses-cursos-saiba-quais-sao\/#breadcrumb","itemListElement":[{"@type":"ListItem","position":1,"name":"In\u00edcio","item":"https:\/\/www.vagadeempregorj.com.br\/"},{"@type":"ListItem","position":2,"name":"Mercado de trabalho quer profissionais desses cursos \u2013 saiba quais s\u00e3o!"}]},{"@type":"WebSite","@id":"https:\/\/www.vagadeempregorj.com.br\/#website","url":"https:\/\/www.vagadeempregorj.com.br\/","name":"","description":"Conquiste Sonhos: Vagas, Benef\u00edcios e Economia para Transformar Vidas e Alcan\u00e7ar Melhorias Cotidianas","potentialAction":[{"@type":"SearchAction","target":{"@type":"EntryPoint","urlTemplate":"https:\/\/www.vagadeempregorj.com.br\/?s={search_term_string}"},"query-input":{"@type":"PropertyValueSpecification","valueRequired":true,"valueName":"search_term_string"}}],"inLanguage":"ar"},{"@type":"Person","@id":"https:\/\/www.vagadeempregorj.com.br\/#\/schema\/person\/3ddb19fa0539706786e502152f3aae95","name":"Michele","image":{"@type":"ImageObject","inLanguage":"ar","@id":"https:\/\/secure.gravatar.com\/avatar\/6b0eb9d22841282815e2cd856a0061c45e1761cd54b22e952d98c4746939aa85?s=96&r=g","url":"https:\/\/secure.gravatar.com\/avatar\/6b0eb9d22841282815e2cd856a0061c45e1761cd54b22e952d98c4746939aa85?s=96&r=g","contentUrl":"https:\/\/secure.gravatar.com\/avatar\/6b0eb9d22841282815e2cd856a0061c45e1761cd54b22e952d98c4746939aa85?s=96&r=g","caption":"Michele"},"description":"Formada em Letras - Portugu\u00eas\/ Ingl\u00eas, e idealizadora do site Escritora de Sucesso, busca expandir o conhecimento de todos com informa\u00e7\u00f5es relevantes sobre diversos assuntos, enquanto redatora. No Vaga de Emprego RJ, traz oportunidades e dicas sobre o mercado de trabalho.","url":"https:\/\/www.vagadeempregorj.com.br\/ar\/author\/michele\/"}]}},"_links":{"self":[{"href":"https:\/\/www.vagadeempregorj.com.br\/ar\/wp-json\/wp\/v2\/posts\/42827","targetHints":{"allow":["GET"]}}],"collection":[{"href":"https:\/\/www.vagadeempregorj.com.br\/ar\/wp-json\/wp\/v2\/posts"}],"about":[{"href":"https:\/\/www.vagadeempregorj.com.br\/ar\/wp-json\/wp\/v2\/types\/post"}],"author":[{"embeddable":true,"href":"https:\/\/www.vagadeempregorj.com.br\/ar\/wp-json\/wp\/v2\/users\/16"}],"replies":[{"embeddable":true,"href":"https:\/\/www.vagadeempregorj.com.br\/ar\/wp-json\/wp\/v2\/comments?post=42827"}],"version-history":[{"count":0,"href":"https:\/\/www.vagadeempregorj.com.br\/ar\/wp-json\/wp\/v2\/posts\/42827\/revisions"}],"wp:featuredmedia":[{"embeddable":true,"href":"https:\/\/www.vagadeempregorj.com.br\/ar\/wp-json\/wp\/v2\/media\/42828"}],"wp:attachment":[{"href":"https:\/\/www.vagadeempregorj.com.br\/ar\/wp-json\/wp\/v2\/media?parent=42827"}],"wp:term":[{"taxonomy":"category","embeddable":true,"href":"https:\/\/www.vagadeempregorj.com.br\/ar\/wp-json\/wp\/v2\/categories?post=42827"},{"taxonomy":"post_tag","embeddable":true,"href":"https:\/\/www.vagadeempregorj.com.br\/ar\/wp-json\/wp\/v2\/tags?post=42827"}],"curies":[{"name":"wp","href":"https:\/\/api.w.org\/{rel}","templated":true}]}}