{"id":42860,"date":"2025-03-19T06:00:00","date_gmt":"2025-03-19T09:00:00","guid":{"rendered":"https:\/\/www.vagadeempregorj.com.br\/?p=42860"},"modified":"2025-03-16T17:12:09","modified_gmt":"2025-03-16T20:12:09","slug":"novos-beneficios-sociais-em-2025-veja-o-que-pode-estar-por-vir","status":"publish","type":"post","link":"https:\/\/www.vagadeempregorj.com.br\/ar\/novos-beneficios-sociais-em-2025-veja-o-que-pode-estar-por-vir\/","title":{"rendered":"Novos benef\u00edcios sociais em 2025? Veja o que pode estar por vir!"},"content":{"rendered":"<p>Com a chegada de 2025, muitas fam\u00edlias de baixa renda querem saber: <strong>haver\u00e1 novos benef\u00edcios sociais? Algum programa ser\u00e1 ampliado? O governo vai liberar novos aux\u00edlios?<\/strong> Embora os detalhes ainda n\u00e3o estejam completamente definidos, j\u00e1 existem discuss\u00f5es sobre poss\u00edveis mudan\u00e7as e novos incentivos para a popula\u00e7\u00e3o mais vulner\u00e1vel.<\/p>\n\n\n\n<p>Entre os t\u00f3picos mais esperados est\u00e3o o fortalecimento do <strong>Bolsa Fam\u00edlia<\/strong>, a amplia\u00e7\u00e3o do <strong>Vale-G\u00e1s<\/strong>, novos incentivos para jovens em situa\u00e7\u00e3o de vulnerabilidade e poss\u00edveis ajustes no <strong>Sal\u00e1rio-Maternidade<\/strong>. Al\u00e9m disso, o governo estuda medidas para melhorar o acesso a benef\u00edcios como o <strong>P\u00e9 de Meia<\/strong> e o <strong>Aux\u00edlio para aut\u00f4nomos<\/strong>.<\/p>\n\n\n\n<p>Se voc\u00ea quer entender o que pode mudar em 2025 e como isso pode impactar sua vida financeira, continue lendo!<\/p>\n\n\n\n<figure class=\"wp-block-image size-large\"><img loading=\"lazy\" decoding=\"async\" width=\"1024\" height=\"585\" src=\"https:\/\/www.vagadeempregorj.com.br\/wp-content\/uploads\/2025\/02\/beneficios-sociais-2025-1024x585.webp\" alt=\"\" class=\"wp-image-42861\" srcset=\"https:\/\/www.vagadeempregorj.com.br\/wp-content\/uploads\/2025\/02\/beneficios-sociais-2025-1024x585.webp 1024w, https:\/\/www.vagadeempregorj.com.br\/wp-content\/uploads\/2025\/02\/beneficios-sociais-2025-300x171.webp 300w, https:\/\/www.vagadeempregorj.com.br\/wp-content\/uploads\/2025\/02\/beneficios-sociais-2025-768x439.webp 768w, https:\/\/www.vagadeempregorj.com.br\/wp-content\/uploads\/2025\/02\/beneficios-sociais-2025-1536x878.webp 1536w, https:\/\/www.vagadeempregorj.com.br\/wp-content\/uploads\/2025\/02\/beneficios-sociais-2025-150x86.webp 150w, https:\/\/www.vagadeempregorj.com.br\/wp-content\/uploads\/2025\/02\/beneficios-sociais-2025.webp 1792w\" sizes=\"auto, (max-width: 1024px) 100vw, 1024px\" \/><\/figure>\n\n\n\n<h2 class=\"wp-block-heading\">O governo vai criar novos benef\u00edcios sociais em 2025?<\/h2>\n\n\n\n<p>Ainda n\u00e3o h\u00e1 confirma\u00e7\u00f5es definitivas, mas algumas propostas j\u00e1 est\u00e3o em discuss\u00e3o. O governo federal vem analisando formas de ampliar programas j\u00e1 existentes e, possivelmente, lan\u00e7ar novos aux\u00edlios.<\/p>\n\n\n\n<p>Entre as possibilidades mais comentadas, est\u00e3o:<\/p>\n\n\n\n<p>1# <strong>Reajuste no Bolsa Fam\u00edlia<\/strong> \u2013 O valor do Bolsa Fam\u00edlia pode passar por ajustes para acompanhar a infla\u00e7\u00e3o e melhorar a renda das fam\u00edlias beneficiadas. Al\u00e9m disso, h\u00e1 estudos sobre incluir novos crit\u00e9rios para determinar o valor do benef\u00edcio conforme o custo de vida em diferentes regi\u00f5es do pa\u00eds.<\/p>\n\n\n\n<p>2# <strong>Expans\u00e3o do Vale-G\u00e1s<\/strong> \u2013 O benef\u00edcio, que hoje cobre apenas parte do valor do botij\u00e3o de g\u00e1s, pode ser reformulado para atender um n\u00famero maior de fam\u00edlias e garantir o pagamento mais frequente.<\/p>\n\n\n\n<p>3# <strong>Apoio financeiro para jovens estudantes<\/strong> \u2013 O programa P\u00e9 de Meia, que incentiva jovens a continuarem os estudos, pode passar por melhorias em 2025, com valores maiores e mais condi\u00e7\u00f5es de saque.<\/p>\n\n\n\n<p>4# <strong>Aux\u00edlio para trabalhadores aut\u00f4nomos e informais<\/strong> \u2013 O governo tem discutido formas de garantir prote\u00e7\u00e3o social para aqueles que n\u00e3o t\u00eam carteira assinada, incluindo um benef\u00edcio semelhante ao Aux\u00edlio Brasil, mas voltado para trabalhadores informais.<\/p>\n\n\n\n<p>5# <strong>Novas regras para o Sal\u00e1rio-Maternidade<\/strong> \u2013 Outra proposta em an\u00e1lise \u00e9 a amplia\u00e7\u00e3o do <strong>Sal\u00e1rio-Maternidade<\/strong>, facilitando o acesso ao benef\u00edcio para m\u00e3es aut\u00f4nomas e desempregadas que atendam aos crit\u00e9rios de contribui\u00e7\u00e3o ao INSS.<\/p>\n\n\n\n<p>Essas s\u00e3o apenas algumas das possibilidades que podem ser implementadas em 2025. Mas como saber se essas mudan\u00e7as realmente v\u00e3o acontecer?<\/p>\n\n\n\n<h2 class=\"wp-block-heading\">Quando o governo anuncia novos benef\u00edcios?<\/h2>\n\n\n\n<p>Os an\u00fancios de novos benef\u00edcios sociais costumam ocorrer no in\u00edcio do ano ou junto com a vota\u00e7\u00e3o do <strong>Or\u00e7amento Federal<\/strong>, que define os recursos dispon\u00edveis para programas sociais. Se houver novidades, elas podem ser divulgadas:<\/p>\n\n\n\n<ul class=\"wp-block-list\">\n<li>No <strong>Di\u00e1rio Oficial da Uni\u00e3o<\/strong>;<\/li>\n\n\n\n<li>No <strong>site oficial do governo<\/strong> (www.gov.br);<\/li>\n\n\n\n<li>No <strong>Aplicativo Bolsa Fam\u00edlia<\/strong> e outros canais oficiais;<\/li>\n\n\n\n<li>Em comunicados da <strong>Caixa Econ\u00f4mica Federal<\/strong>, respons\u00e1vel por parte dos pagamentos sociais.<\/li>\n<\/ul>\n\n\n\n<p>Al\u00e9m disso, qualquer mudan\u00e7a no Bolsa Fam\u00edlia ou em outros programas costuma ser amplamente divulgada na imprensa.<\/p>\n\n\n\n<h2 class=\"wp-block-heading\">Como saber se voc\u00ea ter\u00e1 direito a um novo benef\u00edcio?<\/h2>\n\n\n\n<p>Se um novo aux\u00edlio for criado ou um benef\u00edcio for ampliado, os principais crit\u00e9rios para receb\u00ea-lo ser\u00e3o baseados nos seguintes fatores:<\/p>\n\n\n\n<ul class=\"wp-block-list\">\n<li><strong>Renda per capita da fam\u00edlia<\/strong> \u2013 Programas sociais costumam atender fam\u00edlias em situa\u00e7\u00e3o de vulnerabilidade, com renda dentro de um limite estabelecido.<\/li>\n\n\n\n<li><strong>Cadastro no Cadastro \u00danico (Cad\u00danico)<\/strong> \u2013 A maioria dos aux\u00edlios exige que a fam\u00edlia esteja inscrita no <strong>Cadastro \u00danico<\/strong>. Se voc\u00ea ainda n\u00e3o tem cadastro, pode faz\u00ea-lo no <strong>CRAS<\/strong> mais pr\u00f3ximo.<\/li>\n\n\n\n<li><strong>Situa\u00e7\u00e3o de trabalho e estudo<\/strong> \u2013 Alguns benef\u00edcios s\u00e3o voltados para trabalhadores informais, aut\u00f4nomos ou estudantes de baixa renda.<\/li>\n\n\n\n<li><strong>Composi\u00e7\u00e3o familiar<\/strong> \u2013 Benef\u00edcios como Bolsa Fam\u00edlia e Vale-G\u00e1s priorizam fam\u00edlias com crian\u00e7as, gestantes e idosos.<\/li>\n<\/ul>\n\n\n\n<p>Por isso, se voc\u00ea deseja garantir acesso a poss\u00edveis novos aux\u00edlios, o ideal \u00e9 manter o <strong>Cadastro \u00danico atualizado<\/strong> e acompanhar os an\u00fancios do governo.<\/p>\n\n\n\n<h2 class=\"wp-block-heading\">Como se preparar para mudan\u00e7as nos benef\u00edcios sociais?<\/h2>\n\n\n\n<p>Se voc\u00ea j\u00e1 recebe algum benef\u00edcio social ou espera ser contemplado com novas pol\u00edticas p\u00fablicas, siga estas dicas:<\/p>\n\n\n\n<p>1# <strong>Atualize seu Cadastro \u00danico<\/strong> \u2013 Isso \u00e9 essencial para continuar recebendo aux\u00edlios e ser inclu\u00eddo em novos programas. V\u00e1 at\u00e9 o CRAS e verifique se suas informa\u00e7\u00f5es est\u00e3o corretas.<\/p>\n\n\n\n<p>2# <strong>Acompanhe os canais oficiais do governo<\/strong> \u2013 Sempre busque informa\u00e7\u00f5es no site <strong>gov.br<\/strong>, nos aplicativos da Caixa e nos canais do Minist\u00e9rio do Desenvolvimento Social.<\/p>\n\n\n\n<p>3# <strong>Verifique se voc\u00ea atende aos crit\u00e9rios<\/strong> \u2013 Se um novo benef\u00edcio for criado, veja se sua fam\u00edlia se encaixa nas regras antes de tentar fazer a solicita\u00e7\u00e3o.<\/p>\n\n\n\n<p>4# <strong>Evite cair em golpes<\/strong> \u2013 Muitos golpistas usam falsas promessas de novos aux\u00edlios para roubar dados pessoais. Nunca forne\u00e7a informa\u00e7\u00f5es sigilosas por WhatsApp ou redes sociais sem confirmar a fonte oficial.<\/p>\n\n\n\n<h2 class=\"wp-block-heading\">Confirma\u00e7\u00f5es<\/h2>\n\n\n\n<p>Embora ainda n\u00e3o haja confirma\u00e7\u00f5es sobre novos benef\u00edcios sociais em 2025, existem v\u00e1rias propostas em an\u00e1lise que podem ampliar o suporte financeiro a milh\u00f5es de brasileiros.<\/p>\n\n\n\n<p>Se voc\u00ea quer garantir que n\u00e3o perder\u00e1 nenhum aux\u00edlio, fique atento aos an\u00fancios do governo e mantenha seu <strong>Cadastro \u00danico atualizado<\/strong>. Afinal, qualquer ajuda extra pode fazer uma grande diferen\u00e7a na vida de quem mais precisa.<\/p>\n\n\n\n<p>E voc\u00ea, est\u00e1 esperando por alguma novidade? Acompanhe as atualiza\u00e7\u00f5es e veja se algum desses aux\u00edlios pode beneficiar sua fam\u00edlia!<\/p>\n\n\n\n<p><strong>Veja tamb\u00e9m: <a href=\"https:\/\/www.vagadeempregorj.com.br\/ar\/fgts-como-sacar-mesmo-sem-estar-desempregado\/\">FGTS: como sacar mesmo sem estar desempregado?<\/a><\/strong><\/p>\n\n\n\n<p>19 de mar\u00e7o de 2025<\/p>","protected":false},"excerpt":{"rendered":"<p>Com a chegada de 2025, muitas fam\u00edlias de baixa renda querem saber: haver\u00e1 novos benef\u00edcios sociais? Algum programa ser\u00e1 ampliado? O governo vai liberar novos aux\u00edlios? Embora os detalhes ainda n\u00e3o estejam completamente definidos, j\u00e1 existem discuss\u00f5es sobre poss\u00edveis mudan\u00e7as e novos incentivos para a popula\u00e7\u00e3o mais vulner\u00e1vel. Entre os t\u00f3picos mais esperados est\u00e3o o&hellip;&nbsp;<\/p>","protected":false},"author":16,"featured_media":42861,"comment_status":"closed","ping_status":"closed","sticky":false,"template":"","format":"standard","meta":{"neve_meta_sidebar":"","neve_meta_container":"","neve_meta_enable_content_width":"","neve_meta_content_width":0,"neve_meta_title_alignment":"","neve_meta_author_avatar":"","neve_post_elements_order":"","neve_meta_disable_header":"","neve_meta_disable_footer":"","neve_meta_disable_title":"","footnotes":""},"categories":[1],"tags":[],"class_list":["post-42860","post","type-post","status-publish","format-standard","has-post-thumbnail","hentry","category-beneficios-sociais"],"yoast_head":"<!-- This site is optimized with the Yoast SEO plugin v27.5 - https:\/\/yoast.com\/product\/yoast-seo-wordpress\/ -->\n<title>Novos benef\u00edcios sociais em 2025? Veja o que pode estar por vir! -<\/title>\n<meta name=\"description\" content=\"Veja em Vagas de Emprego RJ as vagas de emprego com e sem experi\u00eancia no seu Estado e Regi\u00e3o!\" \/>\n<meta name=\"robots\" content=\"index, follow, max-snippet:-1, max-image-preview:large, max-video-preview:-1\" \/>\n<link rel=\"canonical\" href=\"https:\/\/www.vagadeempregorj.com.br\/ar\/novos-beneficios-sociais-em-2025-veja-o-que-pode-estar-por-vir\/\" \/>\n<meta property=\"og:locale\" content=\"ar_AR\" \/>\n<meta property=\"og:type\" content=\"article\" \/>\n<meta property=\"og:title\" content=\"Novos benef\u00edcios sociais em 2025? Veja o que pode estar por vir! -\" \/>\n<meta property=\"og:description\" content=\"Veja em Vagas de Emprego RJ as vagas de emprego com e sem experi\u00eancia no seu Estado e Regi\u00e3o!\" \/>\n<meta property=\"og:url\" content=\"https:\/\/www.vagadeempregorj.com.br\/ar\/novos-beneficios-sociais-em-2025-veja-o-que-pode-estar-por-vir\/\" \/>\n<meta property=\"article:publisher\" content=\"https:\/\/www.facebook.com\/empregobrasiloficial\" \/>\n<meta property=\"article:published_time\" content=\"2025-03-19T09:00:00+00:00\" \/>\n<meta property=\"og:image\" content=\"https:\/\/www.vagadeempregorj.com.br\/wp-content\/uploads\/2025\/02\/beneficios-sociais-2025.webp\" \/>\n\t<meta property=\"og:image:width\" content=\"1792\" \/>\n\t<meta property=\"og:image:height\" content=\"1024\" \/>\n\t<meta property=\"og:image:type\" content=\"image\/webp\" \/>\n<meta name=\"author\" content=\"Michele\" \/>\n<meta name=\"twitter:card\" content=\"summary_large_image\" \/>\n<meta name=\"twitter:label1\" content=\"Written by\" \/>\n\t<meta name=\"twitter:data1\" content=\"Michele\" \/>\n\t<meta name=\"twitter:label2\" content=\"Est. reading time\" \/>\n\t<meta name=\"twitter:data2\" content=\"5 \u062f\u0642\u0627\u0626\u0642\" \/>\n<script type=\"application\/ld+json\" class=\"yoast-schema-graph\">{\"@context\":\"https:\\\/\\\/schema.org\",\"@graph\":[{\"@type\":\"Article\",\"@id\":\"https:\\\/\\\/www.vagadeempregorj.com.br\\\/novos-beneficios-sociais-em-2025-veja-o-que-pode-estar-por-vir\\\/#article\",\"isPartOf\":{\"@id\":\"https:\\\/\\\/www.vagadeempregorj.com.br\\\/novos-beneficios-sociais-em-2025-veja-o-que-pode-estar-por-vir\\\/\"},\"author\":{\"name\":\"Michele\",\"@id\":\"https:\\\/\\\/www.vagadeempregorj.com.br\\\/#\\\/schema\\\/person\\\/3ddb19fa0539706786e502152f3aae95\"},\"headline\":\"Novos benef\u00edcios sociais em 2025? Veja o que pode estar por vir!\",\"datePublished\":\"2025-03-19T09:00:00+00:00\",\"mainEntityOfPage\":{\"@id\":\"https:\\\/\\\/www.vagadeempregorj.com.br\\\/novos-beneficios-sociais-em-2025-veja-o-que-pode-estar-por-vir\\\/\"},\"wordCount\":965,\"image\":{\"@id\":\"https:\\\/\\\/www.vagadeempregorj.com.br\\\/novos-beneficios-sociais-em-2025-veja-o-que-pode-estar-por-vir\\\/#primaryimage\"},\"thumbnailUrl\":\"https:\\\/\\\/www.vagadeempregorj.com.br\\\/wp-content\\\/uploads\\\/2025\\\/02\\\/beneficios-sociais-2025.webp\",\"articleSection\":[\"Benef\u00edcios Sociais\"],\"inLanguage\":\"ar\"},{\"@type\":\"WebPage\",\"@id\":\"https:\\\/\\\/www.vagadeempregorj.com.br\\\/novos-beneficios-sociais-em-2025-veja-o-que-pode-estar-por-vir\\\/\",\"url\":\"https:\\\/\\\/www.vagadeempregorj.com.br\\\/novos-beneficios-sociais-em-2025-veja-o-que-pode-estar-por-vir\\\/\",\"name\":\"Novos benef\u00edcios sociais em 2025? Veja o que pode estar por vir! -\",\"isPartOf\":{\"@id\":\"https:\\\/\\\/www.vagadeempregorj.com.br\\\/#website\"},\"primaryImageOfPage\":{\"@id\":\"https:\\\/\\\/www.vagadeempregorj.com.br\\\/novos-beneficios-sociais-em-2025-veja-o-que-pode-estar-por-vir\\\/#primaryimage\"},\"image\":{\"@id\":\"https:\\\/\\\/www.vagadeempregorj.com.br\\\/novos-beneficios-sociais-em-2025-veja-o-que-pode-estar-por-vir\\\/#primaryimage\"},\"thumbnailUrl\":\"https:\\\/\\\/www.vagadeempregorj.com.br\\\/wp-content\\\/uploads\\\/2025\\\/02\\\/beneficios-sociais-2025.webp\",\"datePublished\":\"2025-03-19T09:00:00+00:00\",\"author\":{\"@id\":\"https:\\\/\\\/www.vagadeempregorj.com.br\\\/#\\\/schema\\\/person\\\/3ddb19fa0539706786e502152f3aae95\"},\"description\":\"Veja em Vagas de Emprego RJ as vagas de emprego com e sem experi\u00eancia no seu Estado e Regi\u00e3o!\",\"breadcrumb\":{\"@id\":\"https:\\\/\\\/www.vagadeempregorj.com.br\\\/novos-beneficios-sociais-em-2025-veja-o-que-pode-estar-por-vir\\\/#breadcrumb\"},\"inLanguage\":\"ar\",\"potentialAction\":[{\"@type\":\"ReadAction\",\"target\":[\"https:\\\/\\\/www.vagadeempregorj.com.br\\\/novos-beneficios-sociais-em-2025-veja-o-que-pode-estar-por-vir\\\/\"]}]},{\"@type\":\"ImageObject\",\"inLanguage\":\"ar\",\"@id\":\"https:\\\/\\\/www.vagadeempregorj.com.br\\\/novos-beneficios-sociais-em-2025-veja-o-que-pode-estar-por-vir\\\/#primaryimage\",\"url\":\"https:\\\/\\\/www.vagadeempregorj.com.br\\\/wp-content\\\/uploads\\\/2025\\\/02\\\/beneficios-sociais-2025.webp\",\"contentUrl\":\"https:\\\/\\\/www.vagadeempregorj.com.br\\\/wp-content\\\/uploads\\\/2025\\\/02\\\/beneficios-sociais-2025.webp\",\"width\":1792,\"height\":1024},{\"@type\":\"BreadcrumbList\",\"@id\":\"https:\\\/\\\/www.vagadeempregorj.com.br\\\/novos-beneficios-sociais-em-2025-veja-o-que-pode-estar-por-vir\\\/#breadcrumb\",\"itemListElement\":[{\"@type\":\"ListItem\",\"position\":1,\"name\":\"In\u00edcio\",\"item\":\"https:\\\/\\\/www.vagadeempregorj.com.br\\\/\"},{\"@type\":\"ListItem\",\"position\":2,\"name\":\"Benef\u00edcios Sociais\",\"item\":\"https:\\\/\\\/www.vagadeempregorj.com.br\\\/beneficios-sociais\\\/\"},{\"@type\":\"ListItem\",\"position\":3,\"name\":\"Novos benef\u00edcios sociais em 2025? Veja o que pode estar por vir!\"}]},{\"@type\":\"WebSite\",\"@id\":\"https:\\\/\\\/www.vagadeempregorj.com.br\\\/#website\",\"url\":\"https:\\\/\\\/www.vagadeempregorj.com.br\\\/\",\"name\":\"\",\"description\":\"Conquiste Sonhos: Vagas, Benef\u00edcios e Economia para Transformar Vidas e Alcan\u00e7ar Melhorias Cotidianas\",\"potentialAction\":[{\"@type\":\"SearchAction\",\"target\":{\"@type\":\"EntryPoint\",\"urlTemplate\":\"https:\\\/\\\/www.vagadeempregorj.com.br\\\/?s={search_term_string}\"},\"query-input\":{\"@type\":\"PropertyValueSpecification\",\"valueRequired\":true,\"valueName\":\"search_term_string\"}}],\"inLanguage\":\"ar\"},{\"@type\":\"Person\",\"@id\":\"https:\\\/\\\/www.vagadeempregorj.com.br\\\/#\\\/schema\\\/person\\\/3ddb19fa0539706786e502152f3aae95\",\"name\":\"Michele\",\"image\":{\"@type\":\"ImageObject\",\"inLanguage\":\"ar\",\"@id\":\"https:\\\/\\\/secure.gravatar.com\\\/avatar\\\/6b0eb9d22841282815e2cd856a0061c45e1761cd54b22e952d98c4746939aa85?s=96&r=g\",\"url\":\"https:\\\/\\\/secure.gravatar.com\\\/avatar\\\/6b0eb9d22841282815e2cd856a0061c45e1761cd54b22e952d98c4746939aa85?s=96&r=g\",\"contentUrl\":\"https:\\\/\\\/secure.gravatar.com\\\/avatar\\\/6b0eb9d22841282815e2cd856a0061c45e1761cd54b22e952d98c4746939aa85?s=96&r=g\",\"caption\":\"Michele\"},\"description\":\"Formada em Letras - Portugu\u00eas\\\/ Ingl\u00eas, e idealizadora do site Escritora de Sucesso, busca expandir o conhecimento de todos com informa\u00e7\u00f5es relevantes sobre diversos assuntos, enquanto redatora. No Vaga de Emprego RJ, traz oportunidades e dicas sobre o mercado de trabalho.\",\"url\":\"https:\\\/\\\/www.vagadeempregorj.com.br\\\/ar\\\/author\\\/michele\\\/\"}]}<\/script>\n<!-- \/ Yoast SEO plugin. -->","yoast_head_json":{"title":"Novos benef\u00edcios sociais em 2025? Veja o que pode estar por vir! -","description":"Veja em Vagas de Emprego RJ as vagas de emprego com e sem experi\u00eancia no seu Estado e Regi\u00e3o!","robots":{"index":"index","follow":"follow","max-snippet":"max-snippet:-1","max-image-preview":"max-image-preview:large","max-video-preview":"max-video-preview:-1"},"canonical":"https:\/\/www.vagadeempregorj.com.br\/ar\/novos-beneficios-sociais-em-2025-veja-o-que-pode-estar-por-vir\/","og_locale":"ar_AR","og_type":"article","og_title":"Novos benef\u00edcios sociais em 2025? Veja o que pode estar por vir! -","og_description":"Veja em Vagas de Emprego RJ as vagas de emprego com e sem experi\u00eancia no seu Estado e Regi\u00e3o!","og_url":"https:\/\/www.vagadeempregorj.com.br\/ar\/novos-beneficios-sociais-em-2025-veja-o-que-pode-estar-por-vir\/","article_publisher":"https:\/\/www.facebook.com\/empregobrasiloficial","article_published_time":"2025-03-19T09:00:00+00:00","og_image":[{"width":1792,"height":1024,"url":"https:\/\/www.vagadeempregorj.com.br\/wp-content\/uploads\/2025\/02\/beneficios-sociais-2025.webp","type":"image\/webp"}],"author":"Michele","twitter_card":"summary_large_image","twitter_misc":{"Written by":"Michele","Est. reading time":"5 \u062f\u0642\u0627\u0626\u0642"},"schema":{"@context":"https:\/\/schema.org","@graph":[{"@type":"Article","@id":"https:\/\/www.vagadeempregorj.com.br\/novos-beneficios-sociais-em-2025-veja-o-que-pode-estar-por-vir\/#article","isPartOf":{"@id":"https:\/\/www.vagadeempregorj.com.br\/novos-beneficios-sociais-em-2025-veja-o-que-pode-estar-por-vir\/"},"author":{"name":"Michele","@id":"https:\/\/www.vagadeempregorj.com.br\/#\/schema\/person\/3ddb19fa0539706786e502152f3aae95"},"headline":"Novos benef\u00edcios sociais em 2025? Veja o que pode estar por vir!","datePublished":"2025-03-19T09:00:00+00:00","mainEntityOfPage":{"@id":"https:\/\/www.vagadeempregorj.com.br\/novos-beneficios-sociais-em-2025-veja-o-que-pode-estar-por-vir\/"},"wordCount":965,"image":{"@id":"https:\/\/www.vagadeempregorj.com.br\/novos-beneficios-sociais-em-2025-veja-o-que-pode-estar-por-vir\/#primaryimage"},"thumbnailUrl":"https:\/\/www.vagadeempregorj.com.br\/wp-content\/uploads\/2025\/02\/beneficios-sociais-2025.webp","articleSection":["Benef\u00edcios Sociais"],"inLanguage":"ar"},{"@type":"WebPage","@id":"https:\/\/www.vagadeempregorj.com.br\/novos-beneficios-sociais-em-2025-veja-o-que-pode-estar-por-vir\/","url":"https:\/\/www.vagadeempregorj.com.br\/novos-beneficios-sociais-em-2025-veja-o-que-pode-estar-por-vir\/","name":"Novos benef\u00edcios sociais em 2025? Veja o que pode estar por vir! -","isPartOf":{"@id":"https:\/\/www.vagadeempregorj.com.br\/#website"},"primaryImageOfPage":{"@id":"https:\/\/www.vagadeempregorj.com.br\/novos-beneficios-sociais-em-2025-veja-o-que-pode-estar-por-vir\/#primaryimage"},"image":{"@id":"https:\/\/www.vagadeempregorj.com.br\/novos-beneficios-sociais-em-2025-veja-o-que-pode-estar-por-vir\/#primaryimage"},"thumbnailUrl":"https:\/\/www.vagadeempregorj.com.br\/wp-content\/uploads\/2025\/02\/beneficios-sociais-2025.webp","datePublished":"2025-03-19T09:00:00+00:00","author":{"@id":"https:\/\/www.vagadeempregorj.com.br\/#\/schema\/person\/3ddb19fa0539706786e502152f3aae95"},"description":"Veja em Vagas de Emprego RJ as vagas de emprego com e sem experi\u00eancia no seu Estado e Regi\u00e3o!","breadcrumb":{"@id":"https:\/\/www.vagadeempregorj.com.br\/novos-beneficios-sociais-em-2025-veja-o-que-pode-estar-por-vir\/#breadcrumb"},"inLanguage":"ar","potentialAction":[{"@type":"ReadAction","target":["https:\/\/www.vagadeempregorj.com.br\/novos-beneficios-sociais-em-2025-veja-o-que-pode-estar-por-vir\/"]}]},{"@type":"ImageObject","inLanguage":"ar","@id":"https:\/\/www.vagadeempregorj.com.br\/novos-beneficios-sociais-em-2025-veja-o-que-pode-estar-por-vir\/#primaryimage","url":"https:\/\/www.vagadeempregorj.com.br\/wp-content\/uploads\/2025\/02\/beneficios-sociais-2025.webp","contentUrl":"https:\/\/www.vagadeempregorj.com.br\/wp-content\/uploads\/2025\/02\/beneficios-sociais-2025.webp","width":1792,"height":1024},{"@type":"BreadcrumbList","@id":"https:\/\/www.vagadeempregorj.com.br\/novos-beneficios-sociais-em-2025-veja-o-que-pode-estar-por-vir\/#breadcrumb","itemListElement":[{"@type":"ListItem","position":1,"name":"In\u00edcio","item":"https:\/\/www.vagadeempregorj.com.br\/"},{"@type":"ListItem","position":2,"name":"Benef\u00edcios Sociais","item":"https:\/\/www.vagadeempregorj.com.br\/beneficios-sociais\/"},{"@type":"ListItem","position":3,"name":"Novos benef\u00edcios sociais em 2025? Veja o que pode estar por vir!"}]},{"@type":"WebSite","@id":"https:\/\/www.vagadeempregorj.com.br\/#website","url":"https:\/\/www.vagadeempregorj.com.br\/","name":"","description":"Conquiste Sonhos: Vagas, Benef\u00edcios e Economia para Transformar Vidas e Alcan\u00e7ar Melhorias Cotidianas","potentialAction":[{"@type":"SearchAction","target":{"@type":"EntryPoint","urlTemplate":"https:\/\/www.vagadeempregorj.com.br\/?s={search_term_string}"},"query-input":{"@type":"PropertyValueSpecification","valueRequired":true,"valueName":"search_term_string"}}],"inLanguage":"ar"},{"@type":"Person","@id":"https:\/\/www.vagadeempregorj.com.br\/#\/schema\/person\/3ddb19fa0539706786e502152f3aae95","name":"Michele","image":{"@type":"ImageObject","inLanguage":"ar","@id":"https:\/\/secure.gravatar.com\/avatar\/6b0eb9d22841282815e2cd856a0061c45e1761cd54b22e952d98c4746939aa85?s=96&r=g","url":"https:\/\/secure.gravatar.com\/avatar\/6b0eb9d22841282815e2cd856a0061c45e1761cd54b22e952d98c4746939aa85?s=96&r=g","contentUrl":"https:\/\/secure.gravatar.com\/avatar\/6b0eb9d22841282815e2cd856a0061c45e1761cd54b22e952d98c4746939aa85?s=96&r=g","caption":"Michele"},"description":"Formada em Letras - Portugu\u00eas\/ Ingl\u00eas, e idealizadora do site Escritora de Sucesso, busca expandir o conhecimento de todos com informa\u00e7\u00f5es relevantes sobre diversos assuntos, enquanto redatora. No Vaga de Emprego RJ, traz oportunidades e dicas sobre o mercado de trabalho.","url":"https:\/\/www.vagadeempregorj.com.br\/ar\/author\/michele\/"}]}},"_links":{"self":[{"href":"https:\/\/www.vagadeempregorj.com.br\/ar\/wp-json\/wp\/v2\/posts\/42860","targetHints":{"allow":["GET"]}}],"collection":[{"href":"https:\/\/www.vagadeempregorj.com.br\/ar\/wp-json\/wp\/v2\/posts"}],"about":[{"href":"https:\/\/www.vagadeempregorj.com.br\/ar\/wp-json\/wp\/v2\/types\/post"}],"author":[{"embeddable":true,"href":"https:\/\/www.vagadeempregorj.com.br\/ar\/wp-json\/wp\/v2\/users\/16"}],"replies":[{"embeddable":true,"href":"https:\/\/www.vagadeempregorj.com.br\/ar\/wp-json\/wp\/v2\/comments?post=42860"}],"version-history":[{"count":0,"href":"https:\/\/www.vagadeempregorj.com.br\/ar\/wp-json\/wp\/v2\/posts\/42860\/revisions"}],"wp:featuredmedia":[{"embeddable":true,"href":"https:\/\/www.vagadeempregorj.com.br\/ar\/wp-json\/wp\/v2\/media\/42861"}],"wp:attachment":[{"href":"https:\/\/www.vagadeempregorj.com.br\/ar\/wp-json\/wp\/v2\/media?parent=42860"}],"wp:term":[{"taxonomy":"category","embeddable":true,"href":"https:\/\/www.vagadeempregorj.com.br\/ar\/wp-json\/wp\/v2\/categories?post=42860"},{"taxonomy":"post_tag","embeddable":true,"href":"https:\/\/www.vagadeempregorj.com.br\/ar\/wp-json\/wp\/v2\/tags?post=42860"}],"curies":[{"name":"wp","href":"https:\/\/api.w.org\/{rel}","templated":true}]}}