{"id":42886,"date":"2025-02-27T08:55:29","date_gmt":"2025-02-27T11:55:29","guid":{"rendered":"https:\/\/www.vagadeempregorj.com.br\/?p=42886"},"modified":"2025-06-15T14:46:33","modified_gmt":"2025-06-15T17:46:33","slug":"curso-formacao-juristas-populares-2025","status":"publish","type":"post","link":"https:\/\/www.vagadeempregorj.com.br\/ar\/curso-formacao-juristas-populares-2025\/","title":{"rendered":"Curso de Juristas Populares 2025: Inscri\u00e7\u00f5es Abertas na Para\u00edba"},"content":{"rendered":"<p class=\"has-medium-font-size\">A Funda\u00e7\u00e3o Margarida Maria Alves est\u00e1 com inscri\u00e7\u00f5es abertas para o <strong>Curso de Forma\u00e7\u00e3o de Juristas Populares 2025<\/strong>. <strong>Al\u00e9m disso<\/strong>, a iniciativa, que j\u00e1 formou mais de 465 lideran\u00e7as comunit\u00e1rias, visa capacitar multiplicadores de conhecimento em direitos humanos e cidadania. <strong>Por outro lado<\/strong>, as vagas s\u00e3o limitadas, <strong>portanto<\/strong>, as inscri\u00e7\u00f5es devem ser feitas at\u00e9 4 de abril. <strong>Dessa forma<\/strong>, a funda\u00e7\u00e3o busca garantir que o curso atinja o maior n\u00famero poss\u00edvel de interessados.<\/p>\n\n\n\n<h2 class=\"wp-block-heading\">O que \u00e9 o Curso de Forma\u00e7\u00e3o de Juristas Populares?<\/h2>\n\n\n\n<p class=\"has-medium-font-size\">O <strong>Curso de Forma\u00e7\u00e3o de Juristas Populares<\/strong> \u00e9 uma iniciativa da Funda\u00e7\u00e3o Margarida Maria Alves, criada em 1999. <strong>Desde ent\u00e3o<\/strong>, o projeto j\u00e1 beneficiou lideran\u00e7as de 20 munic\u00edpios paraibanos, <strong>contribuindo significativamente<\/strong> para o fortalecimento de comunidades por meio do conhecimento jur\u00eddico. <strong>Al\u00e9m disso<\/strong>, o curso \u00e9 voltado para membros de sindicatos, associa\u00e7\u00f5es e movimentos sociais, <strong>com o intuito de<\/strong> reduzir as barreiras de acesso \u00e0 justi\u00e7a. <strong>Dessa maneira<\/strong>, a iniciativa promove maior inclus\u00e3o e equidade no sistema jur\u00eddico.<\/p>\n\n\n\n<p class=\"has-medium-font-size\">A forma\u00e7\u00e3o \u00e9 gratuita e inclui material did\u00e1tico, <strong>bem como<\/strong> atividades pr\u00e1ticas que aproximam os participantes do sistema de justi\u00e7a. <strong>Al\u00e9m disso<\/strong>, desde sua cria\u00e7\u00e3o, o curso tem sido um instrumento importante para a promo\u00e7\u00e3o da cidadania e dos direitos humanos em regi\u00f5es com pouca assist\u00eancia jur\u00eddica. <strong>Por exemplo<\/strong>, muitas comunidades carentes t\u00eam se beneficiado diretamente com o conhecimento compartilhado pelos participantes. <strong>Dessa forma<\/strong>, o projeto se consolida como uma ferramenta essencial para a transforma\u00e7\u00e3o social.<\/p>\n\n\n\n<h2 class=\"wp-block-heading\">Quem pode se inscrever?<\/h2>\n\n\n\n<p class=\"has-medium-font-size\">Podem participar do curso pessoas que pertencem a organiza\u00e7\u00f5es sociais, como sindicatos, grupos de mulheres e movimentos culturais. Al\u00e9m disso, \u00e9 necess\u00e1rio saber ler e escrever, residir na Para\u00edba, ter mais de 18 anos e estar dispon\u00edvel para aulas aos s\u00e1bados, que ocorrem quinzenalmente.<\/p>\n\n\n\n<p class=\"has-medium-font-size\">\u00c9 importante destacar que estudantes ou graduados em Direito n\u00e3o podem se inscrever. O foco do curso \u00e9 capacitar lideran\u00e7as comunit\u00e1rias que atuam diretamente com popula\u00e7\u00f5es vulner\u00e1veis, promovendo a multiplica\u00e7\u00e3o do conhecimento em suas entidades.<\/p>\n\n\n\n<h2 class=\"wp-block-heading\">Como funciona o curso?<\/h2>\n\n\n\n<p class=\"has-medium-font-size\">O <strong>Curso de Forma\u00e7\u00e3o de Juristas Populares<\/strong> \u00e9 dividido em quatro oficinas e oito m\u00f3dulos. Entre os temas abordados est\u00e3o direitos humanos, pol\u00edticas p\u00fablicas, g\u00eanero e \u00e1reas do direito como constitucional, trabalhista e previdenci\u00e1rio.<\/p>\n\n\n\n<p class=\"has-medium-font-size\">Al\u00e9m das aulas te\u00f3ricas, os participantes far\u00e3o visitas a \u00f3rg\u00e3os p\u00fablicos, como curadorias, defensoria p\u00fablica e f\u00f3runs. Essas visitas t\u00eam o objetivo de aproximar os cursistas do sistema de justi\u00e7a, proporcionando uma vis\u00e3o pr\u00e1tica do funcionamento dessas institui\u00e7\u00f5es.<\/p>\n\n\n\n<p class=\"has-medium-font-size\">Outro ponto alto do curso \u00e9 o est\u00e1gio supervisionado, realizado por meio de uma Ciranda de Direito. Durante o est\u00e1gio, os cursistas far\u00e3o atendimento direto \u00e0 popula\u00e7\u00e3o, oferecendo informa\u00e7\u00f5es sobre direitos de cidadania e encaminhamentos aos \u00f3rg\u00e3os competentes.<\/p>\n\n\n\n<h2 class=\"wp-block-heading\">Por que participar?<\/h2>\n\n\n\n<p class=\"has-medium-font-size\">A forma\u00e7\u00e3o \u00e9 uma oportunidade \u00fanica para lideran\u00e7as comunit\u00e1rias ampliarem seus conhecimentos e atuarem como multiplicadores em suas organiza\u00e7\u00f5es. O curso tamb\u00e9m promove a aproxima\u00e7\u00e3o entre a popula\u00e7\u00e3o e o sistema de justi\u00e7a, contribuindo para a redu\u00e7\u00e3o das desigualdades sociais.<\/p>\n\n\n\n<p class=\"has-medium-font-size\">Ao final do curso, os participantes estar\u00e3o aptos a orientar suas comunidades sobre quest\u00f5es jur\u00eddicas b\u00e1sicas, como direitos trabalhistas, previdenci\u00e1rios e urbanos. Essa capacita\u00e7\u00e3o \u00e9 essencial para fortalecer a luta por justi\u00e7a social e igualdade.<\/p>\n\n\n\n<h2 class=\"wp-block-heading\">Como se inscrever?<\/h2>\n\n\n\n<p class=\"has-medium-font-size\"><strong>Os interessados podem fazer as inscri\u00e7\u00f5es<\/strong> presencialmente na sede da funda\u00e7\u00e3o, em Jo\u00e3o Pessoa, ou virtualmente. <strong>A FDDHMMA disponibilizou o edital completo<\/strong> no site oficial. <strong>A funda\u00e7\u00e3o divulgar\u00e1 a lista de selecionados<\/strong> em 10 de abril de 2025, e o curso come\u00e7ar\u00e1 no dia 26 de abril.<\/p>\n\n\n\n<p class=\"has-medium-font-size\">Para se inscrever presencialmente, \u00e9 necess\u00e1rio comparecer \u00e0 sede da Funda\u00e7\u00e3o Margarida Maria Alves, localizada na rua Irineu Joffily, 185, Centro, Jo\u00e3o Pessoa (PB). O hor\u00e1rio de atendimento \u00e9 das 14h \u00e0s 17h30, de segunda a sexta-feira. Mais informa\u00e7\u00f5es podem ser obtidas pelo telefone (83) 3221-3014.<\/p>\n\n\n\n<h2 class=\"wp-block-heading\">Conclus\u00e3o:<\/h2>\n\n\n\n<p class=\"has-medium-font-size\">O <strong>Curso de Forma\u00e7\u00e3o de Juristas Populares<\/strong> \u00e9 uma iniciativa transformadora, que capacita lideran\u00e7as para atuarem como agentes de mudan\u00e7a em suas comunidades. Com foco em direitos humanos e cidadania, o projeto fortalece a luta por justi\u00e7a social e igualdade.<\/p>\n\n\n\n<p class=\"has-medium-font-size\">Ao oferecer forma\u00e7\u00e3o gratuita e de qualidade, a Funda\u00e7\u00e3o Margarida Maria Alves contribui para a redu\u00e7\u00e3o das barreiras de acesso \u00e0 justi\u00e7a, especialmente para as popula\u00e7\u00f5es mais vulner\u00e1veis. N\u00e3o perca a chance de participar dessa jornada de aprendizado e transforma\u00e7\u00e3o!<\/p>\n\n\n\n<hr class=\"wp-block-separator has-alpha-channel-opacity\"\/>\n\n\n\n<p class=\"has-medium-font-size\"><a href=\"https:\/\/www.vagadeempregorj.com.br\/ar\/cursos\/\">Como a educa\u00e7\u00e3o jur\u00eddica popular transforma comunidades<\/a><\/p>","protected":false},"excerpt":{"rendered":"<p>A Funda\u00e7\u00e3o Margarida Maria Alves est\u00e1 com inscri\u00e7\u00f5es abertas para o Curso de Forma\u00e7\u00e3o de Juristas Populares 2025. Al\u00e9m disso, a iniciativa, que j\u00e1 formou mais de 465 lideran\u00e7as comunit\u00e1rias, visa capacitar multiplicadores de conhecimento em direitos humanos e cidadania. Por outro lado, as vagas s\u00e3o limitadas, portanto, as inscri\u00e7\u00f5es devem ser feitas at\u00e9 4&hellip;&nbsp;<\/p>","protected":false},"author":1,"featured_media":42887,"comment_status":"closed","ping_status":"closed","sticky":false,"template":"","format":"standard","meta":{"neve_meta_sidebar":"","neve_meta_container":"","neve_meta_enable_content_width":"","neve_meta_content_width":0,"neve_meta_title_alignment":"","neve_meta_author_avatar":"","neve_post_elements_order":"","neve_meta_disable_header":"","neve_meta_disable_footer":"","neve_meta_disable_title":"","footnotes":""},"categories":[703],"tags":[1083,1081,1082,1080,1079],"class_list":["post-42886","post","type-post","status-publish","format-standard","has-post-thumbnail","hentry","category-informacao-tecnologica-e-curiosidades","tag-acesso-a-justica","tag-cidadania","tag-curso-de-juristas-populares","tag-direitos-humanos","tag-formacao-comunitaria"],"yoast_head":"<!-- This site is optimized with the Yoast SEO plugin v27.5 - https:\/\/yoast.com\/product\/yoast-seo-wordpress\/ -->\n<title>Curso de Juristas Populares 2025: Inscri\u00e7\u00f5es Abertas na Para\u00edba -<\/title>\n<meta name=\"description\" content=\"Inscreva-se no Curso de Forma\u00e7\u00e3o de Juristas Populares 2025 na Para\u00edba. Aprenda sobre direitos humanos e cidadania. Vagas limitadas!\" \/>\n<meta name=\"robots\" content=\"index, follow, max-snippet:-1, max-image-preview:large, max-video-preview:-1\" \/>\n<link rel=\"canonical\" href=\"https:\/\/www.vagadeempregorj.com.br\/ar\/curso-formacao-juristas-populares-2025\/\" \/>\n<meta property=\"og:locale\" content=\"ar_AR\" \/>\n<meta property=\"og:type\" content=\"article\" \/>\n<meta property=\"og:title\" content=\"Curso de Juristas Populares 2025: Inscri\u00e7\u00f5es Abertas na Para\u00edba -\" \/>\n<meta property=\"og:description\" content=\"Inscreva-se no Curso de Forma\u00e7\u00e3o de Juristas Populares 2025 na Para\u00edba. Aprenda sobre direitos humanos e cidadania. Vagas limitadas!\" \/>\n<meta property=\"og:url\" content=\"https:\/\/www.vagadeempregorj.com.br\/ar\/curso-formacao-juristas-populares-2025\/\" \/>\n<meta property=\"article:publisher\" content=\"https:\/\/www.facebook.com\/empregobrasiloficial\" \/>\n<meta property=\"article:published_time\" content=\"2025-02-27T11:55:29+00:00\" \/>\n<meta property=\"article:modified_time\" content=\"2025-06-15T17:46:33+00:00\" \/>\n<meta property=\"og:image\" content=\"https:\/\/www.vagadeempregorj.com.br\/wp-content\/uploads\/2025\/02\/Curso-Juristas-Populares_2024-750x536-1.webp\" \/>\n\t<meta property=\"og:image:width\" content=\"750\" \/>\n\t<meta property=\"og:image:height\" content=\"536\" \/>\n\t<meta property=\"og:image:type\" content=\"image\/webp\" \/>\n<meta name=\"author\" content=\"Ana B.\" \/>\n<meta name=\"twitter:card\" content=\"summary_large_image\" \/>\n<meta name=\"twitter:label1\" content=\"Written by\" \/>\n\t<meta name=\"twitter:data1\" content=\"Ana B.\" \/>\n\t<meta name=\"twitter:label2\" content=\"Est. reading time\" \/>\n\t<meta name=\"twitter:data2\" content=\"4 \u062f\u0642\u0627\u0626\u0642\" \/>\n<script type=\"application\/ld+json\" class=\"yoast-schema-graph\">{\"@context\":\"https:\\\/\\\/schema.org\",\"@graph\":[{\"@type\":\"Article\",\"@id\":\"https:\\\/\\\/www.vagadeempregorj.com.br\\\/curso-formacao-juristas-populares-2025\\\/#article\",\"isPartOf\":{\"@id\":\"https:\\\/\\\/www.vagadeempregorj.com.br\\\/curso-formacao-juristas-populares-2025\\\/\"},\"author\":{\"name\":\"Ana B.\",\"@id\":\"https:\\\/\\\/www.vagadeempregorj.com.br\\\/#\\\/schema\\\/person\\\/c0c38d5d765e86c3b7c8f12fb1ae6477\"},\"headline\":\"Curso de Juristas Populares 2025: Inscri\u00e7\u00f5es Abertas na Para\u00edba\",\"datePublished\":\"2025-02-27T11:55:29+00:00\",\"dateModified\":\"2025-06-15T17:46:33+00:00\",\"mainEntityOfPage\":{\"@id\":\"https:\\\/\\\/www.vagadeempregorj.com.br\\\/curso-formacao-juristas-populares-2025\\\/\"},\"wordCount\":790,\"image\":{\"@id\":\"https:\\\/\\\/www.vagadeempregorj.com.br\\\/curso-formacao-juristas-populares-2025\\\/#primaryimage\"},\"thumbnailUrl\":\"https:\\\/\\\/www.vagadeempregorj.com.br\\\/wp-content\\\/uploads\\\/2025\\\/02\\\/Curso-Juristas-Populares_2024-750x536-1.webp\",\"keywords\":[\"acesso \u00e0 justi\u00e7a\",\"cidadania\",\"curso de juristas populares\",\"direitos humanos\",\"forma\u00e7\u00e3o comunit\u00e1ria\"],\"articleSection\":[\"Informa\u00e7\u00e3o Tecnol\u00f3gica, Curiosidades e Cursos\"],\"inLanguage\":\"ar\"},{\"@type\":\"WebPage\",\"@id\":\"https:\\\/\\\/www.vagadeempregorj.com.br\\\/curso-formacao-juristas-populares-2025\\\/\",\"url\":\"https:\\\/\\\/www.vagadeempregorj.com.br\\\/curso-formacao-juristas-populares-2025\\\/\",\"name\":\"Curso de Juristas Populares 2025: Inscri\u00e7\u00f5es Abertas na Para\u00edba -\",\"isPartOf\":{\"@id\":\"https:\\\/\\\/www.vagadeempregorj.com.br\\\/#website\"},\"primaryImageOfPage\":{\"@id\":\"https:\\\/\\\/www.vagadeempregorj.com.br\\\/curso-formacao-juristas-populares-2025\\\/#primaryimage\"},\"image\":{\"@id\":\"https:\\\/\\\/www.vagadeempregorj.com.br\\\/curso-formacao-juristas-populares-2025\\\/#primaryimage\"},\"thumbnailUrl\":\"https:\\\/\\\/www.vagadeempregorj.com.br\\\/wp-content\\\/uploads\\\/2025\\\/02\\\/Curso-Juristas-Populares_2024-750x536-1.webp\",\"datePublished\":\"2025-02-27T11:55:29+00:00\",\"dateModified\":\"2025-06-15T17:46:33+00:00\",\"author\":{\"@id\":\"https:\\\/\\\/www.vagadeempregorj.com.br\\\/#\\\/schema\\\/person\\\/c0c38d5d765e86c3b7c8f12fb1ae6477\"},\"description\":\"Inscreva-se no Curso de Forma\u00e7\u00e3o de Juristas Populares 2025 na Para\u00edba. Aprenda sobre direitos humanos e cidadania. Vagas limitadas!\",\"breadcrumb\":{\"@id\":\"https:\\\/\\\/www.vagadeempregorj.com.br\\\/curso-formacao-juristas-populares-2025\\\/#breadcrumb\"},\"inLanguage\":\"ar\",\"potentialAction\":[{\"@type\":\"ReadAction\",\"target\":[\"https:\\\/\\\/www.vagadeempregorj.com.br\\\/curso-formacao-juristas-populares-2025\\\/\"]}]},{\"@type\":\"ImageObject\",\"inLanguage\":\"ar\",\"@id\":\"https:\\\/\\\/www.vagadeempregorj.com.br\\\/curso-formacao-juristas-populares-2025\\\/#primaryimage\",\"url\":\"https:\\\/\\\/www.vagadeempregorj.com.br\\\/wp-content\\\/uploads\\\/2025\\\/02\\\/Curso-Juristas-Populares_2024-750x536-1.webp\",\"contentUrl\":\"https:\\\/\\\/www.vagadeempregorj.com.br\\\/wp-content\\\/uploads\\\/2025\\\/02\\\/Curso-Juristas-Populares_2024-750x536-1.webp\",\"width\":750,\"height\":536,\"caption\":\"Curso de Forma\u00e7\u00e3o de Juristas Populares\"},{\"@type\":\"BreadcrumbList\",\"@id\":\"https:\\\/\\\/www.vagadeempregorj.com.br\\\/curso-formacao-juristas-populares-2025\\\/#breadcrumb\",\"itemListElement\":[{\"@type\":\"ListItem\",\"position\":1,\"name\":\"In\u00edcio\",\"item\":\"https:\\\/\\\/www.vagadeempregorj.com.br\\\/\"},{\"@type\":\"ListItem\",\"position\":2,\"name\":\"Curso de Juristas Populares 2025: Inscri\u00e7\u00f5es Abertas na Para\u00edba\"}]},{\"@type\":\"WebSite\",\"@id\":\"https:\\\/\\\/www.vagadeempregorj.com.br\\\/#website\",\"url\":\"https:\\\/\\\/www.vagadeempregorj.com.br\\\/\",\"name\":\"\",\"description\":\"Conquiste Sonhos: Vagas, Benef\u00edcios e Economia para Transformar Vidas e Alcan\u00e7ar Melhorias Cotidianas\",\"potentialAction\":[{\"@type\":\"SearchAction\",\"target\":{\"@type\":\"EntryPoint\",\"urlTemplate\":\"https:\\\/\\\/www.vagadeempregorj.com.br\\\/?s={search_term_string}\"},\"query-input\":{\"@type\":\"PropertyValueSpecification\",\"valueRequired\":true,\"valueName\":\"search_term_string\"}}],\"inLanguage\":\"ar\"},{\"@type\":\"Person\",\"@id\":\"https:\\\/\\\/www.vagadeempregorj.com.br\\\/#\\\/schema\\\/person\\\/c0c38d5d765e86c3b7c8f12fb1ae6477\",\"name\":\"Ana B.\",\"image\":{\"@type\":\"ImageObject\",\"inLanguage\":\"ar\",\"@id\":\"https:\\\/\\\/secure.gravatar.com\\\/avatar\\\/f5efa58599e07f8dd92f26c7cfbc442fd115582bc681245452e503c2ef2334f3?s=96&r=g\",\"url\":\"https:\\\/\\\/secure.gravatar.com\\\/avatar\\\/f5efa58599e07f8dd92f26c7cfbc442fd115582bc681245452e503c2ef2334f3?s=96&r=g\",\"contentUrl\":\"https:\\\/\\\/secure.gravatar.com\\\/avatar\\\/f5efa58599e07f8dd92f26c7cfbc442fd115582bc681245452e503c2ef2334f3?s=96&r=g\",\"caption\":\"Ana B.\"},\"description\":\"Meu nome \u00e9 Ana e sou apaixonada em escrever. Dedico meu tempo escrevendo not\u00edcias e vagas de emprego diariamente no portal Vaga de Emprego RJ.\",\"url\":\"https:\\\/\\\/www.vagadeempregorj.com.br\\\/ar\\\/author\\\/vgrj\\\/\"}]}<\/script>\n<!-- \/ Yoast SEO plugin. -->","yoast_head_json":{"title":"Curso de Juristas Populares 2025: Inscri\u00e7\u00f5es Abertas na Para\u00edba -","description":"Inscreva-se no Curso de Forma\u00e7\u00e3o de Juristas Populares 2025 na Para\u00edba. Aprenda sobre direitos humanos e cidadania. Vagas limitadas!","robots":{"index":"index","follow":"follow","max-snippet":"max-snippet:-1","max-image-preview":"max-image-preview:large","max-video-preview":"max-video-preview:-1"},"canonical":"https:\/\/www.vagadeempregorj.com.br\/ar\/curso-formacao-juristas-populares-2025\/","og_locale":"ar_AR","og_type":"article","og_title":"Curso de Juristas Populares 2025: Inscri\u00e7\u00f5es Abertas na Para\u00edba -","og_description":"Inscreva-se no Curso de Forma\u00e7\u00e3o de Juristas Populares 2025 na Para\u00edba. Aprenda sobre direitos humanos e cidadania. Vagas limitadas!","og_url":"https:\/\/www.vagadeempregorj.com.br\/ar\/curso-formacao-juristas-populares-2025\/","article_publisher":"https:\/\/www.facebook.com\/empregobrasiloficial","article_published_time":"2025-02-27T11:55:29+00:00","article_modified_time":"2025-06-15T17:46:33+00:00","og_image":[{"width":750,"height":536,"url":"https:\/\/www.vagadeempregorj.com.br\/wp-content\/uploads\/2025\/02\/Curso-Juristas-Populares_2024-750x536-1.webp","type":"image\/webp"}],"author":"Ana B.","twitter_card":"summary_large_image","twitter_misc":{"Written by":"Ana B.","Est. reading time":"4 \u062f\u0642\u0627\u0626\u0642"},"schema":{"@context":"https:\/\/schema.org","@graph":[{"@type":"Article","@id":"https:\/\/www.vagadeempregorj.com.br\/curso-formacao-juristas-populares-2025\/#article","isPartOf":{"@id":"https:\/\/www.vagadeempregorj.com.br\/curso-formacao-juristas-populares-2025\/"},"author":{"name":"Ana B.","@id":"https:\/\/www.vagadeempregorj.com.br\/#\/schema\/person\/c0c38d5d765e86c3b7c8f12fb1ae6477"},"headline":"Curso de Juristas Populares 2025: Inscri\u00e7\u00f5es Abertas na Para\u00edba","datePublished":"2025-02-27T11:55:29+00:00","dateModified":"2025-06-15T17:46:33+00:00","mainEntityOfPage":{"@id":"https:\/\/www.vagadeempregorj.com.br\/curso-formacao-juristas-populares-2025\/"},"wordCount":790,"image":{"@id":"https:\/\/www.vagadeempregorj.com.br\/curso-formacao-juristas-populares-2025\/#primaryimage"},"thumbnailUrl":"https:\/\/www.vagadeempregorj.com.br\/wp-content\/uploads\/2025\/02\/Curso-Juristas-Populares_2024-750x536-1.webp","keywords":["acesso \u00e0 justi\u00e7a","cidadania","curso de juristas populares","direitos humanos","forma\u00e7\u00e3o comunit\u00e1ria"],"articleSection":["Informa\u00e7\u00e3o Tecnol\u00f3gica, Curiosidades e Cursos"],"inLanguage":"ar"},{"@type":"WebPage","@id":"https:\/\/www.vagadeempregorj.com.br\/curso-formacao-juristas-populares-2025\/","url":"https:\/\/www.vagadeempregorj.com.br\/curso-formacao-juristas-populares-2025\/","name":"Curso de Juristas Populares 2025: Inscri\u00e7\u00f5es Abertas na Para\u00edba -","isPartOf":{"@id":"https:\/\/www.vagadeempregorj.com.br\/#website"},"primaryImageOfPage":{"@id":"https:\/\/www.vagadeempregorj.com.br\/curso-formacao-juristas-populares-2025\/#primaryimage"},"image":{"@id":"https:\/\/www.vagadeempregorj.com.br\/curso-formacao-juristas-populares-2025\/#primaryimage"},"thumbnailUrl":"https:\/\/www.vagadeempregorj.com.br\/wp-content\/uploads\/2025\/02\/Curso-Juristas-Populares_2024-750x536-1.webp","datePublished":"2025-02-27T11:55:29+00:00","dateModified":"2025-06-15T17:46:33+00:00","author":{"@id":"https:\/\/www.vagadeempregorj.com.br\/#\/schema\/person\/c0c38d5d765e86c3b7c8f12fb1ae6477"},"description":"Inscreva-se no Curso de Forma\u00e7\u00e3o de Juristas Populares 2025 na Para\u00edba. Aprenda sobre direitos humanos e cidadania. Vagas limitadas!","breadcrumb":{"@id":"https:\/\/www.vagadeempregorj.com.br\/curso-formacao-juristas-populares-2025\/#breadcrumb"},"inLanguage":"ar","potentialAction":[{"@type":"ReadAction","target":["https:\/\/www.vagadeempregorj.com.br\/curso-formacao-juristas-populares-2025\/"]}]},{"@type":"ImageObject","inLanguage":"ar","@id":"https:\/\/www.vagadeempregorj.com.br\/curso-formacao-juristas-populares-2025\/#primaryimage","url":"https:\/\/www.vagadeempregorj.com.br\/wp-content\/uploads\/2025\/02\/Curso-Juristas-Populares_2024-750x536-1.webp","contentUrl":"https:\/\/www.vagadeempregorj.com.br\/wp-content\/uploads\/2025\/02\/Curso-Juristas-Populares_2024-750x536-1.webp","width":750,"height":536,"caption":"Curso de Forma\u00e7\u00e3o de Juristas Populares"},{"@type":"BreadcrumbList","@id":"https:\/\/www.vagadeempregorj.com.br\/curso-formacao-juristas-populares-2025\/#breadcrumb","itemListElement":[{"@type":"ListItem","position":1,"name":"In\u00edcio","item":"https:\/\/www.vagadeempregorj.com.br\/"},{"@type":"ListItem","position":2,"name":"Curso de Juristas Populares 2025: Inscri\u00e7\u00f5es Abertas na Para\u00edba"}]},{"@type":"WebSite","@id":"https:\/\/www.vagadeempregorj.com.br\/#website","url":"https:\/\/www.vagadeempregorj.com.br\/","name":"","description":"Conquiste Sonhos: Vagas, Benef\u00edcios e Economia para Transformar Vidas e Alcan\u00e7ar Melhorias Cotidianas","potentialAction":[{"@type":"SearchAction","target":{"@type":"EntryPoint","urlTemplate":"https:\/\/www.vagadeempregorj.com.br\/?s={search_term_string}"},"query-input":{"@type":"PropertyValueSpecification","valueRequired":true,"valueName":"search_term_string"}}],"inLanguage":"ar"},{"@type":"Person","@id":"https:\/\/www.vagadeempregorj.com.br\/#\/schema\/person\/c0c38d5d765e86c3b7c8f12fb1ae6477","name":"Ana B.","image":{"@type":"ImageObject","inLanguage":"ar","@id":"https:\/\/secure.gravatar.com\/avatar\/f5efa58599e07f8dd92f26c7cfbc442fd115582bc681245452e503c2ef2334f3?s=96&r=g","url":"https:\/\/secure.gravatar.com\/avatar\/f5efa58599e07f8dd92f26c7cfbc442fd115582bc681245452e503c2ef2334f3?s=96&r=g","contentUrl":"https:\/\/secure.gravatar.com\/avatar\/f5efa58599e07f8dd92f26c7cfbc442fd115582bc681245452e503c2ef2334f3?s=96&r=g","caption":"Ana B."},"description":"Meu nome \u00e9 Ana e sou apaixonada em escrever. Dedico meu tempo escrevendo not\u00edcias e vagas de emprego diariamente no portal Vaga de Emprego RJ.","url":"https:\/\/www.vagadeempregorj.com.br\/ar\/author\/vgrj\/"}]}},"_links":{"self":[{"href":"https:\/\/www.vagadeempregorj.com.br\/ar\/wp-json\/wp\/v2\/posts\/42886","targetHints":{"allow":["GET"]}}],"collection":[{"href":"https:\/\/www.vagadeempregorj.com.br\/ar\/wp-json\/wp\/v2\/posts"}],"about":[{"href":"https:\/\/www.vagadeempregorj.com.br\/ar\/wp-json\/wp\/v2\/types\/post"}],"author":[{"embeddable":true,"href":"https:\/\/www.vagadeempregorj.com.br\/ar\/wp-json\/wp\/v2\/users\/1"}],"replies":[{"embeddable":true,"href":"https:\/\/www.vagadeempregorj.com.br\/ar\/wp-json\/wp\/v2\/comments?post=42886"}],"version-history":[{"count":1,"href":"https:\/\/www.vagadeempregorj.com.br\/ar\/wp-json\/wp\/v2\/posts\/42886\/revisions"}],"predecessor-version":[{"id":43596,"href":"https:\/\/www.vagadeempregorj.com.br\/ar\/wp-json\/wp\/v2\/posts\/42886\/revisions\/43596"}],"wp:featuredmedia":[{"embeddable":true,"href":"https:\/\/www.vagadeempregorj.com.br\/ar\/wp-json\/wp\/v2\/media\/42887"}],"wp:attachment":[{"href":"https:\/\/www.vagadeempregorj.com.br\/ar\/wp-json\/wp\/v2\/media?parent=42886"}],"wp:term":[{"taxonomy":"category","embeddable":true,"href":"https:\/\/www.vagadeempregorj.com.br\/ar\/wp-json\/wp\/v2\/categories?post=42886"},{"taxonomy":"post_tag","embeddable":true,"href":"https:\/\/www.vagadeempregorj.com.br\/ar\/wp-json\/wp\/v2\/tags?post=42886"}],"curies":[{"name":"wp","href":"https:\/\/api.w.org\/{rel}","templated":true}]}}