{"id":42890,"date":"2025-02-28T09:42:22","date_gmt":"2025-02-28T12:42:22","guid":{"rendered":"https:\/\/www.vagadeempregorj.com.br\/?p=42890"},"modified":"2025-02-28T09:42:24","modified_gmt":"2025-02-28T12:42:24","slug":"vaga-agente-de-negocios-senac","status":"publish","type":"post","link":"https:\/\/www.vagadeempregorj.com.br\/ar\/vaga-agente-de-negocios-senac\/","title":{"rendered":"Senac tem vaga para Agente de Neg\u00f3cios com sal\u00e1rio de R$ 3.689"},"content":{"rendered":"<h2 class=\"wp-block-heading\">Senac abre vaga de Agente de Neg\u00f3cios com sal\u00e1rio atrativo<\/h2>\n\n\n\n<p class=\"has-medium-font-size\">O Senac est\u00e1 com uma vaga para Agente de Neg\u00f3cios em Blumenau, Santa Catarina. Al\u00e9m disso, com um sal\u00e1rio de R$ 3.689 e benef\u00edcios atrativos, essa \u00e9 uma excelente oportunidade para profissionais da \u00e1rea comercial.<\/p>\n\n\n\n<h2 class=\"wp-block-heading\">Processo seletivo e inscri\u00e7\u00e3o<\/h2>\n\n\n\n<p class=\"has-medium-font-size\">As inscri\u00e7\u00f5es est\u00e3o abertas at\u00e9 <strong>05 de mar\u00e7o de 2025<\/strong> no site oficial do Senac-SC. O processo seletivo inclui:<\/p>\n\n\n\n<ul class=\"wp-block-list\">\n<li class=\"has-medium-font-size\"><strong>07 de mar\u00e7o:<\/strong> An\u00e1lise curricular.<\/li>\n\n\n\n<li class=\"has-medium-font-size\"><strong>11 de mar\u00e7o:<\/strong> Prova escrita.<\/li>\n\n\n\n<li class=\"has-medium-font-size\"><strong>12 de mar\u00e7o:<\/strong> Divulga\u00e7\u00e3o dos resultados finais.<\/li>\n<\/ul>\n\n\n\n<p class=\"has-medium-font-size\">Al\u00e9m disso, essa estrutura garante um processo transparente e organizado, permitindo, assim, que os candidatos tenham clareza sobre cada etapa.<\/p>\n\n\n\n<h2 class=\"wp-block-heading\">Responsabilidades do Agente de Neg\u00f3cios<\/h2>\n\n\n\n<p class=\"has-medium-font-size\">O profissional atuar\u00e1 na <strong>prospec\u00e7\u00e3o de clientes<\/strong> e vendas ativas e receptivas. Outras responsabilidades incluem:<\/p>\n\n\n\n<ul class=\"wp-block-list\">\n<li class=\"has-medium-font-size\">Participa\u00e7\u00e3o em feiras e eventos comerciais;<\/li>\n\n\n\n<li class=\"has-medium-font-size\">Expans\u00e3o da rede de contatos do Senac;<\/li>\n\n\n\n<li class=\"has-medium-font-size\">Atendimento e negocia\u00e7\u00e3o com clientes;<\/li>\n\n\n\n<li class=\"has-medium-font-size\">Apresenta\u00e7\u00e3o de servi\u00e7os oferecidos pela institui\u00e7\u00e3o;<\/li>\n\n\n\n<li class=\"has-medium-font-size\">An\u00e1lise de mercado e identifica\u00e7\u00e3o de oportunidades de neg\u00f3cio.<\/li>\n<\/ul>\n\n\n\n<p class=\"has-medium-font-size\">A jornada de trabalho, por sua vez, ser\u00e1 de 44 horas semanais, de segunda a sexta-feira, das 10h12min \u00e0s 20h, com uma hora de intervalo.<\/p>\n\n\n\n<h2 class=\"wp-block-heading\">Requisitos para candidatura<\/h2>\n\n\n\n<p class=\"has-medium-font-size\">Para se candidatar, \u00e9 necess\u00e1rio:<\/p>\n\n\n\n<ul class=\"wp-block-list\">\n<li class=\"has-medium-font-size\">Ensino M\u00e9dio completo (desej\u00e1vel Superior em Marketing, Administra\u00e7\u00e3o ou \u00e1reas afins);<\/li>\n\n\n\n<li class=\"has-medium-font-size\">Experi\u00eancia de <strong>6 meses em vendas<\/strong>, preferencialmente de servi\u00e7os;<\/li>\n\n\n\n<li class=\"has-medium-font-size\">Conhecimento em <strong>atendimento ao cliente, negocia\u00e7\u00e3o e Pacote Office<\/strong>;<\/li>\n\n\n\n<li class=\"has-medium-font-size\">Facilidade de comunica\u00e7\u00e3o e habilidade comercial;<\/li>\n\n\n\n<li class=\"has-medium-font-size\">Proatividade e capacidade de trabalhar com metas e indicadores de desempenho.<\/li>\n<\/ul>\n\n\n\n<h2 class=\"wp-block-heading\">Benef\u00edcios e crescimento profissional<\/h2>\n\n\n\n<p class=\"has-medium-font-size\">A <strong>vaga de Agente de Neg\u00f3cios no Senac<\/strong> oferece benef\u00edcios como:<\/p>\n\n\n\n<ul class=\"wp-block-list\">\n<li class=\"has-medium-font-size\">Vale-refei\u00e7\u00e3o;<\/li>\n\n\n\n<li class=\"has-medium-font-size\">Assist\u00eancia m\u00e9dica;<\/li>\n\n\n\n<li class=\"has-medium-font-size\">Descontos em cursos Senac;<\/li>\n\n\n\n<li class=\"has-medium-font-size\">Possibilidade de crescimento interno;<\/li>\n\n\n\n<li class=\"has-medium-font-size\">Ambiente din\u00e2mico e inovador.<\/li>\n<\/ul>\n\n\n\n<p class=\"has-medium-font-size\">Al\u00e9m disso, a institui\u00e7\u00e3o investe no crescimento profissional de seus colaboradores, pois promove capacita\u00e7\u00f5es e treinamentos para o aprimoramento de habilidades.<\/p>\n\n\n\n<h2 class=\"wp-block-heading\">O impacto do Senac no mercado<\/h2>\n\n\n\n<p class=\"has-medium-font-size\">O Senac \u00e9 amplamente reconhecido por sua atua\u00e7\u00e3o na educa\u00e7\u00e3o profissional no Brasil, pois forma profissionais qualificados em diversas \u00e1reas. Al\u00e9m disso, trabalhar na institui\u00e7\u00e3o significa integrar-se a um ambiente que, acima de tudo, valoriza o desenvolvimento humano e profissional.<\/p>\n\n\n\n<p class=\"has-medium-font-size\">O papel do Senac vai al\u00e9m da educa\u00e7\u00e3o, pois ele tamb\u00e9m colabora com o mercado de trabalho ao oferecer cursos alinhados \u00e0s demandas das empresas. Isso garante que os profissionais formados estejam preparados para os desafios reais das suas respectivas \u00e1reas.<\/p>\n\n\n\n<h2 class=\"wp-block-heading\">Como se inscrever na vaga de Agente de Neg\u00f3cios no Senac<\/h2>\n\n\n\n<p class=\"has-medium-font-size\">Se voc\u00ea busca uma carreira est\u00e1vel e desafiadora, ent\u00e3o essa pode ser a sua chance. Por isso, acesse o site do Senac-SC, confira os detalhes e, assim, garanta sua inscri\u00e7\u00e3o at\u00e9 05\/03\/2025!<\/p>\n\n\n\n<hr class=\"wp-block-separator has-alpha-channel-opacity\"\/>\n\n\n\n<p class=\"has-medium-font-size\"><a href=\"https:\/\/www.vagadeempregorj.com.br\/ar\/vagas-de-emprego-nacionais\/\">Benef\u00edcios do vale-alimenta\u00e7\u00e3o para trabalhadores<\/a><\/p>","protected":false},"excerpt":{"rendered":"<p>Senac abre vaga de Agente de Neg\u00f3cios com sal\u00e1rio atrativo O Senac est\u00e1 com uma vaga para Agente de Neg\u00f3cios em Blumenau, Santa Catarina. Al\u00e9m disso, com um sal\u00e1rio de R$ 3.689 e benef\u00edcios atrativos, essa \u00e9 uma excelente oportunidade para profissionais da \u00e1rea comercial. Processo seletivo e inscri\u00e7\u00e3o As inscri\u00e7\u00f5es est\u00e3o abertas at\u00e9 05&hellip;&nbsp;<\/p>","protected":false},"author":1,"featured_media":42891,"comment_status":"closed","ping_status":"closed","sticky":false,"template":"","format":"standard","meta":{"neve_meta_sidebar":"","neve_meta_container":"","neve_meta_enable_content_width":"","neve_meta_content_width":0,"neve_meta_title_alignment":"","neve_meta_author_avatar":"","neve_post_elements_order":"","neve_meta_disable_header":"","neve_meta_disable_footer":"","neve_meta_disable_title":"","footnotes":""},"categories":[123],"tags":[1086,1085,96,1035,1084],"class_list":["post-42890","post","type-post","status-publish","format-standard","has-post-thumbnail","hentry","category-vagas-de-emprego-nacionais","tag-agente-de-negocios","tag-carreira","tag-emprego","tag-senac","tag-vaga-de-trabalho"],"yoast_head":"<!-- This site is optimized with the Yoast SEO plugin v27.5 - https:\/\/yoast.com\/product\/yoast-seo-wordpress\/ -->\n<title>Senac tem vaga para Agente de Neg\u00f3cios com sal\u00e1rio de R$ 3.689 -<\/title>\n<meta name=\"description\" content=\"O Senac abre vaga de Agente de Neg\u00f3cios em Blumenau com sal\u00e1rio de R$ 3.689 e benef\u00edcios. Inscri\u00e7\u00f5es at\u00e9 05\/03. Saiba mais!\" \/>\n<meta name=\"robots\" content=\"index, follow, max-snippet:-1, max-image-preview:large, max-video-preview:-1\" \/>\n<link rel=\"canonical\" href=\"https:\/\/www.vagadeempregorj.com.br\/ar\/vaga-agente-de-negocios-senac\/\" \/>\n<meta property=\"og:locale\" content=\"ar_AR\" \/>\n<meta property=\"og:type\" content=\"article\" \/>\n<meta property=\"og:title\" content=\"Senac tem vaga para Agente de Neg\u00f3cios com sal\u00e1rio de R$ 3.689 -\" \/>\n<meta property=\"og:description\" content=\"O Senac abre vaga de Agente de Neg\u00f3cios em Blumenau com sal\u00e1rio de R$ 3.689 e benef\u00edcios. Inscri\u00e7\u00f5es at\u00e9 05\/03. Saiba mais!\" \/>\n<meta property=\"og:url\" content=\"https:\/\/www.vagadeempregorj.com.br\/ar\/vaga-agente-de-negocios-senac\/\" \/>\n<meta property=\"article:publisher\" content=\"https:\/\/www.facebook.com\/empregobrasiloficial\" \/>\n<meta property=\"article:published_time\" content=\"2025-02-28T12:42:22+00:00\" \/>\n<meta property=\"article:modified_time\" content=\"2025-02-28T12:42:24+00:00\" \/>\n<meta property=\"og:image\" content=\"https:\/\/www.vagadeempregorj.com.br\/wp-content\/uploads\/2025\/02\/home-1-6.png.webp\" \/>\n\t<meta property=\"og:image:width\" content=\"1280\" \/>\n\t<meta property=\"og:image:height\" content=\"720\" \/>\n\t<meta property=\"og:image:type\" content=\"image\/webp\" \/>\n<meta name=\"author\" content=\"Ana B.\" \/>\n<meta name=\"twitter:card\" content=\"summary_large_image\" \/>\n<meta name=\"twitter:label1\" content=\"Written by\" \/>\n\t<meta name=\"twitter:data1\" content=\"Ana B.\" \/>\n\t<meta name=\"twitter:label2\" content=\"Est. reading time\" \/>\n\t<meta name=\"twitter:data2\" content=\"\u062f\u0642\u064a\u0642\u062a\u0627\u0646\" \/>\n<script type=\"application\/ld+json\" class=\"yoast-schema-graph\">{\"@context\":\"https:\\\/\\\/schema.org\",\"@graph\":[{\"@type\":\"Article\",\"@id\":\"https:\\\/\\\/www.vagadeempregorj.com.br\\\/vaga-agente-de-negocios-senac\\\/#article\",\"isPartOf\":{\"@id\":\"https:\\\/\\\/www.vagadeempregorj.com.br\\\/vaga-agente-de-negocios-senac\\\/\"},\"author\":{\"name\":\"Ana B.\",\"@id\":\"https:\\\/\\\/www.vagadeempregorj.com.br\\\/#\\\/schema\\\/person\\\/c0c38d5d765e86c3b7c8f12fb1ae6477\"},\"headline\":\"Senac tem vaga para Agente de Neg\u00f3cios com sal\u00e1rio de R$ 3.689\",\"datePublished\":\"2025-02-28T12:42:22+00:00\",\"dateModified\":\"2025-02-28T12:42:24+00:00\",\"mainEntityOfPage\":{\"@id\":\"https:\\\/\\\/www.vagadeempregorj.com.br\\\/vaga-agente-de-negocios-senac\\\/\"},\"wordCount\":483,\"image\":{\"@id\":\"https:\\\/\\\/www.vagadeempregorj.com.br\\\/vaga-agente-de-negocios-senac\\\/#primaryimage\"},\"thumbnailUrl\":\"https:\\\/\\\/www.vagadeempregorj.com.br\\\/wp-content\\\/uploads\\\/2025\\\/02\\\/home-1-6.png.webp\",\"keywords\":[\"agente de neg\u00f3cios\",\"carreira\",\"emprego\",\"Senac\",\"vaga de trabalho\"],\"articleSection\":[\"Vagas de Emprego Nacionais\"],\"inLanguage\":\"ar\"},{\"@type\":\"WebPage\",\"@id\":\"https:\\\/\\\/www.vagadeempregorj.com.br\\\/vaga-agente-de-negocios-senac\\\/\",\"url\":\"https:\\\/\\\/www.vagadeempregorj.com.br\\\/vaga-agente-de-negocios-senac\\\/\",\"name\":\"Senac tem vaga para Agente de Neg\u00f3cios com sal\u00e1rio de R$ 3.689 -\",\"isPartOf\":{\"@id\":\"https:\\\/\\\/www.vagadeempregorj.com.br\\\/#website\"},\"primaryImageOfPage\":{\"@id\":\"https:\\\/\\\/www.vagadeempregorj.com.br\\\/vaga-agente-de-negocios-senac\\\/#primaryimage\"},\"image\":{\"@id\":\"https:\\\/\\\/www.vagadeempregorj.com.br\\\/vaga-agente-de-negocios-senac\\\/#primaryimage\"},\"thumbnailUrl\":\"https:\\\/\\\/www.vagadeempregorj.com.br\\\/wp-content\\\/uploads\\\/2025\\\/02\\\/home-1-6.png.webp\",\"datePublished\":\"2025-02-28T12:42:22+00:00\",\"dateModified\":\"2025-02-28T12:42:24+00:00\",\"author\":{\"@id\":\"https:\\\/\\\/www.vagadeempregorj.com.br\\\/#\\\/schema\\\/person\\\/c0c38d5d765e86c3b7c8f12fb1ae6477\"},\"description\":\"O Senac abre vaga de Agente de Neg\u00f3cios em Blumenau com sal\u00e1rio de R$ 3.689 e benef\u00edcios. Inscri\u00e7\u00f5es at\u00e9 05\\\/03. Saiba mais!\",\"breadcrumb\":{\"@id\":\"https:\\\/\\\/www.vagadeempregorj.com.br\\\/vaga-agente-de-negocios-senac\\\/#breadcrumb\"},\"inLanguage\":\"ar\",\"potentialAction\":[{\"@type\":\"ReadAction\",\"target\":[\"https:\\\/\\\/www.vagadeempregorj.com.br\\\/vaga-agente-de-negocios-senac\\\/\"]}]},{\"@type\":\"ImageObject\",\"inLanguage\":\"ar\",\"@id\":\"https:\\\/\\\/www.vagadeempregorj.com.br\\\/vaga-agente-de-negocios-senac\\\/#primaryimage\",\"url\":\"https:\\\/\\\/www.vagadeempregorj.com.br\\\/wp-content\\\/uploads\\\/2025\\\/02\\\/home-1-6.png.webp\",\"contentUrl\":\"https:\\\/\\\/www.vagadeempregorj.com.br\\\/wp-content\\\/uploads\\\/2025\\\/02\\\/home-1-6.png.webp\",\"width\":1280,\"height\":720,\"caption\":\"Vaga de Agente de Neg\u00f3cios no Senac\"},{\"@type\":\"BreadcrumbList\",\"@id\":\"https:\\\/\\\/www.vagadeempregorj.com.br\\\/vaga-agente-de-negocios-senac\\\/#breadcrumb\",\"itemListElement\":[{\"@type\":\"ListItem\",\"position\":1,\"name\":\"In\u00edcio\",\"item\":\"https:\\\/\\\/www.vagadeempregorj.com.br\\\/\"},{\"@type\":\"ListItem\",\"position\":2,\"name\":\"Vagas de Emprego Nacionais\",\"item\":\"https:\\\/\\\/www.vagadeempregorj.com.br\\\/vagas-de-emprego-nacionais\\\/\"},{\"@type\":\"ListItem\",\"position\":3,\"name\":\"Senac tem vaga para Agente de Neg\u00f3cios com sal\u00e1rio de R$ 3.689\"}]},{\"@type\":\"WebSite\",\"@id\":\"https:\\\/\\\/www.vagadeempregorj.com.br\\\/#website\",\"url\":\"https:\\\/\\\/www.vagadeempregorj.com.br\\\/\",\"name\":\"\",\"description\":\"Conquiste Sonhos: Vagas, Benef\u00edcios e Economia para Transformar Vidas e Alcan\u00e7ar Melhorias Cotidianas\",\"potentialAction\":[{\"@type\":\"SearchAction\",\"target\":{\"@type\":\"EntryPoint\",\"urlTemplate\":\"https:\\\/\\\/www.vagadeempregorj.com.br\\\/?s={search_term_string}\"},\"query-input\":{\"@type\":\"PropertyValueSpecification\",\"valueRequired\":true,\"valueName\":\"search_term_string\"}}],\"inLanguage\":\"ar\"},{\"@type\":\"Person\",\"@id\":\"https:\\\/\\\/www.vagadeempregorj.com.br\\\/#\\\/schema\\\/person\\\/c0c38d5d765e86c3b7c8f12fb1ae6477\",\"name\":\"Ana B.\",\"image\":{\"@type\":\"ImageObject\",\"inLanguage\":\"ar\",\"@id\":\"https:\\\/\\\/secure.gravatar.com\\\/avatar\\\/f5efa58599e07f8dd92f26c7cfbc442fd115582bc681245452e503c2ef2334f3?s=96&r=g\",\"url\":\"https:\\\/\\\/secure.gravatar.com\\\/avatar\\\/f5efa58599e07f8dd92f26c7cfbc442fd115582bc681245452e503c2ef2334f3?s=96&r=g\",\"contentUrl\":\"https:\\\/\\\/secure.gravatar.com\\\/avatar\\\/f5efa58599e07f8dd92f26c7cfbc442fd115582bc681245452e503c2ef2334f3?s=96&r=g\",\"caption\":\"Ana B.\"},\"description\":\"Meu nome \u00e9 Ana e sou apaixonada em escrever. Dedico meu tempo escrevendo not\u00edcias e vagas de emprego diariamente no portal Vaga de Emprego RJ.\",\"url\":\"https:\\\/\\\/www.vagadeempregorj.com.br\\\/ar\\\/author\\\/vgrj\\\/\"}]}<\/script>\n<!-- \/ Yoast SEO plugin. -->","yoast_head_json":{"title":"Senac tem vaga para Agente de Neg\u00f3cios com sal\u00e1rio de R$ 3.689 -","description":"O Senac abre vaga de Agente de Neg\u00f3cios em Blumenau com sal\u00e1rio de R$ 3.689 e benef\u00edcios. Inscri\u00e7\u00f5es at\u00e9 05\/03. Saiba mais!","robots":{"index":"index","follow":"follow","max-snippet":"max-snippet:-1","max-image-preview":"max-image-preview:large","max-video-preview":"max-video-preview:-1"},"canonical":"https:\/\/www.vagadeempregorj.com.br\/ar\/vaga-agente-de-negocios-senac\/","og_locale":"ar_AR","og_type":"article","og_title":"Senac tem vaga para Agente de Neg\u00f3cios com sal\u00e1rio de R$ 3.689 -","og_description":"O Senac abre vaga de Agente de Neg\u00f3cios em Blumenau com sal\u00e1rio de R$ 3.689 e benef\u00edcios. Inscri\u00e7\u00f5es at\u00e9 05\/03. Saiba mais!","og_url":"https:\/\/www.vagadeempregorj.com.br\/ar\/vaga-agente-de-negocios-senac\/","article_publisher":"https:\/\/www.facebook.com\/empregobrasiloficial","article_published_time":"2025-02-28T12:42:22+00:00","article_modified_time":"2025-02-28T12:42:24+00:00","og_image":[{"width":1280,"height":720,"url":"https:\/\/www.vagadeempregorj.com.br\/wp-content\/uploads\/2025\/02\/home-1-6.png.webp","type":"image\/webp"}],"author":"Ana B.","twitter_card":"summary_large_image","twitter_misc":{"Written by":"Ana B.","Est. reading time":"\u062f\u0642\u064a\u0642\u062a\u0627\u0646"},"schema":{"@context":"https:\/\/schema.org","@graph":[{"@type":"Article","@id":"https:\/\/www.vagadeempregorj.com.br\/vaga-agente-de-negocios-senac\/#article","isPartOf":{"@id":"https:\/\/www.vagadeempregorj.com.br\/vaga-agente-de-negocios-senac\/"},"author":{"name":"Ana B.","@id":"https:\/\/www.vagadeempregorj.com.br\/#\/schema\/person\/c0c38d5d765e86c3b7c8f12fb1ae6477"},"headline":"Senac tem vaga para Agente de Neg\u00f3cios com sal\u00e1rio de R$ 3.689","datePublished":"2025-02-28T12:42:22+00:00","dateModified":"2025-02-28T12:42:24+00:00","mainEntityOfPage":{"@id":"https:\/\/www.vagadeempregorj.com.br\/vaga-agente-de-negocios-senac\/"},"wordCount":483,"image":{"@id":"https:\/\/www.vagadeempregorj.com.br\/vaga-agente-de-negocios-senac\/#primaryimage"},"thumbnailUrl":"https:\/\/www.vagadeempregorj.com.br\/wp-content\/uploads\/2025\/02\/home-1-6.png.webp","keywords":["agente de neg\u00f3cios","carreira","emprego","Senac","vaga de trabalho"],"articleSection":["Vagas de Emprego Nacionais"],"inLanguage":"ar"},{"@type":"WebPage","@id":"https:\/\/www.vagadeempregorj.com.br\/vaga-agente-de-negocios-senac\/","url":"https:\/\/www.vagadeempregorj.com.br\/vaga-agente-de-negocios-senac\/","name":"Senac tem vaga para Agente de Neg\u00f3cios com sal\u00e1rio de R$ 3.689 -","isPartOf":{"@id":"https:\/\/www.vagadeempregorj.com.br\/#website"},"primaryImageOfPage":{"@id":"https:\/\/www.vagadeempregorj.com.br\/vaga-agente-de-negocios-senac\/#primaryimage"},"image":{"@id":"https:\/\/www.vagadeempregorj.com.br\/vaga-agente-de-negocios-senac\/#primaryimage"},"thumbnailUrl":"https:\/\/www.vagadeempregorj.com.br\/wp-content\/uploads\/2025\/02\/home-1-6.png.webp","datePublished":"2025-02-28T12:42:22+00:00","dateModified":"2025-02-28T12:42:24+00:00","author":{"@id":"https:\/\/www.vagadeempregorj.com.br\/#\/schema\/person\/c0c38d5d765e86c3b7c8f12fb1ae6477"},"description":"O Senac abre vaga de Agente de Neg\u00f3cios em Blumenau com sal\u00e1rio de R$ 3.689 e benef\u00edcios. Inscri\u00e7\u00f5es at\u00e9 05\/03. Saiba mais!","breadcrumb":{"@id":"https:\/\/www.vagadeempregorj.com.br\/vaga-agente-de-negocios-senac\/#breadcrumb"},"inLanguage":"ar","potentialAction":[{"@type":"ReadAction","target":["https:\/\/www.vagadeempregorj.com.br\/vaga-agente-de-negocios-senac\/"]}]},{"@type":"ImageObject","inLanguage":"ar","@id":"https:\/\/www.vagadeempregorj.com.br\/vaga-agente-de-negocios-senac\/#primaryimage","url":"https:\/\/www.vagadeempregorj.com.br\/wp-content\/uploads\/2025\/02\/home-1-6.png.webp","contentUrl":"https:\/\/www.vagadeempregorj.com.br\/wp-content\/uploads\/2025\/02\/home-1-6.png.webp","width":1280,"height":720,"caption":"Vaga de Agente de Neg\u00f3cios no Senac"},{"@type":"BreadcrumbList","@id":"https:\/\/www.vagadeempregorj.com.br\/vaga-agente-de-negocios-senac\/#breadcrumb","itemListElement":[{"@type":"ListItem","position":1,"name":"In\u00edcio","item":"https:\/\/www.vagadeempregorj.com.br\/"},{"@type":"ListItem","position":2,"name":"Vagas de Emprego Nacionais","item":"https:\/\/www.vagadeempregorj.com.br\/vagas-de-emprego-nacionais\/"},{"@type":"ListItem","position":3,"name":"Senac tem vaga para Agente de Neg\u00f3cios com sal\u00e1rio de R$ 3.689"}]},{"@type":"WebSite","@id":"https:\/\/www.vagadeempregorj.com.br\/#website","url":"https:\/\/www.vagadeempregorj.com.br\/","name":"","description":"Conquiste Sonhos: Vagas, Benef\u00edcios e Economia para Transformar Vidas e Alcan\u00e7ar Melhorias Cotidianas","potentialAction":[{"@type":"SearchAction","target":{"@type":"EntryPoint","urlTemplate":"https:\/\/www.vagadeempregorj.com.br\/?s={search_term_string}"},"query-input":{"@type":"PropertyValueSpecification","valueRequired":true,"valueName":"search_term_string"}}],"inLanguage":"ar"},{"@type":"Person","@id":"https:\/\/www.vagadeempregorj.com.br\/#\/schema\/person\/c0c38d5d765e86c3b7c8f12fb1ae6477","name":"Ana B.","image":{"@type":"ImageObject","inLanguage":"ar","@id":"https:\/\/secure.gravatar.com\/avatar\/f5efa58599e07f8dd92f26c7cfbc442fd115582bc681245452e503c2ef2334f3?s=96&r=g","url":"https:\/\/secure.gravatar.com\/avatar\/f5efa58599e07f8dd92f26c7cfbc442fd115582bc681245452e503c2ef2334f3?s=96&r=g","contentUrl":"https:\/\/secure.gravatar.com\/avatar\/f5efa58599e07f8dd92f26c7cfbc442fd115582bc681245452e503c2ef2334f3?s=96&r=g","caption":"Ana B."},"description":"Meu nome \u00e9 Ana e sou apaixonada em escrever. Dedico meu tempo escrevendo not\u00edcias e vagas de emprego diariamente no portal Vaga de Emprego RJ.","url":"https:\/\/www.vagadeempregorj.com.br\/ar\/author\/vgrj\/"}]}},"_links":{"self":[{"href":"https:\/\/www.vagadeempregorj.com.br\/ar\/wp-json\/wp\/v2\/posts\/42890","targetHints":{"allow":["GET"]}}],"collection":[{"href":"https:\/\/www.vagadeempregorj.com.br\/ar\/wp-json\/wp\/v2\/posts"}],"about":[{"href":"https:\/\/www.vagadeempregorj.com.br\/ar\/wp-json\/wp\/v2\/types\/post"}],"author":[{"embeddable":true,"href":"https:\/\/www.vagadeempregorj.com.br\/ar\/wp-json\/wp\/v2\/users\/1"}],"replies":[{"embeddable":true,"href":"https:\/\/www.vagadeempregorj.com.br\/ar\/wp-json\/wp\/v2\/comments?post=42890"}],"version-history":[{"count":0,"href":"https:\/\/www.vagadeempregorj.com.br\/ar\/wp-json\/wp\/v2\/posts\/42890\/revisions"}],"wp:featuredmedia":[{"embeddable":true,"href":"https:\/\/www.vagadeempregorj.com.br\/ar\/wp-json\/wp\/v2\/media\/42891"}],"wp:attachment":[{"href":"https:\/\/www.vagadeempregorj.com.br\/ar\/wp-json\/wp\/v2\/media?parent=42890"}],"wp:term":[{"taxonomy":"category","embeddable":true,"href":"https:\/\/www.vagadeempregorj.com.br\/ar\/wp-json\/wp\/v2\/categories?post=42890"},{"taxonomy":"post_tag","embeddable":true,"href":"https:\/\/www.vagadeempregorj.com.br\/ar\/wp-json\/wp\/v2\/tags?post=42890"}],"curies":[{"name":"wp","href":"https:\/\/api.w.org\/{rel}","templated":true}]}}