{"id":43145,"date":"2025-04-30T06:00:00","date_gmt":"2025-04-30T09:00:00","guid":{"rendered":"https:\/\/www.vagadeempregorj.com.br\/?p=43145"},"modified":"2025-06-15T14:30:30","modified_gmt":"2025-06-15T17:30:30","slug":"a-resposta-certa-para-a-pergunta-qual-seu-maior-defeito-pode-mudar-tudo","status":"publish","type":"post","link":"https:\/\/www.vagadeempregorj.com.br\/ar\/a-resposta-certa-para-a-pergunta-qual-seu-maior-defeito-pode-mudar-tudo\/","title":{"rendered":"A resposta certa para a pergunta \u2018Qual seu maior defeito?\u2019 pode mudar tudo"},"content":{"rendered":"<p>Em toda entrevista de emprego, tem aquela pergunta cl\u00e1ssica que d\u00e1 um frio na barriga s\u00f3 de pensar:<br><strong>&#8220;Qual \u00e9 o seu maior defeito?&#8221;<\/strong><\/p>\n\n\n\n<p>Pode parecer uma armadilha \u2014 e, em parte, \u00e9 mesmo. Mas, com a resposta certa, essa pergunta pode virar <strong>a sua melhor aliada na hora de conquistar a vaga.<\/strong><\/p>\n\n\n\n<p>Neste post, vamos te mostrar por que essa pergunta existe, o que os recrutadores querem ouvir e, principalmente, <strong>como responder de forma inteligente e aut\u00eantica.<\/strong> Spoiler: fugir da resposta ou tentar parecer perfeito n\u00e3o funciona.<\/p>\n\n\n\n<figure class=\"wp-block-image size-large\"><img loading=\"lazy\" decoding=\"async\" width=\"1024\" height=\"683\" src=\"https:\/\/www.vagadeempregorj.com.br\/wp-content\/uploads\/2025\/04\/entrevista_emprego-1024x683.webp\" alt=\"\" class=\"wp-image-43168\" srcset=\"https:\/\/www.vagadeempregorj.com.br\/wp-content\/uploads\/2025\/04\/entrevista_emprego-1024x683.webp 1024w, https:\/\/www.vagadeempregorj.com.br\/wp-content\/uploads\/2025\/04\/entrevista_emprego-300x200.webp 300w, https:\/\/www.vagadeempregorj.com.br\/wp-content\/uploads\/2025\/04\/entrevista_emprego-768x512.webp 768w, https:\/\/www.vagadeempregorj.com.br\/wp-content\/uploads\/2025\/04\/entrevista_emprego-150x100.webp 150w, https:\/\/www.vagadeempregorj.com.br\/wp-content\/uploads\/2025\/04\/entrevista_emprego.webp 1536w\" sizes=\"auto, (max-width: 1024px) 100vw, 1024px\" \/><\/figure>\n\n\n\n<h2 class=\"wp-block-heading\">Por que essa pergunta ainda \u00e9 feita em entrevistas?<\/h2>\n\n\n\n<p>A pergunta sobre defeitos \u00e9 uma das mais antigas do mundo corporativo, e continua sendo usada por um motivo muito simples: <strong>ela revela mais sobre a sua postura do que sobre o defeito em si.<\/strong><\/p>\n\n\n\n<p>O que o recrutador quer avaliar com essa pergunta:<\/p>\n\n\n\n<ul class=\"wp-block-list\">\n<li>Seu n\u00edvel de autoconhecimento<\/li>\n\n\n\n<li>Sua sinceridade e maturidade<\/li>\n\n\n\n<li>Sua capacidade de aprender com erros<\/li>\n\n\n\n<li>Como voc\u00ea lida com fraquezas no ambiente de trabalho<\/li>\n<\/ul>\n\n\n\n<p>N\u00e3o se trata de listar tudo o que voc\u00ea acha ruim em voc\u00ea. Trata-se de mostrar que <strong>voc\u00ea \u00e9 humano, consciente de suas limita\u00e7\u00f5es e capaz de evoluir.<\/strong><\/p>\n\n\n\n<h2 class=\"wp-block-heading\">O que voc\u00ea <strong>n\u00e3o deve<\/strong> responder<\/h2>\n\n\n\n<p>Antes de tudo, vamos eliminar as respostas clich\u00eas, for\u00e7adas ou que parecem boas demais para serem verdade:<\/p>\n\n\n\n<ul class=\"wp-block-list\">\n<li>\u201cSou perfeccionista demais.\u201d<\/li>\n\n\n\n<li>\u201cTrabalho demais e esque\u00e7o da vida pessoal.\u201d<\/li>\n\n\n\n<li>\u201cSou muito exigente comigo.\u201d<\/li>\n\n\n\n<li>\u201cN\u00e3o tenho defeitos.\u201d<\/li>\n\n\n\n<li>\u201cEssa pergunta \u00e9 dif\u00edcil, nunca pensei nisso.\u201d<\/li>\n<\/ul>\n\n\n\n<p>Essas respostas s\u00e3o vistas como evasivas ou ensaiadas. <strong>O recrutador j\u00e1 ouviu isso dezenas de vezes e provavelmente vai revirar os olhos por dentro.<\/strong><\/p>\n\n\n\n<p>Ser honesto \u00e9 importante \u2014 mas ser estrat\u00e9gico \u00e9 ainda melhor.<\/p>\n\n\n\n<h2 class=\"wp-block-heading\">O que responder, ent\u00e3o?<\/h2>\n\n\n\n<p>A melhor forma de responder \u00e9 com <strong>um defeito real, mas que n\u00e3o comprometa a vaga em quest\u00e3o.<\/strong><br>Ou seja, algo que voc\u00ea est\u00e1 ciente, j\u00e1 trabalhou (ou est\u00e1 trabalhando) para melhorar, e que pode at\u00e9 ter um lado positivo dependendo do contexto.<\/p>\n\n\n\n<p>A estrutura ideal da resposta tem 3 partes:<\/p>\n\n\n\n<ol class=\"wp-block-list\">\n<li><strong>Nome do defeito real (com leveza)<\/strong><\/li>\n\n\n\n<li><strong>Exemplo de como ele j\u00e1 te atrapalhou<\/strong><\/li>\n\n\n\n<li><strong>O que voc\u00ea fez (ou est\u00e1 fazendo) para melhorar isso<\/strong><\/li>\n<\/ol>\n\n\n\n<p>Com isso, voc\u00ea mostra vulnerabilidade, mas tamb\u00e9m intelig\u00eancia emocional e atitude.<\/p>\n\n\n\n<h2 class=\"wp-block-heading\">Exemplos prontos de boas respostas<\/h2>\n\n\n\n<p>Aqui v\u00e3o respostas prontas que voc\u00ea pode adaptar para a sua realidade:<\/p>\n\n\n\n<h3 class=\"wp-block-heading\">1# \u201cTenho dificuldade em delegar tarefas\u201d<\/h3>\n\n\n\n<p><em>&#8220;Eu tenho tend\u00eancia a querer fazer tudo sozinho para garantir que fique do meu jeito. Isso j\u00e1 me sobrecarregou em projetos anteriores. Mas com o tempo, fui aprendendo que confiar na equipe \u00e9 essencial, e tenho praticado mais delegar e dividir responsabilidades. Inclusive, j\u00e1 usei ferramentas de gest\u00e3o que me ajudaram muito com isso.&#8221;<\/em><\/p>\n\n\n\n<p><strong>Por que funciona?<\/strong><br>Mostra consci\u00eancia, esp\u00edrito de equipe e evolu\u00e7\u00e3o pessoal.<\/p>\n\n\n\n<h3 class=\"wp-block-heading\">2# \u201cSou muito ansioso com prazos\u201d<\/h3>\n\n\n\n<p><em>&#8220;Costumo ficar ansioso quando tenho entregas com datas pr\u00f3ximas, e isso \u00e0s vezes me fazia revisar tudo v\u00e1rias vezes e perder tempo. Hoje, tenho usado m\u00e9todos de organiza\u00e7\u00e3o como o Pomodoro e listas de prioridade, o que tem melhorado bastante meu foco e produtividade.&#8221;<\/em><\/p>\n\n\n\n<p><strong>Por que funciona?<\/strong><br>Mostra que voc\u00ea se importa com qualidade e busca solu\u00e7\u00f5es pr\u00e1ticas.<\/p>\n\n\n\n<h3 class=\"wp-block-heading\">3# \u201cTinha dificuldade em falar em p\u00fablico\u201d<\/h3>\n\n\n\n<p><em>&#8220;No in\u00edcio da minha carreira, eu evitava apresenta\u00e7\u00f5es e preferia reuni\u00f5es menores. Mas entendi que a comunica\u00e7\u00e3o \u00e9 essencial, ent\u00e3o fiz um curso de orat\u00f3ria e tenho me desafiado mais, inclusive assumindo apresenta\u00e7\u00f5es em grupo e liderando reuni\u00f5es com mais seguran\u00e7a.&#8221;<\/em><\/p>\n\n\n\n<p><strong>Por que funciona?<\/strong><br>Revela proatividade, evolu\u00e7\u00e3o e preparo para lideran\u00e7a.<\/p>\n\n\n\n<h3 class=\"wp-block-heading\">4# \u201cMe envolvo demais com os projetos\u201d<\/h3>\n\n\n\n<p><em>&#8220;Eu me envolvo emocionalmente com os projetos, o que pode ser bom, mas j\u00e1 me deixou frustrado quando algo n\u00e3o sa\u00eda como o esperado. Tenho aprendido a separar o lado pessoal do profissional e focar mais nos resultados e nos aprendizados do que na expectativa.&#8221;<\/em><\/p>\n\n\n\n<p><strong>Por que funciona?<\/strong><br>Demonstra comprometimento, mas com um toque de equil\u00edbrio emocional.<\/p>\n\n\n\n<h2 class=\"wp-block-heading\">Como adaptar a resposta \u00e0 vaga?<\/h2>\n\n\n\n<p>Pense no seguinte: <strong>n\u00e3o faz sentido dizer que seu defeito \u00e9 \u201cn\u00e3o gostar de rotina\u201d se voc\u00ea est\u00e1 se candidatando para uma vaga de assistente administrativo.<\/strong> Isso pode te eliminar imediatamente.<\/p>\n\n\n\n<p>Da mesma forma, se o cargo exige lideran\u00e7a, evite dizer que tem dificuldade em lidar com pessoas. Mesmo que seja verdade, <strong>voc\u00ea pode reformular dizendo que est\u00e1 desenvolvendo melhor sua escuta ativa ou sua comunica\u00e7\u00e3o interpessoal.<\/strong><\/p>\n\n\n\n<p><strong>A chave \u00e9 adaptar sem mentir.<\/strong><\/p>\n\n\n\n<h2 class=\"wp-block-heading\">E se eu nunca pensei nisso?<\/h2>\n\n\n\n<p>Tudo bem. N\u00e3o \u00e9 um problema nunca ter parado para pensar nos seus defeitos profissionais \u2014 mas essa \u00e9 a hora de come\u00e7ar.<\/p>\n\n\n\n<p>Fa\u00e7a um exerc\u00edcio simples:<\/p>\n\n\n\n<ol class=\"wp-block-list\">\n<li>Pense em situa\u00e7\u00f5es de trabalho em que voc\u00ea se sentiu desconfort\u00e1vel<\/li>\n\n\n\n<li>Tente identificar o que voc\u00ea poderia ter feito melhor<\/li>\n\n\n\n<li>Reflita sobre feedbacks que j\u00e1 recebeu (de chefes, colegas ou professores)<\/li>\n\n\n\n<li>Escolha um ponto real, mas que seja poss\u00edvel melhorar \u2014 e j\u00e1 pense no que voc\u00ea fez ou pode fazer para evoluir<\/li>\n<\/ol>\n\n\n\n<p><strong>Voc\u00ea n\u00e3o precisa ter superado o defeito por completo. O importante \u00e9 mostrar que est\u00e1 consciente e em processo.<\/strong><\/p>\n\n\n\n<h2 class=\"wp-block-heading\">A resposta certa pode mudar tudo<\/h2>\n\n\n\n<p>Quando o recrutador te pergunta \u201cqual o seu maior defeito?\u201d, ele <strong>n\u00e3o est\u00e1 esperando que voc\u00ea se autodeprecie ou tente se passar por perfeito.<\/strong> Ele quer ver se voc\u00ea \u00e9 maduro o suficiente para reconhecer suas limita\u00e7\u00f5es \u2014 e se \u00e9 inteligente o bastante para saber como super\u00e1-las.<\/p>\n\n\n\n<p>Responder com autenticidade, equil\u00edbrio e estrat\u00e9gia pode <strong>transformar uma pergunta temida em uma das partes mais fortes da sua entrevista.<\/strong><\/p>\n\n\n\n<p><strong>Veja tamb\u00e9m: <a href=\"https:\/\/www.vagadeempregorj.com.br\/ar\/raizen-476-vagas-de-emprego-abertas-pelo-pais\/\">Ra\u00edzen: 476 vagas de emprego abertas pelo pa\u00eds<\/a><\/strong><\/p>\n\n\n\n<p>30 de abril de 2025<\/p>","protected":false},"excerpt":{"rendered":"<p>Em toda entrevista de emprego, tem aquela pergunta cl\u00e1ssica que d\u00e1 um frio na barriga s\u00f3 de pensar:&#8220;Qual \u00e9 o seu maior defeito?&#8221; Pode parecer uma armadilha \u2014 e, em parte, \u00e9 mesmo. Mas, com a resposta certa, essa pergunta pode virar a sua melhor aliada na hora de conquistar a vaga. Neste post, vamos&hellip;&nbsp;<\/p>","protected":false},"author":16,"featured_media":43168,"comment_status":"closed","ping_status":"closed","sticky":false,"template":"","format":"standard","meta":{"neve_meta_sidebar":"","neve_meta_container":"","neve_meta_enable_content_width":"","neve_meta_content_width":0,"neve_meta_title_alignment":"","neve_meta_author_avatar":"","neve_post_elements_order":"","neve_meta_disable_header":"","neve_meta_disable_footer":"","neve_meta_disable_title":"","footnotes":""},"categories":[123],"tags":[],"class_list":["post-43145","post","type-post","status-publish","format-standard","has-post-thumbnail","hentry","category-vagas-de-emprego-nacionais"],"yoast_head":"<!-- This site is optimized with the Yoast SEO plugin v27.5 - https:\/\/yoast.com\/product\/yoast-seo-wordpress\/ -->\n<title>A resposta certa para a pergunta \u2018Qual seu maior defeito?\u2019 pode mudar tudo -<\/title>\n<meta name=\"description\" content=\"Veja em Vagas de Emprego RJ as vagas de emprego com e sem experi\u00eancia no seu Estado e Regi\u00e3o!\" \/>\n<meta name=\"robots\" content=\"index, follow, max-snippet:-1, max-image-preview:large, max-video-preview:-1\" \/>\n<link rel=\"canonical\" href=\"https:\/\/www.vagadeempregorj.com.br\/ar\/a-resposta-certa-para-a-pergunta-qual-seu-maior-defeito-pode-mudar-tudo\/\" \/>\n<meta property=\"og:locale\" content=\"ar_AR\" \/>\n<meta property=\"og:type\" content=\"article\" \/>\n<meta property=\"og:title\" content=\"A resposta certa para a pergunta \u2018Qual seu maior defeito?\u2019 pode mudar tudo -\" \/>\n<meta property=\"og:description\" content=\"Veja em Vagas de Emprego RJ as vagas de emprego com e sem experi\u00eancia no seu Estado e Regi\u00e3o!\" \/>\n<meta property=\"og:url\" content=\"https:\/\/www.vagadeempregorj.com.br\/ar\/a-resposta-certa-para-a-pergunta-qual-seu-maior-defeito-pode-mudar-tudo\/\" \/>\n<meta property=\"article:publisher\" content=\"https:\/\/www.facebook.com\/empregobrasiloficial\" \/>\n<meta property=\"article:published_time\" content=\"2025-04-30T09:00:00+00:00\" \/>\n<meta property=\"article:modified_time\" content=\"2025-06-15T17:30:30+00:00\" \/>\n<meta property=\"og:image\" content=\"https:\/\/www.vagadeempregorj.com.br\/wp-content\/uploads\/2025\/04\/entrevista_emprego.webp\" \/>\n\t<meta property=\"og:image:width\" content=\"1536\" \/>\n\t<meta property=\"og:image:height\" content=\"1024\" \/>\n\t<meta property=\"og:image:type\" content=\"image\/webp\" \/>\n<meta name=\"author\" content=\"Michele\" \/>\n<meta name=\"twitter:card\" content=\"summary_large_image\" \/>\n<meta name=\"twitter:label1\" content=\"Written by\" \/>\n\t<meta name=\"twitter:data1\" content=\"Michele\" \/>\n\t<meta name=\"twitter:label2\" content=\"Est. reading time\" \/>\n\t<meta name=\"twitter:data2\" content=\"5 \u062f\u0642\u0627\u0626\u0642\" \/>\n<script type=\"application\/ld+json\" class=\"yoast-schema-graph\">{\"@context\":\"https:\\\/\\\/schema.org\",\"@graph\":[{\"@type\":\"Article\",\"@id\":\"https:\\\/\\\/www.vagadeempregorj.com.br\\\/a-resposta-certa-para-a-pergunta-qual-seu-maior-defeito-pode-mudar-tudo\\\/#article\",\"isPartOf\":{\"@id\":\"https:\\\/\\\/www.vagadeempregorj.com.br\\\/a-resposta-certa-para-a-pergunta-qual-seu-maior-defeito-pode-mudar-tudo\\\/\"},\"author\":{\"name\":\"Michele\",\"@id\":\"https:\\\/\\\/www.vagadeempregorj.com.br\\\/#\\\/schema\\\/person\\\/3ddb19fa0539706786e502152f3aae95\"},\"headline\":\"A resposta certa para a pergunta \u2018Qual seu maior defeito?\u2019 pode mudar tudo\",\"datePublished\":\"2025-04-30T09:00:00+00:00\",\"dateModified\":\"2025-06-15T17:30:30+00:00\",\"mainEntityOfPage\":{\"@id\":\"https:\\\/\\\/www.vagadeempregorj.com.br\\\/a-resposta-certa-para-a-pergunta-qual-seu-maior-defeito-pode-mudar-tudo\\\/\"},\"wordCount\":957,\"image\":{\"@id\":\"https:\\\/\\\/www.vagadeempregorj.com.br\\\/a-resposta-certa-para-a-pergunta-qual-seu-maior-defeito-pode-mudar-tudo\\\/#primaryimage\"},\"thumbnailUrl\":\"https:\\\/\\\/www.vagadeempregorj.com.br\\\/wp-content\\\/uploads\\\/2025\\\/04\\\/entrevista_emprego.webp\",\"articleSection\":[\"Vagas de Emprego Nacionais\"],\"inLanguage\":\"ar\"},{\"@type\":\"WebPage\",\"@id\":\"https:\\\/\\\/www.vagadeempregorj.com.br\\\/a-resposta-certa-para-a-pergunta-qual-seu-maior-defeito-pode-mudar-tudo\\\/\",\"url\":\"https:\\\/\\\/www.vagadeempregorj.com.br\\\/a-resposta-certa-para-a-pergunta-qual-seu-maior-defeito-pode-mudar-tudo\\\/\",\"name\":\"A resposta certa para a pergunta \u2018Qual seu maior defeito?\u2019 pode mudar tudo -\",\"isPartOf\":{\"@id\":\"https:\\\/\\\/www.vagadeempregorj.com.br\\\/#website\"},\"primaryImageOfPage\":{\"@id\":\"https:\\\/\\\/www.vagadeempregorj.com.br\\\/a-resposta-certa-para-a-pergunta-qual-seu-maior-defeito-pode-mudar-tudo\\\/#primaryimage\"},\"image\":{\"@id\":\"https:\\\/\\\/www.vagadeempregorj.com.br\\\/a-resposta-certa-para-a-pergunta-qual-seu-maior-defeito-pode-mudar-tudo\\\/#primaryimage\"},\"thumbnailUrl\":\"https:\\\/\\\/www.vagadeempregorj.com.br\\\/wp-content\\\/uploads\\\/2025\\\/04\\\/entrevista_emprego.webp\",\"datePublished\":\"2025-04-30T09:00:00+00:00\",\"dateModified\":\"2025-06-15T17:30:30+00:00\",\"author\":{\"@id\":\"https:\\\/\\\/www.vagadeempregorj.com.br\\\/#\\\/schema\\\/person\\\/3ddb19fa0539706786e502152f3aae95\"},\"description\":\"Veja em Vagas de Emprego RJ as vagas de emprego com e sem experi\u00eancia no seu Estado e Regi\u00e3o!\",\"breadcrumb\":{\"@id\":\"https:\\\/\\\/www.vagadeempregorj.com.br\\\/a-resposta-certa-para-a-pergunta-qual-seu-maior-defeito-pode-mudar-tudo\\\/#breadcrumb\"},\"inLanguage\":\"ar\",\"potentialAction\":[{\"@type\":\"ReadAction\",\"target\":[\"https:\\\/\\\/www.vagadeempregorj.com.br\\\/a-resposta-certa-para-a-pergunta-qual-seu-maior-defeito-pode-mudar-tudo\\\/\"]}]},{\"@type\":\"ImageObject\",\"inLanguage\":\"ar\",\"@id\":\"https:\\\/\\\/www.vagadeempregorj.com.br\\\/a-resposta-certa-para-a-pergunta-qual-seu-maior-defeito-pode-mudar-tudo\\\/#primaryimage\",\"url\":\"https:\\\/\\\/www.vagadeempregorj.com.br\\\/wp-content\\\/uploads\\\/2025\\\/04\\\/entrevista_emprego.webp\",\"contentUrl\":\"https:\\\/\\\/www.vagadeempregorj.com.br\\\/wp-content\\\/uploads\\\/2025\\\/04\\\/entrevista_emprego.webp\",\"width\":1536,\"height\":1024},{\"@type\":\"BreadcrumbList\",\"@id\":\"https:\\\/\\\/www.vagadeempregorj.com.br\\\/a-resposta-certa-para-a-pergunta-qual-seu-maior-defeito-pode-mudar-tudo\\\/#breadcrumb\",\"itemListElement\":[{\"@type\":\"ListItem\",\"position\":1,\"name\":\"In\u00edcio\",\"item\":\"https:\\\/\\\/www.vagadeempregorj.com.br\\\/\"},{\"@type\":\"ListItem\",\"position\":2,\"name\":\"A resposta certa para a pergunta \u2018Qual seu maior defeito?\u2019 pode mudar tudo\"}]},{\"@type\":\"WebSite\",\"@id\":\"https:\\\/\\\/www.vagadeempregorj.com.br\\\/#website\",\"url\":\"https:\\\/\\\/www.vagadeempregorj.com.br\\\/\",\"name\":\"\",\"description\":\"Conquiste Sonhos: Vagas, Benef\u00edcios e Economia para Transformar Vidas e Alcan\u00e7ar Melhorias Cotidianas\",\"potentialAction\":[{\"@type\":\"SearchAction\",\"target\":{\"@type\":\"EntryPoint\",\"urlTemplate\":\"https:\\\/\\\/www.vagadeempregorj.com.br\\\/?s={search_term_string}\"},\"query-input\":{\"@type\":\"PropertyValueSpecification\",\"valueRequired\":true,\"valueName\":\"search_term_string\"}}],\"inLanguage\":\"ar\"},{\"@type\":\"Person\",\"@id\":\"https:\\\/\\\/www.vagadeempregorj.com.br\\\/#\\\/schema\\\/person\\\/3ddb19fa0539706786e502152f3aae95\",\"name\":\"Michele\",\"image\":{\"@type\":\"ImageObject\",\"inLanguage\":\"ar\",\"@id\":\"https:\\\/\\\/secure.gravatar.com\\\/avatar\\\/6b0eb9d22841282815e2cd856a0061c45e1761cd54b22e952d98c4746939aa85?s=96&r=g\",\"url\":\"https:\\\/\\\/secure.gravatar.com\\\/avatar\\\/6b0eb9d22841282815e2cd856a0061c45e1761cd54b22e952d98c4746939aa85?s=96&r=g\",\"contentUrl\":\"https:\\\/\\\/secure.gravatar.com\\\/avatar\\\/6b0eb9d22841282815e2cd856a0061c45e1761cd54b22e952d98c4746939aa85?s=96&r=g\",\"caption\":\"Michele\"},\"description\":\"Formada em Letras - Portugu\u00eas\\\/ Ingl\u00eas, e idealizadora do site Escritora de Sucesso, busca expandir o conhecimento de todos com informa\u00e7\u00f5es relevantes sobre diversos assuntos, enquanto redatora. No Vaga de Emprego RJ, traz oportunidades e dicas sobre o mercado de trabalho.\",\"url\":\"https:\\\/\\\/www.vagadeempregorj.com.br\\\/ar\\\/author\\\/michele\\\/\"}]}<\/script>\n<!-- \/ Yoast SEO plugin. -->","yoast_head_json":{"title":"A resposta certa para a pergunta \u2018Qual seu maior defeito?\u2019 pode mudar tudo -","description":"Veja em Vagas de Emprego RJ as vagas de emprego com e sem experi\u00eancia no seu Estado e Regi\u00e3o!","robots":{"index":"index","follow":"follow","max-snippet":"max-snippet:-1","max-image-preview":"max-image-preview:large","max-video-preview":"max-video-preview:-1"},"canonical":"https:\/\/www.vagadeempregorj.com.br\/ar\/a-resposta-certa-para-a-pergunta-qual-seu-maior-defeito-pode-mudar-tudo\/","og_locale":"ar_AR","og_type":"article","og_title":"A resposta certa para a pergunta \u2018Qual seu maior defeito?\u2019 pode mudar tudo -","og_description":"Veja em Vagas de Emprego RJ as vagas de emprego com e sem experi\u00eancia no seu Estado e Regi\u00e3o!","og_url":"https:\/\/www.vagadeempregorj.com.br\/ar\/a-resposta-certa-para-a-pergunta-qual-seu-maior-defeito-pode-mudar-tudo\/","article_publisher":"https:\/\/www.facebook.com\/empregobrasiloficial","article_published_time":"2025-04-30T09:00:00+00:00","article_modified_time":"2025-06-15T17:30:30+00:00","og_image":[{"width":1536,"height":1024,"url":"https:\/\/www.vagadeempregorj.com.br\/wp-content\/uploads\/2025\/04\/entrevista_emprego.webp","type":"image\/webp"}],"author":"Michele","twitter_card":"summary_large_image","twitter_misc":{"Written by":"Michele","Est. reading time":"5 \u062f\u0642\u0627\u0626\u0642"},"schema":{"@context":"https:\/\/schema.org","@graph":[{"@type":"Article","@id":"https:\/\/www.vagadeempregorj.com.br\/a-resposta-certa-para-a-pergunta-qual-seu-maior-defeito-pode-mudar-tudo\/#article","isPartOf":{"@id":"https:\/\/www.vagadeempregorj.com.br\/a-resposta-certa-para-a-pergunta-qual-seu-maior-defeito-pode-mudar-tudo\/"},"author":{"name":"Michele","@id":"https:\/\/www.vagadeempregorj.com.br\/#\/schema\/person\/3ddb19fa0539706786e502152f3aae95"},"headline":"A resposta certa para a pergunta \u2018Qual seu maior defeito?\u2019 pode mudar tudo","datePublished":"2025-04-30T09:00:00+00:00","dateModified":"2025-06-15T17:30:30+00:00","mainEntityOfPage":{"@id":"https:\/\/www.vagadeempregorj.com.br\/a-resposta-certa-para-a-pergunta-qual-seu-maior-defeito-pode-mudar-tudo\/"},"wordCount":957,"image":{"@id":"https:\/\/www.vagadeempregorj.com.br\/a-resposta-certa-para-a-pergunta-qual-seu-maior-defeito-pode-mudar-tudo\/#primaryimage"},"thumbnailUrl":"https:\/\/www.vagadeempregorj.com.br\/wp-content\/uploads\/2025\/04\/entrevista_emprego.webp","articleSection":["Vagas de Emprego Nacionais"],"inLanguage":"ar"},{"@type":"WebPage","@id":"https:\/\/www.vagadeempregorj.com.br\/a-resposta-certa-para-a-pergunta-qual-seu-maior-defeito-pode-mudar-tudo\/","url":"https:\/\/www.vagadeempregorj.com.br\/a-resposta-certa-para-a-pergunta-qual-seu-maior-defeito-pode-mudar-tudo\/","name":"A resposta certa para a pergunta \u2018Qual seu maior defeito?\u2019 pode mudar tudo -","isPartOf":{"@id":"https:\/\/www.vagadeempregorj.com.br\/#website"},"primaryImageOfPage":{"@id":"https:\/\/www.vagadeempregorj.com.br\/a-resposta-certa-para-a-pergunta-qual-seu-maior-defeito-pode-mudar-tudo\/#primaryimage"},"image":{"@id":"https:\/\/www.vagadeempregorj.com.br\/a-resposta-certa-para-a-pergunta-qual-seu-maior-defeito-pode-mudar-tudo\/#primaryimage"},"thumbnailUrl":"https:\/\/www.vagadeempregorj.com.br\/wp-content\/uploads\/2025\/04\/entrevista_emprego.webp","datePublished":"2025-04-30T09:00:00+00:00","dateModified":"2025-06-15T17:30:30+00:00","author":{"@id":"https:\/\/www.vagadeempregorj.com.br\/#\/schema\/person\/3ddb19fa0539706786e502152f3aae95"},"description":"Veja em Vagas de Emprego RJ as vagas de emprego com e sem experi\u00eancia no seu Estado e Regi\u00e3o!","breadcrumb":{"@id":"https:\/\/www.vagadeempregorj.com.br\/a-resposta-certa-para-a-pergunta-qual-seu-maior-defeito-pode-mudar-tudo\/#breadcrumb"},"inLanguage":"ar","potentialAction":[{"@type":"ReadAction","target":["https:\/\/www.vagadeempregorj.com.br\/a-resposta-certa-para-a-pergunta-qual-seu-maior-defeito-pode-mudar-tudo\/"]}]},{"@type":"ImageObject","inLanguage":"ar","@id":"https:\/\/www.vagadeempregorj.com.br\/a-resposta-certa-para-a-pergunta-qual-seu-maior-defeito-pode-mudar-tudo\/#primaryimage","url":"https:\/\/www.vagadeempregorj.com.br\/wp-content\/uploads\/2025\/04\/entrevista_emprego.webp","contentUrl":"https:\/\/www.vagadeempregorj.com.br\/wp-content\/uploads\/2025\/04\/entrevista_emprego.webp","width":1536,"height":1024},{"@type":"BreadcrumbList","@id":"https:\/\/www.vagadeempregorj.com.br\/a-resposta-certa-para-a-pergunta-qual-seu-maior-defeito-pode-mudar-tudo\/#breadcrumb","itemListElement":[{"@type":"ListItem","position":1,"name":"In\u00edcio","item":"https:\/\/www.vagadeempregorj.com.br\/"},{"@type":"ListItem","position":2,"name":"A resposta certa para a pergunta \u2018Qual seu maior defeito?\u2019 pode mudar tudo"}]},{"@type":"WebSite","@id":"https:\/\/www.vagadeempregorj.com.br\/#website","url":"https:\/\/www.vagadeempregorj.com.br\/","name":"","description":"Conquiste Sonhos: Vagas, Benef\u00edcios e Economia para Transformar Vidas e Alcan\u00e7ar Melhorias Cotidianas","potentialAction":[{"@type":"SearchAction","target":{"@type":"EntryPoint","urlTemplate":"https:\/\/www.vagadeempregorj.com.br\/?s={search_term_string}"},"query-input":{"@type":"PropertyValueSpecification","valueRequired":true,"valueName":"search_term_string"}}],"inLanguage":"ar"},{"@type":"Person","@id":"https:\/\/www.vagadeempregorj.com.br\/#\/schema\/person\/3ddb19fa0539706786e502152f3aae95","name":"Michele","image":{"@type":"ImageObject","inLanguage":"ar","@id":"https:\/\/secure.gravatar.com\/avatar\/6b0eb9d22841282815e2cd856a0061c45e1761cd54b22e952d98c4746939aa85?s=96&r=g","url":"https:\/\/secure.gravatar.com\/avatar\/6b0eb9d22841282815e2cd856a0061c45e1761cd54b22e952d98c4746939aa85?s=96&r=g","contentUrl":"https:\/\/secure.gravatar.com\/avatar\/6b0eb9d22841282815e2cd856a0061c45e1761cd54b22e952d98c4746939aa85?s=96&r=g","caption":"Michele"},"description":"Formada em Letras - Portugu\u00eas\/ Ingl\u00eas, e idealizadora do site Escritora de Sucesso, busca expandir o conhecimento de todos com informa\u00e7\u00f5es relevantes sobre diversos assuntos, enquanto redatora. No Vaga de Emprego RJ, traz oportunidades e dicas sobre o mercado de trabalho.","url":"https:\/\/www.vagadeempregorj.com.br\/ar\/author\/michele\/"}]}},"_links":{"self":[{"href":"https:\/\/www.vagadeempregorj.com.br\/ar\/wp-json\/wp\/v2\/posts\/43145","targetHints":{"allow":["GET"]}}],"collection":[{"href":"https:\/\/www.vagadeempregorj.com.br\/ar\/wp-json\/wp\/v2\/posts"}],"about":[{"href":"https:\/\/www.vagadeempregorj.com.br\/ar\/wp-json\/wp\/v2\/types\/post"}],"author":[{"embeddable":true,"href":"https:\/\/www.vagadeempregorj.com.br\/ar\/wp-json\/wp\/v2\/users\/16"}],"replies":[{"embeddable":true,"href":"https:\/\/www.vagadeempregorj.com.br\/ar\/wp-json\/wp\/v2\/comments?post=43145"}],"version-history":[{"count":1,"href":"https:\/\/www.vagadeempregorj.com.br\/ar\/wp-json\/wp\/v2\/posts\/43145\/revisions"}],"predecessor-version":[{"id":43334,"href":"https:\/\/www.vagadeempregorj.com.br\/ar\/wp-json\/wp\/v2\/posts\/43145\/revisions\/43334"}],"wp:featuredmedia":[{"embeddable":true,"href":"https:\/\/www.vagadeempregorj.com.br\/ar\/wp-json\/wp\/v2\/media\/43168"}],"wp:attachment":[{"href":"https:\/\/www.vagadeempregorj.com.br\/ar\/wp-json\/wp\/v2\/media?parent=43145"}],"wp:term":[{"taxonomy":"category","embeddable":true,"href":"https:\/\/www.vagadeempregorj.com.br\/ar\/wp-json\/wp\/v2\/categories?post=43145"},{"taxonomy":"post_tag","embeddable":true,"href":"https:\/\/www.vagadeempregorj.com.br\/ar\/wp-json\/wp\/v2\/tags?post=43145"}],"curies":[{"name":"wp","href":"https:\/\/api.w.org\/{rel}","templated":true}]}}