{"id":43340,"date":"2025-05-13T18:20:07","date_gmt":"2025-05-13T21:20:07","guid":{"rendered":"https:\/\/www.vagadeempregorj.com.br\/?p=43340"},"modified":"2026-02-09T13:33:23","modified_gmt":"2026-02-09T16:33:23","slug":"pis-pasep-2025-pagamento-para-nascidos-em-maio-e-junho-comeca-dia-15","status":"publish","type":"post","link":"https:\/\/www.vagadeempregorj.com.br\/ar\/pis-pasep-2025-pagamento-para-nascidos-em-maio-e-junho-comeca-dia-15\/","title":{"rendered":"PIS\/Pasep 2025: Pagamento para nascidos em maio e junho come\u00e7a dia 15"},"content":{"rendered":"<p class=\"has-text-align-center\"><strong>Quer garantir seu benef\u00edcio?<\/strong><\/p>\n\n\n\n<div class=\"wp-block-buttons is-vertical is-content-justification-center is-layout-flex wp-container-core-buttons-is-layout-9a7cdcfd wp-block-buttons-is-layout-flex\">\n<div class=\"wp-block-button has-custom-width wp-block-button__width-100\"><a class=\"wp-block-button__link has-white-color has-vivid-red-background-color has-text-color has-background has-link-color wp-element-button\" href=\"https:\/\/www.vagadeempregorj.com.br\/ar\/beneficios-sociais\/\" style=\"border-radius:12px\">Benef\u00edcio Social Dispon\u00edvel para Seu CPF<\/a><\/div>\n\n\n\n<div class=\"wp-block-button has-custom-width wp-block-button__width-100\"><a class=\"wp-block-button__link has-white-color has-text-color has-background has-link-color wp-element-button\" style=\"border-radius:12px;background-color:#025d92\">Esqueceu de Sacar Seu PIS? Veja o Que Fazer<\/a><\/div>\n\n\n\n<div class=\"wp-block-button has-custom-width wp-block-button__width-100\"><a class=\"wp-block-button__link has-white-color has-luminous-vivid-orange-background-color has-text-color has-background has-link-color wp-element-button\" href=\"https:\/\/www.vagadeempregorj.com.br\/ar\/pis-pasep-veja-como-solicitar-saldo-e-sacar-ainda-hoje\/\" style=\"border-radius:12px\">Como Sacar Seu Saldo PIS\/PASEP Ainda Hoje<\/a><\/div>\n<\/div>\n\n\n\n<p>O pagamento do <strong>PIS\/Pasep 2025<\/strong> para os trabalhadores nascidos em maio e junho come\u00e7a oficialmente no dia 15. A partir dessa data, quem trabalhou com carteira assinada em 2023 e preenche os crit\u00e9rios definidos pelo governo poder\u00e1 sacar valores que chegam a at\u00e9 R$ 1.412. A quantia ser\u00e1 liberada diretamente na conta da Caixa Econ\u00f4mica Federal (para o PIS) ou no Banco do Brasil (para o Pasep), conforme o v\u00ednculo empregat\u00edcio. A consulta j\u00e1 pode ser feita com o CPF pelo aplicativo da Carteira de Trabalho Digital.<\/p>\n\n\n\n<h2 class=\"wp-block-heading\">Entenda como funciona o calend\u00e1rio do PIS\/Pasep 2025<\/h2>\n\n\n\n<p>O pagamento do abono salarial \u00e9 feito m\u00eas a m\u00eas, com base no m\u00eas de nascimento do trabalhador. Agora, os aniversariantes de <strong>maio e junho<\/strong> s\u00e3o os pr\u00f3ximos a receber, com o valor dispon\u00edvel a partir do dia 15.<\/p>\n\n\n\n<p>O calend\u00e1rio segue at\u00e9 dezembro e contempla os nascidos nos demais meses, sempre com libera\u00e7\u00e3o no meio do m\u00eas.<\/p>\n\n\n\n<p>Quem trabalhou o ano todo com carteira assinada em 2023 ter\u00e1 direito ao valor cheio. Quem trabalhou menos tempo receber\u00e1 de forma proporcional.<\/p>\n\n\n\n<h2 class=\"wp-block-heading\">Valor do benef\u00edcio<\/h2>\n\n\n\n<p>O valor do <strong>PIS\/Pasep 2025<\/strong> varia conforme o tempo de trabalho com carteira assinada no ano-base 2023. Confira abaixo:<\/p>\n\n\n\n<p>\u2022 1 m\u00eas trabalhado: R$ 118<br>\u2022 6 meses trabalhados: R$ 706<br>\u2022 12 meses trabalhados: R$ 1.412<\/p>\n\n\n\n<p>O c\u00e1lculo \u00e9 sempre feito com base no valor atual do sal\u00e1rio m\u00ednimo. Mesmo quem trabalhou apenas um \u00fanico m\u00eas tem direito ao valor proporcional.<\/p>\n\n\n\n<h2 class=\"wp-block-heading\">Requisitos para receber o PIS\/Pasep 2025<\/h2>\n\n\n\n<p>Para ter acesso ao abono salarial, o trabalhador precisa cumprir os seguintes crit\u00e9rios:<\/p>\n\n\n\n<p>\u2022 Estar cadastrado no PIS ou Pasep h\u00e1 pelo menos 5 anos<br>\u2022 Ter trabalhado com carteira assinada por no m\u00ednimo 30 dias em 2023<br>\u2022 Ter recebido m\u00e9dia de at\u00e9 dois sal\u00e1rios m\u00ednimos por m\u00eas em 2023<br>\u2022 Ter os dados corretamente informados na RAIS ou eSocial pelo empregador<\/p>\n\n\n\n<p>Se tudo estiver certo, o valor ser\u00e1 liberado automaticamente na conta indicada.<\/p>\n\n\n\n<h2 class=\"wp-block-heading\">Como consultar se voc\u00ea tem direito<\/h2>\n\n\n\n<p>A maneira mais f\u00e1cil de verificar se voc\u00ea receber\u00e1 o <strong>PIS\/Pasep 2025<\/strong> \u00e9 pelo app <strong>Carteira de Trabalho Digital<\/strong>, dispon\u00edvel para celulares Android e iPhone. Basta fazer login com sua conta gov.br.<\/p>\n\n\n\n<p>Tamb\u00e9m \u00e9 poss\u00edvel consultar:<\/p>\n\n\n\n<p>\u2022 Pelo site do gov.br<br>\u2022 Pelo aplicativo Caixa Tem (para quem recebe o PIS)<br>\u2022 Pelo aplicativo do Banco do Brasil (para quem recebe o Pasep)<\/p>\n\n\n\n<p>A consulta mostra o valor, a data prevista de libera\u00e7\u00e3o e o banco respons\u00e1vel pelo dep\u00f3sito.<\/p>\n\n\n\n<h2 class=\"wp-block-heading\">E se o dinheiro n\u00e3o cair?<\/h2>\n\n\n\n<p>Mesmo cumprindo os requisitos, \u00e9 poss\u00edvel que o valor n\u00e3o apare\u00e7a na data certa. Isso pode acontecer por problemas no cadastro ou pend\u00eancias no envio da RAIS por parte da empresa.<\/p>\n\n\n\n<p>Se isso acontecer, o ideal \u00e9:<\/p>\n\n\n\n<p>\u2022 Conferir se o v\u00ednculo empregat\u00edcio est\u00e1 registrado corretamente na Carteira Digital<br>\u2022 Verificar com o empregador se houve atraso ou erro no envio das informa\u00e7\u00f5es<br>\u2022 Buscar atendimento no banco respons\u00e1vel pelo benef\u00edcio<\/p>\n\n\n\n<p>Caso a falha seja corrigida, o valor ser\u00e1 liberado posteriormente, com pagamento retroativo.<\/p>\n\n\n\n<h2 class=\"wp-block-heading\">Quanto tempo o dinheiro fica dispon\u00edvel?<\/h2>\n\n\n\n<p>O valor do <strong>PIS\/Pasep 2025<\/strong> ficar\u00e1 dispon\u00edvel para saque at\u00e9 o dia <strong>27 de dezembro de 2025<\/strong>. Ap\u00f3s esse prazo, quem n\u00e3o tiver sacado perder\u00e1 o direito e o valor retorna aos cofres p\u00fablicos.<\/p>\n\n\n\n<p>Por isso, \u00e9 importante se programar para movimentar o dinheiro dentro do per\u00edodo estipulado.<\/p>\n\n\n\n<h2 class=\"wp-block-heading\">Diferen\u00e7a entre PIS e Pasep<\/h2>\n\n\n\n<p>Apesar de fazerem parte do mesmo programa, h\u00e1 uma diferen\u00e7a na origem do v\u00ednculo profissional e no banco respons\u00e1vel pelo pagamento:<\/p>\n\n\n\n<p>\u2022 PIS: pago pela Caixa Econ\u00f4mica Federal a trabalhadores da iniciativa privada<br>\u2022 Pasep: pago pelo Banco do Brasil a servidores p\u00fablicos<\/p>\n\n\n\n<p>As regras, valores e prazos s\u00e3o os mesmos. O que muda \u00e9 apenas a institui\u00e7\u00e3o financeira envolvida.<\/p>\n\n\n\n<h2 class=\"wp-block-heading\">Fique atento aos golpes<\/h2>\n\n\n\n<p>Com a libera\u00e7\u00e3o do benef\u00edcio, \u00e9 comum o aumento de golpes e mensagens falsas envolvendo o <strong>PIS\/Pasep 2025<\/strong>. Para se proteger:<\/p>\n\n\n\n<p>\u2022 Desconfie de links recebidos por WhatsApp ou SMS<br>\u2022 Nunca informe dados pessoais fora dos canais oficiais<br>\u2022 Use apenas aplicativos do governo ou bancos autorizados<br>\u2022 Evite clicar em an\u00fancios que prometem \u201clibera\u00e7\u00e3o instant\u00e2nea\u201d<\/p>\n\n\n\n<p>A consulta e o saque devem ser feitos apenas pelos canais governamentais e bancos oficiais.<\/p>\n\n\n\n<h2 class=\"wp-block-heading\">O que fazer agora?<\/h2>\n\n\n\n<p>Se voc\u00ea nasceu em maio ou junho, j\u00e1 pode conferir sua situa\u00e7\u00e3o no <strong>app da Carteira de Trabalho Digital<\/strong>. Com o pagamento liberado no dia 15, o valor estar\u00e1 dispon\u00edvel para movimenta\u00e7\u00e3o via conta digital, saque presencial ou transfer\u00eancia.<\/p>\n\n\n<div class=\"wp-block-image\">\n<figure class=\"aligncenter size-full\"><a href=\"https:\/\/play.google.com\/store\/apps\/details?id=br.gov.dataprev.carteiradigital&hl=pt_BR\"><img loading=\"lazy\" decoding=\"async\" width=\"250\" height=\"80\" src=\"https:\/\/www.vagadeempregorj.com.br\/wp-content\/uploads\/2025\/05\/botao-play-store-1-1.png\" alt=\"\" class=\"wp-image-43304\" srcset=\"https:\/\/www.vagadeempregorj.com.br\/wp-content\/uploads\/2025\/05\/botao-play-store-1-1.png 250w, https:\/\/www.vagadeempregorj.com.br\/wp-content\/uploads\/2025\/05\/botao-play-store-1-1-150x48.png 150w\" sizes=\"auto, (max-width: 250px) 100vw, 250px\" \/><\/a><\/figure>\n<\/div>\n\n<div class=\"wp-block-image\">\n<figure class=\"aligncenter size-full\"><a href=\"https:\/\/apps.apple.com\/br\/app\/carteira-de-trabalho-digital\/id1295257499\"><img loading=\"lazy\" decoding=\"async\" width=\"250\" height=\"80\" src=\"https:\/\/www.vagadeempregorj.com.br\/wp-content\/uploads\/2025\/05\/botao-app-store-1-1.png\" alt=\"\" class=\"wp-image-43303\" srcset=\"https:\/\/www.vagadeempregorj.com.br\/wp-content\/uploads\/2025\/05\/botao-app-store-1-1.png 250w, https:\/\/www.vagadeempregorj.com.br\/wp-content\/uploads\/2025\/05\/botao-app-store-1-1-150x48.png 150w\" sizes=\"auto, (max-width: 250px) 100vw, 250px\" \/><\/a><\/figure>\n<\/div>\n\n\n<p>Aproveite para organizar seus documentos, confirmar os dados e garantir que tudo esteja correto antes da data do dep\u00f3sito.<\/p>\n\n\n\n<p>13 de maio de 2025<\/p>","protected":false},"excerpt":{"rendered":"<p>Quer garantir seu benef\u00edcio? O pagamento do PIS\/Pasep 2025 para os trabalhadores nascidos em maio e junho come\u00e7a oficialmente no dia 15. A partir dessa data, quem trabalhou com carteira assinada em 2023 e preenche os crit\u00e9rios definidos pelo governo poder\u00e1 sacar valores que chegam a at\u00e9 R$ 1.412. A quantia ser\u00e1 liberada diretamente na&hellip;&nbsp;<\/p>","protected":false},"author":16,"featured_media":43341,"comment_status":"closed","ping_status":"closed","sticky":false,"template":"","format":"standard","meta":{"neve_meta_sidebar":"","neve_meta_container":"","neve_meta_enable_content_width":"","neve_meta_content_width":0,"neve_meta_title_alignment":"","neve_meta_author_avatar":"","neve_post_elements_order":"","neve_meta_disable_header":"","neve_meta_disable_footer":"","neve_meta_disable_title":"","footnotes":""},"categories":[1],"tags":[],"class_list":["post-43340","post","type-post","status-publish","format-standard","has-post-thumbnail","hentry","category-beneficios-sociais"],"yoast_head":"<!-- This site is optimized with the Yoast SEO plugin v27.5 - https:\/\/yoast.com\/product\/yoast-seo-wordpress\/ -->\n<title>PIS\/Pasep 2025: Pagamento para nascidos em maio e junho come\u00e7a dia 15 -<\/title>\n<meta name=\"description\" content=\"Veja em Vagas de Emprego RJ as vagas de emprego com e sem experi\u00eancia no seu Estado e Regi\u00e3o!\" \/>\n<meta name=\"robots\" content=\"index, follow, max-snippet:-1, max-image-preview:large, max-video-preview:-1\" \/>\n<link rel=\"canonical\" href=\"https:\/\/www.vagadeempregorj.com.br\/ar\/pis-pasep-2025-pagamento-para-nascidos-em-maio-e-junho-comeca-dia-15\/\" \/>\n<meta property=\"og:locale\" content=\"ar_AR\" \/>\n<meta property=\"og:type\" content=\"article\" \/>\n<meta property=\"og:title\" content=\"PIS\/Pasep 2025: Pagamento para nascidos em maio e junho come\u00e7a dia 15 -\" \/>\n<meta property=\"og:description\" content=\"Veja em Vagas de Emprego RJ as vagas de emprego com e sem experi\u00eancia no seu Estado e Regi\u00e3o!\" \/>\n<meta property=\"og:url\" content=\"https:\/\/www.vagadeempregorj.com.br\/ar\/pis-pasep-2025-pagamento-para-nascidos-em-maio-e-junho-comeca-dia-15\/\" \/>\n<meta property=\"article:publisher\" content=\"https:\/\/www.facebook.com\/empregobrasiloficial\" \/>\n<meta property=\"article:published_time\" content=\"2025-05-13T21:20:07+00:00\" \/>\n<meta property=\"article:modified_time\" content=\"2026-02-09T16:33:23+00:00\" \/>\n<meta property=\"og:image\" content=\"https:\/\/www.vagadeempregorj.com.br\/wp-content\/uploads\/2025\/05\/pis_pasep_pagamento_liberado.webp\" \/>\n\t<meta property=\"og:image:width\" content=\"1536\" \/>\n\t<meta property=\"og:image:height\" content=\"1024\" \/>\n\t<meta property=\"og:image:type\" content=\"image\/webp\" \/>\n<meta name=\"author\" content=\"Michele\" \/>\n<meta name=\"twitter:card\" content=\"summary_large_image\" \/>\n<meta name=\"twitter:label1\" content=\"Written by\" \/>\n\t<meta name=\"twitter:data1\" content=\"Michele\" \/>\n\t<meta name=\"twitter:label2\" content=\"Est. reading time\" \/>\n\t<meta name=\"twitter:data2\" content=\"4 \u062f\u0642\u0627\u0626\u0642\" \/>\n<script type=\"application\/ld+json\" class=\"yoast-schema-graph\">{\"@context\":\"https:\\\/\\\/schema.org\",\"@graph\":[{\"@type\":\"Article\",\"@id\":\"https:\\\/\\\/www.vagadeempregorj.com.br\\\/pis-pasep-2025-pagamento-para-nascidos-em-maio-e-junho-comeca-dia-15\\\/#article\",\"isPartOf\":{\"@id\":\"https:\\\/\\\/www.vagadeempregorj.com.br\\\/pis-pasep-2025-pagamento-para-nascidos-em-maio-e-junho-comeca-dia-15\\\/\"},\"author\":{\"name\":\"Michele\",\"@id\":\"https:\\\/\\\/www.vagadeempregorj.com.br\\\/#\\\/schema\\\/person\\\/3ddb19fa0539706786e502152f3aae95\"},\"headline\":\"PIS\\\/Pasep 2025: Pagamento para nascidos em maio e junho come\u00e7a dia 15\",\"datePublished\":\"2025-05-13T21:20:07+00:00\",\"dateModified\":\"2026-02-09T16:33:23+00:00\",\"mainEntityOfPage\":{\"@id\":\"https:\\\/\\\/www.vagadeempregorj.com.br\\\/pis-pasep-2025-pagamento-para-nascidos-em-maio-e-junho-comeca-dia-15\\\/\"},\"wordCount\":822,\"image\":{\"@id\":\"https:\\\/\\\/www.vagadeempregorj.com.br\\\/pis-pasep-2025-pagamento-para-nascidos-em-maio-e-junho-comeca-dia-15\\\/#primaryimage\"},\"thumbnailUrl\":\"https:\\\/\\\/www.vagadeempregorj.com.br\\\/wp-content\\\/uploads\\\/2025\\\/05\\\/pis_pasep_pagamento_liberado.webp\",\"articleSection\":[\"Benef\u00edcios Sociais\"],\"inLanguage\":\"ar\"},{\"@type\":\"WebPage\",\"@id\":\"https:\\\/\\\/www.vagadeempregorj.com.br\\\/pis-pasep-2025-pagamento-para-nascidos-em-maio-e-junho-comeca-dia-15\\\/\",\"url\":\"https:\\\/\\\/www.vagadeempregorj.com.br\\\/pis-pasep-2025-pagamento-para-nascidos-em-maio-e-junho-comeca-dia-15\\\/\",\"name\":\"PIS\\\/Pasep 2025: Pagamento para nascidos em maio e junho come\u00e7a dia 15 -\",\"isPartOf\":{\"@id\":\"https:\\\/\\\/www.vagadeempregorj.com.br\\\/#website\"},\"primaryImageOfPage\":{\"@id\":\"https:\\\/\\\/www.vagadeempregorj.com.br\\\/pis-pasep-2025-pagamento-para-nascidos-em-maio-e-junho-comeca-dia-15\\\/#primaryimage\"},\"image\":{\"@id\":\"https:\\\/\\\/www.vagadeempregorj.com.br\\\/pis-pasep-2025-pagamento-para-nascidos-em-maio-e-junho-comeca-dia-15\\\/#primaryimage\"},\"thumbnailUrl\":\"https:\\\/\\\/www.vagadeempregorj.com.br\\\/wp-content\\\/uploads\\\/2025\\\/05\\\/pis_pasep_pagamento_liberado.webp\",\"datePublished\":\"2025-05-13T21:20:07+00:00\",\"dateModified\":\"2026-02-09T16:33:23+00:00\",\"author\":{\"@id\":\"https:\\\/\\\/www.vagadeempregorj.com.br\\\/#\\\/schema\\\/person\\\/3ddb19fa0539706786e502152f3aae95\"},\"description\":\"Veja em Vagas de Emprego RJ as vagas de emprego com e sem experi\u00eancia no seu Estado e Regi\u00e3o!\",\"breadcrumb\":{\"@id\":\"https:\\\/\\\/www.vagadeempregorj.com.br\\\/pis-pasep-2025-pagamento-para-nascidos-em-maio-e-junho-comeca-dia-15\\\/#breadcrumb\"},\"inLanguage\":\"ar\",\"potentialAction\":[{\"@type\":\"ReadAction\",\"target\":[\"https:\\\/\\\/www.vagadeempregorj.com.br\\\/pis-pasep-2025-pagamento-para-nascidos-em-maio-e-junho-comeca-dia-15\\\/\"]}]},{\"@type\":\"ImageObject\",\"inLanguage\":\"ar\",\"@id\":\"https:\\\/\\\/www.vagadeempregorj.com.br\\\/pis-pasep-2025-pagamento-para-nascidos-em-maio-e-junho-comeca-dia-15\\\/#primaryimage\",\"url\":\"https:\\\/\\\/www.vagadeempregorj.com.br\\\/wp-content\\\/uploads\\\/2025\\\/05\\\/pis_pasep_pagamento_liberado.webp\",\"contentUrl\":\"https:\\\/\\\/www.vagadeempregorj.com.br\\\/wp-content\\\/uploads\\\/2025\\\/05\\\/pis_pasep_pagamento_liberado.webp\",\"width\":1536,\"height\":1024},{\"@type\":\"BreadcrumbList\",\"@id\":\"https:\\\/\\\/www.vagadeempregorj.com.br\\\/pis-pasep-2025-pagamento-para-nascidos-em-maio-e-junho-comeca-dia-15\\\/#breadcrumb\",\"itemListElement\":[{\"@type\":\"ListItem\",\"position\":1,\"name\":\"In\u00edcio\",\"item\":\"https:\\\/\\\/www.vagadeempregorj.com.br\\\/\"},{\"@type\":\"ListItem\",\"position\":2,\"name\":\"Benef\u00edcios Sociais\",\"item\":\"https:\\\/\\\/www.vagadeempregorj.com.br\\\/beneficios-sociais\\\/\"},{\"@type\":\"ListItem\",\"position\":3,\"name\":\"PIS\\\/Pasep 2025: Pagamento para nascidos em maio e junho come\u00e7a dia 15\"}]},{\"@type\":\"WebSite\",\"@id\":\"https:\\\/\\\/www.vagadeempregorj.com.br\\\/#website\",\"url\":\"https:\\\/\\\/www.vagadeempregorj.com.br\\\/\",\"name\":\"\",\"description\":\"Conquiste Sonhos: Vagas, Benef\u00edcios e Economia para Transformar Vidas e Alcan\u00e7ar Melhorias Cotidianas\",\"potentialAction\":[{\"@type\":\"SearchAction\",\"target\":{\"@type\":\"EntryPoint\",\"urlTemplate\":\"https:\\\/\\\/www.vagadeempregorj.com.br\\\/?s={search_term_string}\"},\"query-input\":{\"@type\":\"PropertyValueSpecification\",\"valueRequired\":true,\"valueName\":\"search_term_string\"}}],\"inLanguage\":\"ar\"},{\"@type\":\"Person\",\"@id\":\"https:\\\/\\\/www.vagadeempregorj.com.br\\\/#\\\/schema\\\/person\\\/3ddb19fa0539706786e502152f3aae95\",\"name\":\"Michele\",\"image\":{\"@type\":\"ImageObject\",\"inLanguage\":\"ar\",\"@id\":\"https:\\\/\\\/secure.gravatar.com\\\/avatar\\\/6b0eb9d22841282815e2cd856a0061c45e1761cd54b22e952d98c4746939aa85?s=96&r=g\",\"url\":\"https:\\\/\\\/secure.gravatar.com\\\/avatar\\\/6b0eb9d22841282815e2cd856a0061c45e1761cd54b22e952d98c4746939aa85?s=96&r=g\",\"contentUrl\":\"https:\\\/\\\/secure.gravatar.com\\\/avatar\\\/6b0eb9d22841282815e2cd856a0061c45e1761cd54b22e952d98c4746939aa85?s=96&r=g\",\"caption\":\"Michele\"},\"description\":\"Formada em Letras - Portugu\u00eas\\\/ Ingl\u00eas, e idealizadora do site Escritora de Sucesso, busca expandir o conhecimento de todos com informa\u00e7\u00f5es relevantes sobre diversos assuntos, enquanto redatora. No Vaga de Emprego RJ, traz oportunidades e dicas sobre o mercado de trabalho.\",\"url\":\"https:\\\/\\\/www.vagadeempregorj.com.br\\\/ar\\\/author\\\/michele\\\/\"}]}<\/script>\n<!-- \/ Yoast SEO plugin. -->","yoast_head_json":{"title":"PIS\/Pasep 2025: Pagamento para nascidos em maio e junho come\u00e7a dia 15 -","description":"Veja em Vagas de Emprego RJ as vagas de emprego com e sem experi\u00eancia no seu Estado e Regi\u00e3o!","robots":{"index":"index","follow":"follow","max-snippet":"max-snippet:-1","max-image-preview":"max-image-preview:large","max-video-preview":"max-video-preview:-1"},"canonical":"https:\/\/www.vagadeempregorj.com.br\/ar\/pis-pasep-2025-pagamento-para-nascidos-em-maio-e-junho-comeca-dia-15\/","og_locale":"ar_AR","og_type":"article","og_title":"PIS\/Pasep 2025: Pagamento para nascidos em maio e junho come\u00e7a dia 15 -","og_description":"Veja em Vagas de Emprego RJ as vagas de emprego com e sem experi\u00eancia no seu Estado e Regi\u00e3o!","og_url":"https:\/\/www.vagadeempregorj.com.br\/ar\/pis-pasep-2025-pagamento-para-nascidos-em-maio-e-junho-comeca-dia-15\/","article_publisher":"https:\/\/www.facebook.com\/empregobrasiloficial","article_published_time":"2025-05-13T21:20:07+00:00","article_modified_time":"2026-02-09T16:33:23+00:00","og_image":[{"width":1536,"height":1024,"url":"https:\/\/www.vagadeempregorj.com.br\/wp-content\/uploads\/2025\/05\/pis_pasep_pagamento_liberado.webp","type":"image\/webp"}],"author":"Michele","twitter_card":"summary_large_image","twitter_misc":{"Written by":"Michele","Est. reading time":"4 \u062f\u0642\u0627\u0626\u0642"},"schema":{"@context":"https:\/\/schema.org","@graph":[{"@type":"Article","@id":"https:\/\/www.vagadeempregorj.com.br\/pis-pasep-2025-pagamento-para-nascidos-em-maio-e-junho-comeca-dia-15\/#article","isPartOf":{"@id":"https:\/\/www.vagadeempregorj.com.br\/pis-pasep-2025-pagamento-para-nascidos-em-maio-e-junho-comeca-dia-15\/"},"author":{"name":"Michele","@id":"https:\/\/www.vagadeempregorj.com.br\/#\/schema\/person\/3ddb19fa0539706786e502152f3aae95"},"headline":"PIS\/Pasep 2025: Pagamento para nascidos em maio e junho come\u00e7a dia 15","datePublished":"2025-05-13T21:20:07+00:00","dateModified":"2026-02-09T16:33:23+00:00","mainEntityOfPage":{"@id":"https:\/\/www.vagadeempregorj.com.br\/pis-pasep-2025-pagamento-para-nascidos-em-maio-e-junho-comeca-dia-15\/"},"wordCount":822,"image":{"@id":"https:\/\/www.vagadeempregorj.com.br\/pis-pasep-2025-pagamento-para-nascidos-em-maio-e-junho-comeca-dia-15\/#primaryimage"},"thumbnailUrl":"https:\/\/www.vagadeempregorj.com.br\/wp-content\/uploads\/2025\/05\/pis_pasep_pagamento_liberado.webp","articleSection":["Benef\u00edcios Sociais"],"inLanguage":"ar"},{"@type":"WebPage","@id":"https:\/\/www.vagadeempregorj.com.br\/pis-pasep-2025-pagamento-para-nascidos-em-maio-e-junho-comeca-dia-15\/","url":"https:\/\/www.vagadeempregorj.com.br\/pis-pasep-2025-pagamento-para-nascidos-em-maio-e-junho-comeca-dia-15\/","name":"PIS\/Pasep 2025: Pagamento para nascidos em maio e junho come\u00e7a dia 15 -","isPartOf":{"@id":"https:\/\/www.vagadeempregorj.com.br\/#website"},"primaryImageOfPage":{"@id":"https:\/\/www.vagadeempregorj.com.br\/pis-pasep-2025-pagamento-para-nascidos-em-maio-e-junho-comeca-dia-15\/#primaryimage"},"image":{"@id":"https:\/\/www.vagadeempregorj.com.br\/pis-pasep-2025-pagamento-para-nascidos-em-maio-e-junho-comeca-dia-15\/#primaryimage"},"thumbnailUrl":"https:\/\/www.vagadeempregorj.com.br\/wp-content\/uploads\/2025\/05\/pis_pasep_pagamento_liberado.webp","datePublished":"2025-05-13T21:20:07+00:00","dateModified":"2026-02-09T16:33:23+00:00","author":{"@id":"https:\/\/www.vagadeempregorj.com.br\/#\/schema\/person\/3ddb19fa0539706786e502152f3aae95"},"description":"Veja em Vagas de Emprego RJ as vagas de emprego com e sem experi\u00eancia no seu Estado e Regi\u00e3o!","breadcrumb":{"@id":"https:\/\/www.vagadeempregorj.com.br\/pis-pasep-2025-pagamento-para-nascidos-em-maio-e-junho-comeca-dia-15\/#breadcrumb"},"inLanguage":"ar","potentialAction":[{"@type":"ReadAction","target":["https:\/\/www.vagadeempregorj.com.br\/pis-pasep-2025-pagamento-para-nascidos-em-maio-e-junho-comeca-dia-15\/"]}]},{"@type":"ImageObject","inLanguage":"ar","@id":"https:\/\/www.vagadeempregorj.com.br\/pis-pasep-2025-pagamento-para-nascidos-em-maio-e-junho-comeca-dia-15\/#primaryimage","url":"https:\/\/www.vagadeempregorj.com.br\/wp-content\/uploads\/2025\/05\/pis_pasep_pagamento_liberado.webp","contentUrl":"https:\/\/www.vagadeempregorj.com.br\/wp-content\/uploads\/2025\/05\/pis_pasep_pagamento_liberado.webp","width":1536,"height":1024},{"@type":"BreadcrumbList","@id":"https:\/\/www.vagadeempregorj.com.br\/pis-pasep-2025-pagamento-para-nascidos-em-maio-e-junho-comeca-dia-15\/#breadcrumb","itemListElement":[{"@type":"ListItem","position":1,"name":"In\u00edcio","item":"https:\/\/www.vagadeempregorj.com.br\/"},{"@type":"ListItem","position":2,"name":"Benef\u00edcios Sociais","item":"https:\/\/www.vagadeempregorj.com.br\/beneficios-sociais\/"},{"@type":"ListItem","position":3,"name":"PIS\/Pasep 2025: Pagamento para nascidos em maio e junho come\u00e7a dia 15"}]},{"@type":"WebSite","@id":"https:\/\/www.vagadeempregorj.com.br\/#website","url":"https:\/\/www.vagadeempregorj.com.br\/","name":"","description":"Conquiste Sonhos: Vagas, Benef\u00edcios e Economia para Transformar Vidas e Alcan\u00e7ar Melhorias Cotidianas","potentialAction":[{"@type":"SearchAction","target":{"@type":"EntryPoint","urlTemplate":"https:\/\/www.vagadeempregorj.com.br\/?s={search_term_string}"},"query-input":{"@type":"PropertyValueSpecification","valueRequired":true,"valueName":"search_term_string"}}],"inLanguage":"ar"},{"@type":"Person","@id":"https:\/\/www.vagadeempregorj.com.br\/#\/schema\/person\/3ddb19fa0539706786e502152f3aae95","name":"Michele","image":{"@type":"ImageObject","inLanguage":"ar","@id":"https:\/\/secure.gravatar.com\/avatar\/6b0eb9d22841282815e2cd856a0061c45e1761cd54b22e952d98c4746939aa85?s=96&r=g","url":"https:\/\/secure.gravatar.com\/avatar\/6b0eb9d22841282815e2cd856a0061c45e1761cd54b22e952d98c4746939aa85?s=96&r=g","contentUrl":"https:\/\/secure.gravatar.com\/avatar\/6b0eb9d22841282815e2cd856a0061c45e1761cd54b22e952d98c4746939aa85?s=96&r=g","caption":"Michele"},"description":"Formada em Letras - Portugu\u00eas\/ Ingl\u00eas, e idealizadora do site Escritora de Sucesso, busca expandir o conhecimento de todos com informa\u00e7\u00f5es relevantes sobre diversos assuntos, enquanto redatora. No Vaga de Emprego RJ, traz oportunidades e dicas sobre o mercado de trabalho.","url":"https:\/\/www.vagadeempregorj.com.br\/ar\/author\/michele\/"}]}},"_links":{"self":[{"href":"https:\/\/www.vagadeempregorj.com.br\/ar\/wp-json\/wp\/v2\/posts\/43340","targetHints":{"allow":["GET"]}}],"collection":[{"href":"https:\/\/www.vagadeempregorj.com.br\/ar\/wp-json\/wp\/v2\/posts"}],"about":[{"href":"https:\/\/www.vagadeempregorj.com.br\/ar\/wp-json\/wp\/v2\/types\/post"}],"author":[{"embeddable":true,"href":"https:\/\/www.vagadeempregorj.com.br\/ar\/wp-json\/wp\/v2\/users\/16"}],"replies":[{"embeddable":true,"href":"https:\/\/www.vagadeempregorj.com.br\/ar\/wp-json\/wp\/v2\/comments?post=43340"}],"version-history":[{"count":4,"href":"https:\/\/www.vagadeempregorj.com.br\/ar\/wp-json\/wp\/v2\/posts\/43340\/revisions"}],"predecessor-version":[{"id":44224,"href":"https:\/\/www.vagadeempregorj.com.br\/ar\/wp-json\/wp\/v2\/posts\/43340\/revisions\/44224"}],"wp:featuredmedia":[{"embeddable":true,"href":"https:\/\/www.vagadeempregorj.com.br\/ar\/wp-json\/wp\/v2\/media\/43341"}],"wp:attachment":[{"href":"https:\/\/www.vagadeempregorj.com.br\/ar\/wp-json\/wp\/v2\/media?parent=43340"}],"wp:term":[{"taxonomy":"category","embeddable":true,"href":"https:\/\/www.vagadeempregorj.com.br\/ar\/wp-json\/wp\/v2\/categories?post=43340"},{"taxonomy":"post_tag","embeddable":true,"href":"https:\/\/www.vagadeempregorj.com.br\/ar\/wp-json\/wp\/v2\/tags?post=43340"}],"curies":[{"name":"wp","href":"https:\/\/api.w.org\/{rel}","templated":true}]}}