{"id":43345,"date":"2025-05-13T20:03:38","date_gmt":"2025-05-13T23:03:38","guid":{"rendered":"https:\/\/www.vagadeempregorj.com.br\/?p=43345"},"modified":"2025-10-24T20:24:12","modified_gmt":"2025-10-24T23:24:12","slug":"recebe-ate-dois-salarios-voce-pode-ter-direito-a-novo-beneficio-em-2025","status":"publish","type":"post","link":"https:\/\/www.vagadeempregorj.com.br\/ar\/recebe-ate-dois-salarios-voce-pode-ter-direito-a-novo-beneficio-em-2025\/","title":{"rendered":"Recebe at\u00e9 dois sal\u00e1rios? Voc\u00ea pode ter direito a novo benef\u00edcio em 2025"},"content":{"rendered":"<p class=\"has-text-align-center\"><strong>Quer garantir seu benef\u00edcio?<\/strong><\/p>\n\n\n\n<div class=\"wp-block-buttons is-vertical is-content-justification-center is-layout-flex wp-container-core-buttons-is-layout-9a7cdcfd wp-block-buttons-is-layout-flex\">\n<div class=\"wp-block-button has-custom-width wp-block-button__width-100\"><a class=\"wp-block-button__link has-white-color has-text-color has-background has-link-color wp-element-button\" href=\"https:\/\/www.vagadeempregorj.com.br\/ar\/beneficios-sociais\/\" style=\"background-color:#0585cf\">Veja Benef\u00edcios Sociais Dispon\u00edveis<\/a><\/div>\n\n\n\n<div class=\"wp-block-button has-custom-width wp-block-button__width-100\"><a class=\"wp-block-button__link has-white-color has-luminous-vivid-orange-background-color has-text-color has-background has-link-color wp-element-button\" href=\"https:\/\/www.vagadeempregorj.com.br\/ar\/dinheiro-esquecido-mais-de-r7-bilhoes-aguardam-resgate-no-banco-central\/\">Voc\u00ea Pode Ter Dinheiro Esquecido no Banco Central<\/a><\/div>\n\n\n\n<div class=\"wp-block-button has-custom-width wp-block-button__width-100\"><a class=\"wp-block-button__link has-white-color has-luminous-vivid-amber-background-color has-text-color has-background has-link-color wp-element-button\" href=\"https:\/\/www.vagadeempregorj.com.br\/ar\/auxilio-gas-aprovado-mas-o-dinheiro-nao-caiu-saiba-o-que-fazer\/\">Aux\u00edlio G\u00e1s N\u00e3o Caiu, e Agora? Veja O Que Fazer<\/a><\/div>\n<\/div>\n\n\n\n<p>Quem recebe at\u00e9 dois sal\u00e1rios m\u00ednimos pode ter acesso a um <strong>novo benef\u00edcio em 2025<\/strong> que promete refor\u00e7ar o or\u00e7amento das fam\u00edlias brasileiras. A proposta \u00e9 voltada para trabalhadores de baixa renda que atenderem a requisitos espec\u00edficos de cadastro e v\u00ednculo formal de trabalho. A medida j\u00e1 est\u00e1 prevista no plano or\u00e7ament\u00e1rio e deve come\u00e7ar a ser paga a partir do segundo semestre do ano. E o melhor: n\u00e3o \u00e9 necess\u00e1rio se inscrever em lugar nenhum \u2014 o pagamento ser\u00e1 autom\u00e1tico para quem estiver com os dados atualizados.<\/p>\n\n\n\n<h2 class=\"wp-block-heading\">Quem ter\u00e1 direito ao novo benef\u00edcio em 2025?<\/h2>\n\n\n\n<p>O foco principal ser\u00e1 o trabalhador formal com remunera\u00e7\u00e3o de at\u00e9 dois sal\u00e1rios m\u00ednimos mensais. Para isso, o governo utilizar\u00e1 o cruzamento de dados do eSocial, da RAIS e do Cadastro \u00danico (Cad\u00danico), garantindo que apenas quem se encaixa no perfil receba.<\/p>\n\n\n\n<p>Os crit\u00e9rios b\u00e1sicos para ter acesso incluem:<\/p>\n\n\n\n<p>\u2022 Ter trabalhado com carteira assinada por pelo menos 30 dias em 2024<br>\u2022 Estar inscrito no PIS ou Pasep h\u00e1 pelo menos 5 anos<br>\u2022 Ter recebido at\u00e9 R$ 2.824 por m\u00eas (dois sal\u00e1rios m\u00ednimos em 2025)<br>\u2022 Ter os dados corretamente registrados pelo empregador<\/p>\n\n\n\n<p>Al\u00e9m disso, quem estiver inscrito no Cad\u00danico com perfil atualizado poder\u00e1 ter prioridade ou receber complementos vinculados ao novo programa.<\/p>\n\n\n\n<h2 class=\"wp-block-heading\">Qual ser\u00e1 o valor do benef\u00edcio?<\/h2>\n\n\n\n<p>O valor exato do <strong>novo benef\u00edcio em 2025<\/strong> ainda ser\u00e1 divulgado oficialmente, mas a estimativa \u00e9 que ele varie entre R$ 300 e R$ 1.412, a depender da categoria e do tempo de servi\u00e7o do trabalhador no ano anterior.<\/p>\n\n\n\n<p>A proposta segue a l\u00f3gica do abono salarial, em que o valor \u00e9 proporcional ao n\u00famero de meses trabalhados. Trabalhadores que estiverem registrados o ano todo poder\u00e3o receber o valor m\u00e1ximo. J\u00e1 quem trabalhou apenas parte do ano ter\u00e1 direito ao benef\u00edcio proporcional.<\/p>\n\n\n\n<p>Tudo indica que o c\u00e1lculo ser\u00e1 autom\u00e1tico, com base nas informa\u00e7\u00f5es dispon\u00edveis nos sistemas do governo.<\/p>\n\n\n\n<h2 class=\"wp-block-heading\">Como consultar se voc\u00ea tem direito?<\/h2>\n\n\n\n<p>A consulta ao <strong>novo benef\u00edcio em 2025<\/strong> ser\u00e1 liberada pelos canais oficiais do governo, como o aplicativo <strong>Carteira de Trabalho Digital<\/strong>, <strong>Caixa Tem<\/strong> e tamb\u00e9m pelo <strong>site do gov.br<\/strong>.<\/p>\n\n\n\n<p>Para saber se voc\u00ea est\u00e1 apto a receber, ser\u00e1 poss\u00edvel verificar:<\/p>\n\n\n\n<p>\u2022 O n\u00famero do PIS ou Pasep vinculado ao seu CPF<br>\u2022 O v\u00ednculo empregat\u00edcio de 2024 registrado no sistema<br>\u2022 A m\u00e9dia salarial mensal no per\u00edodo<br>\u2022 A data e valor previsto para pagamento<\/p>\n\n\n\n<p>Essas informa\u00e7\u00f5es aparecer\u00e3o no app com alguns dias de anteced\u00eancia ao in\u00edcio dos dep\u00f3sitos.<\/p>\n\n\n\n<h2 class=\"wp-block-heading\">Quando come\u00e7am os pagamentos?<\/h2>\n\n\n\n<p>A previs\u00e3o \u00e9 que os primeiros pagamentos do <strong>novo benef\u00edcio em 2025<\/strong> comecem no m\u00eas de julho, seguindo um calend\u00e1rio escalonado por m\u00eas de nascimento. Assim como o abono salarial, os dep\u00f3sitos ser\u00e3o liberados m\u00eas a m\u00eas, e o valor ficar\u00e1 dispon\u00edvel at\u00e9 dezembro.<\/p>\n\n\n\n<p>Quem tiver conta na Caixa Econ\u00f4mica (para trabalhadores do setor privado) ou no Banco do Brasil (para servidores p\u00fablicos) ter\u00e1 o valor depositado diretamente. Os demais poder\u00e3o fazer o saque usando o cart\u00e3o cidad\u00e3o, ou transferir via Pix pelo aplicativo.<\/p>\n\n\n\n<p>\u00c9 importante acompanhar as atualiza\u00e7\u00f5es do calend\u00e1rio para n\u00e3o perder a data de libera\u00e7\u00e3o.<\/p>\n\n\n\n<h2 class=\"wp-block-heading\">E se eu n\u00e3o receber mesmo tendo direito?<\/h2>\n\n\n\n<p>Se o pagamento n\u00e3o cair mesmo ap\u00f3s a data prevista, alguns fatores podem estar bloqueando o repasse. Os mais comuns s\u00e3o:<\/p>\n\n\n\n<p>\u2022 Informa\u00e7\u00f5es incompletas ou incorretas enviadas pelo empregador<br>\u2022 Falta de atualiza\u00e7\u00e3o no sistema da RAIS ou eSocial<br>\u2022 Cadastro desatualizado no Cad\u00danico<br>\u2022 V\u00ednculo empregat\u00edcio n\u00e3o identificado corretamente pelo sistema<\/p>\n\n\n\n<p>Nesse caso, a recomenda\u00e7\u00e3o \u00e9 entrar em contato com o setor de Recursos Humanos da empresa para confirmar se os dados foram enviados corretamente. Tamb\u00e9m vale acessar o site oficial do Minist\u00e9rio do Trabalho ou procurar atendimento na Caixa ou Banco do Brasil, conforme o tipo de v\u00ednculo.<\/p>\n\n\n\n<p>Em muitos casos, ap\u00f3s a regulariza\u00e7\u00e3o, o pagamento \u00e9 liberado de forma retroativa.<\/p>\n\n\n\n<h2 class=\"wp-block-heading\">Vai precisar se cadastrar?<\/h2>\n\n\n\n<p>N\u00e3o. O <strong>novo benef\u00edcio em 2025<\/strong> ser\u00e1 pago de forma autom\u00e1tica para quem preencher os requisitos. Isso significa que voc\u00ea n\u00e3o precisa preencher formul\u00e1rios, pagar taxas ou realizar inscri\u00e7\u00e3o online.<\/p>\n\n\n\n<p>Apenas mantenha seus dados atualizados nos seguintes sistemas:<\/p>\n\n\n\n<p>\u2022 Carteira de Trabalho Digital<br>\u2022 Cadastro \u00danico (Cad\u00danico), se for usu\u00e1rio de benef\u00edcios sociais<br>\u2022 eSocial, por meio do empregador<\/p>\n\n\n\n<p>Fique atento tamb\u00e9m ao CPF, j\u00e1 que ele ser\u00e1 usado como base para o cruzamento de dados.<\/p>\n\n\n\n<h2 class=\"wp-block-heading\">Posso receber o novo benef\u00edcio mesmo recebendo Bolsa Fam\u00edlia?<\/h2>\n\n\n\n<p>Sim, mas depende do tipo de v\u00ednculo e da composi\u00e7\u00e3o familiar. O novo programa foi criado para complementar a renda de trabalhadores formais com baixa renda mensal, e n\u00e3o substitui outros programas sociais.<\/p>\n\n\n\n<p>Caso a pessoa ou fam\u00edlia j\u00e1 receba o Bolsa Fam\u00edlia, o valor do <strong>novo benef\u00edcio em 2025<\/strong> ser\u00e1 considerado uma renda extra e n\u00e3o deve interferir no pagamento regular do programa \u2014 a menos que ultrapasse o limite de renda permitido pelo Cad\u00danico.<\/p>\n\n\n\n<p>Em situa\u00e7\u00f5es espec\u00edficas, o governo pode combinar os pagamentos ou ajustar os valores, sempre respeitando o que estiver registrado nos sistemas oficiais.<\/p>\n\n\n\n<h2 class=\"wp-block-heading\">Como ser\u00e1 feito o saque?<\/h2>\n\n\n\n<p>O saque ser\u00e1 liberado por:<\/p>\n\n\n\n<p>\u2022 Dep\u00f3sito autom\u00e1tico em conta poupan\u00e7a digital<br>\u2022 Conta Caixa ou Banco do Brasil vinculada ao CPF<br>\u2022 Saque com Cart\u00e3o Cidad\u00e3o em caixas eletr\u00f4nicos<br>\u2022 Transfer\u00eancia via Pix pelo aplicativo Caixa Tem ou BB<\/p>\n\n\n\n<p>O valor poder\u00e1 ser movimentado diretamente no celular, sem a necessidade de ir at\u00e9 uma ag\u00eancia. Em alguns casos, ser\u00e1 poss\u00edvel sacar em casas lot\u00e9ricas ou ag\u00eancias autorizadas.<\/p>\n\n\n\n<p><strong>Veja tamb\u00e9m: <a href=\"https:\/\/www.vagadeempregorj.com.br\/ar\/pis-pasep-liberado-veja-se-voce-tem-saldo-a-receber\/\">PIS\/PASEP liberado: veja se voc\u00ea tem saldo a receber<\/a><\/strong><\/p>\n\n\n\n<p>13 de maio de 2025<\/p>","protected":false},"excerpt":{"rendered":"<p>Quer garantir seu benef\u00edcio? Quem recebe at\u00e9 dois sal\u00e1rios m\u00ednimos pode ter acesso a um novo benef\u00edcio em 2025 que promete refor\u00e7ar o or\u00e7amento das fam\u00edlias brasileiras. A proposta \u00e9 voltada para trabalhadores de baixa renda que atenderem a requisitos espec\u00edficos de cadastro e v\u00ednculo formal de trabalho. A medida j\u00e1 est\u00e1 prevista no plano&hellip;&nbsp;<\/p>","protected":false},"author":16,"featured_media":43346,"comment_status":"closed","ping_status":"closed","sticky":false,"template":"","format":"standard","meta":{"neve_meta_sidebar":"","neve_meta_container":"","neve_meta_enable_content_width":"","neve_meta_content_width":0,"neve_meta_title_alignment":"","neve_meta_author_avatar":"","neve_post_elements_order":"","neve_meta_disable_header":"","neve_meta_disable_footer":"","neve_meta_disable_title":"","footnotes":""},"categories":[804],"tags":[],"class_list":["post-43345","post","type-post","status-publish","format-standard","has-post-thumbnail","hentry","category-economia"],"yoast_head":"<!-- This site is optimized with the Yoast SEO plugin v27.5 - https:\/\/yoast.com\/product\/yoast-seo-wordpress\/ -->\n<title>Recebe at\u00e9 dois sal\u00e1rios? Voc\u00ea pode ter direito a novo benef\u00edcio em 2025 -<\/title>\n<meta name=\"description\" content=\"Veja em Vagas de Emprego RJ as vagas de emprego com e sem experi\u00eancia no seu Estado e Regi\u00e3o!\" \/>\n<meta name=\"robots\" content=\"index, follow, max-snippet:-1, max-image-preview:large, max-video-preview:-1\" \/>\n<link rel=\"canonical\" href=\"https:\/\/www.vagadeempregorj.com.br\/ar\/recebe-ate-dois-salarios-voce-pode-ter-direito-a-novo-beneficio-em-2025\/\" \/>\n<meta property=\"og:locale\" content=\"ar_AR\" \/>\n<meta property=\"og:type\" content=\"article\" \/>\n<meta property=\"og:title\" content=\"Recebe at\u00e9 dois sal\u00e1rios? Voc\u00ea pode ter direito a novo benef\u00edcio em 2025 -\" \/>\n<meta property=\"og:description\" content=\"Veja em Vagas de Emprego RJ as vagas de emprego com e sem experi\u00eancia no seu Estado e Regi\u00e3o!\" \/>\n<meta property=\"og:url\" content=\"https:\/\/www.vagadeempregorj.com.br\/ar\/recebe-ate-dois-salarios-voce-pode-ter-direito-a-novo-beneficio-em-2025\/\" \/>\n<meta property=\"article:publisher\" content=\"https:\/\/www.facebook.com\/empregobrasiloficial\" \/>\n<meta property=\"article:published_time\" content=\"2025-05-13T23:03:38+00:00\" \/>\n<meta property=\"article:modified_time\" content=\"2025-10-24T23:24:12+00:00\" \/>\n<meta property=\"og:image\" content=\"https:\/\/www.vagadeempregorj.com.br\/wp-content\/uploads\/2025\/05\/novo_beneficio_2025_liberado.webp\" \/>\n\t<meta property=\"og:image:width\" content=\"1536\" \/>\n\t<meta property=\"og:image:height\" content=\"1024\" \/>\n\t<meta property=\"og:image:type\" content=\"image\/webp\" \/>\n<meta name=\"author\" content=\"Michele\" \/>\n<meta name=\"twitter:card\" content=\"summary_large_image\" \/>\n<meta name=\"twitter:label1\" content=\"Written by\" \/>\n\t<meta name=\"twitter:data1\" content=\"Michele\" \/>\n\t<meta name=\"twitter:label2\" content=\"Est. reading time\" \/>\n\t<meta name=\"twitter:data2\" content=\"5 \u062f\u0642\u0627\u0626\u0642\" \/>\n<script type=\"application\/ld+json\" class=\"yoast-schema-graph\">{\"@context\":\"https:\\\/\\\/schema.org\",\"@graph\":[{\"@type\":\"Article\",\"@id\":\"https:\\\/\\\/www.vagadeempregorj.com.br\\\/recebe-ate-dois-salarios-voce-pode-ter-direito-a-novo-beneficio-em-2025\\\/#article\",\"isPartOf\":{\"@id\":\"https:\\\/\\\/www.vagadeempregorj.com.br\\\/recebe-ate-dois-salarios-voce-pode-ter-direito-a-novo-beneficio-em-2025\\\/\"},\"author\":{\"name\":\"Michele\",\"@id\":\"https:\\\/\\\/www.vagadeempregorj.com.br\\\/#\\\/schema\\\/person\\\/3ddb19fa0539706786e502152f3aae95\"},\"headline\":\"Recebe at\u00e9 dois sal\u00e1rios? Voc\u00ea pode ter direito a novo benef\u00edcio em 2025\",\"datePublished\":\"2025-05-13T23:03:38+00:00\",\"dateModified\":\"2025-10-24T23:24:12+00:00\",\"mainEntityOfPage\":{\"@id\":\"https:\\\/\\\/www.vagadeempregorj.com.br\\\/recebe-ate-dois-salarios-voce-pode-ter-direito-a-novo-beneficio-em-2025\\\/\"},\"wordCount\":1032,\"image\":{\"@id\":\"https:\\\/\\\/www.vagadeempregorj.com.br\\\/recebe-ate-dois-salarios-voce-pode-ter-direito-a-novo-beneficio-em-2025\\\/#primaryimage\"},\"thumbnailUrl\":\"https:\\\/\\\/www.vagadeempregorj.com.br\\\/wp-content\\\/uploads\\\/2025\\\/05\\\/novo_beneficio_2025_liberado.webp\",\"articleSection\":[\"Economia\"],\"inLanguage\":\"ar\"},{\"@type\":\"WebPage\",\"@id\":\"https:\\\/\\\/www.vagadeempregorj.com.br\\\/recebe-ate-dois-salarios-voce-pode-ter-direito-a-novo-beneficio-em-2025\\\/\",\"url\":\"https:\\\/\\\/www.vagadeempregorj.com.br\\\/recebe-ate-dois-salarios-voce-pode-ter-direito-a-novo-beneficio-em-2025\\\/\",\"name\":\"Recebe at\u00e9 dois sal\u00e1rios? Voc\u00ea pode ter direito a novo benef\u00edcio em 2025 -\",\"isPartOf\":{\"@id\":\"https:\\\/\\\/www.vagadeempregorj.com.br\\\/#website\"},\"primaryImageOfPage\":{\"@id\":\"https:\\\/\\\/www.vagadeempregorj.com.br\\\/recebe-ate-dois-salarios-voce-pode-ter-direito-a-novo-beneficio-em-2025\\\/#primaryimage\"},\"image\":{\"@id\":\"https:\\\/\\\/www.vagadeempregorj.com.br\\\/recebe-ate-dois-salarios-voce-pode-ter-direito-a-novo-beneficio-em-2025\\\/#primaryimage\"},\"thumbnailUrl\":\"https:\\\/\\\/www.vagadeempregorj.com.br\\\/wp-content\\\/uploads\\\/2025\\\/05\\\/novo_beneficio_2025_liberado.webp\",\"datePublished\":\"2025-05-13T23:03:38+00:00\",\"dateModified\":\"2025-10-24T23:24:12+00:00\",\"author\":{\"@id\":\"https:\\\/\\\/www.vagadeempregorj.com.br\\\/#\\\/schema\\\/person\\\/3ddb19fa0539706786e502152f3aae95\"},\"description\":\"Veja em Vagas de Emprego RJ as vagas de emprego com e sem experi\u00eancia no seu Estado e Regi\u00e3o!\",\"breadcrumb\":{\"@id\":\"https:\\\/\\\/www.vagadeempregorj.com.br\\\/recebe-ate-dois-salarios-voce-pode-ter-direito-a-novo-beneficio-em-2025\\\/#breadcrumb\"},\"inLanguage\":\"ar\",\"potentialAction\":[{\"@type\":\"ReadAction\",\"target\":[\"https:\\\/\\\/www.vagadeempregorj.com.br\\\/recebe-ate-dois-salarios-voce-pode-ter-direito-a-novo-beneficio-em-2025\\\/\"]}]},{\"@type\":\"ImageObject\",\"inLanguage\":\"ar\",\"@id\":\"https:\\\/\\\/www.vagadeempregorj.com.br\\\/recebe-ate-dois-salarios-voce-pode-ter-direito-a-novo-beneficio-em-2025\\\/#primaryimage\",\"url\":\"https:\\\/\\\/www.vagadeempregorj.com.br\\\/wp-content\\\/uploads\\\/2025\\\/05\\\/novo_beneficio_2025_liberado.webp\",\"contentUrl\":\"https:\\\/\\\/www.vagadeempregorj.com.br\\\/wp-content\\\/uploads\\\/2025\\\/05\\\/novo_beneficio_2025_liberado.webp\",\"width\":1536,\"height\":1024},{\"@type\":\"BreadcrumbList\",\"@id\":\"https:\\\/\\\/www.vagadeempregorj.com.br\\\/recebe-ate-dois-salarios-voce-pode-ter-direito-a-novo-beneficio-em-2025\\\/#breadcrumb\",\"itemListElement\":[{\"@type\":\"ListItem\",\"position\":1,\"name\":\"In\u00edcio\",\"item\":\"https:\\\/\\\/www.vagadeempregorj.com.br\\\/\"},{\"@type\":\"ListItem\",\"position\":2,\"name\":\"Economia\",\"item\":\"https:\\\/\\\/www.vagadeempregorj.com.br\\\/economia\\\/\"},{\"@type\":\"ListItem\",\"position\":3,\"name\":\"Recebe at\u00e9 dois sal\u00e1rios? Voc\u00ea pode ter direito a novo benef\u00edcio em 2025\"}]},{\"@type\":\"WebSite\",\"@id\":\"https:\\\/\\\/www.vagadeempregorj.com.br\\\/#website\",\"url\":\"https:\\\/\\\/www.vagadeempregorj.com.br\\\/\",\"name\":\"\",\"description\":\"Conquiste Sonhos: Vagas, Benef\u00edcios e Economia para Transformar Vidas e Alcan\u00e7ar Melhorias Cotidianas\",\"potentialAction\":[{\"@type\":\"SearchAction\",\"target\":{\"@type\":\"EntryPoint\",\"urlTemplate\":\"https:\\\/\\\/www.vagadeempregorj.com.br\\\/?s={search_term_string}\"},\"query-input\":{\"@type\":\"PropertyValueSpecification\",\"valueRequired\":true,\"valueName\":\"search_term_string\"}}],\"inLanguage\":\"ar\"},{\"@type\":\"Person\",\"@id\":\"https:\\\/\\\/www.vagadeempregorj.com.br\\\/#\\\/schema\\\/person\\\/3ddb19fa0539706786e502152f3aae95\",\"name\":\"Michele\",\"image\":{\"@type\":\"ImageObject\",\"inLanguage\":\"ar\",\"@id\":\"https:\\\/\\\/secure.gravatar.com\\\/avatar\\\/6b0eb9d22841282815e2cd856a0061c45e1761cd54b22e952d98c4746939aa85?s=96&r=g\",\"url\":\"https:\\\/\\\/secure.gravatar.com\\\/avatar\\\/6b0eb9d22841282815e2cd856a0061c45e1761cd54b22e952d98c4746939aa85?s=96&r=g\",\"contentUrl\":\"https:\\\/\\\/secure.gravatar.com\\\/avatar\\\/6b0eb9d22841282815e2cd856a0061c45e1761cd54b22e952d98c4746939aa85?s=96&r=g\",\"caption\":\"Michele\"},\"description\":\"Formada em Letras - Portugu\u00eas\\\/ Ingl\u00eas, e idealizadora do site Escritora de Sucesso, busca expandir o conhecimento de todos com informa\u00e7\u00f5es relevantes sobre diversos assuntos, enquanto redatora. No Vaga de Emprego RJ, traz oportunidades e dicas sobre o mercado de trabalho.\",\"url\":\"https:\\\/\\\/www.vagadeempregorj.com.br\\\/ar\\\/author\\\/michele\\\/\"}]}<\/script>\n<!-- \/ Yoast SEO plugin. -->","yoast_head_json":{"title":"Recebe at\u00e9 dois sal\u00e1rios? Voc\u00ea pode ter direito a novo benef\u00edcio em 2025 -","description":"Veja em Vagas de Emprego RJ as vagas de emprego com e sem experi\u00eancia no seu Estado e Regi\u00e3o!","robots":{"index":"index","follow":"follow","max-snippet":"max-snippet:-1","max-image-preview":"max-image-preview:large","max-video-preview":"max-video-preview:-1"},"canonical":"https:\/\/www.vagadeempregorj.com.br\/ar\/recebe-ate-dois-salarios-voce-pode-ter-direito-a-novo-beneficio-em-2025\/","og_locale":"ar_AR","og_type":"article","og_title":"Recebe at\u00e9 dois sal\u00e1rios? Voc\u00ea pode ter direito a novo benef\u00edcio em 2025 -","og_description":"Veja em Vagas de Emprego RJ as vagas de emprego com e sem experi\u00eancia no seu Estado e Regi\u00e3o!","og_url":"https:\/\/www.vagadeempregorj.com.br\/ar\/recebe-ate-dois-salarios-voce-pode-ter-direito-a-novo-beneficio-em-2025\/","article_publisher":"https:\/\/www.facebook.com\/empregobrasiloficial","article_published_time":"2025-05-13T23:03:38+00:00","article_modified_time":"2025-10-24T23:24:12+00:00","og_image":[{"width":1536,"height":1024,"url":"https:\/\/www.vagadeempregorj.com.br\/wp-content\/uploads\/2025\/05\/novo_beneficio_2025_liberado.webp","type":"image\/webp"}],"author":"Michele","twitter_card":"summary_large_image","twitter_misc":{"Written by":"Michele","Est. reading time":"5 \u062f\u0642\u0627\u0626\u0642"},"schema":{"@context":"https:\/\/schema.org","@graph":[{"@type":"Article","@id":"https:\/\/www.vagadeempregorj.com.br\/recebe-ate-dois-salarios-voce-pode-ter-direito-a-novo-beneficio-em-2025\/#article","isPartOf":{"@id":"https:\/\/www.vagadeempregorj.com.br\/recebe-ate-dois-salarios-voce-pode-ter-direito-a-novo-beneficio-em-2025\/"},"author":{"name":"Michele","@id":"https:\/\/www.vagadeempregorj.com.br\/#\/schema\/person\/3ddb19fa0539706786e502152f3aae95"},"headline":"Recebe at\u00e9 dois sal\u00e1rios? Voc\u00ea pode ter direito a novo benef\u00edcio em 2025","datePublished":"2025-05-13T23:03:38+00:00","dateModified":"2025-10-24T23:24:12+00:00","mainEntityOfPage":{"@id":"https:\/\/www.vagadeempregorj.com.br\/recebe-ate-dois-salarios-voce-pode-ter-direito-a-novo-beneficio-em-2025\/"},"wordCount":1032,"image":{"@id":"https:\/\/www.vagadeempregorj.com.br\/recebe-ate-dois-salarios-voce-pode-ter-direito-a-novo-beneficio-em-2025\/#primaryimage"},"thumbnailUrl":"https:\/\/www.vagadeempregorj.com.br\/wp-content\/uploads\/2025\/05\/novo_beneficio_2025_liberado.webp","articleSection":["Economia"],"inLanguage":"ar"},{"@type":"WebPage","@id":"https:\/\/www.vagadeempregorj.com.br\/recebe-ate-dois-salarios-voce-pode-ter-direito-a-novo-beneficio-em-2025\/","url":"https:\/\/www.vagadeempregorj.com.br\/recebe-ate-dois-salarios-voce-pode-ter-direito-a-novo-beneficio-em-2025\/","name":"Recebe at\u00e9 dois sal\u00e1rios? Voc\u00ea pode ter direito a novo benef\u00edcio em 2025 -","isPartOf":{"@id":"https:\/\/www.vagadeempregorj.com.br\/#website"},"primaryImageOfPage":{"@id":"https:\/\/www.vagadeempregorj.com.br\/recebe-ate-dois-salarios-voce-pode-ter-direito-a-novo-beneficio-em-2025\/#primaryimage"},"image":{"@id":"https:\/\/www.vagadeempregorj.com.br\/recebe-ate-dois-salarios-voce-pode-ter-direito-a-novo-beneficio-em-2025\/#primaryimage"},"thumbnailUrl":"https:\/\/www.vagadeempregorj.com.br\/wp-content\/uploads\/2025\/05\/novo_beneficio_2025_liberado.webp","datePublished":"2025-05-13T23:03:38+00:00","dateModified":"2025-10-24T23:24:12+00:00","author":{"@id":"https:\/\/www.vagadeempregorj.com.br\/#\/schema\/person\/3ddb19fa0539706786e502152f3aae95"},"description":"Veja em Vagas de Emprego RJ as vagas de emprego com e sem experi\u00eancia no seu Estado e Regi\u00e3o!","breadcrumb":{"@id":"https:\/\/www.vagadeempregorj.com.br\/recebe-ate-dois-salarios-voce-pode-ter-direito-a-novo-beneficio-em-2025\/#breadcrumb"},"inLanguage":"ar","potentialAction":[{"@type":"ReadAction","target":["https:\/\/www.vagadeempregorj.com.br\/recebe-ate-dois-salarios-voce-pode-ter-direito-a-novo-beneficio-em-2025\/"]}]},{"@type":"ImageObject","inLanguage":"ar","@id":"https:\/\/www.vagadeempregorj.com.br\/recebe-ate-dois-salarios-voce-pode-ter-direito-a-novo-beneficio-em-2025\/#primaryimage","url":"https:\/\/www.vagadeempregorj.com.br\/wp-content\/uploads\/2025\/05\/novo_beneficio_2025_liberado.webp","contentUrl":"https:\/\/www.vagadeempregorj.com.br\/wp-content\/uploads\/2025\/05\/novo_beneficio_2025_liberado.webp","width":1536,"height":1024},{"@type":"BreadcrumbList","@id":"https:\/\/www.vagadeempregorj.com.br\/recebe-ate-dois-salarios-voce-pode-ter-direito-a-novo-beneficio-em-2025\/#breadcrumb","itemListElement":[{"@type":"ListItem","position":1,"name":"In\u00edcio","item":"https:\/\/www.vagadeempregorj.com.br\/"},{"@type":"ListItem","position":2,"name":"Economia","item":"https:\/\/www.vagadeempregorj.com.br\/economia\/"},{"@type":"ListItem","position":3,"name":"Recebe at\u00e9 dois sal\u00e1rios? Voc\u00ea pode ter direito a novo benef\u00edcio em 2025"}]},{"@type":"WebSite","@id":"https:\/\/www.vagadeempregorj.com.br\/#website","url":"https:\/\/www.vagadeempregorj.com.br\/","name":"","description":"Conquiste Sonhos: Vagas, Benef\u00edcios e Economia para Transformar Vidas e Alcan\u00e7ar Melhorias Cotidianas","potentialAction":[{"@type":"SearchAction","target":{"@type":"EntryPoint","urlTemplate":"https:\/\/www.vagadeempregorj.com.br\/?s={search_term_string}"},"query-input":{"@type":"PropertyValueSpecification","valueRequired":true,"valueName":"search_term_string"}}],"inLanguage":"ar"},{"@type":"Person","@id":"https:\/\/www.vagadeempregorj.com.br\/#\/schema\/person\/3ddb19fa0539706786e502152f3aae95","name":"Michele","image":{"@type":"ImageObject","inLanguage":"ar","@id":"https:\/\/secure.gravatar.com\/avatar\/6b0eb9d22841282815e2cd856a0061c45e1761cd54b22e952d98c4746939aa85?s=96&r=g","url":"https:\/\/secure.gravatar.com\/avatar\/6b0eb9d22841282815e2cd856a0061c45e1761cd54b22e952d98c4746939aa85?s=96&r=g","contentUrl":"https:\/\/secure.gravatar.com\/avatar\/6b0eb9d22841282815e2cd856a0061c45e1761cd54b22e952d98c4746939aa85?s=96&r=g","caption":"Michele"},"description":"Formada em Letras - Portugu\u00eas\/ Ingl\u00eas, e idealizadora do site Escritora de Sucesso, busca expandir o conhecimento de todos com informa\u00e7\u00f5es relevantes sobre diversos assuntos, enquanto redatora. No Vaga de Emprego RJ, traz oportunidades e dicas sobre o mercado de trabalho.","url":"https:\/\/www.vagadeempregorj.com.br\/ar\/author\/michele\/"}]}},"_links":{"self":[{"href":"https:\/\/www.vagadeempregorj.com.br\/ar\/wp-json\/wp\/v2\/posts\/43345","targetHints":{"allow":["GET"]}}],"collection":[{"href":"https:\/\/www.vagadeempregorj.com.br\/ar\/wp-json\/wp\/v2\/posts"}],"about":[{"href":"https:\/\/www.vagadeempregorj.com.br\/ar\/wp-json\/wp\/v2\/types\/post"}],"author":[{"embeddable":true,"href":"https:\/\/www.vagadeempregorj.com.br\/ar\/wp-json\/wp\/v2\/users\/16"}],"replies":[{"embeddable":true,"href":"https:\/\/www.vagadeempregorj.com.br\/ar\/wp-json\/wp\/v2\/comments?post=43345"}],"version-history":[{"count":2,"href":"https:\/\/www.vagadeempregorj.com.br\/ar\/wp-json\/wp\/v2\/posts\/43345\/revisions"}],"predecessor-version":[{"id":43856,"href":"https:\/\/www.vagadeempregorj.com.br\/ar\/wp-json\/wp\/v2\/posts\/43345\/revisions\/43856"}],"wp:featuredmedia":[{"embeddable":true,"href":"https:\/\/www.vagadeempregorj.com.br\/ar\/wp-json\/wp\/v2\/media\/43346"}],"wp:attachment":[{"href":"https:\/\/www.vagadeempregorj.com.br\/ar\/wp-json\/wp\/v2\/media?parent=43345"}],"wp:term":[{"taxonomy":"category","embeddable":true,"href":"https:\/\/www.vagadeempregorj.com.br\/ar\/wp-json\/wp\/v2\/categories?post=43345"},{"taxonomy":"post_tag","embeddable":true,"href":"https:\/\/www.vagadeempregorj.com.br\/ar\/wp-json\/wp\/v2\/tags?post=43345"}],"curies":[{"name":"wp","href":"https:\/\/api.w.org\/{rel}","templated":true}]}}