{"id":43649,"date":"2025-06-26T13:40:21","date_gmt":"2025-06-26T16:40:21","guid":{"rendered":"https:\/\/www.vagadeempregorj.com.br\/?p=43649"},"modified":"2025-10-24T20:21:12","modified_gmt":"2025-10-24T23:21:12","slug":"carro-sem-entrada-com-aprovacao-ate-para-negativados","status":"publish","type":"post","link":"https:\/\/www.vagadeempregorj.com.br\/ar\/carro-sem-entrada-com-aprovacao-ate-para-negativados\/","title":{"rendered":"Carro sem entrada com aprova\u00e7\u00e3o at\u00e9 para negativados"},"content":{"rendered":"<p class=\"has-text-align-center\"><strong>Tenha sem carro sem entrada mesmo estando negativado.<\/strong><\/p>\n\n\n\n<div class=\"wp-block-buttons is-vertical is-content-justification-center is-layout-flex wp-container-core-buttons-is-layout-9a7cdcfd wp-block-buttons-is-layout-flex\">\n<div class=\"wp-block-button has-custom-width wp-block-button__width-100\"><a class=\"wp-block-button__link has-white-color has-vivid-red-background-color has-text-color has-background has-link-color wp-element-button\" href=\"https:\/\/www.vagadeempregorj.com.br\/ar\/saiba-como-financiar-carro-sem-entrada-pelo-icarros\/\" style=\"border-radius:12px\">Veja Onde Financiar Carro SEM Entrada para Negativados<\/a><\/div>\n\n\n\n<div class=\"wp-block-button has-custom-width wp-block-button__width-100\"><a class=\"wp-block-button__link has-white-color has-luminous-vivid-orange-background-color has-text-color has-background has-link-color wp-element-button\" href=\"https:\/\/www.vagadeempregorj.com.br\/ar\/cartao-de-credito-para-negativado-veja-opcoes-aprovadas-em-minutos\/\" style=\"border-radius:12px\">Cart\u00e3o de Cr\u00e9dito Dispon\u00edvel Para Score Baixo<\/a><\/div>\n\n\n\n<div class=\"wp-block-button has-custom-width wp-block-button__width-100\"><a class=\"wp-block-button__link has-white-color has-text-color has-background has-link-color wp-element-button\" href=\"https:\/\/www.vagadeempregorj.com.br\/ar\/esta-negativado-emprestimos-de-1500-reais-ou-mais-disponiveis\/\" style=\"border-radius:12px;background-color:#0569a3\">Empr\u00e9stimos Pr\u00e9-Aprovados Para Negativados<\/a><\/div>\n<\/div>\n\n\n\n<p class=\"has-text-align-center\">Conseguir um carro pr\u00f3prio parece imposs\u00edvel quando o or\u00e7amento est\u00e1 apertado e o nome est\u00e1 negativado. Mas a realidade mudou. Hoje, j\u00e1 existem op\u00e7\u00f5es de financiamento que n\u00e3o exigem entrada e ainda aceitam pessoas com restri\u00e7\u00f5es no nome. O que antes era visto como um bloqueio virou uma oportunidade de recome\u00e7o para muita gente.<\/p>\n\n\n\n<p>Plataformas modernas e sistemas mais flex\u00edveis de an\u00e1lise de cr\u00e9dito abriram as portas para quem precisa de mobilidade, mas est\u00e1 enfrentando dificuldades financeiras. Se voc\u00ea achou que nunca conseguiria sair de carro da loja sem dar entrada, talvez seja hora de rever suas op\u00e7\u00f5es.<\/p>\n\n\n\n<h2 class=\"wp-block-heading\">\u00c9 poss\u00edvel financiar mesmo negativado?<\/h2>\n\n\n\n<p>Sim, \u00e9 poss\u00edvel. Claro que n\u00e3o s\u00e3o todas as empresas que aprovam automaticamente, mas h\u00e1 financeiras e plataformas parceiras que analisam mais do que apenas o score. Elas consideram movimenta\u00e7\u00e3o banc\u00e1ria, comprova\u00e7\u00e3o de renda atual e at\u00e9 hist\u00f3rico de pagamento recente. Ou seja, mesmo com nome sujo, d\u00e1 para conseguir aprova\u00e7\u00e3o \u2014 principalmente se o financiamento n\u00e3o envolver entrada.<\/p>\n\n\n\n<p>Essa nova abordagem tem sido uma sa\u00edda para quem precisa do carro para trabalhar, estudar, empreender ou simplesmente melhorar a rotina da fam\u00edlia. E sim, sem exigir um valor inicial para dar de entrada, o que costuma ser um dos maiores empecilhos.<\/p>\n\n\n\n<h2 class=\"wp-block-heading\">Como funciona o financiamento sem entrada?<\/h2>\n\n\n\n<p>Funciona de forma bem parecida com o financiamento tradicional. A diferen\u00e7a \u00e9 que o valor que seria pago na entrada acaba sendo incorporado ao total financiado. Isso faz com que as parcelas fiquem um pouco mais altas, mas em compensa\u00e7\u00e3o permite que o comprador tenha acesso ao carro sem precisar desembolsar nada no ato.<\/p>\n\n\n\n<p>\u00c9 poss\u00edvel fazer tudo online: desde a simula\u00e7\u00e3o at\u00e9 o envio de documentos e an\u00e1lise de cr\u00e9dito. E o melhor \u00e9 que em muitas plataformas, voc\u00ea recebe propostas personalizadas com base no seu perfil.<\/p>\n\n\n\n<h2 class=\"wp-block-heading\">Quais documentos s\u00e3o necess\u00e1rios?<\/h2>\n\n\n\n<p>Normalmente, voc\u00ea vai precisar de:<\/p>\n\n\n\n<ul class=\"wp-block-list\">\n<li>Documento de identidade com foto<\/li>\n\n\n\n<li>Comprovante de resid\u00eancia recente<\/li>\n\n\n\n<li>Comprovante de renda (ou extrato banc\u00e1rio, se for aut\u00f4nomo)<\/li>\n\n\n\n<li>CNH, caso o carro seja financiado no seu nome<\/li>\n<\/ul>\n\n\n\n<p>Esses documentos podem ser enviados digitalmente na maioria das plataformas, sem precisar sair de casa.<\/p>\n\n\n\n<p>O conceito de financiamento sem entrada e com an\u00e1lise alternativa \u00e9 uma tend\u00eancia que cresce no mundo todo. Em muitos casos, o processo \u00e9 digital, r\u00e1pido e seguro, com prazos acess\u00edveis e contrata\u00e7\u00e3o 100% online.<\/p>\n\n\n\n<h2 class=\"wp-block-heading\">Por que esse modelo funciona?<\/h2>\n\n\n\n<p>A l\u00f3gica \u00e9 simples: muitas empresas entenderam que o mercado de financiamento estava perdendo um p\u00fablico enorme por conta das exig\u00eancias tradicionais. E mais, perceberam que nem sempre o nome sujo indica m\u00e1-f\u00e9 ou inadimpl\u00eancia cont\u00ednua \u2014 \u00e0s vezes, basta uma d\u00edvida antiga ou um imprevisto mal resolvido para colocar o CPF em restri\u00e7\u00e3o.<\/p>\n\n\n\n<p>Ent\u00e3o, o modelo de financiamento sem entrada e com an\u00e1lise mais justa atende justamente esse p\u00fablico que precisa de um carro, tem como pagar, mas esbarra na burocracia.<\/p>\n\n\n\n<h2 class=\"wp-block-heading\">E os cuidados?<\/h2>\n\n\n\n<p>Apesar das facilidades, \u00e9 essencial ter aten\u00e7\u00e3o. Financiamentos sem entrada costumam ter juros um pouco maiores, j\u00e1 que o risco para a empresa tamb\u00e9m \u00e9 maior. Por isso, antes de aceitar qualquer proposta, compare, simule e veja o valor total final. Tamb\u00e9m avalie se as parcelas cabem no seu or\u00e7amento, para n\u00e3o transformar a solu\u00e7\u00e3o em um novo problema.<\/p>\n\n\n\n<p>Se o valor das parcelas estiver muito alto, vale a pena testar outros modelos de carros, anos diferentes ou procurar por ofertas de ve\u00edculos usados com melhor custo-benef\u00edcio.<\/p>\n\n\n\n<h2 class=\"wp-block-heading\">Vale a pena?<\/h2>\n\n\n\n<p>Se voc\u00ea precisa de um carro com urg\u00eancia, n\u00e3o tem como dar entrada e est\u00e1 com o nome negativado, essa pode ser a oportunidade que estava esperando. O segredo \u00e9 pesquisar bem, simular com calma e garantir que o financiamento caiba no seu bolso, sem comprometer sua estabilidade financeira. Afinal, \u00e9 uma m\u00e3o na roda a praticidade de um carro a sua disponibilidade todos os dias, n\u00e3o \u00e9 mesmo?<\/p>\n\n\n\n<p>Carro pr\u00f3prio \u00e9 sin\u00f4nimo de liberdade, independ\u00eancia e novas possibilidades. E hoje, com tecnologia, an\u00e1lise justa e plataformas atualizadas, at\u00e9 quem est\u00e1 negativado pode dar a volta por cima e conquistar esse objetivo. <\/p>\n\n\n\n<p><strong>Publicado em 26 de junho de 2025<\/strong><\/p>\n\n\n\n<p><\/p>","protected":false},"excerpt":{"rendered":"<p>Tenha sem carro sem entrada mesmo estando negativado. Conseguir um carro pr\u00f3prio parece imposs\u00edvel quando o or\u00e7amento est\u00e1 apertado e o nome est\u00e1 negativado. Mas a realidade mudou. Hoje, j\u00e1 existem op\u00e7\u00f5es de financiamento que n\u00e3o exigem entrada e ainda aceitam pessoas com restri\u00e7\u00f5es no nome. O que antes era visto como um bloqueio virou&hellip;&nbsp;<\/p>","protected":false},"author":16,"featured_media":43650,"comment_status":"closed","ping_status":"closed","sticky":false,"template":"","format":"standard","meta":{"neve_meta_sidebar":"","neve_meta_container":"","neve_meta_enable_content_width":"","neve_meta_content_width":0,"neve_meta_title_alignment":"","neve_meta_author_avatar":"","neve_post_elements_order":"","neve_meta_disable_header":"","neve_meta_disable_footer":"","neve_meta_disable_title":"","footnotes":""},"categories":[804],"tags":[],"class_list":["post-43649","post","type-post","status-publish","format-standard","has-post-thumbnail","hentry","category-economia"],"yoast_head":"<!-- This site is optimized with the Yoast SEO plugin v27.5 - https:\/\/yoast.com\/product\/yoast-seo-wordpress\/ -->\n<title>Carro sem entrada com aprova\u00e7\u00e3o at\u00e9 para negativados -<\/title>\n<meta name=\"description\" content=\"Veja em Vagas de Emprego RJ as vagas de emprego com e sem experi\u00eancia no seu Estado e Regi\u00e3o!\" \/>\n<meta name=\"robots\" content=\"index, follow, max-snippet:-1, max-image-preview:large, max-video-preview:-1\" \/>\n<link rel=\"canonical\" href=\"https:\/\/www.vagadeempregorj.com.br\/ar\/carro-sem-entrada-com-aprovacao-ate-para-negativados\/\" \/>\n<meta property=\"og:locale\" content=\"ar_AR\" \/>\n<meta property=\"og:type\" content=\"article\" \/>\n<meta property=\"og:title\" content=\"Carro sem entrada com aprova\u00e7\u00e3o at\u00e9 para negativados -\" \/>\n<meta property=\"og:description\" content=\"Veja em Vagas de Emprego RJ as vagas de emprego com e sem experi\u00eancia no seu Estado e Regi\u00e3o!\" \/>\n<meta property=\"og:url\" content=\"https:\/\/www.vagadeempregorj.com.br\/ar\/carro-sem-entrada-com-aprovacao-ate-para-negativados\/\" \/>\n<meta property=\"article:publisher\" content=\"https:\/\/www.facebook.com\/empregobrasiloficial\" \/>\n<meta property=\"article:published_time\" content=\"2025-06-26T16:40:21+00:00\" \/>\n<meta property=\"article:modified_time\" content=\"2025-10-24T23:21:12+00:00\" \/>\n<meta property=\"og:image\" content=\"https:\/\/www.vagadeempregorj.com.br\/wp-content\/uploads\/2025\/06\/carro-sem-entrada-financiamento-1024x683.png\" \/>\n\t<meta property=\"og:image:width\" content=\"1024\" \/>\n\t<meta property=\"og:image:height\" content=\"683\" \/>\n\t<meta property=\"og:image:type\" content=\"image\/png\" \/>\n<meta name=\"author\" content=\"Michele\" \/>\n<meta name=\"twitter:card\" content=\"summary_large_image\" \/>\n<meta name=\"twitter:label1\" content=\"Written by\" \/>\n\t<meta name=\"twitter:data1\" content=\"Michele\" \/>\n\t<meta name=\"twitter:label2\" content=\"Est. reading time\" \/>\n\t<meta name=\"twitter:data2\" content=\"4 \u062f\u0642\u0627\u0626\u0642\" \/>\n<script type=\"application\/ld+json\" class=\"yoast-schema-graph\">{\"@context\":\"https:\\\/\\\/schema.org\",\"@graph\":[{\"@type\":\"Article\",\"@id\":\"https:\\\/\\\/www.vagadeempregorj.com.br\\\/carro-sem-entrada-com-aprovacao-ate-para-negativados\\\/#article\",\"isPartOf\":{\"@id\":\"https:\\\/\\\/www.vagadeempregorj.com.br\\\/carro-sem-entrada-com-aprovacao-ate-para-negativados\\\/\"},\"author\":{\"name\":\"Michele\",\"@id\":\"https:\\\/\\\/www.vagadeempregorj.com.br\\\/#\\\/schema\\\/person\\\/3ddb19fa0539706786e502152f3aae95\"},\"headline\":\"Carro sem entrada com aprova\u00e7\u00e3o at\u00e9 para negativados\",\"datePublished\":\"2025-06-26T16:40:21+00:00\",\"dateModified\":\"2025-10-24T23:21:12+00:00\",\"mainEntityOfPage\":{\"@id\":\"https:\\\/\\\/www.vagadeempregorj.com.br\\\/carro-sem-entrada-com-aprovacao-ate-para-negativados\\\/\"},\"wordCount\":761,\"image\":{\"@id\":\"https:\\\/\\\/www.vagadeempregorj.com.br\\\/carro-sem-entrada-com-aprovacao-ate-para-negativados\\\/#primaryimage\"},\"thumbnailUrl\":\"https:\\\/\\\/www.vagadeempregorj.com.br\\\/wp-content\\\/uploads\\\/2025\\\/06\\\/carro-sem-entrada-financiamento.png\",\"articleSection\":[\"Economia\"],\"inLanguage\":\"ar\"},{\"@type\":\"WebPage\",\"@id\":\"https:\\\/\\\/www.vagadeempregorj.com.br\\\/carro-sem-entrada-com-aprovacao-ate-para-negativados\\\/\",\"url\":\"https:\\\/\\\/www.vagadeempregorj.com.br\\\/carro-sem-entrada-com-aprovacao-ate-para-negativados\\\/\",\"name\":\"Carro sem entrada com aprova\u00e7\u00e3o at\u00e9 para negativados -\",\"isPartOf\":{\"@id\":\"https:\\\/\\\/www.vagadeempregorj.com.br\\\/#website\"},\"primaryImageOfPage\":{\"@id\":\"https:\\\/\\\/www.vagadeempregorj.com.br\\\/carro-sem-entrada-com-aprovacao-ate-para-negativados\\\/#primaryimage\"},\"image\":{\"@id\":\"https:\\\/\\\/www.vagadeempregorj.com.br\\\/carro-sem-entrada-com-aprovacao-ate-para-negativados\\\/#primaryimage\"},\"thumbnailUrl\":\"https:\\\/\\\/www.vagadeempregorj.com.br\\\/wp-content\\\/uploads\\\/2025\\\/06\\\/carro-sem-entrada-financiamento.png\",\"datePublished\":\"2025-06-26T16:40:21+00:00\",\"dateModified\":\"2025-10-24T23:21:12+00:00\",\"author\":{\"@id\":\"https:\\\/\\\/www.vagadeempregorj.com.br\\\/#\\\/schema\\\/person\\\/3ddb19fa0539706786e502152f3aae95\"},\"description\":\"Veja em Vagas de Emprego RJ as vagas de emprego com e sem experi\u00eancia no seu Estado e Regi\u00e3o!\",\"breadcrumb\":{\"@id\":\"https:\\\/\\\/www.vagadeempregorj.com.br\\\/carro-sem-entrada-com-aprovacao-ate-para-negativados\\\/#breadcrumb\"},\"inLanguage\":\"ar\",\"potentialAction\":[{\"@type\":\"ReadAction\",\"target\":[\"https:\\\/\\\/www.vagadeempregorj.com.br\\\/carro-sem-entrada-com-aprovacao-ate-para-negativados\\\/\"]}]},{\"@type\":\"ImageObject\",\"inLanguage\":\"ar\",\"@id\":\"https:\\\/\\\/www.vagadeempregorj.com.br\\\/carro-sem-entrada-com-aprovacao-ate-para-negativados\\\/#primaryimage\",\"url\":\"https:\\\/\\\/www.vagadeempregorj.com.br\\\/wp-content\\\/uploads\\\/2025\\\/06\\\/carro-sem-entrada-financiamento.png\",\"contentUrl\":\"https:\\\/\\\/www.vagadeempregorj.com.br\\\/wp-content\\\/uploads\\\/2025\\\/06\\\/carro-sem-entrada-financiamento.png\",\"width\":1536,\"height\":1024},{\"@type\":\"BreadcrumbList\",\"@id\":\"https:\\\/\\\/www.vagadeempregorj.com.br\\\/carro-sem-entrada-com-aprovacao-ate-para-negativados\\\/#breadcrumb\",\"itemListElement\":[{\"@type\":\"ListItem\",\"position\":1,\"name\":\"In\u00edcio\",\"item\":\"https:\\\/\\\/www.vagadeempregorj.com.br\\\/\"},{\"@type\":\"ListItem\",\"position\":2,\"name\":\"Economia\",\"item\":\"https:\\\/\\\/www.vagadeempregorj.com.br\\\/economia\\\/\"},{\"@type\":\"ListItem\",\"position\":3,\"name\":\"Carro sem entrada com aprova\u00e7\u00e3o at\u00e9 para negativados\"}]},{\"@type\":\"WebSite\",\"@id\":\"https:\\\/\\\/www.vagadeempregorj.com.br\\\/#website\",\"url\":\"https:\\\/\\\/www.vagadeempregorj.com.br\\\/\",\"name\":\"\",\"description\":\"Conquiste Sonhos: Vagas, Benef\u00edcios e Economia para Transformar Vidas e Alcan\u00e7ar Melhorias Cotidianas\",\"potentialAction\":[{\"@type\":\"SearchAction\",\"target\":{\"@type\":\"EntryPoint\",\"urlTemplate\":\"https:\\\/\\\/www.vagadeempregorj.com.br\\\/?s={search_term_string}\"},\"query-input\":{\"@type\":\"PropertyValueSpecification\",\"valueRequired\":true,\"valueName\":\"search_term_string\"}}],\"inLanguage\":\"ar\"},{\"@type\":\"Person\",\"@id\":\"https:\\\/\\\/www.vagadeempregorj.com.br\\\/#\\\/schema\\\/person\\\/3ddb19fa0539706786e502152f3aae95\",\"name\":\"Michele\",\"image\":{\"@type\":\"ImageObject\",\"inLanguage\":\"ar\",\"@id\":\"https:\\\/\\\/secure.gravatar.com\\\/avatar\\\/6b0eb9d22841282815e2cd856a0061c45e1761cd54b22e952d98c4746939aa85?s=96&r=g\",\"url\":\"https:\\\/\\\/secure.gravatar.com\\\/avatar\\\/6b0eb9d22841282815e2cd856a0061c45e1761cd54b22e952d98c4746939aa85?s=96&r=g\",\"contentUrl\":\"https:\\\/\\\/secure.gravatar.com\\\/avatar\\\/6b0eb9d22841282815e2cd856a0061c45e1761cd54b22e952d98c4746939aa85?s=96&r=g\",\"caption\":\"Michele\"},\"description\":\"Formada em Letras - Portugu\u00eas\\\/ Ingl\u00eas, e idealizadora do site Escritora de Sucesso, busca expandir o conhecimento de todos com informa\u00e7\u00f5es relevantes sobre diversos assuntos, enquanto redatora. No Vaga de Emprego RJ, traz oportunidades e dicas sobre o mercado de trabalho.\",\"url\":\"https:\\\/\\\/www.vagadeempregorj.com.br\\\/ar\\\/author\\\/michele\\\/\"}]}<\/script>\n<!-- \/ Yoast SEO plugin. -->","yoast_head_json":{"title":"Carro sem entrada com aprova\u00e7\u00e3o at\u00e9 para negativados -","description":"Veja em Vagas de Emprego RJ as vagas de emprego com e sem experi\u00eancia no seu Estado e Regi\u00e3o!","robots":{"index":"index","follow":"follow","max-snippet":"max-snippet:-1","max-image-preview":"max-image-preview:large","max-video-preview":"max-video-preview:-1"},"canonical":"https:\/\/www.vagadeempregorj.com.br\/ar\/carro-sem-entrada-com-aprovacao-ate-para-negativados\/","og_locale":"ar_AR","og_type":"article","og_title":"Carro sem entrada com aprova\u00e7\u00e3o at\u00e9 para negativados -","og_description":"Veja em Vagas de Emprego RJ as vagas de emprego com e sem experi\u00eancia no seu Estado e Regi\u00e3o!","og_url":"https:\/\/www.vagadeempregorj.com.br\/ar\/carro-sem-entrada-com-aprovacao-ate-para-negativados\/","article_publisher":"https:\/\/www.facebook.com\/empregobrasiloficial","article_published_time":"2025-06-26T16:40:21+00:00","article_modified_time":"2025-10-24T23:21:12+00:00","og_image":[{"width":1024,"height":683,"url":"https:\/\/www.vagadeempregorj.com.br\/wp-content\/uploads\/2025\/06\/carro-sem-entrada-financiamento-1024x683.png","type":"image\/png"}],"author":"Michele","twitter_card":"summary_large_image","twitter_misc":{"Written by":"Michele","Est. reading time":"4 \u062f\u0642\u0627\u0626\u0642"},"schema":{"@context":"https:\/\/schema.org","@graph":[{"@type":"Article","@id":"https:\/\/www.vagadeempregorj.com.br\/carro-sem-entrada-com-aprovacao-ate-para-negativados\/#article","isPartOf":{"@id":"https:\/\/www.vagadeempregorj.com.br\/carro-sem-entrada-com-aprovacao-ate-para-negativados\/"},"author":{"name":"Michele","@id":"https:\/\/www.vagadeempregorj.com.br\/#\/schema\/person\/3ddb19fa0539706786e502152f3aae95"},"headline":"Carro sem entrada com aprova\u00e7\u00e3o at\u00e9 para negativados","datePublished":"2025-06-26T16:40:21+00:00","dateModified":"2025-10-24T23:21:12+00:00","mainEntityOfPage":{"@id":"https:\/\/www.vagadeempregorj.com.br\/carro-sem-entrada-com-aprovacao-ate-para-negativados\/"},"wordCount":761,"image":{"@id":"https:\/\/www.vagadeempregorj.com.br\/carro-sem-entrada-com-aprovacao-ate-para-negativados\/#primaryimage"},"thumbnailUrl":"https:\/\/www.vagadeempregorj.com.br\/wp-content\/uploads\/2025\/06\/carro-sem-entrada-financiamento.png","articleSection":["Economia"],"inLanguage":"ar"},{"@type":"WebPage","@id":"https:\/\/www.vagadeempregorj.com.br\/carro-sem-entrada-com-aprovacao-ate-para-negativados\/","url":"https:\/\/www.vagadeempregorj.com.br\/carro-sem-entrada-com-aprovacao-ate-para-negativados\/","name":"Carro sem entrada com aprova\u00e7\u00e3o at\u00e9 para negativados -","isPartOf":{"@id":"https:\/\/www.vagadeempregorj.com.br\/#website"},"primaryImageOfPage":{"@id":"https:\/\/www.vagadeempregorj.com.br\/carro-sem-entrada-com-aprovacao-ate-para-negativados\/#primaryimage"},"image":{"@id":"https:\/\/www.vagadeempregorj.com.br\/carro-sem-entrada-com-aprovacao-ate-para-negativados\/#primaryimage"},"thumbnailUrl":"https:\/\/www.vagadeempregorj.com.br\/wp-content\/uploads\/2025\/06\/carro-sem-entrada-financiamento.png","datePublished":"2025-06-26T16:40:21+00:00","dateModified":"2025-10-24T23:21:12+00:00","author":{"@id":"https:\/\/www.vagadeempregorj.com.br\/#\/schema\/person\/3ddb19fa0539706786e502152f3aae95"},"description":"Veja em Vagas de Emprego RJ as vagas de emprego com e sem experi\u00eancia no seu Estado e Regi\u00e3o!","breadcrumb":{"@id":"https:\/\/www.vagadeempregorj.com.br\/carro-sem-entrada-com-aprovacao-ate-para-negativados\/#breadcrumb"},"inLanguage":"ar","potentialAction":[{"@type":"ReadAction","target":["https:\/\/www.vagadeempregorj.com.br\/carro-sem-entrada-com-aprovacao-ate-para-negativados\/"]}]},{"@type":"ImageObject","inLanguage":"ar","@id":"https:\/\/www.vagadeempregorj.com.br\/carro-sem-entrada-com-aprovacao-ate-para-negativados\/#primaryimage","url":"https:\/\/www.vagadeempregorj.com.br\/wp-content\/uploads\/2025\/06\/carro-sem-entrada-financiamento.png","contentUrl":"https:\/\/www.vagadeempregorj.com.br\/wp-content\/uploads\/2025\/06\/carro-sem-entrada-financiamento.png","width":1536,"height":1024},{"@type":"BreadcrumbList","@id":"https:\/\/www.vagadeempregorj.com.br\/carro-sem-entrada-com-aprovacao-ate-para-negativados\/#breadcrumb","itemListElement":[{"@type":"ListItem","position":1,"name":"In\u00edcio","item":"https:\/\/www.vagadeempregorj.com.br\/"},{"@type":"ListItem","position":2,"name":"Economia","item":"https:\/\/www.vagadeempregorj.com.br\/economia\/"},{"@type":"ListItem","position":3,"name":"Carro sem entrada com aprova\u00e7\u00e3o at\u00e9 para negativados"}]},{"@type":"WebSite","@id":"https:\/\/www.vagadeempregorj.com.br\/#website","url":"https:\/\/www.vagadeempregorj.com.br\/","name":"","description":"Conquiste Sonhos: Vagas, Benef\u00edcios e Economia para Transformar Vidas e Alcan\u00e7ar Melhorias Cotidianas","potentialAction":[{"@type":"SearchAction","target":{"@type":"EntryPoint","urlTemplate":"https:\/\/www.vagadeempregorj.com.br\/?s={search_term_string}"},"query-input":{"@type":"PropertyValueSpecification","valueRequired":true,"valueName":"search_term_string"}}],"inLanguage":"ar"},{"@type":"Person","@id":"https:\/\/www.vagadeempregorj.com.br\/#\/schema\/person\/3ddb19fa0539706786e502152f3aae95","name":"Michele","image":{"@type":"ImageObject","inLanguage":"ar","@id":"https:\/\/secure.gravatar.com\/avatar\/6b0eb9d22841282815e2cd856a0061c45e1761cd54b22e952d98c4746939aa85?s=96&r=g","url":"https:\/\/secure.gravatar.com\/avatar\/6b0eb9d22841282815e2cd856a0061c45e1761cd54b22e952d98c4746939aa85?s=96&r=g","contentUrl":"https:\/\/secure.gravatar.com\/avatar\/6b0eb9d22841282815e2cd856a0061c45e1761cd54b22e952d98c4746939aa85?s=96&r=g","caption":"Michele"},"description":"Formada em Letras - Portugu\u00eas\/ Ingl\u00eas, e idealizadora do site Escritora de Sucesso, busca expandir o conhecimento de todos com informa\u00e7\u00f5es relevantes sobre diversos assuntos, enquanto redatora. No Vaga de Emprego RJ, traz oportunidades e dicas sobre o mercado de trabalho.","url":"https:\/\/www.vagadeempregorj.com.br\/ar\/author\/michele\/"}]}},"_links":{"self":[{"href":"https:\/\/www.vagadeempregorj.com.br\/ar\/wp-json\/wp\/v2\/posts\/43649","targetHints":{"allow":["GET"]}}],"collection":[{"href":"https:\/\/www.vagadeempregorj.com.br\/ar\/wp-json\/wp\/v2\/posts"}],"about":[{"href":"https:\/\/www.vagadeempregorj.com.br\/ar\/wp-json\/wp\/v2\/types\/post"}],"author":[{"embeddable":true,"href":"https:\/\/www.vagadeempregorj.com.br\/ar\/wp-json\/wp\/v2\/users\/16"}],"replies":[{"embeddable":true,"href":"https:\/\/www.vagadeempregorj.com.br\/ar\/wp-json\/wp\/v2\/comments?post=43649"}],"version-history":[{"count":2,"href":"https:\/\/www.vagadeempregorj.com.br\/ar\/wp-json\/wp\/v2\/posts\/43649\/revisions"}],"predecessor-version":[{"id":43825,"href":"https:\/\/www.vagadeempregorj.com.br\/ar\/wp-json\/wp\/v2\/posts\/43649\/revisions\/43825"}],"wp:featuredmedia":[{"embeddable":true,"href":"https:\/\/www.vagadeempregorj.com.br\/ar\/wp-json\/wp\/v2\/media\/43650"}],"wp:attachment":[{"href":"https:\/\/www.vagadeempregorj.com.br\/ar\/wp-json\/wp\/v2\/media?parent=43649"}],"wp:term":[{"taxonomy":"category","embeddable":true,"href":"https:\/\/www.vagadeempregorj.com.br\/ar\/wp-json\/wp\/v2\/categories?post=43649"},{"taxonomy":"post_tag","embeddable":true,"href":"https:\/\/www.vagadeempregorj.com.br\/ar\/wp-json\/wp\/v2\/tags?post=43649"}],"curies":[{"name":"wp","href":"https:\/\/api.w.org\/{rel}","templated":true}]}}