{"id":43787,"date":"2025-09-16T21:45:37","date_gmt":"2025-09-17T00:45:37","guid":{"rendered":"https:\/\/www.vagadeempregorj.com.br\/?p=43787"},"modified":"2025-09-16T21:45:38","modified_gmt":"2025-09-17T00:45:38","slug":"mercado-de-trabalho-em-alta-areas-que-mais-contratam-em-2025","status":"publish","type":"post","link":"https:\/\/www.vagadeempregorj.com.br\/ar\/mercado-de-trabalho-em-alta-areas-que-mais-contratam-em-2025\/","title":{"rendered":"Mercado de trabalho em alta: \u00e1reas que mais contratam em 2025"},"content":{"rendered":"<p class=\"has-text-align-center\"><strong>Seja um contratado em uma das \u00e1reas que mais est\u00e3o em destaque esse ano<\/strong><\/p>\n\n\n\n<p>O mercado de trabalho brasileiro em 2025 est\u00e1 cheio de movimenta\u00e7\u00f5es e promete muitas oportunidades para quem deseja crescer na carreira ou at\u00e9 mesmo mudar de \u00e1rea. As transforma\u00e7\u00f5es digitais, a busca por sustentabilidade e a reestrutura\u00e7\u00e3o das empresas ap\u00f3s anos de adapta\u00e7\u00e3o \u00e0 tecnologia e novos modelos de consumo criaram uma nova lista de profiss\u00f5es em alta. Se antes algumas carreiras eram vistas como o futuro, hoje j\u00e1 s\u00e3o realidade e est\u00e3o contratando em grande escala.<\/p>\n\n\n\n<h2 class=\"wp-block-heading\">Tecnologia e intelig\u00eancia artificial<\/h2>\n\n\n\n<p>N\u00e3o \u00e9 surpresa que o setor de tecnologia continue em alta. Empresas de todos os tamanhos buscam profissionais capazes de lidar com intelig\u00eancia artificial, seguran\u00e7a cibern\u00e9tica, an\u00e1lise de dados e desenvolvimento de softwares. Fun\u00e7\u00f5es como engenheiro de dados, cientista de IA e especialista em ciberseguran\u00e7a s\u00e3o cada vez mais procuradas. Isso porque a digitaliza\u00e7\u00e3o n\u00e3o para, e a prote\u00e7\u00e3o de informa\u00e7\u00f5es se tornou uma prioridade global. Al\u00e9m disso, o avan\u00e7o da automa\u00e7\u00e3o pede profissionais que saibam criar, monitorar e manter sistemas inteligentes.<\/p>\n\n\n\n<h2 class=\"wp-block-heading\">Sa\u00fade e bem-estar<\/h2>\n\n\n\n<p>O setor de sa\u00fade segue como um dos que mais empregam. Em 2025, cresce a demanda n\u00e3o s\u00f3 por m\u00e9dicos e enfermeiros, mas tamb\u00e9m por fisioterapeutas, psic\u00f3logos, nutricionistas e profissionais ligados \u00e0 sa\u00fade mental. As cl\u00ednicas populares e atendimentos online se expandiram, e com isso surgiram novas formas de contrata\u00e7\u00e3o. Outro ponto \u00e9 que o envelhecimento da popula\u00e7\u00e3o brasileira gera maior necessidade de cuidadores, profissionais de geriatria e especialistas em terapias de longo prazo.<\/p>\n\n\n\n<h2 class=\"wp-block-heading\">Sustentabilidade e meio ambiente<\/h2>\n\n\n\n<p>A busca por solu\u00e7\u00f5es sustent\u00e1veis \u00e9 um dos grandes motores de contrata\u00e7\u00f5es neste ano. Profissionais que atuam com energias renov\u00e1veis, gest\u00e3o ambiental, agricultura sustent\u00e1vel e log\u00edstica verde est\u00e3o sendo requisitados em empresas de diferentes segmentos. A press\u00e3o por metas ambientais e a valoriza\u00e7\u00e3o de neg\u00f3cios que respeitam o meio ambiente criaram espa\u00e7o para cargos que at\u00e9 pouco tempo eram pouco conhecidos, como gestor de ESG (ambiental, social e governan\u00e7a) e analista de carbono.<\/p>\n\n\n\n<h2 class=\"wp-block-heading\">Log\u00edstica e com\u00e9rcio eletr\u00f4nico<\/h2>\n\n\n\n<p>Com o fortalecimento do com\u00e9rcio eletr\u00f4nico, a log\u00edstica ganhou ainda mais destaque. Em 2025, a procura por motoristas de entrega, profissionais de centros de distribui\u00e7\u00e3o, analistas de log\u00edstica e especialistas em gest\u00e3o de estoques aumentou significativamente. Empresas investem em tecnologia para melhorar a efici\u00eancia das entregas, mas ainda assim precisam de equipes preparadas para lidar com o alto volume de pedidos. Essa \u00e9 uma \u00e1rea que deve continuar crescendo nos pr\u00f3ximos anos.<\/p>\n\n\n\n<h2 class=\"wp-block-heading\">Educa\u00e7\u00e3o e capacita\u00e7\u00e3o digital<\/h2>\n\n\n\n<p>A educa\u00e7\u00e3o tamb\u00e9m se transformou e hoje abre espa\u00e7o para professores e instrutores que atuam de forma h\u00edbrida, combinando aulas presenciais e online. O ensino de idiomas, programa\u00e7\u00e3o e cursos t\u00e9cnicos r\u00e1pidos est\u00e1 em alta. Plataformas digitais de ensino expandiram e criaram demanda por tutores, criadores de conte\u00fado educacional e at\u00e9 coordenadores de cursos virtuais. A necessidade de atualiza\u00e7\u00e3o constante no mercado de trabalho gera um ciclo cont\u00ednuo de contrata\u00e7\u00f5es nesse setor.<\/p>\n\n\n\n<h2 class=\"wp-block-heading\">Economia criativa e marketing digital<\/h2>\n\n\n\n<p>Profissionais de marketing digital, design, produ\u00e7\u00e3o de conte\u00fado e gest\u00e3o de redes sociais seguem em alta em 2025. As empresas entenderam que n\u00e3o basta estar online, \u00e9 preciso se destacar em meio \u00e0 concorr\u00eancia. Isso abriu espa\u00e7o para especialistas em tr\u00e1fego pago, SEO, cria\u00e7\u00e3o de v\u00eddeos curtos e an\u00e1lise de m\u00e9tricas. Al\u00e9m disso, a economia criativa, que envolve m\u00fasica, artes visuais, moda e entretenimento, tamb\u00e9m movimenta contrata\u00e7\u00f5es e abre portas para novos talentos.<\/p>\n\n\n\n<h2 class=\"wp-block-heading\">Constru\u00e7\u00e3o civil e infraestrutura<\/h2>\n\n\n\n<p>Com o aumento de investimentos em obras p\u00fablicas e privadas, a constru\u00e7\u00e3o civil voltou a ser uma das \u00e1reas que mais empregam no Brasil. Pedreiros, engenheiros, arquitetos, eletricistas e t\u00e9cnicos em edifica\u00e7\u00f5es est\u00e3o sendo chamados em grandes n\u00fameros. Projetos de moradia popular, infraestrutura urbana e expans\u00e3o de rodovias geram muitas oportunidades em todo o pa\u00eds.<\/p>\n\n\n\n<h2 class=\"wp-block-heading\">Energia e transi\u00e7\u00e3o el\u00e9trica<\/h2>\n\n\n\n<p>A busca por fontes de energia limpa criou espa\u00e7o para profissionais especializados em energia solar, e\u00f3lica e el\u00e9trica. T\u00e9cnicos em instala\u00e7\u00e3o de pain\u00e9is solares, engenheiros de energia e consultores ambientais est\u00e3o entre os cargos mais procurados. Essa transi\u00e7\u00e3o energ\u00e9tica \u00e9 considerada uma tend\u00eancia global e deve se manter como geradora de empregos pelos pr\u00f3ximos anos.<\/p>\n\n\n\n<h2 class=\"wp-block-heading\">Conclus\u00e3o<\/h2>\n\n\n\n<p>O <strong>mercado de trabalho em 2025<\/strong> mostra que tecnologia, sa\u00fade, sustentabilidade, log\u00edstica, educa\u00e7\u00e3o digital, marketing e constru\u00e7\u00e3o civil s\u00e3o \u00e1reas que seguem aquecidas e pr\u00f3speras. Para quem busca novas oportunidades, \u00e9 o momento de avaliar quais setores mais combinam com seu perfil e investir em capacita\u00e7\u00e3o. Afinal, as empresas est\u00e3o em busca de profissionais preparados para os desafios de um mundo em constante transforma\u00e7\u00e3o.<\/p>\n\n\n\n<p><strong>Veja tamb\u00e9m: <a href=\"https:\/\/www.vagadeempregorj.com.br\/ar\/mercado-de-trabalho-quer-profissionais-desses-cursos-saiba-quais-sao\/\">Mercado de trabalho quer profissionais desses cursos \u2013 saiba quais s\u00e3o!<\/a><\/strong><\/p>\n\n\n\n<p>Publicado em 16 de setembro de 2025<\/p>","protected":false},"excerpt":{"rendered":"<p>Seja um contratado em uma das \u00e1reas que mais est\u00e3o em destaque esse ano O mercado de trabalho brasileiro em 2025 est\u00e1 cheio de movimenta\u00e7\u00f5es e promete muitas oportunidades para quem deseja crescer na carreira ou at\u00e9 mesmo mudar de \u00e1rea. As transforma\u00e7\u00f5es digitais, a busca por sustentabilidade e a reestrutura\u00e7\u00e3o das empresas ap\u00f3s anos&hellip;&nbsp;<\/p>","protected":false},"author":16,"featured_media":43788,"comment_status":"closed","ping_status":"closed","sticky":false,"template":"","format":"standard","meta":{"neve_meta_sidebar":"","neve_meta_container":"","neve_meta_enable_content_width":"","neve_meta_content_width":0,"neve_meta_title_alignment":"","neve_meta_author_avatar":"","neve_post_elements_order":"","neve_meta_disable_header":"","neve_meta_disable_footer":"","neve_meta_disable_title":"","footnotes":""},"categories":[804],"tags":[],"class_list":["post-43787","post","type-post","status-publish","format-standard","has-post-thumbnail","hentry","category-economia"],"yoast_head":"<!-- This site is optimized with the Yoast SEO plugin v27.5 - https:\/\/yoast.com\/product\/yoast-seo-wordpress\/ -->\n<title>Mercado de trabalho em alta: \u00e1reas que mais contratam em 2025 -<\/title>\n<meta name=\"description\" content=\"Veja em Vagas de Emprego RJ as vagas de emprego com e sem experi\u00eancia no seu Estado e Regi\u00e3o!\" \/>\n<meta name=\"robots\" content=\"index, follow, max-snippet:-1, max-image-preview:large, max-video-preview:-1\" \/>\n<link rel=\"canonical\" href=\"https:\/\/www.vagadeempregorj.com.br\/ar\/mercado-de-trabalho-em-alta-areas-que-mais-contratam-em-2025\/\" \/>\n<meta property=\"og:locale\" content=\"ar_AR\" \/>\n<meta property=\"og:type\" content=\"article\" \/>\n<meta property=\"og:title\" content=\"Mercado de trabalho em alta: \u00e1reas que mais contratam em 2025 -\" \/>\n<meta property=\"og:description\" content=\"Veja em Vagas de Emprego RJ as vagas de emprego com e sem experi\u00eancia no seu Estado e Regi\u00e3o!\" \/>\n<meta property=\"og:url\" content=\"https:\/\/www.vagadeempregorj.com.br\/ar\/mercado-de-trabalho-em-alta-areas-que-mais-contratam-em-2025\/\" \/>\n<meta property=\"article:publisher\" content=\"https:\/\/www.facebook.com\/empregobrasiloficial\" \/>\n<meta property=\"article:published_time\" content=\"2025-09-17T00:45:37+00:00\" \/>\n<meta property=\"article:modified_time\" content=\"2025-09-17T00:45:38+00:00\" \/>\n<meta property=\"og:image\" content=\"https:\/\/www.vagadeempregorj.com.br\/wp-content\/uploads\/2025\/09\/mercado-de-trabalho-2025-1024x683.png\" \/>\n\t<meta property=\"og:image:width\" content=\"1024\" \/>\n\t<meta property=\"og:image:height\" content=\"683\" \/>\n\t<meta property=\"og:image:type\" content=\"image\/png\" \/>\n<meta name=\"author\" content=\"Michele\" \/>\n<meta name=\"twitter:card\" content=\"summary_large_image\" \/>\n<meta name=\"twitter:label1\" content=\"Written by\" \/>\n\t<meta name=\"twitter:data1\" content=\"Michele\" \/>\n\t<meta name=\"twitter:label2\" content=\"Est. reading time\" \/>\n\t<meta name=\"twitter:data2\" content=\"4 \u062f\u0642\u0627\u0626\u0642\" \/>\n<script type=\"application\/ld+json\" class=\"yoast-schema-graph\">{\"@context\":\"https:\\\/\\\/schema.org\",\"@graph\":[{\"@type\":\"Article\",\"@id\":\"https:\\\/\\\/www.vagadeempregorj.com.br\\\/mercado-de-trabalho-em-alta-areas-que-mais-contratam-em-2025\\\/#article\",\"isPartOf\":{\"@id\":\"https:\\\/\\\/www.vagadeempregorj.com.br\\\/mercado-de-trabalho-em-alta-areas-que-mais-contratam-em-2025\\\/\"},\"author\":{\"name\":\"Michele\",\"@id\":\"https:\\\/\\\/www.vagadeempregorj.com.br\\\/#\\\/schema\\\/person\\\/3ddb19fa0539706786e502152f3aae95\"},\"headline\":\"Mercado de trabalho em alta: \u00e1reas que mais contratam em 2025\",\"datePublished\":\"2025-09-17T00:45:37+00:00\",\"dateModified\":\"2025-09-17T00:45:38+00:00\",\"mainEntityOfPage\":{\"@id\":\"https:\\\/\\\/www.vagadeempregorj.com.br\\\/mercado-de-trabalho-em-alta-areas-que-mais-contratam-em-2025\\\/\"},\"wordCount\":877,\"image\":{\"@id\":\"https:\\\/\\\/www.vagadeempregorj.com.br\\\/mercado-de-trabalho-em-alta-areas-que-mais-contratam-em-2025\\\/#primaryimage\"},\"thumbnailUrl\":\"https:\\\/\\\/www.vagadeempregorj.com.br\\\/wp-content\\\/uploads\\\/2025\\\/09\\\/mercado-de-trabalho-2025.png\",\"articleSection\":[\"Economia\"],\"inLanguage\":\"ar\"},{\"@type\":\"WebPage\",\"@id\":\"https:\\\/\\\/www.vagadeempregorj.com.br\\\/mercado-de-trabalho-em-alta-areas-que-mais-contratam-em-2025\\\/\",\"url\":\"https:\\\/\\\/www.vagadeempregorj.com.br\\\/mercado-de-trabalho-em-alta-areas-que-mais-contratam-em-2025\\\/\",\"name\":\"Mercado de trabalho em alta: \u00e1reas que mais contratam em 2025 -\",\"isPartOf\":{\"@id\":\"https:\\\/\\\/www.vagadeempregorj.com.br\\\/#website\"},\"primaryImageOfPage\":{\"@id\":\"https:\\\/\\\/www.vagadeempregorj.com.br\\\/mercado-de-trabalho-em-alta-areas-que-mais-contratam-em-2025\\\/#primaryimage\"},\"image\":{\"@id\":\"https:\\\/\\\/www.vagadeempregorj.com.br\\\/mercado-de-trabalho-em-alta-areas-que-mais-contratam-em-2025\\\/#primaryimage\"},\"thumbnailUrl\":\"https:\\\/\\\/www.vagadeempregorj.com.br\\\/wp-content\\\/uploads\\\/2025\\\/09\\\/mercado-de-trabalho-2025.png\",\"datePublished\":\"2025-09-17T00:45:37+00:00\",\"dateModified\":\"2025-09-17T00:45:38+00:00\",\"author\":{\"@id\":\"https:\\\/\\\/www.vagadeempregorj.com.br\\\/#\\\/schema\\\/person\\\/3ddb19fa0539706786e502152f3aae95\"},\"description\":\"Veja em Vagas de Emprego RJ as vagas de emprego com e sem experi\u00eancia no seu Estado e Regi\u00e3o!\",\"breadcrumb\":{\"@id\":\"https:\\\/\\\/www.vagadeempregorj.com.br\\\/mercado-de-trabalho-em-alta-areas-que-mais-contratam-em-2025\\\/#breadcrumb\"},\"inLanguage\":\"ar\",\"potentialAction\":[{\"@type\":\"ReadAction\",\"target\":[\"https:\\\/\\\/www.vagadeempregorj.com.br\\\/mercado-de-trabalho-em-alta-areas-que-mais-contratam-em-2025\\\/\"]}]},{\"@type\":\"ImageObject\",\"inLanguage\":\"ar\",\"@id\":\"https:\\\/\\\/www.vagadeempregorj.com.br\\\/mercado-de-trabalho-em-alta-areas-que-mais-contratam-em-2025\\\/#primaryimage\",\"url\":\"https:\\\/\\\/www.vagadeempregorj.com.br\\\/wp-content\\\/uploads\\\/2025\\\/09\\\/mercado-de-trabalho-2025.png\",\"contentUrl\":\"https:\\\/\\\/www.vagadeempregorj.com.br\\\/wp-content\\\/uploads\\\/2025\\\/09\\\/mercado-de-trabalho-2025.png\",\"width\":1536,\"height\":1024,\"caption\":\"mercado de trabalho 2025\"},{\"@type\":\"BreadcrumbList\",\"@id\":\"https:\\\/\\\/www.vagadeempregorj.com.br\\\/mercado-de-trabalho-em-alta-areas-que-mais-contratam-em-2025\\\/#breadcrumb\",\"itemListElement\":[{\"@type\":\"ListItem\",\"position\":1,\"name\":\"In\u00edcio\",\"item\":\"https:\\\/\\\/www.vagadeempregorj.com.br\\\/\"},{\"@type\":\"ListItem\",\"position\":2,\"name\":\"Economia\",\"item\":\"https:\\\/\\\/www.vagadeempregorj.com.br\\\/economia\\\/\"},{\"@type\":\"ListItem\",\"position\":3,\"name\":\"Mercado de trabalho em alta: \u00e1reas que mais contratam em 2025\"}]},{\"@type\":\"WebSite\",\"@id\":\"https:\\\/\\\/www.vagadeempregorj.com.br\\\/#website\",\"url\":\"https:\\\/\\\/www.vagadeempregorj.com.br\\\/\",\"name\":\"\",\"description\":\"Conquiste Sonhos: Vagas, Benef\u00edcios e Economia para Transformar Vidas e Alcan\u00e7ar Melhorias Cotidianas\",\"potentialAction\":[{\"@type\":\"SearchAction\",\"target\":{\"@type\":\"EntryPoint\",\"urlTemplate\":\"https:\\\/\\\/www.vagadeempregorj.com.br\\\/?s={search_term_string}\"},\"query-input\":{\"@type\":\"PropertyValueSpecification\",\"valueRequired\":true,\"valueName\":\"search_term_string\"}}],\"inLanguage\":\"ar\"},{\"@type\":\"Person\",\"@id\":\"https:\\\/\\\/www.vagadeempregorj.com.br\\\/#\\\/schema\\\/person\\\/3ddb19fa0539706786e502152f3aae95\",\"name\":\"Michele\",\"image\":{\"@type\":\"ImageObject\",\"inLanguage\":\"ar\",\"@id\":\"https:\\\/\\\/secure.gravatar.com\\\/avatar\\\/6b0eb9d22841282815e2cd856a0061c45e1761cd54b22e952d98c4746939aa85?s=96&r=g\",\"url\":\"https:\\\/\\\/secure.gravatar.com\\\/avatar\\\/6b0eb9d22841282815e2cd856a0061c45e1761cd54b22e952d98c4746939aa85?s=96&r=g\",\"contentUrl\":\"https:\\\/\\\/secure.gravatar.com\\\/avatar\\\/6b0eb9d22841282815e2cd856a0061c45e1761cd54b22e952d98c4746939aa85?s=96&r=g\",\"caption\":\"Michele\"},\"description\":\"Formada em Letras - Portugu\u00eas\\\/ Ingl\u00eas, e idealizadora do site Escritora de Sucesso, busca expandir o conhecimento de todos com informa\u00e7\u00f5es relevantes sobre diversos assuntos, enquanto redatora. No Vaga de Emprego RJ, traz oportunidades e dicas sobre o mercado de trabalho.\",\"url\":\"https:\\\/\\\/www.vagadeempregorj.com.br\\\/ar\\\/author\\\/michele\\\/\"}]}<\/script>\n<!-- \/ Yoast SEO plugin. -->","yoast_head_json":{"title":"Mercado de trabalho em alta: \u00e1reas que mais contratam em 2025 -","description":"Veja em Vagas de Emprego RJ as vagas de emprego com e sem experi\u00eancia no seu Estado e Regi\u00e3o!","robots":{"index":"index","follow":"follow","max-snippet":"max-snippet:-1","max-image-preview":"max-image-preview:large","max-video-preview":"max-video-preview:-1"},"canonical":"https:\/\/www.vagadeempregorj.com.br\/ar\/mercado-de-trabalho-em-alta-areas-que-mais-contratam-em-2025\/","og_locale":"ar_AR","og_type":"article","og_title":"Mercado de trabalho em alta: \u00e1reas que mais contratam em 2025 -","og_description":"Veja em Vagas de Emprego RJ as vagas de emprego com e sem experi\u00eancia no seu Estado e Regi\u00e3o!","og_url":"https:\/\/www.vagadeempregorj.com.br\/ar\/mercado-de-trabalho-em-alta-areas-que-mais-contratam-em-2025\/","article_publisher":"https:\/\/www.facebook.com\/empregobrasiloficial","article_published_time":"2025-09-17T00:45:37+00:00","article_modified_time":"2025-09-17T00:45:38+00:00","og_image":[{"width":1024,"height":683,"url":"https:\/\/www.vagadeempregorj.com.br\/wp-content\/uploads\/2025\/09\/mercado-de-trabalho-2025-1024x683.png","type":"image\/png"}],"author":"Michele","twitter_card":"summary_large_image","twitter_misc":{"Written by":"Michele","Est. reading time":"4 \u062f\u0642\u0627\u0626\u0642"},"schema":{"@context":"https:\/\/schema.org","@graph":[{"@type":"Article","@id":"https:\/\/www.vagadeempregorj.com.br\/mercado-de-trabalho-em-alta-areas-que-mais-contratam-em-2025\/#article","isPartOf":{"@id":"https:\/\/www.vagadeempregorj.com.br\/mercado-de-trabalho-em-alta-areas-que-mais-contratam-em-2025\/"},"author":{"name":"Michele","@id":"https:\/\/www.vagadeempregorj.com.br\/#\/schema\/person\/3ddb19fa0539706786e502152f3aae95"},"headline":"Mercado de trabalho em alta: \u00e1reas que mais contratam em 2025","datePublished":"2025-09-17T00:45:37+00:00","dateModified":"2025-09-17T00:45:38+00:00","mainEntityOfPage":{"@id":"https:\/\/www.vagadeempregorj.com.br\/mercado-de-trabalho-em-alta-areas-que-mais-contratam-em-2025\/"},"wordCount":877,"image":{"@id":"https:\/\/www.vagadeempregorj.com.br\/mercado-de-trabalho-em-alta-areas-que-mais-contratam-em-2025\/#primaryimage"},"thumbnailUrl":"https:\/\/www.vagadeempregorj.com.br\/wp-content\/uploads\/2025\/09\/mercado-de-trabalho-2025.png","articleSection":["Economia"],"inLanguage":"ar"},{"@type":"WebPage","@id":"https:\/\/www.vagadeempregorj.com.br\/mercado-de-trabalho-em-alta-areas-que-mais-contratam-em-2025\/","url":"https:\/\/www.vagadeempregorj.com.br\/mercado-de-trabalho-em-alta-areas-que-mais-contratam-em-2025\/","name":"Mercado de trabalho em alta: \u00e1reas que mais contratam em 2025 -","isPartOf":{"@id":"https:\/\/www.vagadeempregorj.com.br\/#website"},"primaryImageOfPage":{"@id":"https:\/\/www.vagadeempregorj.com.br\/mercado-de-trabalho-em-alta-areas-que-mais-contratam-em-2025\/#primaryimage"},"image":{"@id":"https:\/\/www.vagadeempregorj.com.br\/mercado-de-trabalho-em-alta-areas-que-mais-contratam-em-2025\/#primaryimage"},"thumbnailUrl":"https:\/\/www.vagadeempregorj.com.br\/wp-content\/uploads\/2025\/09\/mercado-de-trabalho-2025.png","datePublished":"2025-09-17T00:45:37+00:00","dateModified":"2025-09-17T00:45:38+00:00","author":{"@id":"https:\/\/www.vagadeempregorj.com.br\/#\/schema\/person\/3ddb19fa0539706786e502152f3aae95"},"description":"Veja em Vagas de Emprego RJ as vagas de emprego com e sem experi\u00eancia no seu Estado e Regi\u00e3o!","breadcrumb":{"@id":"https:\/\/www.vagadeempregorj.com.br\/mercado-de-trabalho-em-alta-areas-que-mais-contratam-em-2025\/#breadcrumb"},"inLanguage":"ar","potentialAction":[{"@type":"ReadAction","target":["https:\/\/www.vagadeempregorj.com.br\/mercado-de-trabalho-em-alta-areas-que-mais-contratam-em-2025\/"]}]},{"@type":"ImageObject","inLanguage":"ar","@id":"https:\/\/www.vagadeempregorj.com.br\/mercado-de-trabalho-em-alta-areas-que-mais-contratam-em-2025\/#primaryimage","url":"https:\/\/www.vagadeempregorj.com.br\/wp-content\/uploads\/2025\/09\/mercado-de-trabalho-2025.png","contentUrl":"https:\/\/www.vagadeempregorj.com.br\/wp-content\/uploads\/2025\/09\/mercado-de-trabalho-2025.png","width":1536,"height":1024,"caption":"mercado de trabalho 2025"},{"@type":"BreadcrumbList","@id":"https:\/\/www.vagadeempregorj.com.br\/mercado-de-trabalho-em-alta-areas-que-mais-contratam-em-2025\/#breadcrumb","itemListElement":[{"@type":"ListItem","position":1,"name":"In\u00edcio","item":"https:\/\/www.vagadeempregorj.com.br\/"},{"@type":"ListItem","position":2,"name":"Economia","item":"https:\/\/www.vagadeempregorj.com.br\/economia\/"},{"@type":"ListItem","position":3,"name":"Mercado de trabalho em alta: \u00e1reas que mais contratam em 2025"}]},{"@type":"WebSite","@id":"https:\/\/www.vagadeempregorj.com.br\/#website","url":"https:\/\/www.vagadeempregorj.com.br\/","name":"","description":"Conquiste Sonhos: Vagas, Benef\u00edcios e Economia para Transformar Vidas e Alcan\u00e7ar Melhorias Cotidianas","potentialAction":[{"@type":"SearchAction","target":{"@type":"EntryPoint","urlTemplate":"https:\/\/www.vagadeempregorj.com.br\/?s={search_term_string}"},"query-input":{"@type":"PropertyValueSpecification","valueRequired":true,"valueName":"search_term_string"}}],"inLanguage":"ar"},{"@type":"Person","@id":"https:\/\/www.vagadeempregorj.com.br\/#\/schema\/person\/3ddb19fa0539706786e502152f3aae95","name":"Michele","image":{"@type":"ImageObject","inLanguage":"ar","@id":"https:\/\/secure.gravatar.com\/avatar\/6b0eb9d22841282815e2cd856a0061c45e1761cd54b22e952d98c4746939aa85?s=96&r=g","url":"https:\/\/secure.gravatar.com\/avatar\/6b0eb9d22841282815e2cd856a0061c45e1761cd54b22e952d98c4746939aa85?s=96&r=g","contentUrl":"https:\/\/secure.gravatar.com\/avatar\/6b0eb9d22841282815e2cd856a0061c45e1761cd54b22e952d98c4746939aa85?s=96&r=g","caption":"Michele"},"description":"Formada em Letras - Portugu\u00eas\/ Ingl\u00eas, e idealizadora do site Escritora de Sucesso, busca expandir o conhecimento de todos com informa\u00e7\u00f5es relevantes sobre diversos assuntos, enquanto redatora. No Vaga de Emprego RJ, traz oportunidades e dicas sobre o mercado de trabalho.","url":"https:\/\/www.vagadeempregorj.com.br\/ar\/author\/michele\/"}]}},"_links":{"self":[{"href":"https:\/\/www.vagadeempregorj.com.br\/ar\/wp-json\/wp\/v2\/posts\/43787","targetHints":{"allow":["GET"]}}],"collection":[{"href":"https:\/\/www.vagadeempregorj.com.br\/ar\/wp-json\/wp\/v2\/posts"}],"about":[{"href":"https:\/\/www.vagadeempregorj.com.br\/ar\/wp-json\/wp\/v2\/types\/post"}],"author":[{"embeddable":true,"href":"https:\/\/www.vagadeempregorj.com.br\/ar\/wp-json\/wp\/v2\/users\/16"}],"replies":[{"embeddable":true,"href":"https:\/\/www.vagadeempregorj.com.br\/ar\/wp-json\/wp\/v2\/comments?post=43787"}],"version-history":[{"count":1,"href":"https:\/\/www.vagadeempregorj.com.br\/ar\/wp-json\/wp\/v2\/posts\/43787\/revisions"}],"predecessor-version":[{"id":43789,"href":"https:\/\/www.vagadeempregorj.com.br\/ar\/wp-json\/wp\/v2\/posts\/43787\/revisions\/43789"}],"wp:featuredmedia":[{"embeddable":true,"href":"https:\/\/www.vagadeempregorj.com.br\/ar\/wp-json\/wp\/v2\/media\/43788"}],"wp:attachment":[{"href":"https:\/\/www.vagadeempregorj.com.br\/ar\/wp-json\/wp\/v2\/media?parent=43787"}],"wp:term":[{"taxonomy":"category","embeddable":true,"href":"https:\/\/www.vagadeempregorj.com.br\/ar\/wp-json\/wp\/v2\/categories?post=43787"},{"taxonomy":"post_tag","embeddable":true,"href":"https:\/\/www.vagadeempregorj.com.br\/ar\/wp-json\/wp\/v2\/tags?post=43787"}],"curies":[{"name":"wp","href":"https:\/\/api.w.org\/{rel}","templated":true}]}}