{"id":43936,"date":"2026-02-01T12:46:15","date_gmt":"2026-02-01T15:46:15","guid":{"rendered":"https:\/\/www.vagadeempregorj.com.br\/?p=43936"},"modified":"2025-12-21T12:48:07","modified_gmt":"2025-12-21T15:48:07","slug":"beneficios-sociais-voltados-a-familia-e-as-criancas-protecao-desenvolvimento-e-inclusao-social","status":"publish","type":"post","link":"https:\/\/www.vagadeempregorj.com.br\/ar\/beneficios-sociais-voltados-a-familia-e-as-criancas-protecao-desenvolvimento-e-inclusao-social\/","title":{"rendered":"Benef\u00edcios Sociais Voltados \u00e0 Fam\u00edlia e \u00e0s Crian\u00e7as: Prote\u00e7\u00e3o, Desenvolvimento e Inclus\u00e3o Social"},"content":{"rendered":"<p>A fam\u00edlia \u00e9 o n\u00facleo central da organiza\u00e7\u00e3o social, e as crian\u00e7as representam o futuro de qualquer pa\u00eds. Por isso, grande parte das pol\u00edticas p\u00fablicas de benef\u00edcios sociais no Brasil \u00e9 direcionada \u00e0 prote\u00e7\u00e3o familiar e ao desenvolvimento infantil. Esses programas existem para garantir que crian\u00e7as cres\u00e7am em condi\u00e7\u00f5es m\u00ednimas de dignidade, com acesso \u00e0 alimenta\u00e7\u00e3o, sa\u00fade, educa\u00e7\u00e3o e seguran\u00e7a, especialmente em contextos de vulnerabilidade social.<\/p>\n\n\n\n<p>Neste artigo, voc\u00ea vai entender como funcionam os benef\u00edcios sociais voltados \u00e0 fam\u00edlia e \u00e0s crian\u00e7as, por que eles s\u00e3o fundamentais para o desenvolvimento social do pa\u00eds e como contribuem para a redu\u00e7\u00e3o de desigualdades e para a constru\u00e7\u00e3o de oportunidades ao longo da vida.<\/p>\n\n\n\n<h2 class=\"wp-block-heading\">Por Que Crian\u00e7as e Fam\u00edlias S\u00e3o Prioridade nas Pol\u00edticas Sociais?<\/h2>\n\n\n\n<p>Crian\u00e7as dependem integralmente do ambiente em que vivem. Quando uma fam\u00edlia enfrenta dificuldades financeiras, emocionais ou estruturais, os impactos recaem diretamente sobre o desenvolvimento infantil. Problemas como evas\u00e3o escolar, desnutri\u00e7\u00e3o, trabalho infantil e falta de acesso \u00e0 sa\u00fade est\u00e3o diretamente ligados \u00e0 vulnerabilidade familiar.<\/p>\n\n\n\n<p>As pol\u00edticas p\u00fablicas voltadas \u00e0 fam\u00edlia e \u00e0s crian\u00e7as buscam romper esse ciclo. Ao fortalecer a estrutura familiar, o Estado atua preventivamente, evitando problemas sociais mais graves no futuro e promovendo condi\u00e7\u00f5es para que crian\u00e7as se desenvolvam de forma saud\u00e1vel e segura.<\/p>\n\n\n\n<h2 class=\"wp-block-heading\">O Que S\u00e3o Benef\u00edcios Sociais Voltados \u00e0 Fam\u00edlia e Crian\u00e7as?<\/h2>\n\n\n\n<p>Esses benef\u00edcios incluem programas de apoio financeiro, acesso a servi\u00e7os p\u00fablicos, acompanhamento social e pol\u00edticas de prote\u00e7\u00e3o que t\u00eam como foco garantir o bem-estar das crian\u00e7as e a estabilidade das fam\u00edlias.<\/p>\n\n\n\n<p>Eles n\u00e3o se limitam \u00e0 transfer\u00eancia de renda. Envolvem a\u00e7\u00f5es integradas nas \u00e1reas de sa\u00fade, educa\u00e7\u00e3o, assist\u00eancia social e prote\u00e7\u00e3o contra situa\u00e7\u00f5es de risco, como neglig\u00eancia e viol\u00eancia.<\/p>\n\n\n\n<p>O objetivo \u00e9 criar uma rede de apoio que acompanhe a fam\u00edlia em diferentes etapas da vida.<\/p>\n\n\n\n<h2 class=\"wp-block-heading\">Apoio Financeiro e Seguran\u00e7a B\u00e1sica<\/h2>\n\n\n\n<p>O apoio financeiro destinado \u00e0s fam\u00edlias com crian\u00e7as tem como finalidade principal garantir a seguran\u00e7a alimentar e as condi\u00e7\u00f5es m\u00ednimas de sobreviv\u00eancia. Esse tipo de benef\u00edcio ajuda as fam\u00edlias a manterem despesas b\u00e1sicas, como alimenta\u00e7\u00e3o, vestu\u00e1rio e transporte.<\/p>\n\n\n\n<p>Quando uma fam\u00edlia tem acesso a renda m\u00ednima, as crian\u00e7as tendem a permanecer mais tempo na escola, apresentam melhores indicadores de sa\u00fade e est\u00e3o menos expostas a situa\u00e7\u00f5es de risco social. O impacto vai al\u00e9m do financeiro, refletindo diretamente no desenvolvimento emocional e cognitivo.<\/p>\n\n\n\n<h2 class=\"wp-block-heading\">Sa\u00fade Materno-Infantil Como Pilar Social<\/h2>\n\n\n\n<p>A sa\u00fade da gestante e da crian\u00e7a \u00e9 um dos eixos centrais dos benef\u00edcios sociais. O acompanhamento pr\u00e9-natal, o acesso ao parto seguro, a vacina\u00e7\u00e3o infantil e o monitoramento do crescimento s\u00e3o medidas essenciais para reduzir a mortalidade infantil e garantir um desenvolvimento saud\u00e1vel.<\/p>\n\n\n\n<p>Essas pol\u00edticas n\u00e3o apenas salvam vidas, mas tamb\u00e9m reduzem custos futuros ao sistema de sa\u00fade, j\u00e1 que a preven\u00e7\u00e3o \u00e9 sempre mais eficiente do que o tratamento tardio de doen\u00e7as.<\/p>\n\n\n\n<h2 class=\"wp-block-heading\">Educa\u00e7\u00e3o Infantil e Perman\u00eancia Escolar<\/h2>\n\n\n\n<p>Outro ponto fundamental \u00e9 a educa\u00e7\u00e3o. Benef\u00edcios sociais voltados \u00e0s fam\u00edlias incentivam a perman\u00eancia das crian\u00e7as na escola, reduzindo a evas\u00e3o escolar e promovendo igualdade de oportunidades.<\/p>\n\n\n\n<p>Quando o Estado cria mecanismos que ajudam as fam\u00edlias a manterem seus filhos estudando, ele investe diretamente no capital humano do pa\u00eds. Educa\u00e7\u00e3o de qualidade \u00e9 um dos principais fatores de mobilidade social e redu\u00e7\u00e3o da pobreza ao longo das gera\u00e7\u00f5es.<\/p>\n\n\n\n<h2 class=\"wp-block-heading\">Prote\u00e7\u00e3o Social e Combate \u00e0 Vulnerabilidade<\/h2>\n\n\n\n<p>Al\u00e9m do apoio financeiro e educacional, os benef\u00edcios sociais tamb\u00e9m atuam na prote\u00e7\u00e3o contra situa\u00e7\u00f5es de risco, como viol\u00eancia dom\u00e9stica, trabalho infantil e neglig\u00eancia. Servi\u00e7os de assist\u00eancia social acompanham fam\u00edlias em situa\u00e7\u00e3o de vulnerabilidade, oferecendo orienta\u00e7\u00e3o, apoio psicol\u00f3gico e encaminhamentos quando necess\u00e1rio.<\/p>\n\n\n\n<p>Essa atua\u00e7\u00e3o integrada busca n\u00e3o apenas resolver problemas imediatos, mas fortalecer a autonomia familiar e a capacidade de cuidado com as crian\u00e7as.<\/p>\n\n\n\n<h2 class=\"wp-block-heading\">A Import\u00e2ncia do Cadastro e do Acompanhamento Familiar<\/h2>\n\n\n\n<p>Para que os benef\u00edcios cheguem a quem realmente precisa, \u00e9 essencial que as fam\u00edlias estejam devidamente cadastradas nos sistemas oficiais. O acompanhamento social permite identificar mudan\u00e7as na situa\u00e7\u00e3o familiar e ajustar o apoio conforme a necessidade.<\/p>\n\n\n\n<p>Esse monitoramento n\u00e3o tem car\u00e1ter punitivo, mas preventivo. Ele permite interven\u00e7\u00f5es precoces, evitando o agravamento de situa\u00e7\u00f5es de risco e garantindo que as crian\u00e7as tenham seus direitos preservados.<\/p>\n\n\n\n<h2 class=\"wp-block-heading\">Impactos a Longo Prazo dos Benef\u00edcios Familiares<\/h2>\n\n\n\n<p>Os efeitos das pol\u00edticas voltadas \u00e0 fam\u00edlia e \u00e0s crian\u00e7as n\u00e3o s\u00e3o imediatos, mas acumulativos. Crian\u00e7as que crescem com acesso a alimenta\u00e7\u00e3o adequada, sa\u00fade e educa\u00e7\u00e3o t\u00eam maiores chances de concluir os estudos, ingressar no mercado de trabalho e romper ciclos de pobreza.<\/p>\n\n\n\n<p>Esses benef\u00edcios representam um investimento social de longo prazo, cujos resultados se refletem em uma sociedade mais equilibrada, produtiva e menos desigual.<\/p>\n\n\n\n<h2 class=\"wp-block-heading\">Desafios na Implementa\u00e7\u00e3o dos Benef\u00edcios<\/h2>\n\n\n\n<p>Apesar da import\u00e2ncia dessas pol\u00edticas, ainda existem desafios na implementa\u00e7\u00e3o, como a dificuldade de acesso \u00e0 informa\u00e7\u00e3o, problemas de atualiza\u00e7\u00e3o cadastral e limita\u00e7\u00f5es na capacidade de atendimento em algumas regi\u00f5es.<\/p>\n\n\n\n<p>Combater a desinforma\u00e7\u00e3o e ampliar o acesso a canais oficiais de orienta\u00e7\u00e3o s\u00e3o medidas fundamentais para garantir que os benef\u00edcios cumpram seu papel social.<\/p>\n\n\n\n<h2 class=\"wp-block-heading\">Benef\u00edcios Sociais e Responsabilidade Compartilhada<\/h2>\n\n\n\n<p>Embora os benef\u00edcios sociais sejam responsabilidade do Estado, a prote\u00e7\u00e3o da inf\u00e2ncia e da fam\u00edlia \u00e9 um compromisso coletivo. Comunidades, institui\u00e7\u00f5es e fam\u00edlias tamb\u00e9m desempenham papel importante na promo\u00e7\u00e3o de ambientes seguros e saud\u00e1veis para as crian\u00e7as.<\/p>\n\n\n\n<p>A atua\u00e7\u00e3o conjunta fortalece as pol\u00edticas p\u00fablicas e amplia seu alcance.<\/p>\n\n\n\n<h2 class=\"wp-block-heading\">Conclus\u00e3o<\/h2>\n\n\n\n<p>Os benef\u00edcios sociais voltados \u00e0 fam\u00edlia e \u00e0s crian\u00e7as s\u00e3o pilares fundamentais da prote\u00e7\u00e3o social no Brasil. Eles garantem seguran\u00e7a b\u00e1sica, promovem desenvolvimento infantil e ajudam a construir oportunidades para o futuro.<\/p>\n\n\n\n<p>Ao investir na fam\u00edlia e na inf\u00e2ncia, o Estado n\u00e3o apenas combate a pobreza imediata, mas constr\u00f3i bases s\u00f3lidas para uma sociedade mais justa, equilibrada e sustent\u00e1vel ao longo do tempo.<\/p>","protected":false},"excerpt":{"rendered":"<p>A fam\u00edlia \u00e9 o n\u00facleo central da organiza\u00e7\u00e3o social, e as crian\u00e7as representam o futuro de qualquer pa\u00eds. Por isso, grande parte das pol\u00edticas p\u00fablicas de benef\u00edcios sociais no Brasil \u00e9 direcionada \u00e0 prote\u00e7\u00e3o familiar e ao desenvolvimento infantil. Esses programas existem para garantir que crian\u00e7as cres\u00e7am em condi\u00e7\u00f5es m\u00ednimas de dignidade, com acesso \u00e0&hellip;&nbsp;<\/p>","protected":false},"author":1,"featured_media":43937,"comment_status":"closed","ping_status":"closed","sticky":false,"template":"","format":"standard","meta":{"neve_meta_sidebar":"","neve_meta_container":"","neve_meta_enable_content_width":"","neve_meta_content_width":0,"neve_meta_title_alignment":"","neve_meta_author_avatar":"","neve_post_elements_order":"","neve_meta_disable_header":"","neve_meta_disable_footer":"","neve_meta_disable_title":"","footnotes":""},"categories":[1],"tags":[],"class_list":["post-43936","post","type-post","status-publish","format-standard","has-post-thumbnail","hentry","category-beneficios-sociais"],"yoast_head":"<!-- This site is optimized with the Yoast SEO plugin v27.5 - https:\/\/yoast.com\/product\/yoast-seo-wordpress\/ -->\n<title>Benef\u00edcios Sociais Voltados \u00e0 Fam\u00edlia e \u00e0s Crian\u00e7as: Prote\u00e7\u00e3o, Desenvolvimento e Inclus\u00e3o Social -<\/title>\n<meta name=\"description\" content=\"Veja em Vagas de Emprego RJ as vagas de emprego com e sem experi\u00eancia no seu Estado e Regi\u00e3o!\" \/>\n<meta name=\"robots\" content=\"index, follow, max-snippet:-1, max-image-preview:large, max-video-preview:-1\" \/>\n<link rel=\"canonical\" href=\"https:\/\/www.vagadeempregorj.com.br\/ar\/beneficios-sociais-voltados-a-familia-e-as-criancas-protecao-desenvolvimento-e-inclusao-social\/\" \/>\n<meta property=\"og:locale\" content=\"ar_AR\" \/>\n<meta property=\"og:type\" content=\"article\" \/>\n<meta property=\"og:title\" content=\"Benef\u00edcios Sociais Voltados \u00e0 Fam\u00edlia e \u00e0s Crian\u00e7as: Prote\u00e7\u00e3o, Desenvolvimento e Inclus\u00e3o Social -\" \/>\n<meta property=\"og:description\" content=\"Veja em Vagas de Emprego RJ as vagas de emprego com e sem experi\u00eancia no seu Estado e Regi\u00e3o!\" \/>\n<meta property=\"og:url\" content=\"https:\/\/www.vagadeempregorj.com.br\/ar\/beneficios-sociais-voltados-a-familia-e-as-criancas-protecao-desenvolvimento-e-inclusao-social\/\" \/>\n<meta property=\"article:publisher\" content=\"https:\/\/www.facebook.com\/empregobrasiloficial\" \/>\n<meta property=\"article:published_time\" content=\"2026-02-01T15:46:15+00:00\" \/>\n<meta property=\"og:image\" content=\"https:\/\/www.vagadeempregorj.com.br\/wp-content\/uploads\/2025\/12\/beneficio-3-1024x683.png\" \/>\n\t<meta property=\"og:image:width\" content=\"1024\" \/>\n\t<meta property=\"og:image:height\" content=\"683\" \/>\n\t<meta property=\"og:image:type\" content=\"image\/png\" \/>\n<meta name=\"author\" content=\"Ana B.\" \/>\n<meta name=\"twitter:card\" content=\"summary_large_image\" \/>\n<meta name=\"twitter:label1\" content=\"Written by\" \/>\n\t<meta name=\"twitter:data1\" content=\"Ana B.\" \/>\n\t<meta name=\"twitter:label2\" content=\"Est. reading time\" \/>\n\t<meta name=\"twitter:data2\" content=\"5 \u062f\u0642\u0627\u0626\u0642\" \/>\n<script type=\"application\/ld+json\" class=\"yoast-schema-graph\">{\"@context\":\"https:\\\/\\\/schema.org\",\"@graph\":[{\"@type\":\"Article\",\"@id\":\"https:\\\/\\\/www.vagadeempregorj.com.br\\\/beneficios-sociais-voltados-a-familia-e-as-criancas-protecao-desenvolvimento-e-inclusao-social\\\/#article\",\"isPartOf\":{\"@id\":\"https:\\\/\\\/www.vagadeempregorj.com.br\\\/beneficios-sociais-voltados-a-familia-e-as-criancas-protecao-desenvolvimento-e-inclusao-social\\\/\"},\"author\":{\"name\":\"Ana B.\",\"@id\":\"https:\\\/\\\/www.vagadeempregorj.com.br\\\/#\\\/schema\\\/person\\\/c0c38d5d765e86c3b7c8f12fb1ae6477\"},\"headline\":\"Benef\u00edcios Sociais Voltados \u00e0 Fam\u00edlia e \u00e0s Crian\u00e7as: Prote\u00e7\u00e3o, Desenvolvimento e Inclus\u00e3o Social\",\"datePublished\":\"2026-02-01T15:46:15+00:00\",\"mainEntityOfPage\":{\"@id\":\"https:\\\/\\\/www.vagadeempregorj.com.br\\\/beneficios-sociais-voltados-a-familia-e-as-criancas-protecao-desenvolvimento-e-inclusao-social\\\/\"},\"wordCount\":1111,\"image\":{\"@id\":\"https:\\\/\\\/www.vagadeempregorj.com.br\\\/beneficios-sociais-voltados-a-familia-e-as-criancas-protecao-desenvolvimento-e-inclusao-social\\\/#primaryimage\"},\"thumbnailUrl\":\"https:\\\/\\\/www.vagadeempregorj.com.br\\\/wp-content\\\/uploads\\\/2025\\\/12\\\/beneficio-3.png\",\"articleSection\":[\"Benef\u00edcios Sociais\"],\"inLanguage\":\"ar\"},{\"@type\":\"WebPage\",\"@id\":\"https:\\\/\\\/www.vagadeempregorj.com.br\\\/beneficios-sociais-voltados-a-familia-e-as-criancas-protecao-desenvolvimento-e-inclusao-social\\\/\",\"url\":\"https:\\\/\\\/www.vagadeempregorj.com.br\\\/beneficios-sociais-voltados-a-familia-e-as-criancas-protecao-desenvolvimento-e-inclusao-social\\\/\",\"name\":\"Benef\u00edcios Sociais Voltados \u00e0 Fam\u00edlia e \u00e0s Crian\u00e7as: Prote\u00e7\u00e3o, Desenvolvimento e Inclus\u00e3o Social -\",\"isPartOf\":{\"@id\":\"https:\\\/\\\/www.vagadeempregorj.com.br\\\/#website\"},\"primaryImageOfPage\":{\"@id\":\"https:\\\/\\\/www.vagadeempregorj.com.br\\\/beneficios-sociais-voltados-a-familia-e-as-criancas-protecao-desenvolvimento-e-inclusao-social\\\/#primaryimage\"},\"image\":{\"@id\":\"https:\\\/\\\/www.vagadeempregorj.com.br\\\/beneficios-sociais-voltados-a-familia-e-as-criancas-protecao-desenvolvimento-e-inclusao-social\\\/#primaryimage\"},\"thumbnailUrl\":\"https:\\\/\\\/www.vagadeempregorj.com.br\\\/wp-content\\\/uploads\\\/2025\\\/12\\\/beneficio-3.png\",\"datePublished\":\"2026-02-01T15:46:15+00:00\",\"author\":{\"@id\":\"https:\\\/\\\/www.vagadeempregorj.com.br\\\/#\\\/schema\\\/person\\\/c0c38d5d765e86c3b7c8f12fb1ae6477\"},\"description\":\"Veja em Vagas de Emprego RJ as vagas de emprego com e sem experi\u00eancia no seu Estado e Regi\u00e3o!\",\"breadcrumb\":{\"@id\":\"https:\\\/\\\/www.vagadeempregorj.com.br\\\/beneficios-sociais-voltados-a-familia-e-as-criancas-protecao-desenvolvimento-e-inclusao-social\\\/#breadcrumb\"},\"inLanguage\":\"ar\",\"potentialAction\":[{\"@type\":\"ReadAction\",\"target\":[\"https:\\\/\\\/www.vagadeempregorj.com.br\\\/beneficios-sociais-voltados-a-familia-e-as-criancas-protecao-desenvolvimento-e-inclusao-social\\\/\"]}]},{\"@type\":\"ImageObject\",\"inLanguage\":\"ar\",\"@id\":\"https:\\\/\\\/www.vagadeempregorj.com.br\\\/beneficios-sociais-voltados-a-familia-e-as-criancas-protecao-desenvolvimento-e-inclusao-social\\\/#primaryimage\",\"url\":\"https:\\\/\\\/www.vagadeempregorj.com.br\\\/wp-content\\\/uploads\\\/2025\\\/12\\\/beneficio-3.png\",\"contentUrl\":\"https:\\\/\\\/www.vagadeempregorj.com.br\\\/wp-content\\\/uploads\\\/2025\\\/12\\\/beneficio-3.png\",\"width\":1536,\"height\":1024},{\"@type\":\"BreadcrumbList\",\"@id\":\"https:\\\/\\\/www.vagadeempregorj.com.br\\\/beneficios-sociais-voltados-a-familia-e-as-criancas-protecao-desenvolvimento-e-inclusao-social\\\/#breadcrumb\",\"itemListElement\":[{\"@type\":\"ListItem\",\"position\":1,\"name\":\"In\u00edcio\",\"item\":\"https:\\\/\\\/www.vagadeempregorj.com.br\\\/\"},{\"@type\":\"ListItem\",\"position\":2,\"name\":\"Benef\u00edcios Sociais\",\"item\":\"https:\\\/\\\/www.vagadeempregorj.com.br\\\/beneficios-sociais\\\/\"},{\"@type\":\"ListItem\",\"position\":3,\"name\":\"Benef\u00edcios Sociais Voltados \u00e0 Fam\u00edlia e \u00e0s Crian\u00e7as: Prote\u00e7\u00e3o, Desenvolvimento e Inclus\u00e3o Social\"}]},{\"@type\":\"WebSite\",\"@id\":\"https:\\\/\\\/www.vagadeempregorj.com.br\\\/#website\",\"url\":\"https:\\\/\\\/www.vagadeempregorj.com.br\\\/\",\"name\":\"\",\"description\":\"Conquiste Sonhos: Vagas, Benef\u00edcios e Economia para Transformar Vidas e Alcan\u00e7ar Melhorias Cotidianas\",\"potentialAction\":[{\"@type\":\"SearchAction\",\"target\":{\"@type\":\"EntryPoint\",\"urlTemplate\":\"https:\\\/\\\/www.vagadeempregorj.com.br\\\/?s={search_term_string}\"},\"query-input\":{\"@type\":\"PropertyValueSpecification\",\"valueRequired\":true,\"valueName\":\"search_term_string\"}}],\"inLanguage\":\"ar\"},{\"@type\":\"Person\",\"@id\":\"https:\\\/\\\/www.vagadeempregorj.com.br\\\/#\\\/schema\\\/person\\\/c0c38d5d765e86c3b7c8f12fb1ae6477\",\"name\":\"Ana B.\",\"image\":{\"@type\":\"ImageObject\",\"inLanguage\":\"ar\",\"@id\":\"https:\\\/\\\/secure.gravatar.com\\\/avatar\\\/f5efa58599e07f8dd92f26c7cfbc442fd115582bc681245452e503c2ef2334f3?s=96&r=g\",\"url\":\"https:\\\/\\\/secure.gravatar.com\\\/avatar\\\/f5efa58599e07f8dd92f26c7cfbc442fd115582bc681245452e503c2ef2334f3?s=96&r=g\",\"contentUrl\":\"https:\\\/\\\/secure.gravatar.com\\\/avatar\\\/f5efa58599e07f8dd92f26c7cfbc442fd115582bc681245452e503c2ef2334f3?s=96&r=g\",\"caption\":\"Ana B.\"},\"description\":\"Meu nome \u00e9 Ana e sou apaixonada em escrever. Dedico meu tempo escrevendo not\u00edcias e vagas de emprego diariamente no portal Vaga de Emprego RJ.\",\"url\":\"https:\\\/\\\/www.vagadeempregorj.com.br\\\/ar\\\/author\\\/vgrj\\\/\"}]}<\/script>\n<!-- \/ Yoast SEO plugin. -->","yoast_head_json":{"title":"Benef\u00edcios Sociais Voltados \u00e0 Fam\u00edlia e \u00e0s Crian\u00e7as: Prote\u00e7\u00e3o, Desenvolvimento e Inclus\u00e3o Social -","description":"Veja em Vagas de Emprego RJ as vagas de emprego com e sem experi\u00eancia no seu Estado e Regi\u00e3o!","robots":{"index":"index","follow":"follow","max-snippet":"max-snippet:-1","max-image-preview":"max-image-preview:large","max-video-preview":"max-video-preview:-1"},"canonical":"https:\/\/www.vagadeempregorj.com.br\/ar\/beneficios-sociais-voltados-a-familia-e-as-criancas-protecao-desenvolvimento-e-inclusao-social\/","og_locale":"ar_AR","og_type":"article","og_title":"Benef\u00edcios Sociais Voltados \u00e0 Fam\u00edlia e \u00e0s Crian\u00e7as: Prote\u00e7\u00e3o, Desenvolvimento e Inclus\u00e3o Social -","og_description":"Veja em Vagas de Emprego RJ as vagas de emprego com e sem experi\u00eancia no seu Estado e Regi\u00e3o!","og_url":"https:\/\/www.vagadeempregorj.com.br\/ar\/beneficios-sociais-voltados-a-familia-e-as-criancas-protecao-desenvolvimento-e-inclusao-social\/","article_publisher":"https:\/\/www.facebook.com\/empregobrasiloficial","article_published_time":"2026-02-01T15:46:15+00:00","og_image":[{"width":1024,"height":683,"url":"https:\/\/www.vagadeempregorj.com.br\/wp-content\/uploads\/2025\/12\/beneficio-3-1024x683.png","type":"image\/png"}],"author":"Ana B.","twitter_card":"summary_large_image","twitter_misc":{"Written by":"Ana B.","Est. reading time":"5 \u062f\u0642\u0627\u0626\u0642"},"schema":{"@context":"https:\/\/schema.org","@graph":[{"@type":"Article","@id":"https:\/\/www.vagadeempregorj.com.br\/beneficios-sociais-voltados-a-familia-e-as-criancas-protecao-desenvolvimento-e-inclusao-social\/#article","isPartOf":{"@id":"https:\/\/www.vagadeempregorj.com.br\/beneficios-sociais-voltados-a-familia-e-as-criancas-protecao-desenvolvimento-e-inclusao-social\/"},"author":{"name":"Ana B.","@id":"https:\/\/www.vagadeempregorj.com.br\/#\/schema\/person\/c0c38d5d765e86c3b7c8f12fb1ae6477"},"headline":"Benef\u00edcios Sociais Voltados \u00e0 Fam\u00edlia e \u00e0s Crian\u00e7as: Prote\u00e7\u00e3o, Desenvolvimento e Inclus\u00e3o Social","datePublished":"2026-02-01T15:46:15+00:00","mainEntityOfPage":{"@id":"https:\/\/www.vagadeempregorj.com.br\/beneficios-sociais-voltados-a-familia-e-as-criancas-protecao-desenvolvimento-e-inclusao-social\/"},"wordCount":1111,"image":{"@id":"https:\/\/www.vagadeempregorj.com.br\/beneficios-sociais-voltados-a-familia-e-as-criancas-protecao-desenvolvimento-e-inclusao-social\/#primaryimage"},"thumbnailUrl":"https:\/\/www.vagadeempregorj.com.br\/wp-content\/uploads\/2025\/12\/beneficio-3.png","articleSection":["Benef\u00edcios Sociais"],"inLanguage":"ar"},{"@type":"WebPage","@id":"https:\/\/www.vagadeempregorj.com.br\/beneficios-sociais-voltados-a-familia-e-as-criancas-protecao-desenvolvimento-e-inclusao-social\/","url":"https:\/\/www.vagadeempregorj.com.br\/beneficios-sociais-voltados-a-familia-e-as-criancas-protecao-desenvolvimento-e-inclusao-social\/","name":"Benef\u00edcios Sociais Voltados \u00e0 Fam\u00edlia e \u00e0s Crian\u00e7as: Prote\u00e7\u00e3o, Desenvolvimento e Inclus\u00e3o Social -","isPartOf":{"@id":"https:\/\/www.vagadeempregorj.com.br\/#website"},"primaryImageOfPage":{"@id":"https:\/\/www.vagadeempregorj.com.br\/beneficios-sociais-voltados-a-familia-e-as-criancas-protecao-desenvolvimento-e-inclusao-social\/#primaryimage"},"image":{"@id":"https:\/\/www.vagadeempregorj.com.br\/beneficios-sociais-voltados-a-familia-e-as-criancas-protecao-desenvolvimento-e-inclusao-social\/#primaryimage"},"thumbnailUrl":"https:\/\/www.vagadeempregorj.com.br\/wp-content\/uploads\/2025\/12\/beneficio-3.png","datePublished":"2026-02-01T15:46:15+00:00","author":{"@id":"https:\/\/www.vagadeempregorj.com.br\/#\/schema\/person\/c0c38d5d765e86c3b7c8f12fb1ae6477"},"description":"Veja em Vagas de Emprego RJ as vagas de emprego com e sem experi\u00eancia no seu Estado e Regi\u00e3o!","breadcrumb":{"@id":"https:\/\/www.vagadeempregorj.com.br\/beneficios-sociais-voltados-a-familia-e-as-criancas-protecao-desenvolvimento-e-inclusao-social\/#breadcrumb"},"inLanguage":"ar","potentialAction":[{"@type":"ReadAction","target":["https:\/\/www.vagadeempregorj.com.br\/beneficios-sociais-voltados-a-familia-e-as-criancas-protecao-desenvolvimento-e-inclusao-social\/"]}]},{"@type":"ImageObject","inLanguage":"ar","@id":"https:\/\/www.vagadeempregorj.com.br\/beneficios-sociais-voltados-a-familia-e-as-criancas-protecao-desenvolvimento-e-inclusao-social\/#primaryimage","url":"https:\/\/www.vagadeempregorj.com.br\/wp-content\/uploads\/2025\/12\/beneficio-3.png","contentUrl":"https:\/\/www.vagadeempregorj.com.br\/wp-content\/uploads\/2025\/12\/beneficio-3.png","width":1536,"height":1024},{"@type":"BreadcrumbList","@id":"https:\/\/www.vagadeempregorj.com.br\/beneficios-sociais-voltados-a-familia-e-as-criancas-protecao-desenvolvimento-e-inclusao-social\/#breadcrumb","itemListElement":[{"@type":"ListItem","position":1,"name":"In\u00edcio","item":"https:\/\/www.vagadeempregorj.com.br\/"},{"@type":"ListItem","position":2,"name":"Benef\u00edcios Sociais","item":"https:\/\/www.vagadeempregorj.com.br\/beneficios-sociais\/"},{"@type":"ListItem","position":3,"name":"Benef\u00edcios Sociais Voltados \u00e0 Fam\u00edlia e \u00e0s Crian\u00e7as: Prote\u00e7\u00e3o, Desenvolvimento e Inclus\u00e3o Social"}]},{"@type":"WebSite","@id":"https:\/\/www.vagadeempregorj.com.br\/#website","url":"https:\/\/www.vagadeempregorj.com.br\/","name":"","description":"Conquiste Sonhos: Vagas, Benef\u00edcios e Economia para Transformar Vidas e Alcan\u00e7ar Melhorias Cotidianas","potentialAction":[{"@type":"SearchAction","target":{"@type":"EntryPoint","urlTemplate":"https:\/\/www.vagadeempregorj.com.br\/?s={search_term_string}"},"query-input":{"@type":"PropertyValueSpecification","valueRequired":true,"valueName":"search_term_string"}}],"inLanguage":"ar"},{"@type":"Person","@id":"https:\/\/www.vagadeempregorj.com.br\/#\/schema\/person\/c0c38d5d765e86c3b7c8f12fb1ae6477","name":"Ana B.","image":{"@type":"ImageObject","inLanguage":"ar","@id":"https:\/\/secure.gravatar.com\/avatar\/f5efa58599e07f8dd92f26c7cfbc442fd115582bc681245452e503c2ef2334f3?s=96&r=g","url":"https:\/\/secure.gravatar.com\/avatar\/f5efa58599e07f8dd92f26c7cfbc442fd115582bc681245452e503c2ef2334f3?s=96&r=g","contentUrl":"https:\/\/secure.gravatar.com\/avatar\/f5efa58599e07f8dd92f26c7cfbc442fd115582bc681245452e503c2ef2334f3?s=96&r=g","caption":"Ana B."},"description":"Meu nome \u00e9 Ana e sou apaixonada em escrever. Dedico meu tempo escrevendo not\u00edcias e vagas de emprego diariamente no portal Vaga de Emprego RJ.","url":"https:\/\/www.vagadeempregorj.com.br\/ar\/author\/vgrj\/"}]}},"_links":{"self":[{"href":"https:\/\/www.vagadeempregorj.com.br\/ar\/wp-json\/wp\/v2\/posts\/43936","targetHints":{"allow":["GET"]}}],"collection":[{"href":"https:\/\/www.vagadeempregorj.com.br\/ar\/wp-json\/wp\/v2\/posts"}],"about":[{"href":"https:\/\/www.vagadeempregorj.com.br\/ar\/wp-json\/wp\/v2\/types\/post"}],"author":[{"embeddable":true,"href":"https:\/\/www.vagadeempregorj.com.br\/ar\/wp-json\/wp\/v2\/users\/1"}],"replies":[{"embeddable":true,"href":"https:\/\/www.vagadeempregorj.com.br\/ar\/wp-json\/wp\/v2\/comments?post=43936"}],"version-history":[{"count":1,"href":"https:\/\/www.vagadeempregorj.com.br\/ar\/wp-json\/wp\/v2\/posts\/43936\/revisions"}],"predecessor-version":[{"id":43938,"href":"https:\/\/www.vagadeempregorj.com.br\/ar\/wp-json\/wp\/v2\/posts\/43936\/revisions\/43938"}],"wp:featuredmedia":[{"embeddable":true,"href":"https:\/\/www.vagadeempregorj.com.br\/ar\/wp-json\/wp\/v2\/media\/43937"}],"wp:attachment":[{"href":"https:\/\/www.vagadeempregorj.com.br\/ar\/wp-json\/wp\/v2\/media?parent=43936"}],"wp:term":[{"taxonomy":"category","embeddable":true,"href":"https:\/\/www.vagadeempregorj.com.br\/ar\/wp-json\/wp\/v2\/categories?post=43936"},{"taxonomy":"post_tag","embeddable":true,"href":"https:\/\/www.vagadeempregorj.com.br\/ar\/wp-json\/wp\/v2\/tags?post=43936"}],"curies":[{"name":"wp","href":"https:\/\/api.w.org\/{rel}","templated":true}]}}