{"id":43969,"date":"2026-01-11T13:32:15","date_gmt":"2026-01-11T16:32:15","guid":{"rendered":"https:\/\/www.vagadeempregorj.com.br\/?p=43969"},"modified":"2025-12-21T13:39:25","modified_gmt":"2025-12-21T16:39:25","slug":"inflacao-no-brasil-causas-impactos-no-dia-a-dia-e-formas-de-controle-economico","status":"publish","type":"post","link":"https:\/\/www.vagadeempregorj.com.br\/ar\/inflacao-no-brasil-causas-impactos-no-dia-a-dia-e-formas-de-controle-economico\/","title":{"rendered":"Infla\u00e7\u00e3o no Brasil: Causas, Impactos no Dia a Dia e Formas de Controle Econ\u00f4mico"},"content":{"rendered":"<p>A infla\u00e7\u00e3o \u00e9 um dos conceitos mais importantes da economia e, ao mesmo tempo, um dos que mais afetam diretamente a vida das pessoas. Quando os pre\u00e7os sobem de forma cont\u00ednua, o poder de compra diminui, o planejamento financeiro fica mais dif\u00edcil e a sensa\u00e7\u00e3o de instabilidade econ\u00f4mica se espalha pela sociedade. No Brasil, a infla\u00e7\u00e3o sempre teve papel central no debate econ\u00f4mico, marcando diferentes per\u00edodos da hist\u00f3ria do pa\u00eds.<\/p>\n\n\n\n<p>Neste artigo, voc\u00ea vai entender o que \u00e9 infla\u00e7\u00e3o, por que ela ocorre, como afeta o cotidiano da popula\u00e7\u00e3o e quais s\u00e3o os principais mecanismos utilizados para control\u00e1-la na economia brasileira.<\/p>\n\n\n\n<h2 class=\"wp-block-heading\">O Que \u00e9 Infla\u00e7\u00e3o e Como Ela Funciona<\/h2>\n\n\n\n<p>Infla\u00e7\u00e3o \u00e9 o aumento generalizado e cont\u00ednuo dos pre\u00e7os de bens e servi\u00e7os ao longo do tempo. N\u00e3o se trata do encarecimento isolado de um produto espec\u00edfico, mas de uma eleva\u00e7\u00e3o persistente do n\u00edvel geral de pre\u00e7os da economia.<\/p>\n\n\n\n<p>Quando a infla\u00e7\u00e3o est\u00e1 alta, a mesma quantidade de dinheiro passa a comprar menos produtos e servi\u00e7os. Isso significa perda de poder de compra, especialmente para fam\u00edlias de renda mais baixa, que gastam grande parte do or\u00e7amento em itens essenciais como alimenta\u00e7\u00e3o, transporte e moradia.<\/p>\n\n\n\n<h2 class=\"wp-block-heading\">Por Que a Infla\u00e7\u00e3o Acontece<\/h2>\n\n\n\n<p>A infla\u00e7\u00e3o pode ter diversas causas, e nem sempre est\u00e1 ligada a um \u00fanico fator. Em geral, ela surge da combina\u00e7\u00e3o de fatores econ\u00f4micos internos e externos.<\/p>\n\n\n\n<p>Um dos principais fatores \u00e9 o aumento da demanda. Quando muitas pessoas querem consumir mais do que a economia consegue produzir, os pre\u00e7os tendem a subir. Outro fator importante \u00e9 o aumento dos custos de produ\u00e7\u00e3o, como energia, combust\u00edvel, mat\u00e9rias-primas e sal\u00e1rios, que acabam sendo repassados ao consumidor final.<\/p>\n\n\n\n<p>Tamb\u00e9m existem fatores externos, como varia\u00e7\u00f5es cambiais e crises internacionais, que impactam pre\u00e7os de produtos importados ou commodities.<\/p>\n\n\n\n<h2 class=\"wp-block-heading\">Infla\u00e7\u00e3o e Pol\u00edtica Econ\u00f4mica no Brasil<\/h2>\n\n\n\n<p>No Brasil, o controle da infla\u00e7\u00e3o \u00e9 uma prioridade hist\u00f3rica da pol\u00edtica econ\u00f4mica. Ap\u00f3s per\u00edodos de infla\u00e7\u00e3o extremamente elevada no passado, o pa\u00eds adotou mecanismos institucionais para manter os pre\u00e7os sob controle.<\/p>\n\n\n\n<p>O principal instrumento \u00e9 a pol\u00edtica monet\u00e1ria, conduzida pelo Banco Central, que utiliza a taxa b\u00e1sica de juros para influenciar o n\u00edvel de consumo e cr\u00e9dito na economia. Quando a infla\u00e7\u00e3o sobe, a tend\u00eancia \u00e9 elevar os juros para conter o consumo e reduzir a press\u00e3o sobre os pre\u00e7os.<\/p>\n\n\n\n<h2 class=\"wp-block-heading\">O Papel da Taxa de Juros no Controle da Infla\u00e7\u00e3o<\/h2>\n\n\n\n<p>A taxa de juros \u00e9 uma das ferramentas mais conhecidas no combate \u00e0 infla\u00e7\u00e3o. Juros mais altos encarecem o cr\u00e9dito, desestimulam o consumo e incentivam a poupan\u00e7a. Com menor demanda, os pre\u00e7os tendem a se estabilizar.<\/p>\n\n\n\n<p>No entanto, juros elevados tamb\u00e9m podem desacelerar o crescimento econ\u00f4mico e afetar o emprego. Por isso, o controle da infla\u00e7\u00e3o exige equil\u00edbrio entre estabilidade de pre\u00e7os e est\u00edmulo \u00e0 atividade econ\u00f4mica.<\/p>\n\n\n\n<h2 class=\"wp-block-heading\">Impactos da Infla\u00e7\u00e3o no Dia a Dia da Popula\u00e7\u00e3o<\/h2>\n\n\n\n<p>A infla\u00e7\u00e3o afeta diretamente o cotidiano das pessoas. O aumento dos pre\u00e7os de alimentos, transporte e servi\u00e7os essenciais reduz a renda dispon\u00edvel e dificulta o planejamento financeiro das fam\u00edlias.<\/p>\n\n\n\n<p>Para quem tem renda fixa ou sal\u00e1rio reajustado com menos frequ\u00eancia, os efeitos s\u00e3o ainda mais intensos. A infla\u00e7\u00e3o corr\u00f3i sal\u00e1rios, aposentadorias e benef\u00edcios quando os reajustes n\u00e3o acompanham a alta dos pre\u00e7os.<\/p>\n\n\n\n<p>Al\u00e9m disso, a incerteza gerada pela infla\u00e7\u00e3o elevada afeta decis\u00f5es de consumo e investimento.<\/p>\n\n\n\n<h2 class=\"wp-block-heading\">Infla\u00e7\u00e3o e Desigualdade Social<\/h2>\n\n\n\n<p>A infla\u00e7\u00e3o n\u00e3o afeta todos de forma igual. Fam\u00edlias de baixa renda sentem mais fortemente seus efeitos, pois destinam maior parte do or\u00e7amento a itens b\u00e1sicos que costumam subir de pre\u00e7o com mais frequ\u00eancia.<\/p>\n\n\n\n<p>Quando a infla\u00e7\u00e3o est\u00e1 alta, a desigualdade tende a aumentar, pois quem tem mais recursos consegue se proteger melhor, enquanto os mais pobres perdem poder de compra rapidamente.<\/p>\n\n\n\n<p>Controlar a infla\u00e7\u00e3o \u00e9, portanto, tamb\u00e9m uma medida de justi\u00e7a social.<\/p>\n\n\n\n<h2 class=\"wp-block-heading\">Infla\u00e7\u00e3o de Alimentos e Servi\u00e7os Essenciais<\/h2>\n\n\n\n<p>No Brasil, a infla\u00e7\u00e3o de alimentos costuma ter grande impacto social. Oscila\u00e7\u00f5es nos pre\u00e7os de produtos b\u00e1sicos afetam diretamente o custo de vida e geram sensa\u00e7\u00e3o imediata de perda de poder de compra.<\/p>\n\n\n\n<p>Fatores clim\u00e1ticos, custos de transporte e varia\u00e7\u00f5es no mercado internacional influenciam fortemente esses pre\u00e7os, tornando o controle da infla\u00e7\u00e3o ainda mais desafiador.<\/p>\n\n\n\n<h2 class=\"wp-block-heading\">Expectativas de Infla\u00e7\u00e3o<\/h2>\n\n\n\n<p>Outro elemento importante \u00e9 a expectativa de infla\u00e7\u00e3o. Quando empresas e consumidores acreditam que os pre\u00e7os continuar\u00e3o subindo, tendem a reajustar pre\u00e7os e sal\u00e1rios antecipadamente, alimentando um ciclo inflacion\u00e1rio.<\/p>\n\n\n\n<p>Por isso, a credibilidade das institui\u00e7\u00f5es econ\u00f4micas \u00e9 fundamental. Quando o mercado confia que a infla\u00e7\u00e3o ser\u00e1 controlada, o processo inflacion\u00e1rio tende a ser menos intenso.<\/p>\n\n\n\n<h2 class=\"wp-block-heading\">Medidas Fiscais e Infla\u00e7\u00e3o<\/h2>\n\n\n\n<p>Al\u00e9m da pol\u00edtica monet\u00e1ria, a pol\u00edtica fiscal tamb\u00e9m influencia a infla\u00e7\u00e3o. Gastos p\u00fablicos excessivos, sem contrapartida de receita, podem pressionar a economia e contribuir para o aumento dos pre\u00e7os.<\/p>\n\n\n\n<p>O equil\u00edbrio das contas p\u00fablicas \u00e9 um fator importante para manter a infla\u00e7\u00e3o sob controle e garantir estabilidade econ\u00f4mica no longo prazo.<\/p>\n\n\n\n<h2 class=\"wp-block-heading\">Infla\u00e7\u00e3o Moderada x Infla\u00e7\u00e3o Elevada<\/h2>\n\n\n\n<p>Uma infla\u00e7\u00e3o moderada \u00e9 considerada normal em economias em crescimento, pois reflete aumento da atividade econ\u00f4mica. O problema surge quando a infla\u00e7\u00e3o se torna elevada ou descontrolada, gerando instabilidade e perda de confian\u00e7a.<\/p>\n\n\n\n<p>Manter a infla\u00e7\u00e3o em n\u00edveis previs\u00edveis \u00e9 essencial para o bom funcionamento da economia.<\/p>\n\n\n\n<h2 class=\"wp-block-heading\">Desafios do Controle da Infla\u00e7\u00e3o no Brasil<\/h2>\n\n\n\n<p>O Brasil enfrenta desafios espec\u00edficos no controle da infla\u00e7\u00e3o, como depend\u00eancia de commodities, desigualdades regionais e rigidez em pre\u00e7os administrados.<\/p>\n\n\n\n<p>Esses fatores exigem pol\u00edticas econ\u00f4micas cuidadosas e coordena\u00e7\u00e3o entre diferentes \u00e1reas do governo.<\/p>\n\n\n\n<h2 class=\"wp-block-heading\">Conclus\u00e3o<\/h2>\n\n\n\n<p>A infla\u00e7\u00e3o \u00e9 um dos principais indicadores da sa\u00fade econ\u00f4mica de um pa\u00eds e tem impacto direto na vida da popula\u00e7\u00e3o. Entender suas causas e efeitos ajuda a interpretar decis\u00f5es econ\u00f4micas e seus reflexos no cotidiano.<\/p>\n\n\n\n<p>Controlar a infla\u00e7\u00e3o \u00e9 fundamental para preservar o poder de compra, reduzir desigualdades e garantir estabilidade econ\u00f4mica. Ao longo desta categoria, outros temas econ\u00f4micos ajudar\u00e3o a compreender como esses mecanismos se conectam e moldam o cen\u00e1rio brasileiro.<\/p>","protected":false},"excerpt":{"rendered":"<p>A infla\u00e7\u00e3o \u00e9 um dos conceitos mais importantes da economia e, ao mesmo tempo, um dos que mais afetam diretamente a vida das pessoas. Quando os pre\u00e7os sobem de forma cont\u00ednua, o poder de compra diminui, o planejamento financeiro fica mais dif\u00edcil e a sensa\u00e7\u00e3o de instabilidade econ\u00f4mica se espalha pela sociedade. No Brasil, a&hellip;&nbsp;<\/p>","protected":false},"author":1,"featured_media":43984,"comment_status":"closed","ping_status":"closed","sticky":false,"template":"","format":"standard","meta":{"neve_meta_sidebar":"","neve_meta_container":"","neve_meta_enable_content_width":"","neve_meta_content_width":0,"neve_meta_title_alignment":"","neve_meta_author_avatar":"","neve_post_elements_order":"","neve_meta_disable_header":"","neve_meta_disable_footer":"","neve_meta_disable_title":"","footnotes":""},"categories":[804],"tags":[],"class_list":["post-43969","post","type-post","status-publish","format-standard","has-post-thumbnail","hentry","category-economia"],"yoast_head":"<!-- This site is optimized with the Yoast SEO plugin v27.5 - https:\/\/yoast.com\/product\/yoast-seo-wordpress\/ -->\n<title>Infla\u00e7\u00e3o no Brasil: Causas, Impactos no Dia a Dia e Formas de Controle Econ\u00f4mico -<\/title>\n<meta name=\"description\" content=\"Veja em Vagas de Emprego RJ as vagas de emprego com e sem experi\u00eancia no seu Estado e Regi\u00e3o!\" \/>\n<meta name=\"robots\" content=\"index, follow, max-snippet:-1, max-image-preview:large, max-video-preview:-1\" \/>\n<link rel=\"canonical\" href=\"https:\/\/www.vagadeempregorj.com.br\/ar\/inflacao-no-brasil-causas-impactos-no-dia-a-dia-e-formas-de-controle-economico\/\" \/>\n<meta property=\"og:locale\" content=\"ar_AR\" \/>\n<meta property=\"og:type\" content=\"article\" \/>\n<meta property=\"og:title\" content=\"Infla\u00e7\u00e3o no Brasil: Causas, Impactos no Dia a Dia e Formas de Controle Econ\u00f4mico -\" \/>\n<meta property=\"og:description\" content=\"Veja em Vagas de Emprego RJ as vagas de emprego com e sem experi\u00eancia no seu Estado e Regi\u00e3o!\" \/>\n<meta property=\"og:url\" content=\"https:\/\/www.vagadeempregorj.com.br\/ar\/inflacao-no-brasil-causas-impactos-no-dia-a-dia-e-formas-de-controle-economico\/\" \/>\n<meta property=\"article:publisher\" content=\"https:\/\/www.facebook.com\/empregobrasiloficial\" \/>\n<meta property=\"article:published_time\" content=\"2026-01-11T16:32:15+00:00\" \/>\n<meta property=\"og:image\" content=\"https:\/\/www.vagadeempregorj.com.br\/wp-content\/uploads\/2025\/12\/inflacao-brasil-1024x683.png\" \/>\n\t<meta property=\"og:image:width\" content=\"1024\" \/>\n\t<meta property=\"og:image:height\" content=\"683\" \/>\n\t<meta property=\"og:image:type\" content=\"image\/png\" \/>\n<meta name=\"author\" content=\"Ana B.\" \/>\n<meta name=\"twitter:card\" content=\"summary_large_image\" \/>\n<meta name=\"twitter:label1\" content=\"Written by\" \/>\n\t<meta name=\"twitter:data1\" content=\"Ana B.\" \/>\n\t<meta name=\"twitter:label2\" content=\"Est. reading time\" \/>\n\t<meta name=\"twitter:data2\" content=\"6 \u062f\u0642\u0627\u0626\u0642\" \/>\n<script type=\"application\/ld+json\" class=\"yoast-schema-graph\">{\"@context\":\"https:\\\/\\\/schema.org\",\"@graph\":[{\"@type\":\"Article\",\"@id\":\"https:\\\/\\\/www.vagadeempregorj.com.br\\\/inflacao-no-brasil-causas-impactos-no-dia-a-dia-e-formas-de-controle-economico\\\/#article\",\"isPartOf\":{\"@id\":\"https:\\\/\\\/www.vagadeempregorj.com.br\\\/inflacao-no-brasil-causas-impactos-no-dia-a-dia-e-formas-de-controle-economico\\\/\"},\"author\":{\"name\":\"Ana B.\",\"@id\":\"https:\\\/\\\/www.vagadeempregorj.com.br\\\/#\\\/schema\\\/person\\\/c0c38d5d765e86c3b7c8f12fb1ae6477\"},\"headline\":\"Infla\u00e7\u00e3o no Brasil: Causas, Impactos no Dia a Dia e Formas de Controle Econ\u00f4mico\",\"datePublished\":\"2026-01-11T16:32:15+00:00\",\"mainEntityOfPage\":{\"@id\":\"https:\\\/\\\/www.vagadeempregorj.com.br\\\/inflacao-no-brasil-causas-impactos-no-dia-a-dia-e-formas-de-controle-economico\\\/\"},\"wordCount\":1125,\"image\":{\"@id\":\"https:\\\/\\\/www.vagadeempregorj.com.br\\\/inflacao-no-brasil-causas-impactos-no-dia-a-dia-e-formas-de-controle-economico\\\/#primaryimage\"},\"thumbnailUrl\":\"https:\\\/\\\/www.vagadeempregorj.com.br\\\/wp-content\\\/uploads\\\/2025\\\/12\\\/inflacao-brasil.png\",\"articleSection\":[\"Economia\"],\"inLanguage\":\"ar\"},{\"@type\":\"WebPage\",\"@id\":\"https:\\\/\\\/www.vagadeempregorj.com.br\\\/inflacao-no-brasil-causas-impactos-no-dia-a-dia-e-formas-de-controle-economico\\\/\",\"url\":\"https:\\\/\\\/www.vagadeempregorj.com.br\\\/inflacao-no-brasil-causas-impactos-no-dia-a-dia-e-formas-de-controle-economico\\\/\",\"name\":\"Infla\u00e7\u00e3o no Brasil: Causas, Impactos no Dia a Dia e Formas de Controle Econ\u00f4mico -\",\"isPartOf\":{\"@id\":\"https:\\\/\\\/www.vagadeempregorj.com.br\\\/#website\"},\"primaryImageOfPage\":{\"@id\":\"https:\\\/\\\/www.vagadeempregorj.com.br\\\/inflacao-no-brasil-causas-impactos-no-dia-a-dia-e-formas-de-controle-economico\\\/#primaryimage\"},\"image\":{\"@id\":\"https:\\\/\\\/www.vagadeempregorj.com.br\\\/inflacao-no-brasil-causas-impactos-no-dia-a-dia-e-formas-de-controle-economico\\\/#primaryimage\"},\"thumbnailUrl\":\"https:\\\/\\\/www.vagadeempregorj.com.br\\\/wp-content\\\/uploads\\\/2025\\\/12\\\/inflacao-brasil.png\",\"datePublished\":\"2026-01-11T16:32:15+00:00\",\"author\":{\"@id\":\"https:\\\/\\\/www.vagadeempregorj.com.br\\\/#\\\/schema\\\/person\\\/c0c38d5d765e86c3b7c8f12fb1ae6477\"},\"description\":\"Veja em Vagas de Emprego RJ as vagas de emprego com e sem experi\u00eancia no seu Estado e Regi\u00e3o!\",\"breadcrumb\":{\"@id\":\"https:\\\/\\\/www.vagadeempregorj.com.br\\\/inflacao-no-brasil-causas-impactos-no-dia-a-dia-e-formas-de-controle-economico\\\/#breadcrumb\"},\"inLanguage\":\"ar\",\"potentialAction\":[{\"@type\":\"ReadAction\",\"target\":[\"https:\\\/\\\/www.vagadeempregorj.com.br\\\/inflacao-no-brasil-causas-impactos-no-dia-a-dia-e-formas-de-controle-economico\\\/\"]}]},{\"@type\":\"ImageObject\",\"inLanguage\":\"ar\",\"@id\":\"https:\\\/\\\/www.vagadeempregorj.com.br\\\/inflacao-no-brasil-causas-impactos-no-dia-a-dia-e-formas-de-controle-economico\\\/#primaryimage\",\"url\":\"https:\\\/\\\/www.vagadeempregorj.com.br\\\/wp-content\\\/uploads\\\/2025\\\/12\\\/inflacao-brasil.png\",\"contentUrl\":\"https:\\\/\\\/www.vagadeempregorj.com.br\\\/wp-content\\\/uploads\\\/2025\\\/12\\\/inflacao-brasil.png\",\"width\":1536,\"height\":1024},{\"@type\":\"BreadcrumbList\",\"@id\":\"https:\\\/\\\/www.vagadeempregorj.com.br\\\/inflacao-no-brasil-causas-impactos-no-dia-a-dia-e-formas-de-controle-economico\\\/#breadcrumb\",\"itemListElement\":[{\"@type\":\"ListItem\",\"position\":1,\"name\":\"In\u00edcio\",\"item\":\"https:\\\/\\\/www.vagadeempregorj.com.br\\\/\"},{\"@type\":\"ListItem\",\"position\":2,\"name\":\"Economia\",\"item\":\"https:\\\/\\\/www.vagadeempregorj.com.br\\\/economia\\\/\"},{\"@type\":\"ListItem\",\"position\":3,\"name\":\"Infla\u00e7\u00e3o no Brasil: Causas, Impactos no Dia a Dia e Formas de Controle Econ\u00f4mico\"}]},{\"@type\":\"WebSite\",\"@id\":\"https:\\\/\\\/www.vagadeempregorj.com.br\\\/#website\",\"url\":\"https:\\\/\\\/www.vagadeempregorj.com.br\\\/\",\"name\":\"\",\"description\":\"Conquiste Sonhos: Vagas, Benef\u00edcios e Economia para Transformar Vidas e Alcan\u00e7ar Melhorias Cotidianas\",\"potentialAction\":[{\"@type\":\"SearchAction\",\"target\":{\"@type\":\"EntryPoint\",\"urlTemplate\":\"https:\\\/\\\/www.vagadeempregorj.com.br\\\/?s={search_term_string}\"},\"query-input\":{\"@type\":\"PropertyValueSpecification\",\"valueRequired\":true,\"valueName\":\"search_term_string\"}}],\"inLanguage\":\"ar\"},{\"@type\":\"Person\",\"@id\":\"https:\\\/\\\/www.vagadeempregorj.com.br\\\/#\\\/schema\\\/person\\\/c0c38d5d765e86c3b7c8f12fb1ae6477\",\"name\":\"Ana B.\",\"image\":{\"@type\":\"ImageObject\",\"inLanguage\":\"ar\",\"@id\":\"https:\\\/\\\/secure.gravatar.com\\\/avatar\\\/f5efa58599e07f8dd92f26c7cfbc442fd115582bc681245452e503c2ef2334f3?s=96&r=g\",\"url\":\"https:\\\/\\\/secure.gravatar.com\\\/avatar\\\/f5efa58599e07f8dd92f26c7cfbc442fd115582bc681245452e503c2ef2334f3?s=96&r=g\",\"contentUrl\":\"https:\\\/\\\/secure.gravatar.com\\\/avatar\\\/f5efa58599e07f8dd92f26c7cfbc442fd115582bc681245452e503c2ef2334f3?s=96&r=g\",\"caption\":\"Ana B.\"},\"description\":\"Meu nome \u00e9 Ana e sou apaixonada em escrever. Dedico meu tempo escrevendo not\u00edcias e vagas de emprego diariamente no portal Vaga de Emprego RJ.\",\"url\":\"https:\\\/\\\/www.vagadeempregorj.com.br\\\/ar\\\/author\\\/vgrj\\\/\"}]}<\/script>\n<!-- \/ Yoast SEO plugin. -->","yoast_head_json":{"title":"Infla\u00e7\u00e3o no Brasil: Causas, Impactos no Dia a Dia e Formas de Controle Econ\u00f4mico -","description":"Veja em Vagas de Emprego RJ as vagas de emprego com e sem experi\u00eancia no seu Estado e Regi\u00e3o!","robots":{"index":"index","follow":"follow","max-snippet":"max-snippet:-1","max-image-preview":"max-image-preview:large","max-video-preview":"max-video-preview:-1"},"canonical":"https:\/\/www.vagadeempregorj.com.br\/ar\/inflacao-no-brasil-causas-impactos-no-dia-a-dia-e-formas-de-controle-economico\/","og_locale":"ar_AR","og_type":"article","og_title":"Infla\u00e7\u00e3o no Brasil: Causas, Impactos no Dia a Dia e Formas de Controle Econ\u00f4mico -","og_description":"Veja em Vagas de Emprego RJ as vagas de emprego com e sem experi\u00eancia no seu Estado e Regi\u00e3o!","og_url":"https:\/\/www.vagadeempregorj.com.br\/ar\/inflacao-no-brasil-causas-impactos-no-dia-a-dia-e-formas-de-controle-economico\/","article_publisher":"https:\/\/www.facebook.com\/empregobrasiloficial","article_published_time":"2026-01-11T16:32:15+00:00","og_image":[{"width":1024,"height":683,"url":"https:\/\/www.vagadeempregorj.com.br\/wp-content\/uploads\/2025\/12\/inflacao-brasil-1024x683.png","type":"image\/png"}],"author":"Ana B.","twitter_card":"summary_large_image","twitter_misc":{"Written by":"Ana B.","Est. reading time":"6 \u062f\u0642\u0627\u0626\u0642"},"schema":{"@context":"https:\/\/schema.org","@graph":[{"@type":"Article","@id":"https:\/\/www.vagadeempregorj.com.br\/inflacao-no-brasil-causas-impactos-no-dia-a-dia-e-formas-de-controle-economico\/#article","isPartOf":{"@id":"https:\/\/www.vagadeempregorj.com.br\/inflacao-no-brasil-causas-impactos-no-dia-a-dia-e-formas-de-controle-economico\/"},"author":{"name":"Ana B.","@id":"https:\/\/www.vagadeempregorj.com.br\/#\/schema\/person\/c0c38d5d765e86c3b7c8f12fb1ae6477"},"headline":"Infla\u00e7\u00e3o no Brasil: Causas, Impactos no Dia a Dia e Formas de Controle Econ\u00f4mico","datePublished":"2026-01-11T16:32:15+00:00","mainEntityOfPage":{"@id":"https:\/\/www.vagadeempregorj.com.br\/inflacao-no-brasil-causas-impactos-no-dia-a-dia-e-formas-de-controle-economico\/"},"wordCount":1125,"image":{"@id":"https:\/\/www.vagadeempregorj.com.br\/inflacao-no-brasil-causas-impactos-no-dia-a-dia-e-formas-de-controle-economico\/#primaryimage"},"thumbnailUrl":"https:\/\/www.vagadeempregorj.com.br\/wp-content\/uploads\/2025\/12\/inflacao-brasil.png","articleSection":["Economia"],"inLanguage":"ar"},{"@type":"WebPage","@id":"https:\/\/www.vagadeempregorj.com.br\/inflacao-no-brasil-causas-impactos-no-dia-a-dia-e-formas-de-controle-economico\/","url":"https:\/\/www.vagadeempregorj.com.br\/inflacao-no-brasil-causas-impactos-no-dia-a-dia-e-formas-de-controle-economico\/","name":"Infla\u00e7\u00e3o no Brasil: Causas, Impactos no Dia a Dia e Formas de Controle Econ\u00f4mico -","isPartOf":{"@id":"https:\/\/www.vagadeempregorj.com.br\/#website"},"primaryImageOfPage":{"@id":"https:\/\/www.vagadeempregorj.com.br\/inflacao-no-brasil-causas-impactos-no-dia-a-dia-e-formas-de-controle-economico\/#primaryimage"},"image":{"@id":"https:\/\/www.vagadeempregorj.com.br\/inflacao-no-brasil-causas-impactos-no-dia-a-dia-e-formas-de-controle-economico\/#primaryimage"},"thumbnailUrl":"https:\/\/www.vagadeempregorj.com.br\/wp-content\/uploads\/2025\/12\/inflacao-brasil.png","datePublished":"2026-01-11T16:32:15+00:00","author":{"@id":"https:\/\/www.vagadeempregorj.com.br\/#\/schema\/person\/c0c38d5d765e86c3b7c8f12fb1ae6477"},"description":"Veja em Vagas de Emprego RJ as vagas de emprego com e sem experi\u00eancia no seu Estado e Regi\u00e3o!","breadcrumb":{"@id":"https:\/\/www.vagadeempregorj.com.br\/inflacao-no-brasil-causas-impactos-no-dia-a-dia-e-formas-de-controle-economico\/#breadcrumb"},"inLanguage":"ar","potentialAction":[{"@type":"ReadAction","target":["https:\/\/www.vagadeempregorj.com.br\/inflacao-no-brasil-causas-impactos-no-dia-a-dia-e-formas-de-controle-economico\/"]}]},{"@type":"ImageObject","inLanguage":"ar","@id":"https:\/\/www.vagadeempregorj.com.br\/inflacao-no-brasil-causas-impactos-no-dia-a-dia-e-formas-de-controle-economico\/#primaryimage","url":"https:\/\/www.vagadeempregorj.com.br\/wp-content\/uploads\/2025\/12\/inflacao-brasil.png","contentUrl":"https:\/\/www.vagadeempregorj.com.br\/wp-content\/uploads\/2025\/12\/inflacao-brasil.png","width":1536,"height":1024},{"@type":"BreadcrumbList","@id":"https:\/\/www.vagadeempregorj.com.br\/inflacao-no-brasil-causas-impactos-no-dia-a-dia-e-formas-de-controle-economico\/#breadcrumb","itemListElement":[{"@type":"ListItem","position":1,"name":"In\u00edcio","item":"https:\/\/www.vagadeempregorj.com.br\/"},{"@type":"ListItem","position":2,"name":"Economia","item":"https:\/\/www.vagadeempregorj.com.br\/economia\/"},{"@type":"ListItem","position":3,"name":"Infla\u00e7\u00e3o no Brasil: Causas, Impactos no Dia a Dia e Formas de Controle Econ\u00f4mico"}]},{"@type":"WebSite","@id":"https:\/\/www.vagadeempregorj.com.br\/#website","url":"https:\/\/www.vagadeempregorj.com.br\/","name":"","description":"Conquiste Sonhos: Vagas, Benef\u00edcios e Economia para Transformar Vidas e Alcan\u00e7ar Melhorias Cotidianas","potentialAction":[{"@type":"SearchAction","target":{"@type":"EntryPoint","urlTemplate":"https:\/\/www.vagadeempregorj.com.br\/?s={search_term_string}"},"query-input":{"@type":"PropertyValueSpecification","valueRequired":true,"valueName":"search_term_string"}}],"inLanguage":"ar"},{"@type":"Person","@id":"https:\/\/www.vagadeempregorj.com.br\/#\/schema\/person\/c0c38d5d765e86c3b7c8f12fb1ae6477","name":"Ana B.","image":{"@type":"ImageObject","inLanguage":"ar","@id":"https:\/\/secure.gravatar.com\/avatar\/f5efa58599e07f8dd92f26c7cfbc442fd115582bc681245452e503c2ef2334f3?s=96&r=g","url":"https:\/\/secure.gravatar.com\/avatar\/f5efa58599e07f8dd92f26c7cfbc442fd115582bc681245452e503c2ef2334f3?s=96&r=g","contentUrl":"https:\/\/secure.gravatar.com\/avatar\/f5efa58599e07f8dd92f26c7cfbc442fd115582bc681245452e503c2ef2334f3?s=96&r=g","caption":"Ana B."},"description":"Meu nome \u00e9 Ana e sou apaixonada em escrever. Dedico meu tempo escrevendo not\u00edcias e vagas de emprego diariamente no portal Vaga de Emprego RJ.","url":"https:\/\/www.vagadeempregorj.com.br\/ar\/author\/vgrj\/"}]}},"_links":{"self":[{"href":"https:\/\/www.vagadeempregorj.com.br\/ar\/wp-json\/wp\/v2\/posts\/43969","targetHints":{"allow":["GET"]}}],"collection":[{"href":"https:\/\/www.vagadeempregorj.com.br\/ar\/wp-json\/wp\/v2\/posts"}],"about":[{"href":"https:\/\/www.vagadeempregorj.com.br\/ar\/wp-json\/wp\/v2\/types\/post"}],"author":[{"embeddable":true,"href":"https:\/\/www.vagadeempregorj.com.br\/ar\/wp-json\/wp\/v2\/users\/1"}],"replies":[{"embeddable":true,"href":"https:\/\/www.vagadeempregorj.com.br\/ar\/wp-json\/wp\/v2\/comments?post=43969"}],"version-history":[{"count":1,"href":"https:\/\/www.vagadeempregorj.com.br\/ar\/wp-json\/wp\/v2\/posts\/43969\/revisions"}],"predecessor-version":[{"id":43985,"href":"https:\/\/www.vagadeempregorj.com.br\/ar\/wp-json\/wp\/v2\/posts\/43969\/revisions\/43985"}],"wp:featuredmedia":[{"embeddable":true,"href":"https:\/\/www.vagadeempregorj.com.br\/ar\/wp-json\/wp\/v2\/media\/43984"}],"wp:attachment":[{"href":"https:\/\/www.vagadeempregorj.com.br\/ar\/wp-json\/wp\/v2\/media?parent=43969"}],"wp:term":[{"taxonomy":"category","embeddable":true,"href":"https:\/\/www.vagadeempregorj.com.br\/ar\/wp-json\/wp\/v2\/categories?post=43969"},{"taxonomy":"post_tag","embeddable":true,"href":"https:\/\/www.vagadeempregorj.com.br\/ar\/wp-json\/wp\/v2\/tags?post=43969"}],"curies":[{"name":"wp","href":"https:\/\/api.w.org\/{rel}","templated":true}]}}