{"id":25395,"date":"2023-09-13T00:05:00","date_gmt":"2023-09-13T03:05:00","guid":{"rendered":"https:\/\/www.vagadeempregorj.com.br\/?p=25395"},"modified":"2025-07-20T13:59:09","modified_gmt":"2025-07-20T16:59:09","slug":"job-openings-at-pao-de-acucar-group","status":"publish","type":"post","link":"https:\/\/www.vagadeempregorj.com.br\/en\/vagas-de-emprego-grupo-pao-de-acucar\/","title":{"rendered":"Administrative Assistant, Young Apprentice, Maintenance Technician and much more at Grupo P\u00e3o de A\u00e7\u00facar"},"content":{"rendered":"<p>Updated on<\/p>\n\n\n<div class=\"wp-block-post-date\"><time datetime=\"2023-09-13T00:05:00-03:00\">13\/09\/2023<\/time><\/div>\n\n\n<p>There are job openings at Grupo P\u00e3o de A\u00e7\u00facar. Although people usually think of P\u00e3o de A\u00e7\u00facar only as a supermarket, the truth is that this business group has many more businesses.<\/p>\n\n\n\n<p>As a result, there are also a large number of opportunities for professionals from different sectors:<\/p>\n\n\n\n<ul class=\"wp-block-list\">\n<li>Young apprentice<\/li>\n\n\n\n<li>Administrative Assistant<\/li>\n\n\n\n<li>Distribution center operator<\/li>\n\n\n\n<li>Senior Supply Analyst<\/li>\n\n\n\n<li>Head of Operations<\/li>\n\n\n\n<li>Store Manager<\/li>\n\n\n\n<li>Fishmonger<\/li>\n\n\n\n<li>Maintenance technician<\/li>\n\n\n\n<li>Senior Expansion Analyst<\/li>\n\n\n\n<li>Buyer<\/li>\n\n\n\n<li>Junior Category Manager<\/li>\n\n\n\n<li>And more<\/li>\n<\/ul>\n\n\n\n<p>However, the benefits package offered by Grupo P\u00e3o de A\u00e7\u00facar to its employees depends, of course, on the position held.<\/p>\n\n\n\n<p>Therefore, the benefits range from receiving time off on your birthday, discounts on products, medical assistance, and more.<\/p>\n\n\n\n<div class=\"wp-block-buttons is-horizontal is-content-justification-center is-layout-flex wp-container-core-buttons-is-layout-499968f5 wp-block-buttons-is-layout-flex\">\n<div class=\"wp-block-button\"><a class=\"wp-block-button__link has-black-color has-text-color has-background wp-element-button\" href=\"https:\/\/www.vagadeempregorj.com.br\/en\/sending-your-resume-quickly\/\" style=\"background:linear-gradient(2deg,rgb(255,134,50) 64%,rgb(255,197,71) 100%)\"><strong>SEE HOW TO APPLY<\/strong><\/a><\/div>\n<\/div>\n\n\n\n<h2 class=\"wp-block-heading\">How to apply<\/h2>\n\n\n\n<p>On the GPA Careers page, you can not only submit your resume but also see testimonials from people who already work at the company and have a high degree of satisfaction.<\/p>\n\n\n\n<p><br>You can send your resume to <a href=\"https:\/\/gpa.gupy.io\/\">https:\/\/gpa.gupy.io\/<\/a><mark style=\"background-color:rgba(0, 0, 0, 0)\" class=\"has-inline-color has-vivid-cyan-blue-color\"><\/mark>, It is important to click on one of the sectors: logistics, digital, interns and apprentices, stores, corporation, and STIX.<br> Similarly, at the top, click on Log in as a candidate.<\/p>\n\n\n\n<p>If you are already registered on the site, simply enter your information and apply; otherwise, you will have to complete the registration process.<br>However, candidates can try taking their resumes to Grupo P\u00e3o de A\u00e7\u00facar stores.<\/p>\n\n\n\n<h2 class=\"wp-block-heading\">See more from Grupo P\u00e3o de A\u00e7\u00facar<\/h2>\n\n\n\n<p>Without a doubt, GPA is one of the corporate groups with the largest number of brands available on the market, which is one of the reasons for its economic stability.<br>Some sectors in which the company&#039;s brands fit include shopping malls, specialty businesses, loyalty programs, physical stores, e-commerce, private labels, and sustainability.<br>Therefore, in total, there are 800 physical stores, and it&#039;s important to remember that this belongs to the P\u00e3o de A\u00e7\u00facar Group.<br>The company has a huge online marketplace, not only distributing its own products but also providing a platform for other brands to sell.<br>Sustainability is a fundamental aspect of GPA&#039;s work, with particular emphasis on environmental impact management, promoting diversity, periodic reporting, and much more.<br>Thus, one of its main pillars is conscious consumption and supply.<\/p>\n\n\n\n<div class=\"wp-block-buttons is-horizontal is-content-justification-center is-layout-flex wp-container-core-buttons-is-layout-499968f5 wp-block-buttons-is-layout-flex\">\n<div class=\"wp-block-button\"><a class=\"wp-block-button__link has-black-color has-text-color has-background wp-element-button\" href=\"https:\/\/www.vagadeempregorj.com.br\/en\/job-openings\/rio-de-janeiro\/\" style=\"border-radius:29px;background:linear-gradient(2deg,rgb(255,134,50) 60%,rgb(255,197,71) 100%)\"><strong>SEE NEW VACANCIES TO APPLY FOR<\/strong><\/a><\/div>\n<\/div>\n\n\n\n<p><\/p>","protected":false},"excerpt":{"rendered":"<p>There are job openings at Grupo P\u00e3o de A\u00e7\u00facar.<br \/>\nAlthough people usually think of P\u00e3o de A\u00e7\u00facar as just a supermarket, the truth is that this business group has many more businesses.<\/p>","protected":false},"author":1,"featured_media":25397,"comment_status":"closed","ping_status":"closed","sticky":false,"template":"","format":"standard","meta":{"neve_meta_sidebar":"","neve_meta_container":"","neve_meta_enable_content_width":"","neve_meta_content_width":0,"neve_meta_title_alignment":"","neve_meta_author_avatar":"","neve_post_elements_order":"","neve_meta_disable_header":"","neve_meta_disable_footer":"","neve_meta_disable_title":"","footnotes":""},"categories":[123],"tags":[160,147,159],"class_list":["post-25395","post","type-post","status-publish","format-standard","has-post-thumbnail","hentry","category-vagas-de-emprego-nacionais","tag-pao-de-acucar","tag-vaga-de-emprego","tag-vaga-de-emprego-pao-de-acucar"],"yoast_head":"<!-- This site is optimized with the Yoast SEO plugin v27.4 - https:\/\/yoast.com\/product\/yoast-seo-wordpress\/ -->\n<title>Auxiliar Administrativo, Jovem Aprendiz, T\u00e9cnico de Manuten\u00e7\u00e3o e muito mais no Grupo P\u00e3o de A\u00e7\u00facar -<\/title>\n<meta name=\"description\" content=\"H\u00e1 vagas de emprego Grupo P\u00e3o de A\u00e7\u00facar. Apesar de as pessoas, normalmente, pensarem no P\u00e3o de A\u00e7\u00facar apenas como um mercado...\" \/>\n<meta name=\"robots\" content=\"index, follow, max-snippet:-1, max-image-preview:large, max-video-preview:-1\" \/>\n<link rel=\"canonical\" href=\"https:\/\/www.vagadeempregorj.com.br\/en\/job-openings-at-pao-de-acucar-group\/\" \/>\n<meta property=\"og:locale\" content=\"en_US\" \/>\n<meta property=\"og:type\" content=\"article\" \/>\n<meta property=\"og:title\" content=\"Auxiliar Administrativo, Jovem Aprendiz, T\u00e9cnico de Manuten\u00e7\u00e3o e muito mais no Grupo P\u00e3o de A\u00e7\u00facar -\" \/>\n<meta property=\"og:description\" content=\"H\u00e1 vagas de emprego Grupo P\u00e3o de A\u00e7\u00facar. Apesar de as pessoas, normalmente, pensarem no P\u00e3o de A\u00e7\u00facar apenas como um mercado...\" \/>\n<meta property=\"og:url\" content=\"https:\/\/www.vagadeempregorj.com.br\/en\/job-openings-at-pao-de-acucar-group\/\" \/>\n<meta property=\"article:publisher\" content=\"https:\/\/www.facebook.com\/empregobrasiloficial\" \/>\n<meta property=\"article:published_time\" content=\"2023-09-13T03:05:00+00:00\" \/>\n<meta property=\"article:modified_time\" content=\"2025-07-20T16:59:09+00:00\" \/>\n<meta property=\"og:image\" content=\"https:\/\/www.vagadeempregorj.com.br\/wp-content\/uploads\/2022\/03\/PAO-DE-ACUCAR.jpg\" \/>\n\t<meta property=\"og:image:width\" content=\"1200\" \/>\n\t<meta property=\"og:image:height\" content=\"675\" \/>\n\t<meta property=\"og:image:type\" content=\"image\/jpeg\" \/>\n<meta name=\"author\" content=\"Ana B.\" \/>\n<meta name=\"twitter:card\" content=\"summary_large_image\" \/>\n<meta name=\"twitter:label1\" content=\"Written by\" \/>\n\t<meta name=\"twitter:data1\" content=\"Ana B.\" \/>\n\t<meta name=\"twitter:label2\" content=\"Est. reading time\" \/>\n\t<meta name=\"twitter:data2\" content=\"3 minutes\" \/>\n<script type=\"application\/ld+json\" class=\"yoast-schema-graph\">{\"@context\":\"https:\\\/\\\/schema.org\",\"@graph\":[{\"@type\":\"Article\",\"@id\":\"https:\\\/\\\/www.vagadeempregorj.com.br\\\/vagas-de-emprego-grupo-pao-de-acucar\\\/#article\",\"isPartOf\":{\"@id\":\"https:\\\/\\\/www.vagadeempregorj.com.br\\\/vagas-de-emprego-grupo-pao-de-acucar\\\/\"},\"author\":{\"name\":\"Ana B.\",\"@id\":\"https:\\\/\\\/www.vagadeempregorj.com.br\\\/#\\\/schema\\\/person\\\/c0c38d5d765e86c3b7c8f12fb1ae6477\"},\"headline\":\"Auxiliar Administrativo, Jovem Aprendiz, T\u00e9cnico de Manuten\u00e7\u00e3o e muito mais no Grupo P\u00e3o de A\u00e7\u00facar\",\"datePublished\":\"2023-09-13T03:05:00+00:00\",\"dateModified\":\"2025-07-20T16:59:09+00:00\",\"mainEntityOfPage\":{\"@id\":\"https:\\\/\\\/www.vagadeempregorj.com.br\\\/vagas-de-emprego-grupo-pao-de-acucar\\\/\"},\"wordCount\":441,\"image\":{\"@id\":\"https:\\\/\\\/www.vagadeempregorj.com.br\\\/vagas-de-emprego-grupo-pao-de-acucar\\\/#primaryimage\"},\"thumbnailUrl\":\"https:\\\/\\\/www.vagadeempregorj.com.br\\\/wp-content\\\/uploads\\\/2022\\\/03\\\/PAO-DE-ACUCAR.jpg\",\"keywords\":[\"pao de acucar\",\"vaga de emprego\",\"vaga de emprego pao de acucar\"],\"articleSection\":[\"Vagas de Emprego Nacionais\"],\"inLanguage\":\"en-US\"},{\"@type\":\"WebPage\",\"@id\":\"https:\\\/\\\/www.vagadeempregorj.com.br\\\/vagas-de-emprego-grupo-pao-de-acucar\\\/\",\"url\":\"https:\\\/\\\/www.vagadeempregorj.com.br\\\/vagas-de-emprego-grupo-pao-de-acucar\\\/\",\"name\":\"Auxiliar Administrativo, Jovem Aprendiz, T\u00e9cnico de Manuten\u00e7\u00e3o e muito mais no Grupo P\u00e3o de A\u00e7\u00facar -\",\"isPartOf\":{\"@id\":\"https:\\\/\\\/www.vagadeempregorj.com.br\\\/#website\"},\"primaryImageOfPage\":{\"@id\":\"https:\\\/\\\/www.vagadeempregorj.com.br\\\/vagas-de-emprego-grupo-pao-de-acucar\\\/#primaryimage\"},\"image\":{\"@id\":\"https:\\\/\\\/www.vagadeempregorj.com.br\\\/vagas-de-emprego-grupo-pao-de-acucar\\\/#primaryimage\"},\"thumbnailUrl\":\"https:\\\/\\\/www.vagadeempregorj.com.br\\\/wp-content\\\/uploads\\\/2022\\\/03\\\/PAO-DE-ACUCAR.jpg\",\"datePublished\":\"2023-09-13T03:05:00+00:00\",\"dateModified\":\"2025-07-20T16:59:09+00:00\",\"author\":{\"@id\":\"https:\\\/\\\/www.vagadeempregorj.com.br\\\/#\\\/schema\\\/person\\\/c0c38d5d765e86c3b7c8f12fb1ae6477\"},\"description\":\"H\u00e1 vagas de emprego Grupo P\u00e3o de A\u00e7\u00facar. Apesar de as pessoas, normalmente, pensarem no P\u00e3o de A\u00e7\u00facar apenas como um mercado...\",\"breadcrumb\":{\"@id\":\"https:\\\/\\\/www.vagadeempregorj.com.br\\\/vagas-de-emprego-grupo-pao-de-acucar\\\/#breadcrumb\"},\"inLanguage\":\"en-US\",\"potentialAction\":[{\"@type\":\"ReadAction\",\"target\":[\"https:\\\/\\\/www.vagadeempregorj.com.br\\\/vagas-de-emprego-grupo-pao-de-acucar\\\/\"]}]},{\"@type\":\"ImageObject\",\"inLanguage\":\"en-US\",\"@id\":\"https:\\\/\\\/www.vagadeempregorj.com.br\\\/vagas-de-emprego-grupo-pao-de-acucar\\\/#primaryimage\",\"url\":\"https:\\\/\\\/www.vagadeempregorj.com.br\\\/wp-content\\\/uploads\\\/2022\\\/03\\\/PAO-DE-ACUCAR.jpg\",\"contentUrl\":\"https:\\\/\\\/www.vagadeempregorj.com.br\\\/wp-content\\\/uploads\\\/2022\\\/03\\\/PAO-DE-ACUCAR.jpg\",\"width\":1200,\"height\":675,\"caption\":\"PAO DE ACUCAR\"},{\"@type\":\"BreadcrumbList\",\"@id\":\"https:\\\/\\\/www.vagadeempregorj.com.br\\\/vagas-de-emprego-grupo-pao-de-acucar\\\/#breadcrumb\",\"itemListElement\":[{\"@type\":\"ListItem\",\"position\":1,\"name\":\"In\u00edcio\",\"item\":\"https:\\\/\\\/www.vagadeempregorj.com.br\\\/\"},{\"@type\":\"ListItem\",\"position\":2,\"name\":\"Vagas de Emprego Nacionais\",\"item\":\"https:\\\/\\\/www.vagadeempregorj.com.br\\\/vagas-de-emprego-nacionais\\\/\"},{\"@type\":\"ListItem\",\"position\":3,\"name\":\"Auxiliar Administrativo, Jovem Aprendiz, T\u00e9cnico de Manuten\u00e7\u00e3o e muito mais no Grupo P\u00e3o de A\u00e7\u00facar\"}]},{\"@type\":\"WebSite\",\"@id\":\"https:\\\/\\\/www.vagadeempregorj.com.br\\\/#website\",\"url\":\"https:\\\/\\\/www.vagadeempregorj.com.br\\\/\",\"name\":\"\",\"description\":\"Conquiste Sonhos: Vagas, Benef\u00edcios e Economia para Transformar Vidas e Alcan\u00e7ar Melhorias Cotidianas\",\"potentialAction\":[{\"@type\":\"SearchAction\",\"target\":{\"@type\":\"EntryPoint\",\"urlTemplate\":\"https:\\\/\\\/www.vagadeempregorj.com.br\\\/?s={search_term_string}\"},\"query-input\":{\"@type\":\"PropertyValueSpecification\",\"valueRequired\":true,\"valueName\":\"search_term_string\"}}],\"inLanguage\":\"en-US\"},{\"@type\":\"Person\",\"@id\":\"https:\\\/\\\/www.vagadeempregorj.com.br\\\/#\\\/schema\\\/person\\\/c0c38d5d765e86c3b7c8f12fb1ae6477\",\"name\":\"Ana B.\",\"image\":{\"@type\":\"ImageObject\",\"inLanguage\":\"en-US\",\"@id\":\"https:\\\/\\\/secure.gravatar.com\\\/avatar\\\/f5efa58599e07f8dd92f26c7cfbc442fd115582bc681245452e503c2ef2334f3?s=96&r=g\",\"url\":\"https:\\\/\\\/secure.gravatar.com\\\/avatar\\\/f5efa58599e07f8dd92f26c7cfbc442fd115582bc681245452e503c2ef2334f3?s=96&r=g\",\"contentUrl\":\"https:\\\/\\\/secure.gravatar.com\\\/avatar\\\/f5efa58599e07f8dd92f26c7cfbc442fd115582bc681245452e503c2ef2334f3?s=96&r=g\",\"caption\":\"Ana B.\"},\"description\":\"Meu nome \u00e9 Ana e sou apaixonada em escrever. Dedico meu tempo escrevendo not\u00edcias e vagas de emprego diariamente no portal Vaga de Emprego RJ.\",\"url\":\"https:\\\/\\\/www.vagadeempregorj.com.br\\\/en\\\/author\\\/vgrj\\\/\"}]}<\/script>\n<!-- \/ Yoast SEO plugin. -->","yoast_head_json":{"title":"Administrative Assistant, Young Apprentice, Maintenance Technician and much more at Grupo P\u00e3o de A\u00e7\u00facar -","description":"There are job openings at Grupo P\u00e3o de A\u00e7\u00facar. Although people usually think of P\u00e3o de A\u00e7\u00facar only as a supermarket...","robots":{"index":"index","follow":"follow","max-snippet":"max-snippet:-1","max-image-preview":"max-image-preview:large","max-video-preview":"max-video-preview:-1"},"canonical":"https:\/\/www.vagadeempregorj.com.br\/en\/job-openings-at-pao-de-acucar-group\/","og_locale":"en_US","og_type":"article","og_title":"Auxiliar Administrativo, Jovem Aprendiz, T\u00e9cnico de Manuten\u00e7\u00e3o e muito mais no Grupo P\u00e3o de A\u00e7\u00facar -","og_description":"H\u00e1 vagas de emprego Grupo P\u00e3o de A\u00e7\u00facar. Apesar de as pessoas, normalmente, pensarem no P\u00e3o de A\u00e7\u00facar apenas como um mercado...","og_url":"https:\/\/www.vagadeempregorj.com.br\/en\/job-openings-at-pao-de-acucar-group\/","article_publisher":"https:\/\/www.facebook.com\/empregobrasiloficial","article_published_time":"2023-09-13T03:05:00+00:00","article_modified_time":"2025-07-20T16:59:09+00:00","og_image":[{"width":1200,"height":675,"url":"https:\/\/www.vagadeempregorj.com.br\/wp-content\/uploads\/2022\/03\/PAO-DE-ACUCAR.jpg","type":"image\/jpeg"}],"author":"Ana B.","twitter_card":"summary_large_image","twitter_misc":{"Written by":"Ana B.","Est. reading time":"3 minutes"},"schema":{"@context":"https:\/\/schema.org","@graph":[{"@type":"Article","@id":"https:\/\/www.vagadeempregorj.com.br\/vagas-de-emprego-grupo-pao-de-acucar\/#article","isPartOf":{"@id":"https:\/\/www.vagadeempregorj.com.br\/vagas-de-emprego-grupo-pao-de-acucar\/"},"author":{"name":"Ana B.","@id":"https:\/\/www.vagadeempregorj.com.br\/#\/schema\/person\/c0c38d5d765e86c3b7c8f12fb1ae6477"},"headline":"Auxiliar Administrativo, Jovem Aprendiz, T\u00e9cnico de Manuten\u00e7\u00e3o e muito mais no Grupo P\u00e3o de A\u00e7\u00facar","datePublished":"2023-09-13T03:05:00+00:00","dateModified":"2025-07-20T16:59:09+00:00","mainEntityOfPage":{"@id":"https:\/\/www.vagadeempregorj.com.br\/vagas-de-emprego-grupo-pao-de-acucar\/"},"wordCount":441,"image":{"@id":"https:\/\/www.vagadeempregorj.com.br\/vagas-de-emprego-grupo-pao-de-acucar\/#primaryimage"},"thumbnailUrl":"https:\/\/www.vagadeempregorj.com.br\/wp-content\/uploads\/2022\/03\/PAO-DE-ACUCAR.jpg","keywords":["pao de acucar","vaga de emprego","vaga de emprego pao de acucar"],"articleSection":["Vagas de Emprego Nacionais"],"inLanguage":"en-US"},{"@type":"WebPage","@id":"https:\/\/www.vagadeempregorj.com.br\/vagas-de-emprego-grupo-pao-de-acucar\/","url":"https:\/\/www.vagadeempregorj.com.br\/vagas-de-emprego-grupo-pao-de-acucar\/","name":"Administrative Assistant, Young Apprentice, Maintenance Technician and much more at Grupo P\u00e3o de A\u00e7\u00facar -","isPartOf":{"@id":"https:\/\/www.vagadeempregorj.com.br\/#website"},"primaryImageOfPage":{"@id":"https:\/\/www.vagadeempregorj.com.br\/vagas-de-emprego-grupo-pao-de-acucar\/#primaryimage"},"image":{"@id":"https:\/\/www.vagadeempregorj.com.br\/vagas-de-emprego-grupo-pao-de-acucar\/#primaryimage"},"thumbnailUrl":"https:\/\/www.vagadeempregorj.com.br\/wp-content\/uploads\/2022\/03\/PAO-DE-ACUCAR.jpg","datePublished":"2023-09-13T03:05:00+00:00","dateModified":"2025-07-20T16:59:09+00:00","author":{"@id":"https:\/\/www.vagadeempregorj.com.br\/#\/schema\/person\/c0c38d5d765e86c3b7c8f12fb1ae6477"},"description":"There are job openings at Grupo P\u00e3o de A\u00e7\u00facar. Although people usually think of P\u00e3o de A\u00e7\u00facar only as a supermarket...","breadcrumb":{"@id":"https:\/\/www.vagadeempregorj.com.br\/vagas-de-emprego-grupo-pao-de-acucar\/#breadcrumb"},"inLanguage":"en-US","potentialAction":[{"@type":"ReadAction","target":["https:\/\/www.vagadeempregorj.com.br\/vagas-de-emprego-grupo-pao-de-acucar\/"]}]},{"@type":"ImageObject","inLanguage":"en-US","@id":"https:\/\/www.vagadeempregorj.com.br\/vagas-de-emprego-grupo-pao-de-acucar\/#primaryimage","url":"https:\/\/www.vagadeempregorj.com.br\/wp-content\/uploads\/2022\/03\/PAO-DE-ACUCAR.jpg","contentUrl":"https:\/\/www.vagadeempregorj.com.br\/wp-content\/uploads\/2022\/03\/PAO-DE-ACUCAR.jpg","width":1200,"height":675,"caption":"PAO DE ACUCAR"},{"@type":"BreadcrumbList","@id":"https:\/\/www.vagadeempregorj.com.br\/vagas-de-emprego-grupo-pao-de-acucar\/#breadcrumb","itemListElement":[{"@type":"ListItem","position":1,"name":"In\u00edcio","item":"https:\/\/www.vagadeempregorj.com.br\/"},{"@type":"ListItem","position":2,"name":"Vagas de Emprego Nacionais","item":"https:\/\/www.vagadeempregorj.com.br\/vagas-de-emprego-nacionais\/"},{"@type":"ListItem","position":3,"name":"Auxiliar Administrativo, Jovem Aprendiz, T\u00e9cnico de Manuten\u00e7\u00e3o e muito mais no Grupo P\u00e3o de A\u00e7\u00facar"}]},{"@type":"WebSite","@id":"https:\/\/www.vagadeempregorj.com.br\/#website","url":"https:\/\/www.vagadeempregorj.com.br\/","name":"","description":"Achieve Dreams: Jobs, Benefits, and Savings to Transform Lives and Achieve Everyday Improvements","potentialAction":[{"@type":"SearchAction","target":{"@type":"EntryPoint","urlTemplate":"https:\/\/www.vagadeempregorj.com.br\/?s={search_term_string}"},"query-input":{"@type":"PropertyValueSpecification","valueRequired":true,"valueName":"search_term_string"}}],"inLanguage":"en-US"},{"@type":"Person","@id":"https:\/\/www.vagadeempregorj.com.br\/#\/schema\/person\/c0c38d5d765e86c3b7c8f12fb1ae6477","name":"Ana B.","image":{"@type":"ImageObject","inLanguage":"en-US","@id":"https:\/\/secure.gravatar.com\/avatar\/f5efa58599e07f8dd92f26c7cfbc442fd115582bc681245452e503c2ef2334f3?s=96&r=g","url":"https:\/\/secure.gravatar.com\/avatar\/f5efa58599e07f8dd92f26c7cfbc442fd115582bc681245452e503c2ef2334f3?s=96&r=g","contentUrl":"https:\/\/secure.gravatar.com\/avatar\/f5efa58599e07f8dd92f26c7cfbc442fd115582bc681245452e503c2ef2334f3?s=96&r=g","caption":"Ana B."},"description":"My name is Ana, and I&#039;m passionate about writing. I dedicate my time to posting news and job openings daily on the Vaga de Emprego RJ portal.","url":"https:\/\/www.vagadeempregorj.com.br\/en\/author\/vgrj\/"}]}},"_links":{"self":[{"href":"https:\/\/www.vagadeempregorj.com.br\/en\/wp-json\/wp\/v2\/posts\/25395","targetHints":{"allow":["GET"]}}],"collection":[{"href":"https:\/\/www.vagadeempregorj.com.br\/en\/wp-json\/wp\/v2\/posts"}],"about":[{"href":"https:\/\/www.vagadeempregorj.com.br\/en\/wp-json\/wp\/v2\/types\/post"}],"author":[{"embeddable":true,"href":"https:\/\/www.vagadeempregorj.com.br\/en\/wp-json\/wp\/v2\/users\/1"}],"replies":[{"embeddable":true,"href":"https:\/\/www.vagadeempregorj.com.br\/en\/wp-json\/wp\/v2\/comments?post=25395"}],"version-history":[{"count":2,"href":"https:\/\/www.vagadeempregorj.com.br\/en\/wp-json\/wp\/v2\/posts\/25395\/revisions"}],"predecessor-version":[{"id":43710,"href":"https:\/\/www.vagadeempregorj.com.br\/en\/wp-json\/wp\/v2\/posts\/25395\/revisions\/43710"}],"wp:featuredmedia":[{"embeddable":true,"href":"https:\/\/www.vagadeempregorj.com.br\/en\/wp-json\/wp\/v2\/media\/25397"}],"wp:attachment":[{"href":"https:\/\/www.vagadeempregorj.com.br\/en\/wp-json\/wp\/v2\/media?parent=25395"}],"wp:term":[{"taxonomy":"category","embeddable":true,"href":"https:\/\/www.vagadeempregorj.com.br\/en\/wp-json\/wp\/v2\/categories?post=25395"},{"taxonomy":"post_tag","embeddable":true,"href":"https:\/\/www.vagadeempregorj.com.br\/en\/wp-json\/wp\/v2\/tags?post=25395"}],"curies":[{"name":"wp","href":"https:\/\/api.w.org\/{rel}","templated":true}]}}