{"id":26666,"date":"2022-03-21T17:44:34","date_gmt":"2022-03-21T20:44:34","guid":{"rendered":"https:\/\/www.vagadeempregorj.com.br\/?p=26666"},"modified":"2025-06-15T14:31:29","modified_gmt":"2025-06-15T17:31:29","slug":"whatsapp-job-group","status":"publish","type":"post","link":"https:\/\/www.vagadeempregorj.com.br\/en\/grupo-de-emprego-whatsapp\/","title":{"rendered":"WhatsApp Employment Group for the State of Rio de Janeiro and Region"},"content":{"rendered":"<p>Group <a href=\"https:\/\/www.vagadeempregorj.com.br\/en\/\">Job<\/a> WhatsApp for the State of Rio de Janeiro and Region, bringing you the best available job openings quickly, quietly, and efficiently. <\/p>\n\n\n\n<p>In this way, stay informed and receive all the latest news about job openings in your city and region directly on your cell phone. <\/p>\n\n\n\n<div class=\"wp-block-buttons is-horizontal is-content-justification-center is-layout-flex wp-container-core-buttons-is-layout-499968f5 wp-block-buttons-is-layout-flex\">\n<div class=\"wp-block-button\"><a class=\"wp-block-button__link has-black-color has-text-color has-background wp-element-button\" href=\"https:\/\/www.vagadeempregorj.com.br\/en\/registre-se\/\" style=\"background:linear-gradient(2deg,rgb(114,211,58) 64%,rgb(13,174,69) 100%)\"><strong>REGISTER EMAIL<\/strong><\/a><\/div>\n<\/div>\n\n\n\n<p><strong>Access to the group is LIMITED! So, if you can&#039;t join today, try again tomorrow!<\/strong><\/p>\n\n\n\n<h2 class=\"wp-block-heading\">How important is it to be part of a WhatsApp Job Group in your city and region?<\/h2>\n\n\n\n<p>The job group is muted, and only administrators can send messages.<br>In this way, the group remains organized, with a total focus on the job openings available in their city and region.<\/p>\n\n\n\n<div class=\"wp-block-buttons is-horizontal is-content-justification-center is-layout-flex wp-container-core-buttons-is-layout-499968f5 wp-block-buttons-is-layout-flex\">\n<div class=\"wp-block-button\"><a class=\"wp-block-button__link has-black-color has-text-color has-background wp-element-button\" href=\"https:\/\/www.vagadeempregorj.com.br\/en\/registre-se\/\" style=\"background:linear-gradient(2deg,rgb(114,211,58) 64%,rgb(13,174,69) 100%)\"><strong>REGISTER EMAIL<\/strong><\/a><\/div>\n<\/div>\n\n\n\n<p><br>Furthermore, the group has channels available to speak with a representative, get answers to your questions, and speed up the process of finding your dream job.<br>However, temporary messages are enabled in the group, so they won&#039;t overload your phone.<\/p>\n\n\n\n<h2 class=\"wp-block-heading\">Does the WhatsApp Job Group have limited openings?<\/h2>\n\n\n\n<p>The number of spots available in the WhatsApp Job Group is limited, and you&#039;ll need to wait for one to become available. In short, if you can&#039;t access the group today, try again tomorrow! Don&#039;t give up.<\/p>\n\n\n\n<div class=\"wp-block-buttons is-horizontal is-content-justification-center is-layout-flex wp-container-core-buttons-is-layout-499968f5 wp-block-buttons-is-layout-flex\">\n<div class=\"wp-block-button\"><a class=\"wp-block-button__link has-black-color has-text-color has-background wp-element-button\" href=\"https:\/\/www.vagadeempregorj.com.br\/en\/registre-se\/\" style=\"background:linear-gradient(2deg,rgb(114,211,58) 64%,rgb(13,174,69) 100%)\"><strong>REGISTER EMAIL<\/strong><\/a><\/div>\n<\/div>\n\n\n\n<h2 class=\"wp-block-heading\">Does the group have rules?<\/h2>\n\n\n\n<p>It is forbidden to contact any user privately. Therefore, if this occurs, simply report it to one of our administrators, who will immediately ban the phone number from the group.<\/p>\n\n\n\n<h2 class=\"wp-block-heading\">Who are the writers for the Rio de Janeiro Job Vacancies Portal?<\/h2>\n\n\n\n<p>The Portal Vagas de Emprego RJ team consists of 20 people. The team came together with a single purpose: our mission is to reduce the unemployment rate in Brazil. Your struggle is our struggle. Your victory is our victory. The team is distributed across social media platforms where we post job openings daily: WhatsApp, Facebook, Instagram, Telegram, YouTube, Kwai, and Pinterest.<\/p>\n\n\n\n<div class=\"wp-block-buttons is-horizontal is-content-justification-center is-layout-flex wp-container-core-buttons-is-layout-499968f5 wp-block-buttons-is-layout-flex\">\n<div class=\"wp-block-button\"><a class=\"wp-block-button__link has-black-color has-text-color has-background wp-element-button\" href=\"https:\/\/www.vagadeempregorj.com.br\/en\/job-openings\/rio-de-janeiro\/\" style=\"border-radius:29px;background:linear-gradient(2deg,rgb(255,134,50) 60%,rgb(255,197,71) 100%)\"><strong>SEE NEW VACANCIES TO APPLY FOR<\/strong><\/a><\/div>\n<\/div>","protected":false},"excerpt":{"rendered":"<p>The Employment Group for the State of Rio de Janeiro and Region brings you the best available job openings quickly, quietly, and efficiently. <\/p>","protected":false},"author":1,"featured_media":24422,"comment_status":"closed","ping_status":"closed","sticky":false,"template":"","format":"standard","meta":{"neve_meta_sidebar":"","neve_meta_container":"","neve_meta_enable_content_width":"","neve_meta_content_width":0,"neve_meta_title_alignment":"","neve_meta_author_avatar":"","neve_post_elements_order":"","neve_meta_disable_header":"","neve_meta_disable_footer":"","neve_meta_disable_title":"","footnotes":""},"categories":[123],"tags":[143,147],"class_list":["post-26666","post","type-post","status-publish","format-standard","has-post-thumbnail","hentry","category-vagas-de-emprego-nacionais","tag-grupo-emprego-whatsapp","tag-vaga-de-emprego"],"yoast_head":"<!-- This site is optimized with the Yoast SEO plugin v27.5 - https:\/\/yoast.com\/product\/yoast-seo-wordpress\/ -->\n<title>Grupo de Emprego WhatsApp Estado do Rio de Janeiro e Regi\u00e3o -<\/title>\n<meta name=\"description\" content=\"Grupo de Emprego WhatsApp Estado do Rio de Janeiro e Regi\u00e3o, trazendo para todos as melhores vagas dispon\u00edveis, de forma r\u00e1pida, silenciosa e objetiva.\" \/>\n<meta name=\"robots\" content=\"index, follow, max-snippet:-1, max-image-preview:large, max-video-preview:-1\" \/>\n<link rel=\"canonical\" href=\"https:\/\/www.vagadeempregorj.com.br\/en\/whatsapp-job-group\/\" \/>\n<meta property=\"og:locale\" content=\"en_US\" \/>\n<meta property=\"og:type\" content=\"article\" \/>\n<meta property=\"og:title\" content=\"Grupo de Emprego WhatsApp Estado do Rio de Janeiro e Regi\u00e3o -\" \/>\n<meta property=\"og:description\" content=\"Grupo de Emprego WhatsApp Estado do Rio de Janeiro e Regi\u00e3o, trazendo para todos as melhores vagas dispon\u00edveis, de forma r\u00e1pida, silenciosa e objetiva.\" \/>\n<meta property=\"og:url\" content=\"https:\/\/www.vagadeempregorj.com.br\/en\/whatsapp-job-group\/\" \/>\n<meta property=\"article:publisher\" content=\"https:\/\/www.facebook.com\/empregobrasiloficial\" \/>\n<meta property=\"article:published_time\" content=\"2022-03-21T20:44:34+00:00\" \/>\n<meta property=\"article:modified_time\" content=\"2025-06-15T17:31:29+00:00\" \/>\n<meta property=\"og:image\" content=\"https:\/\/www.vagadeempregorj.com.br\/wp-content\/uploads\/2022\/02\/GRUPOS-WHATSAPP.jpg\" \/>\n\t<meta property=\"og:image:width\" content=\"1200\" \/>\n\t<meta property=\"og:image:height\" content=\"675\" \/>\n\t<meta property=\"og:image:type\" content=\"image\/jpeg\" \/>\n<meta name=\"author\" content=\"Ana B.\" \/>\n<meta name=\"twitter:card\" content=\"summary_large_image\" \/>\n<meta name=\"twitter:label1\" content=\"Written by\" \/>\n\t<meta name=\"twitter:data1\" content=\"Ana B.\" \/>\n\t<meta name=\"twitter:label2\" content=\"Est. reading time\" \/>\n\t<meta name=\"twitter:data2\" content=\"2 minutes\" \/>\n<script type=\"application\/ld+json\" class=\"yoast-schema-graph\">{\"@context\":\"https:\\\/\\\/schema.org\",\"@graph\":[{\"@type\":\"Article\",\"@id\":\"https:\\\/\\\/www.vagadeempregorj.com.br\\\/grupo-de-emprego-whatsapp\\\/#article\",\"isPartOf\":{\"@id\":\"https:\\\/\\\/www.vagadeempregorj.com.br\\\/grupo-de-emprego-whatsapp\\\/\"},\"author\":{\"name\":\"Ana B.\",\"@id\":\"https:\\\/\\\/www.vagadeempregorj.com.br\\\/#\\\/schema\\\/person\\\/c0c38d5d765e86c3b7c8f12fb1ae6477\"},\"headline\":\"Grupo de Emprego WhatsApp Estado do Rio de Janeiro e Regi\u00e3o\",\"datePublished\":\"2022-03-21T20:44:34+00:00\",\"dateModified\":\"2025-06-15T17:31:29+00:00\",\"mainEntityOfPage\":{\"@id\":\"https:\\\/\\\/www.vagadeempregorj.com.br\\\/grupo-de-emprego-whatsapp\\\/\"},\"wordCount\":352,\"image\":{\"@id\":\"https:\\\/\\\/www.vagadeempregorj.com.br\\\/grupo-de-emprego-whatsapp\\\/#primaryimage\"},\"thumbnailUrl\":\"https:\\\/\\\/www.vagadeempregorj.com.br\\\/wp-content\\\/uploads\\\/2022\\\/02\\\/GRUPOS-WHATSAPP.jpg\",\"keywords\":[\"grupo emprego whatsapp\",\"vaga de emprego\"],\"articleSection\":[\"Vagas de Emprego Nacionais\"],\"inLanguage\":\"en-US\"},{\"@type\":\"WebPage\",\"@id\":\"https:\\\/\\\/www.vagadeempregorj.com.br\\\/grupo-de-emprego-whatsapp\\\/\",\"url\":\"https:\\\/\\\/www.vagadeempregorj.com.br\\\/grupo-de-emprego-whatsapp\\\/\",\"name\":\"Grupo de Emprego WhatsApp Estado do Rio de Janeiro e Regi\u00e3o -\",\"isPartOf\":{\"@id\":\"https:\\\/\\\/www.vagadeempregorj.com.br\\\/#website\"},\"primaryImageOfPage\":{\"@id\":\"https:\\\/\\\/www.vagadeempregorj.com.br\\\/grupo-de-emprego-whatsapp\\\/#primaryimage\"},\"image\":{\"@id\":\"https:\\\/\\\/www.vagadeempregorj.com.br\\\/grupo-de-emprego-whatsapp\\\/#primaryimage\"},\"thumbnailUrl\":\"https:\\\/\\\/www.vagadeempregorj.com.br\\\/wp-content\\\/uploads\\\/2022\\\/02\\\/GRUPOS-WHATSAPP.jpg\",\"datePublished\":\"2022-03-21T20:44:34+00:00\",\"dateModified\":\"2025-06-15T17:31:29+00:00\",\"author\":{\"@id\":\"https:\\\/\\\/www.vagadeempregorj.com.br\\\/#\\\/schema\\\/person\\\/c0c38d5d765e86c3b7c8f12fb1ae6477\"},\"description\":\"Grupo de Emprego WhatsApp Estado do Rio de Janeiro e Regi\u00e3o, trazendo para todos as melhores vagas dispon\u00edveis, de forma r\u00e1pida, silenciosa e objetiva.\",\"breadcrumb\":{\"@id\":\"https:\\\/\\\/www.vagadeempregorj.com.br\\\/grupo-de-emprego-whatsapp\\\/#breadcrumb\"},\"inLanguage\":\"en-US\",\"potentialAction\":[{\"@type\":\"ReadAction\",\"target\":[\"https:\\\/\\\/www.vagadeempregorj.com.br\\\/grupo-de-emprego-whatsapp\\\/\"]}]},{\"@type\":\"ImageObject\",\"inLanguage\":\"en-US\",\"@id\":\"https:\\\/\\\/www.vagadeempregorj.com.br\\\/grupo-de-emprego-whatsapp\\\/#primaryimage\",\"url\":\"https:\\\/\\\/www.vagadeempregorj.com.br\\\/wp-content\\\/uploads\\\/2022\\\/02\\\/GRUPOS-WHATSAPP.jpg\",\"contentUrl\":\"https:\\\/\\\/www.vagadeempregorj.com.br\\\/wp-content\\\/uploads\\\/2022\\\/02\\\/GRUPOS-WHATSAPP.jpg\",\"width\":1200,\"height\":675,\"caption\":\"GRUPOS WHATSAPP\"},{\"@type\":\"BreadcrumbList\",\"@id\":\"https:\\\/\\\/www.vagadeempregorj.com.br\\\/grupo-de-emprego-whatsapp\\\/#breadcrumb\",\"itemListElement\":[{\"@type\":\"ListItem\",\"position\":1,\"name\":\"In\u00edcio\",\"item\":\"https:\\\/\\\/www.vagadeempregorj.com.br\\\/\"},{\"@type\":\"ListItem\",\"position\":2,\"name\":\"Grupo de Emprego WhatsApp Estado do Rio de Janeiro e Regi\u00e3o\"}]},{\"@type\":\"WebSite\",\"@id\":\"https:\\\/\\\/www.vagadeempregorj.com.br\\\/#website\",\"url\":\"https:\\\/\\\/www.vagadeempregorj.com.br\\\/\",\"name\":\"\",\"description\":\"Conquiste Sonhos: Vagas, Benef\u00edcios e Economia para Transformar Vidas e Alcan\u00e7ar Melhorias Cotidianas\",\"potentialAction\":[{\"@type\":\"SearchAction\",\"target\":{\"@type\":\"EntryPoint\",\"urlTemplate\":\"https:\\\/\\\/www.vagadeempregorj.com.br\\\/?s={search_term_string}\"},\"query-input\":{\"@type\":\"PropertyValueSpecification\",\"valueRequired\":true,\"valueName\":\"search_term_string\"}}],\"inLanguage\":\"en-US\"},{\"@type\":\"Person\",\"@id\":\"https:\\\/\\\/www.vagadeempregorj.com.br\\\/#\\\/schema\\\/person\\\/c0c38d5d765e86c3b7c8f12fb1ae6477\",\"name\":\"Ana B.\",\"image\":{\"@type\":\"ImageObject\",\"inLanguage\":\"en-US\",\"@id\":\"https:\\\/\\\/secure.gravatar.com\\\/avatar\\\/f5efa58599e07f8dd92f26c7cfbc442fd115582bc681245452e503c2ef2334f3?s=96&r=g\",\"url\":\"https:\\\/\\\/secure.gravatar.com\\\/avatar\\\/f5efa58599e07f8dd92f26c7cfbc442fd115582bc681245452e503c2ef2334f3?s=96&r=g\",\"contentUrl\":\"https:\\\/\\\/secure.gravatar.com\\\/avatar\\\/f5efa58599e07f8dd92f26c7cfbc442fd115582bc681245452e503c2ef2334f3?s=96&r=g\",\"caption\":\"Ana B.\"},\"description\":\"Meu nome \u00e9 Ana e sou apaixonada em escrever. Dedico meu tempo escrevendo not\u00edcias e vagas de emprego diariamente no portal Vaga de Emprego RJ.\",\"url\":\"https:\\\/\\\/www.vagadeempregorj.com.br\\\/en\\\/author\\\/vgrj\\\/\"}]}<\/script>\n<!-- \/ Yoast SEO plugin. -->","yoast_head_json":{"title":"WhatsApp Job Group for the State of Rio de Janeiro and Region -","description":"WhatsApp Job Group for the State of Rio de Janeiro and Region, bringing everyone the best available job openings, quickly, quietly, and objectively.","robots":{"index":"index","follow":"follow","max-snippet":"max-snippet:-1","max-image-preview":"max-image-preview:large","max-video-preview":"max-video-preview:-1"},"canonical":"https:\/\/www.vagadeempregorj.com.br\/en\/whatsapp-job-group\/","og_locale":"en_US","og_type":"article","og_title":"Grupo de Emprego WhatsApp Estado do Rio de Janeiro e Regi\u00e3o -","og_description":"Grupo de Emprego WhatsApp Estado do Rio de Janeiro e Regi\u00e3o, trazendo para todos as melhores vagas dispon\u00edveis, de forma r\u00e1pida, silenciosa e objetiva.","og_url":"https:\/\/www.vagadeempregorj.com.br\/en\/whatsapp-job-group\/","article_publisher":"https:\/\/www.facebook.com\/empregobrasiloficial","article_published_time":"2022-03-21T20:44:34+00:00","article_modified_time":"2025-06-15T17:31:29+00:00","og_image":[{"width":1200,"height":675,"url":"https:\/\/www.vagadeempregorj.com.br\/wp-content\/uploads\/2022\/02\/GRUPOS-WHATSAPP.jpg","type":"image\/jpeg"}],"author":"Ana B.","twitter_card":"summary_large_image","twitter_misc":{"Written by":"Ana B.","Est. reading time":"2 minutes"},"schema":{"@context":"https:\/\/schema.org","@graph":[{"@type":"Article","@id":"https:\/\/www.vagadeempregorj.com.br\/grupo-de-emprego-whatsapp\/#article","isPartOf":{"@id":"https:\/\/www.vagadeempregorj.com.br\/grupo-de-emprego-whatsapp\/"},"author":{"name":"Ana B.","@id":"https:\/\/www.vagadeempregorj.com.br\/#\/schema\/person\/c0c38d5d765e86c3b7c8f12fb1ae6477"},"headline":"Grupo de Emprego WhatsApp Estado do Rio de Janeiro e Regi\u00e3o","datePublished":"2022-03-21T20:44:34+00:00","dateModified":"2025-06-15T17:31:29+00:00","mainEntityOfPage":{"@id":"https:\/\/www.vagadeempregorj.com.br\/grupo-de-emprego-whatsapp\/"},"wordCount":352,"image":{"@id":"https:\/\/www.vagadeempregorj.com.br\/grupo-de-emprego-whatsapp\/#primaryimage"},"thumbnailUrl":"https:\/\/www.vagadeempregorj.com.br\/wp-content\/uploads\/2022\/02\/GRUPOS-WHATSAPP.jpg","keywords":["grupo emprego whatsapp","vaga de emprego"],"articleSection":["Vagas de Emprego Nacionais"],"inLanguage":"en-US"},{"@type":"WebPage","@id":"https:\/\/www.vagadeempregorj.com.br\/grupo-de-emprego-whatsapp\/","url":"https:\/\/www.vagadeempregorj.com.br\/grupo-de-emprego-whatsapp\/","name":"WhatsApp Job Group for the State of Rio de Janeiro and Region -","isPartOf":{"@id":"https:\/\/www.vagadeempregorj.com.br\/#website"},"primaryImageOfPage":{"@id":"https:\/\/www.vagadeempregorj.com.br\/grupo-de-emprego-whatsapp\/#primaryimage"},"image":{"@id":"https:\/\/www.vagadeempregorj.com.br\/grupo-de-emprego-whatsapp\/#primaryimage"},"thumbnailUrl":"https:\/\/www.vagadeempregorj.com.br\/wp-content\/uploads\/2022\/02\/GRUPOS-WHATSAPP.jpg","datePublished":"2022-03-21T20:44:34+00:00","dateModified":"2025-06-15T17:31:29+00:00","author":{"@id":"https:\/\/www.vagadeempregorj.com.br\/#\/schema\/person\/c0c38d5d765e86c3b7c8f12fb1ae6477"},"description":"WhatsApp Job Group for the State of Rio de Janeiro and Region, bringing everyone the best available job openings, quickly, quietly, and objectively.","breadcrumb":{"@id":"https:\/\/www.vagadeempregorj.com.br\/grupo-de-emprego-whatsapp\/#breadcrumb"},"inLanguage":"en-US","potentialAction":[{"@type":"ReadAction","target":["https:\/\/www.vagadeempregorj.com.br\/grupo-de-emprego-whatsapp\/"]}]},{"@type":"ImageObject","inLanguage":"en-US","@id":"https:\/\/www.vagadeempregorj.com.br\/grupo-de-emprego-whatsapp\/#primaryimage","url":"https:\/\/www.vagadeempregorj.com.br\/wp-content\/uploads\/2022\/02\/GRUPOS-WHATSAPP.jpg","contentUrl":"https:\/\/www.vagadeempregorj.com.br\/wp-content\/uploads\/2022\/02\/GRUPOS-WHATSAPP.jpg","width":1200,"height":675,"caption":"GRUPOS WHATSAPP"},{"@type":"BreadcrumbList","@id":"https:\/\/www.vagadeempregorj.com.br\/grupo-de-emprego-whatsapp\/#breadcrumb","itemListElement":[{"@type":"ListItem","position":1,"name":"In\u00edcio","item":"https:\/\/www.vagadeempregorj.com.br\/"},{"@type":"ListItem","position":2,"name":"Grupo de Emprego WhatsApp Estado do Rio de Janeiro e Regi\u00e3o"}]},{"@type":"WebSite","@id":"https:\/\/www.vagadeempregorj.com.br\/#website","url":"https:\/\/www.vagadeempregorj.com.br\/","name":"","description":"Achieve Dreams: Jobs, Benefits, and Savings to Transform Lives and Achieve Everyday Improvements","potentialAction":[{"@type":"SearchAction","target":{"@type":"EntryPoint","urlTemplate":"https:\/\/www.vagadeempregorj.com.br\/?s={search_term_string}"},"query-input":{"@type":"PropertyValueSpecification","valueRequired":true,"valueName":"search_term_string"}}],"inLanguage":"en-US"},{"@type":"Person","@id":"https:\/\/www.vagadeempregorj.com.br\/#\/schema\/person\/c0c38d5d765e86c3b7c8f12fb1ae6477","name":"Ana B.","image":{"@type":"ImageObject","inLanguage":"en-US","@id":"https:\/\/secure.gravatar.com\/avatar\/f5efa58599e07f8dd92f26c7cfbc442fd115582bc681245452e503c2ef2334f3?s=96&r=g","url":"https:\/\/secure.gravatar.com\/avatar\/f5efa58599e07f8dd92f26c7cfbc442fd115582bc681245452e503c2ef2334f3?s=96&r=g","contentUrl":"https:\/\/secure.gravatar.com\/avatar\/f5efa58599e07f8dd92f26c7cfbc442fd115582bc681245452e503c2ef2334f3?s=96&r=g","caption":"Ana B."},"description":"My name is Ana, and I&#039;m passionate about writing. I dedicate my time to posting news and job openings daily on the Vaga de Emprego RJ portal.","url":"https:\/\/www.vagadeempregorj.com.br\/en\/author\/vgrj\/"}]}},"_links":{"self":[{"href":"https:\/\/www.vagadeempregorj.com.br\/en\/wp-json\/wp\/v2\/posts\/26666","targetHints":{"allow":["GET"]}}],"collection":[{"href":"https:\/\/www.vagadeempregorj.com.br\/en\/wp-json\/wp\/v2\/posts"}],"about":[{"href":"https:\/\/www.vagadeempregorj.com.br\/en\/wp-json\/wp\/v2\/types\/post"}],"author":[{"embeddable":true,"href":"https:\/\/www.vagadeempregorj.com.br\/en\/wp-json\/wp\/v2\/users\/1"}],"replies":[{"embeddable":true,"href":"https:\/\/www.vagadeempregorj.com.br\/en\/wp-json\/wp\/v2\/comments?post=26666"}],"version-history":[{"count":1,"href":"https:\/\/www.vagadeempregorj.com.br\/en\/wp-json\/wp\/v2\/posts\/26666\/revisions"}],"predecessor-version":[{"id":43572,"href":"https:\/\/www.vagadeempregorj.com.br\/en\/wp-json\/wp\/v2\/posts\/26666\/revisions\/43572"}],"wp:featuredmedia":[{"embeddable":true,"href":"https:\/\/www.vagadeempregorj.com.br\/en\/wp-json\/wp\/v2\/media\/24422"}],"wp:attachment":[{"href":"https:\/\/www.vagadeempregorj.com.br\/en\/wp-json\/wp\/v2\/media?parent=26666"}],"wp:term":[{"taxonomy":"category","embeddable":true,"href":"https:\/\/www.vagadeempregorj.com.br\/en\/wp-json\/wp\/v2\/categories?post=26666"},{"taxonomy":"post_tag","embeddable":true,"href":"https:\/\/www.vagadeempregorj.com.br\/en\/wp-json\/wp\/v2\/tags?post=26666"}],"curies":[{"name":"wp","href":"https:\/\/api.w.org\/{rel}","templated":true}]}}