{"id":27248,"date":"2023-08-28T00:02:00","date_gmt":"2023-08-28T03:02:00","guid":{"rendered":"https:\/\/www.vagadeempregorj.com.br\/?p=27248"},"modified":"2023-08-26T11:47:14","modified_gmt":"2023-08-26T14:47:14","slug":"loreal-job-openings","status":"publish","type":"post","link":"https:\/\/www.vagadeempregorj.com.br\/en\/vagas-de-emprego-loreal\/","title":{"rendered":"L&#039;Oreal job openings, apply now"},"content":{"rendered":"<p>Updated<\/p>\n\n\n<div class=\"wp-block-post-date\"><time datetime=\"2023-08-28T00:02:00-03:00\">28\/08\/2023<\/time><\/div>\n\n\n<p>Job openings at L&#039;Oreal, owner of brands such as Maybelline NY.<\/p>\n\n\n\n<p>L&#039;Oreal is one of the country&#039;s leading personal care brands. Originally from France, it is known for its various hair products.<br><br>Working for this cosmetics company is a great professional step, especially because of the opportunity to work at its international branches, particularly the French branch.<br><br>Some of the vacancies that L&#039;Oreal has available for workers now are:<\/p>\n\n\n\n<ul class=\"wp-block-list\">\n<li>Full Medical-Commercial Trainer<\/li>\n\n\n\n<li>Senior Business Intelligence Analyst<\/li>\n\n\n\n<li>Senior Key Account Manager<\/li>\n\n\n\n<li>Senior Data and Intelligence Analyst<\/li>\n\n\n\n<li>National SellOut Coordinator \u2013 L&#039;Or\u00e9al Luxo<\/li>\n\n\n\n<li>Senior Sell Out Analyst<\/li>\n\n\n\n<li>RGM Coordination<\/li>\n\n\n\n<li>E-Commerce Coordinator \u2013 General Public Division<\/li>\n\n\n\n<li>L&#039;Oreal Bahia Demand Generator<\/li>\n\n\n\n<li>Account Executive Cear\u00e1<\/li>\n\n\n\n<li>Buyer<\/li>\n\n\n\n<li>Demand generator S\u00e3o Paulo<\/li>\n\n\n\n<li>Costume Care Analyst<\/li>\n\n\n\n<li>Raw Material Purchasing Coordinator<\/li>\n\n\n\n<li>Internal Controls Analyst<\/li>\n\n\n\n<li>Indirect Purchasing Analyst<\/li>\n\n\n\n<li>Tax Coordinator<\/li>\n\n\n\n<li>Productivity Analyst<\/li>\n\n\n\n<li>Senior Research Analyst \u2013 Consumer Science<\/li>\n\n\n\n<li>Logistics Coordinator \u2013 Rio de Janeiro\/RJ<\/li>\n\n\n\n<li>Systems Analyst<\/li>\n\n\n\n<li>Cosmetic Researcher<\/li>\n\n\n\n<li>Junior Accounting Analyst<\/li>\n<\/ul>\n\n\n\n<p>The company does not provide details about what benefits employees receive.<\/p>\n\n\n\n<div class=\"wp-block-buttons is-horizontal is-content-justification-center is-layout-flex wp-container-core-buttons-is-layout-499968f5 wp-block-buttons-is-layout-flex\">\n<div class=\"wp-block-button\"><a class=\"wp-block-button__link has-black-color has-text-color has-background wp-element-button\" href=\"https:\/\/www.vagadeempregorj.com.br\/en\/sending-your-resume-quickly\/\" style=\"background:linear-gradient(2deg,rgb(255,134,50) 64%,rgb(255,197,71) 100%)\"><strong>SEE HOW TO APPLY<\/strong><\/a><\/div>\n<\/div>\n\n\n\n<h2 class=\"wp-block-heading\"><strong>L&#039;Oreal job openings, how to apply<\/strong><\/h2>\n\n\n\n<p>Applications to become part of the L&#039;Oreal staff must be made by accessing <a href=\"https:\/\/careers.loreal.com\/en_US\/jobs\/SearchJobs\/?3_110_3=18005\">https:\/\/careers.loreal.com\/en_US\/jobs\/SearchJobs\/?3_110_3=18005<\/a> and specifying the location where you want to see the vacancies.<\/p>\n\n\n\n<p>When you choose \u201cBrazil\u201d in the \u201cLocation\u201d filter, all vacancies are displayed in Portuguese and are aimed at cities here, especially S\u00e3o Paulo.<\/p>\n\n\n\n<h2 class=\"wp-block-heading\"><strong>Discover a little about L&#039;Oreal<\/strong><\/h2>\n\n\n\n<p>L&#039;Oreal has existed in Brazil for six decades and its highlights are its professional lines, which are used in the country&#039;s main beauty salons.<\/p>\n\n\n\n<p>Brands like Pulp Riot and K\u00e9rastase, which are highly respected by beauty professionals, are part of this company.<\/p>\n\n\n\n<p>Products that customers can buy at any pharmacy, such as items from Garnier, Nielly and Maybelline, which are for the makeup area.<\/p>\n\n\n\n<p>Overall, the French company has 3,000 employees in Brazil and its national headquarters are in Rio de Janeiro.<\/p>\n\n\n\n<div class=\"wp-block-buttons is-horizontal is-content-justification-center is-layout-flex wp-container-core-buttons-is-layout-499968f5 wp-block-buttons-is-layout-flex\">\n<div class=\"wp-block-button\"><a class=\"wp-block-button__link has-black-color has-text-color has-background wp-element-button\" href=\"https:\/\/www.vagadeempregorj.com.br\/en\/national-job-vacancies\/\" style=\"border-radius:29px;background:linear-gradient(2deg,rgb(255,134,50) 60%,rgb(255,197,71) 100%)\"><strong>SEE NEW VACANCIES TO APPLY FOR<\/strong><\/a><\/div>\n<\/div>","protected":false},"excerpt":{"rendered":"<p>L&#039;Oreal is one of the country&#039;s leading personal care brands. Originally from France, it is known for its various hair products.<\/p>","protected":false},"author":10,"featured_media":27278,"comment_status":"closed","ping_status":"closed","sticky":false,"template":"","format":"standard","meta":{"neve_meta_sidebar":"","neve_meta_container":"","neve_meta_enable_content_width":"","neve_meta_content_width":0,"neve_meta_title_alignment":"","neve_meta_author_avatar":"","neve_post_elements_order":"","neve_meta_disable_header":"","neve_meta_disable_footer":"","neve_meta_disable_title":"","footnotes":""},"categories":[123],"tags":[297,147],"class_list":["post-27248","post","type-post","status-publish","format-standard","has-post-thumbnail","hentry","category-vagas-de-emprego-nacionais","tag-loreal","tag-vaga-de-emprego"],"yoast_head":"<!-- This site is optimized with the Yoast SEO plugin v27.5 - https:\/\/yoast.com\/product\/yoast-seo-wordpress\/ -->\n<title>Vagas de emprego L\u2019Oreal, candidate-se agora -<\/title>\n<meta name=\"description\" content=\"A L\u2019Oreal \u00e9 uma das grandes marcas de cuidado pessoal do pa\u00eds. Origin\u00e1ria da Fran\u00e7a, ela \u00e9 conhecida pelos seus v\u00e1rios produtos...\" \/>\n<meta name=\"robots\" content=\"index, follow, max-snippet:-1, max-image-preview:large, max-video-preview:-1\" \/>\n<link rel=\"canonical\" href=\"https:\/\/www.vagadeempregorj.com.br\/en\/loreal-job-openings\/\" \/>\n<meta property=\"og:locale\" content=\"en_US\" \/>\n<meta property=\"og:type\" content=\"article\" \/>\n<meta property=\"og:title\" content=\"Vagas de emprego L\u2019Oreal, candidate-se agora -\" \/>\n<meta property=\"og:description\" content=\"A L\u2019Oreal \u00e9 uma das grandes marcas de cuidado pessoal do pa\u00eds. Origin\u00e1ria da Fran\u00e7a, ela \u00e9 conhecida pelos seus v\u00e1rios produtos...\" \/>\n<meta property=\"og:url\" content=\"https:\/\/www.vagadeempregorj.com.br\/en\/loreal-job-openings\/\" \/>\n<meta property=\"article:publisher\" content=\"https:\/\/www.facebook.com\/empregobrasiloficial\" \/>\n<meta property=\"article:published_time\" content=\"2023-08-28T03:02:00+00:00\" \/>\n<meta property=\"og:image\" content=\"https:\/\/www.vagadeempregorj.com.br\/wp-content\/uploads\/2022\/04\/LOREAL.jpg\" \/>\n\t<meta property=\"og:image:width\" content=\"1200\" \/>\n\t<meta property=\"og:image:height\" content=\"675\" \/>\n\t<meta property=\"og:image:type\" content=\"image\/jpeg\" \/>\n<meta name=\"author\" content=\"Pedro Santos\" \/>\n<meta name=\"twitter:card\" content=\"summary_large_image\" \/>\n<meta name=\"twitter:label1\" content=\"Written by\" \/>\n\t<meta name=\"twitter:data1\" content=\"Pedro Santos\" \/>\n\t<meta name=\"twitter:label2\" content=\"Est. reading time\" \/>\n\t<meta name=\"twitter:data2\" content=\"3 minutes\" \/>\n<script type=\"application\/ld+json\" class=\"yoast-schema-graph\">{\"@context\":\"https:\\\/\\\/schema.org\",\"@graph\":[{\"@type\":\"Article\",\"@id\":\"https:\\\/\\\/www.vagadeempregorj.com.br\\\/vagas-de-emprego-loreal\\\/#article\",\"isPartOf\":{\"@id\":\"https:\\\/\\\/www.vagadeempregorj.com.br\\\/vagas-de-emprego-loreal\\\/\"},\"author\":{\"name\":\"Pedro Santos\",\"@id\":\"https:\\\/\\\/www.vagadeempregorj.com.br\\\/#\\\/schema\\\/person\\\/ff7c1ede281066d35b2813eb13f662ef\"},\"headline\":\"Vagas de emprego L\u2019Oreal, candidate-se agora\",\"datePublished\":\"2023-08-28T03:02:00+00:00\",\"mainEntityOfPage\":{\"@id\":\"https:\\\/\\\/www.vagadeempregorj.com.br\\\/vagas-de-emprego-loreal\\\/\"},\"wordCount\":397,\"image\":{\"@id\":\"https:\\\/\\\/www.vagadeempregorj.com.br\\\/vagas-de-emprego-loreal\\\/#primaryimage\"},\"thumbnailUrl\":\"https:\\\/\\\/www.vagadeempregorj.com.br\\\/wp-content\\\/uploads\\\/2022\\\/04\\\/LOREAL.jpg\",\"keywords\":[\"l&#039;oreal\",\"vaga de emprego\"],\"articleSection\":[\"Vagas de Emprego Nacionais\"],\"inLanguage\":\"en-US\"},{\"@type\":\"WebPage\",\"@id\":\"https:\\\/\\\/www.vagadeempregorj.com.br\\\/vagas-de-emprego-loreal\\\/\",\"url\":\"https:\\\/\\\/www.vagadeempregorj.com.br\\\/vagas-de-emprego-loreal\\\/\",\"name\":\"Vagas de emprego L\u2019Oreal, candidate-se agora -\",\"isPartOf\":{\"@id\":\"https:\\\/\\\/www.vagadeempregorj.com.br\\\/#website\"},\"primaryImageOfPage\":{\"@id\":\"https:\\\/\\\/www.vagadeempregorj.com.br\\\/vagas-de-emprego-loreal\\\/#primaryimage\"},\"image\":{\"@id\":\"https:\\\/\\\/www.vagadeempregorj.com.br\\\/vagas-de-emprego-loreal\\\/#primaryimage\"},\"thumbnailUrl\":\"https:\\\/\\\/www.vagadeempregorj.com.br\\\/wp-content\\\/uploads\\\/2022\\\/04\\\/LOREAL.jpg\",\"datePublished\":\"2023-08-28T03:02:00+00:00\",\"author\":{\"@id\":\"https:\\\/\\\/www.vagadeempregorj.com.br\\\/#\\\/schema\\\/person\\\/ff7c1ede281066d35b2813eb13f662ef\"},\"description\":\"A L\u2019Oreal \u00e9 uma das grandes marcas de cuidado pessoal do pa\u00eds. Origin\u00e1ria da Fran\u00e7a, ela \u00e9 conhecida pelos seus v\u00e1rios produtos...\",\"breadcrumb\":{\"@id\":\"https:\\\/\\\/www.vagadeempregorj.com.br\\\/vagas-de-emprego-loreal\\\/#breadcrumb\"},\"inLanguage\":\"en-US\",\"potentialAction\":[{\"@type\":\"ReadAction\",\"target\":[\"https:\\\/\\\/www.vagadeempregorj.com.br\\\/vagas-de-emprego-loreal\\\/\"]}]},{\"@type\":\"ImageObject\",\"inLanguage\":\"en-US\",\"@id\":\"https:\\\/\\\/www.vagadeempregorj.com.br\\\/vagas-de-emprego-loreal\\\/#primaryimage\",\"url\":\"https:\\\/\\\/www.vagadeempregorj.com.br\\\/wp-content\\\/uploads\\\/2022\\\/04\\\/LOREAL.jpg\",\"contentUrl\":\"https:\\\/\\\/www.vagadeempregorj.com.br\\\/wp-content\\\/uploads\\\/2022\\\/04\\\/LOREAL.jpg\",\"width\":1200,\"height\":675,\"caption\":\"LOREAL\"},{\"@type\":\"BreadcrumbList\",\"@id\":\"https:\\\/\\\/www.vagadeempregorj.com.br\\\/vagas-de-emprego-loreal\\\/#breadcrumb\",\"itemListElement\":[{\"@type\":\"ListItem\",\"position\":1,\"name\":\"In\u00edcio\",\"item\":\"https:\\\/\\\/www.vagadeempregorj.com.br\\\/\"},{\"@type\":\"ListItem\",\"position\":2,\"name\":\"Vagas de Emprego Nacionais\",\"item\":\"https:\\\/\\\/www.vagadeempregorj.com.br\\\/vagas-de-emprego-nacionais\\\/\"},{\"@type\":\"ListItem\",\"position\":3,\"name\":\"Vagas de emprego L\u2019Oreal, candidate-se agora\"}]},{\"@type\":\"WebSite\",\"@id\":\"https:\\\/\\\/www.vagadeempregorj.com.br\\\/#website\",\"url\":\"https:\\\/\\\/www.vagadeempregorj.com.br\\\/\",\"name\":\"\",\"description\":\"Conquiste Sonhos: Vagas, Benef\u00edcios e Economia para Transformar Vidas e Alcan\u00e7ar Melhorias Cotidianas\",\"potentialAction\":[{\"@type\":\"SearchAction\",\"target\":{\"@type\":\"EntryPoint\",\"urlTemplate\":\"https:\\\/\\\/www.vagadeempregorj.com.br\\\/?s={search_term_string}\"},\"query-input\":{\"@type\":\"PropertyValueSpecification\",\"valueRequired\":true,\"valueName\":\"search_term_string\"}}],\"inLanguage\":\"en-US\"},{\"@type\":\"Person\",\"@id\":\"https:\\\/\\\/www.vagadeempregorj.com.br\\\/#\\\/schema\\\/person\\\/ff7c1ede281066d35b2813eb13f662ef\",\"name\":\"Pedro Santos\",\"image\":{\"@type\":\"ImageObject\",\"inLanguage\":\"en-US\",\"@id\":\"https:\\\/\\\/secure.gravatar.com\\\/avatar\\\/0f569c1b80e91280c9dc54d2dec96d0c5562a072cef4b08b7e3807948546027c?s=96&r=g\",\"url\":\"https:\\\/\\\/secure.gravatar.com\\\/avatar\\\/0f569c1b80e91280c9dc54d2dec96d0c5562a072cef4b08b7e3807948546027c?s=96&r=g\",\"contentUrl\":\"https:\\\/\\\/secure.gravatar.com\\\/avatar\\\/0f569c1b80e91280c9dc54d2dec96d0c5562a072cef4b08b7e3807948546027c?s=96&r=g\",\"caption\":\"Pedro Santos\"},\"description\":\"Meu nome \u00e9 Pedro e sou redator. Dedico meu tempo escrevendo vagas de emprego diariamente no portal Vaga de Emprego RJ\",\"url\":\"https:\\\/\\\/www.vagadeempregorj.com.br\\\/en\\\/author\\\/fabio\\\/\"}]}<\/script>\n<!-- \/ Yoast SEO plugin. -->","yoast_head_json":{"title":"L&#039;Oreal job openings, apply now -","description":"L&#039;Oreal is one of the country&#039;s leading personal care brands. Originally from France, it is known for its various products...","robots":{"index":"index","follow":"follow","max-snippet":"max-snippet:-1","max-image-preview":"max-image-preview:large","max-video-preview":"max-video-preview:-1"},"canonical":"https:\/\/www.vagadeempregorj.com.br\/en\/loreal-job-openings\/","og_locale":"en_US","og_type":"article","og_title":"Vagas de emprego L\u2019Oreal, candidate-se agora -","og_description":"A L\u2019Oreal \u00e9 uma das grandes marcas de cuidado pessoal do pa\u00eds. Origin\u00e1ria da Fran\u00e7a, ela \u00e9 conhecida pelos seus v\u00e1rios produtos...","og_url":"https:\/\/www.vagadeempregorj.com.br\/en\/loreal-job-openings\/","article_publisher":"https:\/\/www.facebook.com\/empregobrasiloficial","article_published_time":"2023-08-28T03:02:00+00:00","og_image":[{"width":1200,"height":675,"url":"https:\/\/www.vagadeempregorj.com.br\/wp-content\/uploads\/2022\/04\/LOREAL.jpg","type":"image\/jpeg"}],"author":"Pedro Santos","twitter_card":"summary_large_image","twitter_misc":{"Written by":"Pedro Santos","Est. reading time":"3 minutes"},"schema":{"@context":"https:\/\/schema.org","@graph":[{"@type":"Article","@id":"https:\/\/www.vagadeempregorj.com.br\/vagas-de-emprego-loreal\/#article","isPartOf":{"@id":"https:\/\/www.vagadeempregorj.com.br\/vagas-de-emprego-loreal\/"},"author":{"name":"Pedro Santos","@id":"https:\/\/www.vagadeempregorj.com.br\/#\/schema\/person\/ff7c1ede281066d35b2813eb13f662ef"},"headline":"Vagas de emprego L\u2019Oreal, candidate-se agora","datePublished":"2023-08-28T03:02:00+00:00","mainEntityOfPage":{"@id":"https:\/\/www.vagadeempregorj.com.br\/vagas-de-emprego-loreal\/"},"wordCount":397,"image":{"@id":"https:\/\/www.vagadeempregorj.com.br\/vagas-de-emprego-loreal\/#primaryimage"},"thumbnailUrl":"https:\/\/www.vagadeempregorj.com.br\/wp-content\/uploads\/2022\/04\/LOREAL.jpg","keywords":["l&#039;oreal","vaga de emprego"],"articleSection":["Vagas de Emprego Nacionais"],"inLanguage":"en-US"},{"@type":"WebPage","@id":"https:\/\/www.vagadeempregorj.com.br\/vagas-de-emprego-loreal\/","url":"https:\/\/www.vagadeempregorj.com.br\/vagas-de-emprego-loreal\/","name":"L&#039;Oreal job openings, apply now -","isPartOf":{"@id":"https:\/\/www.vagadeempregorj.com.br\/#website"},"primaryImageOfPage":{"@id":"https:\/\/www.vagadeempregorj.com.br\/vagas-de-emprego-loreal\/#primaryimage"},"image":{"@id":"https:\/\/www.vagadeempregorj.com.br\/vagas-de-emprego-loreal\/#primaryimage"},"thumbnailUrl":"https:\/\/www.vagadeempregorj.com.br\/wp-content\/uploads\/2022\/04\/LOREAL.jpg","datePublished":"2023-08-28T03:02:00+00:00","author":{"@id":"https:\/\/www.vagadeempregorj.com.br\/#\/schema\/person\/ff7c1ede281066d35b2813eb13f662ef"},"description":"L&#039;Oreal is one of the country&#039;s leading personal care brands. Originally from France, it is known for its various products...","breadcrumb":{"@id":"https:\/\/www.vagadeempregorj.com.br\/vagas-de-emprego-loreal\/#breadcrumb"},"inLanguage":"en-US","potentialAction":[{"@type":"ReadAction","target":["https:\/\/www.vagadeempregorj.com.br\/vagas-de-emprego-loreal\/"]}]},{"@type":"ImageObject","inLanguage":"en-US","@id":"https:\/\/www.vagadeempregorj.com.br\/vagas-de-emprego-loreal\/#primaryimage","url":"https:\/\/www.vagadeempregorj.com.br\/wp-content\/uploads\/2022\/04\/LOREAL.jpg","contentUrl":"https:\/\/www.vagadeempregorj.com.br\/wp-content\/uploads\/2022\/04\/LOREAL.jpg","width":1200,"height":675,"caption":"LOREAL"},{"@type":"BreadcrumbList","@id":"https:\/\/www.vagadeempregorj.com.br\/vagas-de-emprego-loreal\/#breadcrumb","itemListElement":[{"@type":"ListItem","position":1,"name":"In\u00edcio","item":"https:\/\/www.vagadeempregorj.com.br\/"},{"@type":"ListItem","position":2,"name":"Vagas de Emprego Nacionais","item":"https:\/\/www.vagadeempregorj.com.br\/vagas-de-emprego-nacionais\/"},{"@type":"ListItem","position":3,"name":"Vagas de emprego L\u2019Oreal, candidate-se agora"}]},{"@type":"WebSite","@id":"https:\/\/www.vagadeempregorj.com.br\/#website","url":"https:\/\/www.vagadeempregorj.com.br\/","name":"","description":"Achieve Dreams: Jobs, Benefits, and Savings to Transform Lives and Achieve Everyday Improvements","potentialAction":[{"@type":"SearchAction","target":{"@type":"EntryPoint","urlTemplate":"https:\/\/www.vagadeempregorj.com.br\/?s={search_term_string}"},"query-input":{"@type":"PropertyValueSpecification","valueRequired":true,"valueName":"search_term_string"}}],"inLanguage":"en-US"},{"@type":"Person","@id":"https:\/\/www.vagadeempregorj.com.br\/#\/schema\/person\/ff7c1ede281066d35b2813eb13f662ef","name":"Pedro Santos","image":{"@type":"ImageObject","inLanguage":"en-US","@id":"https:\/\/secure.gravatar.com\/avatar\/0f569c1b80e91280c9dc54d2dec96d0c5562a072cef4b08b7e3807948546027c?s=96&r=g","url":"https:\/\/secure.gravatar.com\/avatar\/0f569c1b80e91280c9dc54d2dec96d0c5562a072cef4b08b7e3807948546027c?s=96&r=g","contentUrl":"https:\/\/secure.gravatar.com\/avatar\/0f569c1b80e91280c9dc54d2dec96d0c5562a072cef4b08b7e3807948546027c?s=96&r=g","caption":"Pedro Santos"},"description":"My name is Pedro and I&#039;m a copywriter. I dedicate my time to writing job openings daily for the Vaga de Emprego RJ portal.","url":"https:\/\/www.vagadeempregorj.com.br\/en\/author\/fabio\/"}]}},"_links":{"self":[{"href":"https:\/\/www.vagadeempregorj.com.br\/en\/wp-json\/wp\/v2\/posts\/27248","targetHints":{"allow":["GET"]}}],"collection":[{"href":"https:\/\/www.vagadeempregorj.com.br\/en\/wp-json\/wp\/v2\/posts"}],"about":[{"href":"https:\/\/www.vagadeempregorj.com.br\/en\/wp-json\/wp\/v2\/types\/post"}],"author":[{"embeddable":true,"href":"https:\/\/www.vagadeempregorj.com.br\/en\/wp-json\/wp\/v2\/users\/10"}],"replies":[{"embeddable":true,"href":"https:\/\/www.vagadeempregorj.com.br\/en\/wp-json\/wp\/v2\/comments?post=27248"}],"version-history":[{"count":0,"href":"https:\/\/www.vagadeempregorj.com.br\/en\/wp-json\/wp\/v2\/posts\/27248\/revisions"}],"wp:featuredmedia":[{"embeddable":true,"href":"https:\/\/www.vagadeempregorj.com.br\/en\/wp-json\/wp\/v2\/media\/27278"}],"wp:attachment":[{"href":"https:\/\/www.vagadeempregorj.com.br\/en\/wp-json\/wp\/v2\/media?parent=27248"}],"wp:term":[{"taxonomy":"category","embeddable":true,"href":"https:\/\/www.vagadeempregorj.com.br\/en\/wp-json\/wp\/v2\/categories?post=27248"},{"taxonomy":"post_tag","embeddable":true,"href":"https:\/\/www.vagadeempregorj.com.br\/en\/wp-json\/wp\/v2\/tags?post=27248"}],"curies":[{"name":"wp","href":"https:\/\/api.w.org\/{rel}","templated":true}]}}