{"id":30398,"date":"2023-08-08T00:12:00","date_gmt":"2023-08-08T03:12:00","guid":{"rendered":"https:\/\/www.vagadeempregorj.com.br\/?p=30398"},"modified":"2023-08-05T20:27:09","modified_gmt":"2023-08-05T23:27:09","slug":"receptionist-28","status":"publish","type":"post","link":"https:\/\/www.vagadeempregorj.com.br\/en\/recepcionista-28\/","title":{"rendered":"Receptionist, HR Specialist, and other job openings at Asus \u2013 check them out!"},"content":{"rendered":"<p>Updated<\/p>\n\n\n<div class=\"wp-block-post-date\"><time datetime=\"2023-08-08T00:12:00-03:00\">08\/08\/2023<\/time><\/div>\n\n\n<p>Asus is a computer company whose Brazilian headquarters are located in Cajamar, in the S\u00e3o Paulo region. <\/p>\n\n\n\n<p>In addition to products designed for home use, it also has exclusive items to complement corporate equipment, such as its power banks.  <br><br>Its capital is open, and people can contact its support department for the care of all their equipment, extending the time during which it is used efficiently. <br><br>Working at Asus is an incredible opportunity for those seeking professional challenges, and some of the available positions include:<\/p>\n\n\n\n<ul class=\"wp-block-list\">\n<li>Receptionist<\/li>\n\n\n\n<li>Associate Legal Counsel<\/li>\n\n\n\n<li>Inbound Logistics Specialist<\/li>\n\n\n\n<li>Associate Product Manager<\/li>\n\n\n\n<li>Human Resources Specialist<\/li>\n\n\n\n<li>And much more<\/li>\n<\/ul>\n\n\n\n<p>Those applying for a position at this technology company only learn about the benefits during the selection process, as neither LinkedIn nor the official Asus website provides any information about them.<\/p>\n\n\n\n<div class=\"wp-block-buttons is-horizontal is-content-justification-center is-layout-flex wp-container-core-buttons-is-layout-499968f5 wp-block-buttons-is-layout-flex\">\n<div class=\"wp-block-button\"><a class=\"wp-block-button__link has-black-color has-text-color has-background wp-element-button\" href=\"https:\/\/www.vagadeempregorj.com.br\/en\/sending-your-resume-quickly\/\" style=\"background:linear-gradient(2deg,rgb(255,134,50) 64%,rgb(255,197,71) 100%)\"><strong>SEE HOW TO APPLY<\/strong><\/a><\/div>\n<\/div>\n\n\n\n<h2 class=\"wp-block-heading\"><strong>How to register<\/strong><\/h2>\n\n\n\n<p>Applications for jobs offered by Asus must first be submitted through LinkedIn; you will need to access [link to LinkedIn page]. <a href=\"https:\/\/www.linkedin.com\/company\/asus\/about\/\">https:\/\/www.linkedin.com\/company\/asus\/about\/<\/a> and click on \u201cJobs\u201d.<\/p>\n\n\n\n<p>It&#039;s important to note that everything is in English and that applying for any job opportunity is only allowed for those who have created a user profile. Aside from that, the only thing the worker can do is view the opportunities.<\/p>\n\n\n\n<h2 class=\"wp-block-heading\"><strong>Discover more about Asus.<\/strong><\/h2>\n\n\n\n<p>Focused on establishing sustainable technology\u2014that is, technology that benefits society as a whole without harming the environment\u2014Asus is one of the most respected brands when it comes to corporate and home equipment.<\/p>\n\n\n\n<p>Among these devices, you can find smartphones, computer monitors, servers, notebooks, motherboards, accessories, and more.<\/p>\n\n\n\n<p>The brand has a unique selling point, which is offering products based on characteristics such as thickness: customers can choose thinner notebooks on their website, for example.<\/p>\n\n\n\n<p>It is worth highlighting the extensive network of technical assistance available to consumers, where they can be assured of professionals who know Asus products and who only replace parts with original components.<\/p>\n\n\n\n<div class=\"wp-block-buttons is-horizontal is-content-justification-center is-layout-flex wp-container-core-buttons-is-layout-499968f5 wp-block-buttons-is-layout-flex\">\n<div class=\"wp-block-button\"><a class=\"wp-block-button__link has-black-color has-text-color has-background wp-element-button\" href=\"https:\/\/www.vagadeempregorj.com.br\/en\/national-job-vacancies\/\" style=\"border-radius:29px;background:linear-gradient(2deg,rgb(255,134,50) 60%,rgb(255,197,71) 100%)\"><strong>SEE NEW VACANCIES TO APPLY FOR<\/strong><\/a><\/div>\n<\/div>","protected":false},"excerpt":{"rendered":"<p>Its capital is open, and people can contact its support department for the care of all their equipment, extending the time during which it is used efficiently. <\/p>","protected":false},"author":1,"featured_media":30431,"comment_status":"closed","ping_status":"closed","sticky":false,"template":"","format":"standard","meta":{"neve_meta_sidebar":"","neve_meta_container":"","neve_meta_enable_content_width":"","neve_meta_content_width":0,"neve_meta_title_alignment":"","neve_meta_author_avatar":"","neve_post_elements_order":"","neve_meta_disable_header":"","neve_meta_disable_footer":"","neve_meta_disable_title":"","footnotes":""},"categories":[123],"tags":[445,147],"class_list":["post-30398","post","type-post","status-publish","format-standard","has-post-thumbnail","hentry","category-vagas-de-emprego-nacionais","tag-asus","tag-vaga-de-emprego"],"yoast_head":"<!-- This site is optimized with the Yoast SEO plugin v27.5 - https:\/\/yoast.com\/product\/yoast-seo-wordpress\/ -->\n<title>Recepcionista, Especialista em RH e outras vagas de emprego na Asus, confira -<\/title>\n<meta name=\"description\" content=\"Seu capital \u00e9 aberto e as pessoas podem contatar a sua se\u00e7\u00e3o de suporte para o cuidado de todos os seus equipamentos, prolongando...\" \/>\n<meta name=\"robots\" content=\"index, follow, max-snippet:-1, max-image-preview:large, max-video-preview:-1\" \/>\n<link rel=\"canonical\" href=\"https:\/\/www.vagadeempregorj.com.br\/en\/receptionist-28\/\" \/>\n<meta property=\"og:locale\" content=\"en_US\" \/>\n<meta property=\"og:type\" content=\"article\" \/>\n<meta property=\"og:title\" content=\"Recepcionista, Especialista em RH e outras vagas de emprego na Asus, confira -\" \/>\n<meta property=\"og:description\" content=\"Seu capital \u00e9 aberto e as pessoas podem contatar a sua se\u00e7\u00e3o de suporte para o cuidado de todos os seus equipamentos, prolongando...\" \/>\n<meta property=\"og:url\" content=\"https:\/\/www.vagadeempregorj.com.br\/en\/receptionist-28\/\" \/>\n<meta property=\"article:publisher\" content=\"https:\/\/www.facebook.com\/empregobrasiloficial\" \/>\n<meta property=\"article:published_time\" content=\"2023-08-08T03:12:00+00:00\" \/>\n<meta property=\"og:image\" content=\"https:\/\/www.vagadeempregorj.com.br\/wp-content\/uploads\/2022\/05\/ASUS.jpg\" \/>\n\t<meta property=\"og:image:width\" content=\"1200\" \/>\n\t<meta property=\"og:image:height\" content=\"675\" \/>\n\t<meta property=\"og:image:type\" content=\"image\/jpeg\" \/>\n<meta name=\"author\" content=\"Ana B.\" \/>\n<meta name=\"twitter:card\" content=\"summary_large_image\" \/>\n<meta name=\"twitter:label1\" content=\"Written by\" \/>\n\t<meta name=\"twitter:data1\" content=\"Ana B.\" \/>\n\t<meta name=\"twitter:label2\" content=\"Est. reading time\" \/>\n\t<meta name=\"twitter:data2\" content=\"2 minutes\" \/>\n<script type=\"application\/ld+json\" class=\"yoast-schema-graph\">{\"@context\":\"https:\\\/\\\/schema.org\",\"@graph\":[{\"@type\":\"Article\",\"@id\":\"https:\\\/\\\/www.vagadeempregorj.com.br\\\/recepcionista-28\\\/#article\",\"isPartOf\":{\"@id\":\"https:\\\/\\\/www.vagadeempregorj.com.br\\\/recepcionista-28\\\/\"},\"author\":{\"name\":\"Ana B.\",\"@id\":\"https:\\\/\\\/www.vagadeempregorj.com.br\\\/#\\\/schema\\\/person\\\/c0c38d5d765e86c3b7c8f12fb1ae6477\"},\"headline\":\"Recepcionista, Especialista em RH e outras vagas de emprego na Asus, confira\",\"datePublished\":\"2023-08-08T03:12:00+00:00\",\"mainEntityOfPage\":{\"@id\":\"https:\\\/\\\/www.vagadeempregorj.com.br\\\/recepcionista-28\\\/\"},\"wordCount\":391,\"image\":{\"@id\":\"https:\\\/\\\/www.vagadeempregorj.com.br\\\/recepcionista-28\\\/#primaryimage\"},\"thumbnailUrl\":\"https:\\\/\\\/www.vagadeempregorj.com.br\\\/wp-content\\\/uploads\\\/2022\\\/05\\\/ASUS.jpg\",\"keywords\":[\"Asus\",\"vaga de emprego\"],\"articleSection\":[\"Vagas de Emprego Nacionais\"],\"inLanguage\":\"en-US\"},{\"@type\":\"WebPage\",\"@id\":\"https:\\\/\\\/www.vagadeempregorj.com.br\\\/recepcionista-28\\\/\",\"url\":\"https:\\\/\\\/www.vagadeempregorj.com.br\\\/recepcionista-28\\\/\",\"name\":\"Recepcionista, Especialista em RH e outras vagas de emprego na Asus, confira -\",\"isPartOf\":{\"@id\":\"https:\\\/\\\/www.vagadeempregorj.com.br\\\/#website\"},\"primaryImageOfPage\":{\"@id\":\"https:\\\/\\\/www.vagadeempregorj.com.br\\\/recepcionista-28\\\/#primaryimage\"},\"image\":{\"@id\":\"https:\\\/\\\/www.vagadeempregorj.com.br\\\/recepcionista-28\\\/#primaryimage\"},\"thumbnailUrl\":\"https:\\\/\\\/www.vagadeempregorj.com.br\\\/wp-content\\\/uploads\\\/2022\\\/05\\\/ASUS.jpg\",\"datePublished\":\"2023-08-08T03:12:00+00:00\",\"author\":{\"@id\":\"https:\\\/\\\/www.vagadeempregorj.com.br\\\/#\\\/schema\\\/person\\\/c0c38d5d765e86c3b7c8f12fb1ae6477\"},\"description\":\"Seu capital \u00e9 aberto e as pessoas podem contatar a sua se\u00e7\u00e3o de suporte para o cuidado de todos os seus equipamentos, prolongando...\",\"breadcrumb\":{\"@id\":\"https:\\\/\\\/www.vagadeempregorj.com.br\\\/recepcionista-28\\\/#breadcrumb\"},\"inLanguage\":\"en-US\",\"potentialAction\":[{\"@type\":\"ReadAction\",\"target\":[\"https:\\\/\\\/www.vagadeempregorj.com.br\\\/recepcionista-28\\\/\"]}]},{\"@type\":\"ImageObject\",\"inLanguage\":\"en-US\",\"@id\":\"https:\\\/\\\/www.vagadeempregorj.com.br\\\/recepcionista-28\\\/#primaryimage\",\"url\":\"https:\\\/\\\/www.vagadeempregorj.com.br\\\/wp-content\\\/uploads\\\/2022\\\/05\\\/ASUS.jpg\",\"contentUrl\":\"https:\\\/\\\/www.vagadeempregorj.com.br\\\/wp-content\\\/uploads\\\/2022\\\/05\\\/ASUS.jpg\",\"width\":1200,\"height\":675,\"caption\":\"ASUS\"},{\"@type\":\"BreadcrumbList\",\"@id\":\"https:\\\/\\\/www.vagadeempregorj.com.br\\\/recepcionista-28\\\/#breadcrumb\",\"itemListElement\":[{\"@type\":\"ListItem\",\"position\":1,\"name\":\"In\u00edcio\",\"item\":\"https:\\\/\\\/www.vagadeempregorj.com.br\\\/\"},{\"@type\":\"ListItem\",\"position\":2,\"name\":\"Vagas de Emprego Nacionais\",\"item\":\"https:\\\/\\\/www.vagadeempregorj.com.br\\\/vagas-de-emprego-nacionais\\\/\"},{\"@type\":\"ListItem\",\"position\":3,\"name\":\"Recepcionista, Especialista em RH e outras vagas de emprego na Asus, confira\"}]},{\"@type\":\"WebSite\",\"@id\":\"https:\\\/\\\/www.vagadeempregorj.com.br\\\/#website\",\"url\":\"https:\\\/\\\/www.vagadeempregorj.com.br\\\/\",\"name\":\"\",\"description\":\"Conquiste Sonhos: Vagas, Benef\u00edcios e Economia para Transformar Vidas e Alcan\u00e7ar Melhorias Cotidianas\",\"potentialAction\":[{\"@type\":\"SearchAction\",\"target\":{\"@type\":\"EntryPoint\",\"urlTemplate\":\"https:\\\/\\\/www.vagadeempregorj.com.br\\\/?s={search_term_string}\"},\"query-input\":{\"@type\":\"PropertyValueSpecification\",\"valueRequired\":true,\"valueName\":\"search_term_string\"}}],\"inLanguage\":\"en-US\"},{\"@type\":\"Person\",\"@id\":\"https:\\\/\\\/www.vagadeempregorj.com.br\\\/#\\\/schema\\\/person\\\/c0c38d5d765e86c3b7c8f12fb1ae6477\",\"name\":\"Ana B.\",\"image\":{\"@type\":\"ImageObject\",\"inLanguage\":\"en-US\",\"@id\":\"https:\\\/\\\/secure.gravatar.com\\\/avatar\\\/f5efa58599e07f8dd92f26c7cfbc442fd115582bc681245452e503c2ef2334f3?s=96&r=g\",\"url\":\"https:\\\/\\\/secure.gravatar.com\\\/avatar\\\/f5efa58599e07f8dd92f26c7cfbc442fd115582bc681245452e503c2ef2334f3?s=96&r=g\",\"contentUrl\":\"https:\\\/\\\/secure.gravatar.com\\\/avatar\\\/f5efa58599e07f8dd92f26c7cfbc442fd115582bc681245452e503c2ef2334f3?s=96&r=g\",\"caption\":\"Ana B.\"},\"description\":\"Meu nome \u00e9 Ana e sou apaixonada em escrever. Dedico meu tempo escrevendo not\u00edcias e vagas de emprego diariamente no portal Vaga de Emprego RJ.\",\"url\":\"https:\\\/\\\/www.vagadeempregorj.com.br\\\/en\\\/author\\\/vgrj\\\/\"}]}<\/script>\n<!-- \/ Yoast SEO plugin. -->","yoast_head_json":{"title":"Receptionist, HR Specialist and other job openings at Asus, check them out -","description":"Its capital is open and people can contact its support department for the care of all its equipment, extending...","robots":{"index":"index","follow":"follow","max-snippet":"max-snippet:-1","max-image-preview":"max-image-preview:large","max-video-preview":"max-video-preview:-1"},"canonical":"https:\/\/www.vagadeempregorj.com.br\/en\/receptionist-28\/","og_locale":"en_US","og_type":"article","og_title":"Recepcionista, Especialista em RH e outras vagas de emprego na Asus, confira -","og_description":"Seu capital \u00e9 aberto e as pessoas podem contatar a sua se\u00e7\u00e3o de suporte para o cuidado de todos os seus equipamentos, prolongando...","og_url":"https:\/\/www.vagadeempregorj.com.br\/en\/receptionist-28\/","article_publisher":"https:\/\/www.facebook.com\/empregobrasiloficial","article_published_time":"2023-08-08T03:12:00+00:00","og_image":[{"width":1200,"height":675,"url":"https:\/\/www.vagadeempregorj.com.br\/wp-content\/uploads\/2022\/05\/ASUS.jpg","type":"image\/jpeg"}],"author":"Ana B.","twitter_card":"summary_large_image","twitter_misc":{"Written by":"Ana B.","Est. reading time":"2 minutes"},"schema":{"@context":"https:\/\/schema.org","@graph":[{"@type":"Article","@id":"https:\/\/www.vagadeempregorj.com.br\/recepcionista-28\/#article","isPartOf":{"@id":"https:\/\/www.vagadeempregorj.com.br\/recepcionista-28\/"},"author":{"name":"Ana B.","@id":"https:\/\/www.vagadeempregorj.com.br\/#\/schema\/person\/c0c38d5d765e86c3b7c8f12fb1ae6477"},"headline":"Recepcionista, Especialista em RH e outras vagas de emprego na Asus, confira","datePublished":"2023-08-08T03:12:00+00:00","mainEntityOfPage":{"@id":"https:\/\/www.vagadeempregorj.com.br\/recepcionista-28\/"},"wordCount":391,"image":{"@id":"https:\/\/www.vagadeempregorj.com.br\/recepcionista-28\/#primaryimage"},"thumbnailUrl":"https:\/\/www.vagadeempregorj.com.br\/wp-content\/uploads\/2022\/05\/ASUS.jpg","keywords":["Asus","vaga de emprego"],"articleSection":["Vagas de Emprego Nacionais"],"inLanguage":"en-US"},{"@type":"WebPage","@id":"https:\/\/www.vagadeempregorj.com.br\/recepcionista-28\/","url":"https:\/\/www.vagadeempregorj.com.br\/recepcionista-28\/","name":"Receptionist, HR Specialist and other job openings at Asus, check them out -","isPartOf":{"@id":"https:\/\/www.vagadeempregorj.com.br\/#website"},"primaryImageOfPage":{"@id":"https:\/\/www.vagadeempregorj.com.br\/recepcionista-28\/#primaryimage"},"image":{"@id":"https:\/\/www.vagadeempregorj.com.br\/recepcionista-28\/#primaryimage"},"thumbnailUrl":"https:\/\/www.vagadeempregorj.com.br\/wp-content\/uploads\/2022\/05\/ASUS.jpg","datePublished":"2023-08-08T03:12:00+00:00","author":{"@id":"https:\/\/www.vagadeempregorj.com.br\/#\/schema\/person\/c0c38d5d765e86c3b7c8f12fb1ae6477"},"description":"Its capital is open and people can contact its support department for the care of all its equipment, extending...","breadcrumb":{"@id":"https:\/\/www.vagadeempregorj.com.br\/recepcionista-28\/#breadcrumb"},"inLanguage":"en-US","potentialAction":[{"@type":"ReadAction","target":["https:\/\/www.vagadeempregorj.com.br\/recepcionista-28\/"]}]},{"@type":"ImageObject","inLanguage":"en-US","@id":"https:\/\/www.vagadeempregorj.com.br\/recepcionista-28\/#primaryimage","url":"https:\/\/www.vagadeempregorj.com.br\/wp-content\/uploads\/2022\/05\/ASUS.jpg","contentUrl":"https:\/\/www.vagadeempregorj.com.br\/wp-content\/uploads\/2022\/05\/ASUS.jpg","width":1200,"height":675,"caption":"ASUS"},{"@type":"BreadcrumbList","@id":"https:\/\/www.vagadeempregorj.com.br\/recepcionista-28\/#breadcrumb","itemListElement":[{"@type":"ListItem","position":1,"name":"In\u00edcio","item":"https:\/\/www.vagadeempregorj.com.br\/"},{"@type":"ListItem","position":2,"name":"Vagas de Emprego Nacionais","item":"https:\/\/www.vagadeempregorj.com.br\/vagas-de-emprego-nacionais\/"},{"@type":"ListItem","position":3,"name":"Recepcionista, Especialista em RH e outras vagas de emprego na Asus, confira"}]},{"@type":"WebSite","@id":"https:\/\/www.vagadeempregorj.com.br\/#website","url":"https:\/\/www.vagadeempregorj.com.br\/","name":"","description":"Achieve Dreams: Jobs, Benefits, and Savings to Transform Lives and Achieve Everyday Improvements","potentialAction":[{"@type":"SearchAction","target":{"@type":"EntryPoint","urlTemplate":"https:\/\/www.vagadeempregorj.com.br\/?s={search_term_string}"},"query-input":{"@type":"PropertyValueSpecification","valueRequired":true,"valueName":"search_term_string"}}],"inLanguage":"en-US"},{"@type":"Person","@id":"https:\/\/www.vagadeempregorj.com.br\/#\/schema\/person\/c0c38d5d765e86c3b7c8f12fb1ae6477","name":"Ana B.","image":{"@type":"ImageObject","inLanguage":"en-US","@id":"https:\/\/secure.gravatar.com\/avatar\/f5efa58599e07f8dd92f26c7cfbc442fd115582bc681245452e503c2ef2334f3?s=96&r=g","url":"https:\/\/secure.gravatar.com\/avatar\/f5efa58599e07f8dd92f26c7cfbc442fd115582bc681245452e503c2ef2334f3?s=96&r=g","contentUrl":"https:\/\/secure.gravatar.com\/avatar\/f5efa58599e07f8dd92f26c7cfbc442fd115582bc681245452e503c2ef2334f3?s=96&r=g","caption":"Ana B."},"description":"My name is Ana, and I&#039;m passionate about writing. I dedicate my time to posting news and job openings daily on the Vaga de Emprego RJ portal.","url":"https:\/\/www.vagadeempregorj.com.br\/en\/author\/vgrj\/"}]}},"_links":{"self":[{"href":"https:\/\/www.vagadeempregorj.com.br\/en\/wp-json\/wp\/v2\/posts\/30398","targetHints":{"allow":["GET"]}}],"collection":[{"href":"https:\/\/www.vagadeempregorj.com.br\/en\/wp-json\/wp\/v2\/posts"}],"about":[{"href":"https:\/\/www.vagadeempregorj.com.br\/en\/wp-json\/wp\/v2\/types\/post"}],"author":[{"embeddable":true,"href":"https:\/\/www.vagadeempregorj.com.br\/en\/wp-json\/wp\/v2\/users\/1"}],"replies":[{"embeddable":true,"href":"https:\/\/www.vagadeempregorj.com.br\/en\/wp-json\/wp\/v2\/comments?post=30398"}],"version-history":[{"count":0,"href":"https:\/\/www.vagadeempregorj.com.br\/en\/wp-json\/wp\/v2\/posts\/30398\/revisions"}],"wp:featuredmedia":[{"embeddable":true,"href":"https:\/\/www.vagadeempregorj.com.br\/en\/wp-json\/wp\/v2\/media\/30431"}],"wp:attachment":[{"href":"https:\/\/www.vagadeempregorj.com.br\/en\/wp-json\/wp\/v2\/media?parent=30398"}],"wp:term":[{"taxonomy":"category","embeddable":true,"href":"https:\/\/www.vagadeempregorj.com.br\/en\/wp-json\/wp\/v2\/categories?post=30398"},{"taxonomy":"post_tag","embeddable":true,"href":"https:\/\/www.vagadeempregorj.com.br\/en\/wp-json\/wp\/v2\/tags?post=30398"}],"curies":[{"name":"wp","href":"https:\/\/api.w.org\/{rel}","templated":true}]}}