{"id":34920,"date":"2023-09-11T00:05:00","date_gmt":"2023-09-11T03:05:00","guid":{"rendered":"https:\/\/www.vagadeempregorj.com.br\/?p=34920"},"modified":"2023-09-07T10:28:27","modified_gmt":"2023-09-07T13:28:27","slug":"allianz-health-job-openings","status":"publish","type":"post","link":"https:\/\/www.vagadeempregorj.com.br\/en\/vagas-de-emprego-allianz-saude\/","title":{"rendered":"Distribution Leader, Accounting Internship and more at Allianz Health"},"content":{"rendered":"<p>Updated on<\/p>\n\n\n<div class=\"wp-block-post-date\"><time datetime=\"2023-09-11T00:05:00-03:00\">11\/09\/2023<\/time><\/div>\n\n\n<p>Allianz Health is an international company that offers health plans for people of all ages and, moreover, is accepted in thousands of hospitals and clinics.&nbsp;<\/p>\n\n\n\n<p><\/p>\n\n\n\n<p>In reality, besides health insurance, this company has another line of business, which is the provision of insurance, including for material goods.&nbsp;<\/p>\n\n\n\n<p>Since it operates in many countries, it&#039;s certain that opportunities at Allianz Health are plentiful, especially for those who speak English and are willing to relocate, although there are also vacancies in Brazil.<\/p>\n\n\n\n<p>Currently, some of the open positions are:<\/p>\n\n\n\n<ul class=\"wp-block-list\">\n<li>Global distribution leader<\/li>\n\n\n\n<li>Accounting Internship<\/li>\n\n\n\n<li>Risk consultant<\/li>\n\n\n\n<li>Talent Acquisition Analyst<\/li>\n\n\n\n<li>IT Infrastructure Manager<\/li>\n\n\n\n<li>Pricing analyst<\/li>\n\n\n\n<li>And more<\/li>\n<\/ul>\n\n\n\n<p>Allianz Health does not provide information about employee benefits, but it is expected that employees hired by them will be entitled to health insurance and will pay less if they choose a specific insurance policy.&nbsp;<\/p>\n\n\n\n<h2 class=\"wp-block-heading\"><strong>How to register<\/strong><\/h2>\n\n\n\n<p>The company&#039;s Job Portal can be found by clicking [here]. <a href=\"https:\/\/careers.allianz.com\/global\/search?searchby=location&createNewAlert=false&q=&locationsearch=Brazil&optionsFacetsDD_department=&optionsFacetsDD_shifttype=&optionsFacetsDD_customfield3=&optionsFacetsDD_customfield2=&optionsFacetsDD_facility=&optionsFacetsDD_customfield4=&inputSearchValue=Brazil&quatFlag=false\">HERE<\/a>, However, it&#039;s important to warn workers that everything is in English and that, generally, there are few job openings for Brazilians.&nbsp;<\/p>\n\n\n\n<p>You can follow the Allianz corporate group on LinkedIn, noting that it also offers other types of services besides healthcare: <a href=\"https:\/\/www.linkedin.com\/company\/allianz\/\">https:\/\/www.linkedin.com\/company\/allianz\/<\/a>.&nbsp;<\/p>\n\n\n\n<h2 class=\"wp-block-heading\"><strong>Discover more about Allianz Health.<\/strong><\/h2>\n\n\n\n<p>Founded in 1890, this company is very solid, although its healthcare services began many decades later.&nbsp;<\/p>\n\n\n\n<p>It began its national operations in the 1900s with financial services and currently has more than 30,000 brokers who are sought after by consumers looking for an insurance policy or health plan.&nbsp;<\/p>\n\n\n\n<p>With Allianz Health, your clients are protected in case they need medical care, and can undergo procedures and tests at many accredited laboratories.&nbsp;<\/p>\n\n\n\n<p>Typically, their clients are able to have remote consultations through telemedicine and, if hospitalization is necessary, they are placed in a private room.&nbsp;<\/p>\n\n\n\n<div class=\"wp-block-buttons is-horizontal is-content-justification-center is-layout-flex wp-container-core-buttons-is-layout-499968f5 wp-block-buttons-is-layout-flex\">\n<div class=\"wp-block-button\"><a class=\"wp-block-button__link has-black-color has-text-color has-background wp-element-button\" href=\"https:\/\/www.vagadeempregorj.com.br\/en\/national-job-vacancies\/\" style=\"border-radius:29px;background:linear-gradient(2deg,rgb(255,134,50) 60%,rgb(255,197,71) 100%)\"><strong>SEE NEW VACANCIES TO APPLY FOR<\/strong><\/a><\/div>\n<\/div>","protected":false},"excerpt":{"rendered":"<p>Job openings at Allianz Health. Be prepared to negotiate your salary during the interview, at the appropriate time. Important: understand the company, prioritize the reasons for the salary based on the company&#039;s needs and not personal arguments such as: paying off financing, credit cards, college tuition, loans, or debt. <\/p>","protected":false},"author":10,"featured_media":34933,"comment_status":"closed","ping_status":"closed","sticky":false,"template":"","format":"standard","meta":{"neve_meta_sidebar":"","neve_meta_container":"","neve_meta_enable_content_width":"","neve_meta_content_width":0,"neve_meta_title_alignment":"","neve_meta_author_avatar":"","neve_post_elements_order":"","neve_meta_disable_header":"","neve_meta_disable_footer":"","neve_meta_disable_title":"","footnotes":""},"categories":[123],"tags":[581,147],"class_list":["post-34920","post","type-post","status-publish","format-standard","has-post-thumbnail","hentry","category-vagas-de-emprego-nacionais","tag-allianz-saude","tag-vaga-de-emprego"],"yoast_head":"<!-- This site is optimized with the Yoast SEO plugin v27.5 - https:\/\/yoast.com\/product\/yoast-seo-wordpress\/ -->\n<title>L\u00edder de Distribui\u00e7\u00e3o, Est\u00e1gio em Contabilidade e mais na Empresa Allianz Sa\u00fade -<\/title>\n<meta name=\"description\" content=\"Vagas de emprego Allianz Sa\u00fade. Esteja pronto para no ato da entrevista, em momento oportuno, negociar o sal\u00e1rio. Importante: entenda sobre...\" \/>\n<meta name=\"robots\" content=\"index, follow, max-snippet:-1, max-image-preview:large, max-video-preview:-1\" \/>\n<link rel=\"canonical\" href=\"https:\/\/www.vagadeempregorj.com.br\/en\/allianz-health-job-openings\/\" \/>\n<meta property=\"og:locale\" content=\"en_US\" \/>\n<meta property=\"og:type\" content=\"article\" \/>\n<meta property=\"og:title\" content=\"L\u00edder de Distribui\u00e7\u00e3o, Est\u00e1gio em Contabilidade e mais na Empresa Allianz Sa\u00fade -\" \/>\n<meta property=\"og:description\" content=\"Vagas de emprego Allianz Sa\u00fade. Esteja pronto para no ato da entrevista, em momento oportuno, negociar o sal\u00e1rio. Importante: entenda sobre...\" \/>\n<meta property=\"og:url\" content=\"https:\/\/www.vagadeempregorj.com.br\/en\/allianz-health-job-openings\/\" \/>\n<meta property=\"article:publisher\" content=\"https:\/\/www.facebook.com\/empregobrasiloficial\" \/>\n<meta property=\"article:published_time\" content=\"2023-09-11T03:05:00+00:00\" \/>\n<meta property=\"og:image\" content=\"https:\/\/www.vagadeempregorj.com.br\/wp-content\/uploads\/2022\/09\/Vagas-de-emprego-Allianz-Saude.png\" \/>\n\t<meta property=\"og:image:width\" content=\"1200\" \/>\n\t<meta property=\"og:image:height\" content=\"675\" \/>\n\t<meta property=\"og:image:type\" content=\"image\/png\" \/>\n<meta name=\"author\" content=\"Pedro Santos\" \/>\n<meta name=\"twitter:card\" content=\"summary_large_image\" \/>\n<meta name=\"twitter:label1\" content=\"Written by\" \/>\n\t<meta name=\"twitter:data1\" content=\"Pedro Santos\" \/>\n\t<meta name=\"twitter:label2\" content=\"Est. reading time\" \/>\n\t<meta name=\"twitter:data2\" content=\"1 minute\" \/>\n<script type=\"application\/ld+json\" class=\"yoast-schema-graph\">{\"@context\":\"https:\\\/\\\/schema.org\",\"@graph\":[{\"@type\":\"Article\",\"@id\":\"https:\\\/\\\/www.vagadeempregorj.com.br\\\/vagas-de-emprego-allianz-saude\\\/#article\",\"isPartOf\":{\"@id\":\"https:\\\/\\\/www.vagadeempregorj.com.br\\\/vagas-de-emprego-allianz-saude\\\/\"},\"author\":{\"name\":\"Pedro Santos\",\"@id\":\"https:\\\/\\\/www.vagadeempregorj.com.br\\\/#\\\/schema\\\/person\\\/ff7c1ede281066d35b2813eb13f662ef\"},\"headline\":\"L\u00edder de Distribui\u00e7\u00e3o, Est\u00e1gio em Contabilidade e mais na Empresa Allianz Sa\u00fade\",\"datePublished\":\"2023-09-11T03:05:00+00:00\",\"mainEntityOfPage\":{\"@id\":\"https:\\\/\\\/www.vagadeempregorj.com.br\\\/vagas-de-emprego-allianz-saude\\\/\"},\"wordCount\":410,\"image\":{\"@id\":\"https:\\\/\\\/www.vagadeempregorj.com.br\\\/vagas-de-emprego-allianz-saude\\\/#primaryimage\"},\"thumbnailUrl\":\"https:\\\/\\\/www.vagadeempregorj.com.br\\\/wp-content\\\/uploads\\\/2022\\\/09\\\/Vagas-de-emprego-Allianz-Saude.png\",\"keywords\":[\"Allianz Sa\u00fade\",\"vaga de emprego\"],\"articleSection\":[\"Vagas de Emprego Nacionais\"],\"inLanguage\":\"en-US\"},{\"@type\":\"WebPage\",\"@id\":\"https:\\\/\\\/www.vagadeempregorj.com.br\\\/vagas-de-emprego-allianz-saude\\\/\",\"url\":\"https:\\\/\\\/www.vagadeempregorj.com.br\\\/vagas-de-emprego-allianz-saude\\\/\",\"name\":\"L\u00edder de Distribui\u00e7\u00e3o, Est\u00e1gio em Contabilidade e mais na Empresa Allianz Sa\u00fade -\",\"isPartOf\":{\"@id\":\"https:\\\/\\\/www.vagadeempregorj.com.br\\\/#website\"},\"primaryImageOfPage\":{\"@id\":\"https:\\\/\\\/www.vagadeempregorj.com.br\\\/vagas-de-emprego-allianz-saude\\\/#primaryimage\"},\"image\":{\"@id\":\"https:\\\/\\\/www.vagadeempregorj.com.br\\\/vagas-de-emprego-allianz-saude\\\/#primaryimage\"},\"thumbnailUrl\":\"https:\\\/\\\/www.vagadeempregorj.com.br\\\/wp-content\\\/uploads\\\/2022\\\/09\\\/Vagas-de-emprego-Allianz-Saude.png\",\"datePublished\":\"2023-09-11T03:05:00+00:00\",\"author\":{\"@id\":\"https:\\\/\\\/www.vagadeempregorj.com.br\\\/#\\\/schema\\\/person\\\/ff7c1ede281066d35b2813eb13f662ef\"},\"description\":\"Vagas de emprego Allianz Sa\u00fade. Esteja pronto para no ato da entrevista, em momento oportuno, negociar o sal\u00e1rio. Importante: entenda sobre...\",\"breadcrumb\":{\"@id\":\"https:\\\/\\\/www.vagadeempregorj.com.br\\\/vagas-de-emprego-allianz-saude\\\/#breadcrumb\"},\"inLanguage\":\"en-US\",\"potentialAction\":[{\"@type\":\"ReadAction\",\"target\":[\"https:\\\/\\\/www.vagadeempregorj.com.br\\\/vagas-de-emprego-allianz-saude\\\/\"]}]},{\"@type\":\"ImageObject\",\"inLanguage\":\"en-US\",\"@id\":\"https:\\\/\\\/www.vagadeempregorj.com.br\\\/vagas-de-emprego-allianz-saude\\\/#primaryimage\",\"url\":\"https:\\\/\\\/www.vagadeempregorj.com.br\\\/wp-content\\\/uploads\\\/2022\\\/09\\\/Vagas-de-emprego-Allianz-Saude.png\",\"contentUrl\":\"https:\\\/\\\/www.vagadeempregorj.com.br\\\/wp-content\\\/uploads\\\/2022\\\/09\\\/Vagas-de-emprego-Allianz-Saude.png\",\"width\":1200,\"height\":675},{\"@type\":\"BreadcrumbList\",\"@id\":\"https:\\\/\\\/www.vagadeempregorj.com.br\\\/vagas-de-emprego-allianz-saude\\\/#breadcrumb\",\"itemListElement\":[{\"@type\":\"ListItem\",\"position\":1,\"name\":\"In\u00edcio\",\"item\":\"https:\\\/\\\/www.vagadeempregorj.com.br\\\/\"},{\"@type\":\"ListItem\",\"position\":2,\"name\":\"Vagas de Emprego Nacionais\",\"item\":\"https:\\\/\\\/www.vagadeempregorj.com.br\\\/vagas-de-emprego-nacionais\\\/\"},{\"@type\":\"ListItem\",\"position\":3,\"name\":\"L\u00edder de Distribui\u00e7\u00e3o, Est\u00e1gio em Contabilidade e mais na Empresa Allianz Sa\u00fade\"}]},{\"@type\":\"WebSite\",\"@id\":\"https:\\\/\\\/www.vagadeempregorj.com.br\\\/#website\",\"url\":\"https:\\\/\\\/www.vagadeempregorj.com.br\\\/\",\"name\":\"\",\"description\":\"Conquiste Sonhos: Vagas, Benef\u00edcios e Economia para Transformar Vidas e Alcan\u00e7ar Melhorias Cotidianas\",\"potentialAction\":[{\"@type\":\"SearchAction\",\"target\":{\"@type\":\"EntryPoint\",\"urlTemplate\":\"https:\\\/\\\/www.vagadeempregorj.com.br\\\/?s={search_term_string}\"},\"query-input\":{\"@type\":\"PropertyValueSpecification\",\"valueRequired\":true,\"valueName\":\"search_term_string\"}}],\"inLanguage\":\"en-US\"},{\"@type\":\"Person\",\"@id\":\"https:\\\/\\\/www.vagadeempregorj.com.br\\\/#\\\/schema\\\/person\\\/ff7c1ede281066d35b2813eb13f662ef\",\"name\":\"Pedro Santos\",\"image\":{\"@type\":\"ImageObject\",\"inLanguage\":\"en-US\",\"@id\":\"https:\\\/\\\/secure.gravatar.com\\\/avatar\\\/0f569c1b80e91280c9dc54d2dec96d0c5562a072cef4b08b7e3807948546027c?s=96&r=g\",\"url\":\"https:\\\/\\\/secure.gravatar.com\\\/avatar\\\/0f569c1b80e91280c9dc54d2dec96d0c5562a072cef4b08b7e3807948546027c?s=96&r=g\",\"contentUrl\":\"https:\\\/\\\/secure.gravatar.com\\\/avatar\\\/0f569c1b80e91280c9dc54d2dec96d0c5562a072cef4b08b7e3807948546027c?s=96&r=g\",\"caption\":\"Pedro Santos\"},\"description\":\"Meu nome \u00e9 Pedro e sou redator. Dedico meu tempo escrevendo vagas de emprego diariamente no portal Vaga de Emprego RJ\",\"url\":\"https:\\\/\\\/www.vagadeempregorj.com.br\\\/en\\\/author\\\/fabio\\\/\"}]}<\/script>\n<!-- \/ Yoast SEO plugin. -->","yoast_head_json":{"title":"Distribution Leader, Accounting Internship and more at Allianz Health Company -","description":"Job openings at Allianz Health. Be prepared to negotiate your salary during the interview, at the appropriate time. Important: understand about...","robots":{"index":"index","follow":"follow","max-snippet":"max-snippet:-1","max-image-preview":"max-image-preview:large","max-video-preview":"max-video-preview:-1"},"canonical":"https:\/\/www.vagadeempregorj.com.br\/en\/allianz-health-job-openings\/","og_locale":"en_US","og_type":"article","og_title":"L\u00edder de Distribui\u00e7\u00e3o, Est\u00e1gio em Contabilidade e mais na Empresa Allianz Sa\u00fade -","og_description":"Vagas de emprego Allianz Sa\u00fade. Esteja pronto para no ato da entrevista, em momento oportuno, negociar o sal\u00e1rio. Importante: entenda sobre...","og_url":"https:\/\/www.vagadeempregorj.com.br\/en\/allianz-health-job-openings\/","article_publisher":"https:\/\/www.facebook.com\/empregobrasiloficial","article_published_time":"2023-09-11T03:05:00+00:00","og_image":[{"width":1200,"height":675,"url":"https:\/\/www.vagadeempregorj.com.br\/wp-content\/uploads\/2022\/09\/Vagas-de-emprego-Allianz-Saude.png","type":"image\/png"}],"author":"Pedro Santos","twitter_card":"summary_large_image","twitter_misc":{"Written by":"Pedro Santos","Est. reading time":"1 minute"},"schema":{"@context":"https:\/\/schema.org","@graph":[{"@type":"Article","@id":"https:\/\/www.vagadeempregorj.com.br\/vagas-de-emprego-allianz-saude\/#article","isPartOf":{"@id":"https:\/\/www.vagadeempregorj.com.br\/vagas-de-emprego-allianz-saude\/"},"author":{"name":"Pedro Santos","@id":"https:\/\/www.vagadeempregorj.com.br\/#\/schema\/person\/ff7c1ede281066d35b2813eb13f662ef"},"headline":"L\u00edder de Distribui\u00e7\u00e3o, Est\u00e1gio em Contabilidade e mais na Empresa Allianz Sa\u00fade","datePublished":"2023-09-11T03:05:00+00:00","mainEntityOfPage":{"@id":"https:\/\/www.vagadeempregorj.com.br\/vagas-de-emprego-allianz-saude\/"},"wordCount":410,"image":{"@id":"https:\/\/www.vagadeempregorj.com.br\/vagas-de-emprego-allianz-saude\/#primaryimage"},"thumbnailUrl":"https:\/\/www.vagadeempregorj.com.br\/wp-content\/uploads\/2022\/09\/Vagas-de-emprego-Allianz-Saude.png","keywords":["Allianz Sa\u00fade","vaga de emprego"],"articleSection":["Vagas de Emprego Nacionais"],"inLanguage":"en-US"},{"@type":"WebPage","@id":"https:\/\/www.vagadeempregorj.com.br\/vagas-de-emprego-allianz-saude\/","url":"https:\/\/www.vagadeempregorj.com.br\/vagas-de-emprego-allianz-saude\/","name":"Distribution Leader, Accounting Internship and more at Allianz Health Company -","isPartOf":{"@id":"https:\/\/www.vagadeempregorj.com.br\/#website"},"primaryImageOfPage":{"@id":"https:\/\/www.vagadeempregorj.com.br\/vagas-de-emprego-allianz-saude\/#primaryimage"},"image":{"@id":"https:\/\/www.vagadeempregorj.com.br\/vagas-de-emprego-allianz-saude\/#primaryimage"},"thumbnailUrl":"https:\/\/www.vagadeempregorj.com.br\/wp-content\/uploads\/2022\/09\/Vagas-de-emprego-Allianz-Saude.png","datePublished":"2023-09-11T03:05:00+00:00","author":{"@id":"https:\/\/www.vagadeempregorj.com.br\/#\/schema\/person\/ff7c1ede281066d35b2813eb13f662ef"},"description":"Job openings at Allianz Health. Be prepared to negotiate your salary during the interview, at the appropriate time. Important: understand about...","breadcrumb":{"@id":"https:\/\/www.vagadeempregorj.com.br\/vagas-de-emprego-allianz-saude\/#breadcrumb"},"inLanguage":"en-US","potentialAction":[{"@type":"ReadAction","target":["https:\/\/www.vagadeempregorj.com.br\/vagas-de-emprego-allianz-saude\/"]}]},{"@type":"ImageObject","inLanguage":"en-US","@id":"https:\/\/www.vagadeempregorj.com.br\/vagas-de-emprego-allianz-saude\/#primaryimage","url":"https:\/\/www.vagadeempregorj.com.br\/wp-content\/uploads\/2022\/09\/Vagas-de-emprego-Allianz-Saude.png","contentUrl":"https:\/\/www.vagadeempregorj.com.br\/wp-content\/uploads\/2022\/09\/Vagas-de-emprego-Allianz-Saude.png","width":1200,"height":675},{"@type":"BreadcrumbList","@id":"https:\/\/www.vagadeempregorj.com.br\/vagas-de-emprego-allianz-saude\/#breadcrumb","itemListElement":[{"@type":"ListItem","position":1,"name":"In\u00edcio","item":"https:\/\/www.vagadeempregorj.com.br\/"},{"@type":"ListItem","position":2,"name":"Vagas de Emprego Nacionais","item":"https:\/\/www.vagadeempregorj.com.br\/vagas-de-emprego-nacionais\/"},{"@type":"ListItem","position":3,"name":"L\u00edder de Distribui\u00e7\u00e3o, Est\u00e1gio em Contabilidade e mais na Empresa Allianz Sa\u00fade"}]},{"@type":"WebSite","@id":"https:\/\/www.vagadeempregorj.com.br\/#website","url":"https:\/\/www.vagadeempregorj.com.br\/","name":"","description":"Achieve Dreams: Jobs, Benefits, and Savings to Transform Lives and Achieve Everyday Improvements","potentialAction":[{"@type":"SearchAction","target":{"@type":"EntryPoint","urlTemplate":"https:\/\/www.vagadeempregorj.com.br\/?s={search_term_string}"},"query-input":{"@type":"PropertyValueSpecification","valueRequired":true,"valueName":"search_term_string"}}],"inLanguage":"en-US"},{"@type":"Person","@id":"https:\/\/www.vagadeempregorj.com.br\/#\/schema\/person\/ff7c1ede281066d35b2813eb13f662ef","name":"Pedro Santos","image":{"@type":"ImageObject","inLanguage":"en-US","@id":"https:\/\/secure.gravatar.com\/avatar\/0f569c1b80e91280c9dc54d2dec96d0c5562a072cef4b08b7e3807948546027c?s=96&r=g","url":"https:\/\/secure.gravatar.com\/avatar\/0f569c1b80e91280c9dc54d2dec96d0c5562a072cef4b08b7e3807948546027c?s=96&r=g","contentUrl":"https:\/\/secure.gravatar.com\/avatar\/0f569c1b80e91280c9dc54d2dec96d0c5562a072cef4b08b7e3807948546027c?s=96&r=g","caption":"Pedro Santos"},"description":"My name is Pedro and I&#039;m a copywriter. I dedicate my time to writing job openings daily for the Vaga de Emprego RJ portal.","url":"https:\/\/www.vagadeempregorj.com.br\/en\/author\/fabio\/"}]}},"_links":{"self":[{"href":"https:\/\/www.vagadeempregorj.com.br\/en\/wp-json\/wp\/v2\/posts\/34920","targetHints":{"allow":["GET"]}}],"collection":[{"href":"https:\/\/www.vagadeempregorj.com.br\/en\/wp-json\/wp\/v2\/posts"}],"about":[{"href":"https:\/\/www.vagadeempregorj.com.br\/en\/wp-json\/wp\/v2\/types\/post"}],"author":[{"embeddable":true,"href":"https:\/\/www.vagadeempregorj.com.br\/en\/wp-json\/wp\/v2\/users\/10"}],"replies":[{"embeddable":true,"href":"https:\/\/www.vagadeempregorj.com.br\/en\/wp-json\/wp\/v2\/comments?post=34920"}],"version-history":[{"count":0,"href":"https:\/\/www.vagadeempregorj.com.br\/en\/wp-json\/wp\/v2\/posts\/34920\/revisions"}],"wp:featuredmedia":[{"embeddable":true,"href":"https:\/\/www.vagadeempregorj.com.br\/en\/wp-json\/wp\/v2\/media\/34933"}],"wp:attachment":[{"href":"https:\/\/www.vagadeempregorj.com.br\/en\/wp-json\/wp\/v2\/media?parent=34920"}],"wp:term":[{"taxonomy":"category","embeddable":true,"href":"https:\/\/www.vagadeempregorj.com.br\/en\/wp-json\/wp\/v2\/categories?post=34920"},{"taxonomy":"post_tag","embeddable":true,"href":"https:\/\/www.vagadeempregorj.com.br\/en\/wp-json\/wp\/v2\/tags?post=34920"}],"curies":[{"name":"wp","href":"https:\/\/api.w.org\/{rel}","templated":true}]}}