{"id":36058,"date":"2023-09-26T00:03:00","date_gmt":"2023-09-26T03:03:00","guid":{"rendered":"https:\/\/www.vagadeempregorj.com.br\/?p=36058"},"modified":"2024-08-12T18:00:24","modified_gmt":"2024-08-12T21:00:24","slug":"amcom-jobs","status":"publish","type":"post","link":"https:\/\/www.vagadeempregorj.com.br\/en\/empregos-amcom\/","title":{"rendered":"Analysts, Sales Executives, Consultants, Developers, Managers and much more at AMCom Company"},"content":{"rendered":"<p><strong>Updated on 08\/12\/2024<\/strong><\/p>\n\n\n\n<p>You <strong>AMCom Jobs <\/strong>They stand out in the job market due to the benefits offered by the company, which faces enormous challenges and needs people who love continuous learning, who dream big, and who are eager to help them transform and grow. They are expanding our horizons, and that&#039;s why they are looking for people who love technology.<\/p>\n\n\n\n<figure class=\"wp-block-image size-full\"><img loading=\"lazy\" decoding=\"async\" width=\"658\" height=\"658\" src=\"https:\/\/www.vagadeempregorj.com.br\/wp-content\/uploads\/2022\/11\/empregos-AMCom.jpg\" alt=\"AMCom jobs\" class=\"wp-image-36060\" srcset=\"https:\/\/www.vagadeempregorj.com.br\/wp-content\/uploads\/2022\/11\/empregos-AMCom.jpg 658w, https:\/\/www.vagadeempregorj.com.br\/wp-content\/uploads\/2022\/11\/empregos-AMCom-300x300.jpg 300w, https:\/\/www.vagadeempregorj.com.br\/wp-content\/uploads\/2022\/11\/empregos-AMCom-150x150.jpg 150w, https:\/\/www.vagadeempregorj.com.br\/wp-content\/uploads\/2022\/11\/empregos-AMCom-96x96.jpg 96w\" sizes=\"auto, (max-width: 658px) 100vw, 658px\" \/><figcaption class=\"wp-element-caption\">Image: AMCom \u2013 Reproduction<\/figcaption><\/figure>\n\n\n\n<h2 class=\"wp-block-heading\">Discover AMCom&#039;s job opportunities.<\/h2>\n\n\n\n<p>The company offers several benefits to its employees such as bicycle parking, meal vouchers, parking, free English classes, a nap room, training, video games, a day off on your birthday, billiards, flexible hours, massage chair, partnerships, and coffee. See the job openings below:<\/p>\n\n\n\n<ul class=\"wp-block-list\">\n<li>Agile Coach;<\/li>\n\n\n\n<li>Solutions &amp; Innovation Manager;<\/li>\n\n\n\n<li>Senior Agile Coach;<\/li>\n\n\n\n<li>Senior Systems Integrator;<\/li>\n\n\n\n<li>Ana. SOA Suite Pl Developer;<\/li>\n\n\n\n<li>Senior Scrum Master;<\/li>\n\n\n\n<li>Ana, Senior Systems Manager;<\/li>\n\n\n\n<li>Senior React Native Developer;<\/li>\n\n\n\n<li>Ana. of Automated Testing Pl;<\/li>\n\n\n\n<li>Sales Executive;<\/li>\n\n\n\n<li>Solutions and Pre-sales Consultant;<\/li>\n\n\n\n<li>Agile Project Manager;<\/li>\n\n\n\n<li>Oracle EBS Functional Consultant;<\/li>\n\n\n\n<li>Python PL developer with fluent English;<\/li>\n\n\n\n<li>SAP SD CRM Integrations Consultant;<\/li>\n\n\n\n<li>Angular Sr Development;<\/li>\n\n\n\n<li>Tech Lead;<\/li>\n\n\n\n<li>Java Developer Pl and Sr;<\/li>\n\n\n\n<li>UX\/UI Designer Pl with fluent English;<\/li>\n\n\n\n<li>Senior Node.js Developer;<\/li>\n\n\n\n<li>Tech Recruiter with Fluent English;<\/li>\n\n\n\n<li>Senior Development Progress.<\/li>\n<\/ul>\n\n\n\n<h3 class=\"wp-block-heading\">How to apply<\/h3>\n\n\n\n<p>If you wish to submit your resume for one of the mentioned opportunities, please visit the website where the selection process is being conducted. To do so, simply access the link below:<\/p>\n\n\n\n<ul class=\"wp-block-list\">\n<li>Copy and paste the address <strong>https:\/\/amcom.com.br\/carreiras\/<\/strong> in your browser;<\/li>\n\n\n\n<li>Follow the instructions on the page to find the open positions.<\/li>\n<\/ul>\n\n\n\n<p>After that, find the job you&#039;re interested in and carefully read all the requirements to make sure it matches your professional profile, as most of them require experience in the role, among other things. If it matches, register on the page if you don&#039;t already have an account; if you already have an account, log in.<\/p>\n\n\n\n<p>If no specific opportunities are listed, please fill out the form and provide all your personal information so the company can contact you.<\/p>\n\n\n\n<p>On the day of the interview, it&#039;s essential to prepare. Generally, candidates are asked to complete a Portuguese and math quiz and participate in a group activity. The interviewer may also ask about your strengths and weaknesses, why you want to work for the company, your salary expectations, and other related questions.<\/p>\n\n\n\n<h2 class=\"wp-block-heading\">About AMCom<\/h2>\n\n\n\n<p>The company has been transforming lives and connecting people with technology for over 20 years. Therefore, they seek to solve the challenges faced by consumers looking for digital transformation through the combination of innovation and talent. As their evolution doesn&#039;t stop there, they are growing by an average of 40% per year and, in 2021 alone, achieved 95 satisfaction points on our GPTW seal and 84 points on their customer satisfaction survey (NPS)!&nbsp;<\/p>\n\n\n\n<p>Their client portfolio includes large companies such as Hering, Ambev, Ultragaz, Bunge, Phillips, and Engie. They are constantly innovating and seeking to offer large companies the best solutions with competitiveness and agility, resulting in technical and strategic scalability.&nbsp;<\/p>\n\n\n\n<p>Therefore, all their actions and internal communications are focused on a single goal: Valuing their employees! Their team inspires innovation, productivity, and creativity, composed of passionate people who serve technology.<\/p>","protected":false},"excerpt":{"rendered":"<p>Atualizado em 12\/08\/2024 Os Empregos AMCom t\u00eam destaque no mercado de trabalho devido aos benef\u00edcios ofertados pela empresa, que enfrenta enormes desafios e precisam de pessoas que amem o aprendizado cont\u00ednuo, que sonhem grande e que estejam ansiosas para ajud\u00e1-los a transformar e crescer. Est\u00e3o expandindo nossos horizontes, e \u00e9 por isso que procuram pessoas&hellip;&nbsp;<\/p>","protected":false},"author":16,"featured_media":36060,"comment_status":"open","ping_status":"closed","sticky":false,"template":"","format":"standard","meta":{"neve_meta_sidebar":"","neve_meta_container":"","neve_meta_enable_content_width":"","neve_meta_content_width":0,"neve_meta_title_alignment":"","neve_meta_author_avatar":"","neve_post_elements_order":"","neve_meta_disable_header":"","neve_meta_disable_footer":"","neve_meta_disable_title":"","footnotes":""},"categories":[123],"tags":[669,211],"class_list":["post-36058","post","type-post","status-publish","format-standard","has-post-thumbnail","hentry","category-vagas-de-emprego-nacionais","tag-amcom","tag-vagas-de-emprego"],"yoast_head":"<!-- This site is optimized with the Yoast SEO plugin v27.5 - https:\/\/yoast.com\/product\/yoast-seo-wordpress\/ -->\n<title>Analistas, Executivo de Vendas, Consultores, Desenvolvedores, Gerente e muito mais na Empresa AMCom -<\/title>\n<meta name=\"description\" content=\"Veja em Vagas de Emprego RJ as vagas de emprego com e sem experi\u00eancia no seu Estado e Regi\u00e3o!\" \/>\n<meta name=\"robots\" content=\"index, follow, max-snippet:-1, max-image-preview:large, max-video-preview:-1\" \/>\n<link rel=\"canonical\" href=\"https:\/\/www.vagadeempregorj.com.br\/en\/amcom-jobs\/\" \/>\n<meta property=\"og:locale\" content=\"en_US\" \/>\n<meta property=\"og:type\" content=\"article\" \/>\n<meta property=\"og:title\" content=\"Analistas, Executivo de Vendas, Consultores, Desenvolvedores, Gerente e muito mais na Empresa AMCom -\" \/>\n<meta property=\"og:description\" content=\"Veja em Vagas de Emprego RJ as vagas de emprego com e sem experi\u00eancia no seu Estado e Regi\u00e3o!\" \/>\n<meta property=\"og:url\" content=\"https:\/\/www.vagadeempregorj.com.br\/en\/amcom-jobs\/\" \/>\n<meta property=\"article:publisher\" content=\"https:\/\/www.facebook.com\/empregobrasiloficial\" \/>\n<meta property=\"article:published_time\" content=\"2023-09-26T03:03:00+00:00\" \/>\n<meta property=\"article:modified_time\" content=\"2024-08-12T21:00:24+00:00\" \/>\n<meta property=\"og:image\" content=\"https:\/\/www.vagadeempregorj.com.br\/wp-content\/uploads\/2022\/11\/empregos-AMCom.jpg\" \/>\n\t<meta property=\"og:image:width\" content=\"658\" \/>\n\t<meta property=\"og:image:height\" content=\"658\" \/>\n\t<meta property=\"og:image:type\" content=\"image\/jpeg\" \/>\n<meta name=\"author\" content=\"Michele\" \/>\n<meta name=\"twitter:card\" content=\"summary_large_image\" \/>\n<meta name=\"twitter:label1\" content=\"Written by\" \/>\n\t<meta name=\"twitter:data1\" content=\"Michele\" \/>\n\t<meta name=\"twitter:label2\" content=\"Est. reading time\" \/>\n\t<meta name=\"twitter:data2\" content=\"3 minutes\" \/>\n<script type=\"application\/ld+json\" class=\"yoast-schema-graph\">{\"@context\":\"https:\\\/\\\/schema.org\",\"@graph\":[{\"@type\":\"Article\",\"@id\":\"https:\\\/\\\/www.vagadeempregorj.com.br\\\/empregos-amcom\\\/#article\",\"isPartOf\":{\"@id\":\"https:\\\/\\\/www.vagadeempregorj.com.br\\\/empregos-amcom\\\/\"},\"author\":{\"name\":\"Michele\",\"@id\":\"https:\\\/\\\/www.vagadeempregorj.com.br\\\/#\\\/schema\\\/person\\\/3ddb19fa0539706786e502152f3aae95\"},\"headline\":\"Analistas, Executivo de Vendas, Consultores, Desenvolvedores, Gerente e muito mais na Empresa AMCom\",\"datePublished\":\"2023-09-26T03:03:00+00:00\",\"dateModified\":\"2024-08-12T21:00:24+00:00\",\"mainEntityOfPage\":{\"@id\":\"https:\\\/\\\/www.vagadeempregorj.com.br\\\/empregos-amcom\\\/\"},\"wordCount\":616,\"commentCount\":0,\"image\":{\"@id\":\"https:\\\/\\\/www.vagadeempregorj.com.br\\\/empregos-amcom\\\/#primaryimage\"},\"thumbnailUrl\":\"https:\\\/\\\/www.vagadeempregorj.com.br\\\/wp-content\\\/uploads\\\/2022\\\/11\\\/empregos-AMCom.jpg\",\"keywords\":[\"AMCom\",\"vagas de emprego\"],\"articleSection\":[\"Vagas de Emprego Nacionais\"],\"inLanguage\":\"en-US\",\"potentialAction\":[{\"@type\":\"CommentAction\",\"name\":\"Comment\",\"target\":[\"https:\\\/\\\/www.vagadeempregorj.com.br\\\/empregos-amcom\\\/#respond\"]}]},{\"@type\":\"WebPage\",\"@id\":\"https:\\\/\\\/www.vagadeempregorj.com.br\\\/empregos-amcom\\\/\",\"url\":\"https:\\\/\\\/www.vagadeempregorj.com.br\\\/empregos-amcom\\\/\",\"name\":\"Analistas, Executivo de Vendas, Consultores, Desenvolvedores, Gerente e muito mais na Empresa AMCom -\",\"isPartOf\":{\"@id\":\"https:\\\/\\\/www.vagadeempregorj.com.br\\\/#website\"},\"primaryImageOfPage\":{\"@id\":\"https:\\\/\\\/www.vagadeempregorj.com.br\\\/empregos-amcom\\\/#primaryimage\"},\"image\":{\"@id\":\"https:\\\/\\\/www.vagadeempregorj.com.br\\\/empregos-amcom\\\/#primaryimage\"},\"thumbnailUrl\":\"https:\\\/\\\/www.vagadeempregorj.com.br\\\/wp-content\\\/uploads\\\/2022\\\/11\\\/empregos-AMCom.jpg\",\"datePublished\":\"2023-09-26T03:03:00+00:00\",\"dateModified\":\"2024-08-12T21:00:24+00:00\",\"author\":{\"@id\":\"https:\\\/\\\/www.vagadeempregorj.com.br\\\/#\\\/schema\\\/person\\\/3ddb19fa0539706786e502152f3aae95\"},\"description\":\"Veja em Vagas de Emprego RJ as vagas de emprego com e sem experi\u00eancia no seu Estado e Regi\u00e3o!\",\"breadcrumb\":{\"@id\":\"https:\\\/\\\/www.vagadeempregorj.com.br\\\/empregos-amcom\\\/#breadcrumb\"},\"inLanguage\":\"en-US\",\"potentialAction\":[{\"@type\":\"ReadAction\",\"target\":[\"https:\\\/\\\/www.vagadeempregorj.com.br\\\/empregos-amcom\\\/\"]}]},{\"@type\":\"ImageObject\",\"inLanguage\":\"en-US\",\"@id\":\"https:\\\/\\\/www.vagadeempregorj.com.br\\\/empregos-amcom\\\/#primaryimage\",\"url\":\"https:\\\/\\\/www.vagadeempregorj.com.br\\\/wp-content\\\/uploads\\\/2022\\\/11\\\/empregos-AMCom.jpg\",\"contentUrl\":\"https:\\\/\\\/www.vagadeempregorj.com.br\\\/wp-content\\\/uploads\\\/2022\\\/11\\\/empregos-AMCom.jpg\",\"width\":658,\"height\":658,\"caption\":\"Imagem: AMCom - Reprodu\u00e7\u00e3o\"},{\"@type\":\"BreadcrumbList\",\"@id\":\"https:\\\/\\\/www.vagadeempregorj.com.br\\\/empregos-amcom\\\/#breadcrumb\",\"itemListElement\":[{\"@type\":\"ListItem\",\"position\":1,\"name\":\"In\u00edcio\",\"item\":\"https:\\\/\\\/www.vagadeempregorj.com.br\\\/\"},{\"@type\":\"ListItem\",\"position\":2,\"name\":\"Vagas de Emprego Nacionais\",\"item\":\"https:\\\/\\\/www.vagadeempregorj.com.br\\\/vagas-de-emprego-nacionais\\\/\"},{\"@type\":\"ListItem\",\"position\":3,\"name\":\"Analistas, Executivo de Vendas, Consultores, Desenvolvedores, Gerente e muito mais na Empresa AMCom\"}]},{\"@type\":\"WebSite\",\"@id\":\"https:\\\/\\\/www.vagadeempregorj.com.br\\\/#website\",\"url\":\"https:\\\/\\\/www.vagadeempregorj.com.br\\\/\",\"name\":\"\",\"description\":\"Conquiste Sonhos: Vagas, Benef\u00edcios e Economia para Transformar Vidas e Alcan\u00e7ar Melhorias Cotidianas\",\"potentialAction\":[{\"@type\":\"SearchAction\",\"target\":{\"@type\":\"EntryPoint\",\"urlTemplate\":\"https:\\\/\\\/www.vagadeempregorj.com.br\\\/?s={search_term_string}\"},\"query-input\":{\"@type\":\"PropertyValueSpecification\",\"valueRequired\":true,\"valueName\":\"search_term_string\"}}],\"inLanguage\":\"en-US\"},{\"@type\":\"Person\",\"@id\":\"https:\\\/\\\/www.vagadeempregorj.com.br\\\/#\\\/schema\\\/person\\\/3ddb19fa0539706786e502152f3aae95\",\"name\":\"Michele\",\"image\":{\"@type\":\"ImageObject\",\"inLanguage\":\"en-US\",\"@id\":\"https:\\\/\\\/secure.gravatar.com\\\/avatar\\\/6b0eb9d22841282815e2cd856a0061c45e1761cd54b22e952d98c4746939aa85?s=96&r=g\",\"url\":\"https:\\\/\\\/secure.gravatar.com\\\/avatar\\\/6b0eb9d22841282815e2cd856a0061c45e1761cd54b22e952d98c4746939aa85?s=96&r=g\",\"contentUrl\":\"https:\\\/\\\/secure.gravatar.com\\\/avatar\\\/6b0eb9d22841282815e2cd856a0061c45e1761cd54b22e952d98c4746939aa85?s=96&r=g\",\"caption\":\"Michele\"},\"description\":\"Formada em Letras - Portugu\u00eas\\\/ Ingl\u00eas, e idealizadora do site Escritora de Sucesso, busca expandir o conhecimento de todos com informa\u00e7\u00f5es relevantes sobre diversos assuntos, enquanto redatora. No Vaga de Emprego RJ, traz oportunidades e dicas sobre o mercado de trabalho.\",\"url\":\"https:\\\/\\\/www.vagadeempregorj.com.br\\\/en\\\/author\\\/michele\\\/\"}]}<\/script>\n<!-- \/ Yoast SEO plugin. -->","yoast_head_json":{"title":"Analysts, Sales Executives, Consultants, Developers, Managers and much more at AMCom Company -","description":"Check out Job Vacancies in RJ for job openings with and without experience in your state and region!","robots":{"index":"index","follow":"follow","max-snippet":"max-snippet:-1","max-image-preview":"max-image-preview:large","max-video-preview":"max-video-preview:-1"},"canonical":"https:\/\/www.vagadeempregorj.com.br\/en\/amcom-jobs\/","og_locale":"en_US","og_type":"article","og_title":"Analistas, Executivo de Vendas, Consultores, Desenvolvedores, Gerente e muito mais na Empresa AMCom -","og_description":"Veja em Vagas de Emprego RJ as vagas de emprego com e sem experi\u00eancia no seu Estado e Regi\u00e3o!","og_url":"https:\/\/www.vagadeempregorj.com.br\/en\/amcom-jobs\/","article_publisher":"https:\/\/www.facebook.com\/empregobrasiloficial","article_published_time":"2023-09-26T03:03:00+00:00","article_modified_time":"2024-08-12T21:00:24+00:00","og_image":[{"width":658,"height":658,"url":"https:\/\/www.vagadeempregorj.com.br\/wp-content\/uploads\/2022\/11\/empregos-AMCom.jpg","type":"image\/jpeg"}],"author":"Michele","twitter_card":"summary_large_image","twitter_misc":{"Written by":"Michele","Est. reading time":"3 minutes"},"schema":{"@context":"https:\/\/schema.org","@graph":[{"@type":"Article","@id":"https:\/\/www.vagadeempregorj.com.br\/empregos-amcom\/#article","isPartOf":{"@id":"https:\/\/www.vagadeempregorj.com.br\/empregos-amcom\/"},"author":{"name":"Michele","@id":"https:\/\/www.vagadeempregorj.com.br\/#\/schema\/person\/3ddb19fa0539706786e502152f3aae95"},"headline":"Analistas, Executivo de Vendas, Consultores, Desenvolvedores, Gerente e muito mais na Empresa AMCom","datePublished":"2023-09-26T03:03:00+00:00","dateModified":"2024-08-12T21:00:24+00:00","mainEntityOfPage":{"@id":"https:\/\/www.vagadeempregorj.com.br\/empregos-amcom\/"},"wordCount":616,"commentCount":0,"image":{"@id":"https:\/\/www.vagadeempregorj.com.br\/empregos-amcom\/#primaryimage"},"thumbnailUrl":"https:\/\/www.vagadeempregorj.com.br\/wp-content\/uploads\/2022\/11\/empregos-AMCom.jpg","keywords":["AMCom","vagas de emprego"],"articleSection":["Vagas de Emprego Nacionais"],"inLanguage":"en-US","potentialAction":[{"@type":"CommentAction","name":"Comment","target":["https:\/\/www.vagadeempregorj.com.br\/empregos-amcom\/#respond"]}]},{"@type":"WebPage","@id":"https:\/\/www.vagadeempregorj.com.br\/empregos-amcom\/","url":"https:\/\/www.vagadeempregorj.com.br\/empregos-amcom\/","name":"Analysts, Sales Executives, Consultants, Developers, Managers and much more at AMCom Company -","isPartOf":{"@id":"https:\/\/www.vagadeempregorj.com.br\/#website"},"primaryImageOfPage":{"@id":"https:\/\/www.vagadeempregorj.com.br\/empregos-amcom\/#primaryimage"},"image":{"@id":"https:\/\/www.vagadeempregorj.com.br\/empregos-amcom\/#primaryimage"},"thumbnailUrl":"https:\/\/www.vagadeempregorj.com.br\/wp-content\/uploads\/2022\/11\/empregos-AMCom.jpg","datePublished":"2023-09-26T03:03:00+00:00","dateModified":"2024-08-12T21:00:24+00:00","author":{"@id":"https:\/\/www.vagadeempregorj.com.br\/#\/schema\/person\/3ddb19fa0539706786e502152f3aae95"},"description":"Check out Job Vacancies in RJ for job openings with and without experience in your state and region!","breadcrumb":{"@id":"https:\/\/www.vagadeempregorj.com.br\/empregos-amcom\/#breadcrumb"},"inLanguage":"en-US","potentialAction":[{"@type":"ReadAction","target":["https:\/\/www.vagadeempregorj.com.br\/empregos-amcom\/"]}]},{"@type":"ImageObject","inLanguage":"en-US","@id":"https:\/\/www.vagadeempregorj.com.br\/empregos-amcom\/#primaryimage","url":"https:\/\/www.vagadeempregorj.com.br\/wp-content\/uploads\/2022\/11\/empregos-AMCom.jpg","contentUrl":"https:\/\/www.vagadeempregorj.com.br\/wp-content\/uploads\/2022\/11\/empregos-AMCom.jpg","width":658,"height":658,"caption":"Imagem: AMCom - Reprodu\u00e7\u00e3o"},{"@type":"BreadcrumbList","@id":"https:\/\/www.vagadeempregorj.com.br\/empregos-amcom\/#breadcrumb","itemListElement":[{"@type":"ListItem","position":1,"name":"In\u00edcio","item":"https:\/\/www.vagadeempregorj.com.br\/"},{"@type":"ListItem","position":2,"name":"Vagas de Emprego Nacionais","item":"https:\/\/www.vagadeempregorj.com.br\/vagas-de-emprego-nacionais\/"},{"@type":"ListItem","position":3,"name":"Analistas, Executivo de Vendas, Consultores, Desenvolvedores, Gerente e muito mais na Empresa AMCom"}]},{"@type":"WebSite","@id":"https:\/\/www.vagadeempregorj.com.br\/#website","url":"https:\/\/www.vagadeempregorj.com.br\/","name":"","description":"Achieve Dreams: Jobs, Benefits, and Savings to Transform Lives and Achieve Everyday Improvements","potentialAction":[{"@type":"SearchAction","target":{"@type":"EntryPoint","urlTemplate":"https:\/\/www.vagadeempregorj.com.br\/?s={search_term_string}"},"query-input":{"@type":"PropertyValueSpecification","valueRequired":true,"valueName":"search_term_string"}}],"inLanguage":"en-US"},{"@type":"Person","@id":"https:\/\/www.vagadeempregorj.com.br\/#\/schema\/person\/3ddb19fa0539706786e502152f3aae95","name":"Michele","image":{"@type":"ImageObject","inLanguage":"en-US","@id":"https:\/\/secure.gravatar.com\/avatar\/6b0eb9d22841282815e2cd856a0061c45e1761cd54b22e952d98c4746939aa85?s=96&r=g","url":"https:\/\/secure.gravatar.com\/avatar\/6b0eb9d22841282815e2cd856a0061c45e1761cd54b22e952d98c4746939aa85?s=96&r=g","contentUrl":"https:\/\/secure.gravatar.com\/avatar\/6b0eb9d22841282815e2cd856a0061c45e1761cd54b22e952d98c4746939aa85?s=96&r=g","caption":"Michele"},"description":"With a degree in Literature (Portuguese\/English), and the creator of the website Escritora de Sucesso, she works as a writer to expand everyone&#039;s knowledge with relevant information on a variety of topics. At Vaga de Emprego RJ, she provides opportunities and tips on the job market.","url":"https:\/\/www.vagadeempregorj.com.br\/en\/author\/michele\/"}]}},"_links":{"self":[{"href":"https:\/\/www.vagadeempregorj.com.br\/en\/wp-json\/wp\/v2\/posts\/36058","targetHints":{"allow":["GET"]}}],"collection":[{"href":"https:\/\/www.vagadeempregorj.com.br\/en\/wp-json\/wp\/v2\/posts"}],"about":[{"href":"https:\/\/www.vagadeempregorj.com.br\/en\/wp-json\/wp\/v2\/types\/post"}],"author":[{"embeddable":true,"href":"https:\/\/www.vagadeempregorj.com.br\/en\/wp-json\/wp\/v2\/users\/16"}],"replies":[{"embeddable":true,"href":"https:\/\/www.vagadeempregorj.com.br\/en\/wp-json\/wp\/v2\/comments?post=36058"}],"version-history":[{"count":0,"href":"https:\/\/www.vagadeempregorj.com.br\/en\/wp-json\/wp\/v2\/posts\/36058\/revisions"}],"wp:featuredmedia":[{"embeddable":true,"href":"https:\/\/www.vagadeempregorj.com.br\/en\/wp-json\/wp\/v2\/media\/36060"}],"wp:attachment":[{"href":"https:\/\/www.vagadeempregorj.com.br\/en\/wp-json\/wp\/v2\/media?parent=36058"}],"wp:term":[{"taxonomy":"category","embeddable":true,"href":"https:\/\/www.vagadeempregorj.com.br\/en\/wp-json\/wp\/v2\/categories?post=36058"},{"taxonomy":"post_tag","embeddable":true,"href":"https:\/\/www.vagadeempregorj.com.br\/en\/wp-json\/wp\/v2\/tags?post=36058"}],"curies":[{"name":"wp","href":"https:\/\/api.w.org\/{rel}","templated":true}]}}