{"id":36182,"date":"2023-09-28T04:01:00","date_gmt":"2023-09-28T07:01:00","guid":{"rendered":"https:\/\/www.vagadeempregorj.com.br\/?p=36182"},"modified":"2023-09-27T14:56:03","modified_gmt":"2023-09-27T17:56:03","slug":"clear-jobs","status":"publish","type":"post","link":"https:\/\/www.vagadeempregorj.com.br\/en\/empregos-claro\/","title":{"rendered":"Store Salesperson, Analyst, IP Security Specialist and much more at Claro."},"content":{"rendered":"<p>Updated on<\/p>\n\n\n<div class=\"wp-block-post-date\"><time datetime=\"2023-09-28T04:01:00-03:00\">28\/09\/2023<\/time><\/div>\n\n\n<p>You<strong> Claro Jobs<\/strong> They have stood out in the job market due to the benefits the company offers, whose vision for the future is to transform and innovate in order to be valued, grow, and lead. Part of Am\u00e9rica M\u00f3vil, one of the largest telecommunications groups in the world, it is committed to bringing the best experience in mobile and fixed telephony, internet, pay TV, and digital solutions to millions of Brazilians. Its purpose is to make new things happen. That&#039;s why they seek a diverse range of people to be part of their successful team.&nbsp;<\/p>\n\n\n\n<figure class=\"wp-block-image size-large\"><img loading=\"lazy\" decoding=\"async\" width=\"1024\" height=\"576\" src=\"https:\/\/www.vagadeempregorj.com.br\/wp-content\/uploads\/2022\/11\/empregos-claro-1024x576.jpg\" alt=\"clear jobs\" class=\"wp-image-36186\" srcset=\"https:\/\/www.vagadeempregorj.com.br\/wp-content\/uploads\/2022\/11\/empregos-claro-1024x576.jpg 1024w, https:\/\/www.vagadeempregorj.com.br\/wp-content\/uploads\/2022\/11\/empregos-claro-300x169.jpg 300w, https:\/\/www.vagadeempregorj.com.br\/wp-content\/uploads\/2022\/11\/empregos-claro-768x432.jpg 768w, https:\/\/www.vagadeempregorj.com.br\/wp-content\/uploads\/2022\/11\/empregos-claro-1536x864.jpg 1536w, https:\/\/www.vagadeempregorj.com.br\/wp-content\/uploads\/2022\/11\/empregos-claro-383x215.jpg 383w, https:\/\/www.vagadeempregorj.com.br\/wp-content\/uploads\/2022\/11\/empregos-claro-150x84.jpg 150w, https:\/\/www.vagadeempregorj.com.br\/wp-content\/uploads\/2022\/11\/empregos-claro.jpg 1920w\" sizes=\"auto, (max-width: 1024px) 100vw, 1024px\" \/><figcaption class=\"wp-element-caption\">Image: Claro \u2013 Reproduction<\/figcaption><\/figure>\n\n\n\n<h2 class=\"wp-block-heading\">Discover all Claro job openings.<\/h2>\n\n\n\n<p>Several benefits are offered to employees, such as: a running program, food or meal vouchers, assistance for family members with disabilities, transportation vouchers, life insurance, childcare assistance, dental and medical assistance, private pension plan, partnerships, profit sharing, discounts, among others. Check below all the positions offered and then see how to apply:<\/p>\n\n\n\n<ul class=\"wp-block-list\">\n<li>ESP ENGINEERING VIDEO II \u2013 TV PRODUCT DIRECTOR;<\/li>\n\n\n\n<li>Senior Commercial Operations Analyst;<\/li>\n\n\n\n<li>ESP SYSTEMS II \u2013 INFORMATION TECHNOLOGY DIRECTOR;<\/li>\n\n\n\n<li>Shop assistant;<\/li>\n\n\n\n<li>Indicators Analyst III;<\/li>\n\n\n\n<li>ESP INFRASTRUCTURE VIDEO III;<\/li>\n\n\n\n<li>ANL DEVELOPMENT VIDEO II;<\/li>\n\n\n\n<li>IP Security Specialist.<\/li>\n<\/ul>\n\n\n\n<h3 class=\"wp-block-heading\">How to apply<\/h3>\n\n\n\n<p>Candidates interested in any of the opportunities listed should access the link below:<\/p>\n\n\n\n<ul class=\"wp-block-list\">\n<li><a href=\"https:\/\/www.claro.com.br\/institucional\/trabalhe-conosco\">Claro Vagas.<\/a><\/li>\n<\/ul>\n\n\n\n<p>After that, find the desired position and read all the requirements to make sure it matches your profile. If there is a match, log in or register.&nbsp;<\/p>\n\n\n\n<p>If no specific function is listed on the page, fill in your details in the indicated field and wait for the company to contact you.&nbsp;<\/p>\n\n\n\n<p><strong>See also: <a href=\"https:\/\/www.vagadeempregorj.com.br\/en\/cresol-jobs\/\">Administrative Assistant, Cashier, Administrative Assistant, Young Apprentice, Internships and much more at Cresol Company<\/a><\/strong><\/p>\n\n\n\n<h2 class=\"wp-block-heading\">&nbsp;About Claro<\/h2>\n\n\n\n<p>Working at the company is like being part of one of the largest telecommunications companies in the country, where you can boost your career. There, employees have the opportunity to take on challenging projects that will change the future. To this end, they support the learning and self-development of their employees so that they can be the protagonists of their own careers.<\/p>\n\n\n\n<p>They work collaboratively and encourage entrepreneurship and innovation in an environment where their employees are autonomous and empowered to make decisions. They believe that leadership is about developing people. Their values guide their daily actions. These values are: Sustainability, People, Innovation, Customers, and Honesty.<\/p>\n\n\n\n<p>The company is a leader in telecommunications in Latin America and one of the largest multi-service operators in Brazil, present in all regions of the country. They operate in more than 4,200 municipalities in Brazil and their network serves more than 961 million people. They offer integrated solutions for connectivity, entertainment, productivity, and digital services across multiple fixed and mobile platforms in a truly convergent way.&nbsp;<\/p>\n\n\n\n<p>Through Embratel, they are also leaders in corporate services, including cloud offerings, telecommunications, IT, and network and application security. They operate in a segment of small, medium, and large companies, meeting the most diverse needs for communication, connectivity, and content. If you are passionate about technology, business, dynamic, eager to learn, and want to build a successful career, then this is the place for you.<\/p>","protected":false},"excerpt":{"rendered":"<p>Atualizado em Os Empregos Claro t\u00eam se destacado no mercado de trabalho em virtude dos benef\u00edcios que a empresa oferece, cuja vis\u00e3o para o futuro \u00e9 transformar e inovar para ser valorizada, crescer e liderar. Faz parte da Am\u00e9rica M\u00f3vil, um dos maiores grupos de telecomunica\u00e7\u00f5es do mundo, possui o compromisso de levar a milh\u00f5es&hellip;&nbsp;<\/p>","protected":false},"author":16,"featured_media":36186,"comment_status":"open","ping_status":"closed","sticky":false,"template":"","format":"standard","meta":{"neve_meta_sidebar":"","neve_meta_container":"","neve_meta_enable_content_width":"","neve_meta_content_width":0,"neve_meta_title_alignment":"","neve_meta_author_avatar":"","neve_post_elements_order":"","neve_meta_disable_header":"","neve_meta_disable_footer":"","neve_meta_disable_title":"","footnotes":""},"categories":[123],"tags":[],"class_list":["post-36182","post","type-post","status-publish","format-standard","has-post-thumbnail","hentry","category-vagas-de-emprego-nacionais"],"yoast_head":"<!-- This site is optimized with the Yoast SEO plugin v27.5 - https:\/\/yoast.com\/product\/yoast-seo-wordpress\/ -->\n<title>Vendedor de Lojas, Analistas, Especialista em Seguran\u00e7a IP e muito mais na Empresa Claro -<\/title>\n<meta name=\"description\" content=\"Veja em Vagas de Emprego RJ as vagas de emprego com e sem experi\u00eancia no seu Estado e Regi\u00e3o!\" \/>\n<meta name=\"robots\" content=\"index, follow, max-snippet:-1, max-image-preview:large, max-video-preview:-1\" \/>\n<link rel=\"canonical\" href=\"https:\/\/www.vagadeempregorj.com.br\/en\/clear-jobs\/\" \/>\n<meta property=\"og:locale\" content=\"en_US\" \/>\n<meta property=\"og:type\" content=\"article\" \/>\n<meta property=\"og:title\" content=\"Vendedor de Lojas, Analistas, Especialista em Seguran\u00e7a IP e muito mais na Empresa Claro -\" \/>\n<meta property=\"og:description\" content=\"Veja em Vagas de Emprego RJ as vagas de emprego com e sem experi\u00eancia no seu Estado e Regi\u00e3o!\" \/>\n<meta property=\"og:url\" content=\"https:\/\/www.vagadeempregorj.com.br\/en\/clear-jobs\/\" \/>\n<meta property=\"article:publisher\" content=\"https:\/\/www.facebook.com\/empregobrasiloficial\" \/>\n<meta property=\"article:published_time\" content=\"2023-09-28T07:01:00+00:00\" \/>\n<meta property=\"og:image\" content=\"https:\/\/www.vagadeempregorj.com.br\/wp-content\/uploads\/2022\/11\/empregos-claro.jpg\" \/>\n\t<meta property=\"og:image:width\" content=\"1920\" \/>\n\t<meta property=\"og:image:height\" content=\"1080\" \/>\n\t<meta property=\"og:image:type\" content=\"image\/jpeg\" \/>\n<meta name=\"author\" content=\"Michele\" \/>\n<meta name=\"twitter:card\" content=\"summary_large_image\" \/>\n<meta name=\"twitter:label1\" content=\"Written by\" \/>\n\t<meta name=\"twitter:data1\" content=\"Michele\" \/>\n\t<meta name=\"twitter:label2\" content=\"Est. reading time\" \/>\n\t<meta name=\"twitter:data2\" content=\"3 minutes\" \/>\n<script type=\"application\/ld+json\" class=\"yoast-schema-graph\">{\"@context\":\"https:\\\/\\\/schema.org\",\"@graph\":[{\"@type\":\"Article\",\"@id\":\"https:\\\/\\\/www.vagadeempregorj.com.br\\\/empregos-claro\\\/#article\",\"isPartOf\":{\"@id\":\"https:\\\/\\\/www.vagadeempregorj.com.br\\\/empregos-claro\\\/\"},\"author\":{\"name\":\"Michele\",\"@id\":\"https:\\\/\\\/www.vagadeempregorj.com.br\\\/#\\\/schema\\\/person\\\/3ddb19fa0539706786e502152f3aae95\"},\"headline\":\"Vendedor de Lojas, Analistas, Especialista em Seguran\u00e7a IP e muito mais na Empresa Claro\",\"datePublished\":\"2023-09-28T07:01:00+00:00\",\"mainEntityOfPage\":{\"@id\":\"https:\\\/\\\/www.vagadeempregorj.com.br\\\/empregos-claro\\\/\"},\"wordCount\":615,\"commentCount\":0,\"image\":{\"@id\":\"https:\\\/\\\/www.vagadeempregorj.com.br\\\/empregos-claro\\\/#primaryimage\"},\"thumbnailUrl\":\"https:\\\/\\\/www.vagadeempregorj.com.br\\\/wp-content\\\/uploads\\\/2022\\\/11\\\/empregos-claro.jpg\",\"articleSection\":[\"Vagas de Emprego Nacionais\"],\"inLanguage\":\"en-US\",\"potentialAction\":[{\"@type\":\"CommentAction\",\"name\":\"Comment\",\"target\":[\"https:\\\/\\\/www.vagadeempregorj.com.br\\\/empregos-claro\\\/#respond\"]}]},{\"@type\":\"WebPage\",\"@id\":\"https:\\\/\\\/www.vagadeempregorj.com.br\\\/empregos-claro\\\/\",\"url\":\"https:\\\/\\\/www.vagadeempregorj.com.br\\\/empregos-claro\\\/\",\"name\":\"Vendedor de Lojas, Analistas, Especialista em Seguran\u00e7a IP e muito mais na Empresa Claro -\",\"isPartOf\":{\"@id\":\"https:\\\/\\\/www.vagadeempregorj.com.br\\\/#website\"},\"primaryImageOfPage\":{\"@id\":\"https:\\\/\\\/www.vagadeempregorj.com.br\\\/empregos-claro\\\/#primaryimage\"},\"image\":{\"@id\":\"https:\\\/\\\/www.vagadeempregorj.com.br\\\/empregos-claro\\\/#primaryimage\"},\"thumbnailUrl\":\"https:\\\/\\\/www.vagadeempregorj.com.br\\\/wp-content\\\/uploads\\\/2022\\\/11\\\/empregos-claro.jpg\",\"datePublished\":\"2023-09-28T07:01:00+00:00\",\"author\":{\"@id\":\"https:\\\/\\\/www.vagadeempregorj.com.br\\\/#\\\/schema\\\/person\\\/3ddb19fa0539706786e502152f3aae95\"},\"description\":\"Veja em Vagas de Emprego RJ as vagas de emprego com e sem experi\u00eancia no seu Estado e Regi\u00e3o!\",\"breadcrumb\":{\"@id\":\"https:\\\/\\\/www.vagadeempregorj.com.br\\\/empregos-claro\\\/#breadcrumb\"},\"inLanguage\":\"en-US\",\"potentialAction\":[{\"@type\":\"ReadAction\",\"target\":[\"https:\\\/\\\/www.vagadeempregorj.com.br\\\/empregos-claro\\\/\"]}]},{\"@type\":\"ImageObject\",\"inLanguage\":\"en-US\",\"@id\":\"https:\\\/\\\/www.vagadeempregorj.com.br\\\/empregos-claro\\\/#primaryimage\",\"url\":\"https:\\\/\\\/www.vagadeempregorj.com.br\\\/wp-content\\\/uploads\\\/2022\\\/11\\\/empregos-claro.jpg\",\"contentUrl\":\"https:\\\/\\\/www.vagadeempregorj.com.br\\\/wp-content\\\/uploads\\\/2022\\\/11\\\/empregos-claro.jpg\",\"width\":1920,\"height\":1080,\"caption\":\"Imagem: Claro - Reprodu\u00e7\u00e3o\"},{\"@type\":\"BreadcrumbList\",\"@id\":\"https:\\\/\\\/www.vagadeempregorj.com.br\\\/empregos-claro\\\/#breadcrumb\",\"itemListElement\":[{\"@type\":\"ListItem\",\"position\":1,\"name\":\"In\u00edcio\",\"item\":\"https:\\\/\\\/www.vagadeempregorj.com.br\\\/\"},{\"@type\":\"ListItem\",\"position\":2,\"name\":\"Vagas de Emprego Nacionais\",\"item\":\"https:\\\/\\\/www.vagadeempregorj.com.br\\\/vagas-de-emprego-nacionais\\\/\"},{\"@type\":\"ListItem\",\"position\":3,\"name\":\"Vendedor de Lojas, Analistas, Especialista em Seguran\u00e7a IP e muito mais na Empresa Claro\"}]},{\"@type\":\"WebSite\",\"@id\":\"https:\\\/\\\/www.vagadeempregorj.com.br\\\/#website\",\"url\":\"https:\\\/\\\/www.vagadeempregorj.com.br\\\/\",\"name\":\"\",\"description\":\"Conquiste Sonhos: Vagas, Benef\u00edcios e Economia para Transformar Vidas e Alcan\u00e7ar Melhorias Cotidianas\",\"potentialAction\":[{\"@type\":\"SearchAction\",\"target\":{\"@type\":\"EntryPoint\",\"urlTemplate\":\"https:\\\/\\\/www.vagadeempregorj.com.br\\\/?s={search_term_string}\"},\"query-input\":{\"@type\":\"PropertyValueSpecification\",\"valueRequired\":true,\"valueName\":\"search_term_string\"}}],\"inLanguage\":\"en-US\"},{\"@type\":\"Person\",\"@id\":\"https:\\\/\\\/www.vagadeempregorj.com.br\\\/#\\\/schema\\\/person\\\/3ddb19fa0539706786e502152f3aae95\",\"name\":\"Michele\",\"image\":{\"@type\":\"ImageObject\",\"inLanguage\":\"en-US\",\"@id\":\"https:\\\/\\\/secure.gravatar.com\\\/avatar\\\/6b0eb9d22841282815e2cd856a0061c45e1761cd54b22e952d98c4746939aa85?s=96&r=g\",\"url\":\"https:\\\/\\\/secure.gravatar.com\\\/avatar\\\/6b0eb9d22841282815e2cd856a0061c45e1761cd54b22e952d98c4746939aa85?s=96&r=g\",\"contentUrl\":\"https:\\\/\\\/secure.gravatar.com\\\/avatar\\\/6b0eb9d22841282815e2cd856a0061c45e1761cd54b22e952d98c4746939aa85?s=96&r=g\",\"caption\":\"Michele\"},\"description\":\"Formada em Letras - Portugu\u00eas\\\/ Ingl\u00eas, e idealizadora do site Escritora de Sucesso, busca expandir o conhecimento de todos com informa\u00e7\u00f5es relevantes sobre diversos assuntos, enquanto redatora. No Vaga de Emprego RJ, traz oportunidades e dicas sobre o mercado de trabalho.\",\"url\":\"https:\\\/\\\/www.vagadeempregorj.com.br\\\/en\\\/author\\\/michele\\\/\"}]}<\/script>\n<!-- \/ Yoast SEO plugin. -->","yoast_head_json":{"title":"Store Salesperson, Analyst, IP Security Specialist and much more at Claro Company -","description":"Check out Job Vacancies in RJ for job openings with and without experience in your state and region!","robots":{"index":"index","follow":"follow","max-snippet":"max-snippet:-1","max-image-preview":"max-image-preview:large","max-video-preview":"max-video-preview:-1"},"canonical":"https:\/\/www.vagadeempregorj.com.br\/en\/clear-jobs\/","og_locale":"en_US","og_type":"article","og_title":"Vendedor de Lojas, Analistas, Especialista em Seguran\u00e7a IP e muito mais na Empresa Claro -","og_description":"Veja em Vagas de Emprego RJ as vagas de emprego com e sem experi\u00eancia no seu Estado e Regi\u00e3o!","og_url":"https:\/\/www.vagadeempregorj.com.br\/en\/clear-jobs\/","article_publisher":"https:\/\/www.facebook.com\/empregobrasiloficial","article_published_time":"2023-09-28T07:01:00+00:00","og_image":[{"width":1920,"height":1080,"url":"https:\/\/www.vagadeempregorj.com.br\/wp-content\/uploads\/2022\/11\/empregos-claro.jpg","type":"image\/jpeg"}],"author":"Michele","twitter_card":"summary_large_image","twitter_misc":{"Written by":"Michele","Est. reading time":"3 minutes"},"schema":{"@context":"https:\/\/schema.org","@graph":[{"@type":"Article","@id":"https:\/\/www.vagadeempregorj.com.br\/empregos-claro\/#article","isPartOf":{"@id":"https:\/\/www.vagadeempregorj.com.br\/empregos-claro\/"},"author":{"name":"Michele","@id":"https:\/\/www.vagadeempregorj.com.br\/#\/schema\/person\/3ddb19fa0539706786e502152f3aae95"},"headline":"Vendedor de Lojas, Analistas, Especialista em Seguran\u00e7a IP e muito mais na Empresa Claro","datePublished":"2023-09-28T07:01:00+00:00","mainEntityOfPage":{"@id":"https:\/\/www.vagadeempregorj.com.br\/empregos-claro\/"},"wordCount":615,"commentCount":0,"image":{"@id":"https:\/\/www.vagadeempregorj.com.br\/empregos-claro\/#primaryimage"},"thumbnailUrl":"https:\/\/www.vagadeempregorj.com.br\/wp-content\/uploads\/2022\/11\/empregos-claro.jpg","articleSection":["Vagas de Emprego Nacionais"],"inLanguage":"en-US","potentialAction":[{"@type":"CommentAction","name":"Comment","target":["https:\/\/www.vagadeempregorj.com.br\/empregos-claro\/#respond"]}]},{"@type":"WebPage","@id":"https:\/\/www.vagadeempregorj.com.br\/empregos-claro\/","url":"https:\/\/www.vagadeempregorj.com.br\/empregos-claro\/","name":"Store Salesperson, Analyst, IP Security Specialist and much more at Claro Company -","isPartOf":{"@id":"https:\/\/www.vagadeempregorj.com.br\/#website"},"primaryImageOfPage":{"@id":"https:\/\/www.vagadeempregorj.com.br\/empregos-claro\/#primaryimage"},"image":{"@id":"https:\/\/www.vagadeempregorj.com.br\/empregos-claro\/#primaryimage"},"thumbnailUrl":"https:\/\/www.vagadeempregorj.com.br\/wp-content\/uploads\/2022\/11\/empregos-claro.jpg","datePublished":"2023-09-28T07:01:00+00:00","author":{"@id":"https:\/\/www.vagadeempregorj.com.br\/#\/schema\/person\/3ddb19fa0539706786e502152f3aae95"},"description":"Check out Job Vacancies in RJ for job openings with and without experience in your state and region!","breadcrumb":{"@id":"https:\/\/www.vagadeempregorj.com.br\/empregos-claro\/#breadcrumb"},"inLanguage":"en-US","potentialAction":[{"@type":"ReadAction","target":["https:\/\/www.vagadeempregorj.com.br\/empregos-claro\/"]}]},{"@type":"ImageObject","inLanguage":"en-US","@id":"https:\/\/www.vagadeempregorj.com.br\/empregos-claro\/#primaryimage","url":"https:\/\/www.vagadeempregorj.com.br\/wp-content\/uploads\/2022\/11\/empregos-claro.jpg","contentUrl":"https:\/\/www.vagadeempregorj.com.br\/wp-content\/uploads\/2022\/11\/empregos-claro.jpg","width":1920,"height":1080,"caption":"Imagem: Claro - Reprodu\u00e7\u00e3o"},{"@type":"BreadcrumbList","@id":"https:\/\/www.vagadeempregorj.com.br\/empregos-claro\/#breadcrumb","itemListElement":[{"@type":"ListItem","position":1,"name":"In\u00edcio","item":"https:\/\/www.vagadeempregorj.com.br\/"},{"@type":"ListItem","position":2,"name":"Vagas de Emprego Nacionais","item":"https:\/\/www.vagadeempregorj.com.br\/vagas-de-emprego-nacionais\/"},{"@type":"ListItem","position":3,"name":"Vendedor de Lojas, Analistas, Especialista em Seguran\u00e7a IP e muito mais na Empresa Claro"}]},{"@type":"WebSite","@id":"https:\/\/www.vagadeempregorj.com.br\/#website","url":"https:\/\/www.vagadeempregorj.com.br\/","name":"","description":"Achieve Dreams: Jobs, Benefits, and Savings to Transform Lives and Achieve Everyday Improvements","potentialAction":[{"@type":"SearchAction","target":{"@type":"EntryPoint","urlTemplate":"https:\/\/www.vagadeempregorj.com.br\/?s={search_term_string}"},"query-input":{"@type":"PropertyValueSpecification","valueRequired":true,"valueName":"search_term_string"}}],"inLanguage":"en-US"},{"@type":"Person","@id":"https:\/\/www.vagadeempregorj.com.br\/#\/schema\/person\/3ddb19fa0539706786e502152f3aae95","name":"Michele","image":{"@type":"ImageObject","inLanguage":"en-US","@id":"https:\/\/secure.gravatar.com\/avatar\/6b0eb9d22841282815e2cd856a0061c45e1761cd54b22e952d98c4746939aa85?s=96&r=g","url":"https:\/\/secure.gravatar.com\/avatar\/6b0eb9d22841282815e2cd856a0061c45e1761cd54b22e952d98c4746939aa85?s=96&r=g","contentUrl":"https:\/\/secure.gravatar.com\/avatar\/6b0eb9d22841282815e2cd856a0061c45e1761cd54b22e952d98c4746939aa85?s=96&r=g","caption":"Michele"},"description":"With a degree in Literature (Portuguese\/English), and the creator of the website Escritora de Sucesso, she works as a writer to expand everyone&#039;s knowledge with relevant information on a variety of topics. At Vaga de Emprego RJ, she provides opportunities and tips on the job market.","url":"https:\/\/www.vagadeempregorj.com.br\/en\/author\/michele\/"}]}},"_links":{"self":[{"href":"https:\/\/www.vagadeempregorj.com.br\/en\/wp-json\/wp\/v2\/posts\/36182","targetHints":{"allow":["GET"]}}],"collection":[{"href":"https:\/\/www.vagadeempregorj.com.br\/en\/wp-json\/wp\/v2\/posts"}],"about":[{"href":"https:\/\/www.vagadeempregorj.com.br\/en\/wp-json\/wp\/v2\/types\/post"}],"author":[{"embeddable":true,"href":"https:\/\/www.vagadeempregorj.com.br\/en\/wp-json\/wp\/v2\/users\/16"}],"replies":[{"embeddable":true,"href":"https:\/\/www.vagadeempregorj.com.br\/en\/wp-json\/wp\/v2\/comments?post=36182"}],"version-history":[{"count":0,"href":"https:\/\/www.vagadeempregorj.com.br\/en\/wp-json\/wp\/v2\/posts\/36182\/revisions"}],"wp:featuredmedia":[{"embeddable":true,"href":"https:\/\/www.vagadeempregorj.com.br\/en\/wp-json\/wp\/v2\/media\/36186"}],"wp:attachment":[{"href":"https:\/\/www.vagadeempregorj.com.br\/en\/wp-json\/wp\/v2\/media?parent=36182"}],"wp:term":[{"taxonomy":"category","embeddable":true,"href":"https:\/\/www.vagadeempregorj.com.br\/en\/wp-json\/wp\/v2\/categories?post=36182"},{"taxonomy":"post_tag","embeddable":true,"href":"https:\/\/www.vagadeempregorj.com.br\/en\/wp-json\/wp\/v2\/tags?post=36182"}],"curies":[{"name":"wp","href":"https:\/\/api.w.org\/{rel}","templated":true}]}}