{"id":36399,"date":"2023-09-01T00:01:00","date_gmt":"2023-09-01T03:01:00","guid":{"rendered":"https:\/\/www.vagadeempregorj.com.br\/?p=36399"},"modified":"2023-08-26T11:58:22","modified_gmt":"2023-08-26T14:58:22","slug":"natural-jobs","status":"publish","type":"post","link":"https:\/\/www.vagadeempregorj.com.br\/en\/empregos-natura\/","title":{"rendered":"Salesperson, Store Manager, Marketing Coordinator, Analysts and more at Natura"},"content":{"rendered":"<p>Updated<\/p>\n\n\n<div class=\"wp-block-post-date\"><time datetime=\"2023-09-01T00:01:00-03:00\">01\/09\/2023<\/time><\/div>\n\n\n<p>You <strong>Natura Jobs<\/strong> stand out in the job market due to the benefits the company offers. It&#039;s a Brazilian brand born from a passion for cosmetics and human connection. In addition to Malaysia, France, and the United States, they operate in seven Latin American countries. Their network includes 6,900 employees and 2 million consultants, as well as suppliers and partners. They believe that innovation is one of the pillars for making a positive impact and achieving a sustainable model. They seek to create value for society as a whole, producing integrated social, economic, and environmental results.<\/p>\n\n\n\n<figure class=\"wp-block-image size-large\"><img loading=\"lazy\" decoding=\"async\" width=\"1024\" height=\"1024\" src=\"https:\/\/www.vagadeempregorj.com.br\/wp-content\/uploads\/2022\/11\/empregos-Natura-1024x1024.jpg\" alt=\"Natura jobs\" class=\"wp-image-36409\" srcset=\"https:\/\/www.vagadeempregorj.com.br\/wp-content\/uploads\/2022\/11\/empregos-Natura-1024x1024.jpg 1024w, https:\/\/www.vagadeempregorj.com.br\/wp-content\/uploads\/2022\/11\/empregos-Natura-300x300.jpg 300w, https:\/\/www.vagadeempregorj.com.br\/wp-content\/uploads\/2022\/11\/empregos-Natura-150x150.jpg 150w, https:\/\/www.vagadeempregorj.com.br\/wp-content\/uploads\/2022\/11\/empregos-Natura-768x768.jpg 768w, https:\/\/www.vagadeempregorj.com.br\/wp-content\/uploads\/2022\/11\/empregos-Natura-1536x1536.jpg 1536w, https:\/\/www.vagadeempregorj.com.br\/wp-content\/uploads\/2022\/11\/empregos-Natura-96x96.jpg 96w, https:\/\/www.vagadeempregorj.com.br\/wp-content\/uploads\/2022\/11\/empregos-Natura.jpg 2048w\" sizes=\"auto, (max-width: 1024px) 100vw, 1024px\" \/><figcaption class=\"wp-element-caption\">Image: Natura \u2013 Reproduction<\/figcaption><\/figure>\n\n\n\n<h2 class=\"wp-block-heading\">See which Natura jobs are available<\/h2>\n\n\n\n<p>We offer meal vouchers, profit sharing, healthcare, a hybrid work model, dental care, Short Friday, life insurance, birthday days off, Natura gift cards, Mother&#039;s Day gifts, discounted products, and extended paternity and maternity leave. See all positions below:<\/p>\n\n\n\n<ul class=\"wp-block-list\">\n<li>Senior Commercial Training Project Analysis \u2013 PCD;<\/li>\n\n\n\n<li>Brand Strategy Manager \u2013 Data and Insights;<\/li>\n\n\n\n<li>COMMERCIAL MODEL ANL.;<\/li>\n\n\n\n<li>Senior CRM Manager;<\/li>\n\n\n\n<li>Sr. Anl.;<\/li>\n\n\n\n<li>Store Manager;<\/li>\n\n\n\n<li>FP&amp;A Coordinator;<\/li>\n\n\n\n<li>Senior E-Commerce Analyst;<\/li>\n\n\n\n<li>Business Advisor;<\/li>\n\n\n\n<li>Seller;<\/li>\n\n\n\n<li>E-Commerce Analyst Sr.;<\/li>\n\n\n\n<li>Marketing Coordinator;<\/li>\n\n\n\n<li>Junior B2B Analyst;<\/li>\n\n\n\n<li>Product Planning Coordinator;<\/li>\n\n\n\n<li>Senior Commercial Training Project Analysis;<\/li>\n\n\n\n<li>Competitive Market Strategy Coordinator;<\/li>\n\n\n\n<li>Innovation Process Analysis Pl;<\/li>\n\n\n\n<li>Analytics Coordinator (PCD);<\/li>\n\n\n\n<li>Senior Analyst of Market Research and Competitive Strategy;<\/li>\n\n\n\n<li>Privacy Leader\/Counsel and Data Protection Officer;<\/li>\n\n\n\n<li>QUERETARO REGIONAL SALES COORDINATOR;<\/li>\n\n\n\n<li>Marketing Analysis (Sampling) Pl \u2013 PCD;<\/li>\n\n\n\n<li>Global Marketing Coordinator.<\/li>\n<\/ul>\n\n\n\n<h3 class=\"wp-block-heading\">How to apply<\/h3>\n\n\n\n<p>The process for applying for the positions mentioned is very simple. First, you need to visit the website below to participate in the selection process:<\/p>\n\n\n\n<ul class=\"wp-block-list\">\n<li><a href=\"https:\/\/mercantildobrasil.com.br\/SobreNos\/TrabalheConosco\/Paginas\/Trabalhe-Conosco.aspx\">Mercantile of Brazil<\/a>.<\/li>\n<\/ul>\n\n\n\n<p>After that, the second step is to find the position you want to apply for and carefully read all the required criteria to ensure it truly matches your resume. If so, log in if you already have one or register on the page if this is your first time.<\/p>\n\n\n\n<p>Finally, wait for the company to contact you if you&#039;re selected, and be sure to be well prepared for the interview. Know in advance that the candidate will likely be asked personal questions such as: what their strengths and weaknesses are, why they want to join the company, and more.<\/p>\n\n\n\n<p>Additionally, the candidate may also be required to take a test with math and Portuguese language questions, as well as participate in group dynamics.<\/p>\n\n\n\n<p><strong>See also: <a href=\"https:\/\/www.vagadeempregorj.com.br\/en\/level-group-jobs\/\">Administrative Assistant, Purchasing Assistant, Human Resources Assistant, Analysts and much more at Level Group<\/a><\/strong><\/p>\n\n\n\n<h2 class=\"wp-block-heading\">About Natura<\/h2>\n\n\n\n<p>The journey that transformed them into Brazil&#039;s largest cosmetics multinational began in 1969, when Luiz Seabra opened a small factory in S\u00e3o Paulo. Since then, they have built a business that strives for well-being\u2014which manifests itself in the harmonious relationships individuals develop with themselves, others, and nature.<\/p>\n\n\n\n<p>They believe in the potential of human connection and the power of cosmetics as mindfulness enhancers. They&#039;ve reached over 100 million consumers across all channels, primarily through direct sales, with approximately 1.7 million consultants in Peru, Brazil, Mexico, Argentina, Colombia, and Chile.&nbsp;<\/p>","protected":false},"excerpt":{"rendered":"<p>Atualizado Os Empregos Natura destacam-se no mercado de trabalho devido aos benef\u00edcios que a companhia oferta. \u00c9 uma marca brasileira nascida da paix\u00e3o pela cosm\u00e9tica e pela conex\u00e3o humana. Al\u00e9m da Mal\u00e1sia, Fran\u00e7a e Estados Unidos, atuam em 7 pa\u00edses da Am\u00e9rica Latina. Sua rede inclui 6,9 mil colaboradores e 2 milh\u00f5es de consultoras, al\u00e9m&hellip;&nbsp;<\/p>","protected":false},"author":16,"featured_media":36409,"comment_status":"closed","ping_status":"closed","sticky":false,"template":"","format":"standard","meta":{"neve_meta_sidebar":"","neve_meta_container":"","neve_meta_enable_content_width":"","neve_meta_content_width":0,"neve_meta_title_alignment":"","neve_meta_author_avatar":"","neve_post_elements_order":"","neve_meta_disable_header":"","neve_meta_disable_footer":"","neve_meta_disable_title":"","footnotes":""},"categories":[123],"tags":[176,608,211],"class_list":["post-36399","post","type-post","status-publish","format-standard","has-post-thumbnail","hentry","category-vagas-de-emprego-nacionais","tag-natura","tag-oportunidades","tag-vagas-de-emprego"],"yoast_head":"<!-- This site is optimized with the Yoast SEO plugin v27.5 - https:\/\/yoast.com\/product\/yoast-seo-wordpress\/ -->\n<title>Vendedor, Gerente de Loja, Coordenador de Marketing, Analistas e muito mais na Empresa Natura -<\/title>\n<meta name=\"description\" content=\"Veja em Vagas de Emprego RJ as vagas de emprego com e sem experi\u00eancia no seu Estado e Regi\u00e3o!\" \/>\n<meta name=\"robots\" content=\"index, follow, max-snippet:-1, max-image-preview:large, max-video-preview:-1\" \/>\n<link rel=\"canonical\" href=\"https:\/\/www.vagadeempregorj.com.br\/en\/natural-jobs\/\" \/>\n<meta property=\"og:locale\" content=\"en_US\" \/>\n<meta property=\"og:type\" content=\"article\" \/>\n<meta property=\"og:title\" content=\"Vendedor, Gerente de Loja, Coordenador de Marketing, Analistas e muito mais na Empresa Natura -\" \/>\n<meta property=\"og:description\" content=\"Veja em Vagas de Emprego RJ as vagas de emprego com e sem experi\u00eancia no seu Estado e Regi\u00e3o!\" \/>\n<meta property=\"og:url\" content=\"https:\/\/www.vagadeempregorj.com.br\/en\/natural-jobs\/\" \/>\n<meta property=\"article:publisher\" content=\"https:\/\/www.facebook.com\/empregobrasiloficial\" \/>\n<meta property=\"article:published_time\" content=\"2023-09-01T03:01:00+00:00\" \/>\n<meta property=\"og:image\" content=\"https:\/\/www.vagadeempregorj.com.br\/wp-content\/uploads\/2022\/11\/empregos-Natura.jpg\" \/>\n\t<meta property=\"og:image:width\" content=\"2048\" \/>\n\t<meta property=\"og:image:height\" content=\"2048\" \/>\n\t<meta property=\"og:image:type\" content=\"image\/jpeg\" \/>\n<meta name=\"author\" content=\"Michele\" \/>\n<meta name=\"twitter:card\" content=\"summary_large_image\" \/>\n<meta name=\"twitter:label1\" content=\"Written by\" \/>\n\t<meta name=\"twitter:data1\" content=\"Michele\" \/>\n\t<meta name=\"twitter:label2\" content=\"Est. reading time\" \/>\n\t<meta name=\"twitter:data2\" content=\"3 minutes\" \/>\n<script type=\"application\/ld+json\" class=\"yoast-schema-graph\">{\"@context\":\"https:\\\/\\\/schema.org\",\"@graph\":[{\"@type\":\"Article\",\"@id\":\"https:\\\/\\\/www.vagadeempregorj.com.br\\\/empregos-natura\\\/#article\",\"isPartOf\":{\"@id\":\"https:\\\/\\\/www.vagadeempregorj.com.br\\\/empregos-natura\\\/\"},\"author\":{\"name\":\"Michele\",\"@id\":\"https:\\\/\\\/www.vagadeempregorj.com.br\\\/#\\\/schema\\\/person\\\/3ddb19fa0539706786e502152f3aae95\"},\"headline\":\"Vendedor, Gerente de Loja, Coordenador de Marketing, Analistas e muito mais na Empresa Natura\",\"datePublished\":\"2023-09-01T03:01:00+00:00\",\"mainEntityOfPage\":{\"@id\":\"https:\\\/\\\/www.vagadeempregorj.com.br\\\/empregos-natura\\\/\"},\"wordCount\":624,\"image\":{\"@id\":\"https:\\\/\\\/www.vagadeempregorj.com.br\\\/empregos-natura\\\/#primaryimage\"},\"thumbnailUrl\":\"https:\\\/\\\/www.vagadeempregorj.com.br\\\/wp-content\\\/uploads\\\/2022\\\/11\\\/empregos-Natura.jpg\",\"keywords\":[\"natura\",\"oportunidades\",\"vagas de emprego\"],\"articleSection\":[\"Vagas de Emprego Nacionais\"],\"inLanguage\":\"en-US\"},{\"@type\":\"WebPage\",\"@id\":\"https:\\\/\\\/www.vagadeempregorj.com.br\\\/empregos-natura\\\/\",\"url\":\"https:\\\/\\\/www.vagadeempregorj.com.br\\\/empregos-natura\\\/\",\"name\":\"Vendedor, Gerente de Loja, Coordenador de Marketing, Analistas e muito mais na Empresa Natura -\",\"isPartOf\":{\"@id\":\"https:\\\/\\\/www.vagadeempregorj.com.br\\\/#website\"},\"primaryImageOfPage\":{\"@id\":\"https:\\\/\\\/www.vagadeempregorj.com.br\\\/empregos-natura\\\/#primaryimage\"},\"image\":{\"@id\":\"https:\\\/\\\/www.vagadeempregorj.com.br\\\/empregos-natura\\\/#primaryimage\"},\"thumbnailUrl\":\"https:\\\/\\\/www.vagadeempregorj.com.br\\\/wp-content\\\/uploads\\\/2022\\\/11\\\/empregos-Natura.jpg\",\"datePublished\":\"2023-09-01T03:01:00+00:00\",\"author\":{\"@id\":\"https:\\\/\\\/www.vagadeempregorj.com.br\\\/#\\\/schema\\\/person\\\/3ddb19fa0539706786e502152f3aae95\"},\"description\":\"Veja em Vagas de Emprego RJ as vagas de emprego com e sem experi\u00eancia no seu Estado e Regi\u00e3o!\",\"breadcrumb\":{\"@id\":\"https:\\\/\\\/www.vagadeempregorj.com.br\\\/empregos-natura\\\/#breadcrumb\"},\"inLanguage\":\"en-US\",\"potentialAction\":[{\"@type\":\"ReadAction\",\"target\":[\"https:\\\/\\\/www.vagadeempregorj.com.br\\\/empregos-natura\\\/\"]}]},{\"@type\":\"ImageObject\",\"inLanguage\":\"en-US\",\"@id\":\"https:\\\/\\\/www.vagadeempregorj.com.br\\\/empregos-natura\\\/#primaryimage\",\"url\":\"https:\\\/\\\/www.vagadeempregorj.com.br\\\/wp-content\\\/uploads\\\/2022\\\/11\\\/empregos-Natura.jpg\",\"contentUrl\":\"https:\\\/\\\/www.vagadeempregorj.com.br\\\/wp-content\\\/uploads\\\/2022\\\/11\\\/empregos-Natura.jpg\",\"width\":2048,\"height\":2048,\"caption\":\"Imagem: Natura - Reprodu\u00e7\u00e3o\"},{\"@type\":\"BreadcrumbList\",\"@id\":\"https:\\\/\\\/www.vagadeempregorj.com.br\\\/empregos-natura\\\/#breadcrumb\",\"itemListElement\":[{\"@type\":\"ListItem\",\"position\":1,\"name\":\"In\u00edcio\",\"item\":\"https:\\\/\\\/www.vagadeempregorj.com.br\\\/\"},{\"@type\":\"ListItem\",\"position\":2,\"name\":\"Vagas de Emprego Nacionais\",\"item\":\"https:\\\/\\\/www.vagadeempregorj.com.br\\\/vagas-de-emprego-nacionais\\\/\"},{\"@type\":\"ListItem\",\"position\":3,\"name\":\"Vendedor, Gerente de Loja, Coordenador de Marketing, Analistas e muito mais na Empresa Natura\"}]},{\"@type\":\"WebSite\",\"@id\":\"https:\\\/\\\/www.vagadeempregorj.com.br\\\/#website\",\"url\":\"https:\\\/\\\/www.vagadeempregorj.com.br\\\/\",\"name\":\"\",\"description\":\"Conquiste Sonhos: Vagas, Benef\u00edcios e Economia para Transformar Vidas e Alcan\u00e7ar Melhorias Cotidianas\",\"potentialAction\":[{\"@type\":\"SearchAction\",\"target\":{\"@type\":\"EntryPoint\",\"urlTemplate\":\"https:\\\/\\\/www.vagadeempregorj.com.br\\\/?s={search_term_string}\"},\"query-input\":{\"@type\":\"PropertyValueSpecification\",\"valueRequired\":true,\"valueName\":\"search_term_string\"}}],\"inLanguage\":\"en-US\"},{\"@type\":\"Person\",\"@id\":\"https:\\\/\\\/www.vagadeempregorj.com.br\\\/#\\\/schema\\\/person\\\/3ddb19fa0539706786e502152f3aae95\",\"name\":\"Michele\",\"image\":{\"@type\":\"ImageObject\",\"inLanguage\":\"en-US\",\"@id\":\"https:\\\/\\\/secure.gravatar.com\\\/avatar\\\/6b0eb9d22841282815e2cd856a0061c45e1761cd54b22e952d98c4746939aa85?s=96&r=g\",\"url\":\"https:\\\/\\\/secure.gravatar.com\\\/avatar\\\/6b0eb9d22841282815e2cd856a0061c45e1761cd54b22e952d98c4746939aa85?s=96&r=g\",\"contentUrl\":\"https:\\\/\\\/secure.gravatar.com\\\/avatar\\\/6b0eb9d22841282815e2cd856a0061c45e1761cd54b22e952d98c4746939aa85?s=96&r=g\",\"caption\":\"Michele\"},\"description\":\"Formada em Letras - Portugu\u00eas\\\/ Ingl\u00eas, e idealizadora do site Escritora de Sucesso, busca expandir o conhecimento de todos com informa\u00e7\u00f5es relevantes sobre diversos assuntos, enquanto redatora. No Vaga de Emprego RJ, traz oportunidades e dicas sobre o mercado de trabalho.\",\"url\":\"https:\\\/\\\/www.vagadeempregorj.com.br\\\/en\\\/author\\\/michele\\\/\"}]}<\/script>\n<!-- \/ Yoast SEO plugin. -->","yoast_head_json":{"title":"Salesperson, Store Manager, Marketing Coordinator, Analysts and much more at Natura Company -","description":"Check out Job Vacancies in RJ for job openings with and without experience in your state and region!","robots":{"index":"index","follow":"follow","max-snippet":"max-snippet:-1","max-image-preview":"max-image-preview:large","max-video-preview":"max-video-preview:-1"},"canonical":"https:\/\/www.vagadeempregorj.com.br\/en\/natural-jobs\/","og_locale":"en_US","og_type":"article","og_title":"Vendedor, Gerente de Loja, Coordenador de Marketing, Analistas e muito mais na Empresa Natura -","og_description":"Veja em Vagas de Emprego RJ as vagas de emprego com e sem experi\u00eancia no seu Estado e Regi\u00e3o!","og_url":"https:\/\/www.vagadeempregorj.com.br\/en\/natural-jobs\/","article_publisher":"https:\/\/www.facebook.com\/empregobrasiloficial","article_published_time":"2023-09-01T03:01:00+00:00","og_image":[{"width":2048,"height":2048,"url":"https:\/\/www.vagadeempregorj.com.br\/wp-content\/uploads\/2022\/11\/empregos-Natura.jpg","type":"image\/jpeg"}],"author":"Michele","twitter_card":"summary_large_image","twitter_misc":{"Written by":"Michele","Est. reading time":"3 minutes"},"schema":{"@context":"https:\/\/schema.org","@graph":[{"@type":"Article","@id":"https:\/\/www.vagadeempregorj.com.br\/empregos-natura\/#article","isPartOf":{"@id":"https:\/\/www.vagadeempregorj.com.br\/empregos-natura\/"},"author":{"name":"Michele","@id":"https:\/\/www.vagadeempregorj.com.br\/#\/schema\/person\/3ddb19fa0539706786e502152f3aae95"},"headline":"Vendedor, Gerente de Loja, Coordenador de Marketing, Analistas e muito mais na Empresa Natura","datePublished":"2023-09-01T03:01:00+00:00","mainEntityOfPage":{"@id":"https:\/\/www.vagadeempregorj.com.br\/empregos-natura\/"},"wordCount":624,"image":{"@id":"https:\/\/www.vagadeempregorj.com.br\/empregos-natura\/#primaryimage"},"thumbnailUrl":"https:\/\/www.vagadeempregorj.com.br\/wp-content\/uploads\/2022\/11\/empregos-Natura.jpg","keywords":["natura","oportunidades","vagas de emprego"],"articleSection":["Vagas de Emprego Nacionais"],"inLanguage":"en-US"},{"@type":"WebPage","@id":"https:\/\/www.vagadeempregorj.com.br\/empregos-natura\/","url":"https:\/\/www.vagadeempregorj.com.br\/empregos-natura\/","name":"Salesperson, Store Manager, Marketing Coordinator, Analysts and much more at Natura Company -","isPartOf":{"@id":"https:\/\/www.vagadeempregorj.com.br\/#website"},"primaryImageOfPage":{"@id":"https:\/\/www.vagadeempregorj.com.br\/empregos-natura\/#primaryimage"},"image":{"@id":"https:\/\/www.vagadeempregorj.com.br\/empregos-natura\/#primaryimage"},"thumbnailUrl":"https:\/\/www.vagadeempregorj.com.br\/wp-content\/uploads\/2022\/11\/empregos-Natura.jpg","datePublished":"2023-09-01T03:01:00+00:00","author":{"@id":"https:\/\/www.vagadeempregorj.com.br\/#\/schema\/person\/3ddb19fa0539706786e502152f3aae95"},"description":"Check out Job Vacancies in RJ for job openings with and without experience in your state and region!","breadcrumb":{"@id":"https:\/\/www.vagadeempregorj.com.br\/empregos-natura\/#breadcrumb"},"inLanguage":"en-US","potentialAction":[{"@type":"ReadAction","target":["https:\/\/www.vagadeempregorj.com.br\/empregos-natura\/"]}]},{"@type":"ImageObject","inLanguage":"en-US","@id":"https:\/\/www.vagadeempregorj.com.br\/empregos-natura\/#primaryimage","url":"https:\/\/www.vagadeempregorj.com.br\/wp-content\/uploads\/2022\/11\/empregos-Natura.jpg","contentUrl":"https:\/\/www.vagadeempregorj.com.br\/wp-content\/uploads\/2022\/11\/empregos-Natura.jpg","width":2048,"height":2048,"caption":"Imagem: Natura - Reprodu\u00e7\u00e3o"},{"@type":"BreadcrumbList","@id":"https:\/\/www.vagadeempregorj.com.br\/empregos-natura\/#breadcrumb","itemListElement":[{"@type":"ListItem","position":1,"name":"In\u00edcio","item":"https:\/\/www.vagadeempregorj.com.br\/"},{"@type":"ListItem","position":2,"name":"Vagas de Emprego Nacionais","item":"https:\/\/www.vagadeempregorj.com.br\/vagas-de-emprego-nacionais\/"},{"@type":"ListItem","position":3,"name":"Vendedor, Gerente de Loja, Coordenador de Marketing, Analistas e muito mais na Empresa Natura"}]},{"@type":"WebSite","@id":"https:\/\/www.vagadeempregorj.com.br\/#website","url":"https:\/\/www.vagadeempregorj.com.br\/","name":"","description":"Achieve Dreams: Jobs, Benefits, and Savings to Transform Lives and Achieve Everyday Improvements","potentialAction":[{"@type":"SearchAction","target":{"@type":"EntryPoint","urlTemplate":"https:\/\/www.vagadeempregorj.com.br\/?s={search_term_string}"},"query-input":{"@type":"PropertyValueSpecification","valueRequired":true,"valueName":"search_term_string"}}],"inLanguage":"en-US"},{"@type":"Person","@id":"https:\/\/www.vagadeempregorj.com.br\/#\/schema\/person\/3ddb19fa0539706786e502152f3aae95","name":"Michele","image":{"@type":"ImageObject","inLanguage":"en-US","@id":"https:\/\/secure.gravatar.com\/avatar\/6b0eb9d22841282815e2cd856a0061c45e1761cd54b22e952d98c4746939aa85?s=96&r=g","url":"https:\/\/secure.gravatar.com\/avatar\/6b0eb9d22841282815e2cd856a0061c45e1761cd54b22e952d98c4746939aa85?s=96&r=g","contentUrl":"https:\/\/secure.gravatar.com\/avatar\/6b0eb9d22841282815e2cd856a0061c45e1761cd54b22e952d98c4746939aa85?s=96&r=g","caption":"Michele"},"description":"With a degree in Literature (Portuguese\/English), and the creator of the website Escritora de Sucesso, she works as a writer to expand everyone&#039;s knowledge with relevant information on a variety of topics. At Vaga de Emprego RJ, she provides opportunities and tips on the job market.","url":"https:\/\/www.vagadeempregorj.com.br\/en\/author\/michele\/"}]}},"_links":{"self":[{"href":"https:\/\/www.vagadeempregorj.com.br\/en\/wp-json\/wp\/v2\/posts\/36399","targetHints":{"allow":["GET"]}}],"collection":[{"href":"https:\/\/www.vagadeempregorj.com.br\/en\/wp-json\/wp\/v2\/posts"}],"about":[{"href":"https:\/\/www.vagadeempregorj.com.br\/en\/wp-json\/wp\/v2\/types\/post"}],"author":[{"embeddable":true,"href":"https:\/\/www.vagadeempregorj.com.br\/en\/wp-json\/wp\/v2\/users\/16"}],"replies":[{"embeddable":true,"href":"https:\/\/www.vagadeempregorj.com.br\/en\/wp-json\/wp\/v2\/comments?post=36399"}],"version-history":[{"count":0,"href":"https:\/\/www.vagadeempregorj.com.br\/en\/wp-json\/wp\/v2\/posts\/36399\/revisions"}],"wp:featuredmedia":[{"embeddable":true,"href":"https:\/\/www.vagadeempregorj.com.br\/en\/wp-json\/wp\/v2\/media\/36409"}],"wp:attachment":[{"href":"https:\/\/www.vagadeempregorj.com.br\/en\/wp-json\/wp\/v2\/media?parent=36399"}],"wp:term":[{"taxonomy":"category","embeddable":true,"href":"https:\/\/www.vagadeempregorj.com.br\/en\/wp-json\/wp\/v2\/categories?post=36399"},{"taxonomy":"post_tag","embeddable":true,"href":"https:\/\/www.vagadeempregorj.com.br\/en\/wp-json\/wp\/v2\/tags?post=36399"}],"curies":[{"name":"wp","href":"https:\/\/api.w.org\/{rel}","templated":true}]}}