{"id":36492,"date":"2023-11-01T03:03:00","date_gmt":"2023-11-01T06:03:00","guid":{"rendered":"https:\/\/www.vagadeempregorj.com.br\/?p=36492"},"modified":"2024-08-12T18:03:09","modified_gmt":"2024-08-12T21:03:09","slug":"semantix-jobs","status":"publish","type":"post","link":"https:\/\/www.vagadeempregorj.com.br\/en\/empregos-semantix\/","title":{"rendered":"Analysts, Administrators, Programmers and more at Semantix Company"},"content":{"rendered":"<p><strong>Updated on 08\/12\/2024<\/strong><\/p>\n\n\n\n<p><\/p>\n\n\n\n<p>You <strong>Semantix Jobs <\/strong>They have many advantages in the job market, as they are a Brazilian data and artificial intelligence company and the first deep tech company in Brazil to be listed on NASDAQ on the New York Stock Exchange! But most importantly, they are made of people! A visionary, someone who focuses on creating value for customers, collaborates, and works as a team and takes action! <\/p>\n\n\n\n<p>At the company, they value their teams and encourage them to constantly strive for innovation and continuous development, knowing that their results and exponential growth reflect the quality of our team. They do all this guided by diversity, ethics, respect, transparency, and respect for diversity and the pluralism of their semantics! As they like to say: &quot;People are our greatest asset!&quot;<\/p>\n\n\n\n<figure class=\"wp-block-image size-full is-resized\"><img loading=\"lazy\" decoding=\"async\" width=\"300\" height=\"300\" src=\"https:\/\/www.vagadeempregorj.com.br\/wp-content\/uploads\/2022\/12\/empregos-semantix.png\" alt=\"semantix jobs\" class=\"wp-image-36500\" style=\"width:414px;height:414px\" srcset=\"https:\/\/www.vagadeempregorj.com.br\/wp-content\/uploads\/2022\/12\/empregos-semantix.png 300w, https:\/\/www.vagadeempregorj.com.br\/wp-content\/uploads\/2022\/12\/empregos-semantix-150x150.png 150w, https:\/\/www.vagadeempregorj.com.br\/wp-content\/uploads\/2022\/12\/empregos-semantix-96x96.png 96w\" sizes=\"auto, (max-width: 300px) 100vw, 300px\" \/><figcaption class=\"wp-element-caption\">Image: Semantix \u2013 Reproduction<\/figcaption><\/figure>\n\n\n\n<h2 class=\"wp-block-heading\">Discover all available Semantix Jobs<\/h2>\n\n\n\n<p>Various benefits are offered, such as a partnership with Creditas, a relaxed environment with food and drinks, a foosball table and video games, a career plan, transportation vouchers, profit sharing, Spanish and English courses, daycare assistance, meal vouchers, Gympass, health insurance, dental plan, and food vouchers.<\/p>\n\n\n\n<p>The positions offered are for S\u00e3o Paulo and the surrounding region, but most are also available remotely and are open to people with disabilities. Check out all the positions offered below and see how to apply:<\/p>\n\n\n\n<ul class=\"wp-block-list\">\n<li>Senior Accounting Analyst;<\/li>\n\n\n\n<li>Sales Operations Coordinator;<\/li>\n\n\n\n<li>Administrative Assistant;<\/li>\n\n\n\n<li>UX Designer \u2013 Sr;<\/li>\n\n\n\n<li>BI Coordinator;<\/li>\n\n\n\n<li>SRE Analyst;<\/li>\n\n\n\n<li>Big Data Infrastructure Administrator Senior;<\/li>\n\n\n\n<li>Senior Project Analyst;<\/li>\n\n\n\n<li>Cloud FinOps Senior\/Full;<\/li>\n\n\n\n<li>Requirements Senior Analyst;<\/li>\n\n\n\n<li>Senior Data Engineer;<\/li>\n\n\n\n<li>Project Manager;<\/li>\n\n\n\n<li>Senior Data Governance Analyst;<\/li>\n\n\n\n<li>Executive Recruiter;<\/li>\n\n\n\n<li>Data Quality Analyst Pl (Data Governance);<\/li>\n\n\n\n<li>Full Stack Analyst Pl;<\/li>\n\n\n\n<li>Full Back-End Developer;<\/li>\n\n\n\n<li>Programmer Analyst Full Stack Jr.<\/li>\n<\/ul>\n\n\n\n<h3 class=\"wp-block-heading\">How to apply<\/h3>\n\n\n\n<p>If you&#039;re interested in any of the positions advertised in the previous topic, to apply, you&#039;ll first need to participate in the selection process. To do so, click the following link, which is how you&#039;ll proceed:<\/p>\n\n\n\n<ul class=\"wp-block-list\">\n<li>Copy and paste the address <strong>https:\/\/jobs.quickin.io\/semantix\/pages\/carreiras<\/strong> in your browser;<\/li>\n\n\n\n<li>Click on I Want to Be Part of the Team!<\/li>\n<\/ul>\n\n\n\n<p>The second step is to find the desired role and carefully read all the company&#039;s requirements. If the professional profile matches your needs, click &quot;Apply&quot; and log in to the website.<\/p>\n\n\n\n<p>If this is your first time accessing this platform, don&#039;t worry. You can log in with your email, Facebook, or LinkedIn account.<\/p>\n\n\n\n<p><strong>See also: <a href=\"https:\/\/www.vagadeempregorj.com.br\/en\/foreign-jobs\/\">Internships, Marketing, Analysts and much more at Empresa Gringo<\/a><\/strong><\/p>\n\n\n\n<h2 class=\"wp-block-heading\">About Semantix<\/h2>\n\n\n\n<p>Founded in Brazil in 2010 and now operating in the United States, the company develops data-driven solutions for organizations that need to stay ahead of the curve using the latest technologies. They are a leader in big data, analytics, and artificial intelligence, developing innovative and disruptive solutions and big data integration platforms that enable the deployment of complete environments in minutes, from multi-cloud infrastructure to advanced business performance and comprehensive data management.<\/p>\n\n\n\n<p>Its products and services are transforming the day-to-day operations of companies through process optimization, increased profitability, and a high level of insight for making safer, data-driven decisions.<\/p>","protected":false},"excerpt":{"rendered":"<p>Atualizado em 12\/08\/2024 Os Empregos Semantix possuem muitas vantagens para o mercado de trabalho, visto que \u00e9 uma empresa brasileira de dados e intelig\u00eancia artificial e a primeira companhia de deep tech do Brasil a ser listada na NASDAQ na Bolsa de Valores de Nova York! Mas o mais importante, eles s\u00e3o feitos de gente!&hellip;&nbsp;<\/p>","protected":false},"author":16,"featured_media":36500,"comment_status":"closed","ping_status":"closed","sticky":false,"template":"","format":"standard","meta":{"neve_meta_sidebar":"","neve_meta_container":"","neve_meta_enable_content_width":"","neve_meta_content_width":0,"neve_meta_title_alignment":"","neve_meta_author_avatar":"","neve_post_elements_order":"","neve_meta_disable_header":"","neve_meta_disable_footer":"","neve_meta_disable_title":"","footnotes":""},"categories":[123],"tags":[608,721,211],"class_list":["post-36492","post","type-post","status-publish","format-standard","has-post-thumbnail","hentry","category-vagas-de-emprego-nacionais","tag-oportunidades","tag-semantix","tag-vagas-de-emprego"],"yoast_head":"<!-- This site is optimized with the Yoast SEO plugin v27.5 - https:\/\/yoast.com\/product\/yoast-seo-wordpress\/ -->\n<title>Analistas, Administradores, Programadores e mais na Empresa Semantix -<\/title>\n<meta name=\"description\" content=\"Veja em Vagas de Emprego RJ as vagas de emprego com e sem experi\u00eancia no seu Estado e Regi\u00e3o!\" \/>\n<meta name=\"robots\" content=\"index, follow, max-snippet:-1, max-image-preview:large, max-video-preview:-1\" \/>\n<link rel=\"canonical\" href=\"https:\/\/www.vagadeempregorj.com.br\/en\/semantix-jobs\/\" \/>\n<meta property=\"og:locale\" content=\"en_US\" \/>\n<meta property=\"og:type\" content=\"article\" \/>\n<meta property=\"og:title\" content=\"Analistas, Administradores, Programadores e mais na Empresa Semantix -\" \/>\n<meta property=\"og:description\" content=\"Veja em Vagas de Emprego RJ as vagas de emprego com e sem experi\u00eancia no seu Estado e Regi\u00e3o!\" \/>\n<meta property=\"og:url\" content=\"https:\/\/www.vagadeempregorj.com.br\/en\/semantix-jobs\/\" \/>\n<meta property=\"article:publisher\" content=\"https:\/\/www.facebook.com\/empregobrasiloficial\" \/>\n<meta property=\"article:published_time\" content=\"2023-11-01T06:03:00+00:00\" \/>\n<meta property=\"article:modified_time\" content=\"2024-08-12T21:03:09+00:00\" \/>\n<meta property=\"og:image\" content=\"https:\/\/www.vagadeempregorj.com.br\/wp-content\/uploads\/2022\/12\/empregos-semantix.png\" \/>\n\t<meta property=\"og:image:width\" content=\"300\" \/>\n\t<meta property=\"og:image:height\" content=\"300\" \/>\n\t<meta property=\"og:image:type\" content=\"image\/png\" \/>\n<meta name=\"author\" content=\"Michele\" \/>\n<meta name=\"twitter:card\" content=\"summary_large_image\" \/>\n<meta name=\"twitter:label1\" content=\"Written by\" \/>\n\t<meta name=\"twitter:data1\" content=\"Michele\" \/>\n\t<meta name=\"twitter:label2\" content=\"Est. reading time\" \/>\n\t<meta name=\"twitter:data2\" content=\"3 minutes\" \/>\n<script type=\"application\/ld+json\" class=\"yoast-schema-graph\">{\"@context\":\"https:\\\/\\\/schema.org\",\"@graph\":[{\"@type\":\"Article\",\"@id\":\"https:\\\/\\\/www.vagadeempregorj.com.br\\\/empregos-semantix\\\/#article\",\"isPartOf\":{\"@id\":\"https:\\\/\\\/www.vagadeempregorj.com.br\\\/empregos-semantix\\\/\"},\"author\":{\"name\":\"Michele\",\"@id\":\"https:\\\/\\\/www.vagadeempregorj.com.br\\\/#\\\/schema\\\/person\\\/3ddb19fa0539706786e502152f3aae95\"},\"headline\":\"Analistas, Administradores, Programadores e mais na Empresa Semantix\",\"datePublished\":\"2023-11-01T06:03:00+00:00\",\"dateModified\":\"2024-08-12T21:03:09+00:00\",\"mainEntityOfPage\":{\"@id\":\"https:\\\/\\\/www.vagadeempregorj.com.br\\\/empregos-semantix\\\/\"},\"wordCount\":604,\"image\":{\"@id\":\"https:\\\/\\\/www.vagadeempregorj.com.br\\\/empregos-semantix\\\/#primaryimage\"},\"thumbnailUrl\":\"https:\\\/\\\/www.vagadeempregorj.com.br\\\/wp-content\\\/uploads\\\/2022\\\/12\\\/empregos-semantix.png\",\"keywords\":[\"oportunidades\",\"Semantix\",\"vagas de emprego\"],\"articleSection\":[\"Vagas de Emprego Nacionais\"],\"inLanguage\":\"en-US\"},{\"@type\":\"WebPage\",\"@id\":\"https:\\\/\\\/www.vagadeempregorj.com.br\\\/empregos-semantix\\\/\",\"url\":\"https:\\\/\\\/www.vagadeempregorj.com.br\\\/empregos-semantix\\\/\",\"name\":\"Analistas, Administradores, Programadores e mais na Empresa Semantix -\",\"isPartOf\":{\"@id\":\"https:\\\/\\\/www.vagadeempregorj.com.br\\\/#website\"},\"primaryImageOfPage\":{\"@id\":\"https:\\\/\\\/www.vagadeempregorj.com.br\\\/empregos-semantix\\\/#primaryimage\"},\"image\":{\"@id\":\"https:\\\/\\\/www.vagadeempregorj.com.br\\\/empregos-semantix\\\/#primaryimage\"},\"thumbnailUrl\":\"https:\\\/\\\/www.vagadeempregorj.com.br\\\/wp-content\\\/uploads\\\/2022\\\/12\\\/empregos-semantix.png\",\"datePublished\":\"2023-11-01T06:03:00+00:00\",\"dateModified\":\"2024-08-12T21:03:09+00:00\",\"author\":{\"@id\":\"https:\\\/\\\/www.vagadeempregorj.com.br\\\/#\\\/schema\\\/person\\\/3ddb19fa0539706786e502152f3aae95\"},\"description\":\"Veja em Vagas de Emprego RJ as vagas de emprego com e sem experi\u00eancia no seu Estado e Regi\u00e3o!\",\"breadcrumb\":{\"@id\":\"https:\\\/\\\/www.vagadeempregorj.com.br\\\/empregos-semantix\\\/#breadcrumb\"},\"inLanguage\":\"en-US\",\"potentialAction\":[{\"@type\":\"ReadAction\",\"target\":[\"https:\\\/\\\/www.vagadeempregorj.com.br\\\/empregos-semantix\\\/\"]}]},{\"@type\":\"ImageObject\",\"inLanguage\":\"en-US\",\"@id\":\"https:\\\/\\\/www.vagadeempregorj.com.br\\\/empregos-semantix\\\/#primaryimage\",\"url\":\"https:\\\/\\\/www.vagadeempregorj.com.br\\\/wp-content\\\/uploads\\\/2022\\\/12\\\/empregos-semantix.png\",\"contentUrl\":\"https:\\\/\\\/www.vagadeempregorj.com.br\\\/wp-content\\\/uploads\\\/2022\\\/12\\\/empregos-semantix.png\",\"width\":300,\"height\":300,\"caption\":\"Imagem: Semantix - Reprodu\u00e7\u00e3o\"},{\"@type\":\"BreadcrumbList\",\"@id\":\"https:\\\/\\\/www.vagadeempregorj.com.br\\\/empregos-semantix\\\/#breadcrumb\",\"itemListElement\":[{\"@type\":\"ListItem\",\"position\":1,\"name\":\"In\u00edcio\",\"item\":\"https:\\\/\\\/www.vagadeempregorj.com.br\\\/\"},{\"@type\":\"ListItem\",\"position\":2,\"name\":\"Vagas de Emprego Nacionais\",\"item\":\"https:\\\/\\\/www.vagadeempregorj.com.br\\\/vagas-de-emprego-nacionais\\\/\"},{\"@type\":\"ListItem\",\"position\":3,\"name\":\"Analistas, Administradores, Programadores e mais na Empresa Semantix\"}]},{\"@type\":\"WebSite\",\"@id\":\"https:\\\/\\\/www.vagadeempregorj.com.br\\\/#website\",\"url\":\"https:\\\/\\\/www.vagadeempregorj.com.br\\\/\",\"name\":\"\",\"description\":\"Conquiste Sonhos: Vagas, Benef\u00edcios e Economia para Transformar Vidas e Alcan\u00e7ar Melhorias Cotidianas\",\"potentialAction\":[{\"@type\":\"SearchAction\",\"target\":{\"@type\":\"EntryPoint\",\"urlTemplate\":\"https:\\\/\\\/www.vagadeempregorj.com.br\\\/?s={search_term_string}\"},\"query-input\":{\"@type\":\"PropertyValueSpecification\",\"valueRequired\":true,\"valueName\":\"search_term_string\"}}],\"inLanguage\":\"en-US\"},{\"@type\":\"Person\",\"@id\":\"https:\\\/\\\/www.vagadeempregorj.com.br\\\/#\\\/schema\\\/person\\\/3ddb19fa0539706786e502152f3aae95\",\"name\":\"Michele\",\"image\":{\"@type\":\"ImageObject\",\"inLanguage\":\"en-US\",\"@id\":\"https:\\\/\\\/secure.gravatar.com\\\/avatar\\\/6b0eb9d22841282815e2cd856a0061c45e1761cd54b22e952d98c4746939aa85?s=96&r=g\",\"url\":\"https:\\\/\\\/secure.gravatar.com\\\/avatar\\\/6b0eb9d22841282815e2cd856a0061c45e1761cd54b22e952d98c4746939aa85?s=96&r=g\",\"contentUrl\":\"https:\\\/\\\/secure.gravatar.com\\\/avatar\\\/6b0eb9d22841282815e2cd856a0061c45e1761cd54b22e952d98c4746939aa85?s=96&r=g\",\"caption\":\"Michele\"},\"description\":\"Formada em Letras - Portugu\u00eas\\\/ Ingl\u00eas, e idealizadora do site Escritora de Sucesso, busca expandir o conhecimento de todos com informa\u00e7\u00f5es relevantes sobre diversos assuntos, enquanto redatora. No Vaga de Emprego RJ, traz oportunidades e dicas sobre o mercado de trabalho.\",\"url\":\"https:\\\/\\\/www.vagadeempregorj.com.br\\\/en\\\/author\\\/michele\\\/\"}]}<\/script>\n<!-- \/ Yoast SEO plugin. -->","yoast_head_json":{"title":"Analysts, Administrators, Programmers and more at Semantix Company -","description":"Check out Job Vacancies in RJ for job openings with and without experience in your state and region!","robots":{"index":"index","follow":"follow","max-snippet":"max-snippet:-1","max-image-preview":"max-image-preview:large","max-video-preview":"max-video-preview:-1"},"canonical":"https:\/\/www.vagadeempregorj.com.br\/en\/semantix-jobs\/","og_locale":"en_US","og_type":"article","og_title":"Analistas, Administradores, Programadores e mais na Empresa Semantix -","og_description":"Veja em Vagas de Emprego RJ as vagas de emprego com e sem experi\u00eancia no seu Estado e Regi\u00e3o!","og_url":"https:\/\/www.vagadeempregorj.com.br\/en\/semantix-jobs\/","article_publisher":"https:\/\/www.facebook.com\/empregobrasiloficial","article_published_time":"2023-11-01T06:03:00+00:00","article_modified_time":"2024-08-12T21:03:09+00:00","og_image":[{"width":300,"height":300,"url":"https:\/\/www.vagadeempregorj.com.br\/wp-content\/uploads\/2022\/12\/empregos-semantix.png","type":"image\/png"}],"author":"Michele","twitter_card":"summary_large_image","twitter_misc":{"Written by":"Michele","Est. reading time":"3 minutes"},"schema":{"@context":"https:\/\/schema.org","@graph":[{"@type":"Article","@id":"https:\/\/www.vagadeempregorj.com.br\/empregos-semantix\/#article","isPartOf":{"@id":"https:\/\/www.vagadeempregorj.com.br\/empregos-semantix\/"},"author":{"name":"Michele","@id":"https:\/\/www.vagadeempregorj.com.br\/#\/schema\/person\/3ddb19fa0539706786e502152f3aae95"},"headline":"Analistas, Administradores, Programadores e mais na Empresa Semantix","datePublished":"2023-11-01T06:03:00+00:00","dateModified":"2024-08-12T21:03:09+00:00","mainEntityOfPage":{"@id":"https:\/\/www.vagadeempregorj.com.br\/empregos-semantix\/"},"wordCount":604,"image":{"@id":"https:\/\/www.vagadeempregorj.com.br\/empregos-semantix\/#primaryimage"},"thumbnailUrl":"https:\/\/www.vagadeempregorj.com.br\/wp-content\/uploads\/2022\/12\/empregos-semantix.png","keywords":["oportunidades","Semantix","vagas de emprego"],"articleSection":["Vagas de Emprego Nacionais"],"inLanguage":"en-US"},{"@type":"WebPage","@id":"https:\/\/www.vagadeempregorj.com.br\/empregos-semantix\/","url":"https:\/\/www.vagadeempregorj.com.br\/empregos-semantix\/","name":"Analysts, Administrators, Programmers and more at Semantix Company -","isPartOf":{"@id":"https:\/\/www.vagadeempregorj.com.br\/#website"},"primaryImageOfPage":{"@id":"https:\/\/www.vagadeempregorj.com.br\/empregos-semantix\/#primaryimage"},"image":{"@id":"https:\/\/www.vagadeempregorj.com.br\/empregos-semantix\/#primaryimage"},"thumbnailUrl":"https:\/\/www.vagadeempregorj.com.br\/wp-content\/uploads\/2022\/12\/empregos-semantix.png","datePublished":"2023-11-01T06:03:00+00:00","dateModified":"2024-08-12T21:03:09+00:00","author":{"@id":"https:\/\/www.vagadeempregorj.com.br\/#\/schema\/person\/3ddb19fa0539706786e502152f3aae95"},"description":"Check out Job Vacancies in RJ for job openings with and without experience in your state and region!","breadcrumb":{"@id":"https:\/\/www.vagadeempregorj.com.br\/empregos-semantix\/#breadcrumb"},"inLanguage":"en-US","potentialAction":[{"@type":"ReadAction","target":["https:\/\/www.vagadeempregorj.com.br\/empregos-semantix\/"]}]},{"@type":"ImageObject","inLanguage":"en-US","@id":"https:\/\/www.vagadeempregorj.com.br\/empregos-semantix\/#primaryimage","url":"https:\/\/www.vagadeempregorj.com.br\/wp-content\/uploads\/2022\/12\/empregos-semantix.png","contentUrl":"https:\/\/www.vagadeempregorj.com.br\/wp-content\/uploads\/2022\/12\/empregos-semantix.png","width":300,"height":300,"caption":"Imagem: Semantix - Reprodu\u00e7\u00e3o"},{"@type":"BreadcrumbList","@id":"https:\/\/www.vagadeempregorj.com.br\/empregos-semantix\/#breadcrumb","itemListElement":[{"@type":"ListItem","position":1,"name":"In\u00edcio","item":"https:\/\/www.vagadeempregorj.com.br\/"},{"@type":"ListItem","position":2,"name":"Vagas de Emprego Nacionais","item":"https:\/\/www.vagadeempregorj.com.br\/vagas-de-emprego-nacionais\/"},{"@type":"ListItem","position":3,"name":"Analistas, Administradores, Programadores e mais na Empresa Semantix"}]},{"@type":"WebSite","@id":"https:\/\/www.vagadeempregorj.com.br\/#website","url":"https:\/\/www.vagadeempregorj.com.br\/","name":"","description":"Achieve Dreams: Jobs, Benefits, and Savings to Transform Lives and Achieve Everyday Improvements","potentialAction":[{"@type":"SearchAction","target":{"@type":"EntryPoint","urlTemplate":"https:\/\/www.vagadeempregorj.com.br\/?s={search_term_string}"},"query-input":{"@type":"PropertyValueSpecification","valueRequired":true,"valueName":"search_term_string"}}],"inLanguage":"en-US"},{"@type":"Person","@id":"https:\/\/www.vagadeempregorj.com.br\/#\/schema\/person\/3ddb19fa0539706786e502152f3aae95","name":"Michele","image":{"@type":"ImageObject","inLanguage":"en-US","@id":"https:\/\/secure.gravatar.com\/avatar\/6b0eb9d22841282815e2cd856a0061c45e1761cd54b22e952d98c4746939aa85?s=96&r=g","url":"https:\/\/secure.gravatar.com\/avatar\/6b0eb9d22841282815e2cd856a0061c45e1761cd54b22e952d98c4746939aa85?s=96&r=g","contentUrl":"https:\/\/secure.gravatar.com\/avatar\/6b0eb9d22841282815e2cd856a0061c45e1761cd54b22e952d98c4746939aa85?s=96&r=g","caption":"Michele"},"description":"With a degree in Literature (Portuguese\/English), and the creator of the website Escritora de Sucesso, she works as a writer to expand everyone&#039;s knowledge with relevant information on a variety of topics. At Vaga de Emprego RJ, she provides opportunities and tips on the job market.","url":"https:\/\/www.vagadeempregorj.com.br\/en\/author\/michele\/"}]}},"_links":{"self":[{"href":"https:\/\/www.vagadeempregorj.com.br\/en\/wp-json\/wp\/v2\/posts\/36492","targetHints":{"allow":["GET"]}}],"collection":[{"href":"https:\/\/www.vagadeempregorj.com.br\/en\/wp-json\/wp\/v2\/posts"}],"about":[{"href":"https:\/\/www.vagadeempregorj.com.br\/en\/wp-json\/wp\/v2\/types\/post"}],"author":[{"embeddable":true,"href":"https:\/\/www.vagadeempregorj.com.br\/en\/wp-json\/wp\/v2\/users\/16"}],"replies":[{"embeddable":true,"href":"https:\/\/www.vagadeempregorj.com.br\/en\/wp-json\/wp\/v2\/comments?post=36492"}],"version-history":[{"count":0,"href":"https:\/\/www.vagadeempregorj.com.br\/en\/wp-json\/wp\/v2\/posts\/36492\/revisions"}],"wp:featuredmedia":[{"embeddable":true,"href":"https:\/\/www.vagadeempregorj.com.br\/en\/wp-json\/wp\/v2\/media\/36500"}],"wp:attachment":[{"href":"https:\/\/www.vagadeempregorj.com.br\/en\/wp-json\/wp\/v2\/media?parent=36492"}],"wp:term":[{"taxonomy":"category","embeddable":true,"href":"https:\/\/www.vagadeempregorj.com.br\/en\/wp-json\/wp\/v2\/categories?post=36492"},{"taxonomy":"post_tag","embeddable":true,"href":"https:\/\/www.vagadeempregorj.com.br\/en\/wp-json\/wp\/v2\/tags?post=36492"}],"curies":[{"name":"wp","href":"https:\/\/api.w.org\/{rel}","templated":true}]}}