{"id":39018,"date":"2023-09-20T00:01:00","date_gmt":"2023-09-20T03:01:00","guid":{"rendered":"https:\/\/www.vagadeempregorj.com.br\/?p=39018"},"modified":"2023-09-19T00:31:08","modified_gmt":"2023-09-19T03:31:08","slug":"new-aid-approved-more-than-r1300-for-those-with-income-less-than-five-minimum-wages","status":"publish","type":"post","link":"https:\/\/www.vagadeempregorj.com.br\/en\/novo-auxilio-aprovado-mais-de-r1300-para-quem-tem-renda-menor-que-cinco-salarios\/","title":{"rendered":"New Aid APPROVED: More than R$1,141,300 for those with income less than five minimum wages."},"content":{"rendered":"<p>On Monday, the 18th, the Chamber of Deputies approved a bill proposing an innovative financial aid program for low-income families. This initiative represents a ray of hope for many individuals facing insurmountable difficulties.<\/p>\n\n\n\n<h2 class=\"wp-block-heading\">The Bill that Establishes a Renewed Aid<\/h2>\n\n\n\n<p>Bill 5180\/20, known as the legislative proposal in question, aims to provide financial assistance, in up to five installments, each with a ceiling of one minimum wage (R$ 1,320), to families earning up to five minimum wages who have been affected by natural disasters or periods of drought.<\/p>\n\n\n\n<p>Representative Alceu Moreira (MDB-RS), author of the project adaptation, emphasized the relevance of this new aid. He argued that this measure represents a significant advance in supporting family farmers, whose livelihoods are frequently threatened by long periods of drought.<\/p>\n\n\n\n<figure class=\"wp-block-image size-large\"><img loading=\"lazy\" decoding=\"async\" width=\"1024\" height=\"682\" src=\"https:\/\/www.vagadeempregorj.com.br\/wp-content\/uploads\/2023\/09\/image-5-1024x682.png\" alt=\"\" class=\"wp-image-39019\" srcset=\"https:\/\/www.vagadeempregorj.com.br\/wp-content\/uploads\/2023\/09\/image-5-1024x682.png 1024w, https:\/\/www.vagadeempregorj.com.br\/wp-content\/uploads\/2023\/09\/image-5-300x200.png 300w, https:\/\/www.vagadeempregorj.com.br\/wp-content\/uploads\/2023\/09\/image-5-768x512.png 768w, https:\/\/www.vagadeempregorj.com.br\/wp-content\/uploads\/2023\/09\/image-5-150x100.png 150w, https:\/\/www.vagadeempregorj.com.br\/wp-content\/uploads\/2023\/09\/image-5.png 1280w\" sizes=\"auto, (max-width: 1024px) 100vw, 1024px\" \/><\/figure>\n\n\n\n<h2 class=\"wp-block-heading\">Project Context<\/h2>\n\n\n\n<p>The original proposal, drafted by former congressman Celso Maldaner, aimed to help family farmers affected by droughts, granting up to three installments, each equivalent to a minimum wage. As Maldaner noted: <strong>\u201c&quot;The idea is to ensure that small producers are able to support their families in a dignified manner when they are unable to carry out their main economic activity.&quot;.<\/strong><\/p>\n\n\n\n<p>This bill is an extension of Law 10.954\/04, which established emergency aid for the population of municipalities in a state of public calamity or emergency.<\/p>\n\n\n\n<h2 class=\"wp-block-heading\">Regulation and Implementation<\/h2>\n\n\n\n<p>According to the draft text, the details of the benefit will be defined through an ordinance from the Ministry of Integration and Regional Development, based on guidelines established by a management committee. The resources needed for the payments will be allocated in the ministry&#039;s budget.<\/p>\n\n\n\n<h2 class=\"wp-block-heading\">Project Process<\/h2>\n\n\n\n<p>The bill will follow a conclusive process and will be reviewed by the Finance and Taxation Committee, as well as the Constitution, Justice and Citizenship Committee. If approved by all committees, the bill will be sent to the President for approval.<\/p>\n\n\n\n<p>This legislative proposal represents real hope for low-income families struggling to survive amidst natural disasters. The Chamber of Deputies plays a vital role in protecting the rights of these families by offering new assistance to address their financial challenges.<\/p>\n\n\n\n<p>The approval of this project will not only help families in need, but will also contribute to the food security of local communities. It is an important step towards ensuring that no one is neglected in times of crisis.<\/p>\n\n\n\n<h2 class=\"wp-block-heading\">Regarding Bill 5180\/20<\/h2>\n\n\n\n<p>Bill 5180\/20 proposes authorizing the Executive Branch to implement financial aid for family farmers facing hardship due to drought. This bill is currently under review in the Chamber of Deputies.<\/p>\n\n\n\n<p>According to the proposal, to be eligible for financial assistance, the family farmer must reside in a municipality declared to be in a state of emergency or public calamity due to drought. Alternatively, farmers living in a region of Santa Catarina affected by drought since 2019 are also eligible. Furthermore, the average monthly family income cannot exceed five minimum wages.<\/p>\n\n\n\n<p>Additionally, the beneficiary must be registered in the Single Registry for Social Programs of the Federal Government (Cad\u00danico), possess the Declaration of Eligibility for the National Program for Strengthening Family Farming (Pronaf), and not receive any federal social security, welfare, or income transfer benefits, with the exception of Bolsa Fam\u00edlia.<\/p>\n\n\n\n<p>The author of the proposal, former congressman Celso Maldaner (MDB-SC), explained that this benefit aims to guarantee the livelihood of small rural producers and their families during times when they are prevented from carrying out their main professional and economic activity.<\/p>\n\n\n\n<h2 class=\"wp-block-heading\">How does the Drought Relief Program help families?<\/h2>\n\n\n\n<p>Drought Relief is a financial assistance program aimed at helping families affected by drought and facing economic hardship as a result. This type of aid is important and beneficial in several ways:<\/p>\n\n\n\n<h3 class=\"wp-block-heading\">Financial Relief<\/h3>\n\n\n\n<p>The Drought Relief Program provides immediate financial relief to families suffering from drought. It provides financial resources that can be used to purchase food, water, medicine, and other essential items, helping to mitigate the impacts of resource scarcity caused by lack of rain.<\/p>\n\n\n\n<h3 class=\"wp-block-heading\">Family Support<\/h3>\n\n\n\n<p>For many family farmers who depend on agricultural production, drought can mean the loss of their main source of income. This aid allows these families to maintain the livelihood of their members, ensuring food on the table and meeting basic needs.<\/p>\n\n\n\n<h3 class=\"wp-block-heading\">Prevention of Extreme Poverty<\/h3>\n\n\n\n<p>Drought can push families into extreme poverty, making them unable to meet their basic needs. Drought Relief helps prevent families from falling into precarious and desperate situations, contributing to the maintenance of a minimum level of dignity.<\/p>\n\n\n\n<h3 class=\"wp-block-heading\">Maintaining Agricultural Production<\/h3>\n\n\n\n<p>For farmers, financial assistance can be crucial to maintaining agricultural operations during a drought. This may involve the purchase of inputs, such as seeds and fertilizers, or investments in water conservation methods.<\/p>\n\n\n\n<h3 class=\"wp-block-heading\">Stimulating the Local Economy<\/h3>\n\n\n\n<p>Drought Relief can also have a positive impact on the local economy. By injecting financial resources into drought-stricken areas, the program can help maintain economic activity and prevent a further decline in rural communities.<\/p>\n\n\n\n<h3 class=\"wp-block-heading\">Reducing Rural Exodus<\/h3>\n\n\n\n<p>In situations of prolonged drought, families may be forced to leave their land and seek livelihoods in urban areas. Assistance can help reduce rural exodus, allowing people to remain in their communities and continue cultivating the land when weather conditions improve.<\/p>\n\n\n\n<p>In summary, Drought Relief plays a crucial role in supporting families facing the challenges of drought, providing necessary financial resources for their livelihoods and contributing to the economic stability of affected communities.<\/p>\n\n\n\n<p><strong>See also: <a href=\"https:\/\/www.vagadeempregorj.com.br\/en\/how-to-get-service-through-smiling-brazil-find-out-here\/\">How can I get assistance through Brasil Sorridente? Learn more here.<\/a><\/strong><\/p>\n\n\n\n<p>September 20, 2023<\/p>","protected":false},"excerpt":{"rendered":"<p>Aprovou-se na C\u00e2mara dos Deputados, no dia 18, desta segunda-feira, um projeto de lei que prop\u00f5e um aux\u00edlio financeiro inovador destinado \u00e0s fam\u00edlias de baixa renda. Essa iniciativa representa uma luz de esperan\u00e7a para muitos indiv\u00edduos que enfrentam dificuldades intranspon\u00edveis. O Projeto de Lei que Institui um Aux\u00edlio Renovado O Projeto de Lei 5180\/20, conhecido&hellip;&nbsp;<\/p>","protected":false},"author":16,"featured_media":39019,"comment_status":"closed","ping_status":"closed","sticky":false,"template":"","format":"standard","meta":{"neve_meta_sidebar":"","neve_meta_container":"","neve_meta_enable_content_width":"","neve_meta_content_width":0,"neve_meta_title_alignment":"","neve_meta_author_avatar":"","neve_post_elements_order":"","neve_meta_disable_header":"","neve_meta_disable_footer":"","neve_meta_disable_title":"","footnotes":""},"categories":[1],"tags":[827,826,825],"class_list":["post-39018","post","type-post","status-publish","format-standard","has-post-thumbnail","hentry","category-beneficios-sociais","tag-aprovado-novo-auxilio","tag-auxilio-brasil-projeto","tag-novo-auxilio-brasil"],"yoast_head":"<!-- This site is optimized with the Yoast SEO plugin v27.5 - https:\/\/yoast.com\/product\/yoast-seo-wordpress\/ -->\n<title>Novo Aux\u00edlio APROVADO: Mais de R$1300 para quem tem renda menor que cinco sal\u00e1rios -<\/title>\n<meta name=\"description\" content=\"Veja em Vagas de Emprego RJ as vagas de emprego com e sem experi\u00eancia no seu Estado e Regi\u00e3o!\" \/>\n<meta name=\"robots\" content=\"index, follow, max-snippet:-1, max-image-preview:large, max-video-preview:-1\" \/>\n<link rel=\"canonical\" href=\"https:\/\/www.vagadeempregorj.com.br\/en\/new-aid-approved-more-than-r1300-for-those-with-income-less-than-five-minimum-wages\/\" \/>\n<meta property=\"og:locale\" content=\"en_US\" \/>\n<meta property=\"og:type\" content=\"article\" \/>\n<meta property=\"og:title\" content=\"Novo Aux\u00edlio APROVADO: Mais de R$1300 para quem tem renda menor que cinco sal\u00e1rios -\" \/>\n<meta property=\"og:description\" content=\"Veja em Vagas de Emprego RJ as vagas de emprego com e sem experi\u00eancia no seu Estado e Regi\u00e3o!\" \/>\n<meta property=\"og:url\" content=\"https:\/\/www.vagadeempregorj.com.br\/en\/new-aid-approved-more-than-r1300-for-those-with-income-less-than-five-minimum-wages\/\" \/>\n<meta property=\"article:publisher\" content=\"https:\/\/www.facebook.com\/empregobrasiloficial\" \/>\n<meta property=\"article:published_time\" content=\"2023-09-20T03:01:00+00:00\" \/>\n<meta property=\"og:image\" content=\"https:\/\/www.vagadeempregorj.com.br\/wp-content\/uploads\/2023\/09\/image-5.png\" \/>\n\t<meta property=\"og:image:width\" content=\"1280\" \/>\n\t<meta property=\"og:image:height\" content=\"853\" \/>\n\t<meta property=\"og:image:type\" content=\"image\/png\" \/>\n<meta name=\"author\" content=\"Michele\" \/>\n<meta name=\"twitter:card\" content=\"summary_large_image\" \/>\n<meta name=\"twitter:label1\" content=\"Written by\" \/>\n\t<meta name=\"twitter:data1\" content=\"Michele\" \/>\n\t<meta name=\"twitter:label2\" content=\"Est. reading time\" \/>\n\t<meta name=\"twitter:data2\" content=\"6 minutes\" \/>\n<script type=\"application\/ld+json\" class=\"yoast-schema-graph\">{\"@context\":\"https:\\\/\\\/schema.org\",\"@graph\":[{\"@type\":\"Article\",\"@id\":\"https:\\\/\\\/www.vagadeempregorj.com.br\\\/novo-auxilio-aprovado-mais-de-r1300-para-quem-tem-renda-menor-que-cinco-salarios\\\/#article\",\"isPartOf\":{\"@id\":\"https:\\\/\\\/www.vagadeempregorj.com.br\\\/novo-auxilio-aprovado-mais-de-r1300-para-quem-tem-renda-menor-que-cinco-salarios\\\/\"},\"author\":{\"name\":\"Michele\",\"@id\":\"https:\\\/\\\/www.vagadeempregorj.com.br\\\/#\\\/schema\\\/person\\\/3ddb19fa0539706786e502152f3aae95\"},\"headline\":\"Novo Aux\u00edlio APROVADO: Mais de R$1300 para quem tem renda menor que cinco sal\u00e1rios\",\"datePublished\":\"2023-09-20T03:01:00+00:00\",\"mainEntityOfPage\":{\"@id\":\"https:\\\/\\\/www.vagadeempregorj.com.br\\\/novo-auxilio-aprovado-mais-de-r1300-para-quem-tem-renda-menor-que-cinco-salarios\\\/\"},\"wordCount\":1128,\"image\":{\"@id\":\"https:\\\/\\\/www.vagadeempregorj.com.br\\\/novo-auxilio-aprovado-mais-de-r1300-para-quem-tem-renda-menor-que-cinco-salarios\\\/#primaryimage\"},\"thumbnailUrl\":\"https:\\\/\\\/www.vagadeempregorj.com.br\\\/wp-content\\\/uploads\\\/2023\\\/09\\\/image-5.png\",\"keywords\":[\"Aprovado novo Aux\u00edlio\",\"Aux\u00edlio Brasil projeto\",\"novo aux\u00edlio Brasil\"],\"articleSection\":[\"Benef\u00edcios Sociais\"],\"inLanguage\":\"en-US\"},{\"@type\":\"WebPage\",\"@id\":\"https:\\\/\\\/www.vagadeempregorj.com.br\\\/novo-auxilio-aprovado-mais-de-r1300-para-quem-tem-renda-menor-que-cinco-salarios\\\/\",\"url\":\"https:\\\/\\\/www.vagadeempregorj.com.br\\\/novo-auxilio-aprovado-mais-de-r1300-para-quem-tem-renda-menor-que-cinco-salarios\\\/\",\"name\":\"Novo Aux\u00edlio APROVADO: Mais de R$1300 para quem tem renda menor que cinco sal\u00e1rios -\",\"isPartOf\":{\"@id\":\"https:\\\/\\\/www.vagadeempregorj.com.br\\\/#website\"},\"primaryImageOfPage\":{\"@id\":\"https:\\\/\\\/www.vagadeempregorj.com.br\\\/novo-auxilio-aprovado-mais-de-r1300-para-quem-tem-renda-menor-que-cinco-salarios\\\/#primaryimage\"},\"image\":{\"@id\":\"https:\\\/\\\/www.vagadeempregorj.com.br\\\/novo-auxilio-aprovado-mais-de-r1300-para-quem-tem-renda-menor-que-cinco-salarios\\\/#primaryimage\"},\"thumbnailUrl\":\"https:\\\/\\\/www.vagadeempregorj.com.br\\\/wp-content\\\/uploads\\\/2023\\\/09\\\/image-5.png\",\"datePublished\":\"2023-09-20T03:01:00+00:00\",\"author\":{\"@id\":\"https:\\\/\\\/www.vagadeempregorj.com.br\\\/#\\\/schema\\\/person\\\/3ddb19fa0539706786e502152f3aae95\"},\"description\":\"Veja em Vagas de Emprego RJ as vagas de emprego com e sem experi\u00eancia no seu Estado e Regi\u00e3o!\",\"breadcrumb\":{\"@id\":\"https:\\\/\\\/www.vagadeempregorj.com.br\\\/novo-auxilio-aprovado-mais-de-r1300-para-quem-tem-renda-menor-que-cinco-salarios\\\/#breadcrumb\"},\"inLanguage\":\"en-US\",\"potentialAction\":[{\"@type\":\"ReadAction\",\"target\":[\"https:\\\/\\\/www.vagadeempregorj.com.br\\\/novo-auxilio-aprovado-mais-de-r1300-para-quem-tem-renda-menor-que-cinco-salarios\\\/\"]}]},{\"@type\":\"ImageObject\",\"inLanguage\":\"en-US\",\"@id\":\"https:\\\/\\\/www.vagadeempregorj.com.br\\\/novo-auxilio-aprovado-mais-de-r1300-para-quem-tem-renda-menor-que-cinco-salarios\\\/#primaryimage\",\"url\":\"https:\\\/\\\/www.vagadeempregorj.com.br\\\/wp-content\\\/uploads\\\/2023\\\/09\\\/image-5.png\",\"contentUrl\":\"https:\\\/\\\/www.vagadeempregorj.com.br\\\/wp-content\\\/uploads\\\/2023\\\/09\\\/image-5.png\",\"width\":1280,\"height\":853},{\"@type\":\"BreadcrumbList\",\"@id\":\"https:\\\/\\\/www.vagadeempregorj.com.br\\\/novo-auxilio-aprovado-mais-de-r1300-para-quem-tem-renda-menor-que-cinco-salarios\\\/#breadcrumb\",\"itemListElement\":[{\"@type\":\"ListItem\",\"position\":1,\"name\":\"In\u00edcio\",\"item\":\"https:\\\/\\\/www.vagadeempregorj.com.br\\\/\"},{\"@type\":\"ListItem\",\"position\":2,\"name\":\"Benef\u00edcios Sociais\",\"item\":\"https:\\\/\\\/www.vagadeempregorj.com.br\\\/beneficios-sociais\\\/\"},{\"@type\":\"ListItem\",\"position\":3,\"name\":\"Novo Aux\u00edlio APROVADO: Mais de R$1300 para quem tem renda menor que cinco sal\u00e1rios\"}]},{\"@type\":\"WebSite\",\"@id\":\"https:\\\/\\\/www.vagadeempregorj.com.br\\\/#website\",\"url\":\"https:\\\/\\\/www.vagadeempregorj.com.br\\\/\",\"name\":\"\",\"description\":\"Conquiste Sonhos: Vagas, Benef\u00edcios e Economia para Transformar Vidas e Alcan\u00e7ar Melhorias Cotidianas\",\"potentialAction\":[{\"@type\":\"SearchAction\",\"target\":{\"@type\":\"EntryPoint\",\"urlTemplate\":\"https:\\\/\\\/www.vagadeempregorj.com.br\\\/?s={search_term_string}\"},\"query-input\":{\"@type\":\"PropertyValueSpecification\",\"valueRequired\":true,\"valueName\":\"search_term_string\"}}],\"inLanguage\":\"en-US\"},{\"@type\":\"Person\",\"@id\":\"https:\\\/\\\/www.vagadeempregorj.com.br\\\/#\\\/schema\\\/person\\\/3ddb19fa0539706786e502152f3aae95\",\"name\":\"Michele\",\"image\":{\"@type\":\"ImageObject\",\"inLanguage\":\"en-US\",\"@id\":\"https:\\\/\\\/secure.gravatar.com\\\/avatar\\\/6b0eb9d22841282815e2cd856a0061c45e1761cd54b22e952d98c4746939aa85?s=96&r=g\",\"url\":\"https:\\\/\\\/secure.gravatar.com\\\/avatar\\\/6b0eb9d22841282815e2cd856a0061c45e1761cd54b22e952d98c4746939aa85?s=96&r=g\",\"contentUrl\":\"https:\\\/\\\/secure.gravatar.com\\\/avatar\\\/6b0eb9d22841282815e2cd856a0061c45e1761cd54b22e952d98c4746939aa85?s=96&r=g\",\"caption\":\"Michele\"},\"description\":\"Formada em Letras - Portugu\u00eas\\\/ Ingl\u00eas, e idealizadora do site Escritora de Sucesso, busca expandir o conhecimento de todos com informa\u00e7\u00f5es relevantes sobre diversos assuntos, enquanto redatora. No Vaga de Emprego RJ, traz oportunidades e dicas sobre o mercado de trabalho.\",\"url\":\"https:\\\/\\\/www.vagadeempregorj.com.br\\\/en\\\/author\\\/michele\\\/\"}]}<\/script>\n<!-- \/ Yoast SEO plugin. -->","yoast_head_json":{"title":"New Aid APPROVED: More than R$1,141,300 for those with income less than five minimum wages -","description":"Check out Job Vacancies in RJ for job openings with and without experience in your state and region!","robots":{"index":"index","follow":"follow","max-snippet":"max-snippet:-1","max-image-preview":"max-image-preview:large","max-video-preview":"max-video-preview:-1"},"canonical":"https:\/\/www.vagadeempregorj.com.br\/en\/new-aid-approved-more-than-r1300-for-those-with-income-less-than-five-minimum-wages\/","og_locale":"en_US","og_type":"article","og_title":"Novo Aux\u00edlio APROVADO: Mais de R$1300 para quem tem renda menor que cinco sal\u00e1rios -","og_description":"Veja em Vagas de Emprego RJ as vagas de emprego com e sem experi\u00eancia no seu Estado e Regi\u00e3o!","og_url":"https:\/\/www.vagadeempregorj.com.br\/en\/new-aid-approved-more-than-r1300-for-those-with-income-less-than-five-minimum-wages\/","article_publisher":"https:\/\/www.facebook.com\/empregobrasiloficial","article_published_time":"2023-09-20T03:01:00+00:00","og_image":[{"width":1280,"height":853,"url":"https:\/\/www.vagadeempregorj.com.br\/wp-content\/uploads\/2023\/09\/image-5.png","type":"image\/png"}],"author":"Michele","twitter_card":"summary_large_image","twitter_misc":{"Written by":"Michele","Est. reading time":"6 minutes"},"schema":{"@context":"https:\/\/schema.org","@graph":[{"@type":"Article","@id":"https:\/\/www.vagadeempregorj.com.br\/novo-auxilio-aprovado-mais-de-r1300-para-quem-tem-renda-menor-que-cinco-salarios\/#article","isPartOf":{"@id":"https:\/\/www.vagadeempregorj.com.br\/novo-auxilio-aprovado-mais-de-r1300-para-quem-tem-renda-menor-que-cinco-salarios\/"},"author":{"name":"Michele","@id":"https:\/\/www.vagadeempregorj.com.br\/#\/schema\/person\/3ddb19fa0539706786e502152f3aae95"},"headline":"Novo Aux\u00edlio APROVADO: Mais de R$1300 para quem tem renda menor que cinco sal\u00e1rios","datePublished":"2023-09-20T03:01:00+00:00","mainEntityOfPage":{"@id":"https:\/\/www.vagadeempregorj.com.br\/novo-auxilio-aprovado-mais-de-r1300-para-quem-tem-renda-menor-que-cinco-salarios\/"},"wordCount":1128,"image":{"@id":"https:\/\/www.vagadeempregorj.com.br\/novo-auxilio-aprovado-mais-de-r1300-para-quem-tem-renda-menor-que-cinco-salarios\/#primaryimage"},"thumbnailUrl":"https:\/\/www.vagadeempregorj.com.br\/wp-content\/uploads\/2023\/09\/image-5.png","keywords":["Aprovado novo Aux\u00edlio","Aux\u00edlio Brasil projeto","novo aux\u00edlio Brasil"],"articleSection":["Benef\u00edcios Sociais"],"inLanguage":"en-US"},{"@type":"WebPage","@id":"https:\/\/www.vagadeempregorj.com.br\/novo-auxilio-aprovado-mais-de-r1300-para-quem-tem-renda-menor-que-cinco-salarios\/","url":"https:\/\/www.vagadeempregorj.com.br\/novo-auxilio-aprovado-mais-de-r1300-para-quem-tem-renda-menor-que-cinco-salarios\/","name":"New Aid APPROVED: More than R$1,141,300 for those with income less than five minimum wages -","isPartOf":{"@id":"https:\/\/www.vagadeempregorj.com.br\/#website"},"primaryImageOfPage":{"@id":"https:\/\/www.vagadeempregorj.com.br\/novo-auxilio-aprovado-mais-de-r1300-para-quem-tem-renda-menor-que-cinco-salarios\/#primaryimage"},"image":{"@id":"https:\/\/www.vagadeempregorj.com.br\/novo-auxilio-aprovado-mais-de-r1300-para-quem-tem-renda-menor-que-cinco-salarios\/#primaryimage"},"thumbnailUrl":"https:\/\/www.vagadeempregorj.com.br\/wp-content\/uploads\/2023\/09\/image-5.png","datePublished":"2023-09-20T03:01:00+00:00","author":{"@id":"https:\/\/www.vagadeempregorj.com.br\/#\/schema\/person\/3ddb19fa0539706786e502152f3aae95"},"description":"Check out Job Vacancies in RJ for job openings with and without experience in your state and region!","breadcrumb":{"@id":"https:\/\/www.vagadeempregorj.com.br\/novo-auxilio-aprovado-mais-de-r1300-para-quem-tem-renda-menor-que-cinco-salarios\/#breadcrumb"},"inLanguage":"en-US","potentialAction":[{"@type":"ReadAction","target":["https:\/\/www.vagadeempregorj.com.br\/novo-auxilio-aprovado-mais-de-r1300-para-quem-tem-renda-menor-que-cinco-salarios\/"]}]},{"@type":"ImageObject","inLanguage":"en-US","@id":"https:\/\/www.vagadeempregorj.com.br\/novo-auxilio-aprovado-mais-de-r1300-para-quem-tem-renda-menor-que-cinco-salarios\/#primaryimage","url":"https:\/\/www.vagadeempregorj.com.br\/wp-content\/uploads\/2023\/09\/image-5.png","contentUrl":"https:\/\/www.vagadeempregorj.com.br\/wp-content\/uploads\/2023\/09\/image-5.png","width":1280,"height":853},{"@type":"BreadcrumbList","@id":"https:\/\/www.vagadeempregorj.com.br\/novo-auxilio-aprovado-mais-de-r1300-para-quem-tem-renda-menor-que-cinco-salarios\/#breadcrumb","itemListElement":[{"@type":"ListItem","position":1,"name":"In\u00edcio","item":"https:\/\/www.vagadeempregorj.com.br\/"},{"@type":"ListItem","position":2,"name":"Benef\u00edcios Sociais","item":"https:\/\/www.vagadeempregorj.com.br\/beneficios-sociais\/"},{"@type":"ListItem","position":3,"name":"Novo Aux\u00edlio APROVADO: Mais de R$1300 para quem tem renda menor que cinco sal\u00e1rios"}]},{"@type":"WebSite","@id":"https:\/\/www.vagadeempregorj.com.br\/#website","url":"https:\/\/www.vagadeempregorj.com.br\/","name":"","description":"Achieve Dreams: Jobs, Benefits, and Savings to Transform Lives and Achieve Everyday Improvements","potentialAction":[{"@type":"SearchAction","target":{"@type":"EntryPoint","urlTemplate":"https:\/\/www.vagadeempregorj.com.br\/?s={search_term_string}"},"query-input":{"@type":"PropertyValueSpecification","valueRequired":true,"valueName":"search_term_string"}}],"inLanguage":"en-US"},{"@type":"Person","@id":"https:\/\/www.vagadeempregorj.com.br\/#\/schema\/person\/3ddb19fa0539706786e502152f3aae95","name":"Michele","image":{"@type":"ImageObject","inLanguage":"en-US","@id":"https:\/\/secure.gravatar.com\/avatar\/6b0eb9d22841282815e2cd856a0061c45e1761cd54b22e952d98c4746939aa85?s=96&r=g","url":"https:\/\/secure.gravatar.com\/avatar\/6b0eb9d22841282815e2cd856a0061c45e1761cd54b22e952d98c4746939aa85?s=96&r=g","contentUrl":"https:\/\/secure.gravatar.com\/avatar\/6b0eb9d22841282815e2cd856a0061c45e1761cd54b22e952d98c4746939aa85?s=96&r=g","caption":"Michele"},"description":"With a degree in Literature (Portuguese\/English), and the creator of the website Escritora de Sucesso, she works as a writer to expand everyone&#039;s knowledge with relevant information on a variety of topics. At Vaga de Emprego RJ, she provides opportunities and tips on the job market.","url":"https:\/\/www.vagadeempregorj.com.br\/en\/author\/michele\/"}]}},"_links":{"self":[{"href":"https:\/\/www.vagadeempregorj.com.br\/en\/wp-json\/wp\/v2\/posts\/39018","targetHints":{"allow":["GET"]}}],"collection":[{"href":"https:\/\/www.vagadeempregorj.com.br\/en\/wp-json\/wp\/v2\/posts"}],"about":[{"href":"https:\/\/www.vagadeempregorj.com.br\/en\/wp-json\/wp\/v2\/types\/post"}],"author":[{"embeddable":true,"href":"https:\/\/www.vagadeempregorj.com.br\/en\/wp-json\/wp\/v2\/users\/16"}],"replies":[{"embeddable":true,"href":"https:\/\/www.vagadeempregorj.com.br\/en\/wp-json\/wp\/v2\/comments?post=39018"}],"version-history":[{"count":0,"href":"https:\/\/www.vagadeempregorj.com.br\/en\/wp-json\/wp\/v2\/posts\/39018\/revisions"}],"wp:featuredmedia":[{"embeddable":true,"href":"https:\/\/www.vagadeempregorj.com.br\/en\/wp-json\/wp\/v2\/media\/39019"}],"wp:attachment":[{"href":"https:\/\/www.vagadeempregorj.com.br\/en\/wp-json\/wp\/v2\/media?parent=39018"}],"wp:term":[{"taxonomy":"category","embeddable":true,"href":"https:\/\/www.vagadeempregorj.com.br\/en\/wp-json\/wp\/v2\/categories?post=39018"},{"taxonomy":"post_tag","embeddable":true,"href":"https:\/\/www.vagadeempregorj.com.br\/en\/wp-json\/wp\/v2\/tags?post=39018"}],"curies":[{"name":"wp","href":"https:\/\/api.w.org\/{rel}","templated":true}]}}