{"id":39318,"date":"2024-01-06T00:01:00","date_gmt":"2024-01-06T03:01:00","guid":{"rendered":"https:\/\/www.vagadeempregorj.com.br\/?p=39318"},"modified":"2024-01-01T21:53:54","modified_gmt":"2024-01-02T00:53:54","slug":"economic-situation-analyses-and-reflections-on-the-current-panorama-of-brazil","status":"publish","type":"post","link":"https:\/\/www.vagadeempregorj.com.br\/en\/situacao-economica-analises-e-reflexoes-sobre-o-panorama-atual-do-brasil\/","title":{"rendered":"Economic Situation: Analysis and Reflections on the Current Panorama of Brazil"},"content":{"rendered":"<p>Brazil&#039;s economic landscape is constantly the subject of discussions, debates, and analyses by experts, academics, and citizens concerned about the country&#039;s future. In recent years, the nation has faced significant challenges that have directly impacted its financial stability.&nbsp;<\/p>\n\n\n\n<h2 class=\"wp-block-heading\">Analysis and Reflections on the current panorama of Brazil<\/h2>\n\n\n\n<p>Here are some of the key aspects that make up the current Brazilian economic landscape, offering critical analyses and reflections on what is at stake.<\/p>\n\n\n\n<h3 class=\"wp-block-heading\">1. Economic Growth and Structural Challenges<\/h3>\n\n\n\n<p>Economic growth is a crucial indicator for measuring a country&#039;s financial health. In Brazil, however, we have observed fluctuating growth and persistent structural challenges.&nbsp;<\/p>\n\n\n\n<p>Gross Domestic Product (GDP) has shown annual variations, and many point to the need for structural reforms to drive more consistent growth. Tax complexity, excessive bureaucracy, and a lack of investment in infrastructure are some of the factors that continue to be significant obstacles.<\/p>\n\n\n\n<h3 class=\"wp-block-heading\">2. Inflation and Monetary Policy<\/h3>\n\n\n\n<p>Another point of concern is inflation, which can directly affect the purchasing power of the population. In recent years, Brazil has faced inflationary pressures, leading the Central Bank to adopt measures to contain this price increase.<\/p>\n\n\n\n<p>Monetary policy plays a crucial role in this context, with decisions regarding interest rates and control of the money supply being fundamental tools for maintaining economic stability.<\/p>\n\n\n\n<h3 class=\"wp-block-heading\">3. Unemployment and Social Inequality<\/h3>\n\n\n\n<p>Unemployment is a sensitive indicator that reflects not only a country&#039;s economic situation but also its social dynamics. Brazil has faced significant challenges in combating unemployment, and the COVID-19 pandemic has further aggravated this situation.\u00a0<\/p>\n\n\n\n<figure class=\"wp-block-image size-large\"><img loading=\"lazy\" decoding=\"async\" width=\"1024\" height=\"682\" src=\"https:\/\/www.vagadeempregorj.com.br\/wp-content\/uploads\/2024\/01\/image-2-1024x682.png\" alt=\"\" class=\"wp-image-39319\" srcset=\"https:\/\/www.vagadeempregorj.com.br\/wp-content\/uploads\/2024\/01\/image-2-1024x682.png 1024w, https:\/\/www.vagadeempregorj.com.br\/wp-content\/uploads\/2024\/01\/image-2-300x200.png 300w, https:\/\/www.vagadeempregorj.com.br\/wp-content\/uploads\/2024\/01\/image-2-768x512.png 768w, https:\/\/www.vagadeempregorj.com.br\/wp-content\/uploads\/2024\/01\/image-2-150x100.png 150w, https:\/\/www.vagadeempregorj.com.br\/wp-content\/uploads\/2024\/01\/image-2.png 1280w\" sizes=\"auto, (max-width: 1024px) 100vw, 1024px\" \/><\/figure>\n\n\n\n<p>Furthermore, persistent social inequality is a constant concern, requiring public policies that address not only job creation but also the fair distribution of income.<\/p>\n\n\n\n<h3 class=\"wp-block-heading\">4. Fiscal Deficit and Structural Reforms<\/h3>\n\n\n\n<p>The fiscal deficit is a concern that directly impacts the government&#039;s ability to invest in crucial areas such as health, education, and infrastructure. Structural reforms become imperative to rebalance public finances and create an environment conducive to sustainable growth. However, the implementation of these reforms often encounters political and social resistance, making the process complex and time-consuming.<\/p>\n\n\n\n<h3 class=\"wp-block-heading\">5. Perspectives for the Future<\/h3>\n\n\n\n<p>As we analyze the prospects for Brazil&#039;s economic future, it is imperative to recognize both the pressing challenges and the latent opportunities that can shape the country&#039;s destiny. The current scenario, marked by structural challenges and global uncertainties, demands a strategic and innovative approach to drive economic growth and sustainability.<\/p>\n\n\n\n<h4 class=\"wp-block-heading\">Structural Reforms as Drivers of Sustainable Growth<\/h4>\n\n\n\n<p>One of the main ways to ensure a more promising future is through the implementation of comprehensive structural reforms. This includes tax reforms to simplify the system, making it more transparent and efficient, and labor market reforms to promote flexibility without compromising workers&#039; rights. Furthermore, it is essential to advance educational reforms that prepare the workforce for the demands of a globalized and constantly evolving market.<\/p>\n\n\n\n<h4 class=\"wp-block-heading\">Innovation and Investments in Technology<\/h4>\n\n\n\n<p>The role of innovation and investment in technology cannot be underestimated when it comes to shaping economic prospects. Brazil has considerable potential to become an innovation hub, leveraging its natural resources and human capital. Tax incentives, public-private partnerships, and investments in research and development can create an environment conducive to the emergence of new industries and the strengthening of existing ones.<\/p>\n\n\n\n<h4 class=\"wp-block-heading\">Environmental and Social Sustainability<\/h4>\n\n\n\n<p>As we move towards the future, sustainability becomes a critical buzzword. Brazil, with its vast biodiversity and natural resources, has the opportunity to lead global efforts towards environmental sustainability. Investing in renewable energy, preserving crucial ecosystems, and adopting sustainable agricultural practices are essential steps to ensure an economic future that respects the planet&#039;s limits.<\/p>\n\n\n\n<h2 class=\"wp-block-heading\">Challenges and Opportunities<\/h2>\n\n\n\n<p>In conclusion, Brazil&#039;s economic situation is complex and multifaceted. We face structural challenges that demand long-term solutions, but we also have opportunities to transform the economy and boost development.<\/p>\n\n\n\n<p>It is crucial that political leaders, civil society, and the private sector work together to overcome existing obstacles and build a more prosperous and equitable future for all. Critical analysis and constant reflection on the economic landscape are essential to guide the decisions and actions that will shape Brazil&#039;s destiny in the coming years.<\/p>\n\n\n\n<p><strong>See also: <a href=\"https:\/\/www.vagadeempregorj.com.br\/en\/the-impact-of-technological-trends-on-the-economy-opportunities-and-challenges-for-entrepreneurs-and-investors\/\">The Impact of Technological Trends on the Economy: Opportunities and Challenges for Entrepreneurs and Investors<\/a><\/strong><\/p>\n\n\n\n<p>January 6, 2024<\/p>","protected":false},"excerpt":{"rendered":"<p>O cen\u00e1rio econ\u00f4mico do Brasil \u00e9 constantemente alvo de discuss\u00f5es, debates e an\u00e1lises por parte de especialistas, acad\u00eamicos e cidad\u00e3os preocupados com o futuro do pa\u00eds. Nos \u00faltimos anos, a na\u00e7\u00e3o enfrenta desafios significativos que impactaram diretamente sua estabilidade financeira.&nbsp; An\u00e1lises e Reflex\u00f5es sobre o panorama atual do Brasil Veja alguns dos principais aspectos que&hellip;&nbsp;<\/p>","protected":false},"author":16,"featured_media":39319,"comment_status":"closed","ping_status":"closed","sticky":false,"template":"","format":"standard","meta":{"neve_meta_sidebar":"","neve_meta_container":"","neve_meta_enable_content_width":"","neve_meta_content_width":0,"neve_meta_title_alignment":"","neve_meta_author_avatar":"","neve_post_elements_order":"","neve_meta_disable_header":"","neve_meta_disable_footer":"","neve_meta_disable_title":"","footnotes":""},"categories":[804],"tags":[],"class_list":["post-39318","post","type-post","status-publish","format-standard","has-post-thumbnail","hentry","category-economia"],"yoast_head":"<!-- This site is optimized with the Yoast SEO plugin v27.5 - https:\/\/yoast.com\/product\/yoast-seo-wordpress\/ -->\n<title>Situa\u00e7\u00e3o Econ\u00f4mica: An\u00e1lises e Reflex\u00f5es sobre o Panorama Atual do Brasil -<\/title>\n<meta name=\"description\" content=\"Veja em Vagas de Emprego RJ as vagas de emprego com e sem experi\u00eancia no seu Estado e Regi\u00e3o!\" \/>\n<meta name=\"robots\" content=\"index, follow, max-snippet:-1, max-image-preview:large, max-video-preview:-1\" \/>\n<link rel=\"canonical\" href=\"https:\/\/www.vagadeempregorj.com.br\/en\/economic-situation-analyses-and-reflections-on-the-current-panorama-of-brazil\/\" \/>\n<meta property=\"og:locale\" content=\"en_US\" \/>\n<meta property=\"og:type\" content=\"article\" \/>\n<meta property=\"og:title\" content=\"Situa\u00e7\u00e3o Econ\u00f4mica: An\u00e1lises e Reflex\u00f5es sobre o Panorama Atual do Brasil -\" \/>\n<meta property=\"og:description\" content=\"Veja em Vagas de Emprego RJ as vagas de emprego com e sem experi\u00eancia no seu Estado e Regi\u00e3o!\" \/>\n<meta property=\"og:url\" content=\"https:\/\/www.vagadeempregorj.com.br\/en\/economic-situation-analyses-and-reflections-on-the-current-panorama-of-brazil\/\" \/>\n<meta property=\"article:publisher\" content=\"https:\/\/www.facebook.com\/empregobrasiloficial\" \/>\n<meta property=\"article:published_time\" content=\"2024-01-06T03:01:00+00:00\" \/>\n<meta property=\"og:image\" content=\"https:\/\/www.vagadeempregorj.com.br\/wp-content\/uploads\/2024\/01\/image-2.png\" \/>\n\t<meta property=\"og:image:width\" content=\"1280\" \/>\n\t<meta property=\"og:image:height\" content=\"853\" \/>\n\t<meta property=\"og:image:type\" content=\"image\/png\" \/>\n<meta name=\"author\" content=\"Michele\" \/>\n<meta name=\"twitter:card\" content=\"summary_large_image\" \/>\n<meta name=\"twitter:label1\" content=\"Written by\" \/>\n\t<meta name=\"twitter:data1\" content=\"Michele\" \/>\n\t<meta name=\"twitter:label2\" content=\"Est. reading time\" \/>\n\t<meta name=\"twitter:data2\" content=\"4 minutes\" \/>\n<script type=\"application\/ld+json\" class=\"yoast-schema-graph\">{\"@context\":\"https:\\\/\\\/schema.org\",\"@graph\":[{\"@type\":\"Article\",\"@id\":\"https:\\\/\\\/www.vagadeempregorj.com.br\\\/situacao-economica-analises-e-reflexoes-sobre-o-panorama-atual-do-brasil\\\/#article\",\"isPartOf\":{\"@id\":\"https:\\\/\\\/www.vagadeempregorj.com.br\\\/situacao-economica-analises-e-reflexoes-sobre-o-panorama-atual-do-brasil\\\/\"},\"author\":{\"name\":\"Michele\",\"@id\":\"https:\\\/\\\/www.vagadeempregorj.com.br\\\/#\\\/schema\\\/person\\\/3ddb19fa0539706786e502152f3aae95\"},\"headline\":\"Situa\u00e7\u00e3o Econ\u00f4mica: An\u00e1lises e Reflex\u00f5es sobre o Panorama Atual do Brasil\",\"datePublished\":\"2024-01-06T03:01:00+00:00\",\"mainEntityOfPage\":{\"@id\":\"https:\\\/\\\/www.vagadeempregorj.com.br\\\/situacao-economica-analises-e-reflexoes-sobre-o-panorama-atual-do-brasil\\\/\"},\"wordCount\":868,\"image\":{\"@id\":\"https:\\\/\\\/www.vagadeempregorj.com.br\\\/situacao-economica-analises-e-reflexoes-sobre-o-panorama-atual-do-brasil\\\/#primaryimage\"},\"thumbnailUrl\":\"https:\\\/\\\/www.vagadeempregorj.com.br\\\/wp-content\\\/uploads\\\/2024\\\/01\\\/image-2.png\",\"articleSection\":[\"Economia\"],\"inLanguage\":\"en-US\"},{\"@type\":\"WebPage\",\"@id\":\"https:\\\/\\\/www.vagadeempregorj.com.br\\\/situacao-economica-analises-e-reflexoes-sobre-o-panorama-atual-do-brasil\\\/\",\"url\":\"https:\\\/\\\/www.vagadeempregorj.com.br\\\/situacao-economica-analises-e-reflexoes-sobre-o-panorama-atual-do-brasil\\\/\",\"name\":\"Situa\u00e7\u00e3o Econ\u00f4mica: An\u00e1lises e Reflex\u00f5es sobre o Panorama Atual do Brasil -\",\"isPartOf\":{\"@id\":\"https:\\\/\\\/www.vagadeempregorj.com.br\\\/#website\"},\"primaryImageOfPage\":{\"@id\":\"https:\\\/\\\/www.vagadeempregorj.com.br\\\/situacao-economica-analises-e-reflexoes-sobre-o-panorama-atual-do-brasil\\\/#primaryimage\"},\"image\":{\"@id\":\"https:\\\/\\\/www.vagadeempregorj.com.br\\\/situacao-economica-analises-e-reflexoes-sobre-o-panorama-atual-do-brasil\\\/#primaryimage\"},\"thumbnailUrl\":\"https:\\\/\\\/www.vagadeempregorj.com.br\\\/wp-content\\\/uploads\\\/2024\\\/01\\\/image-2.png\",\"datePublished\":\"2024-01-06T03:01:00+00:00\",\"author\":{\"@id\":\"https:\\\/\\\/www.vagadeempregorj.com.br\\\/#\\\/schema\\\/person\\\/3ddb19fa0539706786e502152f3aae95\"},\"description\":\"Veja em Vagas de Emprego RJ as vagas de emprego com e sem experi\u00eancia no seu Estado e Regi\u00e3o!\",\"breadcrumb\":{\"@id\":\"https:\\\/\\\/www.vagadeempregorj.com.br\\\/situacao-economica-analises-e-reflexoes-sobre-o-panorama-atual-do-brasil\\\/#breadcrumb\"},\"inLanguage\":\"en-US\",\"potentialAction\":[{\"@type\":\"ReadAction\",\"target\":[\"https:\\\/\\\/www.vagadeempregorj.com.br\\\/situacao-economica-analises-e-reflexoes-sobre-o-panorama-atual-do-brasil\\\/\"]}]},{\"@type\":\"ImageObject\",\"inLanguage\":\"en-US\",\"@id\":\"https:\\\/\\\/www.vagadeempregorj.com.br\\\/situacao-economica-analises-e-reflexoes-sobre-o-panorama-atual-do-brasil\\\/#primaryimage\",\"url\":\"https:\\\/\\\/www.vagadeempregorj.com.br\\\/wp-content\\\/uploads\\\/2024\\\/01\\\/image-2.png\",\"contentUrl\":\"https:\\\/\\\/www.vagadeempregorj.com.br\\\/wp-content\\\/uploads\\\/2024\\\/01\\\/image-2.png\",\"width\":1280,\"height\":853},{\"@type\":\"BreadcrumbList\",\"@id\":\"https:\\\/\\\/www.vagadeempregorj.com.br\\\/situacao-economica-analises-e-reflexoes-sobre-o-panorama-atual-do-brasil\\\/#breadcrumb\",\"itemListElement\":[{\"@type\":\"ListItem\",\"position\":1,\"name\":\"In\u00edcio\",\"item\":\"https:\\\/\\\/www.vagadeempregorj.com.br\\\/\"},{\"@type\":\"ListItem\",\"position\":2,\"name\":\"Economia\",\"item\":\"https:\\\/\\\/www.vagadeempregorj.com.br\\\/economia\\\/\"},{\"@type\":\"ListItem\",\"position\":3,\"name\":\"Situa\u00e7\u00e3o Econ\u00f4mica: An\u00e1lises e Reflex\u00f5es sobre o Panorama Atual do Brasil\"}]},{\"@type\":\"WebSite\",\"@id\":\"https:\\\/\\\/www.vagadeempregorj.com.br\\\/#website\",\"url\":\"https:\\\/\\\/www.vagadeempregorj.com.br\\\/\",\"name\":\"\",\"description\":\"Conquiste Sonhos: Vagas, Benef\u00edcios e Economia para Transformar Vidas e Alcan\u00e7ar Melhorias Cotidianas\",\"potentialAction\":[{\"@type\":\"SearchAction\",\"target\":{\"@type\":\"EntryPoint\",\"urlTemplate\":\"https:\\\/\\\/www.vagadeempregorj.com.br\\\/?s={search_term_string}\"},\"query-input\":{\"@type\":\"PropertyValueSpecification\",\"valueRequired\":true,\"valueName\":\"search_term_string\"}}],\"inLanguage\":\"en-US\"},{\"@type\":\"Person\",\"@id\":\"https:\\\/\\\/www.vagadeempregorj.com.br\\\/#\\\/schema\\\/person\\\/3ddb19fa0539706786e502152f3aae95\",\"name\":\"Michele\",\"image\":{\"@type\":\"ImageObject\",\"inLanguage\":\"en-US\",\"@id\":\"https:\\\/\\\/secure.gravatar.com\\\/avatar\\\/6b0eb9d22841282815e2cd856a0061c45e1761cd54b22e952d98c4746939aa85?s=96&r=g\",\"url\":\"https:\\\/\\\/secure.gravatar.com\\\/avatar\\\/6b0eb9d22841282815e2cd856a0061c45e1761cd54b22e952d98c4746939aa85?s=96&r=g\",\"contentUrl\":\"https:\\\/\\\/secure.gravatar.com\\\/avatar\\\/6b0eb9d22841282815e2cd856a0061c45e1761cd54b22e952d98c4746939aa85?s=96&r=g\",\"caption\":\"Michele\"},\"description\":\"Formada em Letras - Portugu\u00eas\\\/ Ingl\u00eas, e idealizadora do site Escritora de Sucesso, busca expandir o conhecimento de todos com informa\u00e7\u00f5es relevantes sobre diversos assuntos, enquanto redatora. No Vaga de Emprego RJ, traz oportunidades e dicas sobre o mercado de trabalho.\",\"url\":\"https:\\\/\\\/www.vagadeempregorj.com.br\\\/en\\\/author\\\/michele\\\/\"}]}<\/script>\n<!-- \/ Yoast SEO plugin. -->","yoast_head_json":{"title":"Economic Situation: Analyses and Reflections on the Current Panorama of Brazil","description":"Check out Job Vacancies in RJ for job openings with and without experience in your state and region!","robots":{"index":"index","follow":"follow","max-snippet":"max-snippet:-1","max-image-preview":"max-image-preview:large","max-video-preview":"max-video-preview:-1"},"canonical":"https:\/\/www.vagadeempregorj.com.br\/en\/economic-situation-analyses-and-reflections-on-the-current-panorama-of-brazil\/","og_locale":"en_US","og_type":"article","og_title":"Situa\u00e7\u00e3o Econ\u00f4mica: An\u00e1lises e Reflex\u00f5es sobre o Panorama Atual do Brasil -","og_description":"Veja em Vagas de Emprego RJ as vagas de emprego com e sem experi\u00eancia no seu Estado e Regi\u00e3o!","og_url":"https:\/\/www.vagadeempregorj.com.br\/en\/economic-situation-analyses-and-reflections-on-the-current-panorama-of-brazil\/","article_publisher":"https:\/\/www.facebook.com\/empregobrasiloficial","article_published_time":"2024-01-06T03:01:00+00:00","og_image":[{"width":1280,"height":853,"url":"https:\/\/www.vagadeempregorj.com.br\/wp-content\/uploads\/2024\/01\/image-2.png","type":"image\/png"}],"author":"Michele","twitter_card":"summary_large_image","twitter_misc":{"Written by":"Michele","Est. reading time":"4 minutes"},"schema":{"@context":"https:\/\/schema.org","@graph":[{"@type":"Article","@id":"https:\/\/www.vagadeempregorj.com.br\/situacao-economica-analises-e-reflexoes-sobre-o-panorama-atual-do-brasil\/#article","isPartOf":{"@id":"https:\/\/www.vagadeempregorj.com.br\/situacao-economica-analises-e-reflexoes-sobre-o-panorama-atual-do-brasil\/"},"author":{"name":"Michele","@id":"https:\/\/www.vagadeempregorj.com.br\/#\/schema\/person\/3ddb19fa0539706786e502152f3aae95"},"headline":"Situa\u00e7\u00e3o Econ\u00f4mica: An\u00e1lises e Reflex\u00f5es sobre o Panorama Atual do Brasil","datePublished":"2024-01-06T03:01:00+00:00","mainEntityOfPage":{"@id":"https:\/\/www.vagadeempregorj.com.br\/situacao-economica-analises-e-reflexoes-sobre-o-panorama-atual-do-brasil\/"},"wordCount":868,"image":{"@id":"https:\/\/www.vagadeempregorj.com.br\/situacao-economica-analises-e-reflexoes-sobre-o-panorama-atual-do-brasil\/#primaryimage"},"thumbnailUrl":"https:\/\/www.vagadeempregorj.com.br\/wp-content\/uploads\/2024\/01\/image-2.png","articleSection":["Economia"],"inLanguage":"en-US"},{"@type":"WebPage","@id":"https:\/\/www.vagadeempregorj.com.br\/situacao-economica-analises-e-reflexoes-sobre-o-panorama-atual-do-brasil\/","url":"https:\/\/www.vagadeempregorj.com.br\/situacao-economica-analises-e-reflexoes-sobre-o-panorama-atual-do-brasil\/","name":"Economic Situation: Analyses and Reflections on the Current Panorama of Brazil","isPartOf":{"@id":"https:\/\/www.vagadeempregorj.com.br\/#website"},"primaryImageOfPage":{"@id":"https:\/\/www.vagadeempregorj.com.br\/situacao-economica-analises-e-reflexoes-sobre-o-panorama-atual-do-brasil\/#primaryimage"},"image":{"@id":"https:\/\/www.vagadeempregorj.com.br\/situacao-economica-analises-e-reflexoes-sobre-o-panorama-atual-do-brasil\/#primaryimage"},"thumbnailUrl":"https:\/\/www.vagadeempregorj.com.br\/wp-content\/uploads\/2024\/01\/image-2.png","datePublished":"2024-01-06T03:01:00+00:00","author":{"@id":"https:\/\/www.vagadeempregorj.com.br\/#\/schema\/person\/3ddb19fa0539706786e502152f3aae95"},"description":"Check out Job Vacancies in RJ for job openings with and without experience in your state and region!","breadcrumb":{"@id":"https:\/\/www.vagadeempregorj.com.br\/situacao-economica-analises-e-reflexoes-sobre-o-panorama-atual-do-brasil\/#breadcrumb"},"inLanguage":"en-US","potentialAction":[{"@type":"ReadAction","target":["https:\/\/www.vagadeempregorj.com.br\/situacao-economica-analises-e-reflexoes-sobre-o-panorama-atual-do-brasil\/"]}]},{"@type":"ImageObject","inLanguage":"en-US","@id":"https:\/\/www.vagadeempregorj.com.br\/situacao-economica-analises-e-reflexoes-sobre-o-panorama-atual-do-brasil\/#primaryimage","url":"https:\/\/www.vagadeempregorj.com.br\/wp-content\/uploads\/2024\/01\/image-2.png","contentUrl":"https:\/\/www.vagadeempregorj.com.br\/wp-content\/uploads\/2024\/01\/image-2.png","width":1280,"height":853},{"@type":"BreadcrumbList","@id":"https:\/\/www.vagadeempregorj.com.br\/situacao-economica-analises-e-reflexoes-sobre-o-panorama-atual-do-brasil\/#breadcrumb","itemListElement":[{"@type":"ListItem","position":1,"name":"In\u00edcio","item":"https:\/\/www.vagadeempregorj.com.br\/"},{"@type":"ListItem","position":2,"name":"Economia","item":"https:\/\/www.vagadeempregorj.com.br\/economia\/"},{"@type":"ListItem","position":3,"name":"Situa\u00e7\u00e3o Econ\u00f4mica: An\u00e1lises e Reflex\u00f5es sobre o Panorama Atual do Brasil"}]},{"@type":"WebSite","@id":"https:\/\/www.vagadeempregorj.com.br\/#website","url":"https:\/\/www.vagadeempregorj.com.br\/","name":"","description":"Achieve Dreams: Jobs, Benefits, and Savings to Transform Lives and Achieve Everyday Improvements","potentialAction":[{"@type":"SearchAction","target":{"@type":"EntryPoint","urlTemplate":"https:\/\/www.vagadeempregorj.com.br\/?s={search_term_string}"},"query-input":{"@type":"PropertyValueSpecification","valueRequired":true,"valueName":"search_term_string"}}],"inLanguage":"en-US"},{"@type":"Person","@id":"https:\/\/www.vagadeempregorj.com.br\/#\/schema\/person\/3ddb19fa0539706786e502152f3aae95","name":"Michele","image":{"@type":"ImageObject","inLanguage":"en-US","@id":"https:\/\/secure.gravatar.com\/avatar\/6b0eb9d22841282815e2cd856a0061c45e1761cd54b22e952d98c4746939aa85?s=96&r=g","url":"https:\/\/secure.gravatar.com\/avatar\/6b0eb9d22841282815e2cd856a0061c45e1761cd54b22e952d98c4746939aa85?s=96&r=g","contentUrl":"https:\/\/secure.gravatar.com\/avatar\/6b0eb9d22841282815e2cd856a0061c45e1761cd54b22e952d98c4746939aa85?s=96&r=g","caption":"Michele"},"description":"With a degree in Literature (Portuguese\/English), and the creator of the website Escritora de Sucesso, she works as a writer to expand everyone&#039;s knowledge with relevant information on a variety of topics. At Vaga de Emprego RJ, she provides opportunities and tips on the job market.","url":"https:\/\/www.vagadeempregorj.com.br\/en\/author\/michele\/"}]}},"_links":{"self":[{"href":"https:\/\/www.vagadeempregorj.com.br\/en\/wp-json\/wp\/v2\/posts\/39318","targetHints":{"allow":["GET"]}}],"collection":[{"href":"https:\/\/www.vagadeempregorj.com.br\/en\/wp-json\/wp\/v2\/posts"}],"about":[{"href":"https:\/\/www.vagadeempregorj.com.br\/en\/wp-json\/wp\/v2\/types\/post"}],"author":[{"embeddable":true,"href":"https:\/\/www.vagadeempregorj.com.br\/en\/wp-json\/wp\/v2\/users\/16"}],"replies":[{"embeddable":true,"href":"https:\/\/www.vagadeempregorj.com.br\/en\/wp-json\/wp\/v2\/comments?post=39318"}],"version-history":[{"count":0,"href":"https:\/\/www.vagadeempregorj.com.br\/en\/wp-json\/wp\/v2\/posts\/39318\/revisions"}],"wp:featuredmedia":[{"embeddable":true,"href":"https:\/\/www.vagadeempregorj.com.br\/en\/wp-json\/wp\/v2\/media\/39319"}],"wp:attachment":[{"href":"https:\/\/www.vagadeempregorj.com.br\/en\/wp-json\/wp\/v2\/media?parent=39318"}],"wp:term":[{"taxonomy":"category","embeddable":true,"href":"https:\/\/www.vagadeempregorj.com.br\/en\/wp-json\/wp\/v2\/categories?post=39318"},{"taxonomy":"post_tag","embeddable":true,"href":"https:\/\/www.vagadeempregorj.com.br\/en\/wp-json\/wp\/v2\/tags?post=39318"}],"curies":[{"name":"wp","href":"https:\/\/api.w.org\/{rel}","templated":true}]}}