{"id":39701,"date":"2024-06-17T01:00:00","date_gmt":"2024-06-17T04:00:00","guid":{"rendered":"https:\/\/www.vagadeempregorj.com.br\/?p=39701"},"modified":"2025-06-14T13:09:39","modified_gmt":"2025-06-14T16:09:39","slug":"unimed-has-job-openings-across-the-country-see-the-positions","status":"publish","type":"post","link":"https:\/\/www.vagadeempregorj.com.br\/en\/unimed-tem-vagas-de-emprego-abertas-pelo-pais-veja-os-cargos\/","title":{"rendered":"Unimed has job openings across the country; see the positions"},"content":{"rendered":"<p>Unimed, one of the largest health cooperatives in Brazil, has several job openings in various regions of the country. With a solid history spanning over 50 years, Unimed is known for its excellent service and for offering a work environment that values professional development and the well-being of its employees.<\/p>\n\n\n\n<h2 class=\"wp-block-heading\">Career Opportunities at Unimed<\/h2>\n\n\n\n<p>Unimed is seeking committed and talented professionals to join its team. Openings are available in various areas and for different experience levels, ranging from administrative positions to healthcare roles. See below for some of the available opportunities:<\/p>\n\n\n\n<h3 class=\"wp-block-heading\">1. Nurse<\/h3>\n\n\n\n<p>Location: S\u00e3o Paulo, SP<\/p>\n\n\n\n<p>Description: The nurse will be responsible for patient care, medication administration, performing procedures, and supporting medical teams.<\/p>\n\n\n\n<p><strong>Requirements:<\/strong><\/p>\n\n\n\n<ul class=\"wp-block-list\">\n<li>Bachelor&#039;s Degree in Nursing<\/li>\n\n\n\n<li>Active registration with COREN.<\/li>\n\n\n\n<li>Experience in the hospital setting.<\/li>\n<\/ul>\n\n\n\n<h3 class=\"wp-block-heading\">2. Human Resources Analyst<\/h3>\n\n\n\n<p>Location: Belo Horizonte, MG<\/p>\n\n\n\n<p>Description: The HR analyst will work in recruitment and selection processes, training and development, as well as supporting the administrative routines of the HR department.<\/p>\n\n\n\n<p><strong>Requirements:<\/strong><\/p>\n\n\n\n<ul class=\"wp-block-list\">\n<li>Bachelor&#039;s degree in Business Administration, Psychology, or related fields.<\/li>\n\n\n\n<li>Experience in the role<\/li>\n\n\n\n<li>Knowledge of recruitment and selection and training and development processes.<\/li>\n<\/ul>\n\n\n\n<figure class=\"wp-block-image size-full is-resized\"><img loading=\"lazy\" decoding=\"async\" width=\"600\" height=\"378\" src=\"https:\/\/www.vagadeempregorj.com.br\/wp-content\/uploads\/2024\/06\/image-5.png\" alt=\"\" class=\"wp-image-39713\" style=\"width:840px;height:auto\" srcset=\"https:\/\/www.vagadeempregorj.com.br\/wp-content\/uploads\/2024\/06\/image-5.png 600w, https:\/\/www.vagadeempregorj.com.br\/wp-content\/uploads\/2024\/06\/image-5-300x189.png 300w, https:\/\/www.vagadeempregorj.com.br\/wp-content\/uploads\/2024\/06\/image-5-150x95.png 150w\" sizes=\"auto, (max-width: 600px) 100vw, 600px\" \/><\/figure>\n\n\n\n<h3 class=\"wp-block-heading\">3. Administrative Assistant<\/h3>\n\n\n\n<p>Location: Rio de Janeiro, RJ<\/p>\n\n\n\n<p>Description: The administrative assistant will provide support in the unit&#039;s administrative routines, including customer service, document control, and scheduling.<\/p>\n\n\n\n<p><strong>Requirements:<\/strong><\/p>\n\n\n\n<ul class=\"wp-block-list\">\n<li>Completed High School<\/li>\n\n\n\n<li>Experience in administrative tasks.<\/li>\n\n\n\n<li>Good communication and organization<\/li>\n<\/ul>\n\n\n\n<h3 class=\"wp-block-heading\">4. Nursing Technician<\/h3>\n\n\n\n<p>Location: Curitiba, PR<\/p>\n\n\n\n<p>Description: The nursing technician will be responsible for providing direct patient care, assisting with medical procedures, and administering medications.<\/p>\n\n\n\n<p><strong>Requirements:<\/strong><\/p>\n\n\n\n<ul class=\"wp-block-list\">\n<li>Nursing Technician Course<\/li>\n\n\n\n<li>Active registration with COREN.<\/li>\n\n\n\n<li>Experience in a hospital or clinic.<\/li>\n<\/ul>\n\n\n\n<h3 class=\"wp-block-heading\">5. General Practitioner<\/h3>\n\n\n\n<p>Location: Porto Alegre, RS<\/p>\n\n\n\n<p>Description: The general practitioner will work in outpatient care, conducting consultations, diagnoses, and necessary referrals.<\/p>\n\n\n\n<p>Requirements:<\/p>\n\n\n\n<ul class=\"wp-block-list\">\n<li>Medical Degree<\/li>\n\n\n\n<li>Active CRM registration<\/li>\n\n\n\n<li>Experience in outpatient care.<\/li>\n<\/ul>\n\n\n\n<h3 class=\"wp-block-heading\">6. Physiotherapist<\/h3>\n\n\n\n<p>Location: Recife, PE<\/p>\n\n\n\n<p>Description: The physiotherapist will be responsible for evaluating and treating patients with different conditions, promoting physical rehabilitation and improving quality of life.<\/p>\n\n\n\n<p><strong>Requirements:<\/strong><\/p>\n\n\n\n<ul class=\"wp-block-list\">\n<li>Bachelor&#039;s degree in Physiotherapy<\/li>\n\n\n\n<li>Active registration with CREFITO.<\/li>\n\n\n\n<li>Experience in the field of physiotherapy.<\/li>\n<\/ul>\n\n\n\n<h2 class=\"wp-block-heading\">How to Apply<\/h2>\n\n\n\n<p>To apply for positions at Unimed, interested individuals should visit the company&#039;s official website and follow the steps indicated in the &quot;Work With Us&quot; section. It is important to have an updated resume on hand and, in some cases, documents proving education and professional registration.<\/p>\n\n\n\n<h2 class=\"wp-block-heading\">Benefits of Working at Unimed<\/h2>\n\n\n\n<p>Unimed offers several benefits to its employees, including:<\/p>\n\n\n\n<ul class=\"wp-block-list\">\n<li>Health plan<\/li>\n\n\n\n<li>Food or meal voucher<\/li>\n\n\n\n<li>Transportation allowance<\/li>\n\n\n\n<li>Profit Sharing Program (PPR)<\/li>\n\n\n\n<li>Professional development opportunities<\/li>\n\n\n\n<li>Collaborative and innovative work environment<\/li>\n<\/ul>\n\n\n\n<p>Working at Unimed means being part of a team committed to the health and well-being of millions of Brazilians. If you identify with Unimed&#039;s values and want to build a solid career in one of the largest health cooperatives in Brazil, this is your opportunity!<\/p>\n\n\n\n<p>Take this opportunity to apply and become part of a company that values and invests in the talent of its employees.&nbsp;<\/p>\n\n\n\n<p><strong>See also: <a href=\"https:\/\/www.vagadeempregorj.com.br\/en\/vale-opens-job-vacancies-across-the-country-see-opportunities\/\">Vale is opening job openings across the country; see opportunities<\/a><\/strong><\/p>\n\n\n\n<p>June 17, 2024<\/p>","protected":false},"excerpt":{"rendered":"<p>A Unimed, uma das maiores cooperativas de sa\u00fade do Brasil, est\u00e1 com diversas vagas de emprego abertas em v\u00e1rias regi\u00f5es do pa\u00eds. Com uma hist\u00f3ria s\u00f3lida de mais de 50 anos, a Unimed \u00e9 conhecida por sua excel\u00eancia no atendimento e por oferecer um ambiente de trabalho que valoriza o desenvolvimento profissional e o bem-estar&hellip;&nbsp;<\/p>","protected":false},"author":16,"featured_media":39713,"comment_status":"closed","ping_status":"closed","sticky":false,"template":"","format":"standard","meta":{"neve_meta_sidebar":"","neve_meta_container":"","neve_meta_enable_content_width":"","neve_meta_content_width":0,"neve_meta_title_alignment":"","neve_meta_author_avatar":"","neve_post_elements_order":"","neve_meta_disable_header":"","neve_meta_disable_footer":"","neve_meta_disable_title":"","footnotes":""},"categories":[123],"tags":[],"class_list":["post-39701","post","type-post","status-publish","format-standard","has-post-thumbnail","hentry","category-vagas-de-emprego-nacionais"],"yoast_head":"<!-- This site is optimized with the Yoast SEO plugin v27.5 - https:\/\/yoast.com\/product\/yoast-seo-wordpress\/ -->\n<title>Unimed tem vagas de emprego abertas pelo pa\u00eds; veja os cargos -<\/title>\n<meta name=\"description\" content=\"Veja em Vagas de Emprego RJ as vagas de emprego com e sem experi\u00eancia no seu Estado e Regi\u00e3o!\" \/>\n<meta name=\"robots\" content=\"index, follow, max-snippet:-1, max-image-preview:large, max-video-preview:-1\" \/>\n<link rel=\"canonical\" href=\"https:\/\/www.vagadeempregorj.com.br\/en\/unimed-has-job-openings-across-the-country-see-the-positions\/\" \/>\n<meta property=\"og:locale\" content=\"en_US\" \/>\n<meta property=\"og:type\" content=\"article\" \/>\n<meta property=\"og:title\" content=\"Unimed tem vagas de emprego abertas pelo pa\u00eds; veja os cargos -\" \/>\n<meta property=\"og:description\" content=\"Veja em Vagas de Emprego RJ as vagas de emprego com e sem experi\u00eancia no seu Estado e Regi\u00e3o!\" \/>\n<meta property=\"og:url\" content=\"https:\/\/www.vagadeempregorj.com.br\/en\/unimed-has-job-openings-across-the-country-see-the-positions\/\" \/>\n<meta property=\"article:publisher\" content=\"https:\/\/www.facebook.com\/empregobrasiloficial\" \/>\n<meta property=\"article:published_time\" content=\"2024-06-17T04:00:00+00:00\" \/>\n<meta property=\"article:modified_time\" content=\"2025-06-14T16:09:39+00:00\" \/>\n<meta property=\"og:image\" content=\"https:\/\/www.vagadeempregorj.com.br\/wp-content\/uploads\/2024\/06\/image-5.png\" \/>\n\t<meta property=\"og:image:width\" content=\"600\" \/>\n\t<meta property=\"og:image:height\" content=\"378\" \/>\n\t<meta property=\"og:image:type\" content=\"image\/png\" \/>\n<meta name=\"author\" content=\"Michele\" \/>\n<meta name=\"twitter:card\" content=\"summary_large_image\" \/>\n<meta name=\"twitter:label1\" content=\"Written by\" \/>\n\t<meta name=\"twitter:data1\" content=\"Michele\" \/>\n\t<meta name=\"twitter:label2\" content=\"Est. reading time\" \/>\n\t<meta name=\"twitter:data2\" content=\"3 minutes\" \/>\n<script type=\"application\/ld+json\" class=\"yoast-schema-graph\">{\"@context\":\"https:\\\/\\\/schema.org\",\"@graph\":[{\"@type\":\"Article\",\"@id\":\"https:\\\/\\\/www.vagadeempregorj.com.br\\\/unimed-tem-vagas-de-emprego-abertas-pelo-pais-veja-os-cargos\\\/#article\",\"isPartOf\":{\"@id\":\"https:\\\/\\\/www.vagadeempregorj.com.br\\\/unimed-tem-vagas-de-emprego-abertas-pelo-pais-veja-os-cargos\\\/\"},\"author\":{\"name\":\"Michele\",\"@id\":\"https:\\\/\\\/www.vagadeempregorj.com.br\\\/#\\\/schema\\\/person\\\/3ddb19fa0539706786e502152f3aae95\"},\"headline\":\"Unimed tem vagas de emprego abertas pelo pa\u00eds; veja os cargos\",\"datePublished\":\"2024-06-17T04:00:00+00:00\",\"dateModified\":\"2025-06-14T16:09:39+00:00\",\"mainEntityOfPage\":{\"@id\":\"https:\\\/\\\/www.vagadeempregorj.com.br\\\/unimed-tem-vagas-de-emprego-abertas-pelo-pais-veja-os-cargos\\\/\"},\"wordCount\":607,\"image\":{\"@id\":\"https:\\\/\\\/www.vagadeempregorj.com.br\\\/unimed-tem-vagas-de-emprego-abertas-pelo-pais-veja-os-cargos\\\/#primaryimage\"},\"thumbnailUrl\":\"https:\\\/\\\/www.vagadeempregorj.com.br\\\/wp-content\\\/uploads\\\/2024\\\/06\\\/image-5.png\",\"articleSection\":[\"Vagas de Emprego Nacionais\"],\"inLanguage\":\"en-US\"},{\"@type\":\"WebPage\",\"@id\":\"https:\\\/\\\/www.vagadeempregorj.com.br\\\/unimed-tem-vagas-de-emprego-abertas-pelo-pais-veja-os-cargos\\\/\",\"url\":\"https:\\\/\\\/www.vagadeempregorj.com.br\\\/unimed-tem-vagas-de-emprego-abertas-pelo-pais-veja-os-cargos\\\/\",\"name\":\"Unimed tem vagas de emprego abertas pelo pa\u00eds; veja os cargos -\",\"isPartOf\":{\"@id\":\"https:\\\/\\\/www.vagadeempregorj.com.br\\\/#website\"},\"primaryImageOfPage\":{\"@id\":\"https:\\\/\\\/www.vagadeempregorj.com.br\\\/unimed-tem-vagas-de-emprego-abertas-pelo-pais-veja-os-cargos\\\/#primaryimage\"},\"image\":{\"@id\":\"https:\\\/\\\/www.vagadeempregorj.com.br\\\/unimed-tem-vagas-de-emprego-abertas-pelo-pais-veja-os-cargos\\\/#primaryimage\"},\"thumbnailUrl\":\"https:\\\/\\\/www.vagadeempregorj.com.br\\\/wp-content\\\/uploads\\\/2024\\\/06\\\/image-5.png\",\"datePublished\":\"2024-06-17T04:00:00+00:00\",\"dateModified\":\"2025-06-14T16:09:39+00:00\",\"author\":{\"@id\":\"https:\\\/\\\/www.vagadeempregorj.com.br\\\/#\\\/schema\\\/person\\\/3ddb19fa0539706786e502152f3aae95\"},\"description\":\"Veja em Vagas de Emprego RJ as vagas de emprego com e sem experi\u00eancia no seu Estado e Regi\u00e3o!\",\"breadcrumb\":{\"@id\":\"https:\\\/\\\/www.vagadeempregorj.com.br\\\/unimed-tem-vagas-de-emprego-abertas-pelo-pais-veja-os-cargos\\\/#breadcrumb\"},\"inLanguage\":\"en-US\",\"potentialAction\":[{\"@type\":\"ReadAction\",\"target\":[\"https:\\\/\\\/www.vagadeempregorj.com.br\\\/unimed-tem-vagas-de-emprego-abertas-pelo-pais-veja-os-cargos\\\/\"]}]},{\"@type\":\"ImageObject\",\"inLanguage\":\"en-US\",\"@id\":\"https:\\\/\\\/www.vagadeempregorj.com.br\\\/unimed-tem-vagas-de-emprego-abertas-pelo-pais-veja-os-cargos\\\/#primaryimage\",\"url\":\"https:\\\/\\\/www.vagadeempregorj.com.br\\\/wp-content\\\/uploads\\\/2024\\\/06\\\/image-5.png\",\"contentUrl\":\"https:\\\/\\\/www.vagadeempregorj.com.br\\\/wp-content\\\/uploads\\\/2024\\\/06\\\/image-5.png\",\"width\":600,\"height\":378},{\"@type\":\"BreadcrumbList\",\"@id\":\"https:\\\/\\\/www.vagadeempregorj.com.br\\\/unimed-tem-vagas-de-emprego-abertas-pelo-pais-veja-os-cargos\\\/#breadcrumb\",\"itemListElement\":[{\"@type\":\"ListItem\",\"position\":1,\"name\":\"In\u00edcio\",\"item\":\"https:\\\/\\\/www.vagadeempregorj.com.br\\\/\"},{\"@type\":\"ListItem\",\"position\":2,\"name\":\"Vagas de Emprego Nacionais\",\"item\":\"https:\\\/\\\/www.vagadeempregorj.com.br\\\/vagas-de-emprego-nacionais\\\/\"},{\"@type\":\"ListItem\",\"position\":3,\"name\":\"Unimed tem vagas de emprego abertas pelo pa\u00eds; veja os cargos\"}]},{\"@type\":\"WebSite\",\"@id\":\"https:\\\/\\\/www.vagadeempregorj.com.br\\\/#website\",\"url\":\"https:\\\/\\\/www.vagadeempregorj.com.br\\\/\",\"name\":\"\",\"description\":\"Conquiste Sonhos: Vagas, Benef\u00edcios e Economia para Transformar Vidas e Alcan\u00e7ar Melhorias Cotidianas\",\"potentialAction\":[{\"@type\":\"SearchAction\",\"target\":{\"@type\":\"EntryPoint\",\"urlTemplate\":\"https:\\\/\\\/www.vagadeempregorj.com.br\\\/?s={search_term_string}\"},\"query-input\":{\"@type\":\"PropertyValueSpecification\",\"valueRequired\":true,\"valueName\":\"search_term_string\"}}],\"inLanguage\":\"en-US\"},{\"@type\":\"Person\",\"@id\":\"https:\\\/\\\/www.vagadeempregorj.com.br\\\/#\\\/schema\\\/person\\\/3ddb19fa0539706786e502152f3aae95\",\"name\":\"Michele\",\"image\":{\"@type\":\"ImageObject\",\"inLanguage\":\"en-US\",\"@id\":\"https:\\\/\\\/secure.gravatar.com\\\/avatar\\\/6b0eb9d22841282815e2cd856a0061c45e1761cd54b22e952d98c4746939aa85?s=96&r=g\",\"url\":\"https:\\\/\\\/secure.gravatar.com\\\/avatar\\\/6b0eb9d22841282815e2cd856a0061c45e1761cd54b22e952d98c4746939aa85?s=96&r=g\",\"contentUrl\":\"https:\\\/\\\/secure.gravatar.com\\\/avatar\\\/6b0eb9d22841282815e2cd856a0061c45e1761cd54b22e952d98c4746939aa85?s=96&r=g\",\"caption\":\"Michele\"},\"description\":\"Formada em Letras - Portugu\u00eas\\\/ Ingl\u00eas, e idealizadora do site Escritora de Sucesso, busca expandir o conhecimento de todos com informa\u00e7\u00f5es relevantes sobre diversos assuntos, enquanto redatora. No Vaga de Emprego RJ, traz oportunidades e dicas sobre o mercado de trabalho.\",\"url\":\"https:\\\/\\\/www.vagadeempregorj.com.br\\\/en\\\/author\\\/michele\\\/\"}]}<\/script>\n<!-- \/ Yoast SEO plugin. -->","yoast_head_json":{"title":"Unimed has job openings across the country; see the positions available.","description":"Check out Job Vacancies in RJ for job openings with and without experience in your state and region!","robots":{"index":"index","follow":"follow","max-snippet":"max-snippet:-1","max-image-preview":"max-image-preview:large","max-video-preview":"max-video-preview:-1"},"canonical":"https:\/\/www.vagadeempregorj.com.br\/en\/unimed-has-job-openings-across-the-country-see-the-positions\/","og_locale":"en_US","og_type":"article","og_title":"Unimed tem vagas de emprego abertas pelo pa\u00eds; veja os cargos -","og_description":"Veja em Vagas de Emprego RJ as vagas de emprego com e sem experi\u00eancia no seu Estado e Regi\u00e3o!","og_url":"https:\/\/www.vagadeempregorj.com.br\/en\/unimed-has-job-openings-across-the-country-see-the-positions\/","article_publisher":"https:\/\/www.facebook.com\/empregobrasiloficial","article_published_time":"2024-06-17T04:00:00+00:00","article_modified_time":"2025-06-14T16:09:39+00:00","og_image":[{"width":600,"height":378,"url":"https:\/\/www.vagadeempregorj.com.br\/wp-content\/uploads\/2024\/06\/image-5.png","type":"image\/png"}],"author":"Michele","twitter_card":"summary_large_image","twitter_misc":{"Written by":"Michele","Est. reading time":"3 minutes"},"schema":{"@context":"https:\/\/schema.org","@graph":[{"@type":"Article","@id":"https:\/\/www.vagadeempregorj.com.br\/unimed-tem-vagas-de-emprego-abertas-pelo-pais-veja-os-cargos\/#article","isPartOf":{"@id":"https:\/\/www.vagadeempregorj.com.br\/unimed-tem-vagas-de-emprego-abertas-pelo-pais-veja-os-cargos\/"},"author":{"name":"Michele","@id":"https:\/\/www.vagadeempregorj.com.br\/#\/schema\/person\/3ddb19fa0539706786e502152f3aae95"},"headline":"Unimed tem vagas de emprego abertas pelo pa\u00eds; veja os cargos","datePublished":"2024-06-17T04:00:00+00:00","dateModified":"2025-06-14T16:09:39+00:00","mainEntityOfPage":{"@id":"https:\/\/www.vagadeempregorj.com.br\/unimed-tem-vagas-de-emprego-abertas-pelo-pais-veja-os-cargos\/"},"wordCount":607,"image":{"@id":"https:\/\/www.vagadeempregorj.com.br\/unimed-tem-vagas-de-emprego-abertas-pelo-pais-veja-os-cargos\/#primaryimage"},"thumbnailUrl":"https:\/\/www.vagadeempregorj.com.br\/wp-content\/uploads\/2024\/06\/image-5.png","articleSection":["Vagas de Emprego Nacionais"],"inLanguage":"en-US"},{"@type":"WebPage","@id":"https:\/\/www.vagadeempregorj.com.br\/unimed-tem-vagas-de-emprego-abertas-pelo-pais-veja-os-cargos\/","url":"https:\/\/www.vagadeempregorj.com.br\/unimed-tem-vagas-de-emprego-abertas-pelo-pais-veja-os-cargos\/","name":"Unimed has job openings across the country; see the positions available.","isPartOf":{"@id":"https:\/\/www.vagadeempregorj.com.br\/#website"},"primaryImageOfPage":{"@id":"https:\/\/www.vagadeempregorj.com.br\/unimed-tem-vagas-de-emprego-abertas-pelo-pais-veja-os-cargos\/#primaryimage"},"image":{"@id":"https:\/\/www.vagadeempregorj.com.br\/unimed-tem-vagas-de-emprego-abertas-pelo-pais-veja-os-cargos\/#primaryimage"},"thumbnailUrl":"https:\/\/www.vagadeempregorj.com.br\/wp-content\/uploads\/2024\/06\/image-5.png","datePublished":"2024-06-17T04:00:00+00:00","dateModified":"2025-06-14T16:09:39+00:00","author":{"@id":"https:\/\/www.vagadeempregorj.com.br\/#\/schema\/person\/3ddb19fa0539706786e502152f3aae95"},"description":"Check out Job Vacancies in RJ for job openings with and without experience in your state and region!","breadcrumb":{"@id":"https:\/\/www.vagadeempregorj.com.br\/unimed-tem-vagas-de-emprego-abertas-pelo-pais-veja-os-cargos\/#breadcrumb"},"inLanguage":"en-US","potentialAction":[{"@type":"ReadAction","target":["https:\/\/www.vagadeempregorj.com.br\/unimed-tem-vagas-de-emprego-abertas-pelo-pais-veja-os-cargos\/"]}]},{"@type":"ImageObject","inLanguage":"en-US","@id":"https:\/\/www.vagadeempregorj.com.br\/unimed-tem-vagas-de-emprego-abertas-pelo-pais-veja-os-cargos\/#primaryimage","url":"https:\/\/www.vagadeempregorj.com.br\/wp-content\/uploads\/2024\/06\/image-5.png","contentUrl":"https:\/\/www.vagadeempregorj.com.br\/wp-content\/uploads\/2024\/06\/image-5.png","width":600,"height":378},{"@type":"BreadcrumbList","@id":"https:\/\/www.vagadeempregorj.com.br\/unimed-tem-vagas-de-emprego-abertas-pelo-pais-veja-os-cargos\/#breadcrumb","itemListElement":[{"@type":"ListItem","position":1,"name":"In\u00edcio","item":"https:\/\/www.vagadeempregorj.com.br\/"},{"@type":"ListItem","position":2,"name":"Vagas de Emprego Nacionais","item":"https:\/\/www.vagadeempregorj.com.br\/vagas-de-emprego-nacionais\/"},{"@type":"ListItem","position":3,"name":"Unimed tem vagas de emprego abertas pelo pa\u00eds; veja os cargos"}]},{"@type":"WebSite","@id":"https:\/\/www.vagadeempregorj.com.br\/#website","url":"https:\/\/www.vagadeempregorj.com.br\/","name":"","description":"Achieve Dreams: Jobs, Benefits, and Savings to Transform Lives and Achieve Everyday Improvements","potentialAction":[{"@type":"SearchAction","target":{"@type":"EntryPoint","urlTemplate":"https:\/\/www.vagadeempregorj.com.br\/?s={search_term_string}"},"query-input":{"@type":"PropertyValueSpecification","valueRequired":true,"valueName":"search_term_string"}}],"inLanguage":"en-US"},{"@type":"Person","@id":"https:\/\/www.vagadeempregorj.com.br\/#\/schema\/person\/3ddb19fa0539706786e502152f3aae95","name":"Michele","image":{"@type":"ImageObject","inLanguage":"en-US","@id":"https:\/\/secure.gravatar.com\/avatar\/6b0eb9d22841282815e2cd856a0061c45e1761cd54b22e952d98c4746939aa85?s=96&r=g","url":"https:\/\/secure.gravatar.com\/avatar\/6b0eb9d22841282815e2cd856a0061c45e1761cd54b22e952d98c4746939aa85?s=96&r=g","contentUrl":"https:\/\/secure.gravatar.com\/avatar\/6b0eb9d22841282815e2cd856a0061c45e1761cd54b22e952d98c4746939aa85?s=96&r=g","caption":"Michele"},"description":"With a degree in Literature (Portuguese\/English), and the creator of the website Escritora de Sucesso, she works as a writer to expand everyone&#039;s knowledge with relevant information on a variety of topics. At Vaga de Emprego RJ, she provides opportunities and tips on the job market.","url":"https:\/\/www.vagadeempregorj.com.br\/en\/author\/michele\/"}]}},"_links":{"self":[{"href":"https:\/\/www.vagadeempregorj.com.br\/en\/wp-json\/wp\/v2\/posts\/39701","targetHints":{"allow":["GET"]}}],"collection":[{"href":"https:\/\/www.vagadeempregorj.com.br\/en\/wp-json\/wp\/v2\/posts"}],"about":[{"href":"https:\/\/www.vagadeempregorj.com.br\/en\/wp-json\/wp\/v2\/types\/post"}],"author":[{"embeddable":true,"href":"https:\/\/www.vagadeempregorj.com.br\/en\/wp-json\/wp\/v2\/users\/16"}],"replies":[{"embeddable":true,"href":"https:\/\/www.vagadeempregorj.com.br\/en\/wp-json\/wp\/v2\/comments?post=39701"}],"version-history":[{"count":1,"href":"https:\/\/www.vagadeempregorj.com.br\/en\/wp-json\/wp\/v2\/posts\/39701\/revisions"}],"predecessor-version":[{"id":43516,"href":"https:\/\/www.vagadeempregorj.com.br\/en\/wp-json\/wp\/v2\/posts\/39701\/revisions\/43516"}],"wp:featuredmedia":[{"embeddable":true,"href":"https:\/\/www.vagadeempregorj.com.br\/en\/wp-json\/wp\/v2\/media\/39713"}],"wp:attachment":[{"href":"https:\/\/www.vagadeempregorj.com.br\/en\/wp-json\/wp\/v2\/media?parent=39701"}],"wp:term":[{"taxonomy":"category","embeddable":true,"href":"https:\/\/www.vagadeempregorj.com.br\/en\/wp-json\/wp\/v2\/categories?post=39701"},{"taxonomy":"post_tag","embeddable":true,"href":"https:\/\/www.vagadeempregorj.com.br\/en\/wp-json\/wp\/v2\/tags?post=39701"}],"curies":[{"name":"wp","href":"https:\/\/api.w.org\/{rel}","templated":true}]}}