{"id":40155,"date":"2024-08-16T06:00:00","date_gmt":"2024-08-16T09:00:00","guid":{"rendered":"https:\/\/www.vagadeempregorj.com.br\/?p=40155"},"modified":"2024-08-15T13:23:22","modified_gmt":"2024-08-15T16:23:22","slug":"ambev-has-more-than-400-job-openings-across-the-country","status":"publish","type":"post","link":"https:\/\/www.vagadeempregorj.com.br\/en\/ambev-tem-mais-de-400-vagas-de-emprego-pelo-pais\/","title":{"rendered":"Ambev has more than 400 job openings across the country"},"content":{"rendered":"<p>THE <strong>Ambev<\/strong>, A giant in the beverage industry, [Company Name], has opened more than 400 job vacancies across Brazil. With a history marked by innovation and valuing its employees, the company offers opportunities for professionals from various fields and experience levels. This is an excellent chance for those seeking to join a company recognized for its high-performance culture and social impact.<\/p>\n\n\n\n<h2 class=\"wp-block-heading\">About Ambev<\/h2>\n\n\n\n<p>Ambev is one of the largest beverage companies in the world, with a portfolio that includes brands such as Skol, Brahma, Antarctica, Guaran\u00e1 Antarctica, and Pepsi. Founded in 1999, the company was born from the merger between Brahma and Antarctica and quickly established itself as a leader in the Brazilian and international markets.&nbsp;<\/p>\n\n\n\n<p>In addition to producing and marketing beverages, Ambev stands out for its commitment to sustainability and innovation, constantly seeking new ways to reduce its environmental impact and contribute to society.<\/p>\n\n\n\n<figure class=\"wp-block-image size-full is-resized\"><img loading=\"lazy\" decoding=\"async\" width=\"816\" height=\"424\" src=\"https:\/\/www.vagadeempregorj.com.br\/wp-content\/uploads\/2024\/08\/image-14.png\" alt=\"\" class=\"wp-image-40163\" style=\"width:840px;height:auto\" srcset=\"https:\/\/www.vagadeempregorj.com.br\/wp-content\/uploads\/2024\/08\/image-14.png 816w, https:\/\/www.vagadeempregorj.com.br\/wp-content\/uploads\/2024\/08\/image-14-300x156.png 300w, https:\/\/www.vagadeempregorj.com.br\/wp-content\/uploads\/2024\/08\/image-14-768x399.png 768w, https:\/\/www.vagadeempregorj.com.br\/wp-content\/uploads\/2024\/08\/image-14-150x78.png 150w\" sizes=\"auto, (max-width: 816px) 100vw, 816px\" \/><\/figure>\n\n\n\n<p>With a presence in over 15 countries and approximately 100 production centers, Ambev employs thousands of people worldwide. The company is known for offering a dynamic work environment where meritocracy and continuous development are fundamental pillars. For those who wish to be part of an organization that values talent and encourages professional growth, Ambev is an excellent choice.<\/p>\n\n\n\n<h2 class=\"wp-block-heading\">Available positions at Ambev<\/h2>\n\n\n\n<p>The more than 400 job openings at Ambev cover different areas and professional profiles, offering opportunities for both those starting their careers and those with experience. Among the vacancies, positions stand out in sectors such as production, logistics, sales, marketing, information technology, and human resources.<\/p>\n\n\n\n<p>In the production sector, there are opportunities for machine operators, maintenance technicians, and production supervisors. In logistics, vacancies include drivers, delivery assistants, and logistics analysts. For those interested in sales and marketing, Ambev is seeking professionals to work as sales representatives, marketing analysts, and sales managers.<\/p>\n\n\n\n<p>In addition to these areas, Ambev also offers positions in information technology, focusing on software developers, data analysts, and cybersecurity specialists. In the human resources sector, opportunities include positions for HR analysts, development consultants, and training coordinators.<\/p>\n\n\n\n<p>It is worth highlighting that Ambev values diversity and inclusion in its workforce, seeking professionals with different experiences and perspectives. The company believes that diversity is essential for innovation and success in the market, and therefore encourages applications from people of all backgrounds.<\/p>\n\n\n\n<h2 class=\"wp-block-heading\">How to apply<\/h2>\n\n\n\n<p>Interested in one of the vacancies? The application process is simple and can be done entirely online. Ambev uses the Gupy platform to manage its job opportunities, making it easy for candidates to register and allowing them to track the status of their applications in real time.<\/p>\n\n\n\n<p>To apply, follow the steps below:<\/p>\n\n\n\n<ul class=\"wp-block-list\">\n<li>Copy and paste the address <strong>https:\/\/ambev.gupy.io\/<\/strong> in your browser.<\/li>\n\n\n\n<li>Visit the page and find an opportunity that matches your profile and interests.<\/li>\n\n\n\n<li>Click on the desired job posting to read the full description, including requirements and benefits.<\/li>\n\n\n\n<li>If you meet the requirements, click here. <strong>Apply <\/strong>for the vacancy.<\/li>\n\n\n\n<li>Fill out the form with your personal information, professional experience, and academic background.<\/li>\n\n\n\n<li>Send your updated resume and, if necessary, answer any additional questions requested by the company.<\/li>\n\n\n\n<li>Track the status of your application directly on the platform.<\/li>\n<\/ul>\n\n\n\n<p>In addition, it&#039;s important to personalize your resume and highlight your skills and experiences that align with the chosen position. Ambev values candidates who demonstrate proactivity and interest in developing within the company.<\/p>\n\n\n\n<p>For those who stand out, Ambev&#039;s selection process may include online interviews, group activities, and aptitude tests. The company seeks to identify talent that shares its values and wants to contribute to the company&#039;s growth.<\/p>\n\n\n\n<p><strong>See also: <a href=\"https:\/\/www.vagadeempregorj.com.br\/en\/cimed-is-hiring-across-the-country-see-the-available-positions\/\">Cimed is offering job openings across the country; see the positions<\/a><\/strong><\/p>\n\n\n\n<p>August 16, 2024<\/p>","protected":false},"excerpt":{"rendered":"<p>A Ambev, gigante do setor de bebidas, abriu mais de 400 vagas de emprego espalhadas por todo o Brasil. Com uma trajet\u00f3ria marcada pela inova\u00e7\u00e3o e pela valoriza\u00e7\u00e3o de seus colaboradores, a empresa oferece oportunidades para profissionais de diversas \u00e1reas e n\u00edveis de experi\u00eancia. Essa \u00e9 uma excelente chance para quem busca ingressar em uma&hellip;&nbsp;<\/p>","protected":false},"author":16,"featured_media":40163,"comment_status":"closed","ping_status":"closed","sticky":false,"template":"","format":"standard","meta":{"neve_meta_sidebar":"","neve_meta_container":"","neve_meta_enable_content_width":"","neve_meta_content_width":0,"neve_meta_title_alignment":"","neve_meta_author_avatar":"","neve_post_elements_order":"","neve_meta_disable_header":"","neve_meta_disable_footer":"","neve_meta_disable_title":"","footnotes":""},"categories":[123],"tags":[830,608],"class_list":["post-40155","post","type-post","status-publish","format-standard","has-post-thumbnail","hentry","category-vagas-de-emprego-nacionais","tag-empregos","tag-oportunidades"],"yoast_head":"<!-- This site is optimized with the Yoast SEO plugin v27.5 - https:\/\/yoast.com\/product\/yoast-seo-wordpress\/ -->\n<title>Ambev tem mais de 400 vagas de emprego pelo pa\u00eds -<\/title>\n<meta name=\"description\" content=\"Veja em Vagas de Emprego RJ as vagas de emprego com e sem experi\u00eancia no seu Estado e Regi\u00e3o!\" \/>\n<meta name=\"robots\" content=\"index, follow, max-snippet:-1, max-image-preview:large, max-video-preview:-1\" \/>\n<link rel=\"canonical\" href=\"https:\/\/www.vagadeempregorj.com.br\/en\/ambev-has-more-than-400-job-openings-across-the-country\/\" \/>\n<meta property=\"og:locale\" content=\"en_US\" \/>\n<meta property=\"og:type\" content=\"article\" \/>\n<meta property=\"og:title\" content=\"Ambev tem mais de 400 vagas de emprego pelo pa\u00eds -\" \/>\n<meta property=\"og:description\" content=\"Veja em Vagas de Emprego RJ as vagas de emprego com e sem experi\u00eancia no seu Estado e Regi\u00e3o!\" \/>\n<meta property=\"og:url\" content=\"https:\/\/www.vagadeempregorj.com.br\/en\/ambev-has-more-than-400-job-openings-across-the-country\/\" \/>\n<meta property=\"article:publisher\" content=\"https:\/\/www.facebook.com\/empregobrasiloficial\" \/>\n<meta property=\"article:published_time\" content=\"2024-08-16T09:00:00+00:00\" \/>\n<meta property=\"og:image\" content=\"https:\/\/www.vagadeempregorj.com.br\/wp-content\/uploads\/2024\/08\/image-14.png\" \/>\n\t<meta property=\"og:image:width\" content=\"816\" \/>\n\t<meta property=\"og:image:height\" content=\"424\" \/>\n\t<meta property=\"og:image:type\" content=\"image\/png\" \/>\n<meta name=\"author\" content=\"Michele\" \/>\n<meta name=\"twitter:card\" content=\"summary_large_image\" \/>\n<meta name=\"twitter:label1\" content=\"Written by\" \/>\n\t<meta name=\"twitter:data1\" content=\"Michele\" \/>\n\t<meta name=\"twitter:label2\" content=\"Est. reading time\" \/>\n\t<meta name=\"twitter:data2\" content=\"4 minutes\" \/>\n<script type=\"application\/ld+json\" class=\"yoast-schema-graph\">{\"@context\":\"https:\\\/\\\/schema.org\",\"@graph\":[{\"@type\":\"Article\",\"@id\":\"https:\\\/\\\/www.vagadeempregorj.com.br\\\/ambev-tem-mais-de-400-vagas-de-emprego-pelo-pais\\\/#article\",\"isPartOf\":{\"@id\":\"https:\\\/\\\/www.vagadeempregorj.com.br\\\/ambev-tem-mais-de-400-vagas-de-emprego-pelo-pais\\\/\"},\"author\":{\"name\":\"Michele\",\"@id\":\"https:\\\/\\\/www.vagadeempregorj.com.br\\\/#\\\/schema\\\/person\\\/3ddb19fa0539706786e502152f3aae95\"},\"headline\":\"Ambev tem mais de 400 vagas de emprego pelo pa\u00eds\",\"datePublished\":\"2024-08-16T09:00:00+00:00\",\"mainEntityOfPage\":{\"@id\":\"https:\\\/\\\/www.vagadeempregorj.com.br\\\/ambev-tem-mais-de-400-vagas-de-emprego-pelo-pais\\\/\"},\"wordCount\":713,\"image\":{\"@id\":\"https:\\\/\\\/www.vagadeempregorj.com.br\\\/ambev-tem-mais-de-400-vagas-de-emprego-pelo-pais\\\/#primaryimage\"},\"thumbnailUrl\":\"https:\\\/\\\/www.vagadeempregorj.com.br\\\/wp-content\\\/uploads\\\/2024\\\/08\\\/image-14.png\",\"keywords\":[\"empregos\",\"oportunidades\"],\"articleSection\":[\"Vagas de Emprego Nacionais\"],\"inLanguage\":\"en-US\"},{\"@type\":\"WebPage\",\"@id\":\"https:\\\/\\\/www.vagadeempregorj.com.br\\\/ambev-tem-mais-de-400-vagas-de-emprego-pelo-pais\\\/\",\"url\":\"https:\\\/\\\/www.vagadeempregorj.com.br\\\/ambev-tem-mais-de-400-vagas-de-emprego-pelo-pais\\\/\",\"name\":\"Ambev tem mais de 400 vagas de emprego pelo pa\u00eds -\",\"isPartOf\":{\"@id\":\"https:\\\/\\\/www.vagadeempregorj.com.br\\\/#website\"},\"primaryImageOfPage\":{\"@id\":\"https:\\\/\\\/www.vagadeempregorj.com.br\\\/ambev-tem-mais-de-400-vagas-de-emprego-pelo-pais\\\/#primaryimage\"},\"image\":{\"@id\":\"https:\\\/\\\/www.vagadeempregorj.com.br\\\/ambev-tem-mais-de-400-vagas-de-emprego-pelo-pais\\\/#primaryimage\"},\"thumbnailUrl\":\"https:\\\/\\\/www.vagadeempregorj.com.br\\\/wp-content\\\/uploads\\\/2024\\\/08\\\/image-14.png\",\"datePublished\":\"2024-08-16T09:00:00+00:00\",\"author\":{\"@id\":\"https:\\\/\\\/www.vagadeempregorj.com.br\\\/#\\\/schema\\\/person\\\/3ddb19fa0539706786e502152f3aae95\"},\"description\":\"Veja em Vagas de Emprego RJ as vagas de emprego com e sem experi\u00eancia no seu Estado e Regi\u00e3o!\",\"breadcrumb\":{\"@id\":\"https:\\\/\\\/www.vagadeempregorj.com.br\\\/ambev-tem-mais-de-400-vagas-de-emprego-pelo-pais\\\/#breadcrumb\"},\"inLanguage\":\"en-US\",\"potentialAction\":[{\"@type\":\"ReadAction\",\"target\":[\"https:\\\/\\\/www.vagadeempregorj.com.br\\\/ambev-tem-mais-de-400-vagas-de-emprego-pelo-pais\\\/\"]}]},{\"@type\":\"ImageObject\",\"inLanguage\":\"en-US\",\"@id\":\"https:\\\/\\\/www.vagadeempregorj.com.br\\\/ambev-tem-mais-de-400-vagas-de-emprego-pelo-pais\\\/#primaryimage\",\"url\":\"https:\\\/\\\/www.vagadeempregorj.com.br\\\/wp-content\\\/uploads\\\/2024\\\/08\\\/image-14.png\",\"contentUrl\":\"https:\\\/\\\/www.vagadeempregorj.com.br\\\/wp-content\\\/uploads\\\/2024\\\/08\\\/image-14.png\",\"width\":816,\"height\":424},{\"@type\":\"BreadcrumbList\",\"@id\":\"https:\\\/\\\/www.vagadeempregorj.com.br\\\/ambev-tem-mais-de-400-vagas-de-emprego-pelo-pais\\\/#breadcrumb\",\"itemListElement\":[{\"@type\":\"ListItem\",\"position\":1,\"name\":\"In\u00edcio\",\"item\":\"https:\\\/\\\/www.vagadeempregorj.com.br\\\/\"},{\"@type\":\"ListItem\",\"position\":2,\"name\":\"Vagas de Emprego Nacionais\",\"item\":\"https:\\\/\\\/www.vagadeempregorj.com.br\\\/vagas-de-emprego-nacionais\\\/\"},{\"@type\":\"ListItem\",\"position\":3,\"name\":\"Ambev tem mais de 400 vagas de emprego pelo pa\u00eds\"}]},{\"@type\":\"WebSite\",\"@id\":\"https:\\\/\\\/www.vagadeempregorj.com.br\\\/#website\",\"url\":\"https:\\\/\\\/www.vagadeempregorj.com.br\\\/\",\"name\":\"\",\"description\":\"Conquiste Sonhos: Vagas, Benef\u00edcios e Economia para Transformar Vidas e Alcan\u00e7ar Melhorias Cotidianas\",\"potentialAction\":[{\"@type\":\"SearchAction\",\"target\":{\"@type\":\"EntryPoint\",\"urlTemplate\":\"https:\\\/\\\/www.vagadeempregorj.com.br\\\/?s={search_term_string}\"},\"query-input\":{\"@type\":\"PropertyValueSpecification\",\"valueRequired\":true,\"valueName\":\"search_term_string\"}}],\"inLanguage\":\"en-US\"},{\"@type\":\"Person\",\"@id\":\"https:\\\/\\\/www.vagadeempregorj.com.br\\\/#\\\/schema\\\/person\\\/3ddb19fa0539706786e502152f3aae95\",\"name\":\"Michele\",\"image\":{\"@type\":\"ImageObject\",\"inLanguage\":\"en-US\",\"@id\":\"https:\\\/\\\/secure.gravatar.com\\\/avatar\\\/6b0eb9d22841282815e2cd856a0061c45e1761cd54b22e952d98c4746939aa85?s=96&r=g\",\"url\":\"https:\\\/\\\/secure.gravatar.com\\\/avatar\\\/6b0eb9d22841282815e2cd856a0061c45e1761cd54b22e952d98c4746939aa85?s=96&r=g\",\"contentUrl\":\"https:\\\/\\\/secure.gravatar.com\\\/avatar\\\/6b0eb9d22841282815e2cd856a0061c45e1761cd54b22e952d98c4746939aa85?s=96&r=g\",\"caption\":\"Michele\"},\"description\":\"Formada em Letras - Portugu\u00eas\\\/ Ingl\u00eas, e idealizadora do site Escritora de Sucesso, busca expandir o conhecimento de todos com informa\u00e7\u00f5es relevantes sobre diversos assuntos, enquanto redatora. No Vaga de Emprego RJ, traz oportunidades e dicas sobre o mercado de trabalho.\",\"url\":\"https:\\\/\\\/www.vagadeempregorj.com.br\\\/en\\\/author\\\/michele\\\/\"}]}<\/script>\n<!-- \/ Yoast SEO plugin. -->","yoast_head_json":{"title":"Ambev has more than 400 job openings across the country.","description":"Check out Job Vacancies in RJ for job openings with and without experience in your state and region!","robots":{"index":"index","follow":"follow","max-snippet":"max-snippet:-1","max-image-preview":"max-image-preview:large","max-video-preview":"max-video-preview:-1"},"canonical":"https:\/\/www.vagadeempregorj.com.br\/en\/ambev-has-more-than-400-job-openings-across-the-country\/","og_locale":"en_US","og_type":"article","og_title":"Ambev tem mais de 400 vagas de emprego pelo pa\u00eds -","og_description":"Veja em Vagas de Emprego RJ as vagas de emprego com e sem experi\u00eancia no seu Estado e Regi\u00e3o!","og_url":"https:\/\/www.vagadeempregorj.com.br\/en\/ambev-has-more-than-400-job-openings-across-the-country\/","article_publisher":"https:\/\/www.facebook.com\/empregobrasiloficial","article_published_time":"2024-08-16T09:00:00+00:00","og_image":[{"width":816,"height":424,"url":"https:\/\/www.vagadeempregorj.com.br\/wp-content\/uploads\/2024\/08\/image-14.png","type":"image\/png"}],"author":"Michele","twitter_card":"summary_large_image","twitter_misc":{"Written by":"Michele","Est. reading time":"4 minutes"},"schema":{"@context":"https:\/\/schema.org","@graph":[{"@type":"Article","@id":"https:\/\/www.vagadeempregorj.com.br\/ambev-tem-mais-de-400-vagas-de-emprego-pelo-pais\/#article","isPartOf":{"@id":"https:\/\/www.vagadeempregorj.com.br\/ambev-tem-mais-de-400-vagas-de-emprego-pelo-pais\/"},"author":{"name":"Michele","@id":"https:\/\/www.vagadeempregorj.com.br\/#\/schema\/person\/3ddb19fa0539706786e502152f3aae95"},"headline":"Ambev tem mais de 400 vagas de emprego pelo pa\u00eds","datePublished":"2024-08-16T09:00:00+00:00","mainEntityOfPage":{"@id":"https:\/\/www.vagadeempregorj.com.br\/ambev-tem-mais-de-400-vagas-de-emprego-pelo-pais\/"},"wordCount":713,"image":{"@id":"https:\/\/www.vagadeempregorj.com.br\/ambev-tem-mais-de-400-vagas-de-emprego-pelo-pais\/#primaryimage"},"thumbnailUrl":"https:\/\/www.vagadeempregorj.com.br\/wp-content\/uploads\/2024\/08\/image-14.png","keywords":["empregos","oportunidades"],"articleSection":["Vagas de Emprego Nacionais"],"inLanguage":"en-US"},{"@type":"WebPage","@id":"https:\/\/www.vagadeempregorj.com.br\/ambev-tem-mais-de-400-vagas-de-emprego-pelo-pais\/","url":"https:\/\/www.vagadeempregorj.com.br\/ambev-tem-mais-de-400-vagas-de-emprego-pelo-pais\/","name":"Ambev has more than 400 job openings across the country.","isPartOf":{"@id":"https:\/\/www.vagadeempregorj.com.br\/#website"},"primaryImageOfPage":{"@id":"https:\/\/www.vagadeempregorj.com.br\/ambev-tem-mais-de-400-vagas-de-emprego-pelo-pais\/#primaryimage"},"image":{"@id":"https:\/\/www.vagadeempregorj.com.br\/ambev-tem-mais-de-400-vagas-de-emprego-pelo-pais\/#primaryimage"},"thumbnailUrl":"https:\/\/www.vagadeempregorj.com.br\/wp-content\/uploads\/2024\/08\/image-14.png","datePublished":"2024-08-16T09:00:00+00:00","author":{"@id":"https:\/\/www.vagadeempregorj.com.br\/#\/schema\/person\/3ddb19fa0539706786e502152f3aae95"},"description":"Check out Job Vacancies in RJ for job openings with and without experience in your state and region!","breadcrumb":{"@id":"https:\/\/www.vagadeempregorj.com.br\/ambev-tem-mais-de-400-vagas-de-emprego-pelo-pais\/#breadcrumb"},"inLanguage":"en-US","potentialAction":[{"@type":"ReadAction","target":["https:\/\/www.vagadeempregorj.com.br\/ambev-tem-mais-de-400-vagas-de-emprego-pelo-pais\/"]}]},{"@type":"ImageObject","inLanguage":"en-US","@id":"https:\/\/www.vagadeempregorj.com.br\/ambev-tem-mais-de-400-vagas-de-emprego-pelo-pais\/#primaryimage","url":"https:\/\/www.vagadeempregorj.com.br\/wp-content\/uploads\/2024\/08\/image-14.png","contentUrl":"https:\/\/www.vagadeempregorj.com.br\/wp-content\/uploads\/2024\/08\/image-14.png","width":816,"height":424},{"@type":"BreadcrumbList","@id":"https:\/\/www.vagadeempregorj.com.br\/ambev-tem-mais-de-400-vagas-de-emprego-pelo-pais\/#breadcrumb","itemListElement":[{"@type":"ListItem","position":1,"name":"In\u00edcio","item":"https:\/\/www.vagadeempregorj.com.br\/"},{"@type":"ListItem","position":2,"name":"Vagas de Emprego Nacionais","item":"https:\/\/www.vagadeempregorj.com.br\/vagas-de-emprego-nacionais\/"},{"@type":"ListItem","position":3,"name":"Ambev tem mais de 400 vagas de emprego pelo pa\u00eds"}]},{"@type":"WebSite","@id":"https:\/\/www.vagadeempregorj.com.br\/#website","url":"https:\/\/www.vagadeempregorj.com.br\/","name":"","description":"Achieve Dreams: Jobs, Benefits, and Savings to Transform Lives and Achieve Everyday Improvements","potentialAction":[{"@type":"SearchAction","target":{"@type":"EntryPoint","urlTemplate":"https:\/\/www.vagadeempregorj.com.br\/?s={search_term_string}"},"query-input":{"@type":"PropertyValueSpecification","valueRequired":true,"valueName":"search_term_string"}}],"inLanguage":"en-US"},{"@type":"Person","@id":"https:\/\/www.vagadeempregorj.com.br\/#\/schema\/person\/3ddb19fa0539706786e502152f3aae95","name":"Michele","image":{"@type":"ImageObject","inLanguage":"en-US","@id":"https:\/\/secure.gravatar.com\/avatar\/6b0eb9d22841282815e2cd856a0061c45e1761cd54b22e952d98c4746939aa85?s=96&r=g","url":"https:\/\/secure.gravatar.com\/avatar\/6b0eb9d22841282815e2cd856a0061c45e1761cd54b22e952d98c4746939aa85?s=96&r=g","contentUrl":"https:\/\/secure.gravatar.com\/avatar\/6b0eb9d22841282815e2cd856a0061c45e1761cd54b22e952d98c4746939aa85?s=96&r=g","caption":"Michele"},"description":"With a degree in Literature (Portuguese\/English), and the creator of the website Escritora de Sucesso, she works as a writer to expand everyone&#039;s knowledge with relevant information on a variety of topics. At Vaga de Emprego RJ, she provides opportunities and tips on the job market.","url":"https:\/\/www.vagadeempregorj.com.br\/en\/author\/michele\/"}]}},"_links":{"self":[{"href":"https:\/\/www.vagadeempregorj.com.br\/en\/wp-json\/wp\/v2\/posts\/40155","targetHints":{"allow":["GET"]}}],"collection":[{"href":"https:\/\/www.vagadeempregorj.com.br\/en\/wp-json\/wp\/v2\/posts"}],"about":[{"href":"https:\/\/www.vagadeempregorj.com.br\/en\/wp-json\/wp\/v2\/types\/post"}],"author":[{"embeddable":true,"href":"https:\/\/www.vagadeempregorj.com.br\/en\/wp-json\/wp\/v2\/users\/16"}],"replies":[{"embeddable":true,"href":"https:\/\/www.vagadeempregorj.com.br\/en\/wp-json\/wp\/v2\/comments?post=40155"}],"version-history":[{"count":0,"href":"https:\/\/www.vagadeempregorj.com.br\/en\/wp-json\/wp\/v2\/posts\/40155\/revisions"}],"wp:featuredmedia":[{"embeddable":true,"href":"https:\/\/www.vagadeempregorj.com.br\/en\/wp-json\/wp\/v2\/media\/40163"}],"wp:attachment":[{"href":"https:\/\/www.vagadeempregorj.com.br\/en\/wp-json\/wp\/v2\/media?parent=40155"}],"wp:term":[{"taxonomy":"category","embeddable":true,"href":"https:\/\/www.vagadeempregorj.com.br\/en\/wp-json\/wp\/v2\/categories?post=40155"},{"taxonomy":"post_tag","embeddable":true,"href":"https:\/\/www.vagadeempregorj.com.br\/en\/wp-json\/wp\/v2\/tags?post=40155"}],"curies":[{"name":"wp","href":"https:\/\/api.w.org\/{rel}","templated":true}]}}