{"id":40386,"date":"2024-08-23T07:00:00","date_gmt":"2024-08-23T10:00:00","guid":{"rendered":"https:\/\/www.vagadeempregorj.com.br\/?p=40386"},"modified":"2024-08-21T10:09:30","modified_gmt":"2024-08-21T13:09:30","slug":"vale-is-opening-job-positions-in-mining-and-sustainability","status":"publish","type":"post","link":"https:\/\/www.vagadeempregorj.com.br\/en\/vale-abre-vagas-em-mineracao-e-sustentabilidade\/","title":{"rendered":"Vale is hiring for mining and sustainability positions."},"content":{"rendered":"<p>THE <strong>OK<\/strong>, Manufactured by E2, one of the world&#039;s largest mining companies, has announced new job opportunities in strategic areas such as mining and sustainability. The company, known for its global presence, is seeking professionals who can contribute to its transformation and innovation initiatives, especially at a time when sustainability is becoming increasingly central to its operations.<\/p>\n\n\n\n<h2 class=\"wp-block-heading\">Opportunities in mining<\/h2>\n\n\n\n<p>Job openings in the mining sector are aimed at professionals with experience and technical or higher education. Vale seeks candidates who can contribute to the continuous improvement of its operations, focusing on safety, efficiency, and automation. The company has invested heavily in technology, including the implementation of artificial intelligence and process automation, which has been fundamental in improving productivity and reducing operational risks.<\/p>\n\n\n\n<figure class=\"wp-block-image size-large\"><img loading=\"lazy\" decoding=\"async\" width=\"1024\" height=\"470\" src=\"https:\/\/www.vagadeempregorj.com.br\/wp-content\/uploads\/2024\/08\/image-32-1024x470.png\" alt=\"\" class=\"wp-image-40409\" srcset=\"https:\/\/www.vagadeempregorj.com.br\/wp-content\/uploads\/2024\/08\/image-32-1024x470.png 1024w, https:\/\/www.vagadeempregorj.com.br\/wp-content\/uploads\/2024\/08\/image-32-300x138.png 300w, https:\/\/www.vagadeempregorj.com.br\/wp-content\/uploads\/2024\/08\/image-32-768x353.png 768w, https:\/\/www.vagadeempregorj.com.br\/wp-content\/uploads\/2024\/08\/image-32-1536x706.png 1536w, https:\/\/www.vagadeempregorj.com.br\/wp-content\/uploads\/2024\/08\/image-32-2048x941.png 2048w, https:\/\/www.vagadeempregorj.com.br\/wp-content\/uploads\/2024\/08\/image-32-150x69.png 150w\" sizes=\"auto, (max-width: 1024px) 100vw, 1024px\" \/><\/figure>\n\n\n\n<p>Professionals hired for the mining area will have the opportunity to work on highly relevant projects, with state-of-the-art equipment and cutting-edge technologies, such as autonomous trucks and smart drilling rigs, which are already being used in several Vale operations around the world.<a href=\"https:\/\/www.oliberal.com\/economia\/vale-vence-premio-valor-inovacao-2024-do-setor-de-mineracao-metalurgia-e-siderurgia-1.848703\" target=\"_blank\" rel=\"noreferrer noopener\">The Liberal<\/a>).<\/p>\n\n\n\n<h2 class=\"wp-block-heading\">Sustainability and innovation at Vale<\/h2>\n\n\n\n<p>Vale is also opening positions for professionals in the area of sustainability, focusing on projects aimed at reducing the environmental impact of the company&#039;s operations. The mining company has invested in innovative initiatives, such as the development of new sustainable materials from mining waste and the promotion of practices that favor decarbonization and the circular economy.<\/p>\n\n\n\n<p>Candidates joining the sustainability area will work on projects involving the use of technology to preserve biodiversity and improve environmental management. One of the highlighted projects is the production of a sustainable resin made from PET bottles, which helps control dust dispersion in ore piles, contributing to the reduction of waste disposal and generating income for recyclable material collectors.<\/p>\n\n\n\n<h2 class=\"wp-block-heading\">How to register<\/h2>\n\n\n\n<p><strong>To apply for jobs at Vale, interested parties should visit the website. <a href=\"https:\/\/vale.eightfold.ai\">Vale&#039;s career portal<\/a>, On the website, you can find details about available opportunities and register. Candidates must create a profile with their personal and professional information, as well as answer a questionnaire that helps Vale identify the best fit for each profile.<\/strong><\/p>\n\n\n\n<p>The application process involves filling out a form with basic information and details about the candidate&#039;s education and experience. After this stage, candidates will be evaluated through online tests, which vary depending on the desired position. Subsequent stages may include virtual and in-person interviews, as well as group activities to assess technical and behavioral skills.<\/p>\n\n\n\n<p>Vale is committed to promoting diversity and inclusion, seeking to attract talent from different backgrounds and with different perspectives who can contribute to the company&#039;s cultural transformation. Therefore, the selection process is conducted in a way that ensures equal opportunities for all candidates.<\/p>\n\n\n\n<h2 class=\"wp-block-heading\">Come be a part of Vale&#039;s transformation.<\/h2>\n\n\n\n<p>Working at Vale means joining one of the most innovative and sustainable companies in the mining sector. If you are looking for a dynamic and challenging work environment where innovation and sustainability are valued, Vale may be the ideal place for the next step in your career. Access the careers portal and apply for available positions, contributing to building a more sustainable and secure future for mining and the planet.<\/p>\n\n\n\n<p><strong>See also: <a href=\"https:\/\/www.vagadeempregorj.com.br\/en\/magazine-luiza-opens-more-than-100-job-vacancies-across-the-country\/\">Magazine Luiza opens more than 100 job openings across the country<\/a><\/strong><\/p>\n\n\n\n<p>August 23, 2024<\/p>","protected":false},"excerpt":{"rendered":"<p>A Vale, uma das maiores mineradoras do mundo, anunciou novas oportunidades de emprego em \u00e1reas estrat\u00e9gicas como minera\u00e7\u00e3o e sustentabilidade. A empresa, conhecida por sua atua\u00e7\u00e3o global, est\u00e1 em busca de profissionais que possam contribuir com suas iniciativas de transforma\u00e7\u00e3o e inova\u00e7\u00e3o, especialmente em um momento em que a sustentabilidade se torna cada vez mais&hellip;&nbsp;<\/p>","protected":false},"author":16,"featured_media":40409,"comment_status":"closed","ping_status":"closed","sticky":false,"template":"","format":"standard","meta":{"neve_meta_sidebar":"","neve_meta_container":"","neve_meta_enable_content_width":"","neve_meta_content_width":0,"neve_meta_title_alignment":"","neve_meta_author_avatar":"","neve_post_elements_order":"","neve_meta_disable_header":"","neve_meta_disable_footer":"","neve_meta_disable_title":"","footnotes":""},"categories":[123],"tags":[],"class_list":["post-40386","post","type-post","status-publish","format-standard","has-post-thumbnail","hentry","category-vagas-de-emprego-nacionais"],"yoast_head":"<!-- This site is optimized with the Yoast SEO plugin v27.5 - https:\/\/yoast.com\/product\/yoast-seo-wordpress\/ -->\n<title>Vale abre vagas em minera\u00e7\u00e3o e sustentabilidade -<\/title>\n<meta name=\"description\" content=\"Veja em Vagas de Emprego RJ as vagas de emprego com e sem experi\u00eancia no seu Estado e Regi\u00e3o!\" \/>\n<meta name=\"robots\" content=\"index, follow, max-snippet:-1, max-image-preview:large, max-video-preview:-1\" \/>\n<link rel=\"canonical\" href=\"https:\/\/www.vagadeempregorj.com.br\/en\/vale-is-opening-job-positions-in-mining-and-sustainability\/\" \/>\n<meta property=\"og:locale\" content=\"en_US\" \/>\n<meta property=\"og:type\" content=\"article\" \/>\n<meta property=\"og:title\" content=\"Vale abre vagas em minera\u00e7\u00e3o e sustentabilidade -\" \/>\n<meta property=\"og:description\" content=\"Veja em Vagas de Emprego RJ as vagas de emprego com e sem experi\u00eancia no seu Estado e Regi\u00e3o!\" \/>\n<meta property=\"og:url\" content=\"https:\/\/www.vagadeempregorj.com.br\/en\/vale-is-opening-job-positions-in-mining-and-sustainability\/\" \/>\n<meta property=\"article:publisher\" content=\"https:\/\/www.facebook.com\/empregobrasiloficial\" \/>\n<meta property=\"article:published_time\" content=\"2024-08-23T10:00:00+00:00\" \/>\n<meta property=\"og:image\" content=\"https:\/\/www.vagadeempregorj.com.br\/wp-content\/uploads\/2024\/08\/image-32-1024x470.png\" \/>\n\t<meta property=\"og:image:width\" content=\"1024\" \/>\n\t<meta property=\"og:image:height\" content=\"470\" \/>\n\t<meta property=\"og:image:type\" content=\"image\/png\" \/>\n<meta name=\"author\" content=\"Michele\" \/>\n<meta name=\"twitter:card\" content=\"summary_large_image\" \/>\n<meta name=\"twitter:label1\" content=\"Written by\" \/>\n\t<meta name=\"twitter:data1\" content=\"Michele\" \/>\n\t<meta name=\"twitter:label2\" content=\"Est. reading time\" \/>\n\t<meta name=\"twitter:data2\" content=\"3 minutes\" \/>\n<script type=\"application\/ld+json\" class=\"yoast-schema-graph\">{\"@context\":\"https:\\\/\\\/schema.org\",\"@graph\":[{\"@type\":\"Article\",\"@id\":\"https:\\\/\\\/www.vagadeempregorj.com.br\\\/vale-abre-vagas-em-mineracao-e-sustentabilidade\\\/#article\",\"isPartOf\":{\"@id\":\"https:\\\/\\\/www.vagadeempregorj.com.br\\\/vale-abre-vagas-em-mineracao-e-sustentabilidade\\\/\"},\"author\":{\"name\":\"Michele\",\"@id\":\"https:\\\/\\\/www.vagadeempregorj.com.br\\\/#\\\/schema\\\/person\\\/3ddb19fa0539706786e502152f3aae95\"},\"headline\":\"Vale abre vagas em minera\u00e7\u00e3o e sustentabilidade\",\"datePublished\":\"2024-08-23T10:00:00+00:00\",\"mainEntityOfPage\":{\"@id\":\"https:\\\/\\\/www.vagadeempregorj.com.br\\\/vale-abre-vagas-em-mineracao-e-sustentabilidade\\\/\"},\"wordCount\":677,\"image\":{\"@id\":\"https:\\\/\\\/www.vagadeempregorj.com.br\\\/vale-abre-vagas-em-mineracao-e-sustentabilidade\\\/#primaryimage\"},\"thumbnailUrl\":\"https:\\\/\\\/www.vagadeempregorj.com.br\\\/wp-content\\\/uploads\\\/2024\\\/08\\\/image-32.png\",\"articleSection\":[\"Vagas de Emprego Nacionais\"],\"inLanguage\":\"en-US\"},{\"@type\":\"WebPage\",\"@id\":\"https:\\\/\\\/www.vagadeempregorj.com.br\\\/vale-abre-vagas-em-mineracao-e-sustentabilidade\\\/\",\"url\":\"https:\\\/\\\/www.vagadeempregorj.com.br\\\/vale-abre-vagas-em-mineracao-e-sustentabilidade\\\/\",\"name\":\"Vale abre vagas em minera\u00e7\u00e3o e sustentabilidade -\",\"isPartOf\":{\"@id\":\"https:\\\/\\\/www.vagadeempregorj.com.br\\\/#website\"},\"primaryImageOfPage\":{\"@id\":\"https:\\\/\\\/www.vagadeempregorj.com.br\\\/vale-abre-vagas-em-mineracao-e-sustentabilidade\\\/#primaryimage\"},\"image\":{\"@id\":\"https:\\\/\\\/www.vagadeempregorj.com.br\\\/vale-abre-vagas-em-mineracao-e-sustentabilidade\\\/#primaryimage\"},\"thumbnailUrl\":\"https:\\\/\\\/www.vagadeempregorj.com.br\\\/wp-content\\\/uploads\\\/2024\\\/08\\\/image-32.png\",\"datePublished\":\"2024-08-23T10:00:00+00:00\",\"author\":{\"@id\":\"https:\\\/\\\/www.vagadeempregorj.com.br\\\/#\\\/schema\\\/person\\\/3ddb19fa0539706786e502152f3aae95\"},\"description\":\"Veja em Vagas de Emprego RJ as vagas de emprego com e sem experi\u00eancia no seu Estado e Regi\u00e3o!\",\"breadcrumb\":{\"@id\":\"https:\\\/\\\/www.vagadeempregorj.com.br\\\/vale-abre-vagas-em-mineracao-e-sustentabilidade\\\/#breadcrumb\"},\"inLanguage\":\"en-US\",\"potentialAction\":[{\"@type\":\"ReadAction\",\"target\":[\"https:\\\/\\\/www.vagadeempregorj.com.br\\\/vale-abre-vagas-em-mineracao-e-sustentabilidade\\\/\"]}]},{\"@type\":\"ImageObject\",\"inLanguage\":\"en-US\",\"@id\":\"https:\\\/\\\/www.vagadeempregorj.com.br\\\/vale-abre-vagas-em-mineracao-e-sustentabilidade\\\/#primaryimage\",\"url\":\"https:\\\/\\\/www.vagadeempregorj.com.br\\\/wp-content\\\/uploads\\\/2024\\\/08\\\/image-32.png\",\"contentUrl\":\"https:\\\/\\\/www.vagadeempregorj.com.br\\\/wp-content\\\/uploads\\\/2024\\\/08\\\/image-32.png\",\"width\":2882,\"height\":1324},{\"@type\":\"BreadcrumbList\",\"@id\":\"https:\\\/\\\/www.vagadeempregorj.com.br\\\/vale-abre-vagas-em-mineracao-e-sustentabilidade\\\/#breadcrumb\",\"itemListElement\":[{\"@type\":\"ListItem\",\"position\":1,\"name\":\"In\u00edcio\",\"item\":\"https:\\\/\\\/www.vagadeempregorj.com.br\\\/\"},{\"@type\":\"ListItem\",\"position\":2,\"name\":\"Vagas de Emprego Nacionais\",\"item\":\"https:\\\/\\\/www.vagadeempregorj.com.br\\\/vagas-de-emprego-nacionais\\\/\"},{\"@type\":\"ListItem\",\"position\":3,\"name\":\"Vale abre vagas em minera\u00e7\u00e3o e sustentabilidade\"}]},{\"@type\":\"WebSite\",\"@id\":\"https:\\\/\\\/www.vagadeempregorj.com.br\\\/#website\",\"url\":\"https:\\\/\\\/www.vagadeempregorj.com.br\\\/\",\"name\":\"\",\"description\":\"Conquiste Sonhos: Vagas, Benef\u00edcios e Economia para Transformar Vidas e Alcan\u00e7ar Melhorias Cotidianas\",\"potentialAction\":[{\"@type\":\"SearchAction\",\"target\":{\"@type\":\"EntryPoint\",\"urlTemplate\":\"https:\\\/\\\/www.vagadeempregorj.com.br\\\/?s={search_term_string}\"},\"query-input\":{\"@type\":\"PropertyValueSpecification\",\"valueRequired\":true,\"valueName\":\"search_term_string\"}}],\"inLanguage\":\"en-US\"},{\"@type\":\"Person\",\"@id\":\"https:\\\/\\\/www.vagadeempregorj.com.br\\\/#\\\/schema\\\/person\\\/3ddb19fa0539706786e502152f3aae95\",\"name\":\"Michele\",\"image\":{\"@type\":\"ImageObject\",\"inLanguage\":\"en-US\",\"@id\":\"https:\\\/\\\/secure.gravatar.com\\\/avatar\\\/6b0eb9d22841282815e2cd856a0061c45e1761cd54b22e952d98c4746939aa85?s=96&r=g\",\"url\":\"https:\\\/\\\/secure.gravatar.com\\\/avatar\\\/6b0eb9d22841282815e2cd856a0061c45e1761cd54b22e952d98c4746939aa85?s=96&r=g\",\"contentUrl\":\"https:\\\/\\\/secure.gravatar.com\\\/avatar\\\/6b0eb9d22841282815e2cd856a0061c45e1761cd54b22e952d98c4746939aa85?s=96&r=g\",\"caption\":\"Michele\"},\"description\":\"Formada em Letras - Portugu\u00eas\\\/ Ingl\u00eas, e idealizadora do site Escritora de Sucesso, busca expandir o conhecimento de todos com informa\u00e7\u00f5es relevantes sobre diversos assuntos, enquanto redatora. No Vaga de Emprego RJ, traz oportunidades e dicas sobre o mercado de trabalho.\",\"url\":\"https:\\\/\\\/www.vagadeempregorj.com.br\\\/en\\\/author\\\/michele\\\/\"}]}<\/script>\n<!-- \/ Yoast SEO plugin. -->","yoast_head_json":{"title":"Vale is hiring for positions in mining and sustainability.","description":"Check out Job Vacancies in RJ for job openings with and without experience in your state and region!","robots":{"index":"index","follow":"follow","max-snippet":"max-snippet:-1","max-image-preview":"max-image-preview:large","max-video-preview":"max-video-preview:-1"},"canonical":"https:\/\/www.vagadeempregorj.com.br\/en\/vale-is-opening-job-positions-in-mining-and-sustainability\/","og_locale":"en_US","og_type":"article","og_title":"Vale abre vagas em minera\u00e7\u00e3o e sustentabilidade -","og_description":"Veja em Vagas de Emprego RJ as vagas de emprego com e sem experi\u00eancia no seu Estado e Regi\u00e3o!","og_url":"https:\/\/www.vagadeempregorj.com.br\/en\/vale-is-opening-job-positions-in-mining-and-sustainability\/","article_publisher":"https:\/\/www.facebook.com\/empregobrasiloficial","article_published_time":"2024-08-23T10:00:00+00:00","og_image":[{"width":1024,"height":470,"url":"https:\/\/www.vagadeempregorj.com.br\/wp-content\/uploads\/2024\/08\/image-32-1024x470.png","type":"image\/png"}],"author":"Michele","twitter_card":"summary_large_image","twitter_misc":{"Written by":"Michele","Est. reading time":"3 minutes"},"schema":{"@context":"https:\/\/schema.org","@graph":[{"@type":"Article","@id":"https:\/\/www.vagadeempregorj.com.br\/vale-abre-vagas-em-mineracao-e-sustentabilidade\/#article","isPartOf":{"@id":"https:\/\/www.vagadeempregorj.com.br\/vale-abre-vagas-em-mineracao-e-sustentabilidade\/"},"author":{"name":"Michele","@id":"https:\/\/www.vagadeempregorj.com.br\/#\/schema\/person\/3ddb19fa0539706786e502152f3aae95"},"headline":"Vale abre vagas em minera\u00e7\u00e3o e sustentabilidade","datePublished":"2024-08-23T10:00:00+00:00","mainEntityOfPage":{"@id":"https:\/\/www.vagadeempregorj.com.br\/vale-abre-vagas-em-mineracao-e-sustentabilidade\/"},"wordCount":677,"image":{"@id":"https:\/\/www.vagadeempregorj.com.br\/vale-abre-vagas-em-mineracao-e-sustentabilidade\/#primaryimage"},"thumbnailUrl":"https:\/\/www.vagadeempregorj.com.br\/wp-content\/uploads\/2024\/08\/image-32.png","articleSection":["Vagas de Emprego Nacionais"],"inLanguage":"en-US"},{"@type":"WebPage","@id":"https:\/\/www.vagadeempregorj.com.br\/vale-abre-vagas-em-mineracao-e-sustentabilidade\/","url":"https:\/\/www.vagadeempregorj.com.br\/vale-abre-vagas-em-mineracao-e-sustentabilidade\/","name":"Vale is hiring for positions in mining and sustainability.","isPartOf":{"@id":"https:\/\/www.vagadeempregorj.com.br\/#website"},"primaryImageOfPage":{"@id":"https:\/\/www.vagadeempregorj.com.br\/vale-abre-vagas-em-mineracao-e-sustentabilidade\/#primaryimage"},"image":{"@id":"https:\/\/www.vagadeempregorj.com.br\/vale-abre-vagas-em-mineracao-e-sustentabilidade\/#primaryimage"},"thumbnailUrl":"https:\/\/www.vagadeempregorj.com.br\/wp-content\/uploads\/2024\/08\/image-32.png","datePublished":"2024-08-23T10:00:00+00:00","author":{"@id":"https:\/\/www.vagadeempregorj.com.br\/#\/schema\/person\/3ddb19fa0539706786e502152f3aae95"},"description":"Check out Job Vacancies in RJ for job openings with and without experience in your state and region!","breadcrumb":{"@id":"https:\/\/www.vagadeempregorj.com.br\/vale-abre-vagas-em-mineracao-e-sustentabilidade\/#breadcrumb"},"inLanguage":"en-US","potentialAction":[{"@type":"ReadAction","target":["https:\/\/www.vagadeempregorj.com.br\/vale-abre-vagas-em-mineracao-e-sustentabilidade\/"]}]},{"@type":"ImageObject","inLanguage":"en-US","@id":"https:\/\/www.vagadeempregorj.com.br\/vale-abre-vagas-em-mineracao-e-sustentabilidade\/#primaryimage","url":"https:\/\/www.vagadeempregorj.com.br\/wp-content\/uploads\/2024\/08\/image-32.png","contentUrl":"https:\/\/www.vagadeempregorj.com.br\/wp-content\/uploads\/2024\/08\/image-32.png","width":2882,"height":1324},{"@type":"BreadcrumbList","@id":"https:\/\/www.vagadeempregorj.com.br\/vale-abre-vagas-em-mineracao-e-sustentabilidade\/#breadcrumb","itemListElement":[{"@type":"ListItem","position":1,"name":"In\u00edcio","item":"https:\/\/www.vagadeempregorj.com.br\/"},{"@type":"ListItem","position":2,"name":"Vagas de Emprego Nacionais","item":"https:\/\/www.vagadeempregorj.com.br\/vagas-de-emprego-nacionais\/"},{"@type":"ListItem","position":3,"name":"Vale abre vagas em minera\u00e7\u00e3o e sustentabilidade"}]},{"@type":"WebSite","@id":"https:\/\/www.vagadeempregorj.com.br\/#website","url":"https:\/\/www.vagadeempregorj.com.br\/","name":"","description":"Achieve Dreams: Jobs, Benefits, and Savings to Transform Lives and Achieve Everyday Improvements","potentialAction":[{"@type":"SearchAction","target":{"@type":"EntryPoint","urlTemplate":"https:\/\/www.vagadeempregorj.com.br\/?s={search_term_string}"},"query-input":{"@type":"PropertyValueSpecification","valueRequired":true,"valueName":"search_term_string"}}],"inLanguage":"en-US"},{"@type":"Person","@id":"https:\/\/www.vagadeempregorj.com.br\/#\/schema\/person\/3ddb19fa0539706786e502152f3aae95","name":"Michele","image":{"@type":"ImageObject","inLanguage":"en-US","@id":"https:\/\/secure.gravatar.com\/avatar\/6b0eb9d22841282815e2cd856a0061c45e1761cd54b22e952d98c4746939aa85?s=96&r=g","url":"https:\/\/secure.gravatar.com\/avatar\/6b0eb9d22841282815e2cd856a0061c45e1761cd54b22e952d98c4746939aa85?s=96&r=g","contentUrl":"https:\/\/secure.gravatar.com\/avatar\/6b0eb9d22841282815e2cd856a0061c45e1761cd54b22e952d98c4746939aa85?s=96&r=g","caption":"Michele"},"description":"With a degree in Literature (Portuguese\/English), and the creator of the website Escritora de Sucesso, she works as a writer to expand everyone&#039;s knowledge with relevant information on a variety of topics. At Vaga de Emprego RJ, she provides opportunities and tips on the job market.","url":"https:\/\/www.vagadeempregorj.com.br\/en\/author\/michele\/"}]}},"_links":{"self":[{"href":"https:\/\/www.vagadeempregorj.com.br\/en\/wp-json\/wp\/v2\/posts\/40386","targetHints":{"allow":["GET"]}}],"collection":[{"href":"https:\/\/www.vagadeempregorj.com.br\/en\/wp-json\/wp\/v2\/posts"}],"about":[{"href":"https:\/\/www.vagadeempregorj.com.br\/en\/wp-json\/wp\/v2\/types\/post"}],"author":[{"embeddable":true,"href":"https:\/\/www.vagadeempregorj.com.br\/en\/wp-json\/wp\/v2\/users\/16"}],"replies":[{"embeddable":true,"href":"https:\/\/www.vagadeempregorj.com.br\/en\/wp-json\/wp\/v2\/comments?post=40386"}],"version-history":[{"count":0,"href":"https:\/\/www.vagadeempregorj.com.br\/en\/wp-json\/wp\/v2\/posts\/40386\/revisions"}],"wp:featuredmedia":[{"embeddable":true,"href":"https:\/\/www.vagadeempregorj.com.br\/en\/wp-json\/wp\/v2\/media\/40409"}],"wp:attachment":[{"href":"https:\/\/www.vagadeempregorj.com.br\/en\/wp-json\/wp\/v2\/media?parent=40386"}],"wp:term":[{"taxonomy":"category","embeddable":true,"href":"https:\/\/www.vagadeempregorj.com.br\/en\/wp-json\/wp\/v2\/categories?post=40386"},{"taxonomy":"post_tag","embeddable":true,"href":"https:\/\/www.vagadeempregorj.com.br\/en\/wp-json\/wp\/v2\/tags?post=40386"}],"curies":[{"name":"wp","href":"https:\/\/api.w.org\/{rel}","templated":true}]}}