{"id":40390,"date":"2024-08-25T07:00:00","date_gmt":"2024-08-25T10:00:00","guid":{"rendered":"https:\/\/www.vagadeempregorj.com.br\/?p=40390"},"modified":"2024-08-21T10:12:35","modified_gmt":"2024-08-21T13:12:35","slug":"nubank-is-hiring-professionals-in-it-and-innovation-areas","status":"publish","type":"post","link":"https:\/\/www.vagadeempregorj.com.br\/en\/nubank-contrata-profissionais-em-areas-de-ti-e-inovacao\/","title":{"rendered":"Nubank is hiring professionals in IT and innovation areas"},"content":{"rendered":"<p>THE <strong>Nubank<\/strong>, one of the world&#039;s largest fintechs, is expanding its team by hiring new talent in Information Technology (IT) and innovation. With a culture focused on delivering exceptional customer experiences, Nubank continues to expand its operations, seeking professionals aligned with its mission of simplifying people&#039;s financial lives.<\/p>\n\n\n\n<h2 class=\"wp-block-heading\">Opportunities available at Nubank<\/h2>\n\n\n\n<p>Nubank currently has nearly 700 open positions, primarily in the technology area, reflecting its ongoing need for innovation and new product development. Openings include positions in software engineering, product management, design, and data science. Each of these areas offers opportunities for varying levels of experience, from entry-level to senior positions.<\/p>\n\n\n\n<figure class=\"wp-block-image size-large\"><img loading=\"lazy\" decoding=\"async\" width=\"1024\" height=\"683\" src=\"https:\/\/www.vagadeempregorj.com.br\/wp-content\/uploads\/2024\/08\/image-34-1024x683.png\" alt=\"\" class=\"wp-image-40413\" srcset=\"https:\/\/www.vagadeempregorj.com.br\/wp-content\/uploads\/2024\/08\/image-34-1024x683.png 1024w, https:\/\/www.vagadeempregorj.com.br\/wp-content\/uploads\/2024\/08\/image-34-300x200.png 300w, https:\/\/www.vagadeempregorj.com.br\/wp-content\/uploads\/2024\/08\/image-34-768x512.png 768w, https:\/\/www.vagadeempregorj.com.br\/wp-content\/uploads\/2024\/08\/image-34-150x100.png 150w, https:\/\/www.vagadeempregorj.com.br\/wp-content\/uploads\/2024\/08\/image-34.png 1170w\" sizes=\"auto, (max-width: 1024px) 100vw, 1024px\" \/><\/figure>\n\n\n\n<p>The company also stands out for its diversity and inclusion, striving to build multifaceted teams that bring diverse perspectives to solve financial sector challenges. This approach has been fundamental to Nubank&#039;s success, which today serves over 40 million customers in Brazil.<\/p>\n\n\n\n<h2 class=\"wp-block-heading\">How to apply for Nubank vacancies<\/h2>\n\n\n\n<p><strong>To sign up for one of the opportunities offered by Nubank, the process is entirely online and begins with the application at <a href=\"https:\/\/international.nubank.com.br\">Nubank career portal<\/a>The first step is to carefully review the job requirements to ensure you fit the desired profile. Once you&#039;ve found the ideal position, simply fill out the application form with your personal and professional information.<\/strong><\/p>\n\n\n\n<p>If your profile is selected, you&#039;ll undergo an initial interview, usually conducted remotely, where Nubank recruiters will learn more about you, both professionally and personally. If you&#039;re a good fit, you&#039;ll advance to the technical assessment phase, which may include practical exercises related to the position.<\/p>\n\n\n\n<p>Finally, candidates who make it to the final interviews have the opportunity to interact with Nubank team members and leadership. This phase focuses on assessing cultural fit with the company, as well as specific skills for the position in question.<\/p>\n\n\n\n<h2 class=\"wp-block-heading\">What makes Nubank a great place to work<\/h2>\n\n\n\n<p>Working at Nubank means being part of one of Brazil&#039;s most innovative and admired companies. With offices in S\u00e3o Paulo and technology centers spread across countries like Germany, Mexico, and Colombia, Nubank offers a collaborative and flexible work environment where continuous professional development is a priority.<\/p>\n\n\n\n<p>Furthermore, the company promotes an inclusive and diverse organizational culture, where respect and appreciation of differences are fundamental principles. For those who identify with Nubank&#039;s mission and are ready to contribute to its &quot;purple revolution,&quot; this is a unique opportunity to be part of a team that is redefining the financial market.<\/p>\n\n\n\n<p><strong>If you&#039;re interested in joining the Nubank team and helping build the future of financial services, be sure to visit <a href=\"https:\/\/international.nubank.com.br\">Nubank career portal<\/a> and apply for the vacancy that best fits your profile.<\/strong><\/p>\n\n\n\n<p><strong>See also: <a href=\"https:\/\/www.vagadeempregorj.com.br\/en\/magazine-luiza-opens-more-than-100-job-vacancies-across-the-country\/\">Magazine Luiza opens more than 100 job openings across the country<\/a><\/strong><\/p>\n\n\n\n<p>August 25, 2024<\/p>","protected":false},"excerpt":{"rendered":"<p>O Nubank, uma das maiores fintechs do mundo, est\u00e1 ampliando sua equipe com a contrata\u00e7\u00e3o de novos talentos nas \u00e1reas de Tecnologia da Informa\u00e7\u00e3o (TI) e inova\u00e7\u00e3o. Com uma cultura centrada em oferecer experi\u00eancias excepcionais aos clientes, o Nubank continua a expandir suas opera\u00e7\u00f5es, buscando profissionais que estejam alinhados com sua miss\u00e3o de descomplicar a&hellip;&nbsp;<\/p>","protected":false},"author":16,"featured_media":40413,"comment_status":"closed","ping_status":"closed","sticky":false,"template":"","format":"standard","meta":{"neve_meta_sidebar":"","neve_meta_container":"","neve_meta_enable_content_width":"","neve_meta_content_width":0,"neve_meta_title_alignment":"","neve_meta_author_avatar":"","neve_post_elements_order":"","neve_meta_disable_header":"","neve_meta_disable_footer":"","neve_meta_disable_title":"","footnotes":""},"categories":[123],"tags":[],"class_list":["post-40390","post","type-post","status-publish","format-standard","has-post-thumbnail","hentry","category-vagas-de-emprego-nacionais"],"yoast_head":"<!-- This site is optimized with the Yoast SEO plugin v27.5 - https:\/\/yoast.com\/product\/yoast-seo-wordpress\/ -->\n<title>Nubank contrata profissionais em \u00e1reas de TI e inova\u00e7\u00e3o -<\/title>\n<meta name=\"description\" content=\"Veja em Vagas de Emprego RJ as vagas de emprego com e sem experi\u00eancia no seu Estado e Regi\u00e3o!\" \/>\n<meta name=\"robots\" content=\"index, follow, max-snippet:-1, max-image-preview:large, max-video-preview:-1\" \/>\n<link rel=\"canonical\" href=\"https:\/\/www.vagadeempregorj.com.br\/en\/nubank-is-hiring-professionals-in-it-and-innovation-areas\/\" \/>\n<meta property=\"og:locale\" content=\"en_US\" \/>\n<meta property=\"og:type\" content=\"article\" \/>\n<meta property=\"og:title\" content=\"Nubank contrata profissionais em \u00e1reas de TI e inova\u00e7\u00e3o -\" \/>\n<meta property=\"og:description\" content=\"Veja em Vagas de Emprego RJ as vagas de emprego com e sem experi\u00eancia no seu Estado e Regi\u00e3o!\" \/>\n<meta property=\"og:url\" content=\"https:\/\/www.vagadeempregorj.com.br\/en\/nubank-is-hiring-professionals-in-it-and-innovation-areas\/\" \/>\n<meta property=\"article:publisher\" content=\"https:\/\/www.facebook.com\/empregobrasiloficial\" \/>\n<meta property=\"article:published_time\" content=\"2024-08-25T10:00:00+00:00\" \/>\n<meta property=\"og:image\" content=\"https:\/\/www.vagadeempregorj.com.br\/wp-content\/uploads\/2024\/08\/image-34.png\" \/>\n\t<meta property=\"og:image:width\" content=\"1170\" \/>\n\t<meta property=\"og:image:height\" content=\"780\" \/>\n\t<meta property=\"og:image:type\" content=\"image\/png\" \/>\n<meta name=\"author\" content=\"Michele\" \/>\n<meta name=\"twitter:card\" content=\"summary_large_image\" \/>\n<meta name=\"twitter:label1\" content=\"Written by\" \/>\n\t<meta name=\"twitter:data1\" content=\"Michele\" \/>\n\t<meta name=\"twitter:label2\" content=\"Est. reading time\" \/>\n\t<meta name=\"twitter:data2\" content=\"3 minutes\" \/>\n<script type=\"application\/ld+json\" class=\"yoast-schema-graph\">{\"@context\":\"https:\\\/\\\/schema.org\",\"@graph\":[{\"@type\":\"Article\",\"@id\":\"https:\\\/\\\/www.vagadeempregorj.com.br\\\/nubank-contrata-profissionais-em-areas-de-ti-e-inovacao\\\/#article\",\"isPartOf\":{\"@id\":\"https:\\\/\\\/www.vagadeempregorj.com.br\\\/nubank-contrata-profissionais-em-areas-de-ti-e-inovacao\\\/\"},\"author\":{\"name\":\"Michele\",\"@id\":\"https:\\\/\\\/www.vagadeempregorj.com.br\\\/#\\\/schema\\\/person\\\/3ddb19fa0539706786e502152f3aae95\"},\"headline\":\"Nubank contrata profissionais em \u00e1reas de TI e inova\u00e7\u00e3o\",\"datePublished\":\"2024-08-25T10:00:00+00:00\",\"mainEntityOfPage\":{\"@id\":\"https:\\\/\\\/www.vagadeempregorj.com.br\\\/nubank-contrata-profissionais-em-areas-de-ti-e-inovacao\\\/\"},\"wordCount\":565,\"image\":{\"@id\":\"https:\\\/\\\/www.vagadeempregorj.com.br\\\/nubank-contrata-profissionais-em-areas-de-ti-e-inovacao\\\/#primaryimage\"},\"thumbnailUrl\":\"https:\\\/\\\/www.vagadeempregorj.com.br\\\/wp-content\\\/uploads\\\/2024\\\/08\\\/image-34.png\",\"articleSection\":[\"Vagas de Emprego Nacionais\"],\"inLanguage\":\"en-US\"},{\"@type\":\"WebPage\",\"@id\":\"https:\\\/\\\/www.vagadeempregorj.com.br\\\/nubank-contrata-profissionais-em-areas-de-ti-e-inovacao\\\/\",\"url\":\"https:\\\/\\\/www.vagadeempregorj.com.br\\\/nubank-contrata-profissionais-em-areas-de-ti-e-inovacao\\\/\",\"name\":\"Nubank contrata profissionais em \u00e1reas de TI e inova\u00e7\u00e3o -\",\"isPartOf\":{\"@id\":\"https:\\\/\\\/www.vagadeempregorj.com.br\\\/#website\"},\"primaryImageOfPage\":{\"@id\":\"https:\\\/\\\/www.vagadeempregorj.com.br\\\/nubank-contrata-profissionais-em-areas-de-ti-e-inovacao\\\/#primaryimage\"},\"image\":{\"@id\":\"https:\\\/\\\/www.vagadeempregorj.com.br\\\/nubank-contrata-profissionais-em-areas-de-ti-e-inovacao\\\/#primaryimage\"},\"thumbnailUrl\":\"https:\\\/\\\/www.vagadeempregorj.com.br\\\/wp-content\\\/uploads\\\/2024\\\/08\\\/image-34.png\",\"datePublished\":\"2024-08-25T10:00:00+00:00\",\"author\":{\"@id\":\"https:\\\/\\\/www.vagadeempregorj.com.br\\\/#\\\/schema\\\/person\\\/3ddb19fa0539706786e502152f3aae95\"},\"description\":\"Veja em Vagas de Emprego RJ as vagas de emprego com e sem experi\u00eancia no seu Estado e Regi\u00e3o!\",\"breadcrumb\":{\"@id\":\"https:\\\/\\\/www.vagadeempregorj.com.br\\\/nubank-contrata-profissionais-em-areas-de-ti-e-inovacao\\\/#breadcrumb\"},\"inLanguage\":\"en-US\",\"potentialAction\":[{\"@type\":\"ReadAction\",\"target\":[\"https:\\\/\\\/www.vagadeempregorj.com.br\\\/nubank-contrata-profissionais-em-areas-de-ti-e-inovacao\\\/\"]}]},{\"@type\":\"ImageObject\",\"inLanguage\":\"en-US\",\"@id\":\"https:\\\/\\\/www.vagadeempregorj.com.br\\\/nubank-contrata-profissionais-em-areas-de-ti-e-inovacao\\\/#primaryimage\",\"url\":\"https:\\\/\\\/www.vagadeempregorj.com.br\\\/wp-content\\\/uploads\\\/2024\\\/08\\\/image-34.png\",\"contentUrl\":\"https:\\\/\\\/www.vagadeempregorj.com.br\\\/wp-content\\\/uploads\\\/2024\\\/08\\\/image-34.png\",\"width\":1170,\"height\":780},{\"@type\":\"BreadcrumbList\",\"@id\":\"https:\\\/\\\/www.vagadeempregorj.com.br\\\/nubank-contrata-profissionais-em-areas-de-ti-e-inovacao\\\/#breadcrumb\",\"itemListElement\":[{\"@type\":\"ListItem\",\"position\":1,\"name\":\"In\u00edcio\",\"item\":\"https:\\\/\\\/www.vagadeempregorj.com.br\\\/\"},{\"@type\":\"ListItem\",\"position\":2,\"name\":\"Vagas de Emprego Nacionais\",\"item\":\"https:\\\/\\\/www.vagadeempregorj.com.br\\\/vagas-de-emprego-nacionais\\\/\"},{\"@type\":\"ListItem\",\"position\":3,\"name\":\"Nubank contrata profissionais em \u00e1reas de TI e inova\u00e7\u00e3o\"}]},{\"@type\":\"WebSite\",\"@id\":\"https:\\\/\\\/www.vagadeempregorj.com.br\\\/#website\",\"url\":\"https:\\\/\\\/www.vagadeempregorj.com.br\\\/\",\"name\":\"\",\"description\":\"Conquiste Sonhos: Vagas, Benef\u00edcios e Economia para Transformar Vidas e Alcan\u00e7ar Melhorias Cotidianas\",\"potentialAction\":[{\"@type\":\"SearchAction\",\"target\":{\"@type\":\"EntryPoint\",\"urlTemplate\":\"https:\\\/\\\/www.vagadeempregorj.com.br\\\/?s={search_term_string}\"},\"query-input\":{\"@type\":\"PropertyValueSpecification\",\"valueRequired\":true,\"valueName\":\"search_term_string\"}}],\"inLanguage\":\"en-US\"},{\"@type\":\"Person\",\"@id\":\"https:\\\/\\\/www.vagadeempregorj.com.br\\\/#\\\/schema\\\/person\\\/3ddb19fa0539706786e502152f3aae95\",\"name\":\"Michele\",\"image\":{\"@type\":\"ImageObject\",\"inLanguage\":\"en-US\",\"@id\":\"https:\\\/\\\/secure.gravatar.com\\\/avatar\\\/6b0eb9d22841282815e2cd856a0061c45e1761cd54b22e952d98c4746939aa85?s=96&r=g\",\"url\":\"https:\\\/\\\/secure.gravatar.com\\\/avatar\\\/6b0eb9d22841282815e2cd856a0061c45e1761cd54b22e952d98c4746939aa85?s=96&r=g\",\"contentUrl\":\"https:\\\/\\\/secure.gravatar.com\\\/avatar\\\/6b0eb9d22841282815e2cd856a0061c45e1761cd54b22e952d98c4746939aa85?s=96&r=g\",\"caption\":\"Michele\"},\"description\":\"Formada em Letras - Portugu\u00eas\\\/ Ingl\u00eas, e idealizadora do site Escritora de Sucesso, busca expandir o conhecimento de todos com informa\u00e7\u00f5es relevantes sobre diversos assuntos, enquanto redatora. No Vaga de Emprego RJ, traz oportunidades e dicas sobre o mercado de trabalho.\",\"url\":\"https:\\\/\\\/www.vagadeempregorj.com.br\\\/en\\\/author\\\/michele\\\/\"}]}<\/script>\n<!-- \/ Yoast SEO plugin. -->","yoast_head_json":{"title":"Nubank is hiring professionals in IT and innovation areas.","description":"Check out Job Vacancies in RJ for job openings with and without experience in your state and region!","robots":{"index":"index","follow":"follow","max-snippet":"max-snippet:-1","max-image-preview":"max-image-preview:large","max-video-preview":"max-video-preview:-1"},"canonical":"https:\/\/www.vagadeempregorj.com.br\/en\/nubank-is-hiring-professionals-in-it-and-innovation-areas\/","og_locale":"en_US","og_type":"article","og_title":"Nubank contrata profissionais em \u00e1reas de TI e inova\u00e7\u00e3o -","og_description":"Veja em Vagas de Emprego RJ as vagas de emprego com e sem experi\u00eancia no seu Estado e Regi\u00e3o!","og_url":"https:\/\/www.vagadeempregorj.com.br\/en\/nubank-is-hiring-professionals-in-it-and-innovation-areas\/","article_publisher":"https:\/\/www.facebook.com\/empregobrasiloficial","article_published_time":"2024-08-25T10:00:00+00:00","og_image":[{"width":1170,"height":780,"url":"https:\/\/www.vagadeempregorj.com.br\/wp-content\/uploads\/2024\/08\/image-34.png","type":"image\/png"}],"author":"Michele","twitter_card":"summary_large_image","twitter_misc":{"Written by":"Michele","Est. reading time":"3 minutes"},"schema":{"@context":"https:\/\/schema.org","@graph":[{"@type":"Article","@id":"https:\/\/www.vagadeempregorj.com.br\/nubank-contrata-profissionais-em-areas-de-ti-e-inovacao\/#article","isPartOf":{"@id":"https:\/\/www.vagadeempregorj.com.br\/nubank-contrata-profissionais-em-areas-de-ti-e-inovacao\/"},"author":{"name":"Michele","@id":"https:\/\/www.vagadeempregorj.com.br\/#\/schema\/person\/3ddb19fa0539706786e502152f3aae95"},"headline":"Nubank contrata profissionais em \u00e1reas de TI e inova\u00e7\u00e3o","datePublished":"2024-08-25T10:00:00+00:00","mainEntityOfPage":{"@id":"https:\/\/www.vagadeempregorj.com.br\/nubank-contrata-profissionais-em-areas-de-ti-e-inovacao\/"},"wordCount":565,"image":{"@id":"https:\/\/www.vagadeempregorj.com.br\/nubank-contrata-profissionais-em-areas-de-ti-e-inovacao\/#primaryimage"},"thumbnailUrl":"https:\/\/www.vagadeempregorj.com.br\/wp-content\/uploads\/2024\/08\/image-34.png","articleSection":["Vagas de Emprego Nacionais"],"inLanguage":"en-US"},{"@type":"WebPage","@id":"https:\/\/www.vagadeempregorj.com.br\/nubank-contrata-profissionais-em-areas-de-ti-e-inovacao\/","url":"https:\/\/www.vagadeempregorj.com.br\/nubank-contrata-profissionais-em-areas-de-ti-e-inovacao\/","name":"Nubank is hiring professionals in IT and innovation areas.","isPartOf":{"@id":"https:\/\/www.vagadeempregorj.com.br\/#website"},"primaryImageOfPage":{"@id":"https:\/\/www.vagadeempregorj.com.br\/nubank-contrata-profissionais-em-areas-de-ti-e-inovacao\/#primaryimage"},"image":{"@id":"https:\/\/www.vagadeempregorj.com.br\/nubank-contrata-profissionais-em-areas-de-ti-e-inovacao\/#primaryimage"},"thumbnailUrl":"https:\/\/www.vagadeempregorj.com.br\/wp-content\/uploads\/2024\/08\/image-34.png","datePublished":"2024-08-25T10:00:00+00:00","author":{"@id":"https:\/\/www.vagadeempregorj.com.br\/#\/schema\/person\/3ddb19fa0539706786e502152f3aae95"},"description":"Check out Job Vacancies in RJ for job openings with and without experience in your state and region!","breadcrumb":{"@id":"https:\/\/www.vagadeempregorj.com.br\/nubank-contrata-profissionais-em-areas-de-ti-e-inovacao\/#breadcrumb"},"inLanguage":"en-US","potentialAction":[{"@type":"ReadAction","target":["https:\/\/www.vagadeempregorj.com.br\/nubank-contrata-profissionais-em-areas-de-ti-e-inovacao\/"]}]},{"@type":"ImageObject","inLanguage":"en-US","@id":"https:\/\/www.vagadeempregorj.com.br\/nubank-contrata-profissionais-em-areas-de-ti-e-inovacao\/#primaryimage","url":"https:\/\/www.vagadeempregorj.com.br\/wp-content\/uploads\/2024\/08\/image-34.png","contentUrl":"https:\/\/www.vagadeempregorj.com.br\/wp-content\/uploads\/2024\/08\/image-34.png","width":1170,"height":780},{"@type":"BreadcrumbList","@id":"https:\/\/www.vagadeempregorj.com.br\/nubank-contrata-profissionais-em-areas-de-ti-e-inovacao\/#breadcrumb","itemListElement":[{"@type":"ListItem","position":1,"name":"In\u00edcio","item":"https:\/\/www.vagadeempregorj.com.br\/"},{"@type":"ListItem","position":2,"name":"Vagas de Emprego Nacionais","item":"https:\/\/www.vagadeempregorj.com.br\/vagas-de-emprego-nacionais\/"},{"@type":"ListItem","position":3,"name":"Nubank contrata profissionais em \u00e1reas de TI e inova\u00e7\u00e3o"}]},{"@type":"WebSite","@id":"https:\/\/www.vagadeempregorj.com.br\/#website","url":"https:\/\/www.vagadeempregorj.com.br\/","name":"","description":"Achieve Dreams: Jobs, Benefits, and Savings to Transform Lives and Achieve Everyday Improvements","potentialAction":[{"@type":"SearchAction","target":{"@type":"EntryPoint","urlTemplate":"https:\/\/www.vagadeempregorj.com.br\/?s={search_term_string}"},"query-input":{"@type":"PropertyValueSpecification","valueRequired":true,"valueName":"search_term_string"}}],"inLanguage":"en-US"},{"@type":"Person","@id":"https:\/\/www.vagadeempregorj.com.br\/#\/schema\/person\/3ddb19fa0539706786e502152f3aae95","name":"Michele","image":{"@type":"ImageObject","inLanguage":"en-US","@id":"https:\/\/secure.gravatar.com\/avatar\/6b0eb9d22841282815e2cd856a0061c45e1761cd54b22e952d98c4746939aa85?s=96&r=g","url":"https:\/\/secure.gravatar.com\/avatar\/6b0eb9d22841282815e2cd856a0061c45e1761cd54b22e952d98c4746939aa85?s=96&r=g","contentUrl":"https:\/\/secure.gravatar.com\/avatar\/6b0eb9d22841282815e2cd856a0061c45e1761cd54b22e952d98c4746939aa85?s=96&r=g","caption":"Michele"},"description":"With a degree in Literature (Portuguese\/English), and the creator of the website Escritora de Sucesso, she works as a writer to expand everyone&#039;s knowledge with relevant information on a variety of topics. At Vaga de Emprego RJ, she provides opportunities and tips on the job market.","url":"https:\/\/www.vagadeempregorj.com.br\/en\/author\/michele\/"}]}},"_links":{"self":[{"href":"https:\/\/www.vagadeempregorj.com.br\/en\/wp-json\/wp\/v2\/posts\/40390","targetHints":{"allow":["GET"]}}],"collection":[{"href":"https:\/\/www.vagadeempregorj.com.br\/en\/wp-json\/wp\/v2\/posts"}],"about":[{"href":"https:\/\/www.vagadeempregorj.com.br\/en\/wp-json\/wp\/v2\/types\/post"}],"author":[{"embeddable":true,"href":"https:\/\/www.vagadeempregorj.com.br\/en\/wp-json\/wp\/v2\/users\/16"}],"replies":[{"embeddable":true,"href":"https:\/\/www.vagadeempregorj.com.br\/en\/wp-json\/wp\/v2\/comments?post=40390"}],"version-history":[{"count":0,"href":"https:\/\/www.vagadeempregorj.com.br\/en\/wp-json\/wp\/v2\/posts\/40390\/revisions"}],"wp:featuredmedia":[{"embeddable":true,"href":"https:\/\/www.vagadeempregorj.com.br\/en\/wp-json\/wp\/v2\/media\/40413"}],"wp:attachment":[{"href":"https:\/\/www.vagadeempregorj.com.br\/en\/wp-json\/wp\/v2\/media?parent=40390"}],"wp:term":[{"taxonomy":"category","embeddable":true,"href":"https:\/\/www.vagadeempregorj.com.br\/en\/wp-json\/wp\/v2\/categories?post=40390"},{"taxonomy":"post_tag","embeddable":true,"href":"https:\/\/www.vagadeempregorj.com.br\/en\/wp-json\/wp\/v2\/tags?post=40390"}],"curies":[{"name":"wp","href":"https:\/\/api.w.org\/{rel}","templated":true}]}}