{"id":40398,"date":"2024-08-29T07:00:00","date_gmt":"2024-08-29T10:00:00","guid":{"rendered":"https:\/\/www.vagadeempregorj.com.br\/?p=40398"},"modified":"2024-08-21T10:15:46","modified_gmt":"2024-08-21T13:15:46","slug":"ambev-opens-opportunities-in-production-and-logistics-throughout-brazil","status":"publish","type":"post","link":"https:\/\/www.vagadeempregorj.com.br\/en\/ambev-abre-oportunidades-em-producao-e-logistica-em-todo-o-brasil\/","title":{"rendered":"Ambev opens opportunities in production and logistics throughout Brazil"},"content":{"rendered":"<p>THE <strong>Ambev<\/strong>, Brewery, one of the world&#039;s largest breweries and a major player in the beverage market, is expanding its operations and creating new job opportunities in production and logistics. With a significant presence throughout Brazil, the company seeks talent that can contribute to the growth and efficiency of its operations. If you are looking for a dynamic and challenging career in the beverage sector, this is an excellent opportunity to be part of a renowned company.<\/p>\n\n\n\n<h2 class=\"wp-block-heading\">Available Opportunities<\/h2>\n\n\n\n<p>Ambev has job openings in various roles related to production and logistics. The opportunities cover different levels of experience and responsibilities, allowing professionals at different career stages to apply.<\/p>\n\n\n\n<figure class=\"wp-block-image size-large\"><img loading=\"lazy\" decoding=\"async\" width=\"1024\" height=\"538\" src=\"https:\/\/www.vagadeempregorj.com.br\/wp-content\/uploads\/2024\/08\/image-38-1024x538.png\" alt=\"\" class=\"wp-image-40421\" srcset=\"https:\/\/www.vagadeempregorj.com.br\/wp-content\/uploads\/2024\/08\/image-38-1024x538.png 1024w, https:\/\/www.vagadeempregorj.com.br\/wp-content\/uploads\/2024\/08\/image-38-300x158.png 300w, https:\/\/www.vagadeempregorj.com.br\/wp-content\/uploads\/2024\/08\/image-38-768x403.png 768w, https:\/\/www.vagadeempregorj.com.br\/wp-content\/uploads\/2024\/08\/image-38-150x79.png 150w, https:\/\/www.vagadeempregorj.com.br\/wp-content\/uploads\/2024\/08\/image-38.png 1200w\" sizes=\"auto, (max-width: 1024px) 100vw, 1024px\" \/><\/figure>\n\n\n\n<h3 class=\"wp-block-heading\">Production<\/h3>\n\n\n\n<p>In the production area, Ambev is seeking production operators and supervisors for its manufacturing plants. Operators are responsible for monitoring and adjusting production equipment, ensuring the efficiency and quality of products. Supervisors are responsible for coordinating teams, ensuring compliance with safety and quality standards, and implementing improvements in production processes.<\/p>\n\n\n\n<p>Ideal candidates for these positions should have experience in industrial environments and a solid understanding of production processes. Team management skills and knowledge of quality control systems are highly valued.<\/p>\n\n\n\n<h3 class=\"wp-block-heading\">Logistics<\/h3>\n\n\n\n<p>In the logistics area, Ambev is offering positions for logistics coordinators and analysts. Coordinators are responsible for managing transportation and distribution operations, ensuring that products reach customers efficiently and within established deadlines. Logistics analysts play a crucial role in planning and analyzing logistics processes, seeking to optimize operations and reduce costs.<\/p>\n\n\n\n<p>Professionals interested in logistics positions should have experience in supply chain management, analytical skills, and a good understanding of logistics and distribution practices.<\/p>\n\n\n\n<h2 class=\"wp-block-heading\">How to Apply<\/h2>\n\n\n\n<p>If you wish to apply for a position at Ambev, follow these steps to ensure your application is complete and highlights your qualifications:<\/p>\n\n\n\n<ul class=\"wp-block-list\">\n<li><strong>Research and Preparation:<\/strong> Start by researching available positions and identifying the one that best aligns with your skills and interests. Visit Ambev&#039;s careers page for details on each position and the necessary requirements. Prepare an updated resume and a personalized cover letter, highlighting your experience and skills in production or logistics.<\/li>\n\n\n\n<li><strong>Access the Careers Page:<\/strong> Visit Ambev&#039;s careers website to view available opportunities. Use the search filters to find positions related to production and logistics. The link to the careers page is: <a><strong>Ambev Careers<\/strong><\/a>.<\/li>\n\n\n\n<li><strong>Completing the Registration:<\/strong> Once you&#039;ve found a job that matches your profile, click on it to view the details and application form. Complete all required fields, including personal information, professional experience, and academic background. It&#039;s important to highlight your skills and experience relevant to the position you&#039;re applying for, providing specific examples of your previous accomplishments.<\/li>\n\n\n\n<li><strong>Submitting Documents:<\/strong> Attach your resume and cover letter as instructed in the application form. Ensure these documents are well-prepared and tailored to the specific position. The cover letter should reflect your enthusiasm for the position and how your skills meet Ambev&#039;s needs.<\/li>\n\n\n\n<li><strong>Review and Submission:<\/strong> Before submitting your application, please review all details to ensure all information is correct and all documents are correctly attached. After reviewing, submit your application and wait for confirmation of receipt.<\/li>\n\n\n\n<li><strong>Follow-up:<\/strong> After submitting your application, it is recommended that you monitor its status. Ambev may contact you to schedule interviews or request additional information. Prepare for technical and behavioral interviews, and be ready to discuss your previous experiences and qualifications in the areas of production and logistics.<\/li>\n<\/ul>\n\n\n\n<h2 class=\"wp-block-heading\">Career Prospects<\/h2>\n\n\n\n<p>Working at Ambev offers the opportunity to engage in a dynamic and innovative environment, with the chance to contribute to large-scale operations with a global impact. If you have the necessary experience and are ready to face new challenges, this is an excellent opportunity to advance your career.<\/p>\n\n\n\n<p><strong>See also: <a href=\"https:\/\/www.vagadeempregorj.com.br\/en\/magazine-luiza-opens-more-than-100-job-vacancies-across-the-country\/\">Magazine Luiza opens more than 100 job openings across the country<\/a><\/strong><\/p>\n\n\n\n<p>August 29, 2024<\/p>","protected":false},"excerpt":{"rendered":"<p>A Ambev, uma das maiores cervejarias do mundo e um importante player no mercado de bebidas, est\u00e1 expandindo suas opera\u00e7\u00f5es e criando novas oportunidades de emprego nas \u00e1reas de produ\u00e7\u00e3o e log\u00edstica. Com uma presen\u00e7a significativa em todo o Brasil, a empresa busca talentos que possam contribuir para o crescimento e a efici\u00eancia de suas&hellip;&nbsp;<\/p>","protected":false},"author":16,"featured_media":40421,"comment_status":"closed","ping_status":"closed","sticky":false,"template":"","format":"standard","meta":{"neve_meta_sidebar":"","neve_meta_container":"","neve_meta_enable_content_width":"","neve_meta_content_width":0,"neve_meta_title_alignment":"","neve_meta_author_avatar":"","neve_post_elements_order":"","neve_meta_disable_header":"","neve_meta_disable_footer":"","neve_meta_disable_title":"","footnotes":""},"categories":[123],"tags":[],"class_list":["post-40398","post","type-post","status-publish","format-standard","has-post-thumbnail","hentry","category-vagas-de-emprego-nacionais"],"yoast_head":"<!-- This site is optimized with the Yoast SEO plugin v27.5 - https:\/\/yoast.com\/product\/yoast-seo-wordpress\/ -->\n<title>Ambev abre oportunidades em produ\u00e7\u00e3o e log\u00edstica em todo o Brasil -<\/title>\n<meta name=\"description\" content=\"Veja em Vagas de Emprego RJ as vagas de emprego com e sem experi\u00eancia no seu Estado e Regi\u00e3o!\" \/>\n<meta name=\"robots\" content=\"index, follow, max-snippet:-1, max-image-preview:large, max-video-preview:-1\" \/>\n<link rel=\"canonical\" href=\"https:\/\/www.vagadeempregorj.com.br\/en\/ambev-opens-opportunities-in-production-and-logistics-throughout-brazil\/\" \/>\n<meta property=\"og:locale\" content=\"en_US\" \/>\n<meta property=\"og:type\" content=\"article\" \/>\n<meta property=\"og:title\" content=\"Ambev abre oportunidades em produ\u00e7\u00e3o e log\u00edstica em todo o Brasil -\" \/>\n<meta property=\"og:description\" content=\"Veja em Vagas de Emprego RJ as vagas de emprego com e sem experi\u00eancia no seu Estado e Regi\u00e3o!\" \/>\n<meta property=\"og:url\" content=\"https:\/\/www.vagadeempregorj.com.br\/en\/ambev-opens-opportunities-in-production-and-logistics-throughout-brazil\/\" \/>\n<meta property=\"article:publisher\" content=\"https:\/\/www.facebook.com\/empregobrasiloficial\" \/>\n<meta property=\"article:published_time\" content=\"2024-08-29T10:00:00+00:00\" \/>\n<meta property=\"og:image\" content=\"https:\/\/www.vagadeempregorj.com.br\/wp-content\/uploads\/2024\/08\/image-38.png\" \/>\n\t<meta property=\"og:image:width\" content=\"1200\" \/>\n\t<meta property=\"og:image:height\" content=\"630\" \/>\n\t<meta property=\"og:image:type\" content=\"image\/png\" \/>\n<meta name=\"author\" content=\"Michele\" \/>\n<meta name=\"twitter:card\" content=\"summary_large_image\" \/>\n<meta name=\"twitter:label1\" content=\"Written by\" \/>\n\t<meta name=\"twitter:data1\" content=\"Michele\" \/>\n\t<meta name=\"twitter:label2\" content=\"Est. reading time\" \/>\n\t<meta name=\"twitter:data2\" content=\"4 minutes\" \/>\n<script type=\"application\/ld+json\" class=\"yoast-schema-graph\">{\"@context\":\"https:\\\/\\\/schema.org\",\"@graph\":[{\"@type\":\"Article\",\"@id\":\"https:\\\/\\\/www.vagadeempregorj.com.br\\\/ambev-abre-oportunidades-em-producao-e-logistica-em-todo-o-brasil\\\/#article\",\"isPartOf\":{\"@id\":\"https:\\\/\\\/www.vagadeempregorj.com.br\\\/ambev-abre-oportunidades-em-producao-e-logistica-em-todo-o-brasil\\\/\"},\"author\":{\"name\":\"Michele\",\"@id\":\"https:\\\/\\\/www.vagadeempregorj.com.br\\\/#\\\/schema\\\/person\\\/3ddb19fa0539706786e502152f3aae95\"},\"headline\":\"Ambev abre oportunidades em produ\u00e7\u00e3o e log\u00edstica em todo o Brasil\",\"datePublished\":\"2024-08-29T10:00:00+00:00\",\"mainEntityOfPage\":{\"@id\":\"https:\\\/\\\/www.vagadeempregorj.com.br\\\/ambev-abre-oportunidades-em-producao-e-logistica-em-todo-o-brasil\\\/\"},\"wordCount\":816,\"image\":{\"@id\":\"https:\\\/\\\/www.vagadeempregorj.com.br\\\/ambev-abre-oportunidades-em-producao-e-logistica-em-todo-o-brasil\\\/#primaryimage\"},\"thumbnailUrl\":\"https:\\\/\\\/www.vagadeempregorj.com.br\\\/wp-content\\\/uploads\\\/2024\\\/08\\\/image-38.png\",\"articleSection\":[\"Vagas de Emprego Nacionais\"],\"inLanguage\":\"en-US\"},{\"@type\":\"WebPage\",\"@id\":\"https:\\\/\\\/www.vagadeempregorj.com.br\\\/ambev-abre-oportunidades-em-producao-e-logistica-em-todo-o-brasil\\\/\",\"url\":\"https:\\\/\\\/www.vagadeempregorj.com.br\\\/ambev-abre-oportunidades-em-producao-e-logistica-em-todo-o-brasil\\\/\",\"name\":\"Ambev abre oportunidades em produ\u00e7\u00e3o e log\u00edstica em todo o Brasil -\",\"isPartOf\":{\"@id\":\"https:\\\/\\\/www.vagadeempregorj.com.br\\\/#website\"},\"primaryImageOfPage\":{\"@id\":\"https:\\\/\\\/www.vagadeempregorj.com.br\\\/ambev-abre-oportunidades-em-producao-e-logistica-em-todo-o-brasil\\\/#primaryimage\"},\"image\":{\"@id\":\"https:\\\/\\\/www.vagadeempregorj.com.br\\\/ambev-abre-oportunidades-em-producao-e-logistica-em-todo-o-brasil\\\/#primaryimage\"},\"thumbnailUrl\":\"https:\\\/\\\/www.vagadeempregorj.com.br\\\/wp-content\\\/uploads\\\/2024\\\/08\\\/image-38.png\",\"datePublished\":\"2024-08-29T10:00:00+00:00\",\"author\":{\"@id\":\"https:\\\/\\\/www.vagadeempregorj.com.br\\\/#\\\/schema\\\/person\\\/3ddb19fa0539706786e502152f3aae95\"},\"description\":\"Veja em Vagas de Emprego RJ as vagas de emprego com e sem experi\u00eancia no seu Estado e Regi\u00e3o!\",\"breadcrumb\":{\"@id\":\"https:\\\/\\\/www.vagadeempregorj.com.br\\\/ambev-abre-oportunidades-em-producao-e-logistica-em-todo-o-brasil\\\/#breadcrumb\"},\"inLanguage\":\"en-US\",\"potentialAction\":[{\"@type\":\"ReadAction\",\"target\":[\"https:\\\/\\\/www.vagadeempregorj.com.br\\\/ambev-abre-oportunidades-em-producao-e-logistica-em-todo-o-brasil\\\/\"]}]},{\"@type\":\"ImageObject\",\"inLanguage\":\"en-US\",\"@id\":\"https:\\\/\\\/www.vagadeempregorj.com.br\\\/ambev-abre-oportunidades-em-producao-e-logistica-em-todo-o-brasil\\\/#primaryimage\",\"url\":\"https:\\\/\\\/www.vagadeempregorj.com.br\\\/wp-content\\\/uploads\\\/2024\\\/08\\\/image-38.png\",\"contentUrl\":\"https:\\\/\\\/www.vagadeempregorj.com.br\\\/wp-content\\\/uploads\\\/2024\\\/08\\\/image-38.png\",\"width\":1200,\"height\":630},{\"@type\":\"BreadcrumbList\",\"@id\":\"https:\\\/\\\/www.vagadeempregorj.com.br\\\/ambev-abre-oportunidades-em-producao-e-logistica-em-todo-o-brasil\\\/#breadcrumb\",\"itemListElement\":[{\"@type\":\"ListItem\",\"position\":1,\"name\":\"In\u00edcio\",\"item\":\"https:\\\/\\\/www.vagadeempregorj.com.br\\\/\"},{\"@type\":\"ListItem\",\"position\":2,\"name\":\"Vagas de Emprego Nacionais\",\"item\":\"https:\\\/\\\/www.vagadeempregorj.com.br\\\/vagas-de-emprego-nacionais\\\/\"},{\"@type\":\"ListItem\",\"position\":3,\"name\":\"Ambev abre oportunidades em produ\u00e7\u00e3o e log\u00edstica em todo o Brasil\"}]},{\"@type\":\"WebSite\",\"@id\":\"https:\\\/\\\/www.vagadeempregorj.com.br\\\/#website\",\"url\":\"https:\\\/\\\/www.vagadeempregorj.com.br\\\/\",\"name\":\"\",\"description\":\"Conquiste Sonhos: Vagas, Benef\u00edcios e Economia para Transformar Vidas e Alcan\u00e7ar Melhorias Cotidianas\",\"potentialAction\":[{\"@type\":\"SearchAction\",\"target\":{\"@type\":\"EntryPoint\",\"urlTemplate\":\"https:\\\/\\\/www.vagadeempregorj.com.br\\\/?s={search_term_string}\"},\"query-input\":{\"@type\":\"PropertyValueSpecification\",\"valueRequired\":true,\"valueName\":\"search_term_string\"}}],\"inLanguage\":\"en-US\"},{\"@type\":\"Person\",\"@id\":\"https:\\\/\\\/www.vagadeempregorj.com.br\\\/#\\\/schema\\\/person\\\/3ddb19fa0539706786e502152f3aae95\",\"name\":\"Michele\",\"image\":{\"@type\":\"ImageObject\",\"inLanguage\":\"en-US\",\"@id\":\"https:\\\/\\\/secure.gravatar.com\\\/avatar\\\/6b0eb9d22841282815e2cd856a0061c45e1761cd54b22e952d98c4746939aa85?s=96&r=g\",\"url\":\"https:\\\/\\\/secure.gravatar.com\\\/avatar\\\/6b0eb9d22841282815e2cd856a0061c45e1761cd54b22e952d98c4746939aa85?s=96&r=g\",\"contentUrl\":\"https:\\\/\\\/secure.gravatar.com\\\/avatar\\\/6b0eb9d22841282815e2cd856a0061c45e1761cd54b22e952d98c4746939aa85?s=96&r=g\",\"caption\":\"Michele\"},\"description\":\"Formada em Letras - Portugu\u00eas\\\/ Ingl\u00eas, e idealizadora do site Escritora de Sucesso, busca expandir o conhecimento de todos com informa\u00e7\u00f5es relevantes sobre diversos assuntos, enquanto redatora. No Vaga de Emprego RJ, traz oportunidades e dicas sobre o mercado de trabalho.\",\"url\":\"https:\\\/\\\/www.vagadeempregorj.com.br\\\/en\\\/author\\\/michele\\\/\"}]}<\/script>\n<!-- \/ Yoast SEO plugin. -->","yoast_head_json":{"title":"Ambev opens opportunities in production and logistics throughout Brazil.","description":"Check out Job Vacancies in RJ for job openings with and without experience in your state and region!","robots":{"index":"index","follow":"follow","max-snippet":"max-snippet:-1","max-image-preview":"max-image-preview:large","max-video-preview":"max-video-preview:-1"},"canonical":"https:\/\/www.vagadeempregorj.com.br\/en\/ambev-opens-opportunities-in-production-and-logistics-throughout-brazil\/","og_locale":"en_US","og_type":"article","og_title":"Ambev abre oportunidades em produ\u00e7\u00e3o e log\u00edstica em todo o Brasil -","og_description":"Veja em Vagas de Emprego RJ as vagas de emprego com e sem experi\u00eancia no seu Estado e Regi\u00e3o!","og_url":"https:\/\/www.vagadeempregorj.com.br\/en\/ambev-opens-opportunities-in-production-and-logistics-throughout-brazil\/","article_publisher":"https:\/\/www.facebook.com\/empregobrasiloficial","article_published_time":"2024-08-29T10:00:00+00:00","og_image":[{"width":1200,"height":630,"url":"https:\/\/www.vagadeempregorj.com.br\/wp-content\/uploads\/2024\/08\/image-38.png","type":"image\/png"}],"author":"Michele","twitter_card":"summary_large_image","twitter_misc":{"Written by":"Michele","Est. reading time":"4 minutes"},"schema":{"@context":"https:\/\/schema.org","@graph":[{"@type":"Article","@id":"https:\/\/www.vagadeempregorj.com.br\/ambev-abre-oportunidades-em-producao-e-logistica-em-todo-o-brasil\/#article","isPartOf":{"@id":"https:\/\/www.vagadeempregorj.com.br\/ambev-abre-oportunidades-em-producao-e-logistica-em-todo-o-brasil\/"},"author":{"name":"Michele","@id":"https:\/\/www.vagadeempregorj.com.br\/#\/schema\/person\/3ddb19fa0539706786e502152f3aae95"},"headline":"Ambev abre oportunidades em produ\u00e7\u00e3o e log\u00edstica em todo o Brasil","datePublished":"2024-08-29T10:00:00+00:00","mainEntityOfPage":{"@id":"https:\/\/www.vagadeempregorj.com.br\/ambev-abre-oportunidades-em-producao-e-logistica-em-todo-o-brasil\/"},"wordCount":816,"image":{"@id":"https:\/\/www.vagadeempregorj.com.br\/ambev-abre-oportunidades-em-producao-e-logistica-em-todo-o-brasil\/#primaryimage"},"thumbnailUrl":"https:\/\/www.vagadeempregorj.com.br\/wp-content\/uploads\/2024\/08\/image-38.png","articleSection":["Vagas de Emprego Nacionais"],"inLanguage":"en-US"},{"@type":"WebPage","@id":"https:\/\/www.vagadeempregorj.com.br\/ambev-abre-oportunidades-em-producao-e-logistica-em-todo-o-brasil\/","url":"https:\/\/www.vagadeempregorj.com.br\/ambev-abre-oportunidades-em-producao-e-logistica-em-todo-o-brasil\/","name":"Ambev opens opportunities in production and logistics throughout Brazil.","isPartOf":{"@id":"https:\/\/www.vagadeempregorj.com.br\/#website"},"primaryImageOfPage":{"@id":"https:\/\/www.vagadeempregorj.com.br\/ambev-abre-oportunidades-em-producao-e-logistica-em-todo-o-brasil\/#primaryimage"},"image":{"@id":"https:\/\/www.vagadeempregorj.com.br\/ambev-abre-oportunidades-em-producao-e-logistica-em-todo-o-brasil\/#primaryimage"},"thumbnailUrl":"https:\/\/www.vagadeempregorj.com.br\/wp-content\/uploads\/2024\/08\/image-38.png","datePublished":"2024-08-29T10:00:00+00:00","author":{"@id":"https:\/\/www.vagadeempregorj.com.br\/#\/schema\/person\/3ddb19fa0539706786e502152f3aae95"},"description":"Check out Job Vacancies in RJ for job openings with and without experience in your state and region!","breadcrumb":{"@id":"https:\/\/www.vagadeempregorj.com.br\/ambev-abre-oportunidades-em-producao-e-logistica-em-todo-o-brasil\/#breadcrumb"},"inLanguage":"en-US","potentialAction":[{"@type":"ReadAction","target":["https:\/\/www.vagadeempregorj.com.br\/ambev-abre-oportunidades-em-producao-e-logistica-em-todo-o-brasil\/"]}]},{"@type":"ImageObject","inLanguage":"en-US","@id":"https:\/\/www.vagadeempregorj.com.br\/ambev-abre-oportunidades-em-producao-e-logistica-em-todo-o-brasil\/#primaryimage","url":"https:\/\/www.vagadeempregorj.com.br\/wp-content\/uploads\/2024\/08\/image-38.png","contentUrl":"https:\/\/www.vagadeempregorj.com.br\/wp-content\/uploads\/2024\/08\/image-38.png","width":1200,"height":630},{"@type":"BreadcrumbList","@id":"https:\/\/www.vagadeempregorj.com.br\/ambev-abre-oportunidades-em-producao-e-logistica-em-todo-o-brasil\/#breadcrumb","itemListElement":[{"@type":"ListItem","position":1,"name":"In\u00edcio","item":"https:\/\/www.vagadeempregorj.com.br\/"},{"@type":"ListItem","position":2,"name":"Vagas de Emprego Nacionais","item":"https:\/\/www.vagadeempregorj.com.br\/vagas-de-emprego-nacionais\/"},{"@type":"ListItem","position":3,"name":"Ambev abre oportunidades em produ\u00e7\u00e3o e log\u00edstica em todo o Brasil"}]},{"@type":"WebSite","@id":"https:\/\/www.vagadeempregorj.com.br\/#website","url":"https:\/\/www.vagadeempregorj.com.br\/","name":"","description":"Achieve Dreams: Jobs, Benefits, and Savings to Transform Lives and Achieve Everyday Improvements","potentialAction":[{"@type":"SearchAction","target":{"@type":"EntryPoint","urlTemplate":"https:\/\/www.vagadeempregorj.com.br\/?s={search_term_string}"},"query-input":{"@type":"PropertyValueSpecification","valueRequired":true,"valueName":"search_term_string"}}],"inLanguage":"en-US"},{"@type":"Person","@id":"https:\/\/www.vagadeempregorj.com.br\/#\/schema\/person\/3ddb19fa0539706786e502152f3aae95","name":"Michele","image":{"@type":"ImageObject","inLanguage":"en-US","@id":"https:\/\/secure.gravatar.com\/avatar\/6b0eb9d22841282815e2cd856a0061c45e1761cd54b22e952d98c4746939aa85?s=96&r=g","url":"https:\/\/secure.gravatar.com\/avatar\/6b0eb9d22841282815e2cd856a0061c45e1761cd54b22e952d98c4746939aa85?s=96&r=g","contentUrl":"https:\/\/secure.gravatar.com\/avatar\/6b0eb9d22841282815e2cd856a0061c45e1761cd54b22e952d98c4746939aa85?s=96&r=g","caption":"Michele"},"description":"With a degree in Literature (Portuguese\/English), and the creator of the website Escritora de Sucesso, she works as a writer to expand everyone&#039;s knowledge with relevant information on a variety of topics. At Vaga de Emprego RJ, she provides opportunities and tips on the job market.","url":"https:\/\/www.vagadeempregorj.com.br\/en\/author\/michele\/"}]}},"_links":{"self":[{"href":"https:\/\/www.vagadeempregorj.com.br\/en\/wp-json\/wp\/v2\/posts\/40398","targetHints":{"allow":["GET"]}}],"collection":[{"href":"https:\/\/www.vagadeempregorj.com.br\/en\/wp-json\/wp\/v2\/posts"}],"about":[{"href":"https:\/\/www.vagadeempregorj.com.br\/en\/wp-json\/wp\/v2\/types\/post"}],"author":[{"embeddable":true,"href":"https:\/\/www.vagadeempregorj.com.br\/en\/wp-json\/wp\/v2\/users\/16"}],"replies":[{"embeddable":true,"href":"https:\/\/www.vagadeempregorj.com.br\/en\/wp-json\/wp\/v2\/comments?post=40398"}],"version-history":[{"count":0,"href":"https:\/\/www.vagadeempregorj.com.br\/en\/wp-json\/wp\/v2\/posts\/40398\/revisions"}],"wp:featuredmedia":[{"embeddable":true,"href":"https:\/\/www.vagadeempregorj.com.br\/en\/wp-json\/wp\/v2\/media\/40421"}],"wp:attachment":[{"href":"https:\/\/www.vagadeempregorj.com.br\/en\/wp-json\/wp\/v2\/media?parent=40398"}],"wp:term":[{"taxonomy":"category","embeddable":true,"href":"https:\/\/www.vagadeempregorj.com.br\/en\/wp-json\/wp\/v2\/categories?post=40398"},{"taxonomy":"post_tag","embeddable":true,"href":"https:\/\/www.vagadeempregorj.com.br\/en\/wp-json\/wp\/v2\/tags?post=40398"}],"curies":[{"name":"wp","href":"https:\/\/api.w.org\/{rel}","templated":true}]}}